{"id":77331,"date":"2021-11-25T00:48:47","date_gmt":"2021-11-25T03:48:47","guid":{"rendered":"http:\/\/www.padreydecano.com\/cms\/?p=77331"},"modified":"2021-11-25T09:30:07","modified_gmt":"2021-11-25T12:30:07","slug":"no-se-postergara-la-fecha","status":"publish","type":"post","link":"https:\/\/www.padreydecano.com\/cms\/noticias\/no-se-postergara-la-fecha\/","title":{"rendered":"No se postergar\u00e1 la fecha"},"content":{"rendered":"<p><a href=\"https:\/\/www.padreydecano.com\/cms\/wp-content\/uploads\/2021\/08\/WhatsApp-Image-2021-08-14-at-20.40.57.jpeg\" rel=\"shadowbox[sbpost-77331];player=img;\"><img loading=\"lazy\" decoding=\"async\" class=\"aligncenter size-full wp-image-76670\" src=\"https:\/\/www.padreydecano.com\/cms\/wp-content\/uploads\/2021\/08\/WhatsApp-Image-2021-08-14-at-20.40.57.jpeg\" alt=\"\" width=\"2048\" height=\"1364\" srcset=\"https:\/\/www.padreydecano.com\/cms\/wp-content\/uploads\/2021\/08\/WhatsApp-Image-2021-08-14-at-20.40.57.jpeg 2048w, https:\/\/www.padreydecano.com\/cms\/wp-content\/uploads\/2021\/08\/WhatsApp-Image-2021-08-14-at-20.40.57-600x400.jpeg 600w, https:\/\/www.padreydecano.com\/cms\/wp-content\/uploads\/2021\/08\/WhatsApp-Image-2021-08-14-at-20.40.57-768x512.jpeg 768w, https:\/\/www.padreydecano.com\/cms\/wp-content\/uploads\/2021\/08\/WhatsApp-Image-2021-08-14-at-20.40.57-1024x682.jpeg 1024w\" sizes=\"(max-width: 2048px) 100vw, 2048px\" \/><\/a><\/p>\n<p style=\"text-align: justify;\"><strong>Vergonzosa e incre\u00edblemente no s\u00e9 postergar\u00e1 la fecha 14\u00b0 del Torneo Clausura 2021. A\u00fan no se conoce el fallo del partido entre Cerro Largo y Nacional, correspondiente a la primera jornada del torneo y a\u00fan as\u00ed se sigue jugando. Todo muy amateur.<\/strong><\/p>\n<p style=\"text-align: justify;\">Cada vez el Campeonato Uruguayo 2021 queda m\u00e1s y m\u00e1s manchado. No alcanza con la incre\u00edble cantidad de errores arbitrales que han perjudicado a Pe\u00f1arol a lo largo del a\u00f1o, ni las pol\u00e9micas designaciones en el \u00e1mbito internacional o los dudosos \u00abneutrales\u00bb que ocupan cargos en la AUF. Sino que tambi\u00e9n, sigue sin conocerse el fallo del partido entre Cerro Largo y Nacional, \u00a1cuando hoy comienza la decimocuarta fecha!<\/p>\n<p style=\"text-align: justify;\">Por todav\u00eda no haberse conocido el fallo, Pe\u00f1arol y Cerro Largo presentaron en conjunto una nota para suspender la fecha 14 hasta que salga el mismo. Sin embargo, no se llegaron a los votos necesarios para lograr el p\u00e1rate.<\/p>\n<p style=\"text-align: justify;\"><span style=\"color: #ffcc00;\"><strong>Votos a favor de postergar la fecha:<\/strong><\/span> Pe\u00f1arol, Cerro Largo, Plaza Colonia, Wanderers, Boston River, Sud Am\u00e9rica y F\u00e9nix.<\/p>\n<p style=\"text-align: justify;\"><span style=\"color: #ffcc00;\"><strong>Votos en contra de postergar la fecha:<\/strong><\/span> Nacional, Progreso, Rentistas, Deportivo Maldonado, Montevideo City Torque, Liverpool y Cerrito<strong>*<\/strong>.<\/p>\n<p style=\"text-align: justify;\"><span style=\"color: #ffcc00;\"><strong>Abstenci\u00f3n:<\/strong> <\/span>River Plate.<\/p>\n<p style=\"text-align: justify;\"><span style=\"color: #ffcc00;\"><strong>Ausente:<\/strong><\/span> Villa Espa\u00f1ola.<\/p>\n<p style=\"text-align: justify;\"><strong>*<\/strong>El delegado de Cerrito que vot\u00f3 en contra de la petici\u00f3n del aurinegro fue <strong>Ricardo Rachetti<\/strong>, ex candidato a la presidencia de Pe\u00f1arol y posterior dirigente.<\/p>\n<p style=\"text-align: justify;\">Los equipos del f\u00fatbol uruguayo volver\u00e1n a disputar una nueva fecha sin conocer la realidad de la tabla de posiciones. <strong>Hecho totalmente amateur.<\/strong><\/p>\n<p style=\"text-align: justify;\">Reci\u00e9n ahora se le est\u00e1 dando la importancia al fallo, que lleva 12 jornadas sin conocerse y con total silencio e impunidad. Mientras, la \u00abprensa blanca\u00bb criticaba el accionar carbonero por los errores arbitrales y ped\u00edan que el equipo <strong>\u00abhaga goles\u00bb<\/strong>. C\u00f3mplices.<\/p>\n<p style=\"text-align: justify;\">El decano enfrentar\u00e1 hoy a Progreso, a partir de las 16:30 horas en el Parque Capurro con entradas agotadas. Una vez m\u00e1s,<span style=\"color: #ffcc00;\"> <strong>\u00a1Pe\u00f1arol contra todos!<\/strong><\/span><\/p>\n<div class=\"user-wrapper\"><a class=\"userlink\"href=\"https:\/\/twitter.com\/ftrucce18\" target=\"_blank\"><figure><img decoding=\"async\" src=\"http:\/\/www.padreydecano.com\/cms\/wp-users-files\/postfirmas\/ftrucce.jpg\" \/><\/figure><p class=\"user\"><strong>Franco Trucce<\/strong><br \/>@FTrucce18<\/p><\/a><\/div>\n","protected":false},"excerpt":{"rendered":"<p>Vergonzosa e incre\u00edblemente no s\u00e9 postergar\u00e1 la fecha 14\u00b0 del Torneo Clausura 2021. A\u00fan no se conoce el fallo del partido entre Cerro Largo y Nacional, correspondiente a la primera jornada del torneo y a\u00fan as\u00ed se sigue jugando. Todo muy amateur. Cada vez el Campeonato Uruguayo 2021 queda m\u00e1s y m\u00e1s manchado. No alcanza [&hellip;]<\/p>\n","protected":false},"author":28,"featured_media":76670,"comment_status":"open","ping_status":"closed","sticky":false,"template":"","format":"standard","meta":{"footnotes":""},"categories":[1],"tags":[496],"yoast_head":"<!-- This site is optimized with the Yoast SEO plugin v23.2 - https:\/\/yoast.com\/wordpress\/plugins\/seo\/ -->\n<title>No se postergar\u00e1 la fecha - Padre y Decano - El Sitio del Pueblo<\/title>\n<meta name=\"robots\" content=\"index, follow, max-snippet:-1, max-image-preview:large, max-video-preview:-1\" \/>\n<link rel=\"canonical\" href=\"https:\/\/www.padreydecano.com\/cms\/noticias\/no-se-postergara-la-fecha\/\" \/>\n<meta property=\"og:locale\" content=\"es_ES\" \/>\n<meta property=\"og:type\" content=\"article\" \/>\n<meta property=\"og:title\" content=\"No se postergar\u00e1 la fecha - Padre y Decano - El Sitio del Pueblo\" \/>\n<meta property=\"og:description\" content=\"Vergonzosa e incre\u00edblemente no s\u00e9 postergar\u00e1 la fecha 14\u00b0 del Torneo Clausura 2021. A\u00fan no se conoce el fallo del partido entre Cerro Largo y Nacional, correspondiente a la primera jornada del torneo y a\u00fan as\u00ed se sigue jugando. Todo muy amateur. Cada vez el Campeonato Uruguayo 2021 queda m\u00e1s y m\u00e1s manchado. No alcanza [&hellip;]\" \/>\n<meta property=\"og:url\" content=\"https:\/\/www.padreydecano.com\/cms\/noticias\/no-se-postergara-la-fecha\/\" \/>\n<meta property=\"og:site_name\" content=\"Padre y Decano - El Sitio del Pueblo\" \/>\n<meta property=\"article:published_time\" content=\"2021-11-25T03:48:47+00:00\" \/>\n<meta property=\"article:modified_time\" content=\"2021-11-25T12:30:07+00:00\" \/>\n<meta property=\"og:image\" content=\"https:\/\/www.padreydecano.com\/cms\/wp-content\/uploads\/2021\/08\/WhatsApp-Image-2021-08-14-at-20.40.57.jpeg\" \/>\n\t<meta property=\"og:image:width\" content=\"2048\" \/>\n\t<meta property=\"og:image:height\" content=\"1364\" \/>\n\t<meta property=\"og:image:type\" content=\"image\/jpeg\" \/>\n<meta name=\"author\" content=\"Gonzalo\" \/>\n<meta name=\"twitter:card\" content=\"summary_large_image\" \/>\n<meta name=\"twitter:label1\" content=\"Escrito por\" \/>\n\t<meta name=\"twitter:data1\" content=\"Gonzalo\" \/>\n\t<meta name=\"twitter:label2\" content=\"Tiempo de lectura\" \/>\n\t<meta name=\"twitter:data2\" content=\"2 minutos\" \/>\n<script type=\"application\/ld+json\" class=\"yoast-schema-graph\">{\"@context\":\"https:\/\/schema.org\",\"@graph\":[{\"@type\":\"Article\",\"@id\":\"https:\/\/www.padreydecano.com\/cms\/noticias\/no-se-postergara-la-fecha\/#article\",\"isPartOf\":{\"@id\":\"https:\/\/www.padreydecano.com\/cms\/noticias\/no-se-postergara-la-fecha\/\"},\"author\":{\"name\":\"Gonzalo\",\"@id\":\"https:\/\/www.padreydecano.com\/cms\/#\/schema\/person\/3e2a4cfe3d316ff79509ec21362b322b\"},\"headline\":\"No se postergar\u00e1 la fecha\",\"datePublished\":\"2021-11-25T03:48:47+00:00\",\"dateModified\":\"2021-11-25T12:30:07+00:00\",\"mainEntityOfPage\":{\"@id\":\"https:\/\/www.padreydecano.com\/cms\/noticias\/no-se-postergara-la-fecha\/\"},\"wordCount\":336,\"commentCount\":18,\"publisher\":{\"@id\":\"https:\/\/www.padreydecano.com\/cms\/#organization\"},\"image\":{\"@id\":\"https:\/\/www.padreydecano.com\/cms\/noticias\/no-se-postergara-la-fecha\/#primaryimage\"},\"thumbnailUrl\":\"https:\/\/www.padreydecano.com\/cms\/wp-content\/uploads\/2021\/08\/WhatsApp-Image-2021-08-14-at-20.40.57.jpeg\",\"keywords\":[\"Torneo Clausura 2021\"],\"articleSection\":[\"Noticias\"],\"inLanguage\":\"es\",\"potentialAction\":[{\"@type\":\"CommentAction\",\"name\":\"Comment\",\"target\":[\"https:\/\/www.padreydecano.com\/cms\/noticias\/no-se-postergara-la-fecha\/#respond\"]}]},{\"@type\":\"WebPage\",\"@id\":\"https:\/\/www.padreydecano.com\/cms\/noticias\/no-se-postergara-la-fecha\/\",\"url\":\"https:\/\/www.padreydecano.com\/cms\/noticias\/no-se-postergara-la-fecha\/\",\"name\":\"No se postergar\u00e1 la fecha - Padre y Decano - El Sitio del Pueblo\",\"isPartOf\":{\"@id\":\"https:\/\/www.padreydecano.com\/cms\/#website\"},\"primaryImageOfPage\":{\"@id\":\"https:\/\/www.padreydecano.com\/cms\/noticias\/no-se-postergara-la-fecha\/#primaryimage\"},\"image\":{\"@id\":\"https:\/\/www.padreydecano.com\/cms\/noticias\/no-se-postergara-la-fecha\/#primaryimage\"},\"thumbnailUrl\":\"https:\/\/www.padreydecano.com\/cms\/wp-content\/uploads\/2021\/08\/WhatsApp-Image-2021-08-14-at-20.40.57.jpeg\",\"datePublished\":\"2021-11-25T03:48:47+00:00\",\"dateModified\":\"2021-11-25T12:30:07+00:00\",\"breadcrumb\":{\"@id\":\"https:\/\/www.padreydecano.com\/cms\/noticias\/no-se-postergara-la-fecha\/#breadcrumb\"},\"inLanguage\":\"es\",\"potentialAction\":[{\"@type\":\"ReadAction\",\"target\":[\"https:\/\/www.padreydecano.com\/cms\/noticias\/no-se-postergara-la-fecha\/\"]}]},{\"@type\":\"ImageObject\",\"inLanguage\":\"es\",\"@id\":\"https:\/\/www.padreydecano.com\/cms\/noticias\/no-se-postergara-la-fecha\/#primaryimage\",\"url\":\"https:\/\/www.padreydecano.com\/cms\/wp-content\/uploads\/2021\/08\/WhatsApp-Image-2021-08-14-at-20.40.57.jpeg\",\"contentUrl\":\"https:\/\/www.padreydecano.com\/cms\/wp-content\/uploads\/2021\/08\/WhatsApp-Image-2021-08-14-at-20.40.57.jpeg\",\"width\":2048,\"height\":1364},{\"@type\":\"BreadcrumbList\",\"@id\":\"https:\/\/www.padreydecano.com\/cms\/noticias\/no-se-postergara-la-fecha\/#breadcrumb\",\"itemListElement\":[{\"@type\":\"ListItem\",\"position\":1,\"name\":\"Portada\",\"item\":\"https:\/\/www.padreydecano.com\/cms\/\"},{\"@type\":\"ListItem\",\"position\":2,\"name\":\"No se postergar\u00e1 la fecha\"}]},{\"@type\":\"WebSite\",\"@id\":\"https:\/\/www.padreydecano.com\/cms\/#website\",\"url\":\"https:\/\/www.padreydecano.com\/cms\/\",\"name\":\"Padre y Decano - El Sitio del Pueblo\",\"description\":\"Club Atl\u00e9tico Pe\u00f1arol\",\"publisher\":{\"@id\":\"https:\/\/www.padreydecano.com\/cms\/#organization\"},\"potentialAction\":[{\"@type\":\"SearchAction\",\"target\":{\"@type\":\"EntryPoint\",\"urlTemplate\":\"https:\/\/www.padreydecano.com\/cms\/?s={search_term_string}\"},\"query-input\":\"required name=search_term_string\"}],\"inLanguage\":\"es\"},{\"@type\":\"Organization\",\"@id\":\"https:\/\/www.padreydecano.com\/cms\/#organization\",\"name\":\"Padre y Decano\",\"url\":\"https:\/\/www.padreydecano.com\/cms\/\",\"logo\":{\"@type\":\"ImageObject\",\"inLanguage\":\"es\",\"@id\":\"https:\/\/www.padreydecano.com\/cms\/#\/schema\/logo\/image\/\",\"url\":\"https:\/\/www.padreydecano.com\/cms\/wp-content\/uploads\/2022\/01\/avatar-square.png\",\"contentUrl\":\"https:\/\/www.padreydecano.com\/cms\/wp-content\/uploads\/2022\/01\/avatar-square.png\",\"width\":1500,\"height\":1500,\"caption\":\"Padre y Decano\"},\"image\":{\"@id\":\"https:\/\/www.padreydecano.com\/cms\/#\/schema\/logo\/image\/\"}},{\"@type\":\"Person\",\"@id\":\"https:\/\/www.padreydecano.com\/cms\/#\/schema\/person\/3e2a4cfe3d316ff79509ec21362b322b\",\"name\":\"Gonzalo\",\"image\":{\"@type\":\"ImageObject\",\"inLanguage\":\"es\",\"@id\":\"https:\/\/www.padreydecano.com\/cms\/#\/schema\/person\/image\/\",\"url\":\"https:\/\/www.padreydecano.com\/cms\/wp-content\/uploads\/2022\/12\/escudo1997.jpg\",\"contentUrl\":\"https:\/\/www.padreydecano.com\/cms\/wp-content\/uploads\/2022\/12\/escudo1997.jpg\",\"caption\":\"Gonzalo\"}}]}<\/script>\n<!-- \/ Yoast SEO plugin. -->","yoast_head_json":{"title":"No se postergar\u00e1 la fecha - Padre y Decano - El Sitio del Pueblo","robots":{"index":"index","follow":"follow","max-snippet":"max-snippet:-1","max-image-preview":"max-image-preview:large","max-video-preview":"max-video-preview:-1"},"canonical":"https:\/\/www.padreydecano.com\/cms\/noticias\/no-se-postergara-la-fecha\/","og_locale":"es_ES","og_type":"article","og_title":"No se postergar\u00e1 la fecha - Padre y Decano - El Sitio del Pueblo","og_description":"Vergonzosa e incre\u00edblemente no s\u00e9 postergar\u00e1 la fecha 14\u00b0 del Torneo Clausura 2021. A\u00fan no se conoce el fallo del partido entre Cerro Largo y Nacional, correspondiente a la primera jornada del torneo y a\u00fan as\u00ed se sigue jugando. Todo muy amateur. Cada vez el Campeonato Uruguayo 2021 queda m\u00e1s y m\u00e1s manchado. No alcanza [&hellip;]","og_url":"https:\/\/www.padreydecano.com\/cms\/noticias\/no-se-postergara-la-fecha\/","og_site_name":"Padre y Decano - El Sitio del Pueblo","article_published_time":"2021-11-25T03:48:47+00:00","article_modified_time":"2021-11-25T12:30:07+00:00","og_image":[{"width":2048,"height":1364,"url":"https:\/\/www.padreydecano.com\/cms\/wp-content\/uploads\/2021\/08\/WhatsApp-Image-2021-08-14-at-20.40.57.jpeg","type":"image\/jpeg"}],"author":"Gonzalo","twitter_card":"summary_large_image","twitter_misc":{"Escrito por":"Gonzalo","Tiempo de lectura":"2 minutos"},"schema":{"@context":"https:\/\/schema.org","@graph":[{"@type":"Article","@id":"https:\/\/www.padreydecano.com\/cms\/noticias\/no-se-postergara-la-fecha\/#article","isPartOf":{"@id":"https:\/\/www.padreydecano.com\/cms\/noticias\/no-se-postergara-la-fecha\/"},"author":{"name":"Gonzalo","@id":"https:\/\/www.padreydecano.com\/cms\/#\/schema\/person\/3e2a4cfe3d316ff79509ec21362b322b"},"headline":"No se postergar\u00e1 la fecha","datePublished":"2021-11-25T03:48:47+00:00","dateModified":"2021-11-25T12:30:07+00:00","mainEntityOfPage":{"@id":"https:\/\/www.padreydecano.com\/cms\/noticias\/no-se-postergara-la-fecha\/"},"wordCount":336,"commentCount":18,"publisher":{"@id":"https:\/\/www.padreydecano.com\/cms\/#organization"},"image":{"@id":"https:\/\/www.padreydecano.com\/cms\/noticias\/no-se-postergara-la-fecha\/#primaryimage"},"thumbnailUrl":"https:\/\/www.padreydecano.com\/cms\/wp-content\/uploads\/2021\/08\/WhatsApp-Image-2021-08-14-at-20.40.57.jpeg","keywords":["Torneo Clausura 2021"],"articleSection":["Noticias"],"inLanguage":"es","potentialAction":[{"@type":"CommentAction","name":"Comment","target":["https:\/\/www.padreydecano.com\/cms\/noticias\/no-se-postergara-la-fecha\/#respond"]}]},{"@type":"WebPage","@id":"https:\/\/www.padreydecano.com\/cms\/noticias\/no-se-postergara-la-fecha\/","url":"https:\/\/www.padreydecano.com\/cms\/noticias\/no-se-postergara-la-fecha\/","name":"No se postergar\u00e1 la fecha - Padre y Decano - El Sitio del Pueblo","isPartOf":{"@id":"https:\/\/www.padreydecano.com\/cms\/#website"},"primaryImageOfPage":{"@id":"https:\/\/www.padreydecano.com\/cms\/noticias\/no-se-postergara-la-fecha\/#primaryimage"},"image":{"@id":"https:\/\/www.padreydecano.com\/cms\/noticias\/no-se-postergara-la-fecha\/#primaryimage"},"thumbnailUrl":"https:\/\/www.padreydecano.com\/cms\/wp-content\/uploads\/2021\/08\/WhatsApp-Image-2021-08-14-at-20.40.57.jpeg","datePublished":"2021-11-25T03:48:47+00:00","dateModified":"2021-11-25T12:30:07+00:00","breadcrumb":{"@id":"https:\/\/www.padreydecano.com\/cms\/noticias\/no-se-postergara-la-fecha\/#breadcrumb"},"inLanguage":"es","potentialAction":[{"@type":"ReadAction","target":["https:\/\/www.padreydecano.com\/cms\/noticias\/no-se-postergara-la-fecha\/"]}]},{"@type":"ImageObject","inLanguage":"es","@id":"https:\/\/www.padreydecano.com\/cms\/noticias\/no-se-postergara-la-fecha\/#primaryimage","url":"https:\/\/www.padreydecano.com\/cms\/wp-content\/uploads\/2021\/08\/WhatsApp-Image-2021-08-14-at-20.40.57.jpeg","contentUrl":"https:\/\/www.padreydecano.com\/cms\/wp-content\/uploads\/2021\/08\/WhatsApp-Image-2021-08-14-at-20.40.57.jpeg","width":2048,"height":1364},{"@type":"BreadcrumbList","@id":"https:\/\/www.padreydecano.com\/cms\/noticias\/no-se-postergara-la-fecha\/#breadcrumb","itemListElement":[{"@type":"ListItem","position":1,"name":"Portada","item":"https:\/\/www.padreydecano.com\/cms\/"},{"@type":"ListItem","position":2,"name":"No se postergar\u00e1 la fecha"}]},{"@type":"WebSite","@id":"https:\/\/www.padreydecano.com\/cms\/#website","url":"https:\/\/www.padreydecano.com\/cms\/","name":"Padre y Decano - El Sitio del Pueblo","description":"Club Atl\u00e9tico Pe\u00f1arol","publisher":{"@id":"https:\/\/www.padreydecano.com\/cms\/#organization"},"potentialAction":[{"@type":"SearchAction","target":{"@type":"EntryPoint","urlTemplate":"https:\/\/www.padreydecano.com\/cms\/?s={search_term_string}"},"query-input":"required name=search_term_string"}],"inLanguage":"es"},{"@type":"Organization","@id":"https:\/\/www.padreydecano.com\/cms\/#organization","name":"Padre y Decano","url":"https:\/\/www.padreydecano.com\/cms\/","logo":{"@type":"ImageObject","inLanguage":"es","@id":"https:\/\/www.padreydecano.com\/cms\/#\/schema\/logo\/image\/","url":"https:\/\/www.padreydecano.com\/cms\/wp-content\/uploads\/2022\/01\/avatar-square.png","contentUrl":"https:\/\/www.padreydecano.com\/cms\/wp-content\/uploads\/2022\/01\/avatar-square.png","width":1500,"height":1500,"caption":"Padre y Decano"},"image":{"@id":"https:\/\/www.padreydecano.com\/cms\/#\/schema\/logo\/image\/"}},{"@type":"Person","@id":"https:\/\/www.padreydecano.com\/cms\/#\/schema\/person\/3e2a4cfe3d316ff79509ec21362b322b","name":"Gonzalo","image":{"@type":"ImageObject","inLanguage":"es","@id":"https:\/\/www.padreydecano.com\/cms\/#\/schema\/person\/image\/","url":"https:\/\/www.padreydecano.com\/cms\/wp-content\/uploads\/2022\/12\/escudo1997.jpg","contentUrl":"https:\/\/www.padreydecano.com\/cms\/wp-content\/uploads\/2022\/12\/escudo1997.jpg","caption":"Gonzalo"}}]}},"_links":{"self":[{"href":"https:\/\/www.padreydecano.com\/cms\/wp-json\/wp\/v2\/posts\/77331"}],"collection":[{"href":"https:\/\/www.padreydecano.com\/cms\/wp-json\/wp\/v2\/posts"}],"about":[{"href":"https:\/\/www.padreydecano.com\/cms\/wp-json\/wp\/v2\/types\/post"}],"author":[{"embeddable":true,"href":"https:\/\/www.padreydecano.com\/cms\/wp-json\/wp\/v2\/users\/28"}],"replies":[{"embeddable":true,"href":"https:\/\/www.padreydecano.com\/cms\/wp-json\/wp\/v2\/comments?post=77331"}],"version-history":[{"count":0,"href":"https:\/\/www.padreydecano.com\/cms\/wp-json\/wp\/v2\/posts\/77331\/revisions"}],"wp:featuredmedia":[{"embeddable":true,"href":"https:\/\/www.padreydecano.com\/cms\/wp-json\/wp\/v2\/media\/76670"}],"wp:attachment":[{"href":"https:\/\/www.padreydecano.com\/cms\/wp-json\/wp\/v2\/media?parent=77331"}],"wp:term":[{"taxonomy":"category","embeddable":true,"href":"https:\/\/www.padreydecano.com\/cms\/wp-json\/wp\/v2\/categories?post=77331"},{"taxonomy":"post_tag","embeddable":true,"href":"https:\/\/www.padreydecano.com\/cms\/wp-json\/wp\/v2\/tags?post=77331"}],"curies":[{"name":"wp","href":"https:\/\/api.w.org\/{rel}","templated":true}]}}