{"id":77269,"date":"2021-11-13T22:20:50","date_gmt":"2021-11-14T01:20:50","guid":{"rendered":"http:\/\/www.padreydecano.com\/cms\/?p=77269"},"modified":"2021-11-14T20:27:59","modified_gmt":"2021-11-14T23:27:59","slug":"puntos-vitales","status":"publish","type":"post","link":"https:\/\/www.padreydecano.com\/cms\/noticias\/puntos-vitales\/","title":{"rendered":"Puntos vitales"},"content":{"rendered":"<p><a href=\"https:\/\/www.padreydecano.com\/cms\/wp-content\/uploads\/2021\/11\/Photo_1636330758475.jpg\" rel=\"shadowbox[sbpost-77269];player=img;\"><img loading=\"lazy\" decoding=\"async\" class=\"aligncenter size-full wp-image-77199\" src=\"https:\/\/www.padreydecano.com\/cms\/wp-content\/uploads\/2021\/11\/Photo_1636330758475.jpg\" alt=\"\" width=\"1620\" height=\"1080\" srcset=\"https:\/\/www.padreydecano.com\/cms\/wp-content\/uploads\/2021\/11\/Photo_1636330758475.jpg 1620w, https:\/\/www.padreydecano.com\/cms\/wp-content\/uploads\/2021\/11\/Photo_1636330758475-600x400.jpg 600w, https:\/\/www.padreydecano.com\/cms\/wp-content\/uploads\/2021\/11\/Photo_1636330758475-768x512.jpg 768w, https:\/\/www.padreydecano.com\/cms\/wp-content\/uploads\/2021\/11\/Photo_1636330758475-1024x683.jpg 1024w\" sizes=\"(max-width: 1620px) 100vw, 1620px\" \/><\/a><\/p>\n<p style=\"text-align: justify;\"><strong>Pe\u00f1arol visitar\u00e1 el pr\u00f3ximo domingo a River Plate en el Estadio Saroldi por la decimosegunda fecha del Torneo Clausura. Luego de la victoria por m\u00ednima diferencia ante Liverpool, el Carbonero buscar\u00e1 mantener el liderato de ambas tablas. El partido est\u00e1 marcado para las 16:30 HS e ir\u00e1 televisado por VTV.<\/strong><\/p>\n<p style=\"text-align: justify;\"><strong><span style=\"color: #ffcc00;\">Equipo probable<\/span><\/strong><\/p>\n<p style=\"text-align: justify;\">Si bien a\u00fan no hay equipo confirmado, Pe\u00f1arol contar\u00e1 con las bajas de 4 de sus habituales titulares como lo son Kevin Dawson, Giovanni Gonz\u00e1lez, Facundo Torres y Agust\u00edn \u00c1lvarez Mart\u00ednez.<\/p>\n<p style=\"text-align: justify;\"><strong><span style=\"color: #ffcc00;\">\u00bfC\u00f3mo vienen ambos?<\/span><\/strong><\/p>\n<p style=\"text-align: justify;\">Pe\u00f1arol viene de vencer a Liverpool por 1 a 0. Con el solitario gol de Pablo Ceppelini de penal, el Aurinegro dobleg\u00f3 a su rival en el Estadio Campe\u00f3n del Siglo. Dicho resultado le permiti\u00f3 mantener el primer puesto en ambas tablas.<\/p>\n<p style=\"text-align: justify;\">Por si parte, River Plate cay\u00f3 en la jornada n\u00famero once ante Rentistas. Tambi\u00e9n fue por el mismo marcador. El Darsenero se posiciona en el antepen\u00faltimo lugar de la tabla de posiciones.<\/p>\n<p style=\"text-align: justify;\"><strong><span style=\"color: #ffcc00;\">\u00daltimos 5 antecedentes<\/span><\/strong><\/p>\n<p style=\"text-align: justify;\"><strong>Torneo Clausura 2019:<\/strong> <span style=\"color: #ffcc00;\"><strong>Pe\u00f1arol<\/strong> <\/span>1 \u2013 0 River Plate<\/p>\n<p style=\"text-align: justify;\"><strong>Torneo Apertura 2020:<\/strong> River Plate 0 \u2013 0 <strong><span style=\"color: #ffcc00;\">Pe\u00f1arol<\/span><\/strong><\/p>\n<p style=\"text-align: justify;\"><strong>Torneo Intermedio 2020:<\/strong> <strong><span style=\"color: #ffcc00;\">Pe\u00f1arol<\/span> <\/strong>1 \u2013 2 River Plate<\/p>\n<p style=\"text-align: justify;\"><strong>Torneo Clausura 2020:<\/strong> <strong><span style=\"color: #ffcc00;\">Pe\u00f1arol<\/span> <\/strong>2 \u2013 0 River Plate<\/p>\n<p style=\"text-align: justify;\"><strong>Torneo Apertura 2021:<\/strong> <strong><span style=\"color: #ffcc00;\">Pe\u00f1arol<\/span> <\/strong>2 &#8211; 0 River Plate<\/p>\n<p style=\"text-align: justify;\"><span style=\"color: #ffcc00;\"><strong>\u00c1rbitros<\/strong><\/span><\/p>\n<p style=\"text-align: justify;\">Andr\u00e9s Matonte ser\u00e1 el \u00e1rbitro principal del encuentro a disputarse el pr\u00f3ximo domingo. Santiago Fern\u00e1ndez y Gustavo Lisboa fueron designados los lindas del encuentro. Fernando Falce ser\u00e1 el cuarto \u00e1rbitro.<\/p>\n<p style=\"text-align: justify;\"><span style=\"color: #ffcc00;\"><strong>Lo que se viene<\/strong><\/span><\/p>\n<p style=\"text-align: justify;\">Entramos en la recta final del campeonato. Pe\u00f1arol recibir\u00e1 a Cerro Largo en el Estadio Campe\u00f3n del Siglo. El partido est\u00e1 pactado para el viernes 19\/11 a las 21:45 HS.<\/p>\n<p style=\"text-align: justify;\"><div class=\"user-wrapper\"><a class=\"userlink\" href=\"https:\/\/twitter.com\/mathiaastilve\" target=\"_blank\"><figure><img decoding=\"async\" src=\"http:\/\/www.padreydecano.com\/cms\/wp-users-files\/postfirmas\/mathiastilve.jpg\" \/><\/figure><p class=\"user\"><strong>Mathias Tilve<\/strong><br \/>@mathiaastilve<\/p><\/a><\/div><\/p>\n","protected":false},"excerpt":{"rendered":"<p>Pe\u00f1arol visitar\u00e1 el pr\u00f3ximo domingo a River Plate en el Estadio Saroldi por la decimosegunda fecha del Torneo Clausura. Luego de la victoria por m\u00ednima diferencia ante Liverpool, el Carbonero buscar\u00e1 mantener el liderato de ambas tablas. El partido est\u00e1 marcado para las 16:30 HS e ir\u00e1 televisado por VTV. Equipo probable Si bien a\u00fan [&hellip;]<\/p>\n","protected":false},"author":30,"featured_media":77199,"comment_status":"open","ping_status":"closed","sticky":false,"template":"","format":"standard","meta":{"footnotes":""},"categories":[1],"tags":[496],"yoast_head":"<!-- This site is optimized with the Yoast SEO plugin v23.2 - https:\/\/yoast.com\/wordpress\/plugins\/seo\/ -->\n<title>Puntos vitales - Padre y Decano - El Sitio del Pueblo<\/title>\n<meta name=\"robots\" content=\"index, follow, max-snippet:-1, max-image-preview:large, max-video-preview:-1\" \/>\n<link rel=\"canonical\" href=\"https:\/\/www.padreydecano.com\/cms\/noticias\/puntos-vitales\/\" \/>\n<meta property=\"og:locale\" content=\"es_ES\" \/>\n<meta property=\"og:type\" content=\"article\" \/>\n<meta property=\"og:title\" content=\"Puntos vitales - Padre y Decano - El Sitio del Pueblo\" \/>\n<meta property=\"og:description\" content=\"Pe\u00f1arol visitar\u00e1 el pr\u00f3ximo domingo a River Plate en el Estadio Saroldi por la decimosegunda fecha del Torneo Clausura. Luego de la victoria por m\u00ednima diferencia ante Liverpool, el Carbonero buscar\u00e1 mantener el liderato de ambas tablas. El partido est\u00e1 marcado para las 16:30 HS e ir\u00e1 televisado por VTV. Equipo probable Si bien a\u00fan [&hellip;]\" \/>\n<meta property=\"og:url\" content=\"https:\/\/www.padreydecano.com\/cms\/noticias\/puntos-vitales\/\" \/>\n<meta property=\"og:site_name\" content=\"Padre y Decano - El Sitio del Pueblo\" \/>\n<meta property=\"article:published_time\" content=\"2021-11-14T01:20:50+00:00\" \/>\n<meta property=\"article:modified_time\" content=\"2021-11-14T23:27:59+00:00\" \/>\n<meta property=\"og:image\" content=\"https:\/\/www.padreydecano.com\/cms\/wp-content\/uploads\/2021\/11\/Photo_1636330758475.jpg\" \/>\n\t<meta property=\"og:image:width\" content=\"1620\" \/>\n\t<meta property=\"og:image:height\" content=\"1080\" \/>\n\t<meta property=\"og:image:type\" content=\"image\/jpeg\" \/>\n<meta name=\"author\" content=\"Udelar\" \/>\n<meta name=\"twitter:card\" content=\"summary_large_image\" \/>\n<meta name=\"twitter:label1\" content=\"Escrito por\" \/>\n\t<meta name=\"twitter:data1\" content=\"Udelar\" \/>\n\t<meta name=\"twitter:label2\" content=\"Tiempo de lectura\" \/>\n\t<meta name=\"twitter:data2\" content=\"1 minuto\" \/>\n<script type=\"application\/ld+json\" class=\"yoast-schema-graph\">{\"@context\":\"https:\/\/schema.org\",\"@graph\":[{\"@type\":\"Article\",\"@id\":\"https:\/\/www.padreydecano.com\/cms\/noticias\/puntos-vitales\/#article\",\"isPartOf\":{\"@id\":\"https:\/\/www.padreydecano.com\/cms\/noticias\/puntos-vitales\/\"},\"author\":{\"name\":\"Udelar\",\"@id\":\"https:\/\/www.padreydecano.com\/cms\/#\/schema\/person\/b22191326be6d1c7fa55c2ad137a9a32\"},\"headline\":\"Puntos vitales\",\"datePublished\":\"2021-11-14T01:20:50+00:00\",\"dateModified\":\"2021-11-14T23:27:59+00:00\",\"mainEntityOfPage\":{\"@id\":\"https:\/\/www.padreydecano.com\/cms\/noticias\/puntos-vitales\/\"},\"wordCount\":274,\"commentCount\":18,\"publisher\":{\"@id\":\"https:\/\/www.padreydecano.com\/cms\/#organization\"},\"image\":{\"@id\":\"https:\/\/www.padreydecano.com\/cms\/noticias\/puntos-vitales\/#primaryimage\"},\"thumbnailUrl\":\"https:\/\/www.padreydecano.com\/cms\/wp-content\/uploads\/2021\/11\/Photo_1636330758475.jpg\",\"keywords\":[\"Torneo Clausura 2021\"],\"articleSection\":[\"Noticias\"],\"inLanguage\":\"es\",\"potentialAction\":[{\"@type\":\"CommentAction\",\"name\":\"Comment\",\"target\":[\"https:\/\/www.padreydecano.com\/cms\/noticias\/puntos-vitales\/#respond\"]}]},{\"@type\":\"WebPage\",\"@id\":\"https:\/\/www.padreydecano.com\/cms\/noticias\/puntos-vitales\/\",\"url\":\"https:\/\/www.padreydecano.com\/cms\/noticias\/puntos-vitales\/\",\"name\":\"Puntos vitales - Padre y Decano - El Sitio del Pueblo\",\"isPartOf\":{\"@id\":\"https:\/\/www.padreydecano.com\/cms\/#website\"},\"primaryImageOfPage\":{\"@id\":\"https:\/\/www.padreydecano.com\/cms\/noticias\/puntos-vitales\/#primaryimage\"},\"image\":{\"@id\":\"https:\/\/www.padreydecano.com\/cms\/noticias\/puntos-vitales\/#primaryimage\"},\"thumbnailUrl\":\"https:\/\/www.padreydecano.com\/cms\/wp-content\/uploads\/2021\/11\/Photo_1636330758475.jpg\",\"datePublished\":\"2021-11-14T01:20:50+00:00\",\"dateModified\":\"2021-11-14T23:27:59+00:00\",\"breadcrumb\":{\"@id\":\"https:\/\/www.padreydecano.com\/cms\/noticias\/puntos-vitales\/#breadcrumb\"},\"inLanguage\":\"es\",\"potentialAction\":[{\"@type\":\"ReadAction\",\"target\":[\"https:\/\/www.padreydecano.com\/cms\/noticias\/puntos-vitales\/\"]}]},{\"@type\":\"ImageObject\",\"inLanguage\":\"es\",\"@id\":\"https:\/\/www.padreydecano.com\/cms\/noticias\/puntos-vitales\/#primaryimage\",\"url\":\"https:\/\/www.padreydecano.com\/cms\/wp-content\/uploads\/2021\/11\/Photo_1636330758475.jpg\",\"contentUrl\":\"https:\/\/www.padreydecano.com\/cms\/wp-content\/uploads\/2021\/11\/Photo_1636330758475.jpg\",\"width\":1620,\"height\":1080},{\"@type\":\"BreadcrumbList\",\"@id\":\"https:\/\/www.padreydecano.com\/cms\/noticias\/puntos-vitales\/#breadcrumb\",\"itemListElement\":[{\"@type\":\"ListItem\",\"position\":1,\"name\":\"Portada\",\"item\":\"https:\/\/www.padreydecano.com\/cms\/\"},{\"@type\":\"ListItem\",\"position\":2,\"name\":\"Puntos vitales\"}]},{\"@type\":\"WebSite\",\"@id\":\"https:\/\/www.padreydecano.com\/cms\/#website\",\"url\":\"https:\/\/www.padreydecano.com\/cms\/\",\"name\":\"Padre y Decano - El Sitio del Pueblo\",\"description\":\"Club Atl\u00e9tico Pe\u00f1arol\",\"publisher\":{\"@id\":\"https:\/\/www.padreydecano.com\/cms\/#organization\"},\"potentialAction\":[{\"@type\":\"SearchAction\",\"target\":{\"@type\":\"EntryPoint\",\"urlTemplate\":\"https:\/\/www.padreydecano.com\/cms\/?s={search_term_string}\"},\"query-input\":\"required name=search_term_string\"}],\"inLanguage\":\"es\"},{\"@type\":\"Organization\",\"@id\":\"https:\/\/www.padreydecano.com\/cms\/#organization\",\"name\":\"Padre y Decano\",\"url\":\"https:\/\/www.padreydecano.com\/cms\/\",\"logo\":{\"@type\":\"ImageObject\",\"inLanguage\":\"es\",\"@id\":\"https:\/\/www.padreydecano.com\/cms\/#\/schema\/logo\/image\/\",\"url\":\"https:\/\/www.padreydecano.com\/cms\/wp-content\/uploads\/2022\/01\/avatar-square.png\",\"contentUrl\":\"https:\/\/www.padreydecano.com\/cms\/wp-content\/uploads\/2022\/01\/avatar-square.png\",\"width\":1500,\"height\":1500,\"caption\":\"Padre y Decano\"},\"image\":{\"@id\":\"https:\/\/www.padreydecano.com\/cms\/#\/schema\/logo\/image\/\"}},{\"@type\":\"Person\",\"@id\":\"https:\/\/www.padreydecano.com\/cms\/#\/schema\/person\/b22191326be6d1c7fa55c2ad137a9a32\",\"name\":\"Udelar\",\"image\":{\"@type\":\"ImageObject\",\"inLanguage\":\"es\",\"@id\":\"https:\/\/www.padreydecano.com\/cms\/#\/schema\/person\/image\/\",\"url\":\"https:\/\/secure.gravatar.com\/avatar\/611ece663b16897a2cd2f46982281225?s=96&d=https%3A%2F%2Fpadreydecano.com%2Fcms%2Fwp-content%2Fthemes%2Fpyd-theme%2Fimg%2Fdefault-avatar.png&r=g\",\"contentUrl\":\"https:\/\/secure.gravatar.com\/avatar\/611ece663b16897a2cd2f46982281225?s=96&d=https%3A%2F%2Fpadreydecano.com%2Fcms%2Fwp-content%2Fthemes%2Fpyd-theme%2Fimg%2Fdefault-avatar.png&r=g\",\"caption\":\"Udelar\"}}]}<\/script>\n<!-- \/ Yoast SEO plugin. -->","yoast_head_json":{"title":"Puntos vitales - Padre y Decano - El Sitio del Pueblo","robots":{"index":"index","follow":"follow","max-snippet":"max-snippet:-1","max-image-preview":"max-image-preview:large","max-video-preview":"max-video-preview:-1"},"canonical":"https:\/\/www.padreydecano.com\/cms\/noticias\/puntos-vitales\/","og_locale":"es_ES","og_type":"article","og_title":"Puntos vitales - Padre y Decano - El Sitio del Pueblo","og_description":"Pe\u00f1arol visitar\u00e1 el pr\u00f3ximo domingo a River Plate en el Estadio Saroldi por la decimosegunda fecha del Torneo Clausura. Luego de la victoria por m\u00ednima diferencia ante Liverpool, el Carbonero buscar\u00e1 mantener el liderato de ambas tablas. El partido est\u00e1 marcado para las 16:30 HS e ir\u00e1 televisado por VTV. Equipo probable Si bien a\u00fan [&hellip;]","og_url":"https:\/\/www.padreydecano.com\/cms\/noticias\/puntos-vitales\/","og_site_name":"Padre y Decano - El Sitio del Pueblo","article_published_time":"2021-11-14T01:20:50+00:00","article_modified_time":"2021-11-14T23:27:59+00:00","og_image":[{"width":1620,"height":1080,"url":"https:\/\/www.padreydecano.com\/cms\/wp-content\/uploads\/2021\/11\/Photo_1636330758475.jpg","type":"image\/jpeg"}],"author":"Udelar","twitter_card":"summary_large_image","twitter_misc":{"Escrito por":"Udelar","Tiempo de lectura":"1 minuto"},"schema":{"@context":"https:\/\/schema.org","@graph":[{"@type":"Article","@id":"https:\/\/www.padreydecano.com\/cms\/noticias\/puntos-vitales\/#article","isPartOf":{"@id":"https:\/\/www.padreydecano.com\/cms\/noticias\/puntos-vitales\/"},"author":{"name":"Udelar","@id":"https:\/\/www.padreydecano.com\/cms\/#\/schema\/person\/b22191326be6d1c7fa55c2ad137a9a32"},"headline":"Puntos vitales","datePublished":"2021-11-14T01:20:50+00:00","dateModified":"2021-11-14T23:27:59+00:00","mainEntityOfPage":{"@id":"https:\/\/www.padreydecano.com\/cms\/noticias\/puntos-vitales\/"},"wordCount":274,"commentCount":18,"publisher":{"@id":"https:\/\/www.padreydecano.com\/cms\/#organization"},"image":{"@id":"https:\/\/www.padreydecano.com\/cms\/noticias\/puntos-vitales\/#primaryimage"},"thumbnailUrl":"https:\/\/www.padreydecano.com\/cms\/wp-content\/uploads\/2021\/11\/Photo_1636330758475.jpg","keywords":["Torneo Clausura 2021"],"articleSection":["Noticias"],"inLanguage":"es","potentialAction":[{"@type":"CommentAction","name":"Comment","target":["https:\/\/www.padreydecano.com\/cms\/noticias\/puntos-vitales\/#respond"]}]},{"@type":"WebPage","@id":"https:\/\/www.padreydecano.com\/cms\/noticias\/puntos-vitales\/","url":"https:\/\/www.padreydecano.com\/cms\/noticias\/puntos-vitales\/","name":"Puntos vitales - Padre y Decano - El Sitio del Pueblo","isPartOf":{"@id":"https:\/\/www.padreydecano.com\/cms\/#website"},"primaryImageOfPage":{"@id":"https:\/\/www.padreydecano.com\/cms\/noticias\/puntos-vitales\/#primaryimage"},"image":{"@id":"https:\/\/www.padreydecano.com\/cms\/noticias\/puntos-vitales\/#primaryimage"},"thumbnailUrl":"https:\/\/www.padreydecano.com\/cms\/wp-content\/uploads\/2021\/11\/Photo_1636330758475.jpg","datePublished":"2021-11-14T01:20:50+00:00","dateModified":"2021-11-14T23:27:59+00:00","breadcrumb":{"@id":"https:\/\/www.padreydecano.com\/cms\/noticias\/puntos-vitales\/#breadcrumb"},"inLanguage":"es","potentialAction":[{"@type":"ReadAction","target":["https:\/\/www.padreydecano.com\/cms\/noticias\/puntos-vitales\/"]}]},{"@type":"ImageObject","inLanguage":"es","@id":"https:\/\/www.padreydecano.com\/cms\/noticias\/puntos-vitales\/#primaryimage","url":"https:\/\/www.padreydecano.com\/cms\/wp-content\/uploads\/2021\/11\/Photo_1636330758475.jpg","contentUrl":"https:\/\/www.padreydecano.com\/cms\/wp-content\/uploads\/2021\/11\/Photo_1636330758475.jpg","width":1620,"height":1080},{"@type":"BreadcrumbList","@id":"https:\/\/www.padreydecano.com\/cms\/noticias\/puntos-vitales\/#breadcrumb","itemListElement":[{"@type":"ListItem","position":1,"name":"Portada","item":"https:\/\/www.padreydecano.com\/cms\/"},{"@type":"ListItem","position":2,"name":"Puntos vitales"}]},{"@type":"WebSite","@id":"https:\/\/www.padreydecano.com\/cms\/#website","url":"https:\/\/www.padreydecano.com\/cms\/","name":"Padre y Decano - El Sitio del Pueblo","description":"Club Atl\u00e9tico Pe\u00f1arol","publisher":{"@id":"https:\/\/www.padreydecano.com\/cms\/#organization"},"potentialAction":[{"@type":"SearchAction","target":{"@type":"EntryPoint","urlTemplate":"https:\/\/www.padreydecano.com\/cms\/?s={search_term_string}"},"query-input":"required name=search_term_string"}],"inLanguage":"es"},{"@type":"Organization","@id":"https:\/\/www.padreydecano.com\/cms\/#organization","name":"Padre y Decano","url":"https:\/\/www.padreydecano.com\/cms\/","logo":{"@type":"ImageObject","inLanguage":"es","@id":"https:\/\/www.padreydecano.com\/cms\/#\/schema\/logo\/image\/","url":"https:\/\/www.padreydecano.com\/cms\/wp-content\/uploads\/2022\/01\/avatar-square.png","contentUrl":"https:\/\/www.padreydecano.com\/cms\/wp-content\/uploads\/2022\/01\/avatar-square.png","width":1500,"height":1500,"caption":"Padre y Decano"},"image":{"@id":"https:\/\/www.padreydecano.com\/cms\/#\/schema\/logo\/image\/"}},{"@type":"Person","@id":"https:\/\/www.padreydecano.com\/cms\/#\/schema\/person\/b22191326be6d1c7fa55c2ad137a9a32","name":"Udelar","image":{"@type":"ImageObject","inLanguage":"es","@id":"https:\/\/www.padreydecano.com\/cms\/#\/schema\/person\/image\/","url":"https:\/\/secure.gravatar.com\/avatar\/611ece663b16897a2cd2f46982281225?s=96&d=https%3A%2F%2Fpadreydecano.com%2Fcms%2Fwp-content%2Fthemes%2Fpyd-theme%2Fimg%2Fdefault-avatar.png&r=g","contentUrl":"https:\/\/secure.gravatar.com\/avatar\/611ece663b16897a2cd2f46982281225?s=96&d=https%3A%2F%2Fpadreydecano.com%2Fcms%2Fwp-content%2Fthemes%2Fpyd-theme%2Fimg%2Fdefault-avatar.png&r=g","caption":"Udelar"}}]}},"_links":{"self":[{"href":"https:\/\/www.padreydecano.com\/cms\/wp-json\/wp\/v2\/posts\/77269"}],"collection":[{"href":"https:\/\/www.padreydecano.com\/cms\/wp-json\/wp\/v2\/posts"}],"about":[{"href":"https:\/\/www.padreydecano.com\/cms\/wp-json\/wp\/v2\/types\/post"}],"author":[{"embeddable":true,"href":"https:\/\/www.padreydecano.com\/cms\/wp-json\/wp\/v2\/users\/30"}],"replies":[{"embeddable":true,"href":"https:\/\/www.padreydecano.com\/cms\/wp-json\/wp\/v2\/comments?post=77269"}],"version-history":[{"count":0,"href":"https:\/\/www.padreydecano.com\/cms\/wp-json\/wp\/v2\/posts\/77269\/revisions"}],"wp:featuredmedia":[{"embeddable":true,"href":"https:\/\/www.padreydecano.com\/cms\/wp-json\/wp\/v2\/media\/77199"}],"wp:attachment":[{"href":"https:\/\/www.padreydecano.com\/cms\/wp-json\/wp\/v2\/media?parent=77269"}],"wp:term":[{"taxonomy":"category","embeddable":true,"href":"https:\/\/www.padreydecano.com\/cms\/wp-json\/wp\/v2\/categories?post=77269"},{"taxonomy":"post_tag","embeddable":true,"href":"https:\/\/www.padreydecano.com\/cms\/wp-json\/wp\/v2\/tags?post=77269"}],"curies":[{"name":"wp","href":"https:\/\/api.w.org\/{rel}","templated":true}]}}