{"id":77262,"date":"2021-11-13T15:08:37","date_gmt":"2021-11-13T18:08:37","guid":{"rendered":"http:\/\/www.padreydecano.com\/cms\/?p=77262"},"modified":"2021-11-14T20:28:10","modified_gmt":"2021-11-14T23:28:10","slug":"penarol-es-futbol","status":"publish","type":"post","link":"https:\/\/www.padreydecano.com\/cms\/noticias\/penarol-es-futbol\/","title":{"rendered":"Pe\u00f1arol es f\u00fatbol"},"content":{"rendered":"<p><a href=\"https:\/\/www.padreydecano.com\/cms\/wp-content\/uploads\/2021\/11\/FEF6H8VWYAQceAF.jpg\" rel=\"shadowbox[sbpost-77262];player=img;\"><img loading=\"lazy\" decoding=\"async\" class=\"aligncenter size-large wp-image-77268\" src=\"https:\/\/www.padreydecano.com\/cms\/wp-content\/uploads\/2021\/11\/FEF6H8VWYAQceAF-1024x541.jpg\" alt=\"\" width=\"620\" height=\"328\" srcset=\"https:\/\/www.padreydecano.com\/cms\/wp-content\/uploads\/2021\/11\/FEF6H8VWYAQceAF-1024x541.jpg 1024w, https:\/\/www.padreydecano.com\/cms\/wp-content\/uploads\/2021\/11\/FEF6H8VWYAQceAF-600x317.jpg 600w, https:\/\/www.padreydecano.com\/cms\/wp-content\/uploads\/2021\/11\/FEF6H8VWYAQceAF-768x405.jpg 768w, https:\/\/www.padreydecano.com\/cms\/wp-content\/uploads\/2021\/11\/FEF6H8VWYAQceAF.jpg 2048w\" sizes=\"(max-width: 620px) 100vw, 620px\" \/><\/a><\/p>\n<p style=\"text-align: justify;\"><strong>Pel\u00e9, Diego Maradona, Ronaldo, Carlos Valderrama, Griezmann, Lionel Messi y tantos otros astros que han posado con la aurinegra.<\/strong><\/p>\n<p style=\"text-align: justify;\">A lo largo de la gloriosa historia del decano del f\u00fatbol uruguayo y campe\u00f3n del siglo, varios jugadores de talla mundial han jugado con la camiseta de Pe\u00f1arol, ya sea dejando huella o con un pasaje sin grandes destaques. Desde el inicio de la instituci\u00f3n, el equipo es coraje y sacrificio, pero tambi\u00e9n f\u00fatbol.<\/p>\n<p style=\"text-align: justify;\">Es que es tanta la grandeza de Pe\u00f1arol, que casi la totalidad del plantel de Uruguay campe\u00f3n del mundo en la haza\u00f1a de 1950 eran carboneros (entre otros Juan Alberto Schiaffino, mejor jugador de la historia del f\u00fatbol uruguayo), y que en sus filas han pasado los 3 m\u00e1ximos goleadores de la historia de la Copa Libertadores: Alberto Spencer (mejor jugador de la historia de Ecuador), Fernando Morena y Pedro Rocha, adem\u00e1s Morena tambi\u00e9n es el m\u00e1ximo goleador del f\u00fatbol uruguayo. Sumado al mejor arquero de la historia del pa\u00eds, como fue Ladislao Mazurkiewicz, y el m\u00e1s ganador Roque Maspoli y tantos otros jugadores hist\u00f3ricos.<\/p>\n<p style=\"text-align: justify;\">Sin dejar pasar a hist\u00f3ricos mundiales que pudieron darse el lujo de jugar en el decano: El\u00edas Figueroa, Jos\u00e9 Luis Chilavert (mejores jugadores de la historia de Chile y Paraguay respectivamente), Juan Joya, Diego Forl\u00e1n, Maximiliano Rodr\u00edguez, Santiago Solari, Carlos Aguilera, entre tantas estrellas internacionales.<\/p>\n<p style=\"text-align: justify;\">En el cargo de director t\u00e9cnico Pe\u00f1arol tambi\u00e9n tuvo a estrellas mundiales, como el caso de Luis Menotti, Bela Gutmann, \u00d3scar Washington Tab\u00e1rez y Ljupko Petrovi\u0107.<\/p>\n<p style=\"text-align: justify;\">Pero tambi\u00e9n, no hay que ignorar que leyendas del deporte han posado, visitado instalaciones o incluso tienen historia con Pe\u00f1arol. Hoy en Padre y Decano repasaremos im\u00e1genes de grandes leyendas del f\u00fatbol y campeones del mundo y su momento Pe\u00f1arol.<\/p>\n<p style=\"text-align: justify;\"><span style=\"color: #ffcc00;\"><strong>Pel\u00e9<\/strong><\/span><\/p>\n<p style=\"text-align: justify;\"><span style=\"color: #ffcc00;\"><strong><a href=\"https:\/\/www.padreydecano.com\/cms\/wp-content\/uploads\/2021\/11\/59b355cfbe0a0-1.jpeg\" rel=\"shadowbox[sbpost-77262];player=img;\"><img loading=\"lazy\" decoding=\"async\" class=\"aligncenter size-full wp-image-77264\" src=\"https:\/\/www.padreydecano.com\/cms\/wp-content\/uploads\/2021\/11\/59b355cfbe0a0-1.jpeg\" alt=\"\" width=\"580\" height=\"362\" \/><\/a><\/strong><\/span><\/p>\n<p style=\"text-align: justify;\">\u00abO Rey Pel\u00e9\u00bb, 3 veces campe\u00f3n de la Copa del Mundo con Brasil fue muchas veces rival del carbonero en la d\u00e9cada del 60. Por la Supercopa de Campeones Intercontinentales, Pe\u00f1arol recibi\u00f3 a Santos y a Pel\u00e9, que la semana anterior hab\u00eda anotado su gol n\u00famero 1000 ante Vasco da Gama. En la entrada al terreno de juego O Rey entr\u00f3 con su uniforme blanco del equipo brasile\u00f1o, sin embargo apenas pis\u00f3 la cancha se puso la camiseta del decano, siendo homenajeado por el estadio.<\/p>\n<p style=\"text-align: justify;\"><strong><span style=\"color: #ffcc00;\">Diego Armando Maradona<\/span><\/strong><\/p>\n<p style=\"text-align: justify;\"><a href=\"https:\/\/www.padreydecano.com\/cms\/wp-content\/uploads\/2013\/09\/maradona-gorro-pe\u00f1arol.jpg\" rel=\"shadowbox[sbpost-77262];player=img;\"><img loading=\"lazy\" decoding=\"async\" class=\"aligncenter size-full wp-image-41222\" src=\"https:\/\/www.padreydecano.com\/cms\/wp-content\/uploads\/2013\/09\/maradona-gorro-pe\u00f1arol.jpg\" alt=\"\" width=\"720\" height=\"425\" srcset=\"https:\/\/www.padreydecano.com\/cms\/wp-content\/uploads\/2013\/09\/maradona-gorro-pe\u00f1arol.jpg 720w, https:\/\/www.padreydecano.com\/cms\/wp-content\/uploads\/2013\/09\/maradona-gorro-pe\u00f1arol-300x177.jpg 300w\" sizes=\"(max-width: 720px) 100vw, 720px\" \/><\/a><\/p>\n<p style=\"text-align: justify;\"><a href=\"https:\/\/www.padreydecano.com\/cms\/noticias\/maradona-y-penarol\/\">La historia de Maradona con Pe\u00f1arol tiene su propia nota<\/a> por todo lo que vincul\u00f3 al 10 con el carbonero. Fotos, declaraciones, su casi llegada y varios homenajes. Su amistad con varios jugadores hinchas aurinegros y la representaci\u00f3n del pueblo en el Club hizo que Maradona siempre mirara con buenos ojos a Pe\u00f1arol.<\/p>\n<p style=\"text-align: justify;\"><span style=\"color: #ffcc00;\"><strong>Antoine Griezmann<\/strong><\/span><\/p>\n<p style=\"text-align: justify;\"><a href=\"https:\/\/www.padreydecano.com\/cms\/wp-content\/uploads\/2021\/11\/576693-1.jpg\" rel=\"shadowbox[sbpost-77262];player=img;\"><img loading=\"lazy\" decoding=\"async\" class=\"aligncenter size-full wp-image-77265\" src=\"https:\/\/www.padreydecano.com\/cms\/wp-content\/uploads\/2021\/11\/576693-1.jpg\" alt=\"\" width=\"916\" height=\"776\" srcset=\"https:\/\/www.padreydecano.com\/cms\/wp-content\/uploads\/2021\/11\/576693-1.jpg 916w, https:\/\/www.padreydecano.com\/cms\/wp-content\/uploads\/2021\/11\/576693-1-600x508.jpg 600w, https:\/\/www.padreydecano.com\/cms\/wp-content\/uploads\/2021\/11\/576693-1-768x651.jpg 768w\" sizes=\"(max-width: 916px) 100vw, 916px\" \/><\/a><\/p>\n<p style=\"text-align: justify;\">El campe\u00f3n del mundo con la selecci\u00f3n de Francia se considera y se nomina como uruguayo e hincha de Pe\u00f1arol. Su amistad con Carlos Bueno durante su pasaje por la Real Sociedad fue trascendental, despu\u00e9s se fortaleci\u00f3 por compartir equipo con varios hinchas mirasoles y por su amistad con Ignacio Ruglio. Adem\u00e1s de ser socio, en m\u00e1s de una oportunidad obtuvo una camiseta del decano e incluso pas\u00f3 por el Estadio Campe\u00f3n del Siglo en su breve visita a Uruguay en 2019. Incluso ha subido fotos de su hijo paseando con la camiseta de Pe\u00f1arol en Europa.<\/p>\n<p style=\"text-align: justify;\"><span style=\"color: #ffcc00;\"><strong>Ronaldo Nazario<\/strong><\/span><\/p>\n<p style=\"text-align: justify;\"><span style=\"color: #ffcc00;\"><strong><a href=\"https:\/\/www.padreydecano.com\/cms\/wp-content\/uploads\/2021\/11\/Ey0DEnHWEAAgUq2.jpg\" rel=\"shadowbox[sbpost-77262];player=img;\"><img loading=\"lazy\" decoding=\"async\" class=\"aligncenter size-full wp-image-77266\" src=\"https:\/\/www.padreydecano.com\/cms\/wp-content\/uploads\/2021\/11\/Ey0DEnHWEAAgUq2.jpg\" alt=\"\" width=\"912\" height=\"516\" srcset=\"https:\/\/www.padreydecano.com\/cms\/wp-content\/uploads\/2021\/11\/Ey0DEnHWEAAgUq2.jpg 912w, https:\/\/www.padreydecano.com\/cms\/wp-content\/uploads\/2021\/11\/Ey0DEnHWEAAgUq2-600x339.jpg 600w, https:\/\/www.padreydecano.com\/cms\/wp-content\/uploads\/2021\/11\/Ey0DEnHWEAAgUq2-768x435.jpg 768w\" sizes=\"(max-width: 912px) 100vw, 912px\" \/><\/a><\/strong><\/span><\/p>\n<p style=\"text-align: justify;\">Aunque no se conoce mucho de la historia de la foto del gran delantero bicampe\u00f3n del mundo con Brasil y considerado como uno de los mejores \u00ab9\u00bb de la historia, lo cierto es que fue un orgullo para toda una generaci\u00f3n de hinchas aurinegros ver al fen\u00f3meno con la camiseta oro y carb\u00f3n.<\/p>\n<p style=\"text-align: justify;\"><span style=\"color: #ffcc00;\"><strong>Carlos Valderrama<\/strong><\/span><\/p>\n<p style=\"text-align: justify;\"><span style=\"color: #ffcc00;\"><strong><a href=\"https:\/\/www.padreydecano.com\/cms\/wp-content\/uploads\/2014\/10\/valderrama.jpg\" rel=\"shadowbox[sbpost-77262];player=img;\"><img loading=\"lazy\" decoding=\"async\" class=\"aligncenter size-full wp-image-49197\" src=\"https:\/\/www.padreydecano.com\/cms\/wp-content\/uploads\/2014\/10\/valderrama.jpg\" alt=\"\" width=\"800\" height=\"530\" srcset=\"https:\/\/www.padreydecano.com\/cms\/wp-content\/uploads\/2014\/10\/valderrama.jpg 800w, https:\/\/www.padreydecano.com\/cms\/wp-content\/uploads\/2014\/10\/valderrama-300x198.jpg 300w\" sizes=\"(max-width: 800px) 100vw, 800px\" \/><\/a><\/strong><\/span><\/p>\n<p style=\"text-align: justify;\">El \u00abPibe\u00bb visit\u00f3 el pa\u00eds en el 2014, entonces decidi\u00f3 visitar el museo del Club y finalmente fue homenajeado, llev\u00e1ndose de obsequio la camiseta aurinegra que a\u00fan muestra en sus redes sociales. En aquella oportunidad fue a ver a Pe\u00f1arol jugar en Jardines del Hip\u00f3dromo como un hincha m\u00e1s.<\/p>\n<p style=\"text-align: justify;\"><span style=\"color: #ffcc00;\"><strong>Lionel Messi<\/strong><\/span><\/p>\n<p style=\"text-align: justify;\"><span style=\"color: #ffcc00;\"><strong><a href=\"https:\/\/www.padreydecano.com\/cms\/wp-content\/uploads\/2021\/11\/IMG_20211113_120215-e1636816134923.jpg\" rel=\"shadowbox[sbpost-77262];player=img;\"><img loading=\"lazy\" decoding=\"async\" class=\"aligncenter size-full wp-image-77255\" src=\"https:\/\/www.padreydecano.com\/cms\/wp-content\/uploads\/2021\/11\/IMG_20211113_120215-e1636816134923.jpg\" alt=\"\" width=\"2032\" height=\"1735\" srcset=\"https:\/\/www.padreydecano.com\/cms\/wp-content\/uploads\/2021\/11\/IMG_20211113_120215-e1636816134923.jpg 2032w, https:\/\/www.padreydecano.com\/cms\/wp-content\/uploads\/2021\/11\/IMG_20211113_120215-e1636816134923-600x512.jpg 600w, https:\/\/www.padreydecano.com\/cms\/wp-content\/uploads\/2021\/11\/IMG_20211113_120215-e1636816134923-768x656.jpg 768w, https:\/\/www.padreydecano.com\/cms\/wp-content\/uploads\/2021\/11\/IMG_20211113_120215-e1636816134923-1024x874.jpg 1024w\" sizes=\"(max-width: 2032px) 100vw, 2032px\" \/><\/a><\/strong><\/span><\/p>\n<p style=\"text-align: justify;\">El campe\u00f3n de la \u00faltima Copa Am\u00e9rica y 6 veces ganador del Bal\u00f3n de Oro visit\u00f3 el Estadio Campe\u00f3n del Siglo para disputar el encuentro de la selecci\u00f3n Argentina con Uruguay. Una vez termin\u00f3 el partido, intercambi\u00f3 camiseta con el presidente Ignacio Ruglio. El hecho recorri\u00f3 el mundo r\u00e1pidamente.<\/p>\n<p style=\"text-align: justify;\"><div class=\"user-wrapper\"><a class=\"userlink\"href=\"https:\/\/twitter.com\/ftrucce18\" target=\"_blank\"><figure><img decoding=\"async\" src=\"http:\/\/www.padreydecano.com\/cms\/wp-users-files\/postfirmas\/ftrucce.jpg\" \/><\/figure><p class=\"user\"><strong>Franco Trucce<\/strong><br \/>@FTrucce18<\/p><\/a><\/div><\/p>\n","protected":false},"excerpt":{"rendered":"<p>Pel\u00e9, Diego Maradona, Ronaldo, Carlos Valderrama, Griezmann, Lionel Messi y tantos otros astros que han posado con la aurinegra. A lo largo de la gloriosa historia del decano del f\u00fatbol uruguayo y campe\u00f3n del siglo, varios jugadores de talla mundial han jugado con la camiseta de Pe\u00f1arol, ya sea dejando huella o con un pasaje [&hellip;]<\/p>\n","protected":false},"author":27,"featured_media":77268,"comment_status":"open","ping_status":"closed","sticky":false,"template":"","format":"standard","meta":{"footnotes":""},"categories":[1],"tags":[],"yoast_head":"<!-- This site is optimized with the Yoast SEO plugin v23.2 - https:\/\/yoast.com\/wordpress\/plugins\/seo\/ -->\n<title>Pe\u00f1arol es f\u00fatbol - Padre y Decano - El Sitio del Pueblo<\/title>\n<meta name=\"robots\" content=\"index, follow, max-snippet:-1, max-image-preview:large, max-video-preview:-1\" \/>\n<link rel=\"canonical\" href=\"https:\/\/www.padreydecano.com\/cms\/noticias\/penarol-es-futbol\/\" \/>\n<meta property=\"og:locale\" content=\"es_ES\" \/>\n<meta property=\"og:type\" content=\"article\" \/>\n<meta property=\"og:title\" content=\"Pe\u00f1arol es f\u00fatbol - Padre y Decano - El Sitio del Pueblo\" \/>\n<meta property=\"og:description\" content=\"Pel\u00e9, Diego Maradona, Ronaldo, Carlos Valderrama, Griezmann, Lionel Messi y tantos otros astros que han posado con la aurinegra. A lo largo de la gloriosa historia del decano del f\u00fatbol uruguayo y campe\u00f3n del siglo, varios jugadores de talla mundial han jugado con la camiseta de Pe\u00f1arol, ya sea dejando huella o con un pasaje [&hellip;]\" \/>\n<meta property=\"og:url\" content=\"https:\/\/www.padreydecano.com\/cms\/noticias\/penarol-es-futbol\/\" \/>\n<meta property=\"og:site_name\" content=\"Padre y Decano - El Sitio del Pueblo\" \/>\n<meta property=\"article:published_time\" content=\"2021-11-13T18:08:37+00:00\" \/>\n<meta property=\"article:modified_time\" content=\"2021-11-14T23:28:10+00:00\" \/>\n<meta property=\"og:image\" content=\"https:\/\/www.padreydecano.com\/cms\/wp-content\/uploads\/2021\/11\/FEF6H8VWYAQceAF.jpg\" \/>\n\t<meta property=\"og:image:width\" content=\"2048\" \/>\n\t<meta property=\"og:image:height\" content=\"1081\" \/>\n\t<meta property=\"og:image:type\" content=\"image\/jpeg\" \/>\n<meta name=\"author\" content=\"Redactores Padre y Decano\" \/>\n<meta name=\"twitter:card\" content=\"summary_large_image\" \/>\n<meta name=\"twitter:label1\" content=\"Escrito por\" \/>\n\t<meta name=\"twitter:data1\" content=\"Redactores Padre y Decano\" \/>\n\t<meta name=\"twitter:label2\" content=\"Tiempo de lectura\" \/>\n\t<meta name=\"twitter:data2\" content=\"4 minutos\" \/>\n<script type=\"application\/ld+json\" class=\"yoast-schema-graph\">{\"@context\":\"https:\/\/schema.org\",\"@graph\":[{\"@type\":\"Article\",\"@id\":\"https:\/\/www.padreydecano.com\/cms\/noticias\/penarol-es-futbol\/#article\",\"isPartOf\":{\"@id\":\"https:\/\/www.padreydecano.com\/cms\/noticias\/penarol-es-futbol\/\"},\"author\":{\"name\":\"Redactores Padre y Decano\",\"@id\":\"https:\/\/www.padreydecano.com\/cms\/#\/schema\/person\/37aae8f93aa78e4c5385497f056e3246\"},\"headline\":\"Pe\u00f1arol es f\u00fatbol\",\"datePublished\":\"2021-11-13T18:08:37+00:00\",\"dateModified\":\"2021-11-14T23:28:10+00:00\",\"mainEntityOfPage\":{\"@id\":\"https:\/\/www.padreydecano.com\/cms\/noticias\/penarol-es-futbol\/\"},\"wordCount\":747,\"commentCount\":4,\"publisher\":{\"@id\":\"https:\/\/www.padreydecano.com\/cms\/#organization\"},\"image\":{\"@id\":\"https:\/\/www.padreydecano.com\/cms\/noticias\/penarol-es-futbol\/#primaryimage\"},\"thumbnailUrl\":\"https:\/\/www.padreydecano.com\/cms\/wp-content\/uploads\/2021\/11\/FEF6H8VWYAQceAF.jpg\",\"articleSection\":[\"Noticias\"],\"inLanguage\":\"es\",\"potentialAction\":[{\"@type\":\"CommentAction\",\"name\":\"Comment\",\"target\":[\"https:\/\/www.padreydecano.com\/cms\/noticias\/penarol-es-futbol\/#respond\"]}]},{\"@type\":\"WebPage\",\"@id\":\"https:\/\/www.padreydecano.com\/cms\/noticias\/penarol-es-futbol\/\",\"url\":\"https:\/\/www.padreydecano.com\/cms\/noticias\/penarol-es-futbol\/\",\"name\":\"Pe\u00f1arol es f\u00fatbol - Padre y Decano - El Sitio del Pueblo\",\"isPartOf\":{\"@id\":\"https:\/\/www.padreydecano.com\/cms\/#website\"},\"primaryImageOfPage\":{\"@id\":\"https:\/\/www.padreydecano.com\/cms\/noticias\/penarol-es-futbol\/#primaryimage\"},\"image\":{\"@id\":\"https:\/\/www.padreydecano.com\/cms\/noticias\/penarol-es-futbol\/#primaryimage\"},\"thumbnailUrl\":\"https:\/\/www.padreydecano.com\/cms\/wp-content\/uploads\/2021\/11\/FEF6H8VWYAQceAF.jpg\",\"datePublished\":\"2021-11-13T18:08:37+00:00\",\"dateModified\":\"2021-11-14T23:28:10+00:00\",\"breadcrumb\":{\"@id\":\"https:\/\/www.padreydecano.com\/cms\/noticias\/penarol-es-futbol\/#breadcrumb\"},\"inLanguage\":\"es\",\"potentialAction\":[{\"@type\":\"ReadAction\",\"target\":[\"https:\/\/www.padreydecano.com\/cms\/noticias\/penarol-es-futbol\/\"]}]},{\"@type\":\"ImageObject\",\"inLanguage\":\"es\",\"@id\":\"https:\/\/www.padreydecano.com\/cms\/noticias\/penarol-es-futbol\/#primaryimage\",\"url\":\"https:\/\/www.padreydecano.com\/cms\/wp-content\/uploads\/2021\/11\/FEF6H8VWYAQceAF.jpg\",\"contentUrl\":\"https:\/\/www.padreydecano.com\/cms\/wp-content\/uploads\/2021\/11\/FEF6H8VWYAQceAF.jpg\",\"width\":2048,\"height\":1081},{\"@type\":\"BreadcrumbList\",\"@id\":\"https:\/\/www.padreydecano.com\/cms\/noticias\/penarol-es-futbol\/#breadcrumb\",\"itemListElement\":[{\"@type\":\"ListItem\",\"position\":1,\"name\":\"Portada\",\"item\":\"https:\/\/www.padreydecano.com\/cms\/\"},{\"@type\":\"ListItem\",\"position\":2,\"name\":\"Pe\u00f1arol es f\u00fatbol\"}]},{\"@type\":\"WebSite\",\"@id\":\"https:\/\/www.padreydecano.com\/cms\/#website\",\"url\":\"https:\/\/www.padreydecano.com\/cms\/\",\"name\":\"Padre y Decano - El Sitio del Pueblo\",\"description\":\"Club Atl\u00e9tico Pe\u00f1arol\",\"publisher\":{\"@id\":\"https:\/\/www.padreydecano.com\/cms\/#organization\"},\"potentialAction\":[{\"@type\":\"SearchAction\",\"target\":{\"@type\":\"EntryPoint\",\"urlTemplate\":\"https:\/\/www.padreydecano.com\/cms\/?s={search_term_string}\"},\"query-input\":\"required name=search_term_string\"}],\"inLanguage\":\"es\"},{\"@type\":\"Organization\",\"@id\":\"https:\/\/www.padreydecano.com\/cms\/#organization\",\"name\":\"Padre y Decano\",\"url\":\"https:\/\/www.padreydecano.com\/cms\/\",\"logo\":{\"@type\":\"ImageObject\",\"inLanguage\":\"es\",\"@id\":\"https:\/\/www.padreydecano.com\/cms\/#\/schema\/logo\/image\/\",\"url\":\"https:\/\/www.padreydecano.com\/cms\/wp-content\/uploads\/2022\/01\/avatar-square.png\",\"contentUrl\":\"https:\/\/www.padreydecano.com\/cms\/wp-content\/uploads\/2022\/01\/avatar-square.png\",\"width\":1500,\"height\":1500,\"caption\":\"Padre y Decano\"},\"image\":{\"@id\":\"https:\/\/www.padreydecano.com\/cms\/#\/schema\/logo\/image\/\"}},{\"@type\":\"Person\",\"@id\":\"https:\/\/www.padreydecano.com\/cms\/#\/schema\/person\/37aae8f93aa78e4c5385497f056e3246\",\"name\":\"Redactores Padre y Decano\",\"image\":{\"@type\":\"ImageObject\",\"inLanguage\":\"es\",\"@id\":\"https:\/\/www.padreydecano.com\/cms\/#\/schema\/person\/image\/\",\"url\":\"https:\/\/secure.gravatar.com\/avatar\/8810c4b9081192b118b104af54549af8?s=96&d=https%3A%2F%2Fpadreydecano.com%2Fcms%2Fwp-content%2Fthemes%2Fpyd-theme%2Fimg%2Fdefault-avatar.png&r=g\",\"contentUrl\":\"https:\/\/secure.gravatar.com\/avatar\/8810c4b9081192b118b104af54549af8?s=96&d=https%3A%2F%2Fpadreydecano.com%2Fcms%2Fwp-content%2Fthemes%2Fpyd-theme%2Fimg%2Fdefault-avatar.png&r=g\",\"caption\":\"Redactores Padre y Decano\"},\"sameAs\":[\"http:\/\/www.padreydecano.com\"]}]}<\/script>\n<!-- \/ Yoast SEO plugin. -->","yoast_head_json":{"title":"Pe\u00f1arol es f\u00fatbol - Padre y Decano - El Sitio del Pueblo","robots":{"index":"index","follow":"follow","max-snippet":"max-snippet:-1","max-image-preview":"max-image-preview:large","max-video-preview":"max-video-preview:-1"},"canonical":"https:\/\/www.padreydecano.com\/cms\/noticias\/penarol-es-futbol\/","og_locale":"es_ES","og_type":"article","og_title":"Pe\u00f1arol es f\u00fatbol - Padre y Decano - El Sitio del Pueblo","og_description":"Pel\u00e9, Diego Maradona, Ronaldo, Carlos Valderrama, Griezmann, Lionel Messi y tantos otros astros que han posado con la aurinegra. A lo largo de la gloriosa historia del decano del f\u00fatbol uruguayo y campe\u00f3n del siglo, varios jugadores de talla mundial han jugado con la camiseta de Pe\u00f1arol, ya sea dejando huella o con un pasaje [&hellip;]","og_url":"https:\/\/www.padreydecano.com\/cms\/noticias\/penarol-es-futbol\/","og_site_name":"Padre y Decano - El Sitio del Pueblo","article_published_time":"2021-11-13T18:08:37+00:00","article_modified_time":"2021-11-14T23:28:10+00:00","og_image":[{"width":2048,"height":1081,"url":"https:\/\/www.padreydecano.com\/cms\/wp-content\/uploads\/2021\/11\/FEF6H8VWYAQceAF.jpg","type":"image\/jpeg"}],"author":"Redactores Padre y Decano","twitter_card":"summary_large_image","twitter_misc":{"Escrito por":"Redactores Padre y Decano","Tiempo de lectura":"4 minutos"},"schema":{"@context":"https:\/\/schema.org","@graph":[{"@type":"Article","@id":"https:\/\/www.padreydecano.com\/cms\/noticias\/penarol-es-futbol\/#article","isPartOf":{"@id":"https:\/\/www.padreydecano.com\/cms\/noticias\/penarol-es-futbol\/"},"author":{"name":"Redactores Padre y Decano","@id":"https:\/\/www.padreydecano.com\/cms\/#\/schema\/person\/37aae8f93aa78e4c5385497f056e3246"},"headline":"Pe\u00f1arol es f\u00fatbol","datePublished":"2021-11-13T18:08:37+00:00","dateModified":"2021-11-14T23:28:10+00:00","mainEntityOfPage":{"@id":"https:\/\/www.padreydecano.com\/cms\/noticias\/penarol-es-futbol\/"},"wordCount":747,"commentCount":4,"publisher":{"@id":"https:\/\/www.padreydecano.com\/cms\/#organization"},"image":{"@id":"https:\/\/www.padreydecano.com\/cms\/noticias\/penarol-es-futbol\/#primaryimage"},"thumbnailUrl":"https:\/\/www.padreydecano.com\/cms\/wp-content\/uploads\/2021\/11\/FEF6H8VWYAQceAF.jpg","articleSection":["Noticias"],"inLanguage":"es","potentialAction":[{"@type":"CommentAction","name":"Comment","target":["https:\/\/www.padreydecano.com\/cms\/noticias\/penarol-es-futbol\/#respond"]}]},{"@type":"WebPage","@id":"https:\/\/www.padreydecano.com\/cms\/noticias\/penarol-es-futbol\/","url":"https:\/\/www.padreydecano.com\/cms\/noticias\/penarol-es-futbol\/","name":"Pe\u00f1arol es f\u00fatbol - Padre y Decano - El Sitio del Pueblo","isPartOf":{"@id":"https:\/\/www.padreydecano.com\/cms\/#website"},"primaryImageOfPage":{"@id":"https:\/\/www.padreydecano.com\/cms\/noticias\/penarol-es-futbol\/#primaryimage"},"image":{"@id":"https:\/\/www.padreydecano.com\/cms\/noticias\/penarol-es-futbol\/#primaryimage"},"thumbnailUrl":"https:\/\/www.padreydecano.com\/cms\/wp-content\/uploads\/2021\/11\/FEF6H8VWYAQceAF.jpg","datePublished":"2021-11-13T18:08:37+00:00","dateModified":"2021-11-14T23:28:10+00:00","breadcrumb":{"@id":"https:\/\/www.padreydecano.com\/cms\/noticias\/penarol-es-futbol\/#breadcrumb"},"inLanguage":"es","potentialAction":[{"@type":"ReadAction","target":["https:\/\/www.padreydecano.com\/cms\/noticias\/penarol-es-futbol\/"]}]},{"@type":"ImageObject","inLanguage":"es","@id":"https:\/\/www.padreydecano.com\/cms\/noticias\/penarol-es-futbol\/#primaryimage","url":"https:\/\/www.padreydecano.com\/cms\/wp-content\/uploads\/2021\/11\/FEF6H8VWYAQceAF.jpg","contentUrl":"https:\/\/www.padreydecano.com\/cms\/wp-content\/uploads\/2021\/11\/FEF6H8VWYAQceAF.jpg","width":2048,"height":1081},{"@type":"BreadcrumbList","@id":"https:\/\/www.padreydecano.com\/cms\/noticias\/penarol-es-futbol\/#breadcrumb","itemListElement":[{"@type":"ListItem","position":1,"name":"Portada","item":"https:\/\/www.padreydecano.com\/cms\/"},{"@type":"ListItem","position":2,"name":"Pe\u00f1arol es f\u00fatbol"}]},{"@type":"WebSite","@id":"https:\/\/www.padreydecano.com\/cms\/#website","url":"https:\/\/www.padreydecano.com\/cms\/","name":"Padre y Decano - El Sitio del Pueblo","description":"Club Atl\u00e9tico Pe\u00f1arol","publisher":{"@id":"https:\/\/www.padreydecano.com\/cms\/#organization"},"potentialAction":[{"@type":"SearchAction","target":{"@type":"EntryPoint","urlTemplate":"https:\/\/www.padreydecano.com\/cms\/?s={search_term_string}"},"query-input":"required name=search_term_string"}],"inLanguage":"es"},{"@type":"Organization","@id":"https:\/\/www.padreydecano.com\/cms\/#organization","name":"Padre y Decano","url":"https:\/\/www.padreydecano.com\/cms\/","logo":{"@type":"ImageObject","inLanguage":"es","@id":"https:\/\/www.padreydecano.com\/cms\/#\/schema\/logo\/image\/","url":"https:\/\/www.padreydecano.com\/cms\/wp-content\/uploads\/2022\/01\/avatar-square.png","contentUrl":"https:\/\/www.padreydecano.com\/cms\/wp-content\/uploads\/2022\/01\/avatar-square.png","width":1500,"height":1500,"caption":"Padre y Decano"},"image":{"@id":"https:\/\/www.padreydecano.com\/cms\/#\/schema\/logo\/image\/"}},{"@type":"Person","@id":"https:\/\/www.padreydecano.com\/cms\/#\/schema\/person\/37aae8f93aa78e4c5385497f056e3246","name":"Redactores Padre y Decano","image":{"@type":"ImageObject","inLanguage":"es","@id":"https:\/\/www.padreydecano.com\/cms\/#\/schema\/person\/image\/","url":"https:\/\/secure.gravatar.com\/avatar\/8810c4b9081192b118b104af54549af8?s=96&d=https%3A%2F%2Fpadreydecano.com%2Fcms%2Fwp-content%2Fthemes%2Fpyd-theme%2Fimg%2Fdefault-avatar.png&r=g","contentUrl":"https:\/\/secure.gravatar.com\/avatar\/8810c4b9081192b118b104af54549af8?s=96&d=https%3A%2F%2Fpadreydecano.com%2Fcms%2Fwp-content%2Fthemes%2Fpyd-theme%2Fimg%2Fdefault-avatar.png&r=g","caption":"Redactores Padre y Decano"},"sameAs":["http:\/\/www.padreydecano.com"]}]}},"_links":{"self":[{"href":"https:\/\/www.padreydecano.com\/cms\/wp-json\/wp\/v2\/posts\/77262"}],"collection":[{"href":"https:\/\/www.padreydecano.com\/cms\/wp-json\/wp\/v2\/posts"}],"about":[{"href":"https:\/\/www.padreydecano.com\/cms\/wp-json\/wp\/v2\/types\/post"}],"author":[{"embeddable":true,"href":"https:\/\/www.padreydecano.com\/cms\/wp-json\/wp\/v2\/users\/27"}],"replies":[{"embeddable":true,"href":"https:\/\/www.padreydecano.com\/cms\/wp-json\/wp\/v2\/comments?post=77262"}],"version-history":[{"count":0,"href":"https:\/\/www.padreydecano.com\/cms\/wp-json\/wp\/v2\/posts\/77262\/revisions"}],"wp:featuredmedia":[{"embeddable":true,"href":"https:\/\/www.padreydecano.com\/cms\/wp-json\/wp\/v2\/media\/77268"}],"wp:attachment":[{"href":"https:\/\/www.padreydecano.com\/cms\/wp-json\/wp\/v2\/media?parent=77262"}],"wp:term":[{"taxonomy":"category","embeddable":true,"href":"https:\/\/www.padreydecano.com\/cms\/wp-json\/wp\/v2\/categories?post=77262"},{"taxonomy":"post_tag","embeddable":true,"href":"https:\/\/www.padreydecano.com\/cms\/wp-json\/wp\/v2\/tags?post=77262"}],"curies":[{"name":"wp","href":"https:\/\/api.w.org\/{rel}","templated":true}]}}