{"id":77074,"date":"2021-10-19T18:54:01","date_gmt":"2021-10-19T21:54:01","guid":{"rendered":"http:\/\/www.padreydecano.com\/cms\/?p=77074"},"modified":"2021-10-20T23:33:58","modified_gmt":"2021-10-21T02:33:58","slug":"cambiar-la-cara-2","status":"publish","type":"post","link":"https:\/\/www.padreydecano.com\/cms\/noticias\/cambiar-la-cara-2\/","title":{"rendered":"Cambiar la cara"},"content":{"rendered":"<p><a href=\"https:\/\/www.padreydecano.com\/cms\/wp-content\/uploads\/2021\/06\/PE\u00d1AROL-TORQUE-NAHUELPAN.jpg\" rel=\"shadowbox[sbpost-77074];player=img;\"><img loading=\"lazy\" decoding=\"async\" class=\"aligncenter size-full wp-image-76250\" src=\"https:\/\/www.padreydecano.com\/cms\/wp-content\/uploads\/2021\/06\/PE\u00d1AROL-TORQUE-NAHUELPAN.jpg\" alt=\"\" width=\"1599\" height=\"1066\" srcset=\"https:\/\/www.padreydecano.com\/cms\/wp-content\/uploads\/2021\/06\/PE\u00d1AROL-TORQUE-NAHUELPAN.jpg 1599w, https:\/\/www.padreydecano.com\/cms\/wp-content\/uploads\/2021\/06\/PE\u00d1AROL-TORQUE-NAHUELPAN-600x400.jpg 600w, https:\/\/www.padreydecano.com\/cms\/wp-content\/uploads\/2021\/06\/PE\u00d1AROL-TORQUE-NAHUELPAN-768x512.jpg 768w, https:\/\/www.padreydecano.com\/cms\/wp-content\/uploads\/2021\/06\/PE\u00d1AROL-TORQUE-NAHUELPAN-1024x683.jpg 1024w\" sizes=\"(max-width: 1599px) 100vw, 1599px\" \/><\/a><\/p>\n<p style=\"text-align: justify;\"><strong>Pe\u00f1arol recibir\u00e1 el pr\u00f3ximo mi\u00e9rcoles a Montevideo City Torque por la s\u00e9ptima fecha del Torneo Clausura. A las 20:30 HS y en el Estadio Campe\u00f3n del Siglo, el Carbonero deber\u00e1 sumar de a tres para escalar en ambas tablas de posiciones. El partido ser\u00e1 televisado por VTV.<\/strong><\/p>\n<p style=\"text-align: justify;\"><strong>Luego de la dura derrota ante el combinado de Deportivo Maldonado, Pe\u00f1arol est\u00e1 obligado a ganar, y a\u00fan m\u00e1s de local ante su gente.\u00a0<\/strong><\/p>\n<p style=\"text-align: justify;\"><span style=\"color: #ffcc00;\"><strong>Equipo probable<\/strong><\/span><\/p>\n<p style=\"text-align: justify;\">Kevin Dawson; Giovanni Gonz\u00e1lez, Gary Kagelmacher, Edgar Elizalde, Juan Manuel Ramos o Valent\u00edn Rodr\u00edguez, Agust\u00edn Canobbio, Walter Gargano, Dami\u00e1n Musto, Facundo Torres; Pablo Ceppelini y Agust\u00edn \u00c1lvarez Mart\u00ednez.<\/p>\n<p style=\"text-align: justify;\"><span style=\"color: #ffcc00;\"><strong>\u00bfC\u00f3mo vienen ambos?<\/strong><\/span><\/p>\n<p style=\"text-align: justify;\">El equipo dirigido por Mauricio Larriera viene de caer en condici\u00f3n de visitante frente al Depor por 1 a 0. Un encuentro en el que el Aurinegro no encontr\u00f3 el funcionamiento, creaci\u00f3n y la din\u00e1mica de partidos anteriores. Con la reciente derrota, el Decano perdi\u00f3 la punta de la tabla anual, tabla que lidera el Patablanca y lo sigue el tradicional rival. Por su parte, se posiciona en el primer lugar del Torneo Clausura junto a Nacional con 13 unidades.<\/p>\n<p style=\"text-align: justify;\">La visita viene de caer por 2 a 1 frente a Rentistas. Los ciudadanos se ubican en el quinto escal\u00f3n de la tabla del Torneo Clausura con 11 puntos, producto de 3 victorias, 2 empates y la derrota mencionada anteriormente.<\/p>\n<p style=\"text-align: justify;\"><span style=\"color: #ffcc00;\"><strong>\u00daltimos antecedentes entre ambos<\/strong><\/span><\/p>\n<p style=\"text-align: justify;\"><strong>Torneo Apertura 2020:<\/strong> <span style=\"color: #ffcc00;\"><strong>Pe\u00f1arol<\/strong> <\/span>0 &#8211; 0 M.C Torque<\/p>\n<p style=\"text-align: justify;\"><strong>Torneo Clausura 2020:<\/strong> M.C Torque 1-2 <span style=\"color: #ffcc00;\"><strong>Pe\u00f1arol<\/strong><\/span><\/p>\n<p style=\"text-align: justify;\"><strong>Torneo Apertura 2021:<\/strong> M.C Torque 0-1 <span style=\"color: #ffcc00;\"><strong>Pe\u00f1arol<\/strong><\/span><\/p>\n<p style=\"text-align: justify;\"><span style=\"color: #ffcc00;\"><strong>Entradas<\/strong><\/span><\/p>\n<p style=\"text-align: justify;\">Todo lo que tenes que saber sobre la venta de entradas haciendo click\u00a0<strong><a title=\"aqu\u00ed\" href=\"https:\/\/www.padreydecano.com\/cms\/noticias\/venta-de-entradas-vs-montevideo-city-torque-clausura-2021\/\" target=\"_blank\" rel=\"noopener\">aqu\u00ed<\/a>.<\/strong><\/p>\n<p style=\"text-align: justify;\"><span style=\"color: #ffcc00;\"><strong>\u00c1rbitros <\/strong><\/span><\/p>\n<p style=\"text-align: justify;\">Daniel Fedorczuk ser\u00e1 el juez principal del encuentro. Pablo Llarena y Mathias Muniz estar\u00e1n en las l\u00edneas, mientras que el cuarto \u00e1rbitro ser\u00e1 Daniel Rodr\u00edguez.<\/p>\n<p style=\"text-align: justify;\">En el VAR estar\u00e1 Esteban Ostojich junto con Mathias de Armas.<\/p>\n<p style=\"text-align: justify;\"><span style=\"color: #ffcc00;\"><strong>Lo que se viene<\/strong><\/span><\/p>\n<p style=\"text-align: justify;\">Por la octava fecha, Pe\u00f1arol enfrentar\u00e1 a Villa Espa\u00f1ola en el Estadio Parque Viera. Ser\u00e1 el encuentro de antesala al cl\u00e1sico a disputarse el domingo 31 de octubre a las 16:00 HS en el Estadio Campe\u00f3n del Siglo.<\/p>\n<p style=\"text-align: justify;\"><div class=\"user-wrapper\"><a class=\"userlink\" href=\"https:\/\/twitter.com\/mathiaastilve\" target=\"_blank\"><figure><img decoding=\"async\" src=\"http:\/\/www.padreydecano.com\/cms\/wp-users-files\/postfirmas\/mathiastilve.jpg\" \/><\/figure><p class=\"user\"><strong>Mathias Tilve<\/strong><br \/>@mathiaastilve<\/p><\/a><\/div><\/p>\n","protected":false},"excerpt":{"rendered":"<p>Pe\u00f1arol recibir\u00e1 el pr\u00f3ximo mi\u00e9rcoles a Montevideo City Torque por la s\u00e9ptima fecha del Torneo Clausura. A las 20:30 HS y en el Estadio Campe\u00f3n del Siglo, el Carbonero deber\u00e1 sumar de a tres para escalar en ambas tablas de posiciones. El partido ser\u00e1 televisado por VTV. Luego de la dura derrota ante el combinado [&hellip;]<\/p>\n","protected":false},"author":30,"featured_media":76250,"comment_status":"open","ping_status":"closed","sticky":false,"template":"","format":"standard","meta":{"footnotes":""},"categories":[7,1],"tags":[496],"yoast_head":"<!-- This site is optimized with the Yoast SEO plugin v23.2 - https:\/\/yoast.com\/wordpress\/plugins\/seo\/ -->\n<title>Cambiar la cara - Padre y Decano - El Sitio del Pueblo<\/title>\n<meta name=\"robots\" content=\"index, follow, max-snippet:-1, max-image-preview:large, max-video-preview:-1\" \/>\n<link rel=\"canonical\" href=\"https:\/\/www.padreydecano.com\/cms\/noticias\/cambiar-la-cara-2\/\" \/>\n<meta property=\"og:locale\" content=\"es_ES\" \/>\n<meta property=\"og:type\" content=\"article\" \/>\n<meta property=\"og:title\" content=\"Cambiar la cara - Padre y Decano - El Sitio del Pueblo\" \/>\n<meta property=\"og:description\" content=\"Pe\u00f1arol recibir\u00e1 el pr\u00f3ximo mi\u00e9rcoles a Montevideo City Torque por la s\u00e9ptima fecha del Torneo Clausura. A las 20:30 HS y en el Estadio Campe\u00f3n del Siglo, el Carbonero deber\u00e1 sumar de a tres para escalar en ambas tablas de posiciones. El partido ser\u00e1 televisado por VTV. Luego de la dura derrota ante el combinado [&hellip;]\" \/>\n<meta property=\"og:url\" content=\"https:\/\/www.padreydecano.com\/cms\/noticias\/cambiar-la-cara-2\/\" \/>\n<meta property=\"og:site_name\" content=\"Padre y Decano - El Sitio del Pueblo\" \/>\n<meta property=\"article:published_time\" content=\"2021-10-19T21:54:01+00:00\" \/>\n<meta property=\"article:modified_time\" content=\"2021-10-21T02:33:58+00:00\" \/>\n<meta property=\"og:image\" content=\"https:\/\/www.padreydecano.com\/cms\/wp-content\/uploads\/2021\/06\/PE\u00d1AROL-TORQUE-NAHUELPAN.jpg\" \/>\n\t<meta property=\"og:image:width\" content=\"1599\" \/>\n\t<meta property=\"og:image:height\" content=\"1066\" \/>\n\t<meta property=\"og:image:type\" content=\"image\/jpeg\" \/>\n<meta name=\"author\" content=\"Udelar\" \/>\n<meta name=\"twitter:card\" content=\"summary_large_image\" \/>\n<meta name=\"twitter:label1\" content=\"Escrito por\" \/>\n\t<meta name=\"twitter:data1\" content=\"Udelar\" \/>\n\t<meta name=\"twitter:label2\" content=\"Tiempo de lectura\" \/>\n\t<meta name=\"twitter:data2\" content=\"2 minutos\" \/>\n<script type=\"application\/ld+json\" class=\"yoast-schema-graph\">{\"@context\":\"https:\/\/schema.org\",\"@graph\":[{\"@type\":\"Article\",\"@id\":\"https:\/\/www.padreydecano.com\/cms\/noticias\/cambiar-la-cara-2\/#article\",\"isPartOf\":{\"@id\":\"https:\/\/www.padreydecano.com\/cms\/noticias\/cambiar-la-cara-2\/\"},\"author\":{\"name\":\"Udelar\",\"@id\":\"https:\/\/www.padreydecano.com\/cms\/#\/schema\/person\/b22191326be6d1c7fa55c2ad137a9a32\"},\"headline\":\"Cambiar la cara\",\"datePublished\":\"2021-10-19T21:54:01+00:00\",\"dateModified\":\"2021-10-21T02:33:58+00:00\",\"mainEntityOfPage\":{\"@id\":\"https:\/\/www.padreydecano.com\/cms\/noticias\/cambiar-la-cara-2\/\"},\"wordCount\":366,\"commentCount\":29,\"publisher\":{\"@id\":\"https:\/\/www.padreydecano.com\/cms\/#organization\"},\"image\":{\"@id\":\"https:\/\/www.padreydecano.com\/cms\/noticias\/cambiar-la-cara-2\/#primaryimage\"},\"thumbnailUrl\":\"https:\/\/www.padreydecano.com\/cms\/wp-content\/uploads\/2021\/06\/PE\u00d1AROL-TORQUE-NAHUELPAN.jpg\",\"keywords\":[\"Torneo Clausura 2021\"],\"articleSection\":[\"Los Aromos\",\"Noticias\"],\"inLanguage\":\"es\",\"potentialAction\":[{\"@type\":\"CommentAction\",\"name\":\"Comment\",\"target\":[\"https:\/\/www.padreydecano.com\/cms\/noticias\/cambiar-la-cara-2\/#respond\"]}]},{\"@type\":\"WebPage\",\"@id\":\"https:\/\/www.padreydecano.com\/cms\/noticias\/cambiar-la-cara-2\/\",\"url\":\"https:\/\/www.padreydecano.com\/cms\/noticias\/cambiar-la-cara-2\/\",\"name\":\"Cambiar la cara - Padre y Decano - El Sitio del Pueblo\",\"isPartOf\":{\"@id\":\"https:\/\/www.padreydecano.com\/cms\/#website\"},\"primaryImageOfPage\":{\"@id\":\"https:\/\/www.padreydecano.com\/cms\/noticias\/cambiar-la-cara-2\/#primaryimage\"},\"image\":{\"@id\":\"https:\/\/www.padreydecano.com\/cms\/noticias\/cambiar-la-cara-2\/#primaryimage\"},\"thumbnailUrl\":\"https:\/\/www.padreydecano.com\/cms\/wp-content\/uploads\/2021\/06\/PE\u00d1AROL-TORQUE-NAHUELPAN.jpg\",\"datePublished\":\"2021-10-19T21:54:01+00:00\",\"dateModified\":\"2021-10-21T02:33:58+00:00\",\"breadcrumb\":{\"@id\":\"https:\/\/www.padreydecano.com\/cms\/noticias\/cambiar-la-cara-2\/#breadcrumb\"},\"inLanguage\":\"es\",\"potentialAction\":[{\"@type\":\"ReadAction\",\"target\":[\"https:\/\/www.padreydecano.com\/cms\/noticias\/cambiar-la-cara-2\/\"]}]},{\"@type\":\"ImageObject\",\"inLanguage\":\"es\",\"@id\":\"https:\/\/www.padreydecano.com\/cms\/noticias\/cambiar-la-cara-2\/#primaryimage\",\"url\":\"https:\/\/www.padreydecano.com\/cms\/wp-content\/uploads\/2021\/06\/PE\u00d1AROL-TORQUE-NAHUELPAN.jpg\",\"contentUrl\":\"https:\/\/www.padreydecano.com\/cms\/wp-content\/uploads\/2021\/06\/PE\u00d1AROL-TORQUE-NAHUELPAN.jpg\",\"width\":1599,\"height\":1066},{\"@type\":\"BreadcrumbList\",\"@id\":\"https:\/\/www.padreydecano.com\/cms\/noticias\/cambiar-la-cara-2\/#breadcrumb\",\"itemListElement\":[{\"@type\":\"ListItem\",\"position\":1,\"name\":\"Portada\",\"item\":\"https:\/\/www.padreydecano.com\/cms\/\"},{\"@type\":\"ListItem\",\"position\":2,\"name\":\"Cambiar la cara\"}]},{\"@type\":\"WebSite\",\"@id\":\"https:\/\/www.padreydecano.com\/cms\/#website\",\"url\":\"https:\/\/www.padreydecano.com\/cms\/\",\"name\":\"Padre y Decano - El Sitio del Pueblo\",\"description\":\"Club Atl\u00e9tico Pe\u00f1arol\",\"publisher\":{\"@id\":\"https:\/\/www.padreydecano.com\/cms\/#organization\"},\"potentialAction\":[{\"@type\":\"SearchAction\",\"target\":{\"@type\":\"EntryPoint\",\"urlTemplate\":\"https:\/\/www.padreydecano.com\/cms\/?s={search_term_string}\"},\"query-input\":\"required name=search_term_string\"}],\"inLanguage\":\"es\"},{\"@type\":\"Organization\",\"@id\":\"https:\/\/www.padreydecano.com\/cms\/#organization\",\"name\":\"Padre y Decano\",\"url\":\"https:\/\/www.padreydecano.com\/cms\/\",\"logo\":{\"@type\":\"ImageObject\",\"inLanguage\":\"es\",\"@id\":\"https:\/\/www.padreydecano.com\/cms\/#\/schema\/logo\/image\/\",\"url\":\"https:\/\/www.padreydecano.com\/cms\/wp-content\/uploads\/2022\/01\/avatar-square.png\",\"contentUrl\":\"https:\/\/www.padreydecano.com\/cms\/wp-content\/uploads\/2022\/01\/avatar-square.png\",\"width\":1500,\"height\":1500,\"caption\":\"Padre y Decano\"},\"image\":{\"@id\":\"https:\/\/www.padreydecano.com\/cms\/#\/schema\/logo\/image\/\"}},{\"@type\":\"Person\",\"@id\":\"https:\/\/www.padreydecano.com\/cms\/#\/schema\/person\/b22191326be6d1c7fa55c2ad137a9a32\",\"name\":\"Udelar\",\"image\":{\"@type\":\"ImageObject\",\"inLanguage\":\"es\",\"@id\":\"https:\/\/www.padreydecano.com\/cms\/#\/schema\/person\/image\/\",\"url\":\"https:\/\/secure.gravatar.com\/avatar\/611ece663b16897a2cd2f46982281225?s=96&d=https%3A%2F%2Fpadreydecano.com%2Fcms%2Fwp-content%2Fthemes%2Fpyd-theme%2Fimg%2Fdefault-avatar.png&r=g\",\"contentUrl\":\"https:\/\/secure.gravatar.com\/avatar\/611ece663b16897a2cd2f46982281225?s=96&d=https%3A%2F%2Fpadreydecano.com%2Fcms%2Fwp-content%2Fthemes%2Fpyd-theme%2Fimg%2Fdefault-avatar.png&r=g\",\"caption\":\"Udelar\"}}]}<\/script>\n<!-- \/ Yoast SEO plugin. -->","yoast_head_json":{"title":"Cambiar la cara - Padre y Decano - El Sitio del Pueblo","robots":{"index":"index","follow":"follow","max-snippet":"max-snippet:-1","max-image-preview":"max-image-preview:large","max-video-preview":"max-video-preview:-1"},"canonical":"https:\/\/www.padreydecano.com\/cms\/noticias\/cambiar-la-cara-2\/","og_locale":"es_ES","og_type":"article","og_title":"Cambiar la cara - Padre y Decano - El Sitio del Pueblo","og_description":"Pe\u00f1arol recibir\u00e1 el pr\u00f3ximo mi\u00e9rcoles a Montevideo City Torque por la s\u00e9ptima fecha del Torneo Clausura. A las 20:30 HS y en el Estadio Campe\u00f3n del Siglo, el Carbonero deber\u00e1 sumar de a tres para escalar en ambas tablas de posiciones. El partido ser\u00e1 televisado por VTV. Luego de la dura derrota ante el combinado [&hellip;]","og_url":"https:\/\/www.padreydecano.com\/cms\/noticias\/cambiar-la-cara-2\/","og_site_name":"Padre y Decano - El Sitio del Pueblo","article_published_time":"2021-10-19T21:54:01+00:00","article_modified_time":"2021-10-21T02:33:58+00:00","og_image":[{"width":1599,"height":1066,"url":"https:\/\/www.padreydecano.com\/cms\/wp-content\/uploads\/2021\/06\/PE\u00d1AROL-TORQUE-NAHUELPAN.jpg","type":"image\/jpeg"}],"author":"Udelar","twitter_card":"summary_large_image","twitter_misc":{"Escrito por":"Udelar","Tiempo de lectura":"2 minutos"},"schema":{"@context":"https:\/\/schema.org","@graph":[{"@type":"Article","@id":"https:\/\/www.padreydecano.com\/cms\/noticias\/cambiar-la-cara-2\/#article","isPartOf":{"@id":"https:\/\/www.padreydecano.com\/cms\/noticias\/cambiar-la-cara-2\/"},"author":{"name":"Udelar","@id":"https:\/\/www.padreydecano.com\/cms\/#\/schema\/person\/b22191326be6d1c7fa55c2ad137a9a32"},"headline":"Cambiar la cara","datePublished":"2021-10-19T21:54:01+00:00","dateModified":"2021-10-21T02:33:58+00:00","mainEntityOfPage":{"@id":"https:\/\/www.padreydecano.com\/cms\/noticias\/cambiar-la-cara-2\/"},"wordCount":366,"commentCount":29,"publisher":{"@id":"https:\/\/www.padreydecano.com\/cms\/#organization"},"image":{"@id":"https:\/\/www.padreydecano.com\/cms\/noticias\/cambiar-la-cara-2\/#primaryimage"},"thumbnailUrl":"https:\/\/www.padreydecano.com\/cms\/wp-content\/uploads\/2021\/06\/PE\u00d1AROL-TORQUE-NAHUELPAN.jpg","keywords":["Torneo Clausura 2021"],"articleSection":["Los Aromos","Noticias"],"inLanguage":"es","potentialAction":[{"@type":"CommentAction","name":"Comment","target":["https:\/\/www.padreydecano.com\/cms\/noticias\/cambiar-la-cara-2\/#respond"]}]},{"@type":"WebPage","@id":"https:\/\/www.padreydecano.com\/cms\/noticias\/cambiar-la-cara-2\/","url":"https:\/\/www.padreydecano.com\/cms\/noticias\/cambiar-la-cara-2\/","name":"Cambiar la cara - Padre y Decano - El Sitio del Pueblo","isPartOf":{"@id":"https:\/\/www.padreydecano.com\/cms\/#website"},"primaryImageOfPage":{"@id":"https:\/\/www.padreydecano.com\/cms\/noticias\/cambiar-la-cara-2\/#primaryimage"},"image":{"@id":"https:\/\/www.padreydecano.com\/cms\/noticias\/cambiar-la-cara-2\/#primaryimage"},"thumbnailUrl":"https:\/\/www.padreydecano.com\/cms\/wp-content\/uploads\/2021\/06\/PE\u00d1AROL-TORQUE-NAHUELPAN.jpg","datePublished":"2021-10-19T21:54:01+00:00","dateModified":"2021-10-21T02:33:58+00:00","breadcrumb":{"@id":"https:\/\/www.padreydecano.com\/cms\/noticias\/cambiar-la-cara-2\/#breadcrumb"},"inLanguage":"es","potentialAction":[{"@type":"ReadAction","target":["https:\/\/www.padreydecano.com\/cms\/noticias\/cambiar-la-cara-2\/"]}]},{"@type":"ImageObject","inLanguage":"es","@id":"https:\/\/www.padreydecano.com\/cms\/noticias\/cambiar-la-cara-2\/#primaryimage","url":"https:\/\/www.padreydecano.com\/cms\/wp-content\/uploads\/2021\/06\/PE\u00d1AROL-TORQUE-NAHUELPAN.jpg","contentUrl":"https:\/\/www.padreydecano.com\/cms\/wp-content\/uploads\/2021\/06\/PE\u00d1AROL-TORQUE-NAHUELPAN.jpg","width":1599,"height":1066},{"@type":"BreadcrumbList","@id":"https:\/\/www.padreydecano.com\/cms\/noticias\/cambiar-la-cara-2\/#breadcrumb","itemListElement":[{"@type":"ListItem","position":1,"name":"Portada","item":"https:\/\/www.padreydecano.com\/cms\/"},{"@type":"ListItem","position":2,"name":"Cambiar la cara"}]},{"@type":"WebSite","@id":"https:\/\/www.padreydecano.com\/cms\/#website","url":"https:\/\/www.padreydecano.com\/cms\/","name":"Padre y Decano - El Sitio del Pueblo","description":"Club Atl\u00e9tico Pe\u00f1arol","publisher":{"@id":"https:\/\/www.padreydecano.com\/cms\/#organization"},"potentialAction":[{"@type":"SearchAction","target":{"@type":"EntryPoint","urlTemplate":"https:\/\/www.padreydecano.com\/cms\/?s={search_term_string}"},"query-input":"required name=search_term_string"}],"inLanguage":"es"},{"@type":"Organization","@id":"https:\/\/www.padreydecano.com\/cms\/#organization","name":"Padre y Decano","url":"https:\/\/www.padreydecano.com\/cms\/","logo":{"@type":"ImageObject","inLanguage":"es","@id":"https:\/\/www.padreydecano.com\/cms\/#\/schema\/logo\/image\/","url":"https:\/\/www.padreydecano.com\/cms\/wp-content\/uploads\/2022\/01\/avatar-square.png","contentUrl":"https:\/\/www.padreydecano.com\/cms\/wp-content\/uploads\/2022\/01\/avatar-square.png","width":1500,"height":1500,"caption":"Padre y Decano"},"image":{"@id":"https:\/\/www.padreydecano.com\/cms\/#\/schema\/logo\/image\/"}},{"@type":"Person","@id":"https:\/\/www.padreydecano.com\/cms\/#\/schema\/person\/b22191326be6d1c7fa55c2ad137a9a32","name":"Udelar","image":{"@type":"ImageObject","inLanguage":"es","@id":"https:\/\/www.padreydecano.com\/cms\/#\/schema\/person\/image\/","url":"https:\/\/secure.gravatar.com\/avatar\/611ece663b16897a2cd2f46982281225?s=96&d=https%3A%2F%2Fpadreydecano.com%2Fcms%2Fwp-content%2Fthemes%2Fpyd-theme%2Fimg%2Fdefault-avatar.png&r=g","contentUrl":"https:\/\/secure.gravatar.com\/avatar\/611ece663b16897a2cd2f46982281225?s=96&d=https%3A%2F%2Fpadreydecano.com%2Fcms%2Fwp-content%2Fthemes%2Fpyd-theme%2Fimg%2Fdefault-avatar.png&r=g","caption":"Udelar"}}]}},"_links":{"self":[{"href":"https:\/\/www.padreydecano.com\/cms\/wp-json\/wp\/v2\/posts\/77074"}],"collection":[{"href":"https:\/\/www.padreydecano.com\/cms\/wp-json\/wp\/v2\/posts"}],"about":[{"href":"https:\/\/www.padreydecano.com\/cms\/wp-json\/wp\/v2\/types\/post"}],"author":[{"embeddable":true,"href":"https:\/\/www.padreydecano.com\/cms\/wp-json\/wp\/v2\/users\/30"}],"replies":[{"embeddable":true,"href":"https:\/\/www.padreydecano.com\/cms\/wp-json\/wp\/v2\/comments?post=77074"}],"version-history":[{"count":0,"href":"https:\/\/www.padreydecano.com\/cms\/wp-json\/wp\/v2\/posts\/77074\/revisions"}],"wp:featuredmedia":[{"embeddable":true,"href":"https:\/\/www.padreydecano.com\/cms\/wp-json\/wp\/v2\/media\/76250"}],"wp:attachment":[{"href":"https:\/\/www.padreydecano.com\/cms\/wp-json\/wp\/v2\/media?parent=77074"}],"wp:term":[{"taxonomy":"category","embeddable":true,"href":"https:\/\/www.padreydecano.com\/cms\/wp-json\/wp\/v2\/categories?post=77074"},{"taxonomy":"post_tag","embeddable":true,"href":"https:\/\/www.padreydecano.com\/cms\/wp-json\/wp\/v2\/tags?post=77074"}],"curies":[{"name":"wp","href":"https:\/\/api.w.org\/{rel}","templated":true}]}}