{"id":77056,"date":"2021-10-16T12:22:38","date_gmt":"2021-10-16T15:22:38","guid":{"rendered":"http:\/\/www.padreydecano.com\/cms\/?p=77056"},"modified":"2021-10-17T19:54:08","modified_gmt":"2021-10-17T22:54:08","slug":"al-este-por-los-tres-puntos","status":"publish","type":"post","link":"https:\/\/www.padreydecano.com\/cms\/noticias\/al-este-por-los-tres-puntos\/","title":{"rendered":"Al Este por los tres puntos"},"content":{"rendered":"<p><a href=\"https:\/\/www.padreydecano.com\/cms\/wp-content\/uploads\/2021\/10\/IMG_20211009_175435.jpg\" rel=\"shadowbox[sbpost-77056];player=img;\"><img loading=\"lazy\" decoding=\"async\" class=\"aligncenter size-full wp-image-77032\" src=\"https:\/\/www.padreydecano.com\/cms\/wp-content\/uploads\/2021\/10\/IMG_20211009_175435.jpg\" alt=\"\" width=\"2048\" height=\"1364\" srcset=\"https:\/\/www.padreydecano.com\/cms\/wp-content\/uploads\/2021\/10\/IMG_20211009_175435.jpg 2048w, https:\/\/www.padreydecano.com\/cms\/wp-content\/uploads\/2021\/10\/IMG_20211009_175435-600x400.jpg 600w, https:\/\/www.padreydecano.com\/cms\/wp-content\/uploads\/2021\/10\/IMG_20211009_175435-768x512.jpg 768w, https:\/\/www.padreydecano.com\/cms\/wp-content\/uploads\/2021\/10\/IMG_20211009_175435-1024x682.jpg 1024w\" sizes=\"(max-width: 2048px) 100vw, 2048px\" \/><\/a><\/p>\n<p style=\"text-align: justify;\"><strong>Pe\u00f1arol visitar\u00e1 el pr\u00f3ximo domingo a Deportivo Maldonado por la sexta fecha del Torneo Clausura con el objetivo de seguir prendido arriba en ambas tablas. El partido est\u00e1 marcado para las 15:30 horas e ir\u00e1 televisado por VTV.<\/strong><\/p>\n<p style=\"text-align: justify;\"><strong>Luego de la ajustada victoria ante Rentistas, Pe\u00f1arol regresa nuevamente al Domingo Burgue\u00f1o Miguel en busca de un triunfo que le permita mantener el liderato en el Torneo Clausura y la tabla anual.<\/strong><\/p>\n<p style=\"text-align: justify;\"><span style=\"color: #ffcc00;\"><strong>Equipo probable<\/strong><\/span><\/p>\n<p style=\"text-align: justify;\">Kevin Dawson; Giovanni Gonz\u00e1lez, Gary Kagelmacher, Carlos Rodr\u00edguez, Juan Manuel Ramos; Agust\u00edn Canobbio, Jes\u00fas Trindade, Walter Gargano, Facundo Torres; Pablo Ceppelini \u00a0y Agust\u00edn \u00c1lvarez Mart\u00ednez.<\/p>\n<p style=\"text-align: justify;\"><span style=\"color: #ffcc00;\"><strong>Vuelven <\/strong><\/span><\/p>\n<p style=\"text-align: justify;\">Luego de estar entre los convocados para la triple fecha de las Eliminatorias CONMEBOL, Giovanni Gonz\u00e1lez, Facundo Torres y Agust\u00edn \u00c1lvarez Mart\u00ednez vuelven a estar presentes con Pe\u00f1arol.<\/p>\n<p style=\"text-align: justify;\"><span style=\"color: #ffcc00;\"><strong>\u00bfC\u00f3mo vienen ambos?<\/strong><\/span><\/p>\n<p style=\"text-align: justify;\">El Decano cosech\u00f3 un apretado triunfo ante el Bicho Colorado. Con un gol tempranero de Maximiliano Pereira, el Carbonero sum\u00f3 puntos importantes para ambas tablas. Por su parte, el Depor, viene de igualar en el \u00faltimo minuto frente a su similar de Cerro Largo. El conjunto de Maldonado se posiciona en el d\u00e9cimo lugar de la tabla de posiciones con 7 unidades.<\/p>\n<p style=\"text-align: justify;\"><span style=\"color: #ffcc00;\"><strong>\u00daltimos antecedentes <\/strong><\/span><\/p>\n<p style=\"text-align: justify;\"><strong>Torneo Intermedio 2020:<\/strong> <span style=\"color: #ffcc00;\"><strong>Pe\u00f1arol<\/strong> <\/span>4 \u2013 1 Deportivo Maldonado<\/p>\n<p style=\"text-align: justify;\"><strong>Torneo Clausura 2020:<\/strong> <span style=\"color: #ffcc00;\"><strong>Pe\u00f1arol<\/strong> <\/span>1 \u2013 1 Deportivo Maldonado<\/p>\n<p style=\"text-align: justify;\"><strong>Torneo Apertura 2021:<\/strong> <span style=\"color: #ffcc00;\"><strong>Pe\u00f1arol<\/strong> <\/span>4 \u2013 0 Deportivo Maldonado<\/p>\n<p style=\"text-align: justify;\"><span style=\"color: #ffcc00;\"><strong>\u00c1rbitros<\/strong><\/span><\/p>\n<p style=\"text-align: justify;\">Gustavo Tejera ser\u00e1 el juez principal del encuentro. Nicol\u00e1s Tar\u00e1n y Daiana Fern\u00e1ndez ser\u00e1n los l\u00edneas, mientras que Santiago Motta fue designado cuarto \u00e1rbitro. En el VAR estar\u00e1 al mando Daniel Fedorczuk acompa\u00f1ado de Javier Burgos.<\/p>\n<p><span style=\"color: #ffcc00;\"><strong>Venta de entradas<\/strong><\/span><\/p>\n<p>\u00a1Todo lo que tenes que saber sobre la venta de entradas del partido haciendo click\u00a0<a title=\"aqu\u00ed\" href=\"https:\/\/www.padreydecano.com\/cms\/noticias\/venta-de-entradas-vs-deportivo-maldonado-clausura-2021\/\" target=\"_blank\" rel=\"noopener\">aqu\u00ed!<\/a><\/p>\n<p style=\"text-align: justify;\"><span style=\"color: #ffcc00;\"><strong>Lo que se viene<\/strong><\/span><\/p>\n<p style=\"text-align: justify;\">Por la s\u00e9ptima fecha del Torneo Clausura, Pe\u00f1arol enfrentar\u00e1 a Montevideo City Torque. El partido est\u00e1 programado para el mi\u00e9rcoles 20 a las 20:30 horas en el Estadio Campe\u00f3n del Siglo.<\/p>\n<div class=\"user-wrapper\"><a class=\"userlink\" href=\"https:\/\/twitter.com\/mathiaastilve\" target=\"_blank\"><figure><img decoding=\"async\" src=\"http:\/\/www.padreydecano.com\/cms\/wp-users-files\/postfirmas\/mathiastilve.jpg\" \/><\/figure><p class=\"user\"><strong>Mathias Tilve<\/strong><br \/>@mathiaastilve<\/p><\/a><\/div>\n","protected":false},"excerpt":{"rendered":"<p>Pe\u00f1arol visitar\u00e1 el pr\u00f3ximo domingo a Deportivo Maldonado por la sexta fecha del Torneo Clausura con el objetivo de seguir prendido arriba en ambas tablas. El partido est\u00e1 marcado para las 15:30 horas e ir\u00e1 televisado por VTV. Luego de la ajustada victoria ante Rentistas, Pe\u00f1arol regresa nuevamente al Domingo Burgue\u00f1o Miguel en busca de [&hellip;]<\/p>\n","protected":false},"author":30,"featured_media":77032,"comment_status":"open","ping_status":"closed","sticky":false,"template":"","format":"standard","meta":{"footnotes":""},"categories":[1],"tags":[496],"yoast_head":"<!-- This site is optimized with the Yoast SEO plugin v23.2 - https:\/\/yoast.com\/wordpress\/plugins\/seo\/ -->\n<title>Al Este por los tres puntos - Padre y Decano - El Sitio del Pueblo<\/title>\n<meta name=\"robots\" content=\"index, follow, max-snippet:-1, max-image-preview:large, max-video-preview:-1\" \/>\n<link rel=\"canonical\" href=\"https:\/\/www.padreydecano.com\/cms\/noticias\/al-este-por-los-tres-puntos\/\" \/>\n<meta property=\"og:locale\" content=\"es_ES\" \/>\n<meta property=\"og:type\" content=\"article\" \/>\n<meta property=\"og:title\" content=\"Al Este por los tres puntos - Padre y Decano - El Sitio del Pueblo\" \/>\n<meta property=\"og:description\" content=\"Pe\u00f1arol visitar\u00e1 el pr\u00f3ximo domingo a Deportivo Maldonado por la sexta fecha del Torneo Clausura con el objetivo de seguir prendido arriba en ambas tablas. El partido est\u00e1 marcado para las 15:30 horas e ir\u00e1 televisado por VTV. Luego de la ajustada victoria ante Rentistas, Pe\u00f1arol regresa nuevamente al Domingo Burgue\u00f1o Miguel en busca de [&hellip;]\" \/>\n<meta property=\"og:url\" content=\"https:\/\/www.padreydecano.com\/cms\/noticias\/al-este-por-los-tres-puntos\/\" \/>\n<meta property=\"og:site_name\" content=\"Padre y Decano - El Sitio del Pueblo\" \/>\n<meta property=\"article:published_time\" content=\"2021-10-16T15:22:38+00:00\" \/>\n<meta property=\"article:modified_time\" content=\"2021-10-17T22:54:08+00:00\" \/>\n<meta property=\"og:image\" content=\"https:\/\/www.padreydecano.com\/cms\/wp-content\/uploads\/2021\/10\/IMG_20211009_175435.jpg\" \/>\n\t<meta property=\"og:image:width\" content=\"2048\" \/>\n\t<meta property=\"og:image:height\" content=\"1364\" \/>\n\t<meta property=\"og:image:type\" content=\"image\/jpeg\" \/>\n<meta name=\"author\" content=\"Udelar\" \/>\n<meta name=\"twitter:card\" content=\"summary_large_image\" \/>\n<meta name=\"twitter:label1\" content=\"Escrito por\" \/>\n\t<meta name=\"twitter:data1\" content=\"Udelar\" \/>\n\t<meta name=\"twitter:label2\" content=\"Tiempo de lectura\" \/>\n\t<meta name=\"twitter:data2\" content=\"2 minutos\" \/>\n<script type=\"application\/ld+json\" class=\"yoast-schema-graph\">{\"@context\":\"https:\/\/schema.org\",\"@graph\":[{\"@type\":\"Article\",\"@id\":\"https:\/\/www.padreydecano.com\/cms\/noticias\/al-este-por-los-tres-puntos\/#article\",\"isPartOf\":{\"@id\":\"https:\/\/www.padreydecano.com\/cms\/noticias\/al-este-por-los-tres-puntos\/\"},\"author\":{\"name\":\"Udelar\",\"@id\":\"https:\/\/www.padreydecano.com\/cms\/#\/schema\/person\/b22191326be6d1c7fa55c2ad137a9a32\"},\"headline\":\"Al Este por los tres puntos\",\"datePublished\":\"2021-10-16T15:22:38+00:00\",\"dateModified\":\"2021-10-17T22:54:08+00:00\",\"mainEntityOfPage\":{\"@id\":\"https:\/\/www.padreydecano.com\/cms\/noticias\/al-este-por-los-tres-puntos\/\"},\"wordCount\":332,\"commentCount\":15,\"publisher\":{\"@id\":\"https:\/\/www.padreydecano.com\/cms\/#organization\"},\"image\":{\"@id\":\"https:\/\/www.padreydecano.com\/cms\/noticias\/al-este-por-los-tres-puntos\/#primaryimage\"},\"thumbnailUrl\":\"https:\/\/www.padreydecano.com\/cms\/wp-content\/uploads\/2021\/10\/IMG_20211009_175435.jpg\",\"keywords\":[\"Torneo Clausura 2021\"],\"articleSection\":[\"Noticias\"],\"inLanguage\":\"es\",\"potentialAction\":[{\"@type\":\"CommentAction\",\"name\":\"Comment\",\"target\":[\"https:\/\/www.padreydecano.com\/cms\/noticias\/al-este-por-los-tres-puntos\/#respond\"]}]},{\"@type\":\"WebPage\",\"@id\":\"https:\/\/www.padreydecano.com\/cms\/noticias\/al-este-por-los-tres-puntos\/\",\"url\":\"https:\/\/www.padreydecano.com\/cms\/noticias\/al-este-por-los-tres-puntos\/\",\"name\":\"Al Este por los tres puntos - Padre y Decano - El Sitio del Pueblo\",\"isPartOf\":{\"@id\":\"https:\/\/www.padreydecano.com\/cms\/#website\"},\"primaryImageOfPage\":{\"@id\":\"https:\/\/www.padreydecano.com\/cms\/noticias\/al-este-por-los-tres-puntos\/#primaryimage\"},\"image\":{\"@id\":\"https:\/\/www.padreydecano.com\/cms\/noticias\/al-este-por-los-tres-puntos\/#primaryimage\"},\"thumbnailUrl\":\"https:\/\/www.padreydecano.com\/cms\/wp-content\/uploads\/2021\/10\/IMG_20211009_175435.jpg\",\"datePublished\":\"2021-10-16T15:22:38+00:00\",\"dateModified\":\"2021-10-17T22:54:08+00:00\",\"breadcrumb\":{\"@id\":\"https:\/\/www.padreydecano.com\/cms\/noticias\/al-este-por-los-tres-puntos\/#breadcrumb\"},\"inLanguage\":\"es\",\"potentialAction\":[{\"@type\":\"ReadAction\",\"target\":[\"https:\/\/www.padreydecano.com\/cms\/noticias\/al-este-por-los-tres-puntos\/\"]}]},{\"@type\":\"ImageObject\",\"inLanguage\":\"es\",\"@id\":\"https:\/\/www.padreydecano.com\/cms\/noticias\/al-este-por-los-tres-puntos\/#primaryimage\",\"url\":\"https:\/\/www.padreydecano.com\/cms\/wp-content\/uploads\/2021\/10\/IMG_20211009_175435.jpg\",\"contentUrl\":\"https:\/\/www.padreydecano.com\/cms\/wp-content\/uploads\/2021\/10\/IMG_20211009_175435.jpg\",\"width\":2048,\"height\":1364},{\"@type\":\"BreadcrumbList\",\"@id\":\"https:\/\/www.padreydecano.com\/cms\/noticias\/al-este-por-los-tres-puntos\/#breadcrumb\",\"itemListElement\":[{\"@type\":\"ListItem\",\"position\":1,\"name\":\"Portada\",\"item\":\"https:\/\/www.padreydecano.com\/cms\/\"},{\"@type\":\"ListItem\",\"position\":2,\"name\":\"Al Este por los tres puntos\"}]},{\"@type\":\"WebSite\",\"@id\":\"https:\/\/www.padreydecano.com\/cms\/#website\",\"url\":\"https:\/\/www.padreydecano.com\/cms\/\",\"name\":\"Padre y Decano - El Sitio del Pueblo\",\"description\":\"Club Atl\u00e9tico Pe\u00f1arol\",\"publisher\":{\"@id\":\"https:\/\/www.padreydecano.com\/cms\/#organization\"},\"potentialAction\":[{\"@type\":\"SearchAction\",\"target\":{\"@type\":\"EntryPoint\",\"urlTemplate\":\"https:\/\/www.padreydecano.com\/cms\/?s={search_term_string}\"},\"query-input\":\"required name=search_term_string\"}],\"inLanguage\":\"es\"},{\"@type\":\"Organization\",\"@id\":\"https:\/\/www.padreydecano.com\/cms\/#organization\",\"name\":\"Padre y Decano\",\"url\":\"https:\/\/www.padreydecano.com\/cms\/\",\"logo\":{\"@type\":\"ImageObject\",\"inLanguage\":\"es\",\"@id\":\"https:\/\/www.padreydecano.com\/cms\/#\/schema\/logo\/image\/\",\"url\":\"https:\/\/www.padreydecano.com\/cms\/wp-content\/uploads\/2022\/01\/avatar-square.png\",\"contentUrl\":\"https:\/\/www.padreydecano.com\/cms\/wp-content\/uploads\/2022\/01\/avatar-square.png\",\"width\":1500,\"height\":1500,\"caption\":\"Padre y Decano\"},\"image\":{\"@id\":\"https:\/\/www.padreydecano.com\/cms\/#\/schema\/logo\/image\/\"}},{\"@type\":\"Person\",\"@id\":\"https:\/\/www.padreydecano.com\/cms\/#\/schema\/person\/b22191326be6d1c7fa55c2ad137a9a32\",\"name\":\"Udelar\",\"image\":{\"@type\":\"ImageObject\",\"inLanguage\":\"es\",\"@id\":\"https:\/\/www.padreydecano.com\/cms\/#\/schema\/person\/image\/\",\"url\":\"https:\/\/secure.gravatar.com\/avatar\/611ece663b16897a2cd2f46982281225?s=96&d=https%3A%2F%2Fpadreydecano.com%2Fcms%2Fwp-content%2Fthemes%2Fpyd-theme%2Fimg%2Fdefault-avatar.png&r=g\",\"contentUrl\":\"https:\/\/secure.gravatar.com\/avatar\/611ece663b16897a2cd2f46982281225?s=96&d=https%3A%2F%2Fpadreydecano.com%2Fcms%2Fwp-content%2Fthemes%2Fpyd-theme%2Fimg%2Fdefault-avatar.png&r=g\",\"caption\":\"Udelar\"}}]}<\/script>\n<!-- \/ Yoast SEO plugin. -->","yoast_head_json":{"title":"Al Este por los tres puntos - Padre y Decano - El Sitio del Pueblo","robots":{"index":"index","follow":"follow","max-snippet":"max-snippet:-1","max-image-preview":"max-image-preview:large","max-video-preview":"max-video-preview:-1"},"canonical":"https:\/\/www.padreydecano.com\/cms\/noticias\/al-este-por-los-tres-puntos\/","og_locale":"es_ES","og_type":"article","og_title":"Al Este por los tres puntos - Padre y Decano - El Sitio del Pueblo","og_description":"Pe\u00f1arol visitar\u00e1 el pr\u00f3ximo domingo a Deportivo Maldonado por la sexta fecha del Torneo Clausura con el objetivo de seguir prendido arriba en ambas tablas. El partido est\u00e1 marcado para las 15:30 horas e ir\u00e1 televisado por VTV. Luego de la ajustada victoria ante Rentistas, Pe\u00f1arol regresa nuevamente al Domingo Burgue\u00f1o Miguel en busca de [&hellip;]","og_url":"https:\/\/www.padreydecano.com\/cms\/noticias\/al-este-por-los-tres-puntos\/","og_site_name":"Padre y Decano - El Sitio del Pueblo","article_published_time":"2021-10-16T15:22:38+00:00","article_modified_time":"2021-10-17T22:54:08+00:00","og_image":[{"width":2048,"height":1364,"url":"https:\/\/www.padreydecano.com\/cms\/wp-content\/uploads\/2021\/10\/IMG_20211009_175435.jpg","type":"image\/jpeg"}],"author":"Udelar","twitter_card":"summary_large_image","twitter_misc":{"Escrito por":"Udelar","Tiempo de lectura":"2 minutos"},"schema":{"@context":"https:\/\/schema.org","@graph":[{"@type":"Article","@id":"https:\/\/www.padreydecano.com\/cms\/noticias\/al-este-por-los-tres-puntos\/#article","isPartOf":{"@id":"https:\/\/www.padreydecano.com\/cms\/noticias\/al-este-por-los-tres-puntos\/"},"author":{"name":"Udelar","@id":"https:\/\/www.padreydecano.com\/cms\/#\/schema\/person\/b22191326be6d1c7fa55c2ad137a9a32"},"headline":"Al Este por los tres puntos","datePublished":"2021-10-16T15:22:38+00:00","dateModified":"2021-10-17T22:54:08+00:00","mainEntityOfPage":{"@id":"https:\/\/www.padreydecano.com\/cms\/noticias\/al-este-por-los-tres-puntos\/"},"wordCount":332,"commentCount":15,"publisher":{"@id":"https:\/\/www.padreydecano.com\/cms\/#organization"},"image":{"@id":"https:\/\/www.padreydecano.com\/cms\/noticias\/al-este-por-los-tres-puntos\/#primaryimage"},"thumbnailUrl":"https:\/\/www.padreydecano.com\/cms\/wp-content\/uploads\/2021\/10\/IMG_20211009_175435.jpg","keywords":["Torneo Clausura 2021"],"articleSection":["Noticias"],"inLanguage":"es","potentialAction":[{"@type":"CommentAction","name":"Comment","target":["https:\/\/www.padreydecano.com\/cms\/noticias\/al-este-por-los-tres-puntos\/#respond"]}]},{"@type":"WebPage","@id":"https:\/\/www.padreydecano.com\/cms\/noticias\/al-este-por-los-tres-puntos\/","url":"https:\/\/www.padreydecano.com\/cms\/noticias\/al-este-por-los-tres-puntos\/","name":"Al Este por los tres puntos - Padre y Decano - El Sitio del Pueblo","isPartOf":{"@id":"https:\/\/www.padreydecano.com\/cms\/#website"},"primaryImageOfPage":{"@id":"https:\/\/www.padreydecano.com\/cms\/noticias\/al-este-por-los-tres-puntos\/#primaryimage"},"image":{"@id":"https:\/\/www.padreydecano.com\/cms\/noticias\/al-este-por-los-tres-puntos\/#primaryimage"},"thumbnailUrl":"https:\/\/www.padreydecano.com\/cms\/wp-content\/uploads\/2021\/10\/IMG_20211009_175435.jpg","datePublished":"2021-10-16T15:22:38+00:00","dateModified":"2021-10-17T22:54:08+00:00","breadcrumb":{"@id":"https:\/\/www.padreydecano.com\/cms\/noticias\/al-este-por-los-tres-puntos\/#breadcrumb"},"inLanguage":"es","potentialAction":[{"@type":"ReadAction","target":["https:\/\/www.padreydecano.com\/cms\/noticias\/al-este-por-los-tres-puntos\/"]}]},{"@type":"ImageObject","inLanguage":"es","@id":"https:\/\/www.padreydecano.com\/cms\/noticias\/al-este-por-los-tres-puntos\/#primaryimage","url":"https:\/\/www.padreydecano.com\/cms\/wp-content\/uploads\/2021\/10\/IMG_20211009_175435.jpg","contentUrl":"https:\/\/www.padreydecano.com\/cms\/wp-content\/uploads\/2021\/10\/IMG_20211009_175435.jpg","width":2048,"height":1364},{"@type":"BreadcrumbList","@id":"https:\/\/www.padreydecano.com\/cms\/noticias\/al-este-por-los-tres-puntos\/#breadcrumb","itemListElement":[{"@type":"ListItem","position":1,"name":"Portada","item":"https:\/\/www.padreydecano.com\/cms\/"},{"@type":"ListItem","position":2,"name":"Al Este por los tres puntos"}]},{"@type":"WebSite","@id":"https:\/\/www.padreydecano.com\/cms\/#website","url":"https:\/\/www.padreydecano.com\/cms\/","name":"Padre y Decano - El Sitio del Pueblo","description":"Club Atl\u00e9tico Pe\u00f1arol","publisher":{"@id":"https:\/\/www.padreydecano.com\/cms\/#organization"},"potentialAction":[{"@type":"SearchAction","target":{"@type":"EntryPoint","urlTemplate":"https:\/\/www.padreydecano.com\/cms\/?s={search_term_string}"},"query-input":"required name=search_term_string"}],"inLanguage":"es"},{"@type":"Organization","@id":"https:\/\/www.padreydecano.com\/cms\/#organization","name":"Padre y Decano","url":"https:\/\/www.padreydecano.com\/cms\/","logo":{"@type":"ImageObject","inLanguage":"es","@id":"https:\/\/www.padreydecano.com\/cms\/#\/schema\/logo\/image\/","url":"https:\/\/www.padreydecano.com\/cms\/wp-content\/uploads\/2022\/01\/avatar-square.png","contentUrl":"https:\/\/www.padreydecano.com\/cms\/wp-content\/uploads\/2022\/01\/avatar-square.png","width":1500,"height":1500,"caption":"Padre y Decano"},"image":{"@id":"https:\/\/www.padreydecano.com\/cms\/#\/schema\/logo\/image\/"}},{"@type":"Person","@id":"https:\/\/www.padreydecano.com\/cms\/#\/schema\/person\/b22191326be6d1c7fa55c2ad137a9a32","name":"Udelar","image":{"@type":"ImageObject","inLanguage":"es","@id":"https:\/\/www.padreydecano.com\/cms\/#\/schema\/person\/image\/","url":"https:\/\/secure.gravatar.com\/avatar\/611ece663b16897a2cd2f46982281225?s=96&d=https%3A%2F%2Fpadreydecano.com%2Fcms%2Fwp-content%2Fthemes%2Fpyd-theme%2Fimg%2Fdefault-avatar.png&r=g","contentUrl":"https:\/\/secure.gravatar.com\/avatar\/611ece663b16897a2cd2f46982281225?s=96&d=https%3A%2F%2Fpadreydecano.com%2Fcms%2Fwp-content%2Fthemes%2Fpyd-theme%2Fimg%2Fdefault-avatar.png&r=g","caption":"Udelar"}}]}},"_links":{"self":[{"href":"https:\/\/www.padreydecano.com\/cms\/wp-json\/wp\/v2\/posts\/77056"}],"collection":[{"href":"https:\/\/www.padreydecano.com\/cms\/wp-json\/wp\/v2\/posts"}],"about":[{"href":"https:\/\/www.padreydecano.com\/cms\/wp-json\/wp\/v2\/types\/post"}],"author":[{"embeddable":true,"href":"https:\/\/www.padreydecano.com\/cms\/wp-json\/wp\/v2\/users\/30"}],"replies":[{"embeddable":true,"href":"https:\/\/www.padreydecano.com\/cms\/wp-json\/wp\/v2\/comments?post=77056"}],"version-history":[{"count":0,"href":"https:\/\/www.padreydecano.com\/cms\/wp-json\/wp\/v2\/posts\/77056\/revisions"}],"wp:featuredmedia":[{"embeddable":true,"href":"https:\/\/www.padreydecano.com\/cms\/wp-json\/wp\/v2\/media\/77032"}],"wp:attachment":[{"href":"https:\/\/www.padreydecano.com\/cms\/wp-json\/wp\/v2\/media?parent=77056"}],"wp:term":[{"taxonomy":"category","embeddable":true,"href":"https:\/\/www.padreydecano.com\/cms\/wp-json\/wp\/v2\/categories?post=77056"},{"taxonomy":"post_tag","embeddable":true,"href":"https:\/\/www.padreydecano.com\/cms\/wp-json\/wp\/v2\/tags?post=77056"}],"curies":[{"name":"wp","href":"https:\/\/api.w.org\/{rel}","templated":true}]}}