{"id":77031,"date":"2021-10-09T17:55:36","date_gmt":"2021-10-09T20:55:36","guid":{"rendered":"http:\/\/www.padreydecano.com\/cms\/?p=77031"},"modified":"2021-10-14T14:00:22","modified_gmt":"2021-10-14T17:00:22","slug":"con-lo-justo","status":"publish","type":"post","link":"https:\/\/www.padreydecano.com\/cms\/noticias\/con-lo-justo\/","title":{"rendered":"Con lo justo"},"content":{"rendered":"<p style=\"text-align: justify;\"><a href=\"https:\/\/www.padreydecano.com\/cms\/wp-content\/uploads\/2021\/10\/IMG_20211009_175435.jpg\" rel=\"shadowbox[sbpost-77031];player=img;\"><img loading=\"lazy\" decoding=\"async\" class=\"size-large wp-image-77032\" src=\"https:\/\/www.padreydecano.com\/cms\/wp-content\/uploads\/2021\/10\/IMG_20211009_175435-1024x682.jpg\" alt=\"\" width=\"620\" height=\"413\" srcset=\"https:\/\/www.padreydecano.com\/cms\/wp-content\/uploads\/2021\/10\/IMG_20211009_175435-1024x682.jpg 1024w, https:\/\/www.padreydecano.com\/cms\/wp-content\/uploads\/2021\/10\/IMG_20211009_175435-600x400.jpg 600w, https:\/\/www.padreydecano.com\/cms\/wp-content\/uploads\/2021\/10\/IMG_20211009_175435-768x512.jpg 768w, https:\/\/www.padreydecano.com\/cms\/wp-content\/uploads\/2021\/10\/IMG_20211009_175435.jpg 2048w\" sizes=\"(max-width: 620px) 100vw, 620px\" \/><\/a><\/p>\n<p style=\"text-align: justify;\"><strong>Pe\u00f1arol derrot\u00f3 por la m\u00ednima a Rentistas por la quinta fecha en el Campus de Maldonado y sigue como \u00fanico puntero del Torneo Clausura.<\/strong><\/p>\n<p style=\"text-align: justify;\">Con la ausencia por expulsi\u00f3n de Edgar Elizalde, la lesi\u00f3n de Agust\u00edn \u00c1lvarez Wallace, y las citaciones a la selecci\u00f3n uruguaya de Giovanni Gonz\u00e1lez, Facundo Torres y Agust\u00edn \u00c1lvarez Mart\u00ednez, Mauricio Larriera realiz\u00f3 cambios en el once y en el banco de suplentes.<\/p>\n<p style=\"text-align: justify;\">El equipo titular fue con: Kevin Dawson; Maximiliano Pereira, Gary Kagelmacher, Carlos Rodr\u00edguez, Juan Manuel Ramos; Agust\u00edn Canobbio, Jes\u00fas Trindade, Walter Gargano, Ignacio Laquintana; Pablo Ceppelini (68&#8242; Dami\u00e1n Musto) y Ruben Bentancourt (68&#8242; Valent\u00edn Rodr\u00edguez).<\/p>\n<p style=\"text-align: justify;\">Banco: Neto Volpi, Agust\u00edn Da Silveira, Ezequiel Busquets, Franco Mart\u00ednez, Maximo Alonso, Nicol\u00e1s Gait\u00e1n, Nicol\u00e1s Rossi y Nicol\u00e1s Garc\u00eda.<\/p>\n<p style=\"text-align: justify;\"><span style=\"color: #ffcc00;\"><strong>Primer tiempo<\/strong><\/span><\/p>\n<p style=\"text-align: justify;\">Con las importantes bajas para este partido, el entrenador sab\u00eda que, aunque el rival no ven\u00eda teniendo buenos resultados, ser\u00eda un partido peleado.<\/p>\n<p style=\"text-align: justify;\">Lo mejor que le pod\u00eda pasar al carbonero, fue lo que pas\u00f3. <strong>Gol tempranero de Maximiliano Pereira para en apenas 3 minutos de juego poner arriba del marcador al decano<\/strong> y mantener el resultado. Primer gol del Mono con la camiseta aurinegra.<\/p>\n<p style=\"text-align: justify;\">Tras varios minutos de buen juego y superioridad, a los 16&#8242; lleg\u00f3 otra clara oportunidad de gol aurinegro. Centro al \u00e1rea y Carlos Rodr\u00edguez de cabeza revienta el vertical derecho.<\/p>\n<p style=\"text-align: justify;\">Posteriormente Rentistas intent\u00f3 por primera vez con peligro, disparo cruzado de afuera del \u00e1rea que Dawson manotea al c\u00f3rner. Minutos m\u00e1s tarde Dawson volvi\u00f3 a responder bien tras un d\u00e9bil tiro del punta colorado.<\/p>\n<p style=\"text-align: justify;\">El aurinegro de a poco fue teniendo m\u00e1s dificultades para atacar. Pasado los 30&#8242; se logra una r\u00e1pida jugada en ataque que termina en los pies de Bentancourt, que no pudo conectar de buena manera y termin\u00f3 en las manos del meta rival.<\/p>\n<p style=\"text-align: justify;\">De a poco el equipo de Larriera se fue apagando, perdiendo profundidad y el local atacaba m\u00e1s.<\/p>\n<p style=\"text-align: justify;\">En los minutos finales de la primera parte, Ceppelini entreg\u00f3 mal la pelota, el rival patea, ataja de buena manera Dawson y en el rebote aparece el punta colorado para anotar el empate. Sin embargo en ese mismo instante el l\u00ednea levant\u00f3 la bandera, anulando el gol por posici\u00f3n adelantada. El VAR de buena manera le dio la derecha al \u00e1rbitro.<\/p>\n<p style=\"text-align: justify;\"><span style=\"color: #ffcc00;\"><strong>Segundo tiempo<\/strong><\/span><\/p>\n<p style=\"text-align: justify;\">En una hist\u00f3rica fecha, marcada por la fuga del tradicional rival en un partido cl\u00e1sico en 1949, vale la pena destacar que todos vuelven a disputar la segunda parte, a\u00fan si van abajo en el marcador.<\/p>\n<p style=\"text-align: justify;\">El complemento comenz\u00f3 entreverado, con m\u00e1s peso ofensivo por parte de Rentistas, que no supo aprovechar sus situaciones de gol.<\/p>\n<p style=\"text-align: justify;\">Reci\u00e9n pasados m\u00e1s de 20 minutos del complemento volvi\u00f3 a atacar Pe\u00f1arol. En ese momento ya estaban Valent\u00edn Rodr\u00edguez y Dami\u00e1n Musto en cancha, en lugar de Ceppelini y Bentancourt. Canobbio se qued\u00f3 m\u00e1s como punta.<\/p>\n<p style=\"text-align: justify;\">A los 78&#8242;, Musto toc\u00f3 r\u00e1pidamente con Canobbio que desbord\u00f3 y asisti\u00f3 en el medio a Trindade, que defini\u00f3 mal, pasando por arriba del horizontal.<\/p>\n<p style=\"text-align: justify;\">Un minuto despu\u00e9s, tras un centro desde el c\u00f3rner, la pelota le queda a Kagelmacher en el \u00e1rea, que intenta definir tras recibir una falta y termina dando el bal\u00f3n contra el golero. La falta es clar\u00edsima, a\u00fan as\u00ed, incre\u00edblemente, no es sancionada como penal en primera instancia, ni revisada por el VAR. Hoy este error quedar\u00e1 opacado por la victoria aurinegra, pero nuevamente Pe\u00f1arol fue perjudicado por el arbitraje, y nuevamente con VAR presente.<\/p>\n<p style=\"text-align: justify;\">En los minutos finales no pasaron mayores detalles a destacar, as\u00ed Pe\u00f1arol se llev\u00f3 la victoria de Maldonado.<\/p>\n<p style=\"text-align: justify;\">El decano sigue puntero del Clausura y mete presi\u00f3n a Plaza Colonia por la Anual. La pr\u00f3xima fecha ser\u00e1 en el mismo escenario deportivo, en la visita a Deportivo Maldonado.<\/p>\n<p style=\"text-align: justify;\"><div class=\"user-wrapper\"><a class=\"userlink\"href=\"https:\/\/twitter.com\/ftrucce18\" target=\"_blank\"><figure><img decoding=\"async\" src=\"http:\/\/www.padreydecano.com\/cms\/wp-users-files\/postfirmas\/ftrucce.jpg\" \/><\/figure><p class=\"user\"><strong>Franco Trucce<\/strong><br \/>@FTrucce18<\/p><\/a><\/div><\/p>\n","protected":false},"excerpt":{"rendered":"<p>Pe\u00f1arol derrot\u00f3 por la m\u00ednima a Rentistas por la quinta fecha en el Campus de Maldonado y sigue como \u00fanico puntero del Torneo Clausura. Con la ausencia por expulsi\u00f3n de Edgar Elizalde, la lesi\u00f3n de Agust\u00edn \u00c1lvarez Wallace, y las citaciones a la selecci\u00f3n uruguaya de Giovanni Gonz\u00e1lez, Facundo Torres y Agust\u00edn \u00c1lvarez Mart\u00ednez, Mauricio [&hellip;]<\/p>\n","protected":false},"author":13,"featured_media":77032,"comment_status":"open","ping_status":"closed","sticky":false,"template":"","format":"standard","meta":{"footnotes":""},"categories":[1,13],"tags":[496],"yoast_head":"<!-- This site is optimized with the Yoast SEO plugin v23.2 - https:\/\/yoast.com\/wordpress\/plugins\/seo\/ -->\n<title>Con lo justo - Padre y Decano - El Sitio del Pueblo<\/title>\n<meta name=\"robots\" content=\"index, follow, max-snippet:-1, max-image-preview:large, max-video-preview:-1\" \/>\n<link rel=\"canonical\" href=\"https:\/\/www.padreydecano.com\/cms\/noticias\/con-lo-justo\/\" \/>\n<meta property=\"og:locale\" content=\"es_ES\" \/>\n<meta property=\"og:type\" content=\"article\" \/>\n<meta property=\"og:title\" content=\"Con lo justo - Padre y Decano - El Sitio del Pueblo\" \/>\n<meta property=\"og:description\" content=\"Pe\u00f1arol derrot\u00f3 por la m\u00ednima a Rentistas por la quinta fecha en el Campus de Maldonado y sigue como \u00fanico puntero del Torneo Clausura. Con la ausencia por expulsi\u00f3n de Edgar Elizalde, la lesi\u00f3n de Agust\u00edn \u00c1lvarez Wallace, y las citaciones a la selecci\u00f3n uruguaya de Giovanni Gonz\u00e1lez, Facundo Torres y Agust\u00edn \u00c1lvarez Mart\u00ednez, Mauricio [&hellip;]\" \/>\n<meta property=\"og:url\" content=\"https:\/\/www.padreydecano.com\/cms\/noticias\/con-lo-justo\/\" \/>\n<meta property=\"og:site_name\" content=\"Padre y Decano - El Sitio del Pueblo\" \/>\n<meta property=\"article:published_time\" content=\"2021-10-09T20:55:36+00:00\" \/>\n<meta property=\"article:modified_time\" content=\"2021-10-14T17:00:22+00:00\" \/>\n<meta property=\"og:image\" content=\"https:\/\/www.padreydecano.com\/cms\/wp-content\/uploads\/2021\/10\/IMG_20211009_175435.jpg\" \/>\n\t<meta property=\"og:image:width\" content=\"2048\" \/>\n\t<meta property=\"og:image:height\" content=\"1364\" \/>\n\t<meta property=\"og:image:type\" content=\"image\/jpeg\" \/>\n<meta name=\"author\" content=\"Moderador\" \/>\n<meta name=\"twitter:card\" content=\"summary_large_image\" \/>\n<meta name=\"twitter:label1\" content=\"Escrito por\" \/>\n\t<meta name=\"twitter:data1\" content=\"Moderador\" \/>\n\t<meta name=\"twitter:label2\" content=\"Tiempo de lectura\" \/>\n\t<meta name=\"twitter:data2\" content=\"3 minutos\" \/>\n<script type=\"application\/ld+json\" class=\"yoast-schema-graph\">{\"@context\":\"https:\/\/schema.org\",\"@graph\":[{\"@type\":\"Article\",\"@id\":\"https:\/\/www.padreydecano.com\/cms\/noticias\/con-lo-justo\/#article\",\"isPartOf\":{\"@id\":\"https:\/\/www.padreydecano.com\/cms\/noticias\/con-lo-justo\/\"},\"author\":{\"name\":\"Moderador\",\"@id\":\"https:\/\/www.padreydecano.com\/cms\/#\/schema\/person\/d93e9e537230ae052c194251d9a1def2\"},\"headline\":\"Con lo justo\",\"datePublished\":\"2021-10-09T20:55:36+00:00\",\"dateModified\":\"2021-10-14T17:00:22+00:00\",\"mainEntityOfPage\":{\"@id\":\"https:\/\/www.padreydecano.com\/cms\/noticias\/con-lo-justo\/\"},\"wordCount\":668,\"commentCount\":33,\"publisher\":{\"@id\":\"https:\/\/www.padreydecano.com\/cms\/#organization\"},\"image\":{\"@id\":\"https:\/\/www.padreydecano.com\/cms\/noticias\/con-lo-justo\/#primaryimage\"},\"thumbnailUrl\":\"https:\/\/www.padreydecano.com\/cms\/wp-content\/uploads\/2021\/10\/IMG_20211009_175435.jpg\",\"keywords\":[\"Torneo Clausura 2021\"],\"articleSection\":[\"Noticias\",\"Partidos\"],\"inLanguage\":\"es\",\"potentialAction\":[{\"@type\":\"CommentAction\",\"name\":\"Comment\",\"target\":[\"https:\/\/www.padreydecano.com\/cms\/noticias\/con-lo-justo\/#respond\"]}]},{\"@type\":\"WebPage\",\"@id\":\"https:\/\/www.padreydecano.com\/cms\/noticias\/con-lo-justo\/\",\"url\":\"https:\/\/www.padreydecano.com\/cms\/noticias\/con-lo-justo\/\",\"name\":\"Con lo justo - Padre y Decano - El Sitio del Pueblo\",\"isPartOf\":{\"@id\":\"https:\/\/www.padreydecano.com\/cms\/#website\"},\"primaryImageOfPage\":{\"@id\":\"https:\/\/www.padreydecano.com\/cms\/noticias\/con-lo-justo\/#primaryimage\"},\"image\":{\"@id\":\"https:\/\/www.padreydecano.com\/cms\/noticias\/con-lo-justo\/#primaryimage\"},\"thumbnailUrl\":\"https:\/\/www.padreydecano.com\/cms\/wp-content\/uploads\/2021\/10\/IMG_20211009_175435.jpg\",\"datePublished\":\"2021-10-09T20:55:36+00:00\",\"dateModified\":\"2021-10-14T17:00:22+00:00\",\"breadcrumb\":{\"@id\":\"https:\/\/www.padreydecano.com\/cms\/noticias\/con-lo-justo\/#breadcrumb\"},\"inLanguage\":\"es\",\"potentialAction\":[{\"@type\":\"ReadAction\",\"target\":[\"https:\/\/www.padreydecano.com\/cms\/noticias\/con-lo-justo\/\"]}]},{\"@type\":\"ImageObject\",\"inLanguage\":\"es\",\"@id\":\"https:\/\/www.padreydecano.com\/cms\/noticias\/con-lo-justo\/#primaryimage\",\"url\":\"https:\/\/www.padreydecano.com\/cms\/wp-content\/uploads\/2021\/10\/IMG_20211009_175435.jpg\",\"contentUrl\":\"https:\/\/www.padreydecano.com\/cms\/wp-content\/uploads\/2021\/10\/IMG_20211009_175435.jpg\",\"width\":2048,\"height\":1364},{\"@type\":\"BreadcrumbList\",\"@id\":\"https:\/\/www.padreydecano.com\/cms\/noticias\/con-lo-justo\/#breadcrumb\",\"itemListElement\":[{\"@type\":\"ListItem\",\"position\":1,\"name\":\"Portada\",\"item\":\"https:\/\/www.padreydecano.com\/cms\/\"},{\"@type\":\"ListItem\",\"position\":2,\"name\":\"Con lo justo\"}]},{\"@type\":\"WebSite\",\"@id\":\"https:\/\/www.padreydecano.com\/cms\/#website\",\"url\":\"https:\/\/www.padreydecano.com\/cms\/\",\"name\":\"Padre y Decano - El Sitio del Pueblo\",\"description\":\"Club Atl\u00e9tico Pe\u00f1arol\",\"publisher\":{\"@id\":\"https:\/\/www.padreydecano.com\/cms\/#organization\"},\"potentialAction\":[{\"@type\":\"SearchAction\",\"target\":{\"@type\":\"EntryPoint\",\"urlTemplate\":\"https:\/\/www.padreydecano.com\/cms\/?s={search_term_string}\"},\"query-input\":\"required name=search_term_string\"}],\"inLanguage\":\"es\"},{\"@type\":\"Organization\",\"@id\":\"https:\/\/www.padreydecano.com\/cms\/#organization\",\"name\":\"Padre y Decano\",\"url\":\"https:\/\/www.padreydecano.com\/cms\/\",\"logo\":{\"@type\":\"ImageObject\",\"inLanguage\":\"es\",\"@id\":\"https:\/\/www.padreydecano.com\/cms\/#\/schema\/logo\/image\/\",\"url\":\"https:\/\/www.padreydecano.com\/cms\/wp-content\/uploads\/2022\/01\/avatar-square.png\",\"contentUrl\":\"https:\/\/www.padreydecano.com\/cms\/wp-content\/uploads\/2022\/01\/avatar-square.png\",\"width\":1500,\"height\":1500,\"caption\":\"Padre y Decano\"},\"image\":{\"@id\":\"https:\/\/www.padreydecano.com\/cms\/#\/schema\/logo\/image\/\"}},{\"@type\":\"Person\",\"@id\":\"https:\/\/www.padreydecano.com\/cms\/#\/schema\/person\/d93e9e537230ae052c194251d9a1def2\",\"name\":\"Moderador\",\"image\":{\"@type\":\"ImageObject\",\"inLanguage\":\"es\",\"@id\":\"https:\/\/www.padreydecano.com\/cms\/#\/schema\/person\/image\/\",\"url\":\"https:\/\/secure.gravatar.com\/avatar\/2587727bf8a53bd3da4ec49f01bea66e?s=96&d=https%3A%2F%2Fpadreydecano.com%2Fcms%2Fwp-content%2Fthemes%2Fpyd-theme%2Fimg%2Fdefault-avatar.png&r=g\",\"contentUrl\":\"https:\/\/secure.gravatar.com\/avatar\/2587727bf8a53bd3da4ec49f01bea66e?s=96&d=https%3A%2F%2Fpadreydecano.com%2Fcms%2Fwp-content%2Fthemes%2Fpyd-theme%2Fimg%2Fdefault-avatar.png&r=g\",\"caption\":\"Moderador\"}}]}<\/script>\n<!-- \/ Yoast SEO plugin. -->","yoast_head_json":{"title":"Con lo justo - Padre y Decano - El Sitio del Pueblo","robots":{"index":"index","follow":"follow","max-snippet":"max-snippet:-1","max-image-preview":"max-image-preview:large","max-video-preview":"max-video-preview:-1"},"canonical":"https:\/\/www.padreydecano.com\/cms\/noticias\/con-lo-justo\/","og_locale":"es_ES","og_type":"article","og_title":"Con lo justo - Padre y Decano - El Sitio del Pueblo","og_description":"Pe\u00f1arol derrot\u00f3 por la m\u00ednima a Rentistas por la quinta fecha en el Campus de Maldonado y sigue como \u00fanico puntero del Torneo Clausura. Con la ausencia por expulsi\u00f3n de Edgar Elizalde, la lesi\u00f3n de Agust\u00edn \u00c1lvarez Wallace, y las citaciones a la selecci\u00f3n uruguaya de Giovanni Gonz\u00e1lez, Facundo Torres y Agust\u00edn \u00c1lvarez Mart\u00ednez, Mauricio [&hellip;]","og_url":"https:\/\/www.padreydecano.com\/cms\/noticias\/con-lo-justo\/","og_site_name":"Padre y Decano - El Sitio del Pueblo","article_published_time":"2021-10-09T20:55:36+00:00","article_modified_time":"2021-10-14T17:00:22+00:00","og_image":[{"width":2048,"height":1364,"url":"https:\/\/www.padreydecano.com\/cms\/wp-content\/uploads\/2021\/10\/IMG_20211009_175435.jpg","type":"image\/jpeg"}],"author":"Moderador","twitter_card":"summary_large_image","twitter_misc":{"Escrito por":"Moderador","Tiempo de lectura":"3 minutos"},"schema":{"@context":"https:\/\/schema.org","@graph":[{"@type":"Article","@id":"https:\/\/www.padreydecano.com\/cms\/noticias\/con-lo-justo\/#article","isPartOf":{"@id":"https:\/\/www.padreydecano.com\/cms\/noticias\/con-lo-justo\/"},"author":{"name":"Moderador","@id":"https:\/\/www.padreydecano.com\/cms\/#\/schema\/person\/d93e9e537230ae052c194251d9a1def2"},"headline":"Con lo justo","datePublished":"2021-10-09T20:55:36+00:00","dateModified":"2021-10-14T17:00:22+00:00","mainEntityOfPage":{"@id":"https:\/\/www.padreydecano.com\/cms\/noticias\/con-lo-justo\/"},"wordCount":668,"commentCount":33,"publisher":{"@id":"https:\/\/www.padreydecano.com\/cms\/#organization"},"image":{"@id":"https:\/\/www.padreydecano.com\/cms\/noticias\/con-lo-justo\/#primaryimage"},"thumbnailUrl":"https:\/\/www.padreydecano.com\/cms\/wp-content\/uploads\/2021\/10\/IMG_20211009_175435.jpg","keywords":["Torneo Clausura 2021"],"articleSection":["Noticias","Partidos"],"inLanguage":"es","potentialAction":[{"@type":"CommentAction","name":"Comment","target":["https:\/\/www.padreydecano.com\/cms\/noticias\/con-lo-justo\/#respond"]}]},{"@type":"WebPage","@id":"https:\/\/www.padreydecano.com\/cms\/noticias\/con-lo-justo\/","url":"https:\/\/www.padreydecano.com\/cms\/noticias\/con-lo-justo\/","name":"Con lo justo - Padre y Decano - El Sitio del Pueblo","isPartOf":{"@id":"https:\/\/www.padreydecano.com\/cms\/#website"},"primaryImageOfPage":{"@id":"https:\/\/www.padreydecano.com\/cms\/noticias\/con-lo-justo\/#primaryimage"},"image":{"@id":"https:\/\/www.padreydecano.com\/cms\/noticias\/con-lo-justo\/#primaryimage"},"thumbnailUrl":"https:\/\/www.padreydecano.com\/cms\/wp-content\/uploads\/2021\/10\/IMG_20211009_175435.jpg","datePublished":"2021-10-09T20:55:36+00:00","dateModified":"2021-10-14T17:00:22+00:00","breadcrumb":{"@id":"https:\/\/www.padreydecano.com\/cms\/noticias\/con-lo-justo\/#breadcrumb"},"inLanguage":"es","potentialAction":[{"@type":"ReadAction","target":["https:\/\/www.padreydecano.com\/cms\/noticias\/con-lo-justo\/"]}]},{"@type":"ImageObject","inLanguage":"es","@id":"https:\/\/www.padreydecano.com\/cms\/noticias\/con-lo-justo\/#primaryimage","url":"https:\/\/www.padreydecano.com\/cms\/wp-content\/uploads\/2021\/10\/IMG_20211009_175435.jpg","contentUrl":"https:\/\/www.padreydecano.com\/cms\/wp-content\/uploads\/2021\/10\/IMG_20211009_175435.jpg","width":2048,"height":1364},{"@type":"BreadcrumbList","@id":"https:\/\/www.padreydecano.com\/cms\/noticias\/con-lo-justo\/#breadcrumb","itemListElement":[{"@type":"ListItem","position":1,"name":"Portada","item":"https:\/\/www.padreydecano.com\/cms\/"},{"@type":"ListItem","position":2,"name":"Con lo justo"}]},{"@type":"WebSite","@id":"https:\/\/www.padreydecano.com\/cms\/#website","url":"https:\/\/www.padreydecano.com\/cms\/","name":"Padre y Decano - El Sitio del Pueblo","description":"Club Atl\u00e9tico Pe\u00f1arol","publisher":{"@id":"https:\/\/www.padreydecano.com\/cms\/#organization"},"potentialAction":[{"@type":"SearchAction","target":{"@type":"EntryPoint","urlTemplate":"https:\/\/www.padreydecano.com\/cms\/?s={search_term_string}"},"query-input":"required name=search_term_string"}],"inLanguage":"es"},{"@type":"Organization","@id":"https:\/\/www.padreydecano.com\/cms\/#organization","name":"Padre y Decano","url":"https:\/\/www.padreydecano.com\/cms\/","logo":{"@type":"ImageObject","inLanguage":"es","@id":"https:\/\/www.padreydecano.com\/cms\/#\/schema\/logo\/image\/","url":"https:\/\/www.padreydecano.com\/cms\/wp-content\/uploads\/2022\/01\/avatar-square.png","contentUrl":"https:\/\/www.padreydecano.com\/cms\/wp-content\/uploads\/2022\/01\/avatar-square.png","width":1500,"height":1500,"caption":"Padre y Decano"},"image":{"@id":"https:\/\/www.padreydecano.com\/cms\/#\/schema\/logo\/image\/"}},{"@type":"Person","@id":"https:\/\/www.padreydecano.com\/cms\/#\/schema\/person\/d93e9e537230ae052c194251d9a1def2","name":"Moderador","image":{"@type":"ImageObject","inLanguage":"es","@id":"https:\/\/www.padreydecano.com\/cms\/#\/schema\/person\/image\/","url":"https:\/\/secure.gravatar.com\/avatar\/2587727bf8a53bd3da4ec49f01bea66e?s=96&d=https%3A%2F%2Fpadreydecano.com%2Fcms%2Fwp-content%2Fthemes%2Fpyd-theme%2Fimg%2Fdefault-avatar.png&r=g","contentUrl":"https:\/\/secure.gravatar.com\/avatar\/2587727bf8a53bd3da4ec49f01bea66e?s=96&d=https%3A%2F%2Fpadreydecano.com%2Fcms%2Fwp-content%2Fthemes%2Fpyd-theme%2Fimg%2Fdefault-avatar.png&r=g","caption":"Moderador"}}]}},"_links":{"self":[{"href":"https:\/\/www.padreydecano.com\/cms\/wp-json\/wp\/v2\/posts\/77031"}],"collection":[{"href":"https:\/\/www.padreydecano.com\/cms\/wp-json\/wp\/v2\/posts"}],"about":[{"href":"https:\/\/www.padreydecano.com\/cms\/wp-json\/wp\/v2\/types\/post"}],"author":[{"embeddable":true,"href":"https:\/\/www.padreydecano.com\/cms\/wp-json\/wp\/v2\/users\/13"}],"replies":[{"embeddable":true,"href":"https:\/\/www.padreydecano.com\/cms\/wp-json\/wp\/v2\/comments?post=77031"}],"version-history":[{"count":0,"href":"https:\/\/www.padreydecano.com\/cms\/wp-json\/wp\/v2\/posts\/77031\/revisions"}],"wp:featuredmedia":[{"embeddable":true,"href":"https:\/\/www.padreydecano.com\/cms\/wp-json\/wp\/v2\/media\/77032"}],"wp:attachment":[{"href":"https:\/\/www.padreydecano.com\/cms\/wp-json\/wp\/v2\/media?parent=77031"}],"wp:term":[{"taxonomy":"category","embeddable":true,"href":"https:\/\/www.padreydecano.com\/cms\/wp-json\/wp\/v2\/categories?post=77031"},{"taxonomy":"post_tag","embeddable":true,"href":"https:\/\/www.padreydecano.com\/cms\/wp-json\/wp\/v2\/tags?post=77031"}],"curies":[{"name":"wp","href":"https:\/\/api.w.org\/{rel}","templated":true}]}}