{"id":77026,"date":"2021-10-08T19:32:30","date_gmt":"2021-10-08T22:32:30","guid":{"rendered":"http:\/\/www.padreydecano.com\/cms\/?p=77026"},"modified":"2021-10-09T17:56:31","modified_gmt":"2021-10-09T20:56:31","slug":"mantener-el-liderato","status":"publish","type":"post","link":"https:\/\/www.padreydecano.com\/cms\/noticias\/mantener-el-liderato\/","title":{"rendered":"Mantener el liderato"},"content":{"rendered":"<p><a href=\"https:\/\/www.padreydecano.com\/cms\/wp-content\/uploads\/2021\/10\/9E678116-3E60-4F95-BB41-D7E5EFED172F.jpeg\" rel=\"shadowbox[sbpost-77026];player=img;\"><img loading=\"lazy\" decoding=\"async\" class=\"aligncenter size-full wp-image-77002\" src=\"https:\/\/www.padreydecano.com\/cms\/wp-content\/uploads\/2021\/10\/9E678116-3E60-4F95-BB41-D7E5EFED172F.jpeg\" alt=\"\" width=\"1600\" height=\"1067\" srcset=\"https:\/\/www.padreydecano.com\/cms\/wp-content\/uploads\/2021\/10\/9E678116-3E60-4F95-BB41-D7E5EFED172F.jpeg 1600w, https:\/\/www.padreydecano.com\/cms\/wp-content\/uploads\/2021\/10\/9E678116-3E60-4F95-BB41-D7E5EFED172F-600x400.jpeg 600w, https:\/\/www.padreydecano.com\/cms\/wp-content\/uploads\/2021\/10\/9E678116-3E60-4F95-BB41-D7E5EFED172F-768x512.jpeg 768w, https:\/\/www.padreydecano.com\/cms\/wp-content\/uploads\/2021\/10\/9E678116-3E60-4F95-BB41-D7E5EFED172F-1024x683.jpeg 1024w\" sizes=\"(max-width: 1600px) 100vw, 1600px\" \/><\/a><\/p>\n<p style=\"text-align: justify;\"><strong>Pe\u00f1arol visitar\u00e1 el\u00a0Estadio Domingo Burgue\u00f1o Miguel para enfrentar a Rentistas por la quinta fecha del Torneo Clausura. El partido se disputar\u00e1 el pr\u00f3ximo s\u00e1bado a las 15:30 horas e ir\u00e1 televisado por VTV.<\/strong><\/p>\n<p style=\"text-align: justify;\"><strong>Luego de la gran victoria ante el Bohemio, el conjunto de Mauricio Larriera se medir\u00e1 frente al <em>Bicho Colorado<\/em> en b\u00fasqueda de mantener el primer puesto y el invicto del torneo.<\/strong><\/p>\n<p style=\"text-align: justify;\"><span style=\"color: #ffcc00;\"><strong>Equipo probable<\/strong><\/span><\/p>\n<p>Kevin Dawson; Maximiliano Pereira, Carlos Rodr\u00edguez, Gary Kagelmacher, Juan Manuel Ramos; Dami\u00e1n Musto, Walter Gargano, Agust\u00edn Canobbio, Ignacio Laquintana, Pablo Ceppelini y Ruben Bentancourt.<\/p>\n<p style=\"text-align: justify;\"><span style=\"color: #ffcc00;\"><strong>Varias bajas sensibles<\/strong><\/span><\/p>\n<p style=\"text-align: justify;\">Tras haber sido citados por la Selecci\u00f3n Uruguaya, Larriera no podr\u00e1 contar con Giovanni Gonz\u00e1lez, Facundo Torres y Agust\u00edn \u00c1lvarez Mart\u00ednez.<\/p>\n<p style=\"text-align: justify;\"><span style=\"color: #ffcc00;\"><strong>Habilitado<\/strong><\/span><\/p>\n<p style=\"text-align: justify;\">Tras cumplir con la sanci\u00f3n autom\u00e1tica por llegar a la quinta amarilla, Agust\u00edn Canobbio estar\u00e1 a la orden del cuerpo t\u00e9cnico.<\/p>\n<p style=\"text-align: justify;\"><span style=\"color: #ffcc00;\"><strong>\u00bfC\u00f3mo vienen ambos?<\/strong><\/span><\/p>\n<p style=\"text-align: justify;\">El Decano viene de vencer por 3 a 0 a Wanderers en condici\u00f3n de local. Con goles de Carlos Rodr\u00edguez e Ignacio Laquintana por duplicado, el Carbonero cosech\u00f3 un importante triunfo para liderar la tabla de posiciones y acortar distancia en la tabla anual.<\/p>\n<p style=\"text-align: justify;\">Por su parte, Rentistas, no logr\u00f3 sumar en lo que va de la segunda parte del a\u00f1o. Por la cuarta fecha, fue derrota ante Deportivo Maldonado por 2 a 1. A lo que respecta con la tabla anual, el Bicho se posiciona en la pen\u00faltima ubicaci\u00f3n.<\/p>\n<p style=\"text-align: justify;\"><span style=\"color: #ffcc00;\"><strong>\u00daltimos 5 antecedentes<\/strong><\/span><\/p>\n<p style=\"text-align: justify;\"><strong>Torneo Apertura 2015\/2016:<\/strong> <span style=\"color: #ffcc00;\"><strong>Pe\u00f1arol<\/strong> <\/span>1 \u2013 0 Rentistas<\/p>\n<p style=\"text-align: justify;\"><strong>Torneo Clausura 2015\/2016:<\/strong> Rentistas 1 -3 <span style=\"color: #ffcc00;\"><strong>Pe\u00f1arol<\/strong><\/span><\/p>\n<p style=\"text-align: justify;\"><strong>Torneo Apertura 2020:<\/strong> <span style=\"color: #ffcc00;\"><strong>Pe\u00f1arol<\/strong> <\/span>2 \u2013 2 Rentistas<\/p>\n<p style=\"text-align: justify;\"><strong>Torneo Clausura 2020:<\/strong> Rentistas 0 \u2013 1 <span style=\"color: #ffcc00;\"><strong>Pe\u00f1arol<\/strong><\/span><\/p>\n<p style=\"text-align: justify;\"><strong>Torneo Apertura 2021:<\/strong> <span style=\"color: #ffcc00;\"><strong>Pe\u00f1arol<\/strong> <\/span>1 \u2013 1 Rentistas<\/p>\n<p style=\"text-align: justify;\"><span style=\"color: #ffcc00;\"><strong>\u00c1rbitros<\/strong><\/span><\/p>\n<p style=\"text-align: justify;\">Jonathan Fuentes fue designado \u00e1rbitro principal para el encuentro que se disputar\u00e1 en el Campus de Maldonado. Andr\u00e9s Nievas y Javier Irazoqui estar\u00e1n en las l\u00edneas, mientras que Yimmy \u00c1lvarez ser\u00e1 el cuarto \u00e1rbitro. En el VAR estar\u00e1 a cargo Antonio Garc\u00eda y Math\u00edas de Armas.<\/p>\n<p><span style=\"color: #ffcc00;\"><strong>Venta de entradas<\/strong><\/span><\/p>\n<p>\u00a1Ent\u00e9rate de toda la informaci\u00f3n sobre la venta de entradas haciendo click\u00a0<a title=\"aqu\u00ed\" href=\"https:\/\/www.padreydecano.com\/cms\/noticias\/venta-de-entradas-vs-rentistas-clausura-2021\/\" target=\"_blank\" rel=\"noopener\">aqu\u00ed<\/a>!<\/p>\n<p style=\"text-align: justify;\"><span style=\"color: #ffcc00;\"><strong>Lo que se viene<\/strong><\/span><\/p>\n<p style=\"text-align: justify;\">Por la sexta fecha, el Carbonero volver\u00e1 de nuevo a Maldonado para enfrentar al <em>Depor. <\/em>El partido est\u00e1 programado para el pr\u00f3ximo domingo 17 de octubre a las 15:30 horas.<\/p>\n<div class=\"user-wrapper\"><a class=\"userlink\" href=\"https:\/\/twitter.com\/mathiaastilve\" target=\"_blank\"><figure><img decoding=\"async\" src=\"http:\/\/www.padreydecano.com\/cms\/wp-users-files\/postfirmas\/mathiastilve.jpg\" \/><\/figure><p class=\"user\"><strong>Mathias Tilve<\/strong><br \/>@mathiaastilve<\/p><\/a><\/div>\n","protected":false},"excerpt":{"rendered":"<p>Pe\u00f1arol visitar\u00e1 el\u00a0Estadio Domingo Burgue\u00f1o Miguel para enfrentar a Rentistas por la quinta fecha del Torneo Clausura. El partido se disputar\u00e1 el pr\u00f3ximo s\u00e1bado a las 15:30 horas e ir\u00e1 televisado por VTV. Luego de la gran victoria ante el Bohemio, el conjunto de Mauricio Larriera se medir\u00e1 frente al Bicho Colorado en b\u00fasqueda de [&hellip;]<\/p>\n","protected":false},"author":30,"featured_media":77002,"comment_status":"open","ping_status":"closed","sticky":false,"template":"","format":"standard","meta":{"footnotes":""},"categories":[1],"tags":[496],"yoast_head":"<!-- This site is optimized with the Yoast SEO plugin v23.2 - https:\/\/yoast.com\/wordpress\/plugins\/seo\/ -->\n<title>Mantener el liderato - Padre y Decano - El Sitio del Pueblo<\/title>\n<meta name=\"robots\" content=\"index, follow, max-snippet:-1, max-image-preview:large, max-video-preview:-1\" \/>\n<link rel=\"canonical\" href=\"https:\/\/www.padreydecano.com\/cms\/noticias\/mantener-el-liderato\/\" \/>\n<meta property=\"og:locale\" content=\"es_ES\" \/>\n<meta property=\"og:type\" content=\"article\" \/>\n<meta property=\"og:title\" content=\"Mantener el liderato - Padre y Decano - El Sitio del Pueblo\" \/>\n<meta property=\"og:description\" content=\"Pe\u00f1arol visitar\u00e1 el\u00a0Estadio Domingo Burgue\u00f1o Miguel para enfrentar a Rentistas por la quinta fecha del Torneo Clausura. El partido se disputar\u00e1 el pr\u00f3ximo s\u00e1bado a las 15:30 horas e ir\u00e1 televisado por VTV. Luego de la gran victoria ante el Bohemio, el conjunto de Mauricio Larriera se medir\u00e1 frente al Bicho Colorado en b\u00fasqueda de [&hellip;]\" \/>\n<meta property=\"og:url\" content=\"https:\/\/www.padreydecano.com\/cms\/noticias\/mantener-el-liderato\/\" \/>\n<meta property=\"og:site_name\" content=\"Padre y Decano - El Sitio del Pueblo\" \/>\n<meta property=\"article:published_time\" content=\"2021-10-08T22:32:30+00:00\" \/>\n<meta property=\"article:modified_time\" content=\"2021-10-09T20:56:31+00:00\" \/>\n<meta property=\"og:image\" content=\"https:\/\/www.padreydecano.com\/cms\/wp-content\/uploads\/2021\/10\/9E678116-3E60-4F95-BB41-D7E5EFED172F.jpeg\" \/>\n\t<meta property=\"og:image:width\" content=\"1600\" \/>\n\t<meta property=\"og:image:height\" content=\"1067\" \/>\n\t<meta property=\"og:image:type\" content=\"image\/jpeg\" \/>\n<meta name=\"author\" content=\"Udelar\" \/>\n<meta name=\"twitter:card\" content=\"summary_large_image\" \/>\n<meta name=\"twitter:label1\" content=\"Escrito por\" \/>\n\t<meta name=\"twitter:data1\" content=\"Udelar\" \/>\n\t<meta name=\"twitter:label2\" content=\"Tiempo de lectura\" \/>\n\t<meta name=\"twitter:data2\" content=\"2 minutos\" \/>\n<script type=\"application\/ld+json\" class=\"yoast-schema-graph\">{\"@context\":\"https:\/\/schema.org\",\"@graph\":[{\"@type\":\"Article\",\"@id\":\"https:\/\/www.padreydecano.com\/cms\/noticias\/mantener-el-liderato\/#article\",\"isPartOf\":{\"@id\":\"https:\/\/www.padreydecano.com\/cms\/noticias\/mantener-el-liderato\/\"},\"author\":{\"name\":\"Udelar\",\"@id\":\"https:\/\/www.padreydecano.com\/cms\/#\/schema\/person\/b22191326be6d1c7fa55c2ad137a9a32\"},\"headline\":\"Mantener el liderato\",\"datePublished\":\"2021-10-08T22:32:30+00:00\",\"dateModified\":\"2021-10-09T20:56:31+00:00\",\"mainEntityOfPage\":{\"@id\":\"https:\/\/www.padreydecano.com\/cms\/noticias\/mantener-el-liderato\/\"},\"wordCount\":382,\"commentCount\":9,\"publisher\":{\"@id\":\"https:\/\/www.padreydecano.com\/cms\/#organization\"},\"image\":{\"@id\":\"https:\/\/www.padreydecano.com\/cms\/noticias\/mantener-el-liderato\/#primaryimage\"},\"thumbnailUrl\":\"https:\/\/www.padreydecano.com\/cms\/wp-content\/uploads\/2021\/10\/9E678116-3E60-4F95-BB41-D7E5EFED172F.jpeg\",\"keywords\":[\"Torneo Clausura 2021\"],\"articleSection\":[\"Noticias\"],\"inLanguage\":\"es\",\"potentialAction\":[{\"@type\":\"CommentAction\",\"name\":\"Comment\",\"target\":[\"https:\/\/www.padreydecano.com\/cms\/noticias\/mantener-el-liderato\/#respond\"]}]},{\"@type\":\"WebPage\",\"@id\":\"https:\/\/www.padreydecano.com\/cms\/noticias\/mantener-el-liderato\/\",\"url\":\"https:\/\/www.padreydecano.com\/cms\/noticias\/mantener-el-liderato\/\",\"name\":\"Mantener el liderato - Padre y Decano - El Sitio del Pueblo\",\"isPartOf\":{\"@id\":\"https:\/\/www.padreydecano.com\/cms\/#website\"},\"primaryImageOfPage\":{\"@id\":\"https:\/\/www.padreydecano.com\/cms\/noticias\/mantener-el-liderato\/#primaryimage\"},\"image\":{\"@id\":\"https:\/\/www.padreydecano.com\/cms\/noticias\/mantener-el-liderato\/#primaryimage\"},\"thumbnailUrl\":\"https:\/\/www.padreydecano.com\/cms\/wp-content\/uploads\/2021\/10\/9E678116-3E60-4F95-BB41-D7E5EFED172F.jpeg\",\"datePublished\":\"2021-10-08T22:32:30+00:00\",\"dateModified\":\"2021-10-09T20:56:31+00:00\",\"breadcrumb\":{\"@id\":\"https:\/\/www.padreydecano.com\/cms\/noticias\/mantener-el-liderato\/#breadcrumb\"},\"inLanguage\":\"es\",\"potentialAction\":[{\"@type\":\"ReadAction\",\"target\":[\"https:\/\/www.padreydecano.com\/cms\/noticias\/mantener-el-liderato\/\"]}]},{\"@type\":\"ImageObject\",\"inLanguage\":\"es\",\"@id\":\"https:\/\/www.padreydecano.com\/cms\/noticias\/mantener-el-liderato\/#primaryimage\",\"url\":\"https:\/\/www.padreydecano.com\/cms\/wp-content\/uploads\/2021\/10\/9E678116-3E60-4F95-BB41-D7E5EFED172F.jpeg\",\"contentUrl\":\"https:\/\/www.padreydecano.com\/cms\/wp-content\/uploads\/2021\/10\/9E678116-3E60-4F95-BB41-D7E5EFED172F.jpeg\",\"width\":1600,\"height\":1067},{\"@type\":\"BreadcrumbList\",\"@id\":\"https:\/\/www.padreydecano.com\/cms\/noticias\/mantener-el-liderato\/#breadcrumb\",\"itemListElement\":[{\"@type\":\"ListItem\",\"position\":1,\"name\":\"Portada\",\"item\":\"https:\/\/www.padreydecano.com\/cms\/\"},{\"@type\":\"ListItem\",\"position\":2,\"name\":\"Mantener el liderato\"}]},{\"@type\":\"WebSite\",\"@id\":\"https:\/\/www.padreydecano.com\/cms\/#website\",\"url\":\"https:\/\/www.padreydecano.com\/cms\/\",\"name\":\"Padre y Decano - El Sitio del Pueblo\",\"description\":\"Club Atl\u00e9tico Pe\u00f1arol\",\"publisher\":{\"@id\":\"https:\/\/www.padreydecano.com\/cms\/#organization\"},\"potentialAction\":[{\"@type\":\"SearchAction\",\"target\":{\"@type\":\"EntryPoint\",\"urlTemplate\":\"https:\/\/www.padreydecano.com\/cms\/?s={search_term_string}\"},\"query-input\":\"required name=search_term_string\"}],\"inLanguage\":\"es\"},{\"@type\":\"Organization\",\"@id\":\"https:\/\/www.padreydecano.com\/cms\/#organization\",\"name\":\"Padre y Decano\",\"url\":\"https:\/\/www.padreydecano.com\/cms\/\",\"logo\":{\"@type\":\"ImageObject\",\"inLanguage\":\"es\",\"@id\":\"https:\/\/www.padreydecano.com\/cms\/#\/schema\/logo\/image\/\",\"url\":\"https:\/\/www.padreydecano.com\/cms\/wp-content\/uploads\/2022\/01\/avatar-square.png\",\"contentUrl\":\"https:\/\/www.padreydecano.com\/cms\/wp-content\/uploads\/2022\/01\/avatar-square.png\",\"width\":1500,\"height\":1500,\"caption\":\"Padre y Decano\"},\"image\":{\"@id\":\"https:\/\/www.padreydecano.com\/cms\/#\/schema\/logo\/image\/\"}},{\"@type\":\"Person\",\"@id\":\"https:\/\/www.padreydecano.com\/cms\/#\/schema\/person\/b22191326be6d1c7fa55c2ad137a9a32\",\"name\":\"Udelar\",\"image\":{\"@type\":\"ImageObject\",\"inLanguage\":\"es\",\"@id\":\"https:\/\/www.padreydecano.com\/cms\/#\/schema\/person\/image\/\",\"url\":\"https:\/\/secure.gravatar.com\/avatar\/611ece663b16897a2cd2f46982281225?s=96&d=https%3A%2F%2Fpadreydecano.com%2Fcms%2Fwp-content%2Fthemes%2Fpyd-theme%2Fimg%2Fdefault-avatar.png&r=g\",\"contentUrl\":\"https:\/\/secure.gravatar.com\/avatar\/611ece663b16897a2cd2f46982281225?s=96&d=https%3A%2F%2Fpadreydecano.com%2Fcms%2Fwp-content%2Fthemes%2Fpyd-theme%2Fimg%2Fdefault-avatar.png&r=g\",\"caption\":\"Udelar\"}}]}<\/script>\n<!-- \/ Yoast SEO plugin. -->","yoast_head_json":{"title":"Mantener el liderato - Padre y Decano - El Sitio del Pueblo","robots":{"index":"index","follow":"follow","max-snippet":"max-snippet:-1","max-image-preview":"max-image-preview:large","max-video-preview":"max-video-preview:-1"},"canonical":"https:\/\/www.padreydecano.com\/cms\/noticias\/mantener-el-liderato\/","og_locale":"es_ES","og_type":"article","og_title":"Mantener el liderato - Padre y Decano - El Sitio del Pueblo","og_description":"Pe\u00f1arol visitar\u00e1 el\u00a0Estadio Domingo Burgue\u00f1o Miguel para enfrentar a Rentistas por la quinta fecha del Torneo Clausura. El partido se disputar\u00e1 el pr\u00f3ximo s\u00e1bado a las 15:30 horas e ir\u00e1 televisado por VTV. Luego de la gran victoria ante el Bohemio, el conjunto de Mauricio Larriera se medir\u00e1 frente al Bicho Colorado en b\u00fasqueda de [&hellip;]","og_url":"https:\/\/www.padreydecano.com\/cms\/noticias\/mantener-el-liderato\/","og_site_name":"Padre y Decano - El Sitio del Pueblo","article_published_time":"2021-10-08T22:32:30+00:00","article_modified_time":"2021-10-09T20:56:31+00:00","og_image":[{"width":1600,"height":1067,"url":"https:\/\/www.padreydecano.com\/cms\/wp-content\/uploads\/2021\/10\/9E678116-3E60-4F95-BB41-D7E5EFED172F.jpeg","type":"image\/jpeg"}],"author":"Udelar","twitter_card":"summary_large_image","twitter_misc":{"Escrito por":"Udelar","Tiempo de lectura":"2 minutos"},"schema":{"@context":"https:\/\/schema.org","@graph":[{"@type":"Article","@id":"https:\/\/www.padreydecano.com\/cms\/noticias\/mantener-el-liderato\/#article","isPartOf":{"@id":"https:\/\/www.padreydecano.com\/cms\/noticias\/mantener-el-liderato\/"},"author":{"name":"Udelar","@id":"https:\/\/www.padreydecano.com\/cms\/#\/schema\/person\/b22191326be6d1c7fa55c2ad137a9a32"},"headline":"Mantener el liderato","datePublished":"2021-10-08T22:32:30+00:00","dateModified":"2021-10-09T20:56:31+00:00","mainEntityOfPage":{"@id":"https:\/\/www.padreydecano.com\/cms\/noticias\/mantener-el-liderato\/"},"wordCount":382,"commentCount":9,"publisher":{"@id":"https:\/\/www.padreydecano.com\/cms\/#organization"},"image":{"@id":"https:\/\/www.padreydecano.com\/cms\/noticias\/mantener-el-liderato\/#primaryimage"},"thumbnailUrl":"https:\/\/www.padreydecano.com\/cms\/wp-content\/uploads\/2021\/10\/9E678116-3E60-4F95-BB41-D7E5EFED172F.jpeg","keywords":["Torneo Clausura 2021"],"articleSection":["Noticias"],"inLanguage":"es","potentialAction":[{"@type":"CommentAction","name":"Comment","target":["https:\/\/www.padreydecano.com\/cms\/noticias\/mantener-el-liderato\/#respond"]}]},{"@type":"WebPage","@id":"https:\/\/www.padreydecano.com\/cms\/noticias\/mantener-el-liderato\/","url":"https:\/\/www.padreydecano.com\/cms\/noticias\/mantener-el-liderato\/","name":"Mantener el liderato - Padre y Decano - El Sitio del Pueblo","isPartOf":{"@id":"https:\/\/www.padreydecano.com\/cms\/#website"},"primaryImageOfPage":{"@id":"https:\/\/www.padreydecano.com\/cms\/noticias\/mantener-el-liderato\/#primaryimage"},"image":{"@id":"https:\/\/www.padreydecano.com\/cms\/noticias\/mantener-el-liderato\/#primaryimage"},"thumbnailUrl":"https:\/\/www.padreydecano.com\/cms\/wp-content\/uploads\/2021\/10\/9E678116-3E60-4F95-BB41-D7E5EFED172F.jpeg","datePublished":"2021-10-08T22:32:30+00:00","dateModified":"2021-10-09T20:56:31+00:00","breadcrumb":{"@id":"https:\/\/www.padreydecano.com\/cms\/noticias\/mantener-el-liderato\/#breadcrumb"},"inLanguage":"es","potentialAction":[{"@type":"ReadAction","target":["https:\/\/www.padreydecano.com\/cms\/noticias\/mantener-el-liderato\/"]}]},{"@type":"ImageObject","inLanguage":"es","@id":"https:\/\/www.padreydecano.com\/cms\/noticias\/mantener-el-liderato\/#primaryimage","url":"https:\/\/www.padreydecano.com\/cms\/wp-content\/uploads\/2021\/10\/9E678116-3E60-4F95-BB41-D7E5EFED172F.jpeg","contentUrl":"https:\/\/www.padreydecano.com\/cms\/wp-content\/uploads\/2021\/10\/9E678116-3E60-4F95-BB41-D7E5EFED172F.jpeg","width":1600,"height":1067},{"@type":"BreadcrumbList","@id":"https:\/\/www.padreydecano.com\/cms\/noticias\/mantener-el-liderato\/#breadcrumb","itemListElement":[{"@type":"ListItem","position":1,"name":"Portada","item":"https:\/\/www.padreydecano.com\/cms\/"},{"@type":"ListItem","position":2,"name":"Mantener el liderato"}]},{"@type":"WebSite","@id":"https:\/\/www.padreydecano.com\/cms\/#website","url":"https:\/\/www.padreydecano.com\/cms\/","name":"Padre y Decano - El Sitio del Pueblo","description":"Club Atl\u00e9tico Pe\u00f1arol","publisher":{"@id":"https:\/\/www.padreydecano.com\/cms\/#organization"},"potentialAction":[{"@type":"SearchAction","target":{"@type":"EntryPoint","urlTemplate":"https:\/\/www.padreydecano.com\/cms\/?s={search_term_string}"},"query-input":"required name=search_term_string"}],"inLanguage":"es"},{"@type":"Organization","@id":"https:\/\/www.padreydecano.com\/cms\/#organization","name":"Padre y Decano","url":"https:\/\/www.padreydecano.com\/cms\/","logo":{"@type":"ImageObject","inLanguage":"es","@id":"https:\/\/www.padreydecano.com\/cms\/#\/schema\/logo\/image\/","url":"https:\/\/www.padreydecano.com\/cms\/wp-content\/uploads\/2022\/01\/avatar-square.png","contentUrl":"https:\/\/www.padreydecano.com\/cms\/wp-content\/uploads\/2022\/01\/avatar-square.png","width":1500,"height":1500,"caption":"Padre y Decano"},"image":{"@id":"https:\/\/www.padreydecano.com\/cms\/#\/schema\/logo\/image\/"}},{"@type":"Person","@id":"https:\/\/www.padreydecano.com\/cms\/#\/schema\/person\/b22191326be6d1c7fa55c2ad137a9a32","name":"Udelar","image":{"@type":"ImageObject","inLanguage":"es","@id":"https:\/\/www.padreydecano.com\/cms\/#\/schema\/person\/image\/","url":"https:\/\/secure.gravatar.com\/avatar\/611ece663b16897a2cd2f46982281225?s=96&d=https%3A%2F%2Fpadreydecano.com%2Fcms%2Fwp-content%2Fthemes%2Fpyd-theme%2Fimg%2Fdefault-avatar.png&r=g","contentUrl":"https:\/\/secure.gravatar.com\/avatar\/611ece663b16897a2cd2f46982281225?s=96&d=https%3A%2F%2Fpadreydecano.com%2Fcms%2Fwp-content%2Fthemes%2Fpyd-theme%2Fimg%2Fdefault-avatar.png&r=g","caption":"Udelar"}}]}},"_links":{"self":[{"href":"https:\/\/www.padreydecano.com\/cms\/wp-json\/wp\/v2\/posts\/77026"}],"collection":[{"href":"https:\/\/www.padreydecano.com\/cms\/wp-json\/wp\/v2\/posts"}],"about":[{"href":"https:\/\/www.padreydecano.com\/cms\/wp-json\/wp\/v2\/types\/post"}],"author":[{"embeddable":true,"href":"https:\/\/www.padreydecano.com\/cms\/wp-json\/wp\/v2\/users\/30"}],"replies":[{"embeddable":true,"href":"https:\/\/www.padreydecano.com\/cms\/wp-json\/wp\/v2\/comments?post=77026"}],"version-history":[{"count":0,"href":"https:\/\/www.padreydecano.com\/cms\/wp-json\/wp\/v2\/posts\/77026\/revisions"}],"wp:featuredmedia":[{"embeddable":true,"href":"https:\/\/www.padreydecano.com\/cms\/wp-json\/wp\/v2\/media\/77002"}],"wp:attachment":[{"href":"https:\/\/www.padreydecano.com\/cms\/wp-json\/wp\/v2\/media?parent=77026"}],"wp:term":[{"taxonomy":"category","embeddable":true,"href":"https:\/\/www.padreydecano.com\/cms\/wp-json\/wp\/v2\/categories?post=77026"},{"taxonomy":"post_tag","embeddable":true,"href":"https:\/\/www.padreydecano.com\/cms\/wp-json\/wp\/v2\/tags?post=77026"}],"curies":[{"name":"wp","href":"https:\/\/api.w.org\/{rel}","templated":true}]}}