{"id":76935,"date":"2021-09-26T18:31:07","date_gmt":"2021-09-26T21:31:07","guid":{"rendered":"http:\/\/www.padreydecano.com\/cms\/?p=76935"},"modified":"2021-09-28T09:15:17","modified_gmt":"2021-09-28T12:15:17","slug":"contundente-triunfo-en-las-piedras","status":"publish","type":"post","link":"https:\/\/www.padreydecano.com\/cms\/noticias\/contundente-triunfo-en-las-piedras\/","title":{"rendered":"Contundente triunfo en Las Piedras"},"content":{"rendered":"<p style=\"text-align: justify;\"><a href=\"https:\/\/www.padreydecano.com\/cms\/wp-content\/uploads\/2021\/09\/IMG-20210926-WA0045.jpg\" rel=\"shadowbox[sbpost-76935];player=img;\"><img loading=\"lazy\" decoding=\"async\" class=\"aligncenter size-large wp-image-76936\" src=\"https:\/\/www.padreydecano.com\/cms\/wp-content\/uploads\/2021\/09\/IMG-20210926-WA0045-1024x683.jpg\" alt=\"\" width=\"620\" height=\"414\" srcset=\"https:\/\/www.padreydecano.com\/cms\/wp-content\/uploads\/2021\/09\/IMG-20210926-WA0045-1024x683.jpg 1024w, https:\/\/www.padreydecano.com\/cms\/wp-content\/uploads\/2021\/09\/IMG-20210926-WA0045-600x400.jpg 600w, https:\/\/www.padreydecano.com\/cms\/wp-content\/uploads\/2021\/09\/IMG-20210926-WA0045-768x512.jpg 768w, https:\/\/www.padreydecano.com\/cms\/wp-content\/uploads\/2021\/09\/IMG-20210926-WA0045.jpg 1600w\" sizes=\"(max-width: 620px) 100vw, 620px\" \/><\/a><\/p>\n<p style=\"text-align: justify;\"><strong>Pe\u00f1arol derrot\u00f3 de atr\u00e1s a Boston River 5 a 2 en el Parque Artigas, por la tercera fecha del Torneo Clausura 2021.<\/strong><\/p>\n<p style=\"text-align: justify;\">Tras la derrota en el partido de ida por Copa Sudamericana, Mauricio Larriera decidi\u00f3 poner un equipo alternativo para enfrentar a Boston River.<\/p>\n<p style=\"text-align: justify;\">El equipo que derrot\u00f3 al \u00abSastre\u00bb fue con: Neto Volpi; Giovanni Gonz\u00e1lez (76&#8242; Maximiliano Pereira), Carlos Rodr\u00edguez (76&#8242; Gary Kagelmacher), Edgar Elizalde, Juan Manuel Ramos; Agust\u00edn Canobbio, Dami\u00e1n Musto, Agust\u00edn \u00c1lvarez Wallace, Valent\u00edn Rodr\u00edguez (71&#8242; Ignacio Laquintana); Facundo Torres (65&#8242; Agust\u00edn \u00c1lvarez Mart\u00ednez) y Ariel Nahuelpan (65&#8242; Nicol\u00e1s Gait\u00e1n).<\/p>\n<p style=\"text-align: justify;\">Banco: Kevin Dawson, Agust\u00edn Da Silveria, Jes\u00fas Trindade, M\u00e1ximo Alonso y Christian Olivera.<\/p>\n<p style=\"text-align: justify;\"><span style=\"color: #ffcc00;\"><strong>Primer tiempo<\/strong><\/span><\/p>\n<p style=\"text-align: justify;\">Con los cambios en el equipo titular y en una cancha donde el mirasol a\u00fan no hab\u00eda ganado, Pe\u00f1arol no se adue\u00f1\u00f3 del partido en primera instancia. Sorprendiendo a todos, el local comenz\u00f3 ganando con un gol de larga distancia convertido por el ex aurinegro Agust\u00edn D\u00e1vila, cuando reci\u00e9n se llegaban a los 10 minutos de juego.<\/p>\n<p style=\"text-align: justify;\">El gol del rival hizo que los dirigidos por Larriera vayan r\u00e1pidamente en busca del empate. Apenas 5 minutos despu\u00e9s de la apertura del marcador, el \u00e1rbitro del encuentro sancion\u00f3 penal a Elizalde, que posteriormente Nahuelp\u00e1n convirti\u00f3 en gol.<\/p>\n<p style=\"text-align: justify;\">De a poco el carbonero intentaba incomodar a su rival. Torres volvi\u00f3 a tener buena participaci\u00f3n en el ataque y Canobbio nuevamente fue importante. Estos entre s\u00ed, sumado a subidas de Giovanni generaron mucho peligro.<\/p>\n<p style=\"text-align: justify;\">Pasados los 30&#8242;, Nahuelp\u00e1n convirti\u00f3 el segundo para poner en ventaja al decano. Centro de Torres de tiro libre y apareci\u00f3 el invasor de cabeza. Con este resultado se fue el partido al descanso.<\/p>\n<p style=\"text-align: justify;\"><span style=\"color: #ffcc00;\"><strong>Segundo tiempo<\/strong><\/span><\/p>\n<p style=\"text-align: justify;\">Larriera mand\u00f3 al mismo equipo a disputar el complemento.<\/p>\n<p style=\"text-align: justify;\">En los primeros 15 minutos de la segunda mitad, Pe\u00f1arol liquid\u00f3 el encuentro y en los restantes, el t\u00e9cnico aprovech\u00f3 para realizar cambios y darle f\u00fatbol a jugadores como Gait\u00e1n y Laquintana.<\/p>\n<p style=\"text-align: justify;\"><strong>A los 53&#8242;, Canobbio de zurda venci\u00f3 al arquero rival y festej\u00f3 con todos sus compa\u00f1eros. Todos los hinchas en la tribuna lo ovacionaron y corearon. Merecido para el gran futbolista aurinegro que atraviesa un momento complicado debido a la situaci\u00f3n del resultado del an\u00e1lisis realizado en Lima.<\/strong><\/p>\n<p style=\"text-align: justify;\">Posteriormente, a los 62&#8242;, Torres fue el protagonista del gol. Disparo de afuera del \u00e1rea, que entr\u00f3 al \u00e1ngulo. Pr\u00e1cticamente definiendo el partido.<\/p>\n<p style=\"text-align: justify;\">El ingreso de Gait\u00e1n nuevamente gener\u00f3 expectativas en el espectador. Esta vez fue m\u00e1s participativo que en el juego anterior, llegando al ataque y conectando de buena forma con sus compa\u00f1eros. Recientemente ingresado, escap\u00f3 por la banda y asisti\u00f3 al Canario, que no pudo convertir frente al arco.<\/p>\n<p style=\"text-align: justify;\">Llegando a los 80&#8242;, Elizalde no sali\u00f3 de la mejor manera del \u00e1rea propia con el bal\u00f3n, perdi\u00f3 el mismo y el local descont\u00f3.<\/p>\n<p style=\"text-align: justify;\">Pocos minutos despu\u00e9s y tras un gran intento que tuvo de protagonistas a Laquintana y al Canario, el \u00faltimo luch\u00f3 una pelota con un hombre rival que el mismo convirti\u00f3 en su mismo arco.<\/p>\n<p style=\"text-align: justify;\"><strong>As\u00ed Pe\u00f1arol vuelve al triunfo en el torneo local, manteniendo la lucha en el Clausura y siguiendo las pisadas en la Anual. La pr\u00f3xima fecha ser\u00e1 ante el puntero del torneo corto, Wanderers, en el Campe\u00f3n del Siglo.<\/strong><\/p>\n<p style=\"text-align: justify;\">De igual manera, el pensamiento est\u00e1 en ganar el jueves en Brasil, por la revancha de la Copa Sudamericana.<\/p>\n<p style=\"text-align: justify;\"><div class=\"user-wrapper\"><a class=\"userlink\"href=\"https:\/\/twitter.com\/ftrucce18\" target=\"_blank\"><figure><img decoding=\"async\" src=\"http:\/\/www.padreydecano.com\/cms\/wp-users-files\/postfirmas\/ftrucce.jpg\" \/><\/figure><p class=\"user\"><strong>Franco Trucce<\/strong><br \/>@FTrucce18<\/p><\/a><\/div><\/p>\n","protected":false},"excerpt":{"rendered":"<p>Pe\u00f1arol derrot\u00f3 de atr\u00e1s a Boston River 5 a 2 en el Parque Artigas, por la tercera fecha del Torneo Clausura 2021. Tras la derrota en el partido de ida por Copa Sudamericana, Mauricio Larriera decidi\u00f3 poner un equipo alternativo para enfrentar a Boston River. El equipo que derrot\u00f3 al \u00abSastre\u00bb fue con: Neto Volpi; [&hellip;]<\/p>\n","protected":false},"author":13,"featured_media":76936,"comment_status":"open","ping_status":"closed","sticky":false,"template":"","format":"standard","meta":{"footnotes":""},"categories":[1,13],"tags":[502],"yoast_head":"<!-- This site is optimized with the Yoast SEO plugin v23.2 - https:\/\/yoast.com\/wordpress\/plugins\/seo\/ -->\n<title>Contundente triunfo en Las Piedras - Padre y Decano - El Sitio del Pueblo<\/title>\n<meta name=\"robots\" content=\"index, follow, max-snippet:-1, max-image-preview:large, max-video-preview:-1\" \/>\n<link rel=\"canonical\" href=\"https:\/\/www.padreydecano.com\/cms\/noticias\/contundente-triunfo-en-las-piedras\/\" \/>\n<meta property=\"og:locale\" content=\"es_ES\" \/>\n<meta property=\"og:type\" content=\"article\" \/>\n<meta property=\"og:title\" content=\"Contundente triunfo en Las Piedras - Padre y Decano - El Sitio del Pueblo\" \/>\n<meta property=\"og:description\" content=\"Pe\u00f1arol derrot\u00f3 de atr\u00e1s a Boston River 5 a 2 en el Parque Artigas, por la tercera fecha del Torneo Clausura 2021. Tras la derrota en el partido de ida por Copa Sudamericana, Mauricio Larriera decidi\u00f3 poner un equipo alternativo para enfrentar a Boston River. El equipo que derrot\u00f3 al \u00abSastre\u00bb fue con: Neto Volpi; [&hellip;]\" \/>\n<meta property=\"og:url\" content=\"https:\/\/www.padreydecano.com\/cms\/noticias\/contundente-triunfo-en-las-piedras\/\" \/>\n<meta property=\"og:site_name\" content=\"Padre y Decano - El Sitio del Pueblo\" \/>\n<meta property=\"article:published_time\" content=\"2021-09-26T21:31:07+00:00\" \/>\n<meta property=\"article:modified_time\" content=\"2021-09-28T12:15:17+00:00\" \/>\n<meta property=\"og:image\" content=\"https:\/\/www.padreydecano.com\/cms\/wp-content\/uploads\/2021\/09\/IMG-20210926-WA0045.jpg\" \/>\n\t<meta property=\"og:image:width\" content=\"1600\" \/>\n\t<meta property=\"og:image:height\" content=\"1067\" \/>\n\t<meta property=\"og:image:type\" content=\"image\/jpeg\" \/>\n<meta name=\"author\" content=\"Moderador\" \/>\n<meta name=\"twitter:card\" content=\"summary_large_image\" \/>\n<meta name=\"twitter:label1\" content=\"Escrito por\" \/>\n\t<meta name=\"twitter:data1\" content=\"Moderador\" \/>\n\t<meta name=\"twitter:label2\" content=\"Tiempo de lectura\" \/>\n\t<meta name=\"twitter:data2\" content=\"3 minutos\" \/>\n<script type=\"application\/ld+json\" class=\"yoast-schema-graph\">{\"@context\":\"https:\/\/schema.org\",\"@graph\":[{\"@type\":\"Article\",\"@id\":\"https:\/\/www.padreydecano.com\/cms\/noticias\/contundente-triunfo-en-las-piedras\/#article\",\"isPartOf\":{\"@id\":\"https:\/\/www.padreydecano.com\/cms\/noticias\/contundente-triunfo-en-las-piedras\/\"},\"author\":{\"name\":\"Moderador\",\"@id\":\"https:\/\/www.padreydecano.com\/cms\/#\/schema\/person\/d93e9e537230ae052c194251d9a1def2\"},\"headline\":\"Contundente triunfo en Las Piedras\",\"datePublished\":\"2021-09-26T21:31:07+00:00\",\"dateModified\":\"2021-09-28T12:15:17+00:00\",\"mainEntityOfPage\":{\"@id\":\"https:\/\/www.padreydecano.com\/cms\/noticias\/contundente-triunfo-en-las-piedras\/\"},\"wordCount\":585,\"commentCount\":33,\"publisher\":{\"@id\":\"https:\/\/www.padreydecano.com\/cms\/#organization\"},\"image\":{\"@id\":\"https:\/\/www.padreydecano.com\/cms\/noticias\/contundente-triunfo-en-las-piedras\/#primaryimage\"},\"thumbnailUrl\":\"https:\/\/www.padreydecano.com\/cms\/wp-content\/uploads\/2021\/09\/IMG-20210926-WA0045.jpg\",\"keywords\":[\"Torneo Apertura 2021\"],\"articleSection\":[\"Noticias\",\"Partidos\"],\"inLanguage\":\"es\",\"potentialAction\":[{\"@type\":\"CommentAction\",\"name\":\"Comment\",\"target\":[\"https:\/\/www.padreydecano.com\/cms\/noticias\/contundente-triunfo-en-las-piedras\/#respond\"]}]},{\"@type\":\"WebPage\",\"@id\":\"https:\/\/www.padreydecano.com\/cms\/noticias\/contundente-triunfo-en-las-piedras\/\",\"url\":\"https:\/\/www.padreydecano.com\/cms\/noticias\/contundente-triunfo-en-las-piedras\/\",\"name\":\"Contundente triunfo en Las Piedras - Padre y Decano - El Sitio del Pueblo\",\"isPartOf\":{\"@id\":\"https:\/\/www.padreydecano.com\/cms\/#website\"},\"primaryImageOfPage\":{\"@id\":\"https:\/\/www.padreydecano.com\/cms\/noticias\/contundente-triunfo-en-las-piedras\/#primaryimage\"},\"image\":{\"@id\":\"https:\/\/www.padreydecano.com\/cms\/noticias\/contundente-triunfo-en-las-piedras\/#primaryimage\"},\"thumbnailUrl\":\"https:\/\/www.padreydecano.com\/cms\/wp-content\/uploads\/2021\/09\/IMG-20210926-WA0045.jpg\",\"datePublished\":\"2021-09-26T21:31:07+00:00\",\"dateModified\":\"2021-09-28T12:15:17+00:00\",\"breadcrumb\":{\"@id\":\"https:\/\/www.padreydecano.com\/cms\/noticias\/contundente-triunfo-en-las-piedras\/#breadcrumb\"},\"inLanguage\":\"es\",\"potentialAction\":[{\"@type\":\"ReadAction\",\"target\":[\"https:\/\/www.padreydecano.com\/cms\/noticias\/contundente-triunfo-en-las-piedras\/\"]}]},{\"@type\":\"ImageObject\",\"inLanguage\":\"es\",\"@id\":\"https:\/\/www.padreydecano.com\/cms\/noticias\/contundente-triunfo-en-las-piedras\/#primaryimage\",\"url\":\"https:\/\/www.padreydecano.com\/cms\/wp-content\/uploads\/2021\/09\/IMG-20210926-WA0045.jpg\",\"contentUrl\":\"https:\/\/www.padreydecano.com\/cms\/wp-content\/uploads\/2021\/09\/IMG-20210926-WA0045.jpg\",\"width\":1600,\"height\":1067},{\"@type\":\"BreadcrumbList\",\"@id\":\"https:\/\/www.padreydecano.com\/cms\/noticias\/contundente-triunfo-en-las-piedras\/#breadcrumb\",\"itemListElement\":[{\"@type\":\"ListItem\",\"position\":1,\"name\":\"Portada\",\"item\":\"https:\/\/www.padreydecano.com\/cms\/\"},{\"@type\":\"ListItem\",\"position\":2,\"name\":\"Contundente triunfo en Las Piedras\"}]},{\"@type\":\"WebSite\",\"@id\":\"https:\/\/www.padreydecano.com\/cms\/#website\",\"url\":\"https:\/\/www.padreydecano.com\/cms\/\",\"name\":\"Padre y Decano - El Sitio del Pueblo\",\"description\":\"Club Atl\u00e9tico Pe\u00f1arol\",\"publisher\":{\"@id\":\"https:\/\/www.padreydecano.com\/cms\/#organization\"},\"potentialAction\":[{\"@type\":\"SearchAction\",\"target\":{\"@type\":\"EntryPoint\",\"urlTemplate\":\"https:\/\/www.padreydecano.com\/cms\/?s={search_term_string}\"},\"query-input\":\"required name=search_term_string\"}],\"inLanguage\":\"es\"},{\"@type\":\"Organization\",\"@id\":\"https:\/\/www.padreydecano.com\/cms\/#organization\",\"name\":\"Padre y Decano\",\"url\":\"https:\/\/www.padreydecano.com\/cms\/\",\"logo\":{\"@type\":\"ImageObject\",\"inLanguage\":\"es\",\"@id\":\"https:\/\/www.padreydecano.com\/cms\/#\/schema\/logo\/image\/\",\"url\":\"https:\/\/www.padreydecano.com\/cms\/wp-content\/uploads\/2022\/01\/avatar-square.png\",\"contentUrl\":\"https:\/\/www.padreydecano.com\/cms\/wp-content\/uploads\/2022\/01\/avatar-square.png\",\"width\":1500,\"height\":1500,\"caption\":\"Padre y Decano\"},\"image\":{\"@id\":\"https:\/\/www.padreydecano.com\/cms\/#\/schema\/logo\/image\/\"}},{\"@type\":\"Person\",\"@id\":\"https:\/\/www.padreydecano.com\/cms\/#\/schema\/person\/d93e9e537230ae052c194251d9a1def2\",\"name\":\"Moderador\",\"image\":{\"@type\":\"ImageObject\",\"inLanguage\":\"es\",\"@id\":\"https:\/\/www.padreydecano.com\/cms\/#\/schema\/person\/image\/\",\"url\":\"https:\/\/secure.gravatar.com\/avatar\/2587727bf8a53bd3da4ec49f01bea66e?s=96&d=https%3A%2F%2Fpadreydecano.com%2Fcms%2Fwp-content%2Fthemes%2Fpyd-theme%2Fimg%2Fdefault-avatar.png&r=g\",\"contentUrl\":\"https:\/\/secure.gravatar.com\/avatar\/2587727bf8a53bd3da4ec49f01bea66e?s=96&d=https%3A%2F%2Fpadreydecano.com%2Fcms%2Fwp-content%2Fthemes%2Fpyd-theme%2Fimg%2Fdefault-avatar.png&r=g\",\"caption\":\"Moderador\"}}]}<\/script>\n<!-- \/ Yoast SEO plugin. -->","yoast_head_json":{"title":"Contundente triunfo en Las Piedras - Padre y Decano - El Sitio del Pueblo","robots":{"index":"index","follow":"follow","max-snippet":"max-snippet:-1","max-image-preview":"max-image-preview:large","max-video-preview":"max-video-preview:-1"},"canonical":"https:\/\/www.padreydecano.com\/cms\/noticias\/contundente-triunfo-en-las-piedras\/","og_locale":"es_ES","og_type":"article","og_title":"Contundente triunfo en Las Piedras - Padre y Decano - El Sitio del Pueblo","og_description":"Pe\u00f1arol derrot\u00f3 de atr\u00e1s a Boston River 5 a 2 en el Parque Artigas, por la tercera fecha del Torneo Clausura 2021. Tras la derrota en el partido de ida por Copa Sudamericana, Mauricio Larriera decidi\u00f3 poner un equipo alternativo para enfrentar a Boston River. El equipo que derrot\u00f3 al \u00abSastre\u00bb fue con: Neto Volpi; [&hellip;]","og_url":"https:\/\/www.padreydecano.com\/cms\/noticias\/contundente-triunfo-en-las-piedras\/","og_site_name":"Padre y Decano - El Sitio del Pueblo","article_published_time":"2021-09-26T21:31:07+00:00","article_modified_time":"2021-09-28T12:15:17+00:00","og_image":[{"width":1600,"height":1067,"url":"https:\/\/www.padreydecano.com\/cms\/wp-content\/uploads\/2021\/09\/IMG-20210926-WA0045.jpg","type":"image\/jpeg"}],"author":"Moderador","twitter_card":"summary_large_image","twitter_misc":{"Escrito por":"Moderador","Tiempo de lectura":"3 minutos"},"schema":{"@context":"https:\/\/schema.org","@graph":[{"@type":"Article","@id":"https:\/\/www.padreydecano.com\/cms\/noticias\/contundente-triunfo-en-las-piedras\/#article","isPartOf":{"@id":"https:\/\/www.padreydecano.com\/cms\/noticias\/contundente-triunfo-en-las-piedras\/"},"author":{"name":"Moderador","@id":"https:\/\/www.padreydecano.com\/cms\/#\/schema\/person\/d93e9e537230ae052c194251d9a1def2"},"headline":"Contundente triunfo en Las Piedras","datePublished":"2021-09-26T21:31:07+00:00","dateModified":"2021-09-28T12:15:17+00:00","mainEntityOfPage":{"@id":"https:\/\/www.padreydecano.com\/cms\/noticias\/contundente-triunfo-en-las-piedras\/"},"wordCount":585,"commentCount":33,"publisher":{"@id":"https:\/\/www.padreydecano.com\/cms\/#organization"},"image":{"@id":"https:\/\/www.padreydecano.com\/cms\/noticias\/contundente-triunfo-en-las-piedras\/#primaryimage"},"thumbnailUrl":"https:\/\/www.padreydecano.com\/cms\/wp-content\/uploads\/2021\/09\/IMG-20210926-WA0045.jpg","keywords":["Torneo Apertura 2021"],"articleSection":["Noticias","Partidos"],"inLanguage":"es","potentialAction":[{"@type":"CommentAction","name":"Comment","target":["https:\/\/www.padreydecano.com\/cms\/noticias\/contundente-triunfo-en-las-piedras\/#respond"]}]},{"@type":"WebPage","@id":"https:\/\/www.padreydecano.com\/cms\/noticias\/contundente-triunfo-en-las-piedras\/","url":"https:\/\/www.padreydecano.com\/cms\/noticias\/contundente-triunfo-en-las-piedras\/","name":"Contundente triunfo en Las Piedras - Padre y Decano - El Sitio del Pueblo","isPartOf":{"@id":"https:\/\/www.padreydecano.com\/cms\/#website"},"primaryImageOfPage":{"@id":"https:\/\/www.padreydecano.com\/cms\/noticias\/contundente-triunfo-en-las-piedras\/#primaryimage"},"image":{"@id":"https:\/\/www.padreydecano.com\/cms\/noticias\/contundente-triunfo-en-las-piedras\/#primaryimage"},"thumbnailUrl":"https:\/\/www.padreydecano.com\/cms\/wp-content\/uploads\/2021\/09\/IMG-20210926-WA0045.jpg","datePublished":"2021-09-26T21:31:07+00:00","dateModified":"2021-09-28T12:15:17+00:00","breadcrumb":{"@id":"https:\/\/www.padreydecano.com\/cms\/noticias\/contundente-triunfo-en-las-piedras\/#breadcrumb"},"inLanguage":"es","potentialAction":[{"@type":"ReadAction","target":["https:\/\/www.padreydecano.com\/cms\/noticias\/contundente-triunfo-en-las-piedras\/"]}]},{"@type":"ImageObject","inLanguage":"es","@id":"https:\/\/www.padreydecano.com\/cms\/noticias\/contundente-triunfo-en-las-piedras\/#primaryimage","url":"https:\/\/www.padreydecano.com\/cms\/wp-content\/uploads\/2021\/09\/IMG-20210926-WA0045.jpg","contentUrl":"https:\/\/www.padreydecano.com\/cms\/wp-content\/uploads\/2021\/09\/IMG-20210926-WA0045.jpg","width":1600,"height":1067},{"@type":"BreadcrumbList","@id":"https:\/\/www.padreydecano.com\/cms\/noticias\/contundente-triunfo-en-las-piedras\/#breadcrumb","itemListElement":[{"@type":"ListItem","position":1,"name":"Portada","item":"https:\/\/www.padreydecano.com\/cms\/"},{"@type":"ListItem","position":2,"name":"Contundente triunfo en Las Piedras"}]},{"@type":"WebSite","@id":"https:\/\/www.padreydecano.com\/cms\/#website","url":"https:\/\/www.padreydecano.com\/cms\/","name":"Padre y Decano - El Sitio del Pueblo","description":"Club Atl\u00e9tico Pe\u00f1arol","publisher":{"@id":"https:\/\/www.padreydecano.com\/cms\/#organization"},"potentialAction":[{"@type":"SearchAction","target":{"@type":"EntryPoint","urlTemplate":"https:\/\/www.padreydecano.com\/cms\/?s={search_term_string}"},"query-input":"required name=search_term_string"}],"inLanguage":"es"},{"@type":"Organization","@id":"https:\/\/www.padreydecano.com\/cms\/#organization","name":"Padre y Decano","url":"https:\/\/www.padreydecano.com\/cms\/","logo":{"@type":"ImageObject","inLanguage":"es","@id":"https:\/\/www.padreydecano.com\/cms\/#\/schema\/logo\/image\/","url":"https:\/\/www.padreydecano.com\/cms\/wp-content\/uploads\/2022\/01\/avatar-square.png","contentUrl":"https:\/\/www.padreydecano.com\/cms\/wp-content\/uploads\/2022\/01\/avatar-square.png","width":1500,"height":1500,"caption":"Padre y Decano"},"image":{"@id":"https:\/\/www.padreydecano.com\/cms\/#\/schema\/logo\/image\/"}},{"@type":"Person","@id":"https:\/\/www.padreydecano.com\/cms\/#\/schema\/person\/d93e9e537230ae052c194251d9a1def2","name":"Moderador","image":{"@type":"ImageObject","inLanguage":"es","@id":"https:\/\/www.padreydecano.com\/cms\/#\/schema\/person\/image\/","url":"https:\/\/secure.gravatar.com\/avatar\/2587727bf8a53bd3da4ec49f01bea66e?s=96&d=https%3A%2F%2Fpadreydecano.com%2Fcms%2Fwp-content%2Fthemes%2Fpyd-theme%2Fimg%2Fdefault-avatar.png&r=g","contentUrl":"https:\/\/secure.gravatar.com\/avatar\/2587727bf8a53bd3da4ec49f01bea66e?s=96&d=https%3A%2F%2Fpadreydecano.com%2Fcms%2Fwp-content%2Fthemes%2Fpyd-theme%2Fimg%2Fdefault-avatar.png&r=g","caption":"Moderador"}}]}},"_links":{"self":[{"href":"https:\/\/www.padreydecano.com\/cms\/wp-json\/wp\/v2\/posts\/76935"}],"collection":[{"href":"https:\/\/www.padreydecano.com\/cms\/wp-json\/wp\/v2\/posts"}],"about":[{"href":"https:\/\/www.padreydecano.com\/cms\/wp-json\/wp\/v2\/types\/post"}],"author":[{"embeddable":true,"href":"https:\/\/www.padreydecano.com\/cms\/wp-json\/wp\/v2\/users\/13"}],"replies":[{"embeddable":true,"href":"https:\/\/www.padreydecano.com\/cms\/wp-json\/wp\/v2\/comments?post=76935"}],"version-history":[{"count":0,"href":"https:\/\/www.padreydecano.com\/cms\/wp-json\/wp\/v2\/posts\/76935\/revisions"}],"wp:featuredmedia":[{"embeddable":true,"href":"https:\/\/www.padreydecano.com\/cms\/wp-json\/wp\/v2\/media\/76936"}],"wp:attachment":[{"href":"https:\/\/www.padreydecano.com\/cms\/wp-json\/wp\/v2\/media?parent=76935"}],"wp:term":[{"taxonomy":"category","embeddable":true,"href":"https:\/\/www.padreydecano.com\/cms\/wp-json\/wp\/v2\/categories?post=76935"},{"taxonomy":"post_tag","embeddable":true,"href":"https:\/\/www.padreydecano.com\/cms\/wp-json\/wp\/v2\/tags?post=76935"}],"curies":[{"name":"wp","href":"https:\/\/api.w.org\/{rel}","templated":true}]}}