{"id":76817,"date":"2021-09-04T12:47:08","date_gmt":"2021-09-04T15:47:08","guid":{"rendered":"http:\/\/www.padreydecano.com\/cms\/?p=76817"},"modified":"2021-09-06T13:53:58","modified_gmt":"2021-09-06T16:53:58","slug":"penarol-se-midio-con-cerrito-previo-al-inicio-del-clausura","status":"publish","type":"post","link":"https:\/\/www.padreydecano.com\/cms\/noticias\/penarol-se-midio-con-cerrito-previo-al-inicio-del-clausura\/","title":{"rendered":"Pe\u00f1arol se midi\u00f3 con Cerrito previo al inicio del Clausura"},"content":{"rendered":"<div id=\"attachment_76818\" style=\"width: 630px\" class=\"wp-caption aligncenter\"><a href=\"https:\/\/www.padreydecano.com\/cms\/wp-content\/uploads\/2021\/09\/IMG_20210904_113823.jpg\" rel=\"shadowbox[sbpost-76817];player=img;\"><img loading=\"lazy\" decoding=\"async\" aria-describedby=\"caption-attachment-76818\" class=\"wp-image-76818 size-large\" src=\"https:\/\/www.padreydecano.com\/cms\/wp-content\/uploads\/2021\/09\/IMG_20210904_113823-1024x683.jpg\" alt=\"Gargano Aromos\" width=\"620\" height=\"414\" srcset=\"https:\/\/www.padreydecano.com\/cms\/wp-content\/uploads\/2021\/09\/IMG_20210904_113823-1024x683.jpg 1024w, https:\/\/www.padreydecano.com\/cms\/wp-content\/uploads\/2021\/09\/IMG_20210904_113823-600x400.jpg 600w, https:\/\/www.padreydecano.com\/cms\/wp-content\/uploads\/2021\/09\/IMG_20210904_113823-768x512.jpg 768w, https:\/\/www.padreydecano.com\/cms\/wp-content\/uploads\/2021\/09\/IMG_20210904_113823.jpg 2048w\" sizes=\"(max-width: 620px) 100vw, 620px\" \/><\/a><p id=\"caption-attachment-76818\" class=\"wp-caption-text\">Imagen: Pe\u00f1arol Oficial<\/p><\/div>\n<p style=\"text-align: justify;\">Pe\u00f1arol hizo f\u00fatbol en Los Aromos frente a Cerrito como antesala del estreno por el Torneo Clausura. A primera hora, los titulares cayeron 2-1, con gol de penal anotado por Ceppelini. A segunda hora los suplentes vencieron 1-0 con anotaci\u00f3n de Nahuelpan.<\/p>\n<p style=\"text-align: justify;\">Fueron dos partidos de 60 minutos cada uno.\u00a0La oncena inicial de Larriera tuvo a Kevin Dawson; Maximiliano Pereira, Gary Kagelmacher, Carlos Rodr\u00edguez, Juan Manuel Ramos; Jes\u00fas Trindade, Walter Gargano, M\u00e1ximo Alonso, Pablo Ceppelini; Agust\u00edn Canobbio y Ruben Bentancourt.<\/p>\n<p style=\"text-align: justify;\">Cabe recordar que a este equipo le falt\u00f3 Giovanni Gonz\u00e1lez y Agust\u00edn \u00c1lvarez Mart\u00ednez (selecci\u00f3n uruguaya) y Facundo Torres (recuper\u00e1ndose de la lesi\u00f3n). En el transcurso del partido ingres\u00f3 Cristian Olivera por M\u00e1ximo Alonso.<\/p>\n<div id=\"attachment_76819\" style=\"width: 630px\" class=\"wp-caption aligncenter\"><a href=\"https:\/\/www.padreydecano.com\/cms\/wp-content\/uploads\/2021\/09\/IMG_20210904_124532.jpg\" rel=\"shadowbox[sbpost-76817];player=img;\"><img loading=\"lazy\" decoding=\"async\" aria-describedby=\"caption-attachment-76819\" class=\"size-large wp-image-76819\" src=\"https:\/\/www.padreydecano.com\/cms\/wp-content\/uploads\/2021\/09\/IMG_20210904_124532-1024x683.jpg\" alt=\"\" width=\"620\" height=\"414\" srcset=\"https:\/\/www.padreydecano.com\/cms\/wp-content\/uploads\/2021\/09\/IMG_20210904_124532-1024x683.jpg 1024w, https:\/\/www.padreydecano.com\/cms\/wp-content\/uploads\/2021\/09\/IMG_20210904_124532-600x400.jpg 600w, https:\/\/www.padreydecano.com\/cms\/wp-content\/uploads\/2021\/09\/IMG_20210904_124532-768x512.jpg 768w, https:\/\/www.padreydecano.com\/cms\/wp-content\/uploads\/2021\/09\/IMG_20210904_124532.jpg 2048w\" sizes=\"(max-width: 620px) 100vw, 620px\" \/><\/a><p id=\"caption-attachment-76819\" class=\"wp-caption-text\">Imagen: Pe\u00f1arol Oficial<\/p><\/div>\n<p style=\"text-align: justify;\">A segunda hora fue turno de los suplentes. Larriera aline\u00f3 a\u00a0Neto Volpi; Ezequiel Busquets, Agust\u00edn Da Silveria, Edgar Elizalde, Valent\u00edn Rodr\u00edguez; Dami\u00e1n Musto, Agust\u00edn \u00c1lvarez Wallace, Franco Mart\u00ednez, Ignacio Laquintana; Cristian Olivera, y Ariel Nahuelp\u00e1n.<\/p>\n<p style=\"text-align: justify;\">Pe\u00f1arol se sigue aprontando para el debut del domingo 12 a las 18.30 hs ante Plaza Colonia. De no suceder nada extra\u00f1o, Gio, Canario y Facundo estar\u00e1n a la orden.<\/p>\n","protected":false},"excerpt":{"rendered":"<p>Pe\u00f1arol hizo f\u00fatbol en Los Aromos frente a Cerrito como antesala del estreno por el Torneo Clausura. A primera hora, los titulares cayeron 2-1, con gol de penal anotado por Ceppelini. A segunda hora los suplentes vencieron 1-0 con anotaci\u00f3n de Nahuelpan. Fueron dos partidos de 60 minutos cada uno.\u00a0La oncena inicial de Larriera tuvo [&hellip;]<\/p>\n","protected":false},"author":13,"featured_media":76818,"comment_status":"open","ping_status":"closed","sticky":false,"template":"","format":"standard","meta":{"footnotes":""},"categories":[7,1,13],"tags":[],"yoast_head":"<!-- This site is optimized with the Yoast SEO plugin v23.2 - https:\/\/yoast.com\/wordpress\/plugins\/seo\/ -->\n<title>Pe\u00f1arol se midi\u00f3 con Cerrito previo al inicio del Clausura - Padre y Decano - El Sitio del Pueblo<\/title>\n<meta name=\"robots\" content=\"index, follow, max-snippet:-1, max-image-preview:large, max-video-preview:-1\" \/>\n<link rel=\"canonical\" href=\"https:\/\/www.padreydecano.com\/cms\/noticias\/penarol-se-midio-con-cerrito-previo-al-inicio-del-clausura\/\" \/>\n<meta property=\"og:locale\" content=\"es_ES\" \/>\n<meta property=\"og:type\" content=\"article\" \/>\n<meta property=\"og:title\" content=\"Pe\u00f1arol se midi\u00f3 con Cerrito previo al inicio del Clausura - Padre y Decano - El Sitio del Pueblo\" \/>\n<meta property=\"og:description\" content=\"Pe\u00f1arol hizo f\u00fatbol en Los Aromos frente a Cerrito como antesala del estreno por el Torneo Clausura. A primera hora, los titulares cayeron 2-1, con gol de penal anotado por Ceppelini. A segunda hora los suplentes vencieron 1-0 con anotaci\u00f3n de Nahuelpan. Fueron dos partidos de 60 minutos cada uno.\u00a0La oncena inicial de Larriera tuvo [&hellip;]\" \/>\n<meta property=\"og:url\" content=\"https:\/\/www.padreydecano.com\/cms\/noticias\/penarol-se-midio-con-cerrito-previo-al-inicio-del-clausura\/\" \/>\n<meta property=\"og:site_name\" content=\"Padre y Decano - El Sitio del Pueblo\" \/>\n<meta property=\"article:published_time\" content=\"2021-09-04T15:47:08+00:00\" \/>\n<meta property=\"article:modified_time\" content=\"2021-09-06T16:53:58+00:00\" \/>\n<meta property=\"og:image\" content=\"https:\/\/www.padreydecano.com\/cms\/wp-content\/uploads\/2021\/09\/IMG_20210904_113823.jpg\" \/>\n\t<meta property=\"og:image:width\" content=\"2048\" \/>\n\t<meta property=\"og:image:height\" content=\"1366\" \/>\n\t<meta property=\"og:image:type\" content=\"image\/jpeg\" \/>\n<meta name=\"author\" content=\"Moderador\" \/>\n<meta name=\"twitter:card\" content=\"summary_large_image\" \/>\n<meta name=\"twitter:label1\" content=\"Escrito por\" \/>\n\t<meta name=\"twitter:data1\" content=\"Moderador\" \/>\n\t<meta name=\"twitter:label2\" content=\"Tiempo de lectura\" \/>\n\t<meta name=\"twitter:data2\" content=\"1 minuto\" \/>\n<script type=\"application\/ld+json\" class=\"yoast-schema-graph\">{\"@context\":\"https:\/\/schema.org\",\"@graph\":[{\"@type\":\"Article\",\"@id\":\"https:\/\/www.padreydecano.com\/cms\/noticias\/penarol-se-midio-con-cerrito-previo-al-inicio-del-clausura\/#article\",\"isPartOf\":{\"@id\":\"https:\/\/www.padreydecano.com\/cms\/noticias\/penarol-se-midio-con-cerrito-previo-al-inicio-del-clausura\/\"},\"author\":{\"name\":\"Moderador\",\"@id\":\"https:\/\/www.padreydecano.com\/cms\/#\/schema\/person\/d93e9e537230ae052c194251d9a1def2\"},\"headline\":\"Pe\u00f1arol se midi\u00f3 con Cerrito previo al inicio del Clausura\",\"datePublished\":\"2021-09-04T15:47:08+00:00\",\"dateModified\":\"2021-09-06T16:53:58+00:00\",\"mainEntityOfPage\":{\"@id\":\"https:\/\/www.padreydecano.com\/cms\/noticias\/penarol-se-midio-con-cerrito-previo-al-inicio-del-clausura\/\"},\"wordCount\":235,\"commentCount\":12,\"publisher\":{\"@id\":\"https:\/\/www.padreydecano.com\/cms\/#organization\"},\"image\":{\"@id\":\"https:\/\/www.padreydecano.com\/cms\/noticias\/penarol-se-midio-con-cerrito-previo-al-inicio-del-clausura\/#primaryimage\"},\"thumbnailUrl\":\"https:\/\/www.padreydecano.com\/cms\/wp-content\/uploads\/2021\/09\/IMG_20210904_113823.jpg\",\"articleSection\":[\"Los Aromos\",\"Noticias\",\"Partidos\"],\"inLanguage\":\"es\",\"potentialAction\":[{\"@type\":\"CommentAction\",\"name\":\"Comment\",\"target\":[\"https:\/\/www.padreydecano.com\/cms\/noticias\/penarol-se-midio-con-cerrito-previo-al-inicio-del-clausura\/#respond\"]}]},{\"@type\":\"WebPage\",\"@id\":\"https:\/\/www.padreydecano.com\/cms\/noticias\/penarol-se-midio-con-cerrito-previo-al-inicio-del-clausura\/\",\"url\":\"https:\/\/www.padreydecano.com\/cms\/noticias\/penarol-se-midio-con-cerrito-previo-al-inicio-del-clausura\/\",\"name\":\"Pe\u00f1arol se midi\u00f3 con Cerrito previo al inicio del Clausura - Padre y Decano - El Sitio del Pueblo\",\"isPartOf\":{\"@id\":\"https:\/\/www.padreydecano.com\/cms\/#website\"},\"primaryImageOfPage\":{\"@id\":\"https:\/\/www.padreydecano.com\/cms\/noticias\/penarol-se-midio-con-cerrito-previo-al-inicio-del-clausura\/#primaryimage\"},\"image\":{\"@id\":\"https:\/\/www.padreydecano.com\/cms\/noticias\/penarol-se-midio-con-cerrito-previo-al-inicio-del-clausura\/#primaryimage\"},\"thumbnailUrl\":\"https:\/\/www.padreydecano.com\/cms\/wp-content\/uploads\/2021\/09\/IMG_20210904_113823.jpg\",\"datePublished\":\"2021-09-04T15:47:08+00:00\",\"dateModified\":\"2021-09-06T16:53:58+00:00\",\"breadcrumb\":{\"@id\":\"https:\/\/www.padreydecano.com\/cms\/noticias\/penarol-se-midio-con-cerrito-previo-al-inicio-del-clausura\/#breadcrumb\"},\"inLanguage\":\"es\",\"potentialAction\":[{\"@type\":\"ReadAction\",\"target\":[\"https:\/\/www.padreydecano.com\/cms\/noticias\/penarol-se-midio-con-cerrito-previo-al-inicio-del-clausura\/\"]}]},{\"@type\":\"ImageObject\",\"inLanguage\":\"es\",\"@id\":\"https:\/\/www.padreydecano.com\/cms\/noticias\/penarol-se-midio-con-cerrito-previo-al-inicio-del-clausura\/#primaryimage\",\"url\":\"https:\/\/www.padreydecano.com\/cms\/wp-content\/uploads\/2021\/09\/IMG_20210904_113823.jpg\",\"contentUrl\":\"https:\/\/www.padreydecano.com\/cms\/wp-content\/uploads\/2021\/09\/IMG_20210904_113823.jpg\",\"width\":2048,\"height\":1366,\"caption\":\"Gargano Aromos\"},{\"@type\":\"BreadcrumbList\",\"@id\":\"https:\/\/www.padreydecano.com\/cms\/noticias\/penarol-se-midio-con-cerrito-previo-al-inicio-del-clausura\/#breadcrumb\",\"itemListElement\":[{\"@type\":\"ListItem\",\"position\":1,\"name\":\"Portada\",\"item\":\"https:\/\/www.padreydecano.com\/cms\/\"},{\"@type\":\"ListItem\",\"position\":2,\"name\":\"Pe\u00f1arol se midi\u00f3 con Cerrito previo al inicio del Clausura\"}]},{\"@type\":\"WebSite\",\"@id\":\"https:\/\/www.padreydecano.com\/cms\/#website\",\"url\":\"https:\/\/www.padreydecano.com\/cms\/\",\"name\":\"Padre y Decano - El Sitio del Pueblo\",\"description\":\"Club Atl\u00e9tico Pe\u00f1arol\",\"publisher\":{\"@id\":\"https:\/\/www.padreydecano.com\/cms\/#organization\"},\"potentialAction\":[{\"@type\":\"SearchAction\",\"target\":{\"@type\":\"EntryPoint\",\"urlTemplate\":\"https:\/\/www.padreydecano.com\/cms\/?s={search_term_string}\"},\"query-input\":\"required name=search_term_string\"}],\"inLanguage\":\"es\"},{\"@type\":\"Organization\",\"@id\":\"https:\/\/www.padreydecano.com\/cms\/#organization\",\"name\":\"Padre y Decano\",\"url\":\"https:\/\/www.padreydecano.com\/cms\/\",\"logo\":{\"@type\":\"ImageObject\",\"inLanguage\":\"es\",\"@id\":\"https:\/\/www.padreydecano.com\/cms\/#\/schema\/logo\/image\/\",\"url\":\"https:\/\/www.padreydecano.com\/cms\/wp-content\/uploads\/2022\/01\/avatar-square.png\",\"contentUrl\":\"https:\/\/www.padreydecano.com\/cms\/wp-content\/uploads\/2022\/01\/avatar-square.png\",\"width\":1500,\"height\":1500,\"caption\":\"Padre y Decano\"},\"image\":{\"@id\":\"https:\/\/www.padreydecano.com\/cms\/#\/schema\/logo\/image\/\"}},{\"@type\":\"Person\",\"@id\":\"https:\/\/www.padreydecano.com\/cms\/#\/schema\/person\/d93e9e537230ae052c194251d9a1def2\",\"name\":\"Moderador\",\"image\":{\"@type\":\"ImageObject\",\"inLanguage\":\"es\",\"@id\":\"https:\/\/www.padreydecano.com\/cms\/#\/schema\/person\/image\/\",\"url\":\"https:\/\/secure.gravatar.com\/avatar\/2587727bf8a53bd3da4ec49f01bea66e?s=96&d=https%3A%2F%2Fpadreydecano.com%2Fcms%2Fwp-content%2Fthemes%2Fpyd-theme%2Fimg%2Fdefault-avatar.png&r=g\",\"contentUrl\":\"https:\/\/secure.gravatar.com\/avatar\/2587727bf8a53bd3da4ec49f01bea66e?s=96&d=https%3A%2F%2Fpadreydecano.com%2Fcms%2Fwp-content%2Fthemes%2Fpyd-theme%2Fimg%2Fdefault-avatar.png&r=g\",\"caption\":\"Moderador\"}}]}<\/script>\n<!-- \/ Yoast SEO plugin. -->","yoast_head_json":{"title":"Pe\u00f1arol se midi\u00f3 con Cerrito previo al inicio del Clausura - Padre y Decano - El Sitio del Pueblo","robots":{"index":"index","follow":"follow","max-snippet":"max-snippet:-1","max-image-preview":"max-image-preview:large","max-video-preview":"max-video-preview:-1"},"canonical":"https:\/\/www.padreydecano.com\/cms\/noticias\/penarol-se-midio-con-cerrito-previo-al-inicio-del-clausura\/","og_locale":"es_ES","og_type":"article","og_title":"Pe\u00f1arol se midi\u00f3 con Cerrito previo al inicio del Clausura - Padre y Decano - El Sitio del Pueblo","og_description":"Pe\u00f1arol hizo f\u00fatbol en Los Aromos frente a Cerrito como antesala del estreno por el Torneo Clausura. A primera hora, los titulares cayeron 2-1, con gol de penal anotado por Ceppelini. A segunda hora los suplentes vencieron 1-0 con anotaci\u00f3n de Nahuelpan. Fueron dos partidos de 60 minutos cada uno.\u00a0La oncena inicial de Larriera tuvo [&hellip;]","og_url":"https:\/\/www.padreydecano.com\/cms\/noticias\/penarol-se-midio-con-cerrito-previo-al-inicio-del-clausura\/","og_site_name":"Padre y Decano - El Sitio del Pueblo","article_published_time":"2021-09-04T15:47:08+00:00","article_modified_time":"2021-09-06T16:53:58+00:00","og_image":[{"width":2048,"height":1366,"url":"https:\/\/www.padreydecano.com\/cms\/wp-content\/uploads\/2021\/09\/IMG_20210904_113823.jpg","type":"image\/jpeg"}],"author":"Moderador","twitter_card":"summary_large_image","twitter_misc":{"Escrito por":"Moderador","Tiempo de lectura":"1 minuto"},"schema":{"@context":"https:\/\/schema.org","@graph":[{"@type":"Article","@id":"https:\/\/www.padreydecano.com\/cms\/noticias\/penarol-se-midio-con-cerrito-previo-al-inicio-del-clausura\/#article","isPartOf":{"@id":"https:\/\/www.padreydecano.com\/cms\/noticias\/penarol-se-midio-con-cerrito-previo-al-inicio-del-clausura\/"},"author":{"name":"Moderador","@id":"https:\/\/www.padreydecano.com\/cms\/#\/schema\/person\/d93e9e537230ae052c194251d9a1def2"},"headline":"Pe\u00f1arol se midi\u00f3 con Cerrito previo al inicio del Clausura","datePublished":"2021-09-04T15:47:08+00:00","dateModified":"2021-09-06T16:53:58+00:00","mainEntityOfPage":{"@id":"https:\/\/www.padreydecano.com\/cms\/noticias\/penarol-se-midio-con-cerrito-previo-al-inicio-del-clausura\/"},"wordCount":235,"commentCount":12,"publisher":{"@id":"https:\/\/www.padreydecano.com\/cms\/#organization"},"image":{"@id":"https:\/\/www.padreydecano.com\/cms\/noticias\/penarol-se-midio-con-cerrito-previo-al-inicio-del-clausura\/#primaryimage"},"thumbnailUrl":"https:\/\/www.padreydecano.com\/cms\/wp-content\/uploads\/2021\/09\/IMG_20210904_113823.jpg","articleSection":["Los Aromos","Noticias","Partidos"],"inLanguage":"es","potentialAction":[{"@type":"CommentAction","name":"Comment","target":["https:\/\/www.padreydecano.com\/cms\/noticias\/penarol-se-midio-con-cerrito-previo-al-inicio-del-clausura\/#respond"]}]},{"@type":"WebPage","@id":"https:\/\/www.padreydecano.com\/cms\/noticias\/penarol-se-midio-con-cerrito-previo-al-inicio-del-clausura\/","url":"https:\/\/www.padreydecano.com\/cms\/noticias\/penarol-se-midio-con-cerrito-previo-al-inicio-del-clausura\/","name":"Pe\u00f1arol se midi\u00f3 con Cerrito previo al inicio del Clausura - Padre y Decano - El Sitio del Pueblo","isPartOf":{"@id":"https:\/\/www.padreydecano.com\/cms\/#website"},"primaryImageOfPage":{"@id":"https:\/\/www.padreydecano.com\/cms\/noticias\/penarol-se-midio-con-cerrito-previo-al-inicio-del-clausura\/#primaryimage"},"image":{"@id":"https:\/\/www.padreydecano.com\/cms\/noticias\/penarol-se-midio-con-cerrito-previo-al-inicio-del-clausura\/#primaryimage"},"thumbnailUrl":"https:\/\/www.padreydecano.com\/cms\/wp-content\/uploads\/2021\/09\/IMG_20210904_113823.jpg","datePublished":"2021-09-04T15:47:08+00:00","dateModified":"2021-09-06T16:53:58+00:00","breadcrumb":{"@id":"https:\/\/www.padreydecano.com\/cms\/noticias\/penarol-se-midio-con-cerrito-previo-al-inicio-del-clausura\/#breadcrumb"},"inLanguage":"es","potentialAction":[{"@type":"ReadAction","target":["https:\/\/www.padreydecano.com\/cms\/noticias\/penarol-se-midio-con-cerrito-previo-al-inicio-del-clausura\/"]}]},{"@type":"ImageObject","inLanguage":"es","@id":"https:\/\/www.padreydecano.com\/cms\/noticias\/penarol-se-midio-con-cerrito-previo-al-inicio-del-clausura\/#primaryimage","url":"https:\/\/www.padreydecano.com\/cms\/wp-content\/uploads\/2021\/09\/IMG_20210904_113823.jpg","contentUrl":"https:\/\/www.padreydecano.com\/cms\/wp-content\/uploads\/2021\/09\/IMG_20210904_113823.jpg","width":2048,"height":1366,"caption":"Gargano Aromos"},{"@type":"BreadcrumbList","@id":"https:\/\/www.padreydecano.com\/cms\/noticias\/penarol-se-midio-con-cerrito-previo-al-inicio-del-clausura\/#breadcrumb","itemListElement":[{"@type":"ListItem","position":1,"name":"Portada","item":"https:\/\/www.padreydecano.com\/cms\/"},{"@type":"ListItem","position":2,"name":"Pe\u00f1arol se midi\u00f3 con Cerrito previo al inicio del Clausura"}]},{"@type":"WebSite","@id":"https:\/\/www.padreydecano.com\/cms\/#website","url":"https:\/\/www.padreydecano.com\/cms\/","name":"Padre y Decano - El Sitio del Pueblo","description":"Club Atl\u00e9tico Pe\u00f1arol","publisher":{"@id":"https:\/\/www.padreydecano.com\/cms\/#organization"},"potentialAction":[{"@type":"SearchAction","target":{"@type":"EntryPoint","urlTemplate":"https:\/\/www.padreydecano.com\/cms\/?s={search_term_string}"},"query-input":"required name=search_term_string"}],"inLanguage":"es"},{"@type":"Organization","@id":"https:\/\/www.padreydecano.com\/cms\/#organization","name":"Padre y Decano","url":"https:\/\/www.padreydecano.com\/cms\/","logo":{"@type":"ImageObject","inLanguage":"es","@id":"https:\/\/www.padreydecano.com\/cms\/#\/schema\/logo\/image\/","url":"https:\/\/www.padreydecano.com\/cms\/wp-content\/uploads\/2022\/01\/avatar-square.png","contentUrl":"https:\/\/www.padreydecano.com\/cms\/wp-content\/uploads\/2022\/01\/avatar-square.png","width":1500,"height":1500,"caption":"Padre y Decano"},"image":{"@id":"https:\/\/www.padreydecano.com\/cms\/#\/schema\/logo\/image\/"}},{"@type":"Person","@id":"https:\/\/www.padreydecano.com\/cms\/#\/schema\/person\/d93e9e537230ae052c194251d9a1def2","name":"Moderador","image":{"@type":"ImageObject","inLanguage":"es","@id":"https:\/\/www.padreydecano.com\/cms\/#\/schema\/person\/image\/","url":"https:\/\/secure.gravatar.com\/avatar\/2587727bf8a53bd3da4ec49f01bea66e?s=96&d=https%3A%2F%2Fpadreydecano.com%2Fcms%2Fwp-content%2Fthemes%2Fpyd-theme%2Fimg%2Fdefault-avatar.png&r=g","contentUrl":"https:\/\/secure.gravatar.com\/avatar\/2587727bf8a53bd3da4ec49f01bea66e?s=96&d=https%3A%2F%2Fpadreydecano.com%2Fcms%2Fwp-content%2Fthemes%2Fpyd-theme%2Fimg%2Fdefault-avatar.png&r=g","caption":"Moderador"}}]}},"_links":{"self":[{"href":"https:\/\/www.padreydecano.com\/cms\/wp-json\/wp\/v2\/posts\/76817"}],"collection":[{"href":"https:\/\/www.padreydecano.com\/cms\/wp-json\/wp\/v2\/posts"}],"about":[{"href":"https:\/\/www.padreydecano.com\/cms\/wp-json\/wp\/v2\/types\/post"}],"author":[{"embeddable":true,"href":"https:\/\/www.padreydecano.com\/cms\/wp-json\/wp\/v2\/users\/13"}],"replies":[{"embeddable":true,"href":"https:\/\/www.padreydecano.com\/cms\/wp-json\/wp\/v2\/comments?post=76817"}],"version-history":[{"count":0,"href":"https:\/\/www.padreydecano.com\/cms\/wp-json\/wp\/v2\/posts\/76817\/revisions"}],"wp:featuredmedia":[{"embeddable":true,"href":"https:\/\/www.padreydecano.com\/cms\/wp-json\/wp\/v2\/media\/76818"}],"wp:attachment":[{"href":"https:\/\/www.padreydecano.com\/cms\/wp-json\/wp\/v2\/media?parent=76817"}],"wp:term":[{"taxonomy":"category","embeddable":true,"href":"https:\/\/www.padreydecano.com\/cms\/wp-json\/wp\/v2\/categories?post=76817"},{"taxonomy":"post_tag","embeddable":true,"href":"https:\/\/www.padreydecano.com\/cms\/wp-json\/wp\/v2\/tags?post=76817"}],"curies":[{"name":"wp","href":"https:\/\/api.w.org\/{rel}","templated":true}]}}