{"id":76803,"date":"2021-09-01T15:41:51","date_gmt":"2021-09-01T18:41:51","guid":{"rendered":"http:\/\/www.padreydecano.com\/cms\/?p=76803"},"modified":"2021-09-03T09:33:36","modified_gmt":"2021-09-03T12:33:36","slug":"nuevas-camisetas-130-anos-y-la-del-clasico-copero","status":"publish","type":"post","link":"https:\/\/www.padreydecano.com\/cms\/noticias\/nuevas-camisetas-130-anos-y-la-del-clasico-copero\/","title":{"rendered":"Nuevas camisetas de Pe\u00f1arol: 130 a\u00f1os y la del cl\u00e1sico copero"},"content":{"rendered":"<p><a href=\"https:\/\/www.padreydecano.com\/cms\/wp-content\/uploads\/2021\/09\/IMG_20210901_000138.jpg\" rel=\"shadowbox[sbpost-76803];player=img;\"><img loading=\"lazy\" decoding=\"async\" class=\"aligncenter size-full wp-image-76804\" src=\"https:\/\/www.padreydecano.com\/cms\/wp-content\/uploads\/2021\/09\/IMG_20210901_000138.jpg\" alt=\"\" width=\"1200\" height=\"1600\" srcset=\"https:\/\/www.padreydecano.com\/cms\/wp-content\/uploads\/2021\/09\/IMG_20210901_000138.jpg 1200w, https:\/\/www.padreydecano.com\/cms\/wp-content\/uploads\/2021\/09\/IMG_20210901_000138-450x600.jpg 450w, https:\/\/www.padreydecano.com\/cms\/wp-content\/uploads\/2021\/09\/IMG_20210901_000138-768x1024.jpg 768w\" sizes=\"(max-width: 1200px) 100vw, 1200px\" \/><\/a><\/p>\n<p style=\"text-align: justify;\"><strong>En las \u00faltimas horas se filtr\u00f3 la camiseta aniversario por los 130 a\u00f1os de gloria de la instituci\u00f3n. Saldr\u00e1 a la venta la siguiente quincena del mes.<\/strong><\/p>\n<p style=\"text-align: justify;\">La indumentaria es un homenaje a una de las primeras versiones de camiseta a rayas verticales amarillas y negras. Nuevamente volver\u00e1 a contar con los pumas blancos, tanto en las mangas como en el pecho, adem\u00e1s de tener el mismo color para el \u00abAntel\u00bb en el medio. Lo m\u00e1s llamativo y novedoso es el estilo de las franjas y el detalle del cuello con cord\u00f3n, algo t\u00edpico de aquella \u00e9poca.<\/p>\n<p style=\"text-align: justify;\">La camiseta ser\u00e1 utilizada por el plantel principal en un encuentro por el campeonato local, como se suele hacer anualmente. Previamente ser\u00e1 lanzada a la venta.<\/p>\n<p style=\"text-align: justify;\">Posteriormente en octubre, saldr\u00e1 a la venta la camiseta utilizada en la victoria cl\u00e1sica en el Parque Central por Copa Sudamericana, con algunas modificaciones y leyendas adicionales. Finalmente esta camiseta no ser\u00e1 la aniversario, tal como hab\u00eda declarado el presidente aurinegro. De igual manera estar\u00e1 a la venta, as\u00ed como se habl\u00f3 hoy en Padre y Decano Radio en 1010 AM.<\/p>\n<div class=\"user-wrapper\"><a class=\"userlink\"href=\"https:\/\/twitter.com\/ftrucce18\" target=\"_blank\"><figure><img decoding=\"async\" src=\"http:\/\/www.padreydecano.com\/cms\/wp-users-files\/postfirmas\/ftrucce.jpg\" \/><\/figure><p class=\"user\"><strong>Franco Trucce<\/strong><br \/>@FTrucce18<\/p><\/a><\/div>\n","protected":false},"excerpt":{"rendered":"<p>En las \u00faltimas horas se filtr\u00f3 la camiseta aniversario por los 130 a\u00f1os de gloria de la instituci\u00f3n. Saldr\u00e1 a la venta la siguiente quincena del mes. La indumentaria es un homenaje a una de las primeras versiones de camiseta a rayas verticales amarillas y negras. Nuevamente volver\u00e1 a contar con los pumas blancos, tanto [&hellip;]<\/p>\n","protected":false},"author":27,"featured_media":76804,"comment_status":"open","ping_status":"closed","sticky":false,"template":"","format":"standard","meta":{"footnotes":""},"categories":[1],"tags":[],"yoast_head":"<!-- This site is optimized with the Yoast SEO plugin v23.2 - https:\/\/yoast.com\/wordpress\/plugins\/seo\/ -->\n<title>Nuevas camisetas de Pe\u00f1arol: 130 a\u00f1os y la del cl\u00e1sico copero - Padre y Decano - El Sitio del Pueblo<\/title>\n<meta name=\"robots\" content=\"index, follow, max-snippet:-1, max-image-preview:large, max-video-preview:-1\" \/>\n<link rel=\"canonical\" href=\"https:\/\/www.padreydecano.com\/cms\/noticias\/nuevas-camisetas-130-anos-y-la-del-clasico-copero\/\" \/>\n<meta property=\"og:locale\" content=\"es_ES\" \/>\n<meta property=\"og:type\" content=\"article\" \/>\n<meta property=\"og:title\" content=\"Nuevas camisetas de Pe\u00f1arol: 130 a\u00f1os y la del cl\u00e1sico copero - Padre y Decano - El Sitio del Pueblo\" \/>\n<meta property=\"og:description\" content=\"En las \u00faltimas horas se filtr\u00f3 la camiseta aniversario por los 130 a\u00f1os de gloria de la instituci\u00f3n. Saldr\u00e1 a la venta la siguiente quincena del mes. La indumentaria es un homenaje a una de las primeras versiones de camiseta a rayas verticales amarillas y negras. Nuevamente volver\u00e1 a contar con los pumas blancos, tanto [&hellip;]\" \/>\n<meta property=\"og:url\" content=\"https:\/\/www.padreydecano.com\/cms\/noticias\/nuevas-camisetas-130-anos-y-la-del-clasico-copero\/\" \/>\n<meta property=\"og:site_name\" content=\"Padre y Decano - El Sitio del Pueblo\" \/>\n<meta property=\"article:published_time\" content=\"2021-09-01T18:41:51+00:00\" \/>\n<meta property=\"article:modified_time\" content=\"2021-09-03T12:33:36+00:00\" \/>\n<meta property=\"og:image\" content=\"https:\/\/www.padreydecano.com\/cms\/wp-content\/uploads\/2021\/09\/IMG_20210901_000138.jpg\" \/>\n\t<meta property=\"og:image:width\" content=\"1200\" \/>\n\t<meta property=\"og:image:height\" content=\"1600\" \/>\n\t<meta property=\"og:image:type\" content=\"image\/jpeg\" \/>\n<meta name=\"author\" content=\"Redactores Padre y Decano\" \/>\n<meta name=\"twitter:card\" content=\"summary_large_image\" \/>\n<meta name=\"twitter:label1\" content=\"Escrito por\" \/>\n\t<meta name=\"twitter:data1\" content=\"Redactores Padre y Decano\" \/>\n\t<meta name=\"twitter:label2\" content=\"Tiempo de lectura\" \/>\n\t<meta name=\"twitter:data2\" content=\"1 minuto\" \/>\n<script type=\"application\/ld+json\" class=\"yoast-schema-graph\">{\"@context\":\"https:\/\/schema.org\",\"@graph\":[{\"@type\":\"Article\",\"@id\":\"https:\/\/www.padreydecano.com\/cms\/noticias\/nuevas-camisetas-130-anos-y-la-del-clasico-copero\/#article\",\"isPartOf\":{\"@id\":\"https:\/\/www.padreydecano.com\/cms\/noticias\/nuevas-camisetas-130-anos-y-la-del-clasico-copero\/\"},\"author\":{\"name\":\"Redactores Padre y Decano\",\"@id\":\"https:\/\/www.padreydecano.com\/cms\/#\/schema\/person\/37aae8f93aa78e4c5385497f056e3246\"},\"headline\":\"Nuevas camisetas de Pe\u00f1arol: 130 a\u00f1os y la del cl\u00e1sico copero\",\"datePublished\":\"2021-09-01T18:41:51+00:00\",\"dateModified\":\"2021-09-03T12:33:36+00:00\",\"mainEntityOfPage\":{\"@id\":\"https:\/\/www.padreydecano.com\/cms\/noticias\/nuevas-camisetas-130-anos-y-la-del-clasico-copero\/\"},\"wordCount\":204,\"commentCount\":25,\"publisher\":{\"@id\":\"https:\/\/www.padreydecano.com\/cms\/#organization\"},\"image\":{\"@id\":\"https:\/\/www.padreydecano.com\/cms\/noticias\/nuevas-camisetas-130-anos-y-la-del-clasico-copero\/#primaryimage\"},\"thumbnailUrl\":\"https:\/\/www.padreydecano.com\/cms\/wp-content\/uploads\/2021\/09\/IMG_20210901_000138.jpg\",\"articleSection\":[\"Noticias\"],\"inLanguage\":\"es\",\"potentialAction\":[{\"@type\":\"CommentAction\",\"name\":\"Comment\",\"target\":[\"https:\/\/www.padreydecano.com\/cms\/noticias\/nuevas-camisetas-130-anos-y-la-del-clasico-copero\/#respond\"]}]},{\"@type\":\"WebPage\",\"@id\":\"https:\/\/www.padreydecano.com\/cms\/noticias\/nuevas-camisetas-130-anos-y-la-del-clasico-copero\/\",\"url\":\"https:\/\/www.padreydecano.com\/cms\/noticias\/nuevas-camisetas-130-anos-y-la-del-clasico-copero\/\",\"name\":\"Nuevas camisetas de Pe\u00f1arol: 130 a\u00f1os y la del cl\u00e1sico copero - Padre y Decano - El Sitio del Pueblo\",\"isPartOf\":{\"@id\":\"https:\/\/www.padreydecano.com\/cms\/#website\"},\"primaryImageOfPage\":{\"@id\":\"https:\/\/www.padreydecano.com\/cms\/noticias\/nuevas-camisetas-130-anos-y-la-del-clasico-copero\/#primaryimage\"},\"image\":{\"@id\":\"https:\/\/www.padreydecano.com\/cms\/noticias\/nuevas-camisetas-130-anos-y-la-del-clasico-copero\/#primaryimage\"},\"thumbnailUrl\":\"https:\/\/www.padreydecano.com\/cms\/wp-content\/uploads\/2021\/09\/IMG_20210901_000138.jpg\",\"datePublished\":\"2021-09-01T18:41:51+00:00\",\"dateModified\":\"2021-09-03T12:33:36+00:00\",\"breadcrumb\":{\"@id\":\"https:\/\/www.padreydecano.com\/cms\/noticias\/nuevas-camisetas-130-anos-y-la-del-clasico-copero\/#breadcrumb\"},\"inLanguage\":\"es\",\"potentialAction\":[{\"@type\":\"ReadAction\",\"target\":[\"https:\/\/www.padreydecano.com\/cms\/noticias\/nuevas-camisetas-130-anos-y-la-del-clasico-copero\/\"]}]},{\"@type\":\"ImageObject\",\"inLanguage\":\"es\",\"@id\":\"https:\/\/www.padreydecano.com\/cms\/noticias\/nuevas-camisetas-130-anos-y-la-del-clasico-copero\/#primaryimage\",\"url\":\"https:\/\/www.padreydecano.com\/cms\/wp-content\/uploads\/2021\/09\/IMG_20210901_000138.jpg\",\"contentUrl\":\"https:\/\/www.padreydecano.com\/cms\/wp-content\/uploads\/2021\/09\/IMG_20210901_000138.jpg\",\"width\":1200,\"height\":1600},{\"@type\":\"BreadcrumbList\",\"@id\":\"https:\/\/www.padreydecano.com\/cms\/noticias\/nuevas-camisetas-130-anos-y-la-del-clasico-copero\/#breadcrumb\",\"itemListElement\":[{\"@type\":\"ListItem\",\"position\":1,\"name\":\"Portada\",\"item\":\"https:\/\/www.padreydecano.com\/cms\/\"},{\"@type\":\"ListItem\",\"position\":2,\"name\":\"Nuevas camisetas de Pe\u00f1arol: 130 a\u00f1os y la del cl\u00e1sico copero\"}]},{\"@type\":\"WebSite\",\"@id\":\"https:\/\/www.padreydecano.com\/cms\/#website\",\"url\":\"https:\/\/www.padreydecano.com\/cms\/\",\"name\":\"Padre y Decano - El Sitio del Pueblo\",\"description\":\"Club Atl\u00e9tico Pe\u00f1arol\",\"publisher\":{\"@id\":\"https:\/\/www.padreydecano.com\/cms\/#organization\"},\"potentialAction\":[{\"@type\":\"SearchAction\",\"target\":{\"@type\":\"EntryPoint\",\"urlTemplate\":\"https:\/\/www.padreydecano.com\/cms\/?s={search_term_string}\"},\"query-input\":\"required name=search_term_string\"}],\"inLanguage\":\"es\"},{\"@type\":\"Organization\",\"@id\":\"https:\/\/www.padreydecano.com\/cms\/#organization\",\"name\":\"Padre y Decano\",\"url\":\"https:\/\/www.padreydecano.com\/cms\/\",\"logo\":{\"@type\":\"ImageObject\",\"inLanguage\":\"es\",\"@id\":\"https:\/\/www.padreydecano.com\/cms\/#\/schema\/logo\/image\/\",\"url\":\"https:\/\/www.padreydecano.com\/cms\/wp-content\/uploads\/2022\/01\/avatar-square.png\",\"contentUrl\":\"https:\/\/www.padreydecano.com\/cms\/wp-content\/uploads\/2022\/01\/avatar-square.png\",\"width\":1500,\"height\":1500,\"caption\":\"Padre y Decano\"},\"image\":{\"@id\":\"https:\/\/www.padreydecano.com\/cms\/#\/schema\/logo\/image\/\"}},{\"@type\":\"Person\",\"@id\":\"https:\/\/www.padreydecano.com\/cms\/#\/schema\/person\/37aae8f93aa78e4c5385497f056e3246\",\"name\":\"Redactores Padre y Decano\",\"image\":{\"@type\":\"ImageObject\",\"inLanguage\":\"es\",\"@id\":\"https:\/\/www.padreydecano.com\/cms\/#\/schema\/person\/image\/\",\"url\":\"https:\/\/secure.gravatar.com\/avatar\/8810c4b9081192b118b104af54549af8?s=96&d=https%3A%2F%2Fpadreydecano.com%2Fcms%2Fwp-content%2Fthemes%2Fpyd-theme%2Fimg%2Fdefault-avatar.png&r=g\",\"contentUrl\":\"https:\/\/secure.gravatar.com\/avatar\/8810c4b9081192b118b104af54549af8?s=96&d=https%3A%2F%2Fpadreydecano.com%2Fcms%2Fwp-content%2Fthemes%2Fpyd-theme%2Fimg%2Fdefault-avatar.png&r=g\",\"caption\":\"Redactores Padre y Decano\"},\"sameAs\":[\"http:\/\/www.padreydecano.com\"]}]}<\/script>\n<!-- \/ Yoast SEO plugin. -->","yoast_head_json":{"title":"Nuevas camisetas de Pe\u00f1arol: 130 a\u00f1os y la del cl\u00e1sico copero - Padre y Decano - El Sitio del Pueblo","robots":{"index":"index","follow":"follow","max-snippet":"max-snippet:-1","max-image-preview":"max-image-preview:large","max-video-preview":"max-video-preview:-1"},"canonical":"https:\/\/www.padreydecano.com\/cms\/noticias\/nuevas-camisetas-130-anos-y-la-del-clasico-copero\/","og_locale":"es_ES","og_type":"article","og_title":"Nuevas camisetas de Pe\u00f1arol: 130 a\u00f1os y la del cl\u00e1sico copero - Padre y Decano - El Sitio del Pueblo","og_description":"En las \u00faltimas horas se filtr\u00f3 la camiseta aniversario por los 130 a\u00f1os de gloria de la instituci\u00f3n. Saldr\u00e1 a la venta la siguiente quincena del mes. La indumentaria es un homenaje a una de las primeras versiones de camiseta a rayas verticales amarillas y negras. Nuevamente volver\u00e1 a contar con los pumas blancos, tanto [&hellip;]","og_url":"https:\/\/www.padreydecano.com\/cms\/noticias\/nuevas-camisetas-130-anos-y-la-del-clasico-copero\/","og_site_name":"Padre y Decano - El Sitio del Pueblo","article_published_time":"2021-09-01T18:41:51+00:00","article_modified_time":"2021-09-03T12:33:36+00:00","og_image":[{"width":1200,"height":1600,"url":"https:\/\/www.padreydecano.com\/cms\/wp-content\/uploads\/2021\/09\/IMG_20210901_000138.jpg","type":"image\/jpeg"}],"author":"Redactores Padre y Decano","twitter_card":"summary_large_image","twitter_misc":{"Escrito por":"Redactores Padre y Decano","Tiempo de lectura":"1 minuto"},"schema":{"@context":"https:\/\/schema.org","@graph":[{"@type":"Article","@id":"https:\/\/www.padreydecano.com\/cms\/noticias\/nuevas-camisetas-130-anos-y-la-del-clasico-copero\/#article","isPartOf":{"@id":"https:\/\/www.padreydecano.com\/cms\/noticias\/nuevas-camisetas-130-anos-y-la-del-clasico-copero\/"},"author":{"name":"Redactores Padre y Decano","@id":"https:\/\/www.padreydecano.com\/cms\/#\/schema\/person\/37aae8f93aa78e4c5385497f056e3246"},"headline":"Nuevas camisetas de Pe\u00f1arol: 130 a\u00f1os y la del cl\u00e1sico copero","datePublished":"2021-09-01T18:41:51+00:00","dateModified":"2021-09-03T12:33:36+00:00","mainEntityOfPage":{"@id":"https:\/\/www.padreydecano.com\/cms\/noticias\/nuevas-camisetas-130-anos-y-la-del-clasico-copero\/"},"wordCount":204,"commentCount":25,"publisher":{"@id":"https:\/\/www.padreydecano.com\/cms\/#organization"},"image":{"@id":"https:\/\/www.padreydecano.com\/cms\/noticias\/nuevas-camisetas-130-anos-y-la-del-clasico-copero\/#primaryimage"},"thumbnailUrl":"https:\/\/www.padreydecano.com\/cms\/wp-content\/uploads\/2021\/09\/IMG_20210901_000138.jpg","articleSection":["Noticias"],"inLanguage":"es","potentialAction":[{"@type":"CommentAction","name":"Comment","target":["https:\/\/www.padreydecano.com\/cms\/noticias\/nuevas-camisetas-130-anos-y-la-del-clasico-copero\/#respond"]}]},{"@type":"WebPage","@id":"https:\/\/www.padreydecano.com\/cms\/noticias\/nuevas-camisetas-130-anos-y-la-del-clasico-copero\/","url":"https:\/\/www.padreydecano.com\/cms\/noticias\/nuevas-camisetas-130-anos-y-la-del-clasico-copero\/","name":"Nuevas camisetas de Pe\u00f1arol: 130 a\u00f1os y la del cl\u00e1sico copero - Padre y Decano - El Sitio del Pueblo","isPartOf":{"@id":"https:\/\/www.padreydecano.com\/cms\/#website"},"primaryImageOfPage":{"@id":"https:\/\/www.padreydecano.com\/cms\/noticias\/nuevas-camisetas-130-anos-y-la-del-clasico-copero\/#primaryimage"},"image":{"@id":"https:\/\/www.padreydecano.com\/cms\/noticias\/nuevas-camisetas-130-anos-y-la-del-clasico-copero\/#primaryimage"},"thumbnailUrl":"https:\/\/www.padreydecano.com\/cms\/wp-content\/uploads\/2021\/09\/IMG_20210901_000138.jpg","datePublished":"2021-09-01T18:41:51+00:00","dateModified":"2021-09-03T12:33:36+00:00","breadcrumb":{"@id":"https:\/\/www.padreydecano.com\/cms\/noticias\/nuevas-camisetas-130-anos-y-la-del-clasico-copero\/#breadcrumb"},"inLanguage":"es","potentialAction":[{"@type":"ReadAction","target":["https:\/\/www.padreydecano.com\/cms\/noticias\/nuevas-camisetas-130-anos-y-la-del-clasico-copero\/"]}]},{"@type":"ImageObject","inLanguage":"es","@id":"https:\/\/www.padreydecano.com\/cms\/noticias\/nuevas-camisetas-130-anos-y-la-del-clasico-copero\/#primaryimage","url":"https:\/\/www.padreydecano.com\/cms\/wp-content\/uploads\/2021\/09\/IMG_20210901_000138.jpg","contentUrl":"https:\/\/www.padreydecano.com\/cms\/wp-content\/uploads\/2021\/09\/IMG_20210901_000138.jpg","width":1200,"height":1600},{"@type":"BreadcrumbList","@id":"https:\/\/www.padreydecano.com\/cms\/noticias\/nuevas-camisetas-130-anos-y-la-del-clasico-copero\/#breadcrumb","itemListElement":[{"@type":"ListItem","position":1,"name":"Portada","item":"https:\/\/www.padreydecano.com\/cms\/"},{"@type":"ListItem","position":2,"name":"Nuevas camisetas de Pe\u00f1arol: 130 a\u00f1os y la del cl\u00e1sico copero"}]},{"@type":"WebSite","@id":"https:\/\/www.padreydecano.com\/cms\/#website","url":"https:\/\/www.padreydecano.com\/cms\/","name":"Padre y Decano - El Sitio del Pueblo","description":"Club Atl\u00e9tico Pe\u00f1arol","publisher":{"@id":"https:\/\/www.padreydecano.com\/cms\/#organization"},"potentialAction":[{"@type":"SearchAction","target":{"@type":"EntryPoint","urlTemplate":"https:\/\/www.padreydecano.com\/cms\/?s={search_term_string}"},"query-input":"required name=search_term_string"}],"inLanguage":"es"},{"@type":"Organization","@id":"https:\/\/www.padreydecano.com\/cms\/#organization","name":"Padre y Decano","url":"https:\/\/www.padreydecano.com\/cms\/","logo":{"@type":"ImageObject","inLanguage":"es","@id":"https:\/\/www.padreydecano.com\/cms\/#\/schema\/logo\/image\/","url":"https:\/\/www.padreydecano.com\/cms\/wp-content\/uploads\/2022\/01\/avatar-square.png","contentUrl":"https:\/\/www.padreydecano.com\/cms\/wp-content\/uploads\/2022\/01\/avatar-square.png","width":1500,"height":1500,"caption":"Padre y Decano"},"image":{"@id":"https:\/\/www.padreydecano.com\/cms\/#\/schema\/logo\/image\/"}},{"@type":"Person","@id":"https:\/\/www.padreydecano.com\/cms\/#\/schema\/person\/37aae8f93aa78e4c5385497f056e3246","name":"Redactores Padre y Decano","image":{"@type":"ImageObject","inLanguage":"es","@id":"https:\/\/www.padreydecano.com\/cms\/#\/schema\/person\/image\/","url":"https:\/\/secure.gravatar.com\/avatar\/8810c4b9081192b118b104af54549af8?s=96&d=https%3A%2F%2Fpadreydecano.com%2Fcms%2Fwp-content%2Fthemes%2Fpyd-theme%2Fimg%2Fdefault-avatar.png&r=g","contentUrl":"https:\/\/secure.gravatar.com\/avatar\/8810c4b9081192b118b104af54549af8?s=96&d=https%3A%2F%2Fpadreydecano.com%2Fcms%2Fwp-content%2Fthemes%2Fpyd-theme%2Fimg%2Fdefault-avatar.png&r=g","caption":"Redactores Padre y Decano"},"sameAs":["http:\/\/www.padreydecano.com"]}]}},"_links":{"self":[{"href":"https:\/\/www.padreydecano.com\/cms\/wp-json\/wp\/v2\/posts\/76803"}],"collection":[{"href":"https:\/\/www.padreydecano.com\/cms\/wp-json\/wp\/v2\/posts"}],"about":[{"href":"https:\/\/www.padreydecano.com\/cms\/wp-json\/wp\/v2\/types\/post"}],"author":[{"embeddable":true,"href":"https:\/\/www.padreydecano.com\/cms\/wp-json\/wp\/v2\/users\/27"}],"replies":[{"embeddable":true,"href":"https:\/\/www.padreydecano.com\/cms\/wp-json\/wp\/v2\/comments?post=76803"}],"version-history":[{"count":0,"href":"https:\/\/www.padreydecano.com\/cms\/wp-json\/wp\/v2\/posts\/76803\/revisions"}],"wp:featuredmedia":[{"embeddable":true,"href":"https:\/\/www.padreydecano.com\/cms\/wp-json\/wp\/v2\/media\/76804"}],"wp:attachment":[{"href":"https:\/\/www.padreydecano.com\/cms\/wp-json\/wp\/v2\/media?parent=76803"}],"wp:term":[{"taxonomy":"category","embeddable":true,"href":"https:\/\/www.padreydecano.com\/cms\/wp-json\/wp\/v2\/categories?post=76803"},{"taxonomy":"post_tag","embeddable":true,"href":"https:\/\/www.padreydecano.com\/cms\/wp-json\/wp\/v2\/tags?post=76803"}],"curies":[{"name":"wp","href":"https:\/\/api.w.org\/{rel}","templated":true}]}}