{"id":76730,"date":"2021-08-22T20:37:11","date_gmt":"2021-08-22T23:37:11","guid":{"rendered":"http:\/\/www.padreydecano.com\/cms\/?p=76730"},"modified":"2021-08-22T20:48:03","modified_gmt":"2021-08-22T23:48:03","slug":"puntajes-vs-sudamerica-apertura-2021","status":"publish","type":"post","link":"https:\/\/www.padreydecano.com\/cms\/noticias\/puntajes-vs-sudamerica-apertura-2021\/","title":{"rendered":"Puntajes vs Sud Am\u00e9rica (Apertura 2021)"},"content":{"rendered":"<p><a href=\"https:\/\/www.padreydecano.com\/cms\/wp-content\/uploads\/2021\/08\/69F47237-2917-4315-B06E-0944AF17D42B.jpeg\" rel=\"shadowbox[sbpost-76730];player=img;\"><img loading=\"lazy\" decoding=\"async\" class=\"aligncenter size-full wp-image-76731\" src=\"https:\/\/www.padreydecano.com\/cms\/wp-content\/uploads\/2021\/08\/69F47237-2917-4315-B06E-0944AF17D42B.jpeg\" alt=\"\" width=\"1620\" height=\"1080\" srcset=\"https:\/\/www.padreydecano.com\/cms\/wp-content\/uploads\/2021\/08\/69F47237-2917-4315-B06E-0944AF17D42B.jpeg 1620w, https:\/\/www.padreydecano.com\/cms\/wp-content\/uploads\/2021\/08\/69F47237-2917-4315-B06E-0944AF17D42B-600x400.jpeg 600w, https:\/\/www.padreydecano.com\/cms\/wp-content\/uploads\/2021\/08\/69F47237-2917-4315-B06E-0944AF17D42B-768x512.jpeg 768w, https:\/\/www.padreydecano.com\/cms\/wp-content\/uploads\/2021\/08\/69F47237-2917-4315-B06E-0944AF17D42B-1024x683.jpeg 1024w\" sizes=\"(max-width: 1620px) 100vw, 1620px\" \/><\/a><\/p>\n<p class=\"p3\" style=\"text-align: justify;\"><span class=\"s2\"><br \/>\n<strong>Kevin Dawson: <span style=\"color: #ffcc00;\">(6)<\/span><\/strong> Con buenas intervenciones durante todo el encuentro, en el penal acert\u00f3 el palo pero el bal\u00f3n fue m\u00e1s esquinado.<\/span><\/p>\n<p class=\"p3\" style=\"text-align: justify;\"><span class=\"s2\"><strong>Giovanni Gonz\u00e1lez:<span style=\"color: #ffcc00;\"> (7)<\/span><\/strong> La dupla que conforma con Canobbio por banda derecha es de los puntos m\u00e1s altos de los \u00faltimos partidos. Buen encuentro.<\/span><\/p>\n<p class=\"p3\" style=\"text-align: justify;\"><span class=\"s2\"><strong>Gary Kagelmacher:<span style=\"color: #ffcc00;\"> (6)<\/span><\/strong> En l\u00edneas generales tuvo un buen partido, mantuvo controlado al ataque rival por su sector.<\/span><\/p>\n<p class=\"p3\" style=\"text-align: justify;\"><span class=\"s2\"><strong>Carlos Rodr\u00edguez:<span style=\"color: #ffcc00;\"> (5)<\/span><\/strong> Su nivel ha mejorado con respecto a sus primeros partidos. El penal que le cobran es al menos pol\u00e9mico.<\/span><\/p>\n<p class=\"p3\" style=\"text-align: justify;\"><span class=\"s2\"><strong>Valent\u00edn Rodr\u00edguez: <span style=\"color: #ffcc00;\">(6)<\/span><\/strong> El rival aprovech\u00f3 sus subidas para atacar por el hueco que dejaba, por momentos le cost\u00f3 en el retroceso, pero se va afianzando. En ataque siempre muestra cosas interesantes.<\/span><\/p>\n<p class=\"p3\" style=\"text-align: justify;\"><span class=\"s2\"><strong>Agust\u00edn Canobbio: <span style=\"color: #ffcc00;\">(7)<\/span><\/strong> Tuvo las m\u00e1s claras del primer tiempo y fue el mejor de Pe\u00f1arol, le falt\u00f3 eficacia de cara al arco pero tuvo un buen partido.<\/span><\/p>\n<p class=\"p3\" style=\"text-align: justify;\"><span class=\"s2\"><strong>Pablo Ceppelini:<span style=\"color: #ffcc00;\"> (7)<\/span><\/strong> Otro penal que cambia por gol. Adem\u00e1s, mejor\u00f3 su rendimiento, se mostr\u00f3 participativo y fue clave en los ataques del equipo.<\/span><\/p>\n<p class=\"p3\" style=\"text-align: justify;\"><span class=\"s2\"><strong>Jes\u00fas Trindade: <span style=\"color: #ffcc00;\">(6)<\/span><\/strong> Correcto encuentro. Sin destacar cumpli\u00f3 sus funciones habituales con el desgaste caracter\u00edstico, pasa por un gran momento.<\/span><\/p>\n<p class=\"p3\" style=\"text-align: justify;\"><span class=\"s2\"><strong>Walter Gargano: <span style=\"color: #ffcc00;\">(6)<\/span><\/strong> De buen comienzo, se fue apagando con los minutos. En el segundo tiempo no fue tan influyente como en partidos anteriores.<\/span><\/p>\n<p class=\"p3\" style=\"text-align: justify;\"><span class=\"s2\"><strong>Cristian Olivera: <span style=\"color: #ffcc00;\">(5)<\/span><\/strong> Con m\u00e1s minutos pudo mostrar buenas acciones, pero durante el partido, perdi\u00f3 m\u00e1s de las que gan\u00f3.<\/span><\/p>\n<p class=\"p3\" style=\"text-align: justify;\"><span class=\"s2\"><strong>Agust\u00edn \u00c1lvarez Mart\u00ednez: <span style=\"color: #ffcc00;\">(7)<\/span><\/strong> A pesar de que no pudo convertir, genera peligro constante para la defensa rival. Tuvo varias claras que no pudo concretar.<\/span><\/p>\n<p class=\"p3\" style=\"text-align: justify;\"><strong><span class=\"s2\">Ingresaron:<\/span><\/strong><\/p>\n<p class=\"p3\" style=\"text-align: justify;\"><span class=\"s2\"><strong>Maximiliano Pereira:<span style=\"color: #ffcc00;\"> (6)<\/span><\/strong> Buen ingreso. A pesar de jugar a pierna cambiada mostr\u00f3 actitud en la marca y cada vez se suelta m\u00e1s en ofensiva.<\/span><\/p>\n<p class=\"p3\" style=\"text-align: justify;\"><span class=\"s2\"><strong>Agust\u00edn D\u00e1vila:<span style=\"color: #ffcc00;\"> (-)<\/span><\/strong> Pocos minutos.<\/span><\/p>\n<p class=\"p3\" style=\"text-align: justify;\"><span class=\"s2\"><strong>Ariel Nahuelpan: <span style=\"color: #ffcc00;\">(-)<\/span><\/strong> Pocos minutos.<\/span><\/p>\n<p class=\"p3\" style=\"text-align: justify;\"><span class=\"s2\"><strong>M\u00e1ximo Alonso: <span style=\"color: #ffcc00;\">(-)<\/span><\/strong> Pocos minutos. Por lo mostrado en partidos anteriores, y lo que ped\u00eda este encuentro, mereci\u00f3 ingresar varios minutos antes.<\/span><\/p>\n<p class=\"p3\" style=\"text-align: justify;\"><span class=\"s2\"><div class=\"user-wrapper\"><a class=\"userlink\" href=\"https:\/\/twitter.com\/agustin_oronoz\" target=\"_blank\"><figure><img decoding=\"async\" src=\"http:\/\/www.padreydecano.com\/cms\/wp-users-files\/postfirmas\/agustin_oronoz.jpg\" \/><\/figure><p class=\"user\"><strong>Agust&iacute;n Oronoz<\/strong><br \/>@agustin_oronoz<\/p><\/a><\/div><\/span><\/p>\n","protected":false},"excerpt":{"rendered":"<p>Kevin Dawson: (6) Con buenas intervenciones durante todo el encuentro, en el penal acert\u00f3 el palo pero el bal\u00f3n fue m\u00e1s esquinado. Giovanni Gonz\u00e1lez: (7) La dupla que conforma con Canobbio por banda derecha es de los puntos m\u00e1s altos de los \u00faltimos partidos. Buen encuentro. Gary Kagelmacher: (6) En l\u00edneas generales tuvo un buen [&hellip;]<\/p>\n","protected":false},"author":30,"featured_media":76731,"comment_status":"open","ping_status":"closed","sticky":false,"template":"","format":"standard","meta":{"footnotes":""},"categories":[1,21],"tags":[],"yoast_head":"<!-- This site is optimized with the Yoast SEO plugin v23.2 - https:\/\/yoast.com\/wordpress\/plugins\/seo\/ -->\n<title>Puntajes vs Sud Am\u00e9rica (Apertura 2021) - Padre y Decano - El Sitio del Pueblo<\/title>\n<meta name=\"robots\" content=\"index, follow, max-snippet:-1, max-image-preview:large, max-video-preview:-1\" \/>\n<link rel=\"canonical\" href=\"https:\/\/www.padreydecano.com\/cms\/noticias\/puntajes-vs-sudamerica-apertura-2021\/\" \/>\n<meta property=\"og:locale\" content=\"es_ES\" \/>\n<meta property=\"og:type\" content=\"article\" \/>\n<meta property=\"og:title\" content=\"Puntajes vs Sud Am\u00e9rica (Apertura 2021) - Padre y Decano - El Sitio del Pueblo\" \/>\n<meta property=\"og:description\" content=\"Kevin Dawson: (6) Con buenas intervenciones durante todo el encuentro, en el penal acert\u00f3 el palo pero el bal\u00f3n fue m\u00e1s esquinado. Giovanni Gonz\u00e1lez: (7) La dupla que conforma con Canobbio por banda derecha es de los puntos m\u00e1s altos de los \u00faltimos partidos. Buen encuentro. Gary Kagelmacher: (6) En l\u00edneas generales tuvo un buen [&hellip;]\" \/>\n<meta property=\"og:url\" content=\"https:\/\/www.padreydecano.com\/cms\/noticias\/puntajes-vs-sudamerica-apertura-2021\/\" \/>\n<meta property=\"og:site_name\" content=\"Padre y Decano - El Sitio del Pueblo\" \/>\n<meta property=\"article:published_time\" content=\"2021-08-22T23:37:11+00:00\" \/>\n<meta property=\"article:modified_time\" content=\"2021-08-22T23:48:03+00:00\" \/>\n<meta property=\"og:image\" content=\"https:\/\/www.padreydecano.com\/cms\/wp-content\/uploads\/2021\/08\/69F47237-2917-4315-B06E-0944AF17D42B.jpeg\" \/>\n\t<meta property=\"og:image:width\" content=\"1620\" \/>\n\t<meta property=\"og:image:height\" content=\"1080\" \/>\n\t<meta property=\"og:image:type\" content=\"image\/jpeg\" \/>\n<meta name=\"author\" content=\"Udelar\" \/>\n<meta name=\"twitter:card\" content=\"summary_large_image\" \/>\n<meta name=\"twitter:label1\" content=\"Escrito por\" \/>\n\t<meta name=\"twitter:data1\" content=\"Udelar\" \/>\n\t<meta name=\"twitter:label2\" content=\"Tiempo de lectura\" \/>\n\t<meta name=\"twitter:data2\" content=\"2 minutos\" \/>\n<script type=\"application\/ld+json\" class=\"yoast-schema-graph\">{\"@context\":\"https:\/\/schema.org\",\"@graph\":[{\"@type\":\"Article\",\"@id\":\"https:\/\/www.padreydecano.com\/cms\/noticias\/puntajes-vs-sudamerica-apertura-2021\/#article\",\"isPartOf\":{\"@id\":\"https:\/\/www.padreydecano.com\/cms\/noticias\/puntajes-vs-sudamerica-apertura-2021\/\"},\"author\":{\"name\":\"Udelar\",\"@id\":\"https:\/\/www.padreydecano.com\/cms\/#\/schema\/person\/b22191326be6d1c7fa55c2ad137a9a32\"},\"headline\":\"Puntajes vs Sud Am\u00e9rica (Apertura 2021)\",\"datePublished\":\"2021-08-22T23:37:11+00:00\",\"dateModified\":\"2021-08-22T23:48:03+00:00\",\"mainEntityOfPage\":{\"@id\":\"https:\/\/www.padreydecano.com\/cms\/noticias\/puntajes-vs-sudamerica-apertura-2021\/\"},\"wordCount\":336,\"commentCount\":17,\"publisher\":{\"@id\":\"https:\/\/www.padreydecano.com\/cms\/#organization\"},\"image\":{\"@id\":\"https:\/\/www.padreydecano.com\/cms\/noticias\/puntajes-vs-sudamerica-apertura-2021\/#primaryimage\"},\"thumbnailUrl\":\"https:\/\/www.padreydecano.com\/cms\/wp-content\/uploads\/2021\/08\/69F47237-2917-4315-B06E-0944AF17D42B.jpeg\",\"articleSection\":[\"Noticias\",\"Partido a Partido\"],\"inLanguage\":\"es\",\"potentialAction\":[{\"@type\":\"CommentAction\",\"name\":\"Comment\",\"target\":[\"https:\/\/www.padreydecano.com\/cms\/noticias\/puntajes-vs-sudamerica-apertura-2021\/#respond\"]}]},{\"@type\":\"WebPage\",\"@id\":\"https:\/\/www.padreydecano.com\/cms\/noticias\/puntajes-vs-sudamerica-apertura-2021\/\",\"url\":\"https:\/\/www.padreydecano.com\/cms\/noticias\/puntajes-vs-sudamerica-apertura-2021\/\",\"name\":\"Puntajes vs Sud Am\u00e9rica (Apertura 2021) - Padre y Decano - El Sitio del Pueblo\",\"isPartOf\":{\"@id\":\"https:\/\/www.padreydecano.com\/cms\/#website\"},\"primaryImageOfPage\":{\"@id\":\"https:\/\/www.padreydecano.com\/cms\/noticias\/puntajes-vs-sudamerica-apertura-2021\/#primaryimage\"},\"image\":{\"@id\":\"https:\/\/www.padreydecano.com\/cms\/noticias\/puntajes-vs-sudamerica-apertura-2021\/#primaryimage\"},\"thumbnailUrl\":\"https:\/\/www.padreydecano.com\/cms\/wp-content\/uploads\/2021\/08\/69F47237-2917-4315-B06E-0944AF17D42B.jpeg\",\"datePublished\":\"2021-08-22T23:37:11+00:00\",\"dateModified\":\"2021-08-22T23:48:03+00:00\",\"breadcrumb\":{\"@id\":\"https:\/\/www.padreydecano.com\/cms\/noticias\/puntajes-vs-sudamerica-apertura-2021\/#breadcrumb\"},\"inLanguage\":\"es\",\"potentialAction\":[{\"@type\":\"ReadAction\",\"target\":[\"https:\/\/www.padreydecano.com\/cms\/noticias\/puntajes-vs-sudamerica-apertura-2021\/\"]}]},{\"@type\":\"ImageObject\",\"inLanguage\":\"es\",\"@id\":\"https:\/\/www.padreydecano.com\/cms\/noticias\/puntajes-vs-sudamerica-apertura-2021\/#primaryimage\",\"url\":\"https:\/\/www.padreydecano.com\/cms\/wp-content\/uploads\/2021\/08\/69F47237-2917-4315-B06E-0944AF17D42B.jpeg\",\"contentUrl\":\"https:\/\/www.padreydecano.com\/cms\/wp-content\/uploads\/2021\/08\/69F47237-2917-4315-B06E-0944AF17D42B.jpeg\",\"width\":1620,\"height\":1080},{\"@type\":\"BreadcrumbList\",\"@id\":\"https:\/\/www.padreydecano.com\/cms\/noticias\/puntajes-vs-sudamerica-apertura-2021\/#breadcrumb\",\"itemListElement\":[{\"@type\":\"ListItem\",\"position\":1,\"name\":\"Portada\",\"item\":\"https:\/\/www.padreydecano.com\/cms\/\"},{\"@type\":\"ListItem\",\"position\":2,\"name\":\"Puntajes vs Sud Am\u00e9rica (Apertura 2021)\"}]},{\"@type\":\"WebSite\",\"@id\":\"https:\/\/www.padreydecano.com\/cms\/#website\",\"url\":\"https:\/\/www.padreydecano.com\/cms\/\",\"name\":\"Padre y Decano - El Sitio del Pueblo\",\"description\":\"Club Atl\u00e9tico Pe\u00f1arol\",\"publisher\":{\"@id\":\"https:\/\/www.padreydecano.com\/cms\/#organization\"},\"potentialAction\":[{\"@type\":\"SearchAction\",\"target\":{\"@type\":\"EntryPoint\",\"urlTemplate\":\"https:\/\/www.padreydecano.com\/cms\/?s={search_term_string}\"},\"query-input\":\"required name=search_term_string\"}],\"inLanguage\":\"es\"},{\"@type\":\"Organization\",\"@id\":\"https:\/\/www.padreydecano.com\/cms\/#organization\",\"name\":\"Padre y Decano\",\"url\":\"https:\/\/www.padreydecano.com\/cms\/\",\"logo\":{\"@type\":\"ImageObject\",\"inLanguage\":\"es\",\"@id\":\"https:\/\/www.padreydecano.com\/cms\/#\/schema\/logo\/image\/\",\"url\":\"https:\/\/www.padreydecano.com\/cms\/wp-content\/uploads\/2022\/01\/avatar-square.png\",\"contentUrl\":\"https:\/\/www.padreydecano.com\/cms\/wp-content\/uploads\/2022\/01\/avatar-square.png\",\"width\":1500,\"height\":1500,\"caption\":\"Padre y Decano\"},\"image\":{\"@id\":\"https:\/\/www.padreydecano.com\/cms\/#\/schema\/logo\/image\/\"}},{\"@type\":\"Person\",\"@id\":\"https:\/\/www.padreydecano.com\/cms\/#\/schema\/person\/b22191326be6d1c7fa55c2ad137a9a32\",\"name\":\"Udelar\",\"image\":{\"@type\":\"ImageObject\",\"inLanguage\":\"es\",\"@id\":\"https:\/\/www.padreydecano.com\/cms\/#\/schema\/person\/image\/\",\"url\":\"https:\/\/secure.gravatar.com\/avatar\/611ece663b16897a2cd2f46982281225?s=96&d=https%3A%2F%2Fpadreydecano.com%2Fcms%2Fwp-content%2Fthemes%2Fpyd-theme%2Fimg%2Fdefault-avatar.png&r=g\",\"contentUrl\":\"https:\/\/secure.gravatar.com\/avatar\/611ece663b16897a2cd2f46982281225?s=96&d=https%3A%2F%2Fpadreydecano.com%2Fcms%2Fwp-content%2Fthemes%2Fpyd-theme%2Fimg%2Fdefault-avatar.png&r=g\",\"caption\":\"Udelar\"}}]}<\/script>\n<!-- \/ Yoast SEO plugin. -->","yoast_head_json":{"title":"Puntajes vs Sud Am\u00e9rica (Apertura 2021) - Padre y Decano - El Sitio del Pueblo","robots":{"index":"index","follow":"follow","max-snippet":"max-snippet:-1","max-image-preview":"max-image-preview:large","max-video-preview":"max-video-preview:-1"},"canonical":"https:\/\/www.padreydecano.com\/cms\/noticias\/puntajes-vs-sudamerica-apertura-2021\/","og_locale":"es_ES","og_type":"article","og_title":"Puntajes vs Sud Am\u00e9rica (Apertura 2021) - Padre y Decano - El Sitio del Pueblo","og_description":"Kevin Dawson: (6) Con buenas intervenciones durante todo el encuentro, en el penal acert\u00f3 el palo pero el bal\u00f3n fue m\u00e1s esquinado. Giovanni Gonz\u00e1lez: (7) La dupla que conforma con Canobbio por banda derecha es de los puntos m\u00e1s altos de los \u00faltimos partidos. Buen encuentro. Gary Kagelmacher: (6) En l\u00edneas generales tuvo un buen [&hellip;]","og_url":"https:\/\/www.padreydecano.com\/cms\/noticias\/puntajes-vs-sudamerica-apertura-2021\/","og_site_name":"Padre y Decano - El Sitio del Pueblo","article_published_time":"2021-08-22T23:37:11+00:00","article_modified_time":"2021-08-22T23:48:03+00:00","og_image":[{"width":1620,"height":1080,"url":"https:\/\/www.padreydecano.com\/cms\/wp-content\/uploads\/2021\/08\/69F47237-2917-4315-B06E-0944AF17D42B.jpeg","type":"image\/jpeg"}],"author":"Udelar","twitter_card":"summary_large_image","twitter_misc":{"Escrito por":"Udelar","Tiempo de lectura":"2 minutos"},"schema":{"@context":"https:\/\/schema.org","@graph":[{"@type":"Article","@id":"https:\/\/www.padreydecano.com\/cms\/noticias\/puntajes-vs-sudamerica-apertura-2021\/#article","isPartOf":{"@id":"https:\/\/www.padreydecano.com\/cms\/noticias\/puntajes-vs-sudamerica-apertura-2021\/"},"author":{"name":"Udelar","@id":"https:\/\/www.padreydecano.com\/cms\/#\/schema\/person\/b22191326be6d1c7fa55c2ad137a9a32"},"headline":"Puntajes vs Sud Am\u00e9rica (Apertura 2021)","datePublished":"2021-08-22T23:37:11+00:00","dateModified":"2021-08-22T23:48:03+00:00","mainEntityOfPage":{"@id":"https:\/\/www.padreydecano.com\/cms\/noticias\/puntajes-vs-sudamerica-apertura-2021\/"},"wordCount":336,"commentCount":17,"publisher":{"@id":"https:\/\/www.padreydecano.com\/cms\/#organization"},"image":{"@id":"https:\/\/www.padreydecano.com\/cms\/noticias\/puntajes-vs-sudamerica-apertura-2021\/#primaryimage"},"thumbnailUrl":"https:\/\/www.padreydecano.com\/cms\/wp-content\/uploads\/2021\/08\/69F47237-2917-4315-B06E-0944AF17D42B.jpeg","articleSection":["Noticias","Partido a Partido"],"inLanguage":"es","potentialAction":[{"@type":"CommentAction","name":"Comment","target":["https:\/\/www.padreydecano.com\/cms\/noticias\/puntajes-vs-sudamerica-apertura-2021\/#respond"]}]},{"@type":"WebPage","@id":"https:\/\/www.padreydecano.com\/cms\/noticias\/puntajes-vs-sudamerica-apertura-2021\/","url":"https:\/\/www.padreydecano.com\/cms\/noticias\/puntajes-vs-sudamerica-apertura-2021\/","name":"Puntajes vs Sud Am\u00e9rica (Apertura 2021) - Padre y Decano - El Sitio del Pueblo","isPartOf":{"@id":"https:\/\/www.padreydecano.com\/cms\/#website"},"primaryImageOfPage":{"@id":"https:\/\/www.padreydecano.com\/cms\/noticias\/puntajes-vs-sudamerica-apertura-2021\/#primaryimage"},"image":{"@id":"https:\/\/www.padreydecano.com\/cms\/noticias\/puntajes-vs-sudamerica-apertura-2021\/#primaryimage"},"thumbnailUrl":"https:\/\/www.padreydecano.com\/cms\/wp-content\/uploads\/2021\/08\/69F47237-2917-4315-B06E-0944AF17D42B.jpeg","datePublished":"2021-08-22T23:37:11+00:00","dateModified":"2021-08-22T23:48:03+00:00","breadcrumb":{"@id":"https:\/\/www.padreydecano.com\/cms\/noticias\/puntajes-vs-sudamerica-apertura-2021\/#breadcrumb"},"inLanguage":"es","potentialAction":[{"@type":"ReadAction","target":["https:\/\/www.padreydecano.com\/cms\/noticias\/puntajes-vs-sudamerica-apertura-2021\/"]}]},{"@type":"ImageObject","inLanguage":"es","@id":"https:\/\/www.padreydecano.com\/cms\/noticias\/puntajes-vs-sudamerica-apertura-2021\/#primaryimage","url":"https:\/\/www.padreydecano.com\/cms\/wp-content\/uploads\/2021\/08\/69F47237-2917-4315-B06E-0944AF17D42B.jpeg","contentUrl":"https:\/\/www.padreydecano.com\/cms\/wp-content\/uploads\/2021\/08\/69F47237-2917-4315-B06E-0944AF17D42B.jpeg","width":1620,"height":1080},{"@type":"BreadcrumbList","@id":"https:\/\/www.padreydecano.com\/cms\/noticias\/puntajes-vs-sudamerica-apertura-2021\/#breadcrumb","itemListElement":[{"@type":"ListItem","position":1,"name":"Portada","item":"https:\/\/www.padreydecano.com\/cms\/"},{"@type":"ListItem","position":2,"name":"Puntajes vs Sud Am\u00e9rica (Apertura 2021)"}]},{"@type":"WebSite","@id":"https:\/\/www.padreydecano.com\/cms\/#website","url":"https:\/\/www.padreydecano.com\/cms\/","name":"Padre y Decano - El Sitio del Pueblo","description":"Club Atl\u00e9tico Pe\u00f1arol","publisher":{"@id":"https:\/\/www.padreydecano.com\/cms\/#organization"},"potentialAction":[{"@type":"SearchAction","target":{"@type":"EntryPoint","urlTemplate":"https:\/\/www.padreydecano.com\/cms\/?s={search_term_string}"},"query-input":"required name=search_term_string"}],"inLanguage":"es"},{"@type":"Organization","@id":"https:\/\/www.padreydecano.com\/cms\/#organization","name":"Padre y Decano","url":"https:\/\/www.padreydecano.com\/cms\/","logo":{"@type":"ImageObject","inLanguage":"es","@id":"https:\/\/www.padreydecano.com\/cms\/#\/schema\/logo\/image\/","url":"https:\/\/www.padreydecano.com\/cms\/wp-content\/uploads\/2022\/01\/avatar-square.png","contentUrl":"https:\/\/www.padreydecano.com\/cms\/wp-content\/uploads\/2022\/01\/avatar-square.png","width":1500,"height":1500,"caption":"Padre y Decano"},"image":{"@id":"https:\/\/www.padreydecano.com\/cms\/#\/schema\/logo\/image\/"}},{"@type":"Person","@id":"https:\/\/www.padreydecano.com\/cms\/#\/schema\/person\/b22191326be6d1c7fa55c2ad137a9a32","name":"Udelar","image":{"@type":"ImageObject","inLanguage":"es","@id":"https:\/\/www.padreydecano.com\/cms\/#\/schema\/person\/image\/","url":"https:\/\/secure.gravatar.com\/avatar\/611ece663b16897a2cd2f46982281225?s=96&d=https%3A%2F%2Fpadreydecano.com%2Fcms%2Fwp-content%2Fthemes%2Fpyd-theme%2Fimg%2Fdefault-avatar.png&r=g","contentUrl":"https:\/\/secure.gravatar.com\/avatar\/611ece663b16897a2cd2f46982281225?s=96&d=https%3A%2F%2Fpadreydecano.com%2Fcms%2Fwp-content%2Fthemes%2Fpyd-theme%2Fimg%2Fdefault-avatar.png&r=g","caption":"Udelar"}}]}},"_links":{"self":[{"href":"https:\/\/www.padreydecano.com\/cms\/wp-json\/wp\/v2\/posts\/76730"}],"collection":[{"href":"https:\/\/www.padreydecano.com\/cms\/wp-json\/wp\/v2\/posts"}],"about":[{"href":"https:\/\/www.padreydecano.com\/cms\/wp-json\/wp\/v2\/types\/post"}],"author":[{"embeddable":true,"href":"https:\/\/www.padreydecano.com\/cms\/wp-json\/wp\/v2\/users\/30"}],"replies":[{"embeddable":true,"href":"https:\/\/www.padreydecano.com\/cms\/wp-json\/wp\/v2\/comments?post=76730"}],"version-history":[{"count":0,"href":"https:\/\/www.padreydecano.com\/cms\/wp-json\/wp\/v2\/posts\/76730\/revisions"}],"wp:featuredmedia":[{"embeddable":true,"href":"https:\/\/www.padreydecano.com\/cms\/wp-json\/wp\/v2\/media\/76731"}],"wp:attachment":[{"href":"https:\/\/www.padreydecano.com\/cms\/wp-json\/wp\/v2\/media?parent=76730"}],"wp:term":[{"taxonomy":"category","embeddable":true,"href":"https:\/\/www.padreydecano.com\/cms\/wp-json\/wp\/v2\/categories?post=76730"},{"taxonomy":"post_tag","embeddable":true,"href":"https:\/\/www.padreydecano.com\/cms\/wp-json\/wp\/v2\/tags?post=76730"}],"curies":[{"name":"wp","href":"https:\/\/api.w.org\/{rel}","templated":true}]}}