{"id":76659,"date":"2021-08-14T20:42:55","date_gmt":"2021-08-14T23:42:55","guid":{"rendered":"http:\/\/www.padreydecano.com\/cms\/?p=76659"},"modified":"2021-08-16T11:34:15","modified_gmt":"2021-08-16T14:34:15","slug":"puntajes-vs-progreso-apertura-2021","status":"publish","type":"post","link":"https:\/\/www.padreydecano.com\/cms\/noticias\/puntajes-vs-progreso-apertura-2021\/","title":{"rendered":"Puntajes vs Progreso (Apertura 2021)"},"content":{"rendered":"<p><a href=\"https:\/\/www.padreydecano.com\/cms\/wp-content\/uploads\/2021\/08\/71A5E4B3-9CEF-4A74-8BA0-26D6547DF488.jpeg\" rel=\"shadowbox[sbpost-76659];player=img;\"><img loading=\"lazy\" decoding=\"async\" class=\"aligncenter size-full wp-image-76660\" src=\"https:\/\/www.padreydecano.com\/cms\/wp-content\/uploads\/2021\/08\/71A5E4B3-9CEF-4A74-8BA0-26D6547DF488.jpeg\" alt=\"\" width=\"2048\" height=\"1366\" srcset=\"https:\/\/www.padreydecano.com\/cms\/wp-content\/uploads\/2021\/08\/71A5E4B3-9CEF-4A74-8BA0-26D6547DF488.jpeg 2048w, https:\/\/www.padreydecano.com\/cms\/wp-content\/uploads\/2021\/08\/71A5E4B3-9CEF-4A74-8BA0-26D6547DF488-600x400.jpeg 600w, https:\/\/www.padreydecano.com\/cms\/wp-content\/uploads\/2021\/08\/71A5E4B3-9CEF-4A74-8BA0-26D6547DF488-768x512.jpeg 768w, https:\/\/www.padreydecano.com\/cms\/wp-content\/uploads\/2021\/08\/71A5E4B3-9CEF-4A74-8BA0-26D6547DF488-1024x683.jpeg 1024w\" sizes=\"(max-width: 2048px) 100vw, 2048px\" \/><\/a><\/p>\n<p class=\"p2\" style=\"text-align: justify;\"><span class=\"s1\"><strong>Neto Volpi: <span style=\"color: #ffcc00;\">(6)<\/span><\/strong> Buena presentaci\u00f3n bajo los tres palos del Campe\u00f3n del Siglo, seguro en los centros y remates del rival.<\/span><\/p>\n<p class=\"p2\" style=\"text-align: justify;\"><span class=\"s1\"><strong>Maximiliano Pereira:<span style=\"color: #ffcc00;\"> (5)<\/span><\/strong> Con menos responsabilidad en la marca por el planteo rival, pudo soltarse al ataque y generar buenas asociaciones.<\/span><\/p>\n<p class=\"p2\" style=\"text-align: justify;\"><span class=\"s1\"><strong>Agust\u00edn Da Silveira: <span style=\"color: #ffcc00;\">(6)<\/span><\/strong> Muy firme en la zaga, seguro y con buen pie para la salida desde el fondo. De momento aparece como una variante interesante en defensa. <\/span><\/p>\n<p class=\"p2\" style=\"text-align: justify;\"><span class=\"s1\"><strong>Carlos Rodr\u00edguez: <span style=\"color: #ffcc00;\">(6)<\/span><\/strong> Cada vez va tomando m\u00e1s f\u00fatbol, a pesar de alguna imprecisi\u00f3n en la salida, contin\u00faa afianz\u00e1ndose en el equipo.<\/span><\/p>\n<p class=\"p2\" style=\"text-align: justify;\"><span class=\"s1\"><strong>Valent\u00edn Rodr\u00edguez: <span style=\"color: #ffcc00;\">(5)<\/span><\/strong> No logr\u00f3 pasar al ataque con claridad, pero se mostr\u00f3 seguro en defensa. <\/span><\/p>\n<p class=\"p2\" style=\"text-align: justify;\"><span class=\"s1\"><strong>Giovanni Gonz\u00e1lez: <span style=\"color: #ffcc00;\">(6)<\/span><\/strong> De lo mejor de la mala primera mitad, colabor\u00f3 en defensa y fue el que m\u00e1s busc\u00f3 en ataque.<\/span><\/p>\n<p class=\"p2\" style=\"text-align: justify;\"><span class=\"s1\"><strong>Agust\u00edn \u00c1lvarez Wallace:<span style=\"color: #ffcc00;\"> (5)<\/span><\/strong>\u00a0Debi\u00f3 soltarse m\u00e1s al ataque, principalmente en el primer tiempo, para que el mediocampo no quede tan atr\u00e1s. Sin ser su mejor partido igual rindi\u00f3.<\/span><\/p>\n<p class=\"p2\" style=\"text-align: justify;\"><span class=\"s1\"><strong>Jes\u00fas Trindade: <span style=\"color: #ffcc00;\">(8)<\/span><\/strong> Un tractor. Hasta el \u00faltimo minuto recuperando pelotas y entregando todas bien a sus compa\u00f1eros. Es una pieza fundamental de este equipo.<\/span><\/p>\n<p class=\"p2\" style=\"text-align: justify;\"><span class=\"s1\"><strong>Franco Mart\u00ednez:<span style=\"color: #ffcc00;\"> (4)<\/span><\/strong> Entr\u00f3 poco en juego m\u00e1s all\u00e1 del \u00faltimo remate del primer tiempo.<\/span><\/p>\n<p class=\"p2\" style=\"text-align: justify;\"><span class=\"s1\"><strong>Cristian Olivera: <span style=\"color: #ffcc00;\">(4)<\/span><\/strong> Le cost\u00f3 mucho desequilibrar en el uno contra uno y se involucr\u00f3 poco en el juego asociado.<\/span><\/p>\n<p class=\"p2\" style=\"text-align: justify;\"><span class=\"s1\"><strong>Ariel Nahuelp\u00e1n:<span style=\"color: #ffcc00;\"> (4)<\/span><\/strong> M\u00e1s enfocado en chocar con los rivales que en el bal\u00f3n. La mayor\u00eda de las habilitaciones de sus compa\u00f1eros, lo encontraron mal parado o terminaron en falta.<\/span><\/p>\n<p class=\"p2\" style=\"text-align: justify;\"><strong><span class=\"s1\">Ingresaron:<\/span><\/strong><\/p>\n<p class=\"p2\" style=\"text-align: justify;\"><span class=\"s1\"><strong>Pablo Ceppelini:<span style=\"color: #ffcc00;\"> (7)<\/span><\/strong> Da otra movilidad al bal\u00f3n, juega m\u00e1s sencillo y esta din\u00e1mica es la que permite a Pe\u00f1arol encontrar ventajas. <\/span><\/p>\n<p class=\"p2\" style=\"text-align: justify;\"><span class=\"s1\"><strong>Agust\u00edn Canobbio:<span style=\"color: #ffcc00;\"> (6)<\/span><\/strong> Con su caracter\u00edstica energ\u00eda, pero hoy m\u00e1s err\u00e1tico que en partidos anteriores.<\/span><\/p>\n<p class=\"p2\" style=\"text-align: justify;\"><span class=\"s1\"><strong>Agust\u00edn \u00c1lvarez Mart\u00ednez:<span style=\"color: #ffcc00;\"> (8)<\/span><\/strong> Cuando la toca, genera peligro. Su primer remate fue una buena tapada del golero, el segundo de cabeza pas\u00f3 rozando el palo y en el tercero no perdon\u00f3. <\/span><\/p>\n<p class=\"p2\" style=\"text-align: justify;\"><span class=\"s1\"><strong>M\u00e1ximo Alonso: <span style=\"color: #ffcc00;\">(5)<\/span><\/strong> Dentro de lo poco que permiti\u00f3 ver la niebla por su sector, como en sus \u00faltimos partidos, demostr\u00f3 ser una buena variante ofensiva.<\/span><\/p>\n<p class=\"p2\" style=\"text-align: justify;\"><span class=\"s1\"><strong>Juan Acosta: <span style=\"color: #ffcc00;\">(-)<\/span><\/strong> Pocos minutos.<\/span><\/p>\n<p class=\"p2\" style=\"text-align: justify;\"><span class=\"s1\"><div class=\"user-wrapper\"><a class=\"userlink\" href=\"https:\/\/twitter.com\/agustin_oronoz\" target=\"_blank\"><figure><img decoding=\"async\" src=\"http:\/\/www.padreydecano.com\/cms\/wp-users-files\/postfirmas\/agustin_oronoz.jpg\" \/><\/figure><p class=\"user\"><strong>Agust&iacute;n Oronoz<\/strong><br \/>@agustin_oronoz<\/p><\/a><\/div><\/span><\/p>\n","protected":false},"excerpt":{"rendered":"<p>Neto Volpi: (6) Buena presentaci\u00f3n bajo los tres palos del Campe\u00f3n del Siglo, seguro en los centros y remates del rival. Maximiliano Pereira: (5) Con menos responsabilidad en la marca por el planteo rival, pudo soltarse al ataque y generar buenas asociaciones. Agust\u00edn Da Silveira: (6) Muy firme en la zaga, seguro y con buen [&hellip;]<\/p>\n","protected":false},"author":30,"featured_media":76660,"comment_status":"open","ping_status":"closed","sticky":false,"template":"","format":"standard","meta":{"footnotes":""},"categories":[1,21],"tags":[],"yoast_head":"<!-- This site is optimized with the Yoast SEO plugin v23.2 - https:\/\/yoast.com\/wordpress\/plugins\/seo\/ -->\n<title>Puntajes vs Progreso (Apertura 2021) - Padre y Decano - El Sitio del Pueblo<\/title>\n<meta name=\"robots\" content=\"index, follow, max-snippet:-1, max-image-preview:large, max-video-preview:-1\" \/>\n<link rel=\"canonical\" href=\"https:\/\/www.padreydecano.com\/cms\/noticias\/puntajes-vs-progreso-apertura-2021\/\" \/>\n<meta property=\"og:locale\" content=\"es_ES\" \/>\n<meta property=\"og:type\" content=\"article\" \/>\n<meta property=\"og:title\" content=\"Puntajes vs Progreso (Apertura 2021) - Padre y Decano - El Sitio del Pueblo\" \/>\n<meta property=\"og:description\" content=\"Neto Volpi: (6) Buena presentaci\u00f3n bajo los tres palos del Campe\u00f3n del Siglo, seguro en los centros y remates del rival. Maximiliano Pereira: (5) Con menos responsabilidad en la marca por el planteo rival, pudo soltarse al ataque y generar buenas asociaciones. Agust\u00edn Da Silveira: (6) Muy firme en la zaga, seguro y con buen [&hellip;]\" \/>\n<meta property=\"og:url\" content=\"https:\/\/www.padreydecano.com\/cms\/noticias\/puntajes-vs-progreso-apertura-2021\/\" \/>\n<meta property=\"og:site_name\" content=\"Padre y Decano - El Sitio del Pueblo\" \/>\n<meta property=\"article:published_time\" content=\"2021-08-14T23:42:55+00:00\" \/>\n<meta property=\"article:modified_time\" content=\"2021-08-16T14:34:15+00:00\" \/>\n<meta property=\"og:image\" content=\"https:\/\/www.padreydecano.com\/cms\/wp-content\/uploads\/2021\/08\/71A5E4B3-9CEF-4A74-8BA0-26D6547DF488.jpeg\" \/>\n\t<meta property=\"og:image:width\" content=\"2048\" \/>\n\t<meta property=\"og:image:height\" content=\"1366\" \/>\n\t<meta property=\"og:image:type\" content=\"image\/jpeg\" \/>\n<meta name=\"author\" content=\"Udelar\" \/>\n<meta name=\"twitter:card\" content=\"summary_large_image\" \/>\n<meta name=\"twitter:label1\" content=\"Escrito por\" \/>\n\t<meta name=\"twitter:data1\" content=\"Udelar\" \/>\n\t<meta name=\"twitter:label2\" content=\"Tiempo de lectura\" \/>\n\t<meta name=\"twitter:data2\" content=\"2 minutos\" \/>\n<script type=\"application\/ld+json\" class=\"yoast-schema-graph\">{\"@context\":\"https:\/\/schema.org\",\"@graph\":[{\"@type\":\"Article\",\"@id\":\"https:\/\/www.padreydecano.com\/cms\/noticias\/puntajes-vs-progreso-apertura-2021\/#article\",\"isPartOf\":{\"@id\":\"https:\/\/www.padreydecano.com\/cms\/noticias\/puntajes-vs-progreso-apertura-2021\/\"},\"author\":{\"name\":\"Udelar\",\"@id\":\"https:\/\/www.padreydecano.com\/cms\/#\/schema\/person\/b22191326be6d1c7fa55c2ad137a9a32\"},\"headline\":\"Puntajes vs Progreso (Apertura 2021)\",\"datePublished\":\"2021-08-14T23:42:55+00:00\",\"dateModified\":\"2021-08-16T14:34:15+00:00\",\"mainEntityOfPage\":{\"@id\":\"https:\/\/www.padreydecano.com\/cms\/noticias\/puntajes-vs-progreso-apertura-2021\/\"},\"wordCount\":378,\"commentCount\":36,\"publisher\":{\"@id\":\"https:\/\/www.padreydecano.com\/cms\/#organization\"},\"image\":{\"@id\":\"https:\/\/www.padreydecano.com\/cms\/noticias\/puntajes-vs-progreso-apertura-2021\/#primaryimage\"},\"thumbnailUrl\":\"https:\/\/www.padreydecano.com\/cms\/wp-content\/uploads\/2021\/08\/71A5E4B3-9CEF-4A74-8BA0-26D6547DF488.jpeg\",\"articleSection\":[\"Noticias\",\"Partido a Partido\"],\"inLanguage\":\"es\",\"potentialAction\":[{\"@type\":\"CommentAction\",\"name\":\"Comment\",\"target\":[\"https:\/\/www.padreydecano.com\/cms\/noticias\/puntajes-vs-progreso-apertura-2021\/#respond\"]}]},{\"@type\":\"WebPage\",\"@id\":\"https:\/\/www.padreydecano.com\/cms\/noticias\/puntajes-vs-progreso-apertura-2021\/\",\"url\":\"https:\/\/www.padreydecano.com\/cms\/noticias\/puntajes-vs-progreso-apertura-2021\/\",\"name\":\"Puntajes vs Progreso (Apertura 2021) - Padre y Decano - El Sitio del Pueblo\",\"isPartOf\":{\"@id\":\"https:\/\/www.padreydecano.com\/cms\/#website\"},\"primaryImageOfPage\":{\"@id\":\"https:\/\/www.padreydecano.com\/cms\/noticias\/puntajes-vs-progreso-apertura-2021\/#primaryimage\"},\"image\":{\"@id\":\"https:\/\/www.padreydecano.com\/cms\/noticias\/puntajes-vs-progreso-apertura-2021\/#primaryimage\"},\"thumbnailUrl\":\"https:\/\/www.padreydecano.com\/cms\/wp-content\/uploads\/2021\/08\/71A5E4B3-9CEF-4A74-8BA0-26D6547DF488.jpeg\",\"datePublished\":\"2021-08-14T23:42:55+00:00\",\"dateModified\":\"2021-08-16T14:34:15+00:00\",\"breadcrumb\":{\"@id\":\"https:\/\/www.padreydecano.com\/cms\/noticias\/puntajes-vs-progreso-apertura-2021\/#breadcrumb\"},\"inLanguage\":\"es\",\"potentialAction\":[{\"@type\":\"ReadAction\",\"target\":[\"https:\/\/www.padreydecano.com\/cms\/noticias\/puntajes-vs-progreso-apertura-2021\/\"]}]},{\"@type\":\"ImageObject\",\"inLanguage\":\"es\",\"@id\":\"https:\/\/www.padreydecano.com\/cms\/noticias\/puntajes-vs-progreso-apertura-2021\/#primaryimage\",\"url\":\"https:\/\/www.padreydecano.com\/cms\/wp-content\/uploads\/2021\/08\/71A5E4B3-9CEF-4A74-8BA0-26D6547DF488.jpeg\",\"contentUrl\":\"https:\/\/www.padreydecano.com\/cms\/wp-content\/uploads\/2021\/08\/71A5E4B3-9CEF-4A74-8BA0-26D6547DF488.jpeg\",\"width\":2048,\"height\":1366},{\"@type\":\"BreadcrumbList\",\"@id\":\"https:\/\/www.padreydecano.com\/cms\/noticias\/puntajes-vs-progreso-apertura-2021\/#breadcrumb\",\"itemListElement\":[{\"@type\":\"ListItem\",\"position\":1,\"name\":\"Portada\",\"item\":\"https:\/\/www.padreydecano.com\/cms\/\"},{\"@type\":\"ListItem\",\"position\":2,\"name\":\"Puntajes vs Progreso (Apertura 2021)\"}]},{\"@type\":\"WebSite\",\"@id\":\"https:\/\/www.padreydecano.com\/cms\/#website\",\"url\":\"https:\/\/www.padreydecano.com\/cms\/\",\"name\":\"Padre y Decano - El Sitio del Pueblo\",\"description\":\"Club Atl\u00e9tico Pe\u00f1arol\",\"publisher\":{\"@id\":\"https:\/\/www.padreydecano.com\/cms\/#organization\"},\"potentialAction\":[{\"@type\":\"SearchAction\",\"target\":{\"@type\":\"EntryPoint\",\"urlTemplate\":\"https:\/\/www.padreydecano.com\/cms\/?s={search_term_string}\"},\"query-input\":\"required name=search_term_string\"}],\"inLanguage\":\"es\"},{\"@type\":\"Organization\",\"@id\":\"https:\/\/www.padreydecano.com\/cms\/#organization\",\"name\":\"Padre y Decano\",\"url\":\"https:\/\/www.padreydecano.com\/cms\/\",\"logo\":{\"@type\":\"ImageObject\",\"inLanguage\":\"es\",\"@id\":\"https:\/\/www.padreydecano.com\/cms\/#\/schema\/logo\/image\/\",\"url\":\"https:\/\/www.padreydecano.com\/cms\/wp-content\/uploads\/2022\/01\/avatar-square.png\",\"contentUrl\":\"https:\/\/www.padreydecano.com\/cms\/wp-content\/uploads\/2022\/01\/avatar-square.png\",\"width\":1500,\"height\":1500,\"caption\":\"Padre y Decano\"},\"image\":{\"@id\":\"https:\/\/www.padreydecano.com\/cms\/#\/schema\/logo\/image\/\"}},{\"@type\":\"Person\",\"@id\":\"https:\/\/www.padreydecano.com\/cms\/#\/schema\/person\/b22191326be6d1c7fa55c2ad137a9a32\",\"name\":\"Udelar\",\"image\":{\"@type\":\"ImageObject\",\"inLanguage\":\"es\",\"@id\":\"https:\/\/www.padreydecano.com\/cms\/#\/schema\/person\/image\/\",\"url\":\"https:\/\/secure.gravatar.com\/avatar\/611ece663b16897a2cd2f46982281225?s=96&d=https%3A%2F%2Fpadreydecano.com%2Fcms%2Fwp-content%2Fthemes%2Fpyd-theme%2Fimg%2Fdefault-avatar.png&r=g\",\"contentUrl\":\"https:\/\/secure.gravatar.com\/avatar\/611ece663b16897a2cd2f46982281225?s=96&d=https%3A%2F%2Fpadreydecano.com%2Fcms%2Fwp-content%2Fthemes%2Fpyd-theme%2Fimg%2Fdefault-avatar.png&r=g\",\"caption\":\"Udelar\"}}]}<\/script>\n<!-- \/ Yoast SEO plugin. -->","yoast_head_json":{"title":"Puntajes vs Progreso (Apertura 2021) - Padre y Decano - El Sitio del Pueblo","robots":{"index":"index","follow":"follow","max-snippet":"max-snippet:-1","max-image-preview":"max-image-preview:large","max-video-preview":"max-video-preview:-1"},"canonical":"https:\/\/www.padreydecano.com\/cms\/noticias\/puntajes-vs-progreso-apertura-2021\/","og_locale":"es_ES","og_type":"article","og_title":"Puntajes vs Progreso (Apertura 2021) - Padre y Decano - El Sitio del Pueblo","og_description":"Neto Volpi: (6) Buena presentaci\u00f3n bajo los tres palos del Campe\u00f3n del Siglo, seguro en los centros y remates del rival. Maximiliano Pereira: (5) Con menos responsabilidad en la marca por el planteo rival, pudo soltarse al ataque y generar buenas asociaciones. Agust\u00edn Da Silveira: (6) Muy firme en la zaga, seguro y con buen [&hellip;]","og_url":"https:\/\/www.padreydecano.com\/cms\/noticias\/puntajes-vs-progreso-apertura-2021\/","og_site_name":"Padre y Decano - El Sitio del Pueblo","article_published_time":"2021-08-14T23:42:55+00:00","article_modified_time":"2021-08-16T14:34:15+00:00","og_image":[{"width":2048,"height":1366,"url":"https:\/\/www.padreydecano.com\/cms\/wp-content\/uploads\/2021\/08\/71A5E4B3-9CEF-4A74-8BA0-26D6547DF488.jpeg","type":"image\/jpeg"}],"author":"Udelar","twitter_card":"summary_large_image","twitter_misc":{"Escrito por":"Udelar","Tiempo de lectura":"2 minutos"},"schema":{"@context":"https:\/\/schema.org","@graph":[{"@type":"Article","@id":"https:\/\/www.padreydecano.com\/cms\/noticias\/puntajes-vs-progreso-apertura-2021\/#article","isPartOf":{"@id":"https:\/\/www.padreydecano.com\/cms\/noticias\/puntajes-vs-progreso-apertura-2021\/"},"author":{"name":"Udelar","@id":"https:\/\/www.padreydecano.com\/cms\/#\/schema\/person\/b22191326be6d1c7fa55c2ad137a9a32"},"headline":"Puntajes vs Progreso (Apertura 2021)","datePublished":"2021-08-14T23:42:55+00:00","dateModified":"2021-08-16T14:34:15+00:00","mainEntityOfPage":{"@id":"https:\/\/www.padreydecano.com\/cms\/noticias\/puntajes-vs-progreso-apertura-2021\/"},"wordCount":378,"commentCount":36,"publisher":{"@id":"https:\/\/www.padreydecano.com\/cms\/#organization"},"image":{"@id":"https:\/\/www.padreydecano.com\/cms\/noticias\/puntajes-vs-progreso-apertura-2021\/#primaryimage"},"thumbnailUrl":"https:\/\/www.padreydecano.com\/cms\/wp-content\/uploads\/2021\/08\/71A5E4B3-9CEF-4A74-8BA0-26D6547DF488.jpeg","articleSection":["Noticias","Partido a Partido"],"inLanguage":"es","potentialAction":[{"@type":"CommentAction","name":"Comment","target":["https:\/\/www.padreydecano.com\/cms\/noticias\/puntajes-vs-progreso-apertura-2021\/#respond"]}]},{"@type":"WebPage","@id":"https:\/\/www.padreydecano.com\/cms\/noticias\/puntajes-vs-progreso-apertura-2021\/","url":"https:\/\/www.padreydecano.com\/cms\/noticias\/puntajes-vs-progreso-apertura-2021\/","name":"Puntajes vs Progreso (Apertura 2021) - Padre y Decano - El Sitio del Pueblo","isPartOf":{"@id":"https:\/\/www.padreydecano.com\/cms\/#website"},"primaryImageOfPage":{"@id":"https:\/\/www.padreydecano.com\/cms\/noticias\/puntajes-vs-progreso-apertura-2021\/#primaryimage"},"image":{"@id":"https:\/\/www.padreydecano.com\/cms\/noticias\/puntajes-vs-progreso-apertura-2021\/#primaryimage"},"thumbnailUrl":"https:\/\/www.padreydecano.com\/cms\/wp-content\/uploads\/2021\/08\/71A5E4B3-9CEF-4A74-8BA0-26D6547DF488.jpeg","datePublished":"2021-08-14T23:42:55+00:00","dateModified":"2021-08-16T14:34:15+00:00","breadcrumb":{"@id":"https:\/\/www.padreydecano.com\/cms\/noticias\/puntajes-vs-progreso-apertura-2021\/#breadcrumb"},"inLanguage":"es","potentialAction":[{"@type":"ReadAction","target":["https:\/\/www.padreydecano.com\/cms\/noticias\/puntajes-vs-progreso-apertura-2021\/"]}]},{"@type":"ImageObject","inLanguage":"es","@id":"https:\/\/www.padreydecano.com\/cms\/noticias\/puntajes-vs-progreso-apertura-2021\/#primaryimage","url":"https:\/\/www.padreydecano.com\/cms\/wp-content\/uploads\/2021\/08\/71A5E4B3-9CEF-4A74-8BA0-26D6547DF488.jpeg","contentUrl":"https:\/\/www.padreydecano.com\/cms\/wp-content\/uploads\/2021\/08\/71A5E4B3-9CEF-4A74-8BA0-26D6547DF488.jpeg","width":2048,"height":1366},{"@type":"BreadcrumbList","@id":"https:\/\/www.padreydecano.com\/cms\/noticias\/puntajes-vs-progreso-apertura-2021\/#breadcrumb","itemListElement":[{"@type":"ListItem","position":1,"name":"Portada","item":"https:\/\/www.padreydecano.com\/cms\/"},{"@type":"ListItem","position":2,"name":"Puntajes vs Progreso (Apertura 2021)"}]},{"@type":"WebSite","@id":"https:\/\/www.padreydecano.com\/cms\/#website","url":"https:\/\/www.padreydecano.com\/cms\/","name":"Padre y Decano - El Sitio del Pueblo","description":"Club Atl\u00e9tico Pe\u00f1arol","publisher":{"@id":"https:\/\/www.padreydecano.com\/cms\/#organization"},"potentialAction":[{"@type":"SearchAction","target":{"@type":"EntryPoint","urlTemplate":"https:\/\/www.padreydecano.com\/cms\/?s={search_term_string}"},"query-input":"required name=search_term_string"}],"inLanguage":"es"},{"@type":"Organization","@id":"https:\/\/www.padreydecano.com\/cms\/#organization","name":"Padre y Decano","url":"https:\/\/www.padreydecano.com\/cms\/","logo":{"@type":"ImageObject","inLanguage":"es","@id":"https:\/\/www.padreydecano.com\/cms\/#\/schema\/logo\/image\/","url":"https:\/\/www.padreydecano.com\/cms\/wp-content\/uploads\/2022\/01\/avatar-square.png","contentUrl":"https:\/\/www.padreydecano.com\/cms\/wp-content\/uploads\/2022\/01\/avatar-square.png","width":1500,"height":1500,"caption":"Padre y Decano"},"image":{"@id":"https:\/\/www.padreydecano.com\/cms\/#\/schema\/logo\/image\/"}},{"@type":"Person","@id":"https:\/\/www.padreydecano.com\/cms\/#\/schema\/person\/b22191326be6d1c7fa55c2ad137a9a32","name":"Udelar","image":{"@type":"ImageObject","inLanguage":"es","@id":"https:\/\/www.padreydecano.com\/cms\/#\/schema\/person\/image\/","url":"https:\/\/secure.gravatar.com\/avatar\/611ece663b16897a2cd2f46982281225?s=96&d=https%3A%2F%2Fpadreydecano.com%2Fcms%2Fwp-content%2Fthemes%2Fpyd-theme%2Fimg%2Fdefault-avatar.png&r=g","contentUrl":"https:\/\/secure.gravatar.com\/avatar\/611ece663b16897a2cd2f46982281225?s=96&d=https%3A%2F%2Fpadreydecano.com%2Fcms%2Fwp-content%2Fthemes%2Fpyd-theme%2Fimg%2Fdefault-avatar.png&r=g","caption":"Udelar"}}]}},"_links":{"self":[{"href":"https:\/\/www.padreydecano.com\/cms\/wp-json\/wp\/v2\/posts\/76659"}],"collection":[{"href":"https:\/\/www.padreydecano.com\/cms\/wp-json\/wp\/v2\/posts"}],"about":[{"href":"https:\/\/www.padreydecano.com\/cms\/wp-json\/wp\/v2\/types\/post"}],"author":[{"embeddable":true,"href":"https:\/\/www.padreydecano.com\/cms\/wp-json\/wp\/v2\/users\/30"}],"replies":[{"embeddable":true,"href":"https:\/\/www.padreydecano.com\/cms\/wp-json\/wp\/v2\/comments?post=76659"}],"version-history":[{"count":0,"href":"https:\/\/www.padreydecano.com\/cms\/wp-json\/wp\/v2\/posts\/76659\/revisions"}],"wp:featuredmedia":[{"embeddable":true,"href":"https:\/\/www.padreydecano.com\/cms\/wp-json\/wp\/v2\/media\/76660"}],"wp:attachment":[{"href":"https:\/\/www.padreydecano.com\/cms\/wp-json\/wp\/v2\/media?parent=76659"}],"wp:term":[{"taxonomy":"category","embeddable":true,"href":"https:\/\/www.padreydecano.com\/cms\/wp-json\/wp\/v2\/categories?post=76659"},{"taxonomy":"post_tag","embeddable":true,"href":"https:\/\/www.padreydecano.com\/cms\/wp-json\/wp\/v2\/tags?post=76659"}],"curies":[{"name":"wp","href":"https:\/\/api.w.org\/{rel}","templated":true}]}}