{"id":76645,"date":"2021-08-13T16:22:25","date_gmt":"2021-08-13T19:22:25","guid":{"rendered":"http:\/\/www.padreydecano.com\/cms\/?p=76645"},"modified":"2021-08-14T21:02:21","modified_gmt":"2021-08-15T00:02:21","slug":"sumar-para-la-tabla-anual","status":"publish","type":"post","link":"https:\/\/www.padreydecano.com\/cms\/noticias\/sumar-para-la-tabla-anual\/","title":{"rendered":"Sumar para la Tabla Anual"},"content":{"rendered":"<p><a href=\"https:\/\/www.padreydecano.com\/cms\/wp-content\/uploads\/2021\/08\/WhatsApp-Image-2021-08-06-at-20.05.37.jpeg\" rel=\"shadowbox[sbpost-76645];player=img;\"><img loading=\"lazy\" decoding=\"async\" class=\"aligncenter size-full wp-image-76592\" src=\"https:\/\/www.padreydecano.com\/cms\/wp-content\/uploads\/2021\/08\/WhatsApp-Image-2021-08-06-at-20.05.37.jpeg\" alt=\"\" width=\"1600\" height=\"1066\" srcset=\"https:\/\/www.padreydecano.com\/cms\/wp-content\/uploads\/2021\/08\/WhatsApp-Image-2021-08-06-at-20.05.37.jpeg 1600w, https:\/\/www.padreydecano.com\/cms\/wp-content\/uploads\/2021\/08\/WhatsApp-Image-2021-08-06-at-20.05.37-600x400.jpeg 600w, https:\/\/www.padreydecano.com\/cms\/wp-content\/uploads\/2021\/08\/WhatsApp-Image-2021-08-06-at-20.05.37-768x512.jpeg 768w, https:\/\/www.padreydecano.com\/cms\/wp-content\/uploads\/2021\/08\/WhatsApp-Image-2021-08-06-at-20.05.37-1024x682.jpeg 1024w\" sizes=\"(max-width: 1600px) 100vw, 1600px\" \/><\/a><\/p>\n<p style=\"text-align: justify;\"><strong>Pe\u00f1arol recibir\u00e1 el pr\u00f3ximo s\u00e1bado a Progreso por la pen\u00faltima fecha del Torneo Apertura. Luego de la gran victoria por Copa Sudamericana, el Carbonero enfrentar\u00e1 al Gaucho del Pantanoso por puntos vitales en la tabla anual. El encuentro ser\u00e1 a las 19:00hs en el Estadio Campe\u00f3n del Siglo y se televisar\u00e1 por VTV.<\/strong><\/p>\n<p style=\"text-align: justify;\"><span style=\"color: #ffcc00;\"><strong>Equipo probable<\/strong><\/span><\/p>\n<p style=\"text-align: justify;\">Si bien a\u00fan no hay nada confirmado, Mauricio Larriera iniciar\u00e1 con un equipo alternativo ante el conjunto de La Teja. Cabe recordar que, el pr\u00f3ximo mi\u00e9rcoles a las 19:15 HS se medir\u00e1 frente a Sporting Cristal por la vuelta de la Copa Sudamericana.<\/p>\n<p style=\"text-align: justify;\"><span style=\"color: #ffcc00;\"><strong>\u00bfC\u00f3mo vienen ambos?<\/strong><\/span><\/p>\n<p style=\"text-align: justify;\">Gran victoria del Mirasol en condici\u00f3n de visitante por la Copa Sudamericana con un resultado muy favorable para el partido de vuelta. Si bien fue un triunfo important\u00edsimo, no todo es color rosa. Facundo Torres sali\u00f3 lesionado (esguince en el tobillo) y no estar\u00e1 a la orden para el encuentro ante Progreso esperando que llegue en optimas condiciones para el encuentro frente a los <em>Celestes<\/em>.<\/p>\n<p style=\"text-align: justify;\">Por el Torneo Apertura, Pe\u00f1arol cosech\u00f3 3 puntos de oro para la tabla anual en el Ubilla. Con gol de Pablo Ceppelini, el Decano venci\u00f3 por la m\u00ednima diferencia a Cerro Largo.<\/p>\n<p style=\"text-align: justify;\">Por otra parte, el Gaucho viene de igualar 2 a 2 ante Rentistas, en una temporada irregular de los conducidos por Maxi Viera que buscar\u00e1n cerrar el Torneo Apertura con una sonrisa. Progreso se ubica en la pen\u00faltima ubicaci\u00f3n de la tabla de posiciones con 11 unidades, producto de dos victorias, cinco empates y seis derrotas.<\/p>\n<p style=\"text-align: justify;\"><span style=\"color: #ffcc00;\"><strong>\u00daltimos antecedentes<\/strong><\/span><\/p>\n<p style=\"text-align: justify;\"><strong>Torneo Apertura 2019:<\/strong> <span style=\"color: #ffcc00;\"><strong>Pe\u00f1arol<\/strong> <\/span>2 \u2013 2 Progreso<\/p>\n<p style=\"text-align: justify;\"><strong>Torneo Intermedio 2019:<\/strong> Progreso 1 \u2013 1 <span style=\"color: #ffcc00;\"><strong>Pe\u00f1arol<\/strong><\/span><\/p>\n<p style=\"text-align: justify;\"><strong>Torneo Clausura 2019:<\/strong> Progreso 0 \u2013 0 <span style=\"color: #ffcc00;\"><strong>Pe\u00f1arol<\/strong><\/span><\/p>\n<p style=\"text-align: justify;\"><strong>Torneo Apertura 2020:<\/strong> <span style=\"color: #ffcc00;\"><strong>Pe\u00f1arol<\/strong> <\/span>2 \u2013 1 Progreso<\/p>\n<p style=\"text-align: justify;\"><strong>Torneo Clausura 2020:<\/strong> Progreso 0 \u2013 2 <span style=\"color: #ffcc00;\"><strong>Pe\u00f1arol<\/strong><\/span><\/p>\n<p style=\"text-align: justify;\"><span style=\"color: #ffcc00;\"><strong>\u00c1rbitros<\/strong><\/span><\/p>\n<p style=\"text-align: justify;\">Leod\u00e1n Gonz\u00e1lez ser\u00e1 el juez principal del encuentro. Agust\u00edn Berisso y H\u00e9ctor Portillo estar\u00e1n en las l\u00edneas, mientras que Pablo Gim\u00e9nez ser\u00e1 el cuarto \u00e1rbitro.<\/p>\n<p style=\"text-align: justify;\">Para las \u00faltimas dos fechas del Torneo Apertura, no habr\u00e1 VAR en ning\u00fan encuentro.<\/p>\n<p style=\"text-align: justify;\"><span style=\"color: #ffcc00;\"><strong>Lo que se viene<\/strong><\/span><\/p>\n<p style=\"text-align: justify;\">Cita copera para el pr\u00f3ximo mi\u00e9rcoles 18 de agosto por el pasaje a semifinales del torneo internacional. Por el Campeonato Uruguayo, y en el cierre del Torneo Apertura, Pe\u00f1arol visitar\u00e1 a Sudam\u00e9rica. A\u00fan restan detalles del escenario, d\u00eda y hora del encuentro.<\/p>\n<p style=\"text-align: justify;\"><div class=\"user-wrapper\"><a class=\"userlink\" href=\"https:\/\/twitter.com\/mathiaastilve\" target=\"_blank\"><figure><img decoding=\"async\" src=\"http:\/\/www.padreydecano.com\/cms\/wp-users-files\/postfirmas\/mathiastilve.jpg\" \/><\/figure><p class=\"user\"><strong>Mathias Tilve<\/strong><br \/>@mathiaastilve<\/p><\/a><\/div><\/p>\n","protected":false},"excerpt":{"rendered":"<p>Pe\u00f1arol recibir\u00e1 el pr\u00f3ximo s\u00e1bado a Progreso por la pen\u00faltima fecha del Torneo Apertura. Luego de la gran victoria por Copa Sudamericana, el Carbonero enfrentar\u00e1 al Gaucho del Pantanoso por puntos vitales en la tabla anual. El encuentro ser\u00e1 a las 19:00hs en el Estadio Campe\u00f3n del Siglo y se televisar\u00e1 por VTV. Equipo probable [&hellip;]<\/p>\n","protected":false},"author":30,"featured_media":76592,"comment_status":"open","ping_status":"closed","sticky":false,"template":"","format":"standard","meta":{"footnotes":""},"categories":[1],"tags":[502],"yoast_head":"<!-- This site is optimized with the Yoast SEO plugin v23.2 - https:\/\/yoast.com\/wordpress\/plugins\/seo\/ -->\n<title>Sumar para la Tabla Anual - Padre y Decano - El Sitio del Pueblo<\/title>\n<meta name=\"robots\" content=\"index, follow, max-snippet:-1, max-image-preview:large, max-video-preview:-1\" \/>\n<link rel=\"canonical\" href=\"https:\/\/www.padreydecano.com\/cms\/noticias\/sumar-para-la-tabla-anual\/\" \/>\n<meta property=\"og:locale\" content=\"es_ES\" \/>\n<meta property=\"og:type\" content=\"article\" \/>\n<meta property=\"og:title\" content=\"Sumar para la Tabla Anual - Padre y Decano - El Sitio del Pueblo\" \/>\n<meta property=\"og:description\" content=\"Pe\u00f1arol recibir\u00e1 el pr\u00f3ximo s\u00e1bado a Progreso por la pen\u00faltima fecha del Torneo Apertura. Luego de la gran victoria por Copa Sudamericana, el Carbonero enfrentar\u00e1 al Gaucho del Pantanoso por puntos vitales en la tabla anual. El encuentro ser\u00e1 a las 19:00hs en el Estadio Campe\u00f3n del Siglo y se televisar\u00e1 por VTV. Equipo probable [&hellip;]\" \/>\n<meta property=\"og:url\" content=\"https:\/\/www.padreydecano.com\/cms\/noticias\/sumar-para-la-tabla-anual\/\" \/>\n<meta property=\"og:site_name\" content=\"Padre y Decano - El Sitio del Pueblo\" \/>\n<meta property=\"article:published_time\" content=\"2021-08-13T19:22:25+00:00\" \/>\n<meta property=\"article:modified_time\" content=\"2021-08-15T00:02:21+00:00\" \/>\n<meta property=\"og:image\" content=\"https:\/\/www.padreydecano.com\/cms\/wp-content\/uploads\/2021\/08\/WhatsApp-Image-2021-08-06-at-20.05.37.jpeg\" \/>\n\t<meta property=\"og:image:width\" content=\"1600\" \/>\n\t<meta property=\"og:image:height\" content=\"1066\" \/>\n\t<meta property=\"og:image:type\" content=\"image\/jpeg\" \/>\n<meta name=\"author\" content=\"Udelar\" \/>\n<meta name=\"twitter:card\" content=\"summary_large_image\" \/>\n<meta name=\"twitter:label1\" content=\"Escrito por\" \/>\n\t<meta name=\"twitter:data1\" content=\"Udelar\" \/>\n\t<meta name=\"twitter:label2\" content=\"Tiempo de lectura\" \/>\n\t<meta name=\"twitter:data2\" content=\"2 minutos\" \/>\n<script type=\"application\/ld+json\" class=\"yoast-schema-graph\">{\"@context\":\"https:\/\/schema.org\",\"@graph\":[{\"@type\":\"Article\",\"@id\":\"https:\/\/www.padreydecano.com\/cms\/noticias\/sumar-para-la-tabla-anual\/#article\",\"isPartOf\":{\"@id\":\"https:\/\/www.padreydecano.com\/cms\/noticias\/sumar-para-la-tabla-anual\/\"},\"author\":{\"name\":\"Udelar\",\"@id\":\"https:\/\/www.padreydecano.com\/cms\/#\/schema\/person\/b22191326be6d1c7fa55c2ad137a9a32\"},\"headline\":\"Sumar para la Tabla Anual\",\"datePublished\":\"2021-08-13T19:22:25+00:00\",\"dateModified\":\"2021-08-15T00:02:21+00:00\",\"mainEntityOfPage\":{\"@id\":\"https:\/\/www.padreydecano.com\/cms\/noticias\/sumar-para-la-tabla-anual\/\"},\"wordCount\":397,\"commentCount\":16,\"publisher\":{\"@id\":\"https:\/\/www.padreydecano.com\/cms\/#organization\"},\"image\":{\"@id\":\"https:\/\/www.padreydecano.com\/cms\/noticias\/sumar-para-la-tabla-anual\/#primaryimage\"},\"thumbnailUrl\":\"https:\/\/www.padreydecano.com\/cms\/wp-content\/uploads\/2021\/08\/WhatsApp-Image-2021-08-06-at-20.05.37.jpeg\",\"keywords\":[\"Torneo Apertura 2021\"],\"articleSection\":[\"Noticias\"],\"inLanguage\":\"es\",\"potentialAction\":[{\"@type\":\"CommentAction\",\"name\":\"Comment\",\"target\":[\"https:\/\/www.padreydecano.com\/cms\/noticias\/sumar-para-la-tabla-anual\/#respond\"]}]},{\"@type\":\"WebPage\",\"@id\":\"https:\/\/www.padreydecano.com\/cms\/noticias\/sumar-para-la-tabla-anual\/\",\"url\":\"https:\/\/www.padreydecano.com\/cms\/noticias\/sumar-para-la-tabla-anual\/\",\"name\":\"Sumar para la Tabla Anual - Padre y Decano - El Sitio del Pueblo\",\"isPartOf\":{\"@id\":\"https:\/\/www.padreydecano.com\/cms\/#website\"},\"primaryImageOfPage\":{\"@id\":\"https:\/\/www.padreydecano.com\/cms\/noticias\/sumar-para-la-tabla-anual\/#primaryimage\"},\"image\":{\"@id\":\"https:\/\/www.padreydecano.com\/cms\/noticias\/sumar-para-la-tabla-anual\/#primaryimage\"},\"thumbnailUrl\":\"https:\/\/www.padreydecano.com\/cms\/wp-content\/uploads\/2021\/08\/WhatsApp-Image-2021-08-06-at-20.05.37.jpeg\",\"datePublished\":\"2021-08-13T19:22:25+00:00\",\"dateModified\":\"2021-08-15T00:02:21+00:00\",\"breadcrumb\":{\"@id\":\"https:\/\/www.padreydecano.com\/cms\/noticias\/sumar-para-la-tabla-anual\/#breadcrumb\"},\"inLanguage\":\"es\",\"potentialAction\":[{\"@type\":\"ReadAction\",\"target\":[\"https:\/\/www.padreydecano.com\/cms\/noticias\/sumar-para-la-tabla-anual\/\"]}]},{\"@type\":\"ImageObject\",\"inLanguage\":\"es\",\"@id\":\"https:\/\/www.padreydecano.com\/cms\/noticias\/sumar-para-la-tabla-anual\/#primaryimage\",\"url\":\"https:\/\/www.padreydecano.com\/cms\/wp-content\/uploads\/2021\/08\/WhatsApp-Image-2021-08-06-at-20.05.37.jpeg\",\"contentUrl\":\"https:\/\/www.padreydecano.com\/cms\/wp-content\/uploads\/2021\/08\/WhatsApp-Image-2021-08-06-at-20.05.37.jpeg\",\"width\":1600,\"height\":1066},{\"@type\":\"BreadcrumbList\",\"@id\":\"https:\/\/www.padreydecano.com\/cms\/noticias\/sumar-para-la-tabla-anual\/#breadcrumb\",\"itemListElement\":[{\"@type\":\"ListItem\",\"position\":1,\"name\":\"Portada\",\"item\":\"https:\/\/www.padreydecano.com\/cms\/\"},{\"@type\":\"ListItem\",\"position\":2,\"name\":\"Sumar para la Tabla Anual\"}]},{\"@type\":\"WebSite\",\"@id\":\"https:\/\/www.padreydecano.com\/cms\/#website\",\"url\":\"https:\/\/www.padreydecano.com\/cms\/\",\"name\":\"Padre y Decano - El Sitio del Pueblo\",\"description\":\"Club Atl\u00e9tico Pe\u00f1arol\",\"publisher\":{\"@id\":\"https:\/\/www.padreydecano.com\/cms\/#organization\"},\"potentialAction\":[{\"@type\":\"SearchAction\",\"target\":{\"@type\":\"EntryPoint\",\"urlTemplate\":\"https:\/\/www.padreydecano.com\/cms\/?s={search_term_string}\"},\"query-input\":\"required name=search_term_string\"}],\"inLanguage\":\"es\"},{\"@type\":\"Organization\",\"@id\":\"https:\/\/www.padreydecano.com\/cms\/#organization\",\"name\":\"Padre y Decano\",\"url\":\"https:\/\/www.padreydecano.com\/cms\/\",\"logo\":{\"@type\":\"ImageObject\",\"inLanguage\":\"es\",\"@id\":\"https:\/\/www.padreydecano.com\/cms\/#\/schema\/logo\/image\/\",\"url\":\"https:\/\/www.padreydecano.com\/cms\/wp-content\/uploads\/2022\/01\/avatar-square.png\",\"contentUrl\":\"https:\/\/www.padreydecano.com\/cms\/wp-content\/uploads\/2022\/01\/avatar-square.png\",\"width\":1500,\"height\":1500,\"caption\":\"Padre y Decano\"},\"image\":{\"@id\":\"https:\/\/www.padreydecano.com\/cms\/#\/schema\/logo\/image\/\"}},{\"@type\":\"Person\",\"@id\":\"https:\/\/www.padreydecano.com\/cms\/#\/schema\/person\/b22191326be6d1c7fa55c2ad137a9a32\",\"name\":\"Udelar\",\"image\":{\"@type\":\"ImageObject\",\"inLanguage\":\"es\",\"@id\":\"https:\/\/www.padreydecano.com\/cms\/#\/schema\/person\/image\/\",\"url\":\"https:\/\/secure.gravatar.com\/avatar\/611ece663b16897a2cd2f46982281225?s=96&d=https%3A%2F%2Fpadreydecano.com%2Fcms%2Fwp-content%2Fthemes%2Fpyd-theme%2Fimg%2Fdefault-avatar.png&r=g\",\"contentUrl\":\"https:\/\/secure.gravatar.com\/avatar\/611ece663b16897a2cd2f46982281225?s=96&d=https%3A%2F%2Fpadreydecano.com%2Fcms%2Fwp-content%2Fthemes%2Fpyd-theme%2Fimg%2Fdefault-avatar.png&r=g\",\"caption\":\"Udelar\"}}]}<\/script>\n<!-- \/ Yoast SEO plugin. -->","yoast_head_json":{"title":"Sumar para la Tabla Anual - Padre y Decano - El Sitio del Pueblo","robots":{"index":"index","follow":"follow","max-snippet":"max-snippet:-1","max-image-preview":"max-image-preview:large","max-video-preview":"max-video-preview:-1"},"canonical":"https:\/\/www.padreydecano.com\/cms\/noticias\/sumar-para-la-tabla-anual\/","og_locale":"es_ES","og_type":"article","og_title":"Sumar para la Tabla Anual - Padre y Decano - El Sitio del Pueblo","og_description":"Pe\u00f1arol recibir\u00e1 el pr\u00f3ximo s\u00e1bado a Progreso por la pen\u00faltima fecha del Torneo Apertura. Luego de la gran victoria por Copa Sudamericana, el Carbonero enfrentar\u00e1 al Gaucho del Pantanoso por puntos vitales en la tabla anual. El encuentro ser\u00e1 a las 19:00hs en el Estadio Campe\u00f3n del Siglo y se televisar\u00e1 por VTV. Equipo probable [&hellip;]","og_url":"https:\/\/www.padreydecano.com\/cms\/noticias\/sumar-para-la-tabla-anual\/","og_site_name":"Padre y Decano - El Sitio del Pueblo","article_published_time":"2021-08-13T19:22:25+00:00","article_modified_time":"2021-08-15T00:02:21+00:00","og_image":[{"width":1600,"height":1066,"url":"https:\/\/www.padreydecano.com\/cms\/wp-content\/uploads\/2021\/08\/WhatsApp-Image-2021-08-06-at-20.05.37.jpeg","type":"image\/jpeg"}],"author":"Udelar","twitter_card":"summary_large_image","twitter_misc":{"Escrito por":"Udelar","Tiempo de lectura":"2 minutos"},"schema":{"@context":"https:\/\/schema.org","@graph":[{"@type":"Article","@id":"https:\/\/www.padreydecano.com\/cms\/noticias\/sumar-para-la-tabla-anual\/#article","isPartOf":{"@id":"https:\/\/www.padreydecano.com\/cms\/noticias\/sumar-para-la-tabla-anual\/"},"author":{"name":"Udelar","@id":"https:\/\/www.padreydecano.com\/cms\/#\/schema\/person\/b22191326be6d1c7fa55c2ad137a9a32"},"headline":"Sumar para la Tabla Anual","datePublished":"2021-08-13T19:22:25+00:00","dateModified":"2021-08-15T00:02:21+00:00","mainEntityOfPage":{"@id":"https:\/\/www.padreydecano.com\/cms\/noticias\/sumar-para-la-tabla-anual\/"},"wordCount":397,"commentCount":16,"publisher":{"@id":"https:\/\/www.padreydecano.com\/cms\/#organization"},"image":{"@id":"https:\/\/www.padreydecano.com\/cms\/noticias\/sumar-para-la-tabla-anual\/#primaryimage"},"thumbnailUrl":"https:\/\/www.padreydecano.com\/cms\/wp-content\/uploads\/2021\/08\/WhatsApp-Image-2021-08-06-at-20.05.37.jpeg","keywords":["Torneo Apertura 2021"],"articleSection":["Noticias"],"inLanguage":"es","potentialAction":[{"@type":"CommentAction","name":"Comment","target":["https:\/\/www.padreydecano.com\/cms\/noticias\/sumar-para-la-tabla-anual\/#respond"]}]},{"@type":"WebPage","@id":"https:\/\/www.padreydecano.com\/cms\/noticias\/sumar-para-la-tabla-anual\/","url":"https:\/\/www.padreydecano.com\/cms\/noticias\/sumar-para-la-tabla-anual\/","name":"Sumar para la Tabla Anual - Padre y Decano - El Sitio del Pueblo","isPartOf":{"@id":"https:\/\/www.padreydecano.com\/cms\/#website"},"primaryImageOfPage":{"@id":"https:\/\/www.padreydecano.com\/cms\/noticias\/sumar-para-la-tabla-anual\/#primaryimage"},"image":{"@id":"https:\/\/www.padreydecano.com\/cms\/noticias\/sumar-para-la-tabla-anual\/#primaryimage"},"thumbnailUrl":"https:\/\/www.padreydecano.com\/cms\/wp-content\/uploads\/2021\/08\/WhatsApp-Image-2021-08-06-at-20.05.37.jpeg","datePublished":"2021-08-13T19:22:25+00:00","dateModified":"2021-08-15T00:02:21+00:00","breadcrumb":{"@id":"https:\/\/www.padreydecano.com\/cms\/noticias\/sumar-para-la-tabla-anual\/#breadcrumb"},"inLanguage":"es","potentialAction":[{"@type":"ReadAction","target":["https:\/\/www.padreydecano.com\/cms\/noticias\/sumar-para-la-tabla-anual\/"]}]},{"@type":"ImageObject","inLanguage":"es","@id":"https:\/\/www.padreydecano.com\/cms\/noticias\/sumar-para-la-tabla-anual\/#primaryimage","url":"https:\/\/www.padreydecano.com\/cms\/wp-content\/uploads\/2021\/08\/WhatsApp-Image-2021-08-06-at-20.05.37.jpeg","contentUrl":"https:\/\/www.padreydecano.com\/cms\/wp-content\/uploads\/2021\/08\/WhatsApp-Image-2021-08-06-at-20.05.37.jpeg","width":1600,"height":1066},{"@type":"BreadcrumbList","@id":"https:\/\/www.padreydecano.com\/cms\/noticias\/sumar-para-la-tabla-anual\/#breadcrumb","itemListElement":[{"@type":"ListItem","position":1,"name":"Portada","item":"https:\/\/www.padreydecano.com\/cms\/"},{"@type":"ListItem","position":2,"name":"Sumar para la Tabla Anual"}]},{"@type":"WebSite","@id":"https:\/\/www.padreydecano.com\/cms\/#website","url":"https:\/\/www.padreydecano.com\/cms\/","name":"Padre y Decano - El Sitio del Pueblo","description":"Club Atl\u00e9tico Pe\u00f1arol","publisher":{"@id":"https:\/\/www.padreydecano.com\/cms\/#organization"},"potentialAction":[{"@type":"SearchAction","target":{"@type":"EntryPoint","urlTemplate":"https:\/\/www.padreydecano.com\/cms\/?s={search_term_string}"},"query-input":"required name=search_term_string"}],"inLanguage":"es"},{"@type":"Organization","@id":"https:\/\/www.padreydecano.com\/cms\/#organization","name":"Padre y Decano","url":"https:\/\/www.padreydecano.com\/cms\/","logo":{"@type":"ImageObject","inLanguage":"es","@id":"https:\/\/www.padreydecano.com\/cms\/#\/schema\/logo\/image\/","url":"https:\/\/www.padreydecano.com\/cms\/wp-content\/uploads\/2022\/01\/avatar-square.png","contentUrl":"https:\/\/www.padreydecano.com\/cms\/wp-content\/uploads\/2022\/01\/avatar-square.png","width":1500,"height":1500,"caption":"Padre y Decano"},"image":{"@id":"https:\/\/www.padreydecano.com\/cms\/#\/schema\/logo\/image\/"}},{"@type":"Person","@id":"https:\/\/www.padreydecano.com\/cms\/#\/schema\/person\/b22191326be6d1c7fa55c2ad137a9a32","name":"Udelar","image":{"@type":"ImageObject","inLanguage":"es","@id":"https:\/\/www.padreydecano.com\/cms\/#\/schema\/person\/image\/","url":"https:\/\/secure.gravatar.com\/avatar\/611ece663b16897a2cd2f46982281225?s=96&d=https%3A%2F%2Fpadreydecano.com%2Fcms%2Fwp-content%2Fthemes%2Fpyd-theme%2Fimg%2Fdefault-avatar.png&r=g","contentUrl":"https:\/\/secure.gravatar.com\/avatar\/611ece663b16897a2cd2f46982281225?s=96&d=https%3A%2F%2Fpadreydecano.com%2Fcms%2Fwp-content%2Fthemes%2Fpyd-theme%2Fimg%2Fdefault-avatar.png&r=g","caption":"Udelar"}}]}},"_links":{"self":[{"href":"https:\/\/www.padreydecano.com\/cms\/wp-json\/wp\/v2\/posts\/76645"}],"collection":[{"href":"https:\/\/www.padreydecano.com\/cms\/wp-json\/wp\/v2\/posts"}],"about":[{"href":"https:\/\/www.padreydecano.com\/cms\/wp-json\/wp\/v2\/types\/post"}],"author":[{"embeddable":true,"href":"https:\/\/www.padreydecano.com\/cms\/wp-json\/wp\/v2\/users\/30"}],"replies":[{"embeddable":true,"href":"https:\/\/www.padreydecano.com\/cms\/wp-json\/wp\/v2\/comments?post=76645"}],"version-history":[{"count":0,"href":"https:\/\/www.padreydecano.com\/cms\/wp-json\/wp\/v2\/posts\/76645\/revisions"}],"wp:featuredmedia":[{"embeddable":true,"href":"https:\/\/www.padreydecano.com\/cms\/wp-json\/wp\/v2\/media\/76592"}],"wp:attachment":[{"href":"https:\/\/www.padreydecano.com\/cms\/wp-json\/wp\/v2\/media?parent=76645"}],"wp:term":[{"taxonomy":"category","embeddable":true,"href":"https:\/\/www.padreydecano.com\/cms\/wp-json\/wp\/v2\/categories?post=76645"},{"taxonomy":"post_tag","embeddable":true,"href":"https:\/\/www.padreydecano.com\/cms\/wp-json\/wp\/v2\/tags?post=76645"}],"curies":[{"name":"wp","href":"https:\/\/api.w.org\/{rel}","templated":true}]}}