{"id":76640,"date":"2021-08-12T17:13:01","date_gmt":"2021-08-12T20:13:01","guid":{"rendered":"http:\/\/www.padreydecano.com\/cms\/?p=76640"},"modified":"2021-08-13T16:24:51","modified_gmt":"2021-08-13T19:24:51","slug":"la-apuesta-del-presidente-con-facu-y-el-canario","status":"publish","type":"post","link":"https:\/\/www.padreydecano.com\/cms\/entrevistas\/la-apuesta-del-presidente-con-facu-y-el-canario\/","title":{"rendered":"La apuesta del presidente con Facu y el Canario"},"content":{"rendered":"<p><a href=\"https:\/\/www.padreydecano.com\/cms\/wp-content\/uploads\/2021\/01\/Ruglio-Torres-2.jpg\" rel=\"shadowbox[sbpost-76640];player=img;\"><img loading=\"lazy\" decoding=\"async\" class=\"aligncenter size-medium wp-image-75187\" src=\"https:\/\/www.padreydecano.com\/cms\/wp-content\/uploads\/2021\/01\/Ruglio-Torres-2-600x347.jpg\" alt=\"\" width=\"600\" height=\"347\" srcset=\"https:\/\/www.padreydecano.com\/cms\/wp-content\/uploads\/2021\/01\/Ruglio-Torres-2-600x347.jpg 600w, https:\/\/www.padreydecano.com\/cms\/wp-content\/uploads\/2021\/01\/Ruglio-Torres-2.jpg 726w\" sizes=\"(max-width: 600px) 100vw, 600px\" \/><\/a><\/p>\n<p style=\"text-align: justify;\"><strong>Juan Ignacio Ruglio dio una extensa nota en Padre y Decano Radio donde, entre otras cosas, remarc\u00f3 la importancia de tener un buen v\u00ednculo con el plantel y la ejemplific\u00f3 con una an\u00e9cdota de ayer.<\/strong><\/p>\n<p style=\"text-align: justify;\"><em>\u00abLo importante es generar un v\u00ednculo siempre con el plantel, que te sientan cerca para lo bueno y para lo malo, que sientan que est\u00e1s en la diaria con ellos por si surge un problema y si tienen una alegr\u00eda tambi\u00e9n la compartan contigo como si fueras un par y no un extra\u00f1o. Eso siempre lo quiero hacer con todos los jugadores, desde los m\u00e1s grandes hasta los m\u00e1s chicos. No s\u00f3lo cuando les va bien\u00bb. <\/em><\/p>\n<p style=\"text-align: justify;\"><em>\u00abEstos d\u00edas nos estuvimos escribiendo con Musto sobre su felicidad de estar en Montevideo porque pod\u00eda estar en la revancha ayudando al equipo. Un plantel se arma con los cracks que hacen goles, con los arqueros que los evitan, con los jugadores que a veces menos lucen y con los suplentes que en vez de estar enojados con ser suplentes est\u00e1n colaborando en el lugar que les toque. Eso me tiene muy contento y es como intentamos cuidar el plantel\u00bb.<\/em><\/p>\n<p style=\"text-align: justify;\"><span style=\"color: #ffcc02;\"><strong>La apuesta por las camisetas<\/strong><\/span><\/p>\n<p style=\"text-align: justify;\"><em>\u00abEsa cercan\u00eda con los gurises hizo que, cuando yo bajaba en el hotel con una camiseta nueva Puma, el Canario y Facundo me dijeran: &#8216;Fa, como est\u00e1 esa remera presi, \u00bfno hay para nosotros?&#8217;, y yo contesto &#8216;Si hicieran goles habr\u00eda, pero como no hacen goles&#8217;&#8230;en modo desaf\u00edo y ambos me respondieron &#8216;\u00bfQu\u00e9?, \u00bfCu\u00e1nto a que hago un gol?&#8217; y ah\u00ed les dije que si los hac\u00edan les daba 5 a cada uno. Nos dimos la mano por promesa y cuando termin\u00f3 el partido imaginate, asom\u00e9 la camiseta al vestuario y ya estaban las caritas de los 2 diciendo &#8216;a pagar&#8217;. Luego les dije que no son s\u00f3lo 5 y 5 sino que 10 y 10. Despu\u00e9s de nochecita est\u00e1bamos subiendo al avi\u00f3n y el Canario me dijo que con unas m\u00e1s hab\u00eda para todo el plantel. Le dije que ya siendo juvenil es bueno negociando premios, imag\u00ednate de grande. Les soltamos el resto que faltaban para que tuvieran para todos los compa\u00f1eros\u00bb.<\/em><\/p>\n<div class=\"user-wrapper\"><a class=\"userlink\"href=\"https:\/\/twitter.com\/ftrucce18\" target=\"_blank\"><figure><img decoding=\"async\" src=\"http:\/\/www.padreydecano.com\/cms\/wp-users-files\/postfirmas\/ftrucce.jpg\" \/><\/figure><p class=\"user\"><strong>Franco Trucce<\/strong><br \/>@FTrucce18<\/p><\/a><\/div>\n","protected":false},"excerpt":{"rendered":"<p>Juan Ignacio Ruglio dio una extensa nota en Padre y Decano Radio donde, entre otras cosas, remarc\u00f3 la importancia de tener un buen v\u00ednculo con el plantel y la ejemplific\u00f3 con una an\u00e9cdota de ayer. \u00abLo importante es generar un v\u00ednculo siempre con el plantel, que te sientan cerca para lo bueno y para lo [&hellip;]<\/p>\n","protected":false},"author":13,"featured_media":75187,"comment_status":"open","ping_status":"closed","sticky":false,"template":"","format":"standard","meta":{"footnotes":""},"categories":[30],"tags":[],"yoast_head":"<!-- This site is optimized with the Yoast SEO plugin v23.2 - https:\/\/yoast.com\/wordpress\/plugins\/seo\/ -->\n<title>La apuesta del presidente con Facu y el Canario - Padre y Decano - El Sitio del Pueblo<\/title>\n<meta name=\"robots\" content=\"index, follow, max-snippet:-1, max-image-preview:large, max-video-preview:-1\" \/>\n<link rel=\"canonical\" href=\"https:\/\/www.padreydecano.com\/cms\/entrevistas\/la-apuesta-del-presidente-con-facu-y-el-canario\/\" \/>\n<meta property=\"og:locale\" content=\"es_ES\" \/>\n<meta property=\"og:type\" content=\"article\" \/>\n<meta property=\"og:title\" content=\"La apuesta del presidente con Facu y el Canario - Padre y Decano - El Sitio del Pueblo\" \/>\n<meta property=\"og:description\" content=\"Juan Ignacio Ruglio dio una extensa nota en Padre y Decano Radio donde, entre otras cosas, remarc\u00f3 la importancia de tener un buen v\u00ednculo con el plantel y la ejemplific\u00f3 con una an\u00e9cdota de ayer. \u00abLo importante es generar un v\u00ednculo siempre con el plantel, que te sientan cerca para lo bueno y para lo [&hellip;]\" \/>\n<meta property=\"og:url\" content=\"https:\/\/www.padreydecano.com\/cms\/entrevistas\/la-apuesta-del-presidente-con-facu-y-el-canario\/\" \/>\n<meta property=\"og:site_name\" content=\"Padre y Decano - El Sitio del Pueblo\" \/>\n<meta property=\"article:published_time\" content=\"2021-08-12T20:13:01+00:00\" \/>\n<meta property=\"article:modified_time\" content=\"2021-08-13T19:24:51+00:00\" \/>\n<meta property=\"og:image\" content=\"https:\/\/www.padreydecano.com\/cms\/wp-content\/uploads\/2021\/01\/Ruglio-Torres-2.jpg\" \/>\n\t<meta property=\"og:image:width\" content=\"726\" \/>\n\t<meta property=\"og:image:height\" content=\"420\" \/>\n\t<meta property=\"og:image:type\" content=\"image\/jpeg\" \/>\n<meta name=\"author\" content=\"Moderador\" \/>\n<meta name=\"twitter:card\" content=\"summary_large_image\" \/>\n<meta name=\"twitter:label1\" content=\"Escrito por\" \/>\n\t<meta name=\"twitter:data1\" content=\"Moderador\" \/>\n\t<meta name=\"twitter:label2\" content=\"Tiempo de lectura\" \/>\n\t<meta name=\"twitter:data2\" content=\"2 minutos\" \/>\n<script type=\"application\/ld+json\" class=\"yoast-schema-graph\">{\"@context\":\"https:\/\/schema.org\",\"@graph\":[{\"@type\":\"Article\",\"@id\":\"https:\/\/www.padreydecano.com\/cms\/entrevistas\/la-apuesta-del-presidente-con-facu-y-el-canario\/#article\",\"isPartOf\":{\"@id\":\"https:\/\/www.padreydecano.com\/cms\/entrevistas\/la-apuesta-del-presidente-con-facu-y-el-canario\/\"},\"author\":{\"name\":\"Moderador\",\"@id\":\"https:\/\/www.padreydecano.com\/cms\/#\/schema\/person\/d93e9e537230ae052c194251d9a1def2\"},\"headline\":\"La apuesta del presidente con Facu y el Canario\",\"datePublished\":\"2021-08-12T20:13:01+00:00\",\"dateModified\":\"2021-08-13T19:24:51+00:00\",\"mainEntityOfPage\":{\"@id\":\"https:\/\/www.padreydecano.com\/cms\/entrevistas\/la-apuesta-del-presidente-con-facu-y-el-canario\/\"},\"wordCount\":390,\"commentCount\":8,\"publisher\":{\"@id\":\"https:\/\/www.padreydecano.com\/cms\/#organization\"},\"image\":{\"@id\":\"https:\/\/www.padreydecano.com\/cms\/entrevistas\/la-apuesta-del-presidente-con-facu-y-el-canario\/#primaryimage\"},\"thumbnailUrl\":\"https:\/\/www.padreydecano.com\/cms\/wp-content\/uploads\/2021\/01\/Ruglio-Torres-2.jpg\",\"articleSection\":[\"Entrevistas\"],\"inLanguage\":\"es\",\"potentialAction\":[{\"@type\":\"CommentAction\",\"name\":\"Comment\",\"target\":[\"https:\/\/www.padreydecano.com\/cms\/entrevistas\/la-apuesta-del-presidente-con-facu-y-el-canario\/#respond\"]}]},{\"@type\":\"WebPage\",\"@id\":\"https:\/\/www.padreydecano.com\/cms\/entrevistas\/la-apuesta-del-presidente-con-facu-y-el-canario\/\",\"url\":\"https:\/\/www.padreydecano.com\/cms\/entrevistas\/la-apuesta-del-presidente-con-facu-y-el-canario\/\",\"name\":\"La apuesta del presidente con Facu y el Canario - Padre y Decano - El Sitio del Pueblo\",\"isPartOf\":{\"@id\":\"https:\/\/www.padreydecano.com\/cms\/#website\"},\"primaryImageOfPage\":{\"@id\":\"https:\/\/www.padreydecano.com\/cms\/entrevistas\/la-apuesta-del-presidente-con-facu-y-el-canario\/#primaryimage\"},\"image\":{\"@id\":\"https:\/\/www.padreydecano.com\/cms\/entrevistas\/la-apuesta-del-presidente-con-facu-y-el-canario\/#primaryimage\"},\"thumbnailUrl\":\"https:\/\/www.padreydecano.com\/cms\/wp-content\/uploads\/2021\/01\/Ruglio-Torres-2.jpg\",\"datePublished\":\"2021-08-12T20:13:01+00:00\",\"dateModified\":\"2021-08-13T19:24:51+00:00\",\"breadcrumb\":{\"@id\":\"https:\/\/www.padreydecano.com\/cms\/entrevistas\/la-apuesta-del-presidente-con-facu-y-el-canario\/#breadcrumb\"},\"inLanguage\":\"es\",\"potentialAction\":[{\"@type\":\"ReadAction\",\"target\":[\"https:\/\/www.padreydecano.com\/cms\/entrevistas\/la-apuesta-del-presidente-con-facu-y-el-canario\/\"]}]},{\"@type\":\"ImageObject\",\"inLanguage\":\"es\",\"@id\":\"https:\/\/www.padreydecano.com\/cms\/entrevistas\/la-apuesta-del-presidente-con-facu-y-el-canario\/#primaryimage\",\"url\":\"https:\/\/www.padreydecano.com\/cms\/wp-content\/uploads\/2021\/01\/Ruglio-Torres-2.jpg\",\"contentUrl\":\"https:\/\/www.padreydecano.com\/cms\/wp-content\/uploads\/2021\/01\/Ruglio-Torres-2.jpg\",\"width\":726,\"height\":420},{\"@type\":\"BreadcrumbList\",\"@id\":\"https:\/\/www.padreydecano.com\/cms\/entrevistas\/la-apuesta-del-presidente-con-facu-y-el-canario\/#breadcrumb\",\"itemListElement\":[{\"@type\":\"ListItem\",\"position\":1,\"name\":\"Portada\",\"item\":\"https:\/\/www.padreydecano.com\/cms\/\"},{\"@type\":\"ListItem\",\"position\":2,\"name\":\"La apuesta del presidente con Facu y el Canario\"}]},{\"@type\":\"WebSite\",\"@id\":\"https:\/\/www.padreydecano.com\/cms\/#website\",\"url\":\"https:\/\/www.padreydecano.com\/cms\/\",\"name\":\"Padre y Decano - El Sitio del Pueblo\",\"description\":\"Club Atl\u00e9tico Pe\u00f1arol\",\"publisher\":{\"@id\":\"https:\/\/www.padreydecano.com\/cms\/#organization\"},\"potentialAction\":[{\"@type\":\"SearchAction\",\"target\":{\"@type\":\"EntryPoint\",\"urlTemplate\":\"https:\/\/www.padreydecano.com\/cms\/?s={search_term_string}\"},\"query-input\":\"required name=search_term_string\"}],\"inLanguage\":\"es\"},{\"@type\":\"Organization\",\"@id\":\"https:\/\/www.padreydecano.com\/cms\/#organization\",\"name\":\"Padre y Decano\",\"url\":\"https:\/\/www.padreydecano.com\/cms\/\",\"logo\":{\"@type\":\"ImageObject\",\"inLanguage\":\"es\",\"@id\":\"https:\/\/www.padreydecano.com\/cms\/#\/schema\/logo\/image\/\",\"url\":\"https:\/\/www.padreydecano.com\/cms\/wp-content\/uploads\/2022\/01\/avatar-square.png\",\"contentUrl\":\"https:\/\/www.padreydecano.com\/cms\/wp-content\/uploads\/2022\/01\/avatar-square.png\",\"width\":1500,\"height\":1500,\"caption\":\"Padre y Decano\"},\"image\":{\"@id\":\"https:\/\/www.padreydecano.com\/cms\/#\/schema\/logo\/image\/\"}},{\"@type\":\"Person\",\"@id\":\"https:\/\/www.padreydecano.com\/cms\/#\/schema\/person\/d93e9e537230ae052c194251d9a1def2\",\"name\":\"Moderador\",\"image\":{\"@type\":\"ImageObject\",\"inLanguage\":\"es\",\"@id\":\"https:\/\/www.padreydecano.com\/cms\/#\/schema\/person\/image\/\",\"url\":\"https:\/\/secure.gravatar.com\/avatar\/2587727bf8a53bd3da4ec49f01bea66e?s=96&d=https%3A%2F%2Fpadreydecano.com%2Fcms%2Fwp-content%2Fthemes%2Fpyd-theme%2Fimg%2Fdefault-avatar.png&r=g\",\"contentUrl\":\"https:\/\/secure.gravatar.com\/avatar\/2587727bf8a53bd3da4ec49f01bea66e?s=96&d=https%3A%2F%2Fpadreydecano.com%2Fcms%2Fwp-content%2Fthemes%2Fpyd-theme%2Fimg%2Fdefault-avatar.png&r=g\",\"caption\":\"Moderador\"}}]}<\/script>\n<!-- \/ Yoast SEO plugin. -->","yoast_head_json":{"title":"La apuesta del presidente con Facu y el Canario - Padre y Decano - El Sitio del Pueblo","robots":{"index":"index","follow":"follow","max-snippet":"max-snippet:-1","max-image-preview":"max-image-preview:large","max-video-preview":"max-video-preview:-1"},"canonical":"https:\/\/www.padreydecano.com\/cms\/entrevistas\/la-apuesta-del-presidente-con-facu-y-el-canario\/","og_locale":"es_ES","og_type":"article","og_title":"La apuesta del presidente con Facu y el Canario - Padre y Decano - El Sitio del Pueblo","og_description":"Juan Ignacio Ruglio dio una extensa nota en Padre y Decano Radio donde, entre otras cosas, remarc\u00f3 la importancia de tener un buen v\u00ednculo con el plantel y la ejemplific\u00f3 con una an\u00e9cdota de ayer. \u00abLo importante es generar un v\u00ednculo siempre con el plantel, que te sientan cerca para lo bueno y para lo [&hellip;]","og_url":"https:\/\/www.padreydecano.com\/cms\/entrevistas\/la-apuesta-del-presidente-con-facu-y-el-canario\/","og_site_name":"Padre y Decano - El Sitio del Pueblo","article_published_time":"2021-08-12T20:13:01+00:00","article_modified_time":"2021-08-13T19:24:51+00:00","og_image":[{"width":726,"height":420,"url":"https:\/\/www.padreydecano.com\/cms\/wp-content\/uploads\/2021\/01\/Ruglio-Torres-2.jpg","type":"image\/jpeg"}],"author":"Moderador","twitter_card":"summary_large_image","twitter_misc":{"Escrito por":"Moderador","Tiempo de lectura":"2 minutos"},"schema":{"@context":"https:\/\/schema.org","@graph":[{"@type":"Article","@id":"https:\/\/www.padreydecano.com\/cms\/entrevistas\/la-apuesta-del-presidente-con-facu-y-el-canario\/#article","isPartOf":{"@id":"https:\/\/www.padreydecano.com\/cms\/entrevistas\/la-apuesta-del-presidente-con-facu-y-el-canario\/"},"author":{"name":"Moderador","@id":"https:\/\/www.padreydecano.com\/cms\/#\/schema\/person\/d93e9e537230ae052c194251d9a1def2"},"headline":"La apuesta del presidente con Facu y el Canario","datePublished":"2021-08-12T20:13:01+00:00","dateModified":"2021-08-13T19:24:51+00:00","mainEntityOfPage":{"@id":"https:\/\/www.padreydecano.com\/cms\/entrevistas\/la-apuesta-del-presidente-con-facu-y-el-canario\/"},"wordCount":390,"commentCount":8,"publisher":{"@id":"https:\/\/www.padreydecano.com\/cms\/#organization"},"image":{"@id":"https:\/\/www.padreydecano.com\/cms\/entrevistas\/la-apuesta-del-presidente-con-facu-y-el-canario\/#primaryimage"},"thumbnailUrl":"https:\/\/www.padreydecano.com\/cms\/wp-content\/uploads\/2021\/01\/Ruglio-Torres-2.jpg","articleSection":["Entrevistas"],"inLanguage":"es","potentialAction":[{"@type":"CommentAction","name":"Comment","target":["https:\/\/www.padreydecano.com\/cms\/entrevistas\/la-apuesta-del-presidente-con-facu-y-el-canario\/#respond"]}]},{"@type":"WebPage","@id":"https:\/\/www.padreydecano.com\/cms\/entrevistas\/la-apuesta-del-presidente-con-facu-y-el-canario\/","url":"https:\/\/www.padreydecano.com\/cms\/entrevistas\/la-apuesta-del-presidente-con-facu-y-el-canario\/","name":"La apuesta del presidente con Facu y el Canario - Padre y Decano - El Sitio del Pueblo","isPartOf":{"@id":"https:\/\/www.padreydecano.com\/cms\/#website"},"primaryImageOfPage":{"@id":"https:\/\/www.padreydecano.com\/cms\/entrevistas\/la-apuesta-del-presidente-con-facu-y-el-canario\/#primaryimage"},"image":{"@id":"https:\/\/www.padreydecano.com\/cms\/entrevistas\/la-apuesta-del-presidente-con-facu-y-el-canario\/#primaryimage"},"thumbnailUrl":"https:\/\/www.padreydecano.com\/cms\/wp-content\/uploads\/2021\/01\/Ruglio-Torres-2.jpg","datePublished":"2021-08-12T20:13:01+00:00","dateModified":"2021-08-13T19:24:51+00:00","breadcrumb":{"@id":"https:\/\/www.padreydecano.com\/cms\/entrevistas\/la-apuesta-del-presidente-con-facu-y-el-canario\/#breadcrumb"},"inLanguage":"es","potentialAction":[{"@type":"ReadAction","target":["https:\/\/www.padreydecano.com\/cms\/entrevistas\/la-apuesta-del-presidente-con-facu-y-el-canario\/"]}]},{"@type":"ImageObject","inLanguage":"es","@id":"https:\/\/www.padreydecano.com\/cms\/entrevistas\/la-apuesta-del-presidente-con-facu-y-el-canario\/#primaryimage","url":"https:\/\/www.padreydecano.com\/cms\/wp-content\/uploads\/2021\/01\/Ruglio-Torres-2.jpg","contentUrl":"https:\/\/www.padreydecano.com\/cms\/wp-content\/uploads\/2021\/01\/Ruglio-Torres-2.jpg","width":726,"height":420},{"@type":"BreadcrumbList","@id":"https:\/\/www.padreydecano.com\/cms\/entrevistas\/la-apuesta-del-presidente-con-facu-y-el-canario\/#breadcrumb","itemListElement":[{"@type":"ListItem","position":1,"name":"Portada","item":"https:\/\/www.padreydecano.com\/cms\/"},{"@type":"ListItem","position":2,"name":"La apuesta del presidente con Facu y el Canario"}]},{"@type":"WebSite","@id":"https:\/\/www.padreydecano.com\/cms\/#website","url":"https:\/\/www.padreydecano.com\/cms\/","name":"Padre y Decano - El Sitio del Pueblo","description":"Club Atl\u00e9tico Pe\u00f1arol","publisher":{"@id":"https:\/\/www.padreydecano.com\/cms\/#organization"},"potentialAction":[{"@type":"SearchAction","target":{"@type":"EntryPoint","urlTemplate":"https:\/\/www.padreydecano.com\/cms\/?s={search_term_string}"},"query-input":"required name=search_term_string"}],"inLanguage":"es"},{"@type":"Organization","@id":"https:\/\/www.padreydecano.com\/cms\/#organization","name":"Padre y Decano","url":"https:\/\/www.padreydecano.com\/cms\/","logo":{"@type":"ImageObject","inLanguage":"es","@id":"https:\/\/www.padreydecano.com\/cms\/#\/schema\/logo\/image\/","url":"https:\/\/www.padreydecano.com\/cms\/wp-content\/uploads\/2022\/01\/avatar-square.png","contentUrl":"https:\/\/www.padreydecano.com\/cms\/wp-content\/uploads\/2022\/01\/avatar-square.png","width":1500,"height":1500,"caption":"Padre y Decano"},"image":{"@id":"https:\/\/www.padreydecano.com\/cms\/#\/schema\/logo\/image\/"}},{"@type":"Person","@id":"https:\/\/www.padreydecano.com\/cms\/#\/schema\/person\/d93e9e537230ae052c194251d9a1def2","name":"Moderador","image":{"@type":"ImageObject","inLanguage":"es","@id":"https:\/\/www.padreydecano.com\/cms\/#\/schema\/person\/image\/","url":"https:\/\/secure.gravatar.com\/avatar\/2587727bf8a53bd3da4ec49f01bea66e?s=96&d=https%3A%2F%2Fpadreydecano.com%2Fcms%2Fwp-content%2Fthemes%2Fpyd-theme%2Fimg%2Fdefault-avatar.png&r=g","contentUrl":"https:\/\/secure.gravatar.com\/avatar\/2587727bf8a53bd3da4ec49f01bea66e?s=96&d=https%3A%2F%2Fpadreydecano.com%2Fcms%2Fwp-content%2Fthemes%2Fpyd-theme%2Fimg%2Fdefault-avatar.png&r=g","caption":"Moderador"}}]}},"_links":{"self":[{"href":"https:\/\/www.padreydecano.com\/cms\/wp-json\/wp\/v2\/posts\/76640"}],"collection":[{"href":"https:\/\/www.padreydecano.com\/cms\/wp-json\/wp\/v2\/posts"}],"about":[{"href":"https:\/\/www.padreydecano.com\/cms\/wp-json\/wp\/v2\/types\/post"}],"author":[{"embeddable":true,"href":"https:\/\/www.padreydecano.com\/cms\/wp-json\/wp\/v2\/users\/13"}],"replies":[{"embeddable":true,"href":"https:\/\/www.padreydecano.com\/cms\/wp-json\/wp\/v2\/comments?post=76640"}],"version-history":[{"count":0,"href":"https:\/\/www.padreydecano.com\/cms\/wp-json\/wp\/v2\/posts\/76640\/revisions"}],"wp:featuredmedia":[{"embeddable":true,"href":"https:\/\/www.padreydecano.com\/cms\/wp-json\/wp\/v2\/media\/75187"}],"wp:attachment":[{"href":"https:\/\/www.padreydecano.com\/cms\/wp-json\/wp\/v2\/media?parent=76640"}],"wp:term":[{"taxonomy":"category","embeddable":true,"href":"https:\/\/www.padreydecano.com\/cms\/wp-json\/wp\/v2\/categories?post=76640"},{"taxonomy":"post_tag","embeddable":true,"href":"https:\/\/www.padreydecano.com\/cms\/wp-json\/wp\/v2\/tags?post=76640"}],"curies":[{"name":"wp","href":"https:\/\/api.w.org\/{rel}","templated":true}]}}