{"id":76639,"date":"2021-08-12T17:24:32","date_gmt":"2021-08-12T20:24:32","guid":{"rendered":"http:\/\/www.padreydecano.com\/cms\/?p=76639"},"modified":"2021-08-15T09:49:06","modified_gmt":"2021-08-15T12:49:06","slug":"ruglio-quedara-muchisima-gente-afuera-ojala-la-hinchada-comprenda","status":"publish","type":"post","link":"https:\/\/www.padreydecano.com\/cms\/entrevistas\/ruglio-quedara-muchisima-gente-afuera-ojala-la-hinchada-comprenda\/","title":{"rendered":"Ruglio: \u00abQuedar\u00e1 much\u00edsima gente afuera, ojal\u00e1 la hinchada comprenda\u00bb"},"content":{"rendered":"<p>&nbsp;<\/p>\n<p><a href=\"https:\/\/www.padreydecano.com\/cms\/wp-content\/uploads\/2017\/04\/Hinchada-Pe\u00f1arol-Palmeiras.jpg\" rel=\"shadowbox[sbpost-76639];player=img;\"><img loading=\"lazy\" decoding=\"async\" class=\"aligncenter size-full wp-image-62952\" src=\"https:\/\/www.padreydecano.com\/cms\/wp-content\/uploads\/2017\/04\/Hinchada-Pe\u00f1arol-Palmeiras.jpg\" alt=\"\" width=\"690\" height=\"420\" srcset=\"https:\/\/www.padreydecano.com\/cms\/wp-content\/uploads\/2017\/04\/Hinchada-Pe\u00f1arol-Palmeiras.jpg 690w, https:\/\/www.padreydecano.com\/cms\/wp-content\/uploads\/2017\/04\/Hinchada-Pe\u00f1arol-Palmeiras-600x365.jpg 600w\" sizes=\"(max-width: 690px) 100vw, 690px\" \/><\/a><\/p>\n<p style=\"text-align: justify;\"><strong>Pe\u00f1arol trabaja a contrarreloj para terminar de definir y anunciar el criterio que se utilizar\u00e1 para la venta de entradas\u00a0para la revancha ante Sporting Cristal. La f\u00f3rmula no es sencilla y evidentemente no dejar\u00e1 conforme a todos. Juan Ignacio Ruglio explic\u00f3 en Padre y Decano Radio algunos aspectos y pidi\u00f3 comprensi\u00f3n ante esta situaci\u00f3n.<\/strong><\/p>\n<p style=\"text-align: justify;\"><em>\u00abLo primero que hay que decir es que va a quedar much\u00edsima gente afuera, entonces todos los que escriben pidiendo entradas ya ni respondo, porque me escriben a m\u00ed, le escriben a mis amigos, le escriben a mis padres que est\u00e1n en el campo. La gente tiene una locura que es normal, yo tambi\u00e9n la tendr\u00eda, porque amamos la camiseta, pero hay que entender que hasta hace una semana no iba a ir nadie y ahora van a ir 5000 personas y si Dios quiere en un mes va a poder ir el 50% del aforo en el Campeonato Uruguayo. Para este partido conseguimos que vaya esa cifra, pero la realidad es que el 95% de gente que quiere ir va a tener que quedar afuera. Ojal\u00e1 se tome de la mejor manera posible, que entiendan el sistema que vamos a hacer, que lo vamos a explicar entre hoy y ma\u00f1ana apenas terminemos el Consejo Directivo y despu\u00e9s que lo entiendan lo vamos a poner en pr\u00e1ctica y ah\u00ed se sabr\u00e1n los 5.000 que estar\u00e1n\u00bb. <\/em><\/p>\n<p style=\"text-align: justify;\"><em>\u00abS\u00f3lo entre palquistas y butaquistas hay 7.000 y 8.000 personas, y son gente que contribuy\u00f3 desde el inicio a hacer el estadio, m\u00e1s un mont\u00f3n de socios que durante la pandemia ahorraron plata todo el tiempo y evitaron otros gastos para no borrarse de socio de Pe\u00f1arol, y dir\u00e1n que merecen estar ah\u00ed, y el que fue a ver a Pe\u00f1arol a todos lados tambi\u00e9n, pero s\u00f3lo hay 5.000 lugares. No fue algo que nosotros elegimos, pero s\u00ed elegimos tener este problema de jugar con un aforo de p\u00fablico chico. Es necesario para nosotros que la gente vuelva a la cancha\u00bb.<\/em><\/p>\n<p style=\"text-align: justify;\"><em>\u00abLa posibilidad de que las pe\u00f1as est\u00e9n en el partido es una de las tantas ideas que se comentar\u00e1n hoy en el Consejo Directivo. Estaremos varias horas trabajando en eso, y despu\u00e9s lo vamos a comunicar. Vamos a intentar que as\u00ed sea porque es el voluntariado que tiene siempre y que trabaja diariamente por Pe\u00f1arol en cosas que la gente ni se entera. Quiz\u00e1s se les pida que vayan a cumplir la funci\u00f3n de cuidar que la gente mantenga la distancia y respete los protocolos. Es gente que trabaja para el Club en la diaria, con acciones sociales, con ayudar a juveniles, con cosas de sus barrios, con hacer socios, con generar identidad. Esperemos que se le pueda hacer un mimo, m\u00e1s all\u00e1 de que van a estar laburando, podr\u00e1n estar en el partido\u00bb.<\/em><\/p>\n<div class=\"user-wrapper\"><a class=\"userlink\"href=\"https:\/\/twitter.com\/ftrucce18\" target=\"_blank\"><figure><img decoding=\"async\" src=\"http:\/\/www.padreydecano.com\/cms\/wp-users-files\/postfirmas\/ftrucce.jpg\" \/><\/figure><p class=\"user\"><strong>Franco Trucce<\/strong><br \/>@FTrucce18<\/p><\/a><\/div>\n","protected":false},"excerpt":{"rendered":"<p>&nbsp; Pe\u00f1arol trabaja a contrarreloj para terminar de definir y anunciar el criterio que se utilizar\u00e1 para la venta de entradas\u00a0para la revancha ante Sporting Cristal. La f\u00f3rmula no es sencilla y evidentemente no dejar\u00e1 conforme a todos. Juan Ignacio Ruglio explic\u00f3 en Padre y Decano Radio algunos aspectos y pidi\u00f3 comprensi\u00f3n ante esta situaci\u00f3n. [&hellip;]<\/p>\n","protected":false},"author":13,"featured_media":62952,"comment_status":"open","ping_status":"closed","sticky":false,"template":"","format":"standard","meta":{"footnotes":""},"categories":[30],"tags":[],"yoast_head":"<!-- This site is optimized with the Yoast SEO plugin v23.2 - https:\/\/yoast.com\/wordpress\/plugins\/seo\/ -->\n<title>Ruglio: &quot;Quedar\u00e1 much\u00edsima gente afuera, ojal\u00e1 la hinchada comprenda&quot; - Padre y Decano - El Sitio del Pueblo<\/title>\n<meta name=\"robots\" content=\"index, follow, max-snippet:-1, max-image-preview:large, max-video-preview:-1\" \/>\n<link rel=\"canonical\" href=\"https:\/\/www.padreydecano.com\/cms\/entrevistas\/ruglio-quedara-muchisima-gente-afuera-ojala-la-hinchada-comprenda\/\" \/>\n<meta property=\"og:locale\" content=\"es_ES\" \/>\n<meta property=\"og:type\" content=\"article\" \/>\n<meta property=\"og:title\" content=\"Ruglio: &quot;Quedar\u00e1 much\u00edsima gente afuera, ojal\u00e1 la hinchada comprenda&quot; - Padre y Decano - El Sitio del Pueblo\" \/>\n<meta property=\"og:description\" content=\"&nbsp; Pe\u00f1arol trabaja a contrarreloj para terminar de definir y anunciar el criterio que se utilizar\u00e1 para la venta de entradas\u00a0para la revancha ante Sporting Cristal. La f\u00f3rmula no es sencilla y evidentemente no dejar\u00e1 conforme a todos. Juan Ignacio Ruglio explic\u00f3 en Padre y Decano Radio algunos aspectos y pidi\u00f3 comprensi\u00f3n ante esta situaci\u00f3n. [&hellip;]\" \/>\n<meta property=\"og:url\" content=\"https:\/\/www.padreydecano.com\/cms\/entrevistas\/ruglio-quedara-muchisima-gente-afuera-ojala-la-hinchada-comprenda\/\" \/>\n<meta property=\"og:site_name\" content=\"Padre y Decano - El Sitio del Pueblo\" \/>\n<meta property=\"article:published_time\" content=\"2021-08-12T20:24:32+00:00\" \/>\n<meta property=\"article:modified_time\" content=\"2021-08-15T12:49:06+00:00\" \/>\n<meta property=\"og:image\" content=\"https:\/\/www.padreydecano.com\/cms\/wp-content\/uploads\/2017\/04\/Hinchada-Pe\u00f1arol-Palmeiras.jpg\" \/>\n\t<meta property=\"og:image:width\" content=\"690\" \/>\n\t<meta property=\"og:image:height\" content=\"420\" \/>\n\t<meta property=\"og:image:type\" content=\"image\/jpeg\" \/>\n<meta name=\"author\" content=\"Moderador\" \/>\n<meta name=\"twitter:card\" content=\"summary_large_image\" \/>\n<meta name=\"twitter:label1\" content=\"Escrito por\" \/>\n\t<meta name=\"twitter:data1\" content=\"Moderador\" \/>\n\t<meta name=\"twitter:label2\" content=\"Tiempo de lectura\" \/>\n\t<meta name=\"twitter:data2\" content=\"2 minutos\" \/>\n<script type=\"application\/ld+json\" class=\"yoast-schema-graph\">{\"@context\":\"https:\/\/schema.org\",\"@graph\":[{\"@type\":\"Article\",\"@id\":\"https:\/\/www.padreydecano.com\/cms\/entrevistas\/ruglio-quedara-muchisima-gente-afuera-ojala-la-hinchada-comprenda\/#article\",\"isPartOf\":{\"@id\":\"https:\/\/www.padreydecano.com\/cms\/entrevistas\/ruglio-quedara-muchisima-gente-afuera-ojala-la-hinchada-comprenda\/\"},\"author\":{\"name\":\"Moderador\",\"@id\":\"https:\/\/www.padreydecano.com\/cms\/#\/schema\/person\/d93e9e537230ae052c194251d9a1def2\"},\"headline\":\"Ruglio: \u00abQuedar\u00e1 much\u00edsima gente afuera, ojal\u00e1 la hinchada comprenda\u00bb\",\"datePublished\":\"2021-08-12T20:24:32+00:00\",\"dateModified\":\"2021-08-15T12:49:06+00:00\",\"mainEntityOfPage\":{\"@id\":\"https:\/\/www.padreydecano.com\/cms\/entrevistas\/ruglio-quedara-muchisima-gente-afuera-ojala-la-hinchada-comprenda\/\"},\"wordCount\":501,\"commentCount\":26,\"publisher\":{\"@id\":\"https:\/\/www.padreydecano.com\/cms\/#organization\"},\"image\":{\"@id\":\"https:\/\/www.padreydecano.com\/cms\/entrevistas\/ruglio-quedara-muchisima-gente-afuera-ojala-la-hinchada-comprenda\/#primaryimage\"},\"thumbnailUrl\":\"https:\/\/www.padreydecano.com\/cms\/wp-content\/uploads\/2017\/04\/Hinchada-Pe\u00f1arol-Palmeiras.jpg\",\"articleSection\":[\"Entrevistas\"],\"inLanguage\":\"es\",\"potentialAction\":[{\"@type\":\"CommentAction\",\"name\":\"Comment\",\"target\":[\"https:\/\/www.padreydecano.com\/cms\/entrevistas\/ruglio-quedara-muchisima-gente-afuera-ojala-la-hinchada-comprenda\/#respond\"]}]},{\"@type\":\"WebPage\",\"@id\":\"https:\/\/www.padreydecano.com\/cms\/entrevistas\/ruglio-quedara-muchisima-gente-afuera-ojala-la-hinchada-comprenda\/\",\"url\":\"https:\/\/www.padreydecano.com\/cms\/entrevistas\/ruglio-quedara-muchisima-gente-afuera-ojala-la-hinchada-comprenda\/\",\"name\":\"Ruglio: \\\"Quedar\u00e1 much\u00edsima gente afuera, ojal\u00e1 la hinchada comprenda\\\" - Padre y Decano - El Sitio del Pueblo\",\"isPartOf\":{\"@id\":\"https:\/\/www.padreydecano.com\/cms\/#website\"},\"primaryImageOfPage\":{\"@id\":\"https:\/\/www.padreydecano.com\/cms\/entrevistas\/ruglio-quedara-muchisima-gente-afuera-ojala-la-hinchada-comprenda\/#primaryimage\"},\"image\":{\"@id\":\"https:\/\/www.padreydecano.com\/cms\/entrevistas\/ruglio-quedara-muchisima-gente-afuera-ojala-la-hinchada-comprenda\/#primaryimage\"},\"thumbnailUrl\":\"https:\/\/www.padreydecano.com\/cms\/wp-content\/uploads\/2017\/04\/Hinchada-Pe\u00f1arol-Palmeiras.jpg\",\"datePublished\":\"2021-08-12T20:24:32+00:00\",\"dateModified\":\"2021-08-15T12:49:06+00:00\",\"breadcrumb\":{\"@id\":\"https:\/\/www.padreydecano.com\/cms\/entrevistas\/ruglio-quedara-muchisima-gente-afuera-ojala-la-hinchada-comprenda\/#breadcrumb\"},\"inLanguage\":\"es\",\"potentialAction\":[{\"@type\":\"ReadAction\",\"target\":[\"https:\/\/www.padreydecano.com\/cms\/entrevistas\/ruglio-quedara-muchisima-gente-afuera-ojala-la-hinchada-comprenda\/\"]}]},{\"@type\":\"ImageObject\",\"inLanguage\":\"es\",\"@id\":\"https:\/\/www.padreydecano.com\/cms\/entrevistas\/ruglio-quedara-muchisima-gente-afuera-ojala-la-hinchada-comprenda\/#primaryimage\",\"url\":\"https:\/\/www.padreydecano.com\/cms\/wp-content\/uploads\/2017\/04\/Hinchada-Pe\u00f1arol-Palmeiras.jpg\",\"contentUrl\":\"https:\/\/www.padreydecano.com\/cms\/wp-content\/uploads\/2017\/04\/Hinchada-Pe\u00f1arol-Palmeiras.jpg\",\"width\":690,\"height\":420},{\"@type\":\"BreadcrumbList\",\"@id\":\"https:\/\/www.padreydecano.com\/cms\/entrevistas\/ruglio-quedara-muchisima-gente-afuera-ojala-la-hinchada-comprenda\/#breadcrumb\",\"itemListElement\":[{\"@type\":\"ListItem\",\"position\":1,\"name\":\"Portada\",\"item\":\"https:\/\/www.padreydecano.com\/cms\/\"},{\"@type\":\"ListItem\",\"position\":2,\"name\":\"Ruglio: \u00abQuedar\u00e1 much\u00edsima gente afuera, ojal\u00e1 la hinchada comprenda\u00bb\"}]},{\"@type\":\"WebSite\",\"@id\":\"https:\/\/www.padreydecano.com\/cms\/#website\",\"url\":\"https:\/\/www.padreydecano.com\/cms\/\",\"name\":\"Padre y Decano - El Sitio del Pueblo\",\"description\":\"Club Atl\u00e9tico Pe\u00f1arol\",\"publisher\":{\"@id\":\"https:\/\/www.padreydecano.com\/cms\/#organization\"},\"potentialAction\":[{\"@type\":\"SearchAction\",\"target\":{\"@type\":\"EntryPoint\",\"urlTemplate\":\"https:\/\/www.padreydecano.com\/cms\/?s={search_term_string}\"},\"query-input\":\"required name=search_term_string\"}],\"inLanguage\":\"es\"},{\"@type\":\"Organization\",\"@id\":\"https:\/\/www.padreydecano.com\/cms\/#organization\",\"name\":\"Padre y Decano\",\"url\":\"https:\/\/www.padreydecano.com\/cms\/\",\"logo\":{\"@type\":\"ImageObject\",\"inLanguage\":\"es\",\"@id\":\"https:\/\/www.padreydecano.com\/cms\/#\/schema\/logo\/image\/\",\"url\":\"https:\/\/www.padreydecano.com\/cms\/wp-content\/uploads\/2022\/01\/avatar-square.png\",\"contentUrl\":\"https:\/\/www.padreydecano.com\/cms\/wp-content\/uploads\/2022\/01\/avatar-square.png\",\"width\":1500,\"height\":1500,\"caption\":\"Padre y Decano\"},\"image\":{\"@id\":\"https:\/\/www.padreydecano.com\/cms\/#\/schema\/logo\/image\/\"}},{\"@type\":\"Person\",\"@id\":\"https:\/\/www.padreydecano.com\/cms\/#\/schema\/person\/d93e9e537230ae052c194251d9a1def2\",\"name\":\"Moderador\",\"image\":{\"@type\":\"ImageObject\",\"inLanguage\":\"es\",\"@id\":\"https:\/\/www.padreydecano.com\/cms\/#\/schema\/person\/image\/\",\"url\":\"https:\/\/secure.gravatar.com\/avatar\/2587727bf8a53bd3da4ec49f01bea66e?s=96&d=https%3A%2F%2Fpadreydecano.com%2Fcms%2Fwp-content%2Fthemes%2Fpyd-theme%2Fimg%2Fdefault-avatar.png&r=g\",\"contentUrl\":\"https:\/\/secure.gravatar.com\/avatar\/2587727bf8a53bd3da4ec49f01bea66e?s=96&d=https%3A%2F%2Fpadreydecano.com%2Fcms%2Fwp-content%2Fthemes%2Fpyd-theme%2Fimg%2Fdefault-avatar.png&r=g\",\"caption\":\"Moderador\"}}]}<\/script>\n<!-- \/ Yoast SEO plugin. -->","yoast_head_json":{"title":"Ruglio: \"Quedar\u00e1 much\u00edsima gente afuera, ojal\u00e1 la hinchada comprenda\" - Padre y Decano - El Sitio del Pueblo","robots":{"index":"index","follow":"follow","max-snippet":"max-snippet:-1","max-image-preview":"max-image-preview:large","max-video-preview":"max-video-preview:-1"},"canonical":"https:\/\/www.padreydecano.com\/cms\/entrevistas\/ruglio-quedara-muchisima-gente-afuera-ojala-la-hinchada-comprenda\/","og_locale":"es_ES","og_type":"article","og_title":"Ruglio: \"Quedar\u00e1 much\u00edsima gente afuera, ojal\u00e1 la hinchada comprenda\" - Padre y Decano - El Sitio del Pueblo","og_description":"&nbsp; Pe\u00f1arol trabaja a contrarreloj para terminar de definir y anunciar el criterio que se utilizar\u00e1 para la venta de entradas\u00a0para la revancha ante Sporting Cristal. La f\u00f3rmula no es sencilla y evidentemente no dejar\u00e1 conforme a todos. Juan Ignacio Ruglio explic\u00f3 en Padre y Decano Radio algunos aspectos y pidi\u00f3 comprensi\u00f3n ante esta situaci\u00f3n. [&hellip;]","og_url":"https:\/\/www.padreydecano.com\/cms\/entrevistas\/ruglio-quedara-muchisima-gente-afuera-ojala-la-hinchada-comprenda\/","og_site_name":"Padre y Decano - El Sitio del Pueblo","article_published_time":"2021-08-12T20:24:32+00:00","article_modified_time":"2021-08-15T12:49:06+00:00","og_image":[{"width":690,"height":420,"url":"https:\/\/www.padreydecano.com\/cms\/wp-content\/uploads\/2017\/04\/Hinchada-Pe\u00f1arol-Palmeiras.jpg","type":"image\/jpeg"}],"author":"Moderador","twitter_card":"summary_large_image","twitter_misc":{"Escrito por":"Moderador","Tiempo de lectura":"2 minutos"},"schema":{"@context":"https:\/\/schema.org","@graph":[{"@type":"Article","@id":"https:\/\/www.padreydecano.com\/cms\/entrevistas\/ruglio-quedara-muchisima-gente-afuera-ojala-la-hinchada-comprenda\/#article","isPartOf":{"@id":"https:\/\/www.padreydecano.com\/cms\/entrevistas\/ruglio-quedara-muchisima-gente-afuera-ojala-la-hinchada-comprenda\/"},"author":{"name":"Moderador","@id":"https:\/\/www.padreydecano.com\/cms\/#\/schema\/person\/d93e9e537230ae052c194251d9a1def2"},"headline":"Ruglio: \u00abQuedar\u00e1 much\u00edsima gente afuera, ojal\u00e1 la hinchada comprenda\u00bb","datePublished":"2021-08-12T20:24:32+00:00","dateModified":"2021-08-15T12:49:06+00:00","mainEntityOfPage":{"@id":"https:\/\/www.padreydecano.com\/cms\/entrevistas\/ruglio-quedara-muchisima-gente-afuera-ojala-la-hinchada-comprenda\/"},"wordCount":501,"commentCount":26,"publisher":{"@id":"https:\/\/www.padreydecano.com\/cms\/#organization"},"image":{"@id":"https:\/\/www.padreydecano.com\/cms\/entrevistas\/ruglio-quedara-muchisima-gente-afuera-ojala-la-hinchada-comprenda\/#primaryimage"},"thumbnailUrl":"https:\/\/www.padreydecano.com\/cms\/wp-content\/uploads\/2017\/04\/Hinchada-Pe\u00f1arol-Palmeiras.jpg","articleSection":["Entrevistas"],"inLanguage":"es","potentialAction":[{"@type":"CommentAction","name":"Comment","target":["https:\/\/www.padreydecano.com\/cms\/entrevistas\/ruglio-quedara-muchisima-gente-afuera-ojala-la-hinchada-comprenda\/#respond"]}]},{"@type":"WebPage","@id":"https:\/\/www.padreydecano.com\/cms\/entrevistas\/ruglio-quedara-muchisima-gente-afuera-ojala-la-hinchada-comprenda\/","url":"https:\/\/www.padreydecano.com\/cms\/entrevistas\/ruglio-quedara-muchisima-gente-afuera-ojala-la-hinchada-comprenda\/","name":"Ruglio: \"Quedar\u00e1 much\u00edsima gente afuera, ojal\u00e1 la hinchada comprenda\" - Padre y Decano - El Sitio del Pueblo","isPartOf":{"@id":"https:\/\/www.padreydecano.com\/cms\/#website"},"primaryImageOfPage":{"@id":"https:\/\/www.padreydecano.com\/cms\/entrevistas\/ruglio-quedara-muchisima-gente-afuera-ojala-la-hinchada-comprenda\/#primaryimage"},"image":{"@id":"https:\/\/www.padreydecano.com\/cms\/entrevistas\/ruglio-quedara-muchisima-gente-afuera-ojala-la-hinchada-comprenda\/#primaryimage"},"thumbnailUrl":"https:\/\/www.padreydecano.com\/cms\/wp-content\/uploads\/2017\/04\/Hinchada-Pe\u00f1arol-Palmeiras.jpg","datePublished":"2021-08-12T20:24:32+00:00","dateModified":"2021-08-15T12:49:06+00:00","breadcrumb":{"@id":"https:\/\/www.padreydecano.com\/cms\/entrevistas\/ruglio-quedara-muchisima-gente-afuera-ojala-la-hinchada-comprenda\/#breadcrumb"},"inLanguage":"es","potentialAction":[{"@type":"ReadAction","target":["https:\/\/www.padreydecano.com\/cms\/entrevistas\/ruglio-quedara-muchisima-gente-afuera-ojala-la-hinchada-comprenda\/"]}]},{"@type":"ImageObject","inLanguage":"es","@id":"https:\/\/www.padreydecano.com\/cms\/entrevistas\/ruglio-quedara-muchisima-gente-afuera-ojala-la-hinchada-comprenda\/#primaryimage","url":"https:\/\/www.padreydecano.com\/cms\/wp-content\/uploads\/2017\/04\/Hinchada-Pe\u00f1arol-Palmeiras.jpg","contentUrl":"https:\/\/www.padreydecano.com\/cms\/wp-content\/uploads\/2017\/04\/Hinchada-Pe\u00f1arol-Palmeiras.jpg","width":690,"height":420},{"@type":"BreadcrumbList","@id":"https:\/\/www.padreydecano.com\/cms\/entrevistas\/ruglio-quedara-muchisima-gente-afuera-ojala-la-hinchada-comprenda\/#breadcrumb","itemListElement":[{"@type":"ListItem","position":1,"name":"Portada","item":"https:\/\/www.padreydecano.com\/cms\/"},{"@type":"ListItem","position":2,"name":"Ruglio: \u00abQuedar\u00e1 much\u00edsima gente afuera, ojal\u00e1 la hinchada comprenda\u00bb"}]},{"@type":"WebSite","@id":"https:\/\/www.padreydecano.com\/cms\/#website","url":"https:\/\/www.padreydecano.com\/cms\/","name":"Padre y Decano - El Sitio del Pueblo","description":"Club Atl\u00e9tico Pe\u00f1arol","publisher":{"@id":"https:\/\/www.padreydecano.com\/cms\/#organization"},"potentialAction":[{"@type":"SearchAction","target":{"@type":"EntryPoint","urlTemplate":"https:\/\/www.padreydecano.com\/cms\/?s={search_term_string}"},"query-input":"required name=search_term_string"}],"inLanguage":"es"},{"@type":"Organization","@id":"https:\/\/www.padreydecano.com\/cms\/#organization","name":"Padre y Decano","url":"https:\/\/www.padreydecano.com\/cms\/","logo":{"@type":"ImageObject","inLanguage":"es","@id":"https:\/\/www.padreydecano.com\/cms\/#\/schema\/logo\/image\/","url":"https:\/\/www.padreydecano.com\/cms\/wp-content\/uploads\/2022\/01\/avatar-square.png","contentUrl":"https:\/\/www.padreydecano.com\/cms\/wp-content\/uploads\/2022\/01\/avatar-square.png","width":1500,"height":1500,"caption":"Padre y Decano"},"image":{"@id":"https:\/\/www.padreydecano.com\/cms\/#\/schema\/logo\/image\/"}},{"@type":"Person","@id":"https:\/\/www.padreydecano.com\/cms\/#\/schema\/person\/d93e9e537230ae052c194251d9a1def2","name":"Moderador","image":{"@type":"ImageObject","inLanguage":"es","@id":"https:\/\/www.padreydecano.com\/cms\/#\/schema\/person\/image\/","url":"https:\/\/secure.gravatar.com\/avatar\/2587727bf8a53bd3da4ec49f01bea66e?s=96&d=https%3A%2F%2Fpadreydecano.com%2Fcms%2Fwp-content%2Fthemes%2Fpyd-theme%2Fimg%2Fdefault-avatar.png&r=g","contentUrl":"https:\/\/secure.gravatar.com\/avatar\/2587727bf8a53bd3da4ec49f01bea66e?s=96&d=https%3A%2F%2Fpadreydecano.com%2Fcms%2Fwp-content%2Fthemes%2Fpyd-theme%2Fimg%2Fdefault-avatar.png&r=g","caption":"Moderador"}}]}},"_links":{"self":[{"href":"https:\/\/www.padreydecano.com\/cms\/wp-json\/wp\/v2\/posts\/76639"}],"collection":[{"href":"https:\/\/www.padreydecano.com\/cms\/wp-json\/wp\/v2\/posts"}],"about":[{"href":"https:\/\/www.padreydecano.com\/cms\/wp-json\/wp\/v2\/types\/post"}],"author":[{"embeddable":true,"href":"https:\/\/www.padreydecano.com\/cms\/wp-json\/wp\/v2\/users\/13"}],"replies":[{"embeddable":true,"href":"https:\/\/www.padreydecano.com\/cms\/wp-json\/wp\/v2\/comments?post=76639"}],"version-history":[{"count":0,"href":"https:\/\/www.padreydecano.com\/cms\/wp-json\/wp\/v2\/posts\/76639\/revisions"}],"wp:featuredmedia":[{"embeddable":true,"href":"https:\/\/www.padreydecano.com\/cms\/wp-json\/wp\/v2\/media\/62952"}],"wp:attachment":[{"href":"https:\/\/www.padreydecano.com\/cms\/wp-json\/wp\/v2\/media?parent=76639"}],"wp:term":[{"taxonomy":"category","embeddable":true,"href":"https:\/\/www.padreydecano.com\/cms\/wp-json\/wp\/v2\/categories?post=76639"},{"taxonomy":"post_tag","embeddable":true,"href":"https:\/\/www.padreydecano.com\/cms\/wp-json\/wp\/v2\/tags?post=76639"}],"curies":[{"name":"wp","href":"https:\/\/api.w.org\/{rel}","templated":true}]}}