{"id":76636,"date":"2021-08-12T17:37:09","date_gmt":"2021-08-12T20:37:09","guid":{"rendered":"http:\/\/www.padreydecano.com\/cms\/?p=76636"},"modified":"2021-08-12T17:37:09","modified_gmt":"2021-08-12T20:37:09","slug":"ruglio-los-jugadores-tienen-un-sentido-de-pertenencia-enorme-con-el-club","status":"publish","type":"post","link":"https:\/\/www.padreydecano.com\/cms\/entrevistas\/ruglio-los-jugadores-tienen-un-sentido-de-pertenencia-enorme-con-el-club\/","title":{"rendered":"Ruglio: \u00abLos jugadores tienen un sentido de pertenencia enorme con el club\u00bb"},"content":{"rendered":"<p><a href=\"https:\/\/www.padreydecano.com\/cms\/wp-content\/uploads\/2021\/08\/IMG_20210811_194442.jpg\" rel=\"shadowbox[sbpost-76636];player=img;\"><img loading=\"lazy\" decoding=\"async\" class=\"aligncenter size-full wp-image-76641\" src=\"https:\/\/www.padreydecano.com\/cms\/wp-content\/uploads\/2021\/08\/IMG_20210811_194442.jpg\" alt=\"\" width=\"1280\" height=\"720\" srcset=\"https:\/\/www.padreydecano.com\/cms\/wp-content\/uploads\/2021\/08\/IMG_20210811_194442.jpg 1280w, https:\/\/www.padreydecano.com\/cms\/wp-content\/uploads\/2021\/08\/IMG_20210811_194442-600x338.jpg 600w, https:\/\/www.padreydecano.com\/cms\/wp-content\/uploads\/2021\/08\/IMG_20210811_194442-768x432.jpg 768w, https:\/\/www.padreydecano.com\/cms\/wp-content\/uploads\/2021\/08\/IMG_20210811_194442-1024x576.jpg 1024w\" sizes=\"(max-width: 1280px) 100vw, 1280px\" \/><\/a><\/p>\n<p style=\"text-align: justify;\"><strong>Tras la victoria por Copa Sudamericana ante Sporting Cristal, el presidente de Pe\u00f1arol, Ignacio Ruglio, habl\u00f3 en Padre y Decano Radio sobre el partido, Mauricio Larriera, los refuerzos, el plantel y lo que se viene. <a title=\"Ruglio: \u00abQuedar\u00e1 much\u00edsima gente afuera, ojal\u00e1 la gente comprenda\u00bb\" href=\"https:\/\/www.padreydecano.com\/cms\/entrevistas\/ruglio-quedara-muchisima-gente-afuera-ojala-la-gente-comprenda\/\">(Ver parte 2)<\/a> <a title=\"La apuesta del presidente con Facu y el Canario\" href=\"https:\/\/www.padreydecano.com\/cms\/entrevistas\/la-apuesta-del-presidente-con-facu-y-el-canario\/\">(Ver parte 3)<\/a><\/strong><\/p>\n<p style=\"text-align: justify;\"><span style=\"color: #ffcc02;\"><strong>Victoria:<\/strong> <\/span>\u00abEstoy un poco af\u00f3nico y feliz por el resultado. Hoy bajamos los decibeles y disfrutamos sanamente, pero tambi\u00e9n somos conscientes de que todav\u00eda no termin\u00f3, el mi\u00e9rcoles hay un partido muy importante que hay que cerrar. Se dio un muy buen primer paso, pero es inevitable tener serenidad sobre eso\u00bb.<\/p>\n<p style=\"text-align: justify;\"><span style=\"color: #ffcc02;\"><strong>Plantel:<\/strong> <\/span>\u00abEstaban felices, realmente estaban felices. Tienen un sentido de pertenencia enorme con el club, hace que los que se han ido sumando sientan lo mismo, y que la posta se siga pasando permanente. Los jugadores van a ir pasando y hay que mantener el ambiente de unidad. Jugadores, cuerpo t\u00e9cnico, dirigentes, todo eso es lo que hay que intentar mantener. Ayer <a href=\"https:\/\/twitter.com\/OficialCAP\/status\/1425662283838021632\">despu\u00e9s del momento en la cena<\/a>, todos nos quedamos comentando el momento divino que vivimos y lo natural que se da todo. Cuesta mucho armar grupos que est\u00e9n sanos y que no hayan l\u00edos de fondo, y si hay, tenemos que estar pendiente de apagarlos, tener t\u00e9cnicos que se hagan respetar por los jugadores y que lleguen al l\u00edmite de ser querido y apreciado por ellos, todo eso cuesta. Cuesta armarlo y se puede desarmar en un segundo si no est\u00e1s arriba de eso, as\u00ed que esa ser\u00e1 la tarea ahora a futuro\u00bb.<\/p>\n<p style=\"text-align: justify;\"><span style=\"color: #ffcc02;\"><strong>Mauricio Larriera:<\/strong><\/span> \u00abDesde que lleg\u00f3 al Club ten\u00eda claro lo que ven\u00eda a hacer y de a poquito se lo fue ganando. No se quiso apurar ni salir a vender humo. A veces habl\u00e1bamos y contaba todas las veces que fue a ver a Pe\u00f1arol y todo lo que sent\u00eda por el Club y dem\u00e1s. Yo siempre le dec\u00eda lo mismo, ya salieron fotos de tu pasaje como ayudante en el tradicional adversario, ya hay gente que te conden\u00f3 por eso y la \u00fanica forma que tenemos de dar vuelta eso es con trabajo. No hay que salir a vender ning\u00fan humo, hay que trabajar y ganarse el cari\u00f1o de la gente. Yo creo que se lo est\u00e1 ganando, estos d\u00edas hablando de la vuelta de la gente a la cancha en un momento me dijo &#8216;Pa, va a estar bravo tenerlos ah\u00ed al costado, divina sensaci\u00f3n&#8217; y yo le dije &#8216;Mauri, si no salen las cosas mal me parece que alg\u00fan aplauso te vas a robar&#8217;, se re\u00eda con eso. Es muy serio en lo que hace, es muy consciente y aplicado, yo anoche estaba pensando en la importancia del partido de este s\u00e1bado, en la importancia de bajar los decibeles y no generar inconvenientes para el partido del pr\u00f3ximo mi\u00e9rcoles. Realmente es un placer trabajar con \u00e9l, es un placer ver c\u00f3mo le da lugar y c\u00f3mo lo lleva al ritmo justo a los juveniles del Club, y ver a un equipo de Pe\u00f1arol en estas instancias de copa en la que 2, 3, 4 juveniles est\u00e1n en cancha permanente, y no llenando espacio sino siendo figura del equipo, y juveniles que en alg\u00fan momento se cayeron y \u00e9l fue el que los aguant\u00f3 y el que los llev\u00f3 ah\u00ed. Eso me da much\u00edsima alegr\u00eda porque es un gran laburante y un gran tipo\u00bb.<\/p>\n<p style=\"text-align: justify;\"><span style=\"color: #ffcc02;\"><strong>Facundo Torres:<\/strong><\/span> \u00abNo s\u00e9 si va a poder estar la semana que viene, pero s\u00ed es un leve esguince. Esa es la verdad y de hecho tiene un poco hinchado, creo que Facu se asust\u00f3 como todos los que nos hemos torcido alguna vez el tobillo, el primer golpe fuerte es sentido y se ve que ah\u00ed se asust\u00f3. Por suerte al ratito ya estaba bien y mov\u00eda el tobillo para todos lados. Sanidad trabajar\u00e1 con \u00e9l durante el d\u00eda, pero todo indicar\u00e1 que se recuperar\u00e1 r\u00e1pido. Ayer vino en una silla de ruedas, despu\u00e9s en el aeropuerto lo sub\u00edan a los carritos de las maletas y lo paseaban. Est\u00e1bamos todos cansados, fue un d\u00eda largo pero igual el ambiente segu\u00eda siendo bueno. Eso me da alegr\u00eda y esperemos pronto se recupere. Hay preguntas del exterior por varios jugadores, vamos a ver c\u00f3mo los vamos resolviendo de a poco\u00bb.<\/p>\n<p style=\"text-align: justify;\"><span style=\"color: #ffcc02;\"><strong>Refuerzos:<\/strong> <\/span>\u00abAlg\u00fan refuerzo puntual seguramente tengamos para el largo del a\u00f1o que nos queda y porque sabemos la prioridad de ganar el Clausura e ir por el campeonato. Es un debe que tuvimos en el Clausura pasado y en este Apertura, el de poder campeonar. Lo de los refuerzos lo he repetido bastante, no creo en eso de los hinchas que escriben o dicen &#8216;Trae, trae, trae&#8217;, yo no creo en eso. Creo que los que nos trajeron hasta ac\u00e1 son nuestros cracks, que en ellos hay que confiar, que juegan de memoria y que as\u00ed le traigamos jugadores, Mauricio est\u00e1 convencido de que los que est\u00e1n en la cancha son los que nos trajeron hasta ac\u00e1 y los va a cuidar. Eso no quiere decir que no hay que reforzarse, ahora trajimos 3 jugadores para estar m\u00e1s cubiertos en esos puestos, hace un tiempo trajimos a Neto Volpi para estar m\u00e1s cubiertos en el arco por si un d\u00eda le pasaba algo a Kevin, y si nos surge otra posibilidad capaz la pensemos y traigamos otros jugadores, pero no ese concepto que la gente repite y no s\u00e9 de d\u00f3nde lo sac\u00f3, &#8216;Traigan jugadores para ganar la Copa&#8217;. Los que te est\u00e1n haciendo ilusionar, los que te est\u00e1n haciendo emocionar de vuelta son los que est\u00e1n ah\u00ed, en ellos ten\u00e9s que confiar. El concepto para ellos si escuchan a un mont\u00f3n de gente diciendo traigan jugadores para ganar la Copa, es &#8216;Bo, par\u00e1, trajimos hasta ac\u00e1, eliminamos a Nacional a los ojos de Am\u00e9rica, si jugamos un partido incre\u00edble en el Parque Central, si le hicimos 6 goles al Corhintians, si ayer volvimos a ganar afuera contra un equipo que juega much\u00edsimo al f\u00fatbol porque hay que verlo al Cristal para darse cuenta lo que juega en otros partidos, le hicimos 3 goles. \u00bfPor qu\u00e9 segu\u00eds pidiendo todo el tiempo que traigan jugadores?&#8217;. Confi\u00e1 en lo que ten\u00e9s y si hay algunos lugares para rellenar lo vamos a solucionar enseguida\u00bb.<\/p>\n<p style=\"text-align: justify;\"><span style=\"color: #ffcc02;\"><strong>La atm\u00f3sfera del club:<\/strong><\/span> \u00abEstamos cansados pero estoy haciendo lo que me gusta, para lo que me prepar\u00e9 y lo que quer\u00edamos con un mont\u00f3n de gente que pele\u00f3 por esto. Sabemos que muchas veces el cansancio va a estar para mal, porque en ning\u00fan club del mundo las alegr\u00edas son permanentes, entonces hay que prepararse para las frustraciones y ah\u00ed ponerse firme y que no tiemble el tim\u00f3n. Pero cuando hay peque\u00f1as grandes alegr\u00edas como esta, que ves a montones de generaciones felices, que te dicen que no hab\u00edan visto un Pe\u00f1arol protagonista as\u00ed en el exterior y as\u00ed jugando, y todo eso que la gente est\u00e1 repitiendo de sentirse tan intensificado con un plantel, con jugadores que claramente aman la camiseta y quieren hacer cosas grandes ac\u00e1, eso da esperanza. Estamos trabajando con ganas para que las cosas salgan bien, desde el Indio Olivera, Bengoechea, Dar\u00edo, el Gaby Cedres, el preparador f\u00edsico, que es un disparate lo que trabaja. Toda esa gente est\u00e1 metiendo mucho de s\u00ed misma para que las cosas salgan y eso da esperanza cuando el equipo entra a la cancha. Veremos qu\u00e9 dice la pelotita al final de todo esto\u00bb.<\/p>\n<div class=\"user-wrapper\"><a class=\"userlink\"href=\"https:\/\/twitter.com\/ftrucce18\" target=\"_blank\"><figure><img decoding=\"async\" src=\"http:\/\/www.padreydecano.com\/cms\/wp-users-files\/postfirmas\/ftrucce.jpg\" \/><\/figure><p class=\"user\"><strong>Franco Trucce<\/strong><br \/>@FTrucce18<\/p><\/a><\/div>\n","protected":false},"excerpt":{"rendered":"<p>Tras la victoria por Copa Sudamericana ante Sporting Cristal, el presidente de Pe\u00f1arol, Ignacio Ruglio, habl\u00f3 en Padre y Decano Radio sobre el partido, Mauricio Larriera, los refuerzos, el plantel y lo que se viene. (Ver parte 2) (Ver parte 3) Victoria: \u00abEstoy un poco af\u00f3nico y feliz por el resultado. Hoy bajamos los decibeles [&hellip;]<\/p>\n","protected":false},"author":13,"featured_media":76641,"comment_status":"open","ping_status":"closed","sticky":false,"template":"","format":"standard","meta":{"footnotes":""},"categories":[30],"tags":[],"yoast_head":"<!-- This site is optimized with the Yoast SEO plugin v23.2 - https:\/\/yoast.com\/wordpress\/plugins\/seo\/ -->\n<title>Ruglio: &quot;Los jugadores tienen un sentido de pertenencia enorme con el club&quot; - Padre y Decano - El Sitio del Pueblo<\/title>\n<meta name=\"robots\" content=\"index, follow, max-snippet:-1, max-image-preview:large, max-video-preview:-1\" \/>\n<link rel=\"canonical\" href=\"https:\/\/www.padreydecano.com\/cms\/entrevistas\/ruglio-los-jugadores-tienen-un-sentido-de-pertenencia-enorme-con-el-club\/\" \/>\n<meta property=\"og:locale\" content=\"es_ES\" \/>\n<meta property=\"og:type\" content=\"article\" \/>\n<meta property=\"og:title\" content=\"Ruglio: &quot;Los jugadores tienen un sentido de pertenencia enorme con el club&quot; - Padre y Decano - El Sitio del Pueblo\" \/>\n<meta property=\"og:description\" content=\"Tras la victoria por Copa Sudamericana ante Sporting Cristal, el presidente de Pe\u00f1arol, Ignacio Ruglio, habl\u00f3 en Padre y Decano Radio sobre el partido, Mauricio Larriera, los refuerzos, el plantel y lo que se viene. (Ver parte 2) (Ver parte 3) Victoria: \u00abEstoy un poco af\u00f3nico y feliz por el resultado. Hoy bajamos los decibeles [&hellip;]\" \/>\n<meta property=\"og:url\" content=\"https:\/\/www.padreydecano.com\/cms\/entrevistas\/ruglio-los-jugadores-tienen-un-sentido-de-pertenencia-enorme-con-el-club\/\" \/>\n<meta property=\"og:site_name\" content=\"Padre y Decano - El Sitio del Pueblo\" \/>\n<meta property=\"article:published_time\" content=\"2021-08-12T20:37:09+00:00\" \/>\n<meta property=\"og:image\" content=\"https:\/\/www.padreydecano.com\/cms\/wp-content\/uploads\/2021\/08\/IMG_20210811_194442.jpg\" \/>\n\t<meta property=\"og:image:width\" content=\"1280\" \/>\n\t<meta property=\"og:image:height\" content=\"720\" \/>\n\t<meta property=\"og:image:type\" content=\"image\/jpeg\" \/>\n<meta name=\"author\" content=\"Moderador\" \/>\n<meta name=\"twitter:card\" content=\"summary_large_image\" \/>\n<meta name=\"twitter:label1\" content=\"Escrito por\" \/>\n\t<meta name=\"twitter:data1\" content=\"Moderador\" \/>\n\t<meta name=\"twitter:label2\" content=\"Tiempo de lectura\" \/>\n\t<meta name=\"twitter:data2\" content=\"6 minutos\" \/>\n<script type=\"application\/ld+json\" class=\"yoast-schema-graph\">{\"@context\":\"https:\/\/schema.org\",\"@graph\":[{\"@type\":\"Article\",\"@id\":\"https:\/\/www.padreydecano.com\/cms\/entrevistas\/ruglio-los-jugadores-tienen-un-sentido-de-pertenencia-enorme-con-el-club\/#article\",\"isPartOf\":{\"@id\":\"https:\/\/www.padreydecano.com\/cms\/entrevistas\/ruglio-los-jugadores-tienen-un-sentido-de-pertenencia-enorme-con-el-club\/\"},\"author\":{\"name\":\"Moderador\",\"@id\":\"https:\/\/www.padreydecano.com\/cms\/#\/schema\/person\/d93e9e537230ae052c194251d9a1def2\"},\"headline\":\"Ruglio: \u00abLos jugadores tienen un sentido de pertenencia enorme con el club\u00bb\",\"datePublished\":\"2021-08-12T20:37:09+00:00\",\"dateModified\":\"2021-08-12T20:37:09+00:00\",\"mainEntityOfPage\":{\"@id\":\"https:\/\/www.padreydecano.com\/cms\/entrevistas\/ruglio-los-jugadores-tienen-un-sentido-de-pertenencia-enorme-con-el-club\/\"},\"wordCount\":1309,\"commentCount\":14,\"publisher\":{\"@id\":\"https:\/\/www.padreydecano.com\/cms\/#organization\"},\"image\":{\"@id\":\"https:\/\/www.padreydecano.com\/cms\/entrevistas\/ruglio-los-jugadores-tienen-un-sentido-de-pertenencia-enorme-con-el-club\/#primaryimage\"},\"thumbnailUrl\":\"https:\/\/www.padreydecano.com\/cms\/wp-content\/uploads\/2021\/08\/IMG_20210811_194442.jpg\",\"articleSection\":[\"Entrevistas\"],\"inLanguage\":\"es\",\"potentialAction\":[{\"@type\":\"CommentAction\",\"name\":\"Comment\",\"target\":[\"https:\/\/www.padreydecano.com\/cms\/entrevistas\/ruglio-los-jugadores-tienen-un-sentido-de-pertenencia-enorme-con-el-club\/#respond\"]}]},{\"@type\":\"WebPage\",\"@id\":\"https:\/\/www.padreydecano.com\/cms\/entrevistas\/ruglio-los-jugadores-tienen-un-sentido-de-pertenencia-enorme-con-el-club\/\",\"url\":\"https:\/\/www.padreydecano.com\/cms\/entrevistas\/ruglio-los-jugadores-tienen-un-sentido-de-pertenencia-enorme-con-el-club\/\",\"name\":\"Ruglio: \\\"Los jugadores tienen un sentido de pertenencia enorme con el club\\\" - Padre y Decano - El Sitio del Pueblo\",\"isPartOf\":{\"@id\":\"https:\/\/www.padreydecano.com\/cms\/#website\"},\"primaryImageOfPage\":{\"@id\":\"https:\/\/www.padreydecano.com\/cms\/entrevistas\/ruglio-los-jugadores-tienen-un-sentido-de-pertenencia-enorme-con-el-club\/#primaryimage\"},\"image\":{\"@id\":\"https:\/\/www.padreydecano.com\/cms\/entrevistas\/ruglio-los-jugadores-tienen-un-sentido-de-pertenencia-enorme-con-el-club\/#primaryimage\"},\"thumbnailUrl\":\"https:\/\/www.padreydecano.com\/cms\/wp-content\/uploads\/2021\/08\/IMG_20210811_194442.jpg\",\"datePublished\":\"2021-08-12T20:37:09+00:00\",\"dateModified\":\"2021-08-12T20:37:09+00:00\",\"breadcrumb\":{\"@id\":\"https:\/\/www.padreydecano.com\/cms\/entrevistas\/ruglio-los-jugadores-tienen-un-sentido-de-pertenencia-enorme-con-el-club\/#breadcrumb\"},\"inLanguage\":\"es\",\"potentialAction\":[{\"@type\":\"ReadAction\",\"target\":[\"https:\/\/www.padreydecano.com\/cms\/entrevistas\/ruglio-los-jugadores-tienen-un-sentido-de-pertenencia-enorme-con-el-club\/\"]}]},{\"@type\":\"ImageObject\",\"inLanguage\":\"es\",\"@id\":\"https:\/\/www.padreydecano.com\/cms\/entrevistas\/ruglio-los-jugadores-tienen-un-sentido-de-pertenencia-enorme-con-el-club\/#primaryimage\",\"url\":\"https:\/\/www.padreydecano.com\/cms\/wp-content\/uploads\/2021\/08\/IMG_20210811_194442.jpg\",\"contentUrl\":\"https:\/\/www.padreydecano.com\/cms\/wp-content\/uploads\/2021\/08\/IMG_20210811_194442.jpg\",\"width\":1280,\"height\":720},{\"@type\":\"BreadcrumbList\",\"@id\":\"https:\/\/www.padreydecano.com\/cms\/entrevistas\/ruglio-los-jugadores-tienen-un-sentido-de-pertenencia-enorme-con-el-club\/#breadcrumb\",\"itemListElement\":[{\"@type\":\"ListItem\",\"position\":1,\"name\":\"Portada\",\"item\":\"https:\/\/www.padreydecano.com\/cms\/\"},{\"@type\":\"ListItem\",\"position\":2,\"name\":\"Ruglio: \u00abLos jugadores tienen un sentido de pertenencia enorme con el club\u00bb\"}]},{\"@type\":\"WebSite\",\"@id\":\"https:\/\/www.padreydecano.com\/cms\/#website\",\"url\":\"https:\/\/www.padreydecano.com\/cms\/\",\"name\":\"Padre y Decano - El Sitio del Pueblo\",\"description\":\"Club Atl\u00e9tico Pe\u00f1arol\",\"publisher\":{\"@id\":\"https:\/\/www.padreydecano.com\/cms\/#organization\"},\"potentialAction\":[{\"@type\":\"SearchAction\",\"target\":{\"@type\":\"EntryPoint\",\"urlTemplate\":\"https:\/\/www.padreydecano.com\/cms\/?s={search_term_string}\"},\"query-input\":\"required name=search_term_string\"}],\"inLanguage\":\"es\"},{\"@type\":\"Organization\",\"@id\":\"https:\/\/www.padreydecano.com\/cms\/#organization\",\"name\":\"Padre y Decano\",\"url\":\"https:\/\/www.padreydecano.com\/cms\/\",\"logo\":{\"@type\":\"ImageObject\",\"inLanguage\":\"es\",\"@id\":\"https:\/\/www.padreydecano.com\/cms\/#\/schema\/logo\/image\/\",\"url\":\"https:\/\/www.padreydecano.com\/cms\/wp-content\/uploads\/2022\/01\/avatar-square.png\",\"contentUrl\":\"https:\/\/www.padreydecano.com\/cms\/wp-content\/uploads\/2022\/01\/avatar-square.png\",\"width\":1500,\"height\":1500,\"caption\":\"Padre y Decano\"},\"image\":{\"@id\":\"https:\/\/www.padreydecano.com\/cms\/#\/schema\/logo\/image\/\"}},{\"@type\":\"Person\",\"@id\":\"https:\/\/www.padreydecano.com\/cms\/#\/schema\/person\/d93e9e537230ae052c194251d9a1def2\",\"name\":\"Moderador\",\"image\":{\"@type\":\"ImageObject\",\"inLanguage\":\"es\",\"@id\":\"https:\/\/www.padreydecano.com\/cms\/#\/schema\/person\/image\/\",\"url\":\"https:\/\/secure.gravatar.com\/avatar\/2587727bf8a53bd3da4ec49f01bea66e?s=96&d=https%3A%2F%2Fpadreydecano.com%2Fcms%2Fwp-content%2Fthemes%2Fpyd-theme%2Fimg%2Fdefault-avatar.png&r=g\",\"contentUrl\":\"https:\/\/secure.gravatar.com\/avatar\/2587727bf8a53bd3da4ec49f01bea66e?s=96&d=https%3A%2F%2Fpadreydecano.com%2Fcms%2Fwp-content%2Fthemes%2Fpyd-theme%2Fimg%2Fdefault-avatar.png&r=g\",\"caption\":\"Moderador\"}}]}<\/script>\n<!-- \/ Yoast SEO plugin. -->","yoast_head_json":{"title":"Ruglio: \"Los jugadores tienen un sentido de pertenencia enorme con el club\" - Padre y Decano - El Sitio del Pueblo","robots":{"index":"index","follow":"follow","max-snippet":"max-snippet:-1","max-image-preview":"max-image-preview:large","max-video-preview":"max-video-preview:-1"},"canonical":"https:\/\/www.padreydecano.com\/cms\/entrevistas\/ruglio-los-jugadores-tienen-un-sentido-de-pertenencia-enorme-con-el-club\/","og_locale":"es_ES","og_type":"article","og_title":"Ruglio: \"Los jugadores tienen un sentido de pertenencia enorme con el club\" - Padre y Decano - El Sitio del Pueblo","og_description":"Tras la victoria por Copa Sudamericana ante Sporting Cristal, el presidente de Pe\u00f1arol, Ignacio Ruglio, habl\u00f3 en Padre y Decano Radio sobre el partido, Mauricio Larriera, los refuerzos, el plantel y lo que se viene. (Ver parte 2) (Ver parte 3) Victoria: \u00abEstoy un poco af\u00f3nico y feliz por el resultado. Hoy bajamos los decibeles [&hellip;]","og_url":"https:\/\/www.padreydecano.com\/cms\/entrevistas\/ruglio-los-jugadores-tienen-un-sentido-de-pertenencia-enorme-con-el-club\/","og_site_name":"Padre y Decano - El Sitio del Pueblo","article_published_time":"2021-08-12T20:37:09+00:00","og_image":[{"width":1280,"height":720,"url":"https:\/\/www.padreydecano.com\/cms\/wp-content\/uploads\/2021\/08\/IMG_20210811_194442.jpg","type":"image\/jpeg"}],"author":"Moderador","twitter_card":"summary_large_image","twitter_misc":{"Escrito por":"Moderador","Tiempo de lectura":"6 minutos"},"schema":{"@context":"https:\/\/schema.org","@graph":[{"@type":"Article","@id":"https:\/\/www.padreydecano.com\/cms\/entrevistas\/ruglio-los-jugadores-tienen-un-sentido-de-pertenencia-enorme-con-el-club\/#article","isPartOf":{"@id":"https:\/\/www.padreydecano.com\/cms\/entrevistas\/ruglio-los-jugadores-tienen-un-sentido-de-pertenencia-enorme-con-el-club\/"},"author":{"name":"Moderador","@id":"https:\/\/www.padreydecano.com\/cms\/#\/schema\/person\/d93e9e537230ae052c194251d9a1def2"},"headline":"Ruglio: \u00abLos jugadores tienen un sentido de pertenencia enorme con el club\u00bb","datePublished":"2021-08-12T20:37:09+00:00","dateModified":"2021-08-12T20:37:09+00:00","mainEntityOfPage":{"@id":"https:\/\/www.padreydecano.com\/cms\/entrevistas\/ruglio-los-jugadores-tienen-un-sentido-de-pertenencia-enorme-con-el-club\/"},"wordCount":1309,"commentCount":14,"publisher":{"@id":"https:\/\/www.padreydecano.com\/cms\/#organization"},"image":{"@id":"https:\/\/www.padreydecano.com\/cms\/entrevistas\/ruglio-los-jugadores-tienen-un-sentido-de-pertenencia-enorme-con-el-club\/#primaryimage"},"thumbnailUrl":"https:\/\/www.padreydecano.com\/cms\/wp-content\/uploads\/2021\/08\/IMG_20210811_194442.jpg","articleSection":["Entrevistas"],"inLanguage":"es","potentialAction":[{"@type":"CommentAction","name":"Comment","target":["https:\/\/www.padreydecano.com\/cms\/entrevistas\/ruglio-los-jugadores-tienen-un-sentido-de-pertenencia-enorme-con-el-club\/#respond"]}]},{"@type":"WebPage","@id":"https:\/\/www.padreydecano.com\/cms\/entrevistas\/ruglio-los-jugadores-tienen-un-sentido-de-pertenencia-enorme-con-el-club\/","url":"https:\/\/www.padreydecano.com\/cms\/entrevistas\/ruglio-los-jugadores-tienen-un-sentido-de-pertenencia-enorme-con-el-club\/","name":"Ruglio: \"Los jugadores tienen un sentido de pertenencia enorme con el club\" - Padre y Decano - El Sitio del Pueblo","isPartOf":{"@id":"https:\/\/www.padreydecano.com\/cms\/#website"},"primaryImageOfPage":{"@id":"https:\/\/www.padreydecano.com\/cms\/entrevistas\/ruglio-los-jugadores-tienen-un-sentido-de-pertenencia-enorme-con-el-club\/#primaryimage"},"image":{"@id":"https:\/\/www.padreydecano.com\/cms\/entrevistas\/ruglio-los-jugadores-tienen-un-sentido-de-pertenencia-enorme-con-el-club\/#primaryimage"},"thumbnailUrl":"https:\/\/www.padreydecano.com\/cms\/wp-content\/uploads\/2021\/08\/IMG_20210811_194442.jpg","datePublished":"2021-08-12T20:37:09+00:00","dateModified":"2021-08-12T20:37:09+00:00","breadcrumb":{"@id":"https:\/\/www.padreydecano.com\/cms\/entrevistas\/ruglio-los-jugadores-tienen-un-sentido-de-pertenencia-enorme-con-el-club\/#breadcrumb"},"inLanguage":"es","potentialAction":[{"@type":"ReadAction","target":["https:\/\/www.padreydecano.com\/cms\/entrevistas\/ruglio-los-jugadores-tienen-un-sentido-de-pertenencia-enorme-con-el-club\/"]}]},{"@type":"ImageObject","inLanguage":"es","@id":"https:\/\/www.padreydecano.com\/cms\/entrevistas\/ruglio-los-jugadores-tienen-un-sentido-de-pertenencia-enorme-con-el-club\/#primaryimage","url":"https:\/\/www.padreydecano.com\/cms\/wp-content\/uploads\/2021\/08\/IMG_20210811_194442.jpg","contentUrl":"https:\/\/www.padreydecano.com\/cms\/wp-content\/uploads\/2021\/08\/IMG_20210811_194442.jpg","width":1280,"height":720},{"@type":"BreadcrumbList","@id":"https:\/\/www.padreydecano.com\/cms\/entrevistas\/ruglio-los-jugadores-tienen-un-sentido-de-pertenencia-enorme-con-el-club\/#breadcrumb","itemListElement":[{"@type":"ListItem","position":1,"name":"Portada","item":"https:\/\/www.padreydecano.com\/cms\/"},{"@type":"ListItem","position":2,"name":"Ruglio: \u00abLos jugadores tienen un sentido de pertenencia enorme con el club\u00bb"}]},{"@type":"WebSite","@id":"https:\/\/www.padreydecano.com\/cms\/#website","url":"https:\/\/www.padreydecano.com\/cms\/","name":"Padre y Decano - El Sitio del Pueblo","description":"Club Atl\u00e9tico Pe\u00f1arol","publisher":{"@id":"https:\/\/www.padreydecano.com\/cms\/#organization"},"potentialAction":[{"@type":"SearchAction","target":{"@type":"EntryPoint","urlTemplate":"https:\/\/www.padreydecano.com\/cms\/?s={search_term_string}"},"query-input":"required name=search_term_string"}],"inLanguage":"es"},{"@type":"Organization","@id":"https:\/\/www.padreydecano.com\/cms\/#organization","name":"Padre y Decano","url":"https:\/\/www.padreydecano.com\/cms\/","logo":{"@type":"ImageObject","inLanguage":"es","@id":"https:\/\/www.padreydecano.com\/cms\/#\/schema\/logo\/image\/","url":"https:\/\/www.padreydecano.com\/cms\/wp-content\/uploads\/2022\/01\/avatar-square.png","contentUrl":"https:\/\/www.padreydecano.com\/cms\/wp-content\/uploads\/2022\/01\/avatar-square.png","width":1500,"height":1500,"caption":"Padre y Decano"},"image":{"@id":"https:\/\/www.padreydecano.com\/cms\/#\/schema\/logo\/image\/"}},{"@type":"Person","@id":"https:\/\/www.padreydecano.com\/cms\/#\/schema\/person\/d93e9e537230ae052c194251d9a1def2","name":"Moderador","image":{"@type":"ImageObject","inLanguage":"es","@id":"https:\/\/www.padreydecano.com\/cms\/#\/schema\/person\/image\/","url":"https:\/\/secure.gravatar.com\/avatar\/2587727bf8a53bd3da4ec49f01bea66e?s=96&d=https%3A%2F%2Fpadreydecano.com%2Fcms%2Fwp-content%2Fthemes%2Fpyd-theme%2Fimg%2Fdefault-avatar.png&r=g","contentUrl":"https:\/\/secure.gravatar.com\/avatar\/2587727bf8a53bd3da4ec49f01bea66e?s=96&d=https%3A%2F%2Fpadreydecano.com%2Fcms%2Fwp-content%2Fthemes%2Fpyd-theme%2Fimg%2Fdefault-avatar.png&r=g","caption":"Moderador"}}]}},"_links":{"self":[{"href":"https:\/\/www.padreydecano.com\/cms\/wp-json\/wp\/v2\/posts\/76636"}],"collection":[{"href":"https:\/\/www.padreydecano.com\/cms\/wp-json\/wp\/v2\/posts"}],"about":[{"href":"https:\/\/www.padreydecano.com\/cms\/wp-json\/wp\/v2\/types\/post"}],"author":[{"embeddable":true,"href":"https:\/\/www.padreydecano.com\/cms\/wp-json\/wp\/v2\/users\/13"}],"replies":[{"embeddable":true,"href":"https:\/\/www.padreydecano.com\/cms\/wp-json\/wp\/v2\/comments?post=76636"}],"version-history":[{"count":0,"href":"https:\/\/www.padreydecano.com\/cms\/wp-json\/wp\/v2\/posts\/76636\/revisions"}],"wp:featuredmedia":[{"embeddable":true,"href":"https:\/\/www.padreydecano.com\/cms\/wp-json\/wp\/v2\/media\/76641"}],"wp:attachment":[{"href":"https:\/\/www.padreydecano.com\/cms\/wp-json\/wp\/v2\/media?parent=76636"}],"wp:term":[{"taxonomy":"category","embeddable":true,"href":"https:\/\/www.padreydecano.com\/cms\/wp-json\/wp\/v2\/categories?post=76636"},{"taxonomy":"post_tag","embeddable":true,"href":"https:\/\/www.padreydecano.com\/cms\/wp-json\/wp\/v2\/tags?post=76636"}],"curies":[{"name":"wp","href":"https:\/\/api.w.org\/{rel}","templated":true}]}}