{"id":76611,"date":"2021-08-10T09:49:26","date_gmt":"2021-08-10T12:49:26","guid":{"rendered":"http:\/\/www.padreydecano.com\/cms\/?p=76611"},"modified":"2021-08-10T09:49:26","modified_gmt":"2021-08-10T12:49:26","slug":"uruguay-fijo-el-cds-para-las-eliminatorias","status":"publish","type":"post","link":"https:\/\/www.padreydecano.com\/cms\/noticias\/uruguay-fijo-el-cds-para-las-eliminatorias\/","title":{"rendered":"Uruguay fij\u00f3 el CDS para las Eliminatorias"},"content":{"rendered":"<p><a href=\"https:\/\/www.padreydecano.com\/cms\/wp-content\/uploads\/2017\/01\/Visita-Estadio-192-Copiar.jpg\" rel=\"shadowbox[sbpost-76611];player=img;\"><img loading=\"lazy\" decoding=\"async\" class=\"aligncenter size-medium wp-image-61595\" src=\"https:\/\/www.padreydecano.com\/cms\/wp-content\/uploads\/2017\/01\/Visita-Estadio-192-Copiar-600x400.jpg\" alt=\"\" width=\"600\" height=\"400\" srcset=\"https:\/\/www.padreydecano.com\/cms\/wp-content\/uploads\/2017\/01\/Visita-Estadio-192-Copiar-600x400.jpg 600w, https:\/\/www.padreydecano.com\/cms\/wp-content\/uploads\/2017\/01\/Visita-Estadio-192-Copiar-768x512.jpg 768w, https:\/\/www.padreydecano.com\/cms\/wp-content\/uploads\/2017\/01\/Visita-Estadio-192-Copiar.jpg 900w\" sizes=\"(max-width: 600px) 100vw, 600px\" \/><\/a><\/p>\n<p style=\"text-align: justify;\">La AUF fij\u00f3 el Estadio Campe\u00f3n del Siglo para los pr\u00f3ximos dos encuentros como local de la Selecci\u00f3n Uruguaya en las Eliminatorias rumbo a Qatar 2022:\u00a0El\u00a05 de setiembre a las 19:00 hs ante Bolivia y el 9 de setiembre a las 19.30 hs ante Ecuador.<\/p>\n<p style=\"text-align: justify;\">Debido a las reformas del Estadio Centenario de cara a las finales de la Copa Libertadores y Copa Sudamericana, Uruguay jugar\u00e1 como local en el escenario de Pe\u00f1arol. Para estos encuentros, el aforo ser\u00e1 m\u00e1s grande que para el partido de Copa Sudamericana.<\/p>\n","protected":false},"excerpt":{"rendered":"<p>La AUF fij\u00f3 el Estadio Campe\u00f3n del Siglo para los pr\u00f3ximos dos encuentros como local de la Selecci\u00f3n Uruguaya en las Eliminatorias rumbo a Qatar 2022:\u00a0El\u00a05 de setiembre a las 19:00 hs ante Bolivia y el 9 de setiembre a las 19.30 hs ante Ecuador. Debido a las reformas del Estadio Centenario de cara a [&hellip;]<\/p>\n","protected":false},"author":13,"featured_media":61595,"comment_status":"open","ping_status":"closed","sticky":false,"template":"","format":"standard","meta":{"footnotes":""},"categories":[1],"tags":[105],"yoast_head":"<!-- This site is optimized with the Yoast SEO plugin v23.2 - https:\/\/yoast.com\/wordpress\/plugins\/seo\/ -->\n<title>Uruguay fij\u00f3 el CDS para las Eliminatorias - Padre y Decano - El Sitio del Pueblo<\/title>\n<meta name=\"robots\" content=\"index, follow, max-snippet:-1, max-image-preview:large, max-video-preview:-1\" \/>\n<link rel=\"canonical\" href=\"https:\/\/www.padreydecano.com\/cms\/noticias\/uruguay-fijo-el-cds-para-las-eliminatorias\/\" \/>\n<meta property=\"og:locale\" content=\"es_ES\" \/>\n<meta property=\"og:type\" content=\"article\" \/>\n<meta property=\"og:title\" content=\"Uruguay fij\u00f3 el CDS para las Eliminatorias - Padre y Decano - El Sitio del Pueblo\" \/>\n<meta property=\"og:description\" content=\"La AUF fij\u00f3 el Estadio Campe\u00f3n del Siglo para los pr\u00f3ximos dos encuentros como local de la Selecci\u00f3n Uruguaya en las Eliminatorias rumbo a Qatar 2022:\u00a0El\u00a05 de setiembre a las 19:00 hs ante Bolivia y el 9 de setiembre a las 19.30 hs ante Ecuador. Debido a las reformas del Estadio Centenario de cara a [&hellip;]\" \/>\n<meta property=\"og:url\" content=\"https:\/\/www.padreydecano.com\/cms\/noticias\/uruguay-fijo-el-cds-para-las-eliminatorias\/\" \/>\n<meta property=\"og:site_name\" content=\"Padre y Decano - El Sitio del Pueblo\" \/>\n<meta property=\"article:published_time\" content=\"2021-08-10T12:49:26+00:00\" \/>\n<meta property=\"og:image\" content=\"https:\/\/www.padreydecano.com\/cms\/wp-content\/uploads\/2017\/01\/Visita-Estadio-192-Copiar.jpg\" \/>\n\t<meta property=\"og:image:width\" content=\"900\" \/>\n\t<meta property=\"og:image:height\" content=\"600\" \/>\n\t<meta property=\"og:image:type\" content=\"image\/jpeg\" \/>\n<meta name=\"author\" content=\"Moderador\" \/>\n<meta name=\"twitter:card\" content=\"summary_large_image\" \/>\n<meta name=\"twitter:label1\" content=\"Escrito por\" \/>\n\t<meta name=\"twitter:data1\" content=\"Moderador\" \/>\n<script type=\"application\/ld+json\" class=\"yoast-schema-graph\">{\"@context\":\"https:\/\/schema.org\",\"@graph\":[{\"@type\":\"Article\",\"@id\":\"https:\/\/www.padreydecano.com\/cms\/noticias\/uruguay-fijo-el-cds-para-las-eliminatorias\/#article\",\"isPartOf\":{\"@id\":\"https:\/\/www.padreydecano.com\/cms\/noticias\/uruguay-fijo-el-cds-para-las-eliminatorias\/\"},\"author\":{\"name\":\"Moderador\",\"@id\":\"https:\/\/www.padreydecano.com\/cms\/#\/schema\/person\/d93e9e537230ae052c194251d9a1def2\"},\"headline\":\"Uruguay fij\u00f3 el CDS para las Eliminatorias\",\"datePublished\":\"2021-08-10T12:49:26+00:00\",\"dateModified\":\"2021-08-10T12:49:26+00:00\",\"mainEntityOfPage\":{\"@id\":\"https:\/\/www.padreydecano.com\/cms\/noticias\/uruguay-fijo-el-cds-para-las-eliminatorias\/\"},\"wordCount\":97,\"commentCount\":17,\"publisher\":{\"@id\":\"https:\/\/www.padreydecano.com\/cms\/#organization\"},\"image\":{\"@id\":\"https:\/\/www.padreydecano.com\/cms\/noticias\/uruguay-fijo-el-cds-para-las-eliminatorias\/#primaryimage\"},\"thumbnailUrl\":\"https:\/\/www.padreydecano.com\/cms\/wp-content\/uploads\/2017\/01\/Visita-Estadio-192-Copiar.jpg\",\"keywords\":[\"Selecci\u00f3n Uruguaya\"],\"articleSection\":[\"Noticias\"],\"inLanguage\":\"es\",\"potentialAction\":[{\"@type\":\"CommentAction\",\"name\":\"Comment\",\"target\":[\"https:\/\/www.padreydecano.com\/cms\/noticias\/uruguay-fijo-el-cds-para-las-eliminatorias\/#respond\"]}]},{\"@type\":\"WebPage\",\"@id\":\"https:\/\/www.padreydecano.com\/cms\/noticias\/uruguay-fijo-el-cds-para-las-eliminatorias\/\",\"url\":\"https:\/\/www.padreydecano.com\/cms\/noticias\/uruguay-fijo-el-cds-para-las-eliminatorias\/\",\"name\":\"Uruguay fij\u00f3 el CDS para las Eliminatorias - Padre y Decano - El Sitio del Pueblo\",\"isPartOf\":{\"@id\":\"https:\/\/www.padreydecano.com\/cms\/#website\"},\"primaryImageOfPage\":{\"@id\":\"https:\/\/www.padreydecano.com\/cms\/noticias\/uruguay-fijo-el-cds-para-las-eliminatorias\/#primaryimage\"},\"image\":{\"@id\":\"https:\/\/www.padreydecano.com\/cms\/noticias\/uruguay-fijo-el-cds-para-las-eliminatorias\/#primaryimage\"},\"thumbnailUrl\":\"https:\/\/www.padreydecano.com\/cms\/wp-content\/uploads\/2017\/01\/Visita-Estadio-192-Copiar.jpg\",\"datePublished\":\"2021-08-10T12:49:26+00:00\",\"dateModified\":\"2021-08-10T12:49:26+00:00\",\"breadcrumb\":{\"@id\":\"https:\/\/www.padreydecano.com\/cms\/noticias\/uruguay-fijo-el-cds-para-las-eliminatorias\/#breadcrumb\"},\"inLanguage\":\"es\",\"potentialAction\":[{\"@type\":\"ReadAction\",\"target\":[\"https:\/\/www.padreydecano.com\/cms\/noticias\/uruguay-fijo-el-cds-para-las-eliminatorias\/\"]}]},{\"@type\":\"ImageObject\",\"inLanguage\":\"es\",\"@id\":\"https:\/\/www.padreydecano.com\/cms\/noticias\/uruguay-fijo-el-cds-para-las-eliminatorias\/#primaryimage\",\"url\":\"https:\/\/www.padreydecano.com\/cms\/wp-content\/uploads\/2017\/01\/Visita-Estadio-192-Copiar.jpg\",\"contentUrl\":\"https:\/\/www.padreydecano.com\/cms\/wp-content\/uploads\/2017\/01\/Visita-Estadio-192-Copiar.jpg\",\"width\":900,\"height\":600},{\"@type\":\"BreadcrumbList\",\"@id\":\"https:\/\/www.padreydecano.com\/cms\/noticias\/uruguay-fijo-el-cds-para-las-eliminatorias\/#breadcrumb\",\"itemListElement\":[{\"@type\":\"ListItem\",\"position\":1,\"name\":\"Portada\",\"item\":\"https:\/\/www.padreydecano.com\/cms\/\"},{\"@type\":\"ListItem\",\"position\":2,\"name\":\"Uruguay fij\u00f3 el CDS para las Eliminatorias\"}]},{\"@type\":\"WebSite\",\"@id\":\"https:\/\/www.padreydecano.com\/cms\/#website\",\"url\":\"https:\/\/www.padreydecano.com\/cms\/\",\"name\":\"Padre y Decano - El Sitio del Pueblo\",\"description\":\"Club Atl\u00e9tico Pe\u00f1arol\",\"publisher\":{\"@id\":\"https:\/\/www.padreydecano.com\/cms\/#organization\"},\"potentialAction\":[{\"@type\":\"SearchAction\",\"target\":{\"@type\":\"EntryPoint\",\"urlTemplate\":\"https:\/\/www.padreydecano.com\/cms\/?s={search_term_string}\"},\"query-input\":\"required name=search_term_string\"}],\"inLanguage\":\"es\"},{\"@type\":\"Organization\",\"@id\":\"https:\/\/www.padreydecano.com\/cms\/#organization\",\"name\":\"Padre y Decano\",\"url\":\"https:\/\/www.padreydecano.com\/cms\/\",\"logo\":{\"@type\":\"ImageObject\",\"inLanguage\":\"es\",\"@id\":\"https:\/\/www.padreydecano.com\/cms\/#\/schema\/logo\/image\/\",\"url\":\"https:\/\/www.padreydecano.com\/cms\/wp-content\/uploads\/2022\/01\/avatar-square.png\",\"contentUrl\":\"https:\/\/www.padreydecano.com\/cms\/wp-content\/uploads\/2022\/01\/avatar-square.png\",\"width\":1500,\"height\":1500,\"caption\":\"Padre y Decano\"},\"image\":{\"@id\":\"https:\/\/www.padreydecano.com\/cms\/#\/schema\/logo\/image\/\"}},{\"@type\":\"Person\",\"@id\":\"https:\/\/www.padreydecano.com\/cms\/#\/schema\/person\/d93e9e537230ae052c194251d9a1def2\",\"name\":\"Moderador\",\"image\":{\"@type\":\"ImageObject\",\"inLanguage\":\"es\",\"@id\":\"https:\/\/www.padreydecano.com\/cms\/#\/schema\/person\/image\/\",\"url\":\"https:\/\/secure.gravatar.com\/avatar\/2587727bf8a53bd3da4ec49f01bea66e?s=96&d=https%3A%2F%2Fpadreydecano.com%2Fcms%2Fwp-content%2Fthemes%2Fpyd-theme%2Fimg%2Fdefault-avatar.png&r=g\",\"contentUrl\":\"https:\/\/secure.gravatar.com\/avatar\/2587727bf8a53bd3da4ec49f01bea66e?s=96&d=https%3A%2F%2Fpadreydecano.com%2Fcms%2Fwp-content%2Fthemes%2Fpyd-theme%2Fimg%2Fdefault-avatar.png&r=g\",\"caption\":\"Moderador\"}}]}<\/script>\n<!-- \/ Yoast SEO plugin. -->","yoast_head_json":{"title":"Uruguay fij\u00f3 el CDS para las Eliminatorias - Padre y Decano - El Sitio del Pueblo","robots":{"index":"index","follow":"follow","max-snippet":"max-snippet:-1","max-image-preview":"max-image-preview:large","max-video-preview":"max-video-preview:-1"},"canonical":"https:\/\/www.padreydecano.com\/cms\/noticias\/uruguay-fijo-el-cds-para-las-eliminatorias\/","og_locale":"es_ES","og_type":"article","og_title":"Uruguay fij\u00f3 el CDS para las Eliminatorias - Padre y Decano - El Sitio del Pueblo","og_description":"La AUF fij\u00f3 el Estadio Campe\u00f3n del Siglo para los pr\u00f3ximos dos encuentros como local de la Selecci\u00f3n Uruguaya en las Eliminatorias rumbo a Qatar 2022:\u00a0El\u00a05 de setiembre a las 19:00 hs ante Bolivia y el 9 de setiembre a las 19.30 hs ante Ecuador. Debido a las reformas del Estadio Centenario de cara a [&hellip;]","og_url":"https:\/\/www.padreydecano.com\/cms\/noticias\/uruguay-fijo-el-cds-para-las-eliminatorias\/","og_site_name":"Padre y Decano - El Sitio del Pueblo","article_published_time":"2021-08-10T12:49:26+00:00","og_image":[{"width":900,"height":600,"url":"https:\/\/www.padreydecano.com\/cms\/wp-content\/uploads\/2017\/01\/Visita-Estadio-192-Copiar.jpg","type":"image\/jpeg"}],"author":"Moderador","twitter_card":"summary_large_image","twitter_misc":{"Escrito por":"Moderador"},"schema":{"@context":"https:\/\/schema.org","@graph":[{"@type":"Article","@id":"https:\/\/www.padreydecano.com\/cms\/noticias\/uruguay-fijo-el-cds-para-las-eliminatorias\/#article","isPartOf":{"@id":"https:\/\/www.padreydecano.com\/cms\/noticias\/uruguay-fijo-el-cds-para-las-eliminatorias\/"},"author":{"name":"Moderador","@id":"https:\/\/www.padreydecano.com\/cms\/#\/schema\/person\/d93e9e537230ae052c194251d9a1def2"},"headline":"Uruguay fij\u00f3 el CDS para las Eliminatorias","datePublished":"2021-08-10T12:49:26+00:00","dateModified":"2021-08-10T12:49:26+00:00","mainEntityOfPage":{"@id":"https:\/\/www.padreydecano.com\/cms\/noticias\/uruguay-fijo-el-cds-para-las-eliminatorias\/"},"wordCount":97,"commentCount":17,"publisher":{"@id":"https:\/\/www.padreydecano.com\/cms\/#organization"},"image":{"@id":"https:\/\/www.padreydecano.com\/cms\/noticias\/uruguay-fijo-el-cds-para-las-eliminatorias\/#primaryimage"},"thumbnailUrl":"https:\/\/www.padreydecano.com\/cms\/wp-content\/uploads\/2017\/01\/Visita-Estadio-192-Copiar.jpg","keywords":["Selecci\u00f3n Uruguaya"],"articleSection":["Noticias"],"inLanguage":"es","potentialAction":[{"@type":"CommentAction","name":"Comment","target":["https:\/\/www.padreydecano.com\/cms\/noticias\/uruguay-fijo-el-cds-para-las-eliminatorias\/#respond"]}]},{"@type":"WebPage","@id":"https:\/\/www.padreydecano.com\/cms\/noticias\/uruguay-fijo-el-cds-para-las-eliminatorias\/","url":"https:\/\/www.padreydecano.com\/cms\/noticias\/uruguay-fijo-el-cds-para-las-eliminatorias\/","name":"Uruguay fij\u00f3 el CDS para las Eliminatorias - Padre y Decano - El Sitio del Pueblo","isPartOf":{"@id":"https:\/\/www.padreydecano.com\/cms\/#website"},"primaryImageOfPage":{"@id":"https:\/\/www.padreydecano.com\/cms\/noticias\/uruguay-fijo-el-cds-para-las-eliminatorias\/#primaryimage"},"image":{"@id":"https:\/\/www.padreydecano.com\/cms\/noticias\/uruguay-fijo-el-cds-para-las-eliminatorias\/#primaryimage"},"thumbnailUrl":"https:\/\/www.padreydecano.com\/cms\/wp-content\/uploads\/2017\/01\/Visita-Estadio-192-Copiar.jpg","datePublished":"2021-08-10T12:49:26+00:00","dateModified":"2021-08-10T12:49:26+00:00","breadcrumb":{"@id":"https:\/\/www.padreydecano.com\/cms\/noticias\/uruguay-fijo-el-cds-para-las-eliminatorias\/#breadcrumb"},"inLanguage":"es","potentialAction":[{"@type":"ReadAction","target":["https:\/\/www.padreydecano.com\/cms\/noticias\/uruguay-fijo-el-cds-para-las-eliminatorias\/"]}]},{"@type":"ImageObject","inLanguage":"es","@id":"https:\/\/www.padreydecano.com\/cms\/noticias\/uruguay-fijo-el-cds-para-las-eliminatorias\/#primaryimage","url":"https:\/\/www.padreydecano.com\/cms\/wp-content\/uploads\/2017\/01\/Visita-Estadio-192-Copiar.jpg","contentUrl":"https:\/\/www.padreydecano.com\/cms\/wp-content\/uploads\/2017\/01\/Visita-Estadio-192-Copiar.jpg","width":900,"height":600},{"@type":"BreadcrumbList","@id":"https:\/\/www.padreydecano.com\/cms\/noticias\/uruguay-fijo-el-cds-para-las-eliminatorias\/#breadcrumb","itemListElement":[{"@type":"ListItem","position":1,"name":"Portada","item":"https:\/\/www.padreydecano.com\/cms\/"},{"@type":"ListItem","position":2,"name":"Uruguay fij\u00f3 el CDS para las Eliminatorias"}]},{"@type":"WebSite","@id":"https:\/\/www.padreydecano.com\/cms\/#website","url":"https:\/\/www.padreydecano.com\/cms\/","name":"Padre y Decano - El Sitio del Pueblo","description":"Club Atl\u00e9tico Pe\u00f1arol","publisher":{"@id":"https:\/\/www.padreydecano.com\/cms\/#organization"},"potentialAction":[{"@type":"SearchAction","target":{"@type":"EntryPoint","urlTemplate":"https:\/\/www.padreydecano.com\/cms\/?s={search_term_string}"},"query-input":"required name=search_term_string"}],"inLanguage":"es"},{"@type":"Organization","@id":"https:\/\/www.padreydecano.com\/cms\/#organization","name":"Padre y Decano","url":"https:\/\/www.padreydecano.com\/cms\/","logo":{"@type":"ImageObject","inLanguage":"es","@id":"https:\/\/www.padreydecano.com\/cms\/#\/schema\/logo\/image\/","url":"https:\/\/www.padreydecano.com\/cms\/wp-content\/uploads\/2022\/01\/avatar-square.png","contentUrl":"https:\/\/www.padreydecano.com\/cms\/wp-content\/uploads\/2022\/01\/avatar-square.png","width":1500,"height":1500,"caption":"Padre y Decano"},"image":{"@id":"https:\/\/www.padreydecano.com\/cms\/#\/schema\/logo\/image\/"}},{"@type":"Person","@id":"https:\/\/www.padreydecano.com\/cms\/#\/schema\/person\/d93e9e537230ae052c194251d9a1def2","name":"Moderador","image":{"@type":"ImageObject","inLanguage":"es","@id":"https:\/\/www.padreydecano.com\/cms\/#\/schema\/person\/image\/","url":"https:\/\/secure.gravatar.com\/avatar\/2587727bf8a53bd3da4ec49f01bea66e?s=96&d=https%3A%2F%2Fpadreydecano.com%2Fcms%2Fwp-content%2Fthemes%2Fpyd-theme%2Fimg%2Fdefault-avatar.png&r=g","contentUrl":"https:\/\/secure.gravatar.com\/avatar\/2587727bf8a53bd3da4ec49f01bea66e?s=96&d=https%3A%2F%2Fpadreydecano.com%2Fcms%2Fwp-content%2Fthemes%2Fpyd-theme%2Fimg%2Fdefault-avatar.png&r=g","caption":"Moderador"}}]}},"_links":{"self":[{"href":"https:\/\/www.padreydecano.com\/cms\/wp-json\/wp\/v2\/posts\/76611"}],"collection":[{"href":"https:\/\/www.padreydecano.com\/cms\/wp-json\/wp\/v2\/posts"}],"about":[{"href":"https:\/\/www.padreydecano.com\/cms\/wp-json\/wp\/v2\/types\/post"}],"author":[{"embeddable":true,"href":"https:\/\/www.padreydecano.com\/cms\/wp-json\/wp\/v2\/users\/13"}],"replies":[{"embeddable":true,"href":"https:\/\/www.padreydecano.com\/cms\/wp-json\/wp\/v2\/comments?post=76611"}],"version-history":[{"count":0,"href":"https:\/\/www.padreydecano.com\/cms\/wp-json\/wp\/v2\/posts\/76611\/revisions"}],"wp:featuredmedia":[{"embeddable":true,"href":"https:\/\/www.padreydecano.com\/cms\/wp-json\/wp\/v2\/media\/61595"}],"wp:attachment":[{"href":"https:\/\/www.padreydecano.com\/cms\/wp-json\/wp\/v2\/media?parent=76611"}],"wp:term":[{"taxonomy":"category","embeddable":true,"href":"https:\/\/www.padreydecano.com\/cms\/wp-json\/wp\/v2\/categories?post=76611"},{"taxonomy":"post_tag","embeddable":true,"href":"https:\/\/www.padreydecano.com\/cms\/wp-json\/wp\/v2\/tags?post=76611"}],"curies":[{"name":"wp","href":"https:\/\/api.w.org\/{rel}","templated":true}]}}