{"id":76599,"date":"2021-08-08T14:37:13","date_gmt":"2021-08-08T17:37:13","guid":{"rendered":"http:\/\/www.padreydecano.com\/cms\/?p=76599"},"modified":"2021-08-08T14:37:13","modified_gmt":"2021-08-08T17:37:13","slug":"formativas-2-triunfos-y-3-derrotas-en-la-fecha-clasica","status":"publish","type":"post","link":"https:\/\/www.padreydecano.com\/cms\/noticias\/formativas-2-triunfos-y-3-derrotas-en-la-fecha-clasica\/","title":{"rendered":"Formativas: 2 triunfos y 3 derrotas en la fecha cl\u00e1sica"},"content":{"rendered":"<div id=\"attachment_76602\" style=\"width: 630px\" class=\"wp-caption aligncenter\"><a href=\"https:\/\/www.padreydecano.com\/cms\/wp-content\/uploads\/2021\/08\/E8MZI31XIAg8hUV.jpg\" rel=\"shadowbox[sbpost-76599];player=img;\"><img loading=\"lazy\" decoding=\"async\" aria-describedby=\"caption-attachment-76602\" class=\"wp-image-76602 size-large\" src=\"https:\/\/www.padreydecano.com\/cms\/wp-content\/uploads\/2021\/08\/E8MZI31XIAg8hUV-1024x683.jpg\" alt=\"\" width=\"620\" height=\"414\" srcset=\"https:\/\/www.padreydecano.com\/cms\/wp-content\/uploads\/2021\/08\/E8MZI31XIAg8hUV-1024x683.jpg 1024w, https:\/\/www.padreydecano.com\/cms\/wp-content\/uploads\/2021\/08\/E8MZI31XIAg8hUV-600x400.jpg 600w, https:\/\/www.padreydecano.com\/cms\/wp-content\/uploads\/2021\/08\/E8MZI31XIAg8hUV-768x512.jpg 768w, https:\/\/www.padreydecano.com\/cms\/wp-content\/uploads\/2021\/08\/E8MZI31XIAg8hUV.jpg 2048w\" sizes=\"(max-width: 620px) 100vw, 620px\" \/><\/a><p id=\"caption-attachment-76602\" class=\"wp-caption-text\">Foto: @OficialCAP<\/p><\/div>\n<p style=\"text-align: justify;\"><span style=\"color: #ffcc00;\"><strong>Sub 19<\/strong><\/span><\/p>\n<p style=\"text-align: justify;\">En un partido donde Pe\u00f1arol domini\u00f3 y marc\u00f3 el ritmo en gran parte del juego, Pe\u00f1arol derrot\u00f3 4 &#8211; 2 a Nacional.<\/p>\n<p style=\"text-align: justify;\">Los goles los convirtieron Nahuel De Armas en dos oportunidades, Diego M\u00e9ndez y Brian Mansilla.<\/p>\n<p style=\"text-align: justify;\">El equipo de Marcelo Broli jug\u00f3 con Randall Rodr\u00edguez en el arco; Joaqu\u00edn Ferreira, Agust\u00edn Rodr\u00edguez, Pablo L\u00f3pez y Math\u00edas De Ritis en el fondo; Ademir Silva, Dami\u00e1n Garc\u00eda y Mat\u00edas Ferreira en el mediocampo, mientras que arriba estuvieron Diego M\u00e9ndez, Nahuel De Armas y Brian Mansilla.<\/p>\n<p style=\"text-align: justify;\">Pe\u00f1arol imprimi\u00f3 un ritmo vertiginoso, basado en la din\u00e1mica y la verticalidad. Con 2 extremos bien abiertos (M\u00e9ndez por derecha y Mansilla por izquierda) busc\u00f3 da\u00f1ar a su rival en base a la velocidad.<\/p>\n<p style=\"text-align: justify;\">Agust\u00edn Rodr\u00edguez, Mat\u00edas Ferreira y los 3 delanteros (Nahuel De Armas, Diego M\u00e9ndez y Brian Mansilla) tuvieron un muy buen partido.<\/p>\n<p style=\"text-align: justify;\">A pesar de que en un momento parec\u00eda complicarse el tr\u00e1mite (se pusieron 3 &#8211; 2 luego de que el manya iba ganando 3 &#8211; 0), se pudo liquidar con el cuarto gol anotado por Brian Mansilla.<\/p>\n<p style=\"text-align: justify;\"><span style=\"color: #ffcc00;\"><strong>Sub 17<\/strong><\/span><\/p>\n<p style=\"text-align: justify;\">Pe\u00f1arol tuvo un mal partido, sufri\u00f3 varias lesiones (termin\u00f3 jugando m\u00e1s de 20 minutos con 10 hombres fruto de la lesi\u00f3n de Franco Correa y la ausencia de cambios) y termin\u00f3 cayendo 2 &#8211; 0.<\/p>\n<p style=\"text-align: justify;\">Adri\u00e1n Colombo par\u00f3 a Juan Pablo Mu\u00f1oz; Kevin Rodr\u00edguez, Andr\u00e9s Madruga, Nahuel Herrera, Alexander Garc\u00eda; Tom\u00e1s Olase, Leandro Umpi\u00e9rrez, Valent\u00edn Silva; Franco Correa, Agust\u00edn Rodr\u00edguez y Henrique Pereira.<\/p>\n<p style=\"text-align: justify;\"><span style=\"color: #ffcc00;\"><strong>Sub 16<\/strong><\/span><\/p>\n<p style=\"text-align: justify;\">Seraf\u00edn Garc\u00eda empez\u00f3 jugando con Mauro Aguerre; Agust\u00edn Pereira, Mat\u00edas Barrios, M\u00e1ximo Machado, Silvio L\u00f3pez; Ezequiel Peisino, Rodrigo Teliz, Thom\u00e1s Kerzul, Christian Rodr\u00edguez; Nicol\u00e1s Fern\u00e1ndez y Emiliano Lavega.<\/p>\n<p style=\"text-align: justify;\">La generaci\u00f3n que tiene de hijo a Nacional (jugaron 9 cl\u00e1sicos, ganaron 8 y empataron 1) volvi\u00f3 a ganarles con merecimiento.<\/p>\n<p style=\"text-align: justify;\">Los goles fueron convertidos por Nicol\u00e1s Fern\u00e1ndez y M\u00e1ximo Machado.<\/p>\n<p style=\"text-align: justify;\"><span style=\"color: #ffcc00;\"><strong>Sub 15<\/strong><\/span><\/p>\n<p style=\"text-align: justify;\">En un mal encuentro de los dirigidos por Sebasti\u00e1n Iriarte, ca\u00edmos 0 &#8211; 3 en Las Acacias.<\/p>\n<p style=\"text-align: justify;\">El equipo form\u00f3 con Mart\u00edn Almeida; Ignacio Alegre, Ignacio L\u00f3pez, Nahuel Zufiria, Lucas Scarlatto; Facundo Morales, Facundo Cedr\u00e9s, Mateo Ureta, Alexio Canzani; Mateo Mart\u00ednez; Stiven Muhlethaler.<\/p>\n<p style=\"text-align: justify;\"><span style=\"color: #ffcc00;\"><strong>Sub 14<\/strong><\/span><\/p>\n<p style=\"text-align: justify;\">El partido se jug\u00f3 con mucho viento, lo que limit\u00f3 a que Pe\u00f1arol mostrara su mejor versi\u00f3n reci\u00e9n en el segundo tiempo. El carbonero fue superior y mereci\u00f3 llevarse la victoria, pero las lesiones y alg\u00fan error individual le jugaron una mala pasada.<\/p>\n<p style=\"text-align: justify;\">El manya aline\u00f3 a Emiliano Irureta; Ezequiel Torres, Mateo Rost\u00e1n, Joaqu\u00edn Pastorini; Brandon \u00c1lvarez, Germ\u00e1n Barbas, Thiago Martinelli, Santiago Agesta; Mateo P\u00e9rez, Franco Su\u00e1rez y Felipe Barrenechea.<\/p>\n<p style=\"text-align: justify;\">El gol aurinegro lo convirti\u00f3 Brandon \u00c1lvarez. Los dirigidos por Carlos Umpi\u00e9rrez tuvieron que cerrar el partido con el zaguero Pastorini en una pierna haciendo las veces de delantero y con la l\u00ednea de zagueros improvisada: Barbas, De Los Santos y Martinelli producto de las lesiones sufridas.<\/p>\n","protected":false},"excerpt":{"rendered":"<p>Sub 19 En un partido donde Pe\u00f1arol domini\u00f3 y marc\u00f3 el ritmo en gran parte del juego, Pe\u00f1arol derrot\u00f3 4 &#8211; 2 a Nacional. Los goles los convirtieron Nahuel De Armas en dos oportunidades, Diego M\u00e9ndez y Brian Mansilla. El equipo de Marcelo Broli jug\u00f3 con Randall Rodr\u00edguez en el arco; Joaqu\u00edn Ferreira, Agust\u00edn Rodr\u00edguez, [&hellip;]<\/p>\n","protected":false},"author":5,"featured_media":76602,"comment_status":"open","ping_status":"closed","sticky":false,"template":"","format":"standard","meta":{"footnotes":""},"categories":[1],"tags":[],"yoast_head":"<!-- This site is optimized with the Yoast SEO plugin v23.2 - https:\/\/yoast.com\/wordpress\/plugins\/seo\/ -->\n<title>Formativas: 2 triunfos y 3 derrotas en la fecha cl\u00e1sica - Padre y Decano - El Sitio del Pueblo<\/title>\n<meta name=\"robots\" content=\"index, follow, max-snippet:-1, max-image-preview:large, max-video-preview:-1\" \/>\n<link rel=\"canonical\" href=\"https:\/\/www.padreydecano.com\/cms\/noticias\/formativas-2-triunfos-y-3-derrotas-en-la-fecha-clasica\/\" \/>\n<meta property=\"og:locale\" content=\"es_ES\" \/>\n<meta property=\"og:type\" content=\"article\" \/>\n<meta property=\"og:title\" content=\"Formativas: 2 triunfos y 3 derrotas en la fecha cl\u00e1sica - Padre y Decano - El Sitio del Pueblo\" \/>\n<meta property=\"og:description\" content=\"Sub 19 En un partido donde Pe\u00f1arol domini\u00f3 y marc\u00f3 el ritmo en gran parte del juego, Pe\u00f1arol derrot\u00f3 4 &#8211; 2 a Nacional. Los goles los convirtieron Nahuel De Armas en dos oportunidades, Diego M\u00e9ndez y Brian Mansilla. El equipo de Marcelo Broli jug\u00f3 con Randall Rodr\u00edguez en el arco; Joaqu\u00edn Ferreira, Agust\u00edn Rodr\u00edguez, [&hellip;]\" \/>\n<meta property=\"og:url\" content=\"https:\/\/www.padreydecano.com\/cms\/noticias\/formativas-2-triunfos-y-3-derrotas-en-la-fecha-clasica\/\" \/>\n<meta property=\"og:site_name\" content=\"Padre y Decano - El Sitio del Pueblo\" \/>\n<meta property=\"article:published_time\" content=\"2021-08-08T17:37:13+00:00\" \/>\n<meta property=\"og:image\" content=\"https:\/\/www.padreydecano.com\/cms\/wp-content\/uploads\/2021\/08\/E8MZI31XIAg8hUV.jpg\" \/>\n\t<meta property=\"og:image:width\" content=\"2048\" \/>\n\t<meta property=\"og:image:height\" content=\"1366\" \/>\n\t<meta property=\"og:image:type\" content=\"image\/jpeg\" \/>\n<meta name=\"author\" content=\"Emirona07\" \/>\n<meta name=\"twitter:card\" content=\"summary_large_image\" \/>\n<meta name=\"twitter:label1\" content=\"Escrito por\" \/>\n\t<meta name=\"twitter:data1\" content=\"Emirona07\" \/>\n\t<meta name=\"twitter:label2\" content=\"Tiempo de lectura\" \/>\n\t<meta name=\"twitter:data2\" content=\"3 minutos\" \/>\n<script type=\"application\/ld+json\" class=\"yoast-schema-graph\">{\"@context\":\"https:\/\/schema.org\",\"@graph\":[{\"@type\":\"Article\",\"@id\":\"https:\/\/www.padreydecano.com\/cms\/noticias\/formativas-2-triunfos-y-3-derrotas-en-la-fecha-clasica\/#article\",\"isPartOf\":{\"@id\":\"https:\/\/www.padreydecano.com\/cms\/noticias\/formativas-2-triunfos-y-3-derrotas-en-la-fecha-clasica\/\"},\"author\":{\"name\":\"Emirona07\",\"@id\":\"https:\/\/www.padreydecano.com\/cms\/#\/schema\/person\/51e0214db654d9624824b37c2838bb65\"},\"headline\":\"Formativas: 2 triunfos y 3 derrotas en la fecha cl\u00e1sica\",\"datePublished\":\"2021-08-08T17:37:13+00:00\",\"dateModified\":\"2021-08-08T17:37:13+00:00\",\"mainEntityOfPage\":{\"@id\":\"https:\/\/www.padreydecano.com\/cms\/noticias\/formativas-2-triunfos-y-3-derrotas-en-la-fecha-clasica\/\"},\"wordCount\":532,\"commentCount\":20,\"publisher\":{\"@id\":\"https:\/\/www.padreydecano.com\/cms\/#organization\"},\"image\":{\"@id\":\"https:\/\/www.padreydecano.com\/cms\/noticias\/formativas-2-triunfos-y-3-derrotas-en-la-fecha-clasica\/#primaryimage\"},\"thumbnailUrl\":\"https:\/\/www.padreydecano.com\/cms\/wp-content\/uploads\/2021\/08\/E8MZI31XIAg8hUV.jpg\",\"articleSection\":[\"Noticias\"],\"inLanguage\":\"es\",\"potentialAction\":[{\"@type\":\"CommentAction\",\"name\":\"Comment\",\"target\":[\"https:\/\/www.padreydecano.com\/cms\/noticias\/formativas-2-triunfos-y-3-derrotas-en-la-fecha-clasica\/#respond\"]}]},{\"@type\":\"WebPage\",\"@id\":\"https:\/\/www.padreydecano.com\/cms\/noticias\/formativas-2-triunfos-y-3-derrotas-en-la-fecha-clasica\/\",\"url\":\"https:\/\/www.padreydecano.com\/cms\/noticias\/formativas-2-triunfos-y-3-derrotas-en-la-fecha-clasica\/\",\"name\":\"Formativas: 2 triunfos y 3 derrotas en la fecha cl\u00e1sica - Padre y Decano - El Sitio del Pueblo\",\"isPartOf\":{\"@id\":\"https:\/\/www.padreydecano.com\/cms\/#website\"},\"primaryImageOfPage\":{\"@id\":\"https:\/\/www.padreydecano.com\/cms\/noticias\/formativas-2-triunfos-y-3-derrotas-en-la-fecha-clasica\/#primaryimage\"},\"image\":{\"@id\":\"https:\/\/www.padreydecano.com\/cms\/noticias\/formativas-2-triunfos-y-3-derrotas-en-la-fecha-clasica\/#primaryimage\"},\"thumbnailUrl\":\"https:\/\/www.padreydecano.com\/cms\/wp-content\/uploads\/2021\/08\/E8MZI31XIAg8hUV.jpg\",\"datePublished\":\"2021-08-08T17:37:13+00:00\",\"dateModified\":\"2021-08-08T17:37:13+00:00\",\"breadcrumb\":{\"@id\":\"https:\/\/www.padreydecano.com\/cms\/noticias\/formativas-2-triunfos-y-3-derrotas-en-la-fecha-clasica\/#breadcrumb\"},\"inLanguage\":\"es\",\"potentialAction\":[{\"@type\":\"ReadAction\",\"target\":[\"https:\/\/www.padreydecano.com\/cms\/noticias\/formativas-2-triunfos-y-3-derrotas-en-la-fecha-clasica\/\"]}]},{\"@type\":\"ImageObject\",\"inLanguage\":\"es\",\"@id\":\"https:\/\/www.padreydecano.com\/cms\/noticias\/formativas-2-triunfos-y-3-derrotas-en-la-fecha-clasica\/#primaryimage\",\"url\":\"https:\/\/www.padreydecano.com\/cms\/wp-content\/uploads\/2021\/08\/E8MZI31XIAg8hUV.jpg\",\"contentUrl\":\"https:\/\/www.padreydecano.com\/cms\/wp-content\/uploads\/2021\/08\/E8MZI31XIAg8hUV.jpg\",\"width\":2048,\"height\":1366,\"caption\":\"Foto: @OficialCAP\"},{\"@type\":\"BreadcrumbList\",\"@id\":\"https:\/\/www.padreydecano.com\/cms\/noticias\/formativas-2-triunfos-y-3-derrotas-en-la-fecha-clasica\/#breadcrumb\",\"itemListElement\":[{\"@type\":\"ListItem\",\"position\":1,\"name\":\"Portada\",\"item\":\"https:\/\/www.padreydecano.com\/cms\/\"},{\"@type\":\"ListItem\",\"position\":2,\"name\":\"Formativas: 2 triunfos y 3 derrotas en la fecha cl\u00e1sica\"}]},{\"@type\":\"WebSite\",\"@id\":\"https:\/\/www.padreydecano.com\/cms\/#website\",\"url\":\"https:\/\/www.padreydecano.com\/cms\/\",\"name\":\"Padre y Decano - El Sitio del Pueblo\",\"description\":\"Club Atl\u00e9tico Pe\u00f1arol\",\"publisher\":{\"@id\":\"https:\/\/www.padreydecano.com\/cms\/#organization\"},\"potentialAction\":[{\"@type\":\"SearchAction\",\"target\":{\"@type\":\"EntryPoint\",\"urlTemplate\":\"https:\/\/www.padreydecano.com\/cms\/?s={search_term_string}\"},\"query-input\":\"required name=search_term_string\"}],\"inLanguage\":\"es\"},{\"@type\":\"Organization\",\"@id\":\"https:\/\/www.padreydecano.com\/cms\/#organization\",\"name\":\"Padre y Decano\",\"url\":\"https:\/\/www.padreydecano.com\/cms\/\",\"logo\":{\"@type\":\"ImageObject\",\"inLanguage\":\"es\",\"@id\":\"https:\/\/www.padreydecano.com\/cms\/#\/schema\/logo\/image\/\",\"url\":\"https:\/\/www.padreydecano.com\/cms\/wp-content\/uploads\/2022\/01\/avatar-square.png\",\"contentUrl\":\"https:\/\/www.padreydecano.com\/cms\/wp-content\/uploads\/2022\/01\/avatar-square.png\",\"width\":1500,\"height\":1500,\"caption\":\"Padre y Decano\"},\"image\":{\"@id\":\"https:\/\/www.padreydecano.com\/cms\/#\/schema\/logo\/image\/\"}},{\"@type\":\"Person\",\"@id\":\"https:\/\/www.padreydecano.com\/cms\/#\/schema\/person\/51e0214db654d9624824b37c2838bb65\",\"name\":\"Emirona07\",\"image\":{\"@type\":\"ImageObject\",\"inLanguage\":\"es\",\"@id\":\"https:\/\/www.padreydecano.com\/cms\/#\/schema\/person\/image\/\",\"url\":\"https:\/\/secure.gravatar.com\/avatar\/93c9118dbd5373a8a065bb5cdddde6bf?s=96&d=https%3A%2F%2Fpadreydecano.com%2Fcms%2Fwp-content%2Fthemes%2Fpyd-theme%2Fimg%2Fdefault-avatar.png&r=g\",\"contentUrl\":\"https:\/\/secure.gravatar.com\/avatar\/93c9118dbd5373a8a065bb5cdddde6bf?s=96&d=https%3A%2F%2Fpadreydecano.com%2Fcms%2Fwp-content%2Fthemes%2Fpyd-theme%2Fimg%2Fdefault-avatar.png&r=g\",\"caption\":\"Emirona07\"}}]}<\/script>\n<!-- \/ Yoast SEO plugin. -->","yoast_head_json":{"title":"Formativas: 2 triunfos y 3 derrotas en la fecha cl\u00e1sica - Padre y Decano - El Sitio del Pueblo","robots":{"index":"index","follow":"follow","max-snippet":"max-snippet:-1","max-image-preview":"max-image-preview:large","max-video-preview":"max-video-preview:-1"},"canonical":"https:\/\/www.padreydecano.com\/cms\/noticias\/formativas-2-triunfos-y-3-derrotas-en-la-fecha-clasica\/","og_locale":"es_ES","og_type":"article","og_title":"Formativas: 2 triunfos y 3 derrotas en la fecha cl\u00e1sica - Padre y Decano - El Sitio del Pueblo","og_description":"Sub 19 En un partido donde Pe\u00f1arol domini\u00f3 y marc\u00f3 el ritmo en gran parte del juego, Pe\u00f1arol derrot\u00f3 4 &#8211; 2 a Nacional. Los goles los convirtieron Nahuel De Armas en dos oportunidades, Diego M\u00e9ndez y Brian Mansilla. El equipo de Marcelo Broli jug\u00f3 con Randall Rodr\u00edguez en el arco; Joaqu\u00edn Ferreira, Agust\u00edn Rodr\u00edguez, [&hellip;]","og_url":"https:\/\/www.padreydecano.com\/cms\/noticias\/formativas-2-triunfos-y-3-derrotas-en-la-fecha-clasica\/","og_site_name":"Padre y Decano - El Sitio del Pueblo","article_published_time":"2021-08-08T17:37:13+00:00","og_image":[{"width":2048,"height":1366,"url":"https:\/\/www.padreydecano.com\/cms\/wp-content\/uploads\/2021\/08\/E8MZI31XIAg8hUV.jpg","type":"image\/jpeg"}],"author":"Emirona07","twitter_card":"summary_large_image","twitter_misc":{"Escrito por":"Emirona07","Tiempo de lectura":"3 minutos"},"schema":{"@context":"https:\/\/schema.org","@graph":[{"@type":"Article","@id":"https:\/\/www.padreydecano.com\/cms\/noticias\/formativas-2-triunfos-y-3-derrotas-en-la-fecha-clasica\/#article","isPartOf":{"@id":"https:\/\/www.padreydecano.com\/cms\/noticias\/formativas-2-triunfos-y-3-derrotas-en-la-fecha-clasica\/"},"author":{"name":"Emirona07","@id":"https:\/\/www.padreydecano.com\/cms\/#\/schema\/person\/51e0214db654d9624824b37c2838bb65"},"headline":"Formativas: 2 triunfos y 3 derrotas en la fecha cl\u00e1sica","datePublished":"2021-08-08T17:37:13+00:00","dateModified":"2021-08-08T17:37:13+00:00","mainEntityOfPage":{"@id":"https:\/\/www.padreydecano.com\/cms\/noticias\/formativas-2-triunfos-y-3-derrotas-en-la-fecha-clasica\/"},"wordCount":532,"commentCount":20,"publisher":{"@id":"https:\/\/www.padreydecano.com\/cms\/#organization"},"image":{"@id":"https:\/\/www.padreydecano.com\/cms\/noticias\/formativas-2-triunfos-y-3-derrotas-en-la-fecha-clasica\/#primaryimage"},"thumbnailUrl":"https:\/\/www.padreydecano.com\/cms\/wp-content\/uploads\/2021\/08\/E8MZI31XIAg8hUV.jpg","articleSection":["Noticias"],"inLanguage":"es","potentialAction":[{"@type":"CommentAction","name":"Comment","target":["https:\/\/www.padreydecano.com\/cms\/noticias\/formativas-2-triunfos-y-3-derrotas-en-la-fecha-clasica\/#respond"]}]},{"@type":"WebPage","@id":"https:\/\/www.padreydecano.com\/cms\/noticias\/formativas-2-triunfos-y-3-derrotas-en-la-fecha-clasica\/","url":"https:\/\/www.padreydecano.com\/cms\/noticias\/formativas-2-triunfos-y-3-derrotas-en-la-fecha-clasica\/","name":"Formativas: 2 triunfos y 3 derrotas en la fecha cl\u00e1sica - Padre y Decano - El Sitio del Pueblo","isPartOf":{"@id":"https:\/\/www.padreydecano.com\/cms\/#website"},"primaryImageOfPage":{"@id":"https:\/\/www.padreydecano.com\/cms\/noticias\/formativas-2-triunfos-y-3-derrotas-en-la-fecha-clasica\/#primaryimage"},"image":{"@id":"https:\/\/www.padreydecano.com\/cms\/noticias\/formativas-2-triunfos-y-3-derrotas-en-la-fecha-clasica\/#primaryimage"},"thumbnailUrl":"https:\/\/www.padreydecano.com\/cms\/wp-content\/uploads\/2021\/08\/E8MZI31XIAg8hUV.jpg","datePublished":"2021-08-08T17:37:13+00:00","dateModified":"2021-08-08T17:37:13+00:00","breadcrumb":{"@id":"https:\/\/www.padreydecano.com\/cms\/noticias\/formativas-2-triunfos-y-3-derrotas-en-la-fecha-clasica\/#breadcrumb"},"inLanguage":"es","potentialAction":[{"@type":"ReadAction","target":["https:\/\/www.padreydecano.com\/cms\/noticias\/formativas-2-triunfos-y-3-derrotas-en-la-fecha-clasica\/"]}]},{"@type":"ImageObject","inLanguage":"es","@id":"https:\/\/www.padreydecano.com\/cms\/noticias\/formativas-2-triunfos-y-3-derrotas-en-la-fecha-clasica\/#primaryimage","url":"https:\/\/www.padreydecano.com\/cms\/wp-content\/uploads\/2021\/08\/E8MZI31XIAg8hUV.jpg","contentUrl":"https:\/\/www.padreydecano.com\/cms\/wp-content\/uploads\/2021\/08\/E8MZI31XIAg8hUV.jpg","width":2048,"height":1366,"caption":"Foto: @OficialCAP"},{"@type":"BreadcrumbList","@id":"https:\/\/www.padreydecano.com\/cms\/noticias\/formativas-2-triunfos-y-3-derrotas-en-la-fecha-clasica\/#breadcrumb","itemListElement":[{"@type":"ListItem","position":1,"name":"Portada","item":"https:\/\/www.padreydecano.com\/cms\/"},{"@type":"ListItem","position":2,"name":"Formativas: 2 triunfos y 3 derrotas en la fecha cl\u00e1sica"}]},{"@type":"WebSite","@id":"https:\/\/www.padreydecano.com\/cms\/#website","url":"https:\/\/www.padreydecano.com\/cms\/","name":"Padre y Decano - El Sitio del Pueblo","description":"Club Atl\u00e9tico Pe\u00f1arol","publisher":{"@id":"https:\/\/www.padreydecano.com\/cms\/#organization"},"potentialAction":[{"@type":"SearchAction","target":{"@type":"EntryPoint","urlTemplate":"https:\/\/www.padreydecano.com\/cms\/?s={search_term_string}"},"query-input":"required name=search_term_string"}],"inLanguage":"es"},{"@type":"Organization","@id":"https:\/\/www.padreydecano.com\/cms\/#organization","name":"Padre y Decano","url":"https:\/\/www.padreydecano.com\/cms\/","logo":{"@type":"ImageObject","inLanguage":"es","@id":"https:\/\/www.padreydecano.com\/cms\/#\/schema\/logo\/image\/","url":"https:\/\/www.padreydecano.com\/cms\/wp-content\/uploads\/2022\/01\/avatar-square.png","contentUrl":"https:\/\/www.padreydecano.com\/cms\/wp-content\/uploads\/2022\/01\/avatar-square.png","width":1500,"height":1500,"caption":"Padre y Decano"},"image":{"@id":"https:\/\/www.padreydecano.com\/cms\/#\/schema\/logo\/image\/"}},{"@type":"Person","@id":"https:\/\/www.padreydecano.com\/cms\/#\/schema\/person\/51e0214db654d9624824b37c2838bb65","name":"Emirona07","image":{"@type":"ImageObject","inLanguage":"es","@id":"https:\/\/www.padreydecano.com\/cms\/#\/schema\/person\/image\/","url":"https:\/\/secure.gravatar.com\/avatar\/93c9118dbd5373a8a065bb5cdddde6bf?s=96&d=https%3A%2F%2Fpadreydecano.com%2Fcms%2Fwp-content%2Fthemes%2Fpyd-theme%2Fimg%2Fdefault-avatar.png&r=g","contentUrl":"https:\/\/secure.gravatar.com\/avatar\/93c9118dbd5373a8a065bb5cdddde6bf?s=96&d=https%3A%2F%2Fpadreydecano.com%2Fcms%2Fwp-content%2Fthemes%2Fpyd-theme%2Fimg%2Fdefault-avatar.png&r=g","caption":"Emirona07"}}]}},"_links":{"self":[{"href":"https:\/\/www.padreydecano.com\/cms\/wp-json\/wp\/v2\/posts\/76599"}],"collection":[{"href":"https:\/\/www.padreydecano.com\/cms\/wp-json\/wp\/v2\/posts"}],"about":[{"href":"https:\/\/www.padreydecano.com\/cms\/wp-json\/wp\/v2\/types\/post"}],"author":[{"embeddable":true,"href":"https:\/\/www.padreydecano.com\/cms\/wp-json\/wp\/v2\/users\/5"}],"replies":[{"embeddable":true,"href":"https:\/\/www.padreydecano.com\/cms\/wp-json\/wp\/v2\/comments?post=76599"}],"version-history":[{"count":0,"href":"https:\/\/www.padreydecano.com\/cms\/wp-json\/wp\/v2\/posts\/76599\/revisions"}],"wp:featuredmedia":[{"embeddable":true,"href":"https:\/\/www.padreydecano.com\/cms\/wp-json\/wp\/v2\/media\/76602"}],"wp:attachment":[{"href":"https:\/\/www.padreydecano.com\/cms\/wp-json\/wp\/v2\/media?parent=76599"}],"wp:term":[{"taxonomy":"category","embeddable":true,"href":"https:\/\/www.padreydecano.com\/cms\/wp-json\/wp\/v2\/categories?post=76599"},{"taxonomy":"post_tag","embeddable":true,"href":"https:\/\/www.padreydecano.com\/cms\/wp-json\/wp\/v2\/tags?post=76599"}],"curies":[{"name":"wp","href":"https:\/\/api.w.org\/{rel}","templated":true}]}}