{"id":76589,"date":"2021-08-06T20:06:28","date_gmt":"2021-08-06T23:06:28","guid":{"rendered":"http:\/\/www.padreydecano.com\/cms\/?p=76589"},"modified":"2021-08-08T11:10:24","modified_gmt":"2021-08-08T14:10:24","slug":"sobria-victoria-en-melo","status":"publish","type":"post","link":"https:\/\/www.padreydecano.com\/cms\/partidos\/sobria-victoria-en-melo\/","title":{"rendered":"Sobria victoria en Melo"},"content":{"rendered":"<p style=\"text-align: justify;\"><a href=\"https:\/\/www.padreydecano.com\/cms\/wp-content\/uploads\/2021\/08\/WhatsApp-Image-2021-08-06-at-20.05.37.jpeg\" rel=\"shadowbox[sbpost-76589];player=img;\"><img loading=\"lazy\" decoding=\"async\" class=\"wp-image-76592 size-full\" src=\"https:\/\/www.padreydecano.com\/cms\/wp-content\/uploads\/2021\/08\/WhatsApp-Image-2021-08-06-at-20.05.37.jpeg\" alt=\"\" width=\"1600\" height=\"1066\" srcset=\"https:\/\/www.padreydecano.com\/cms\/wp-content\/uploads\/2021\/08\/WhatsApp-Image-2021-08-06-at-20.05.37.jpeg 1600w, https:\/\/www.padreydecano.com\/cms\/wp-content\/uploads\/2021\/08\/WhatsApp-Image-2021-08-06-at-20.05.37-600x400.jpeg 600w, https:\/\/www.padreydecano.com\/cms\/wp-content\/uploads\/2021\/08\/WhatsApp-Image-2021-08-06-at-20.05.37-768x512.jpeg 768w, https:\/\/www.padreydecano.com\/cms\/wp-content\/uploads\/2021\/08\/WhatsApp-Image-2021-08-06-at-20.05.37-1024x682.jpeg 1024w\" sizes=\"(max-width: 1600px) 100vw, 1600px\" \/><\/a><\/p>\n<p style=\"text-align: justify;\"><strong>Pe\u00f1arol venci\u00f3 1-0 a Cerro Largo en el Estadio Ubilla de Melo con un verdadero golazo de Pablo Cepellini.<\/strong><\/p>\n<p style=\"text-align: justify;\">Como era de esperarse, un partido trabado, muy friccionado y con pocas llegadas, sobre todo en la primera mitad. El estado del campo de juego, la oncena mixta con mayor\u00eda de suplentes y la cabeza puesta en la Copa Sudamericana fueron los ingredientes de este c\u00f3ctel que explican ese tr\u00e1mite inicial.<\/p>\n<p style=\"text-align: justify;\"><span style=\"font-weight: 400;\">Larriera sali\u00f3 al primer tiempo con un equipo alternativo para cuidar algunos futbolistas y el rendimiento del equipo ser\u00eda una inc\u00f3gnita. Primer tiempo con un 0-0 cerrado y aburrido. Sobre los primeros 10 minutos era un partido de ida y vuelta, pero sin jugadas concretas. La cancha estaba en mal estado y no se prestaba para jugar en r\u00e1pido como acostumbra Pe\u00f1arol, entonces la f\u00f3rmula fue el desborde y centro. En ese sentido, lo mejor estuvo por izquierda cuando sub\u00eda Valent\u00edn y atacaba Alonso. Dos muy buenos centros efectuados por Valent\u00edn y que no logr\u00f3 conectar de la mejor manera Nahuelp\u00e1n, fue lo m\u00e1s peligroso del partido. Pe\u00f1arol domin\u00f3 la primera parte, quiso m\u00e1s, pero sin inquietar demasiado. En tanto Cerro Largo no gener\u00f3 demasiado, estuvo m\u00e1s preocupado por cortar a Pe\u00f1arol. En los primeros 45 minutos se destacaron Valent\u00edn Rodr\u00edguez, M\u00e1ximo Alonso y en la mitad de la cancha Agust\u00edn \u00c1lvarez Wallace. Se fue el primer tiempo sin atajadas de ambos goleros.<\/span><\/p>\n<p style=\"text-align: justify;\"><span style=\"font-weight: 400;\">La segunda mitad del encuentro, comenz\u00f3 con el primer cambio: Pablo Ceppelini por Walter Gargano. Y ah\u00ed estuvo la llave del encuentro. En los primeros 10\u2019, el partido segu\u00eda con la misma t\u00f3nica del primer tiempo, sin mucho juego por parte de los dos. Hasta que se enchuf\u00f3 Ceppelini. El \u00e1rbitro del encuentro amonest\u00f3 injustamente a Agust\u00edn \u00c1lvarez Wallace a los 59\u2019. En una jugada por arriba, Wallace se fue moviendo hacia atr\u00e1s con el objetivo de cabecear y el zaguero \u201cArach\u00e1n\u201dse dio contra \u00e9l, por esa jugada, recibi\u00f3 amarilla. <strong>Cuatro minutos m\u00e1s tarde, llegar\u00eda el golazo de Ceppelini. Primero corri\u00f3, habilit\u00f3 a Torres, este \u00faltimo centr\u00f3 hacia Nahuelp\u00e1n, despeja mal el defensa y desde la l\u00ednea del \u00e1rea grande, de primera con la parte interna del pie, Ceppelini tir\u00f3 a colocar contra el palo siendo inalcanzable para el golero de Cerro Largo. Fue el primero de Pe\u00f1arol a los 63\u2019.<\/strong> <\/span><\/p>\n<p style=\"text-align: justify;\"><span style=\"font-weight: 400;\">Luego entraron Torres y Trindade. A partir de ah\u00ed el partido fue otra cosa, Pe\u00f1arol toc\u00f3, combin\u00f3 y triangul\u00f3 en velocidad como estamos m\u00e1s acostumbrados en los partidos por Sudamericana. Cerro Largo nunca pudo acercarse al arco de Dawson, Pe\u00f1arol mov\u00eda la pelota de un lado a otro y generaba m\u00e1s. Trindade tuvo dos jugadas muy similares y peligrosas que casi culminaron en el segundo gol de Pe\u00f1arol. Pase en profundidad, la defensa de Cerro Largo no lo marc\u00f3, fue hasta el fondo tir\u00f3 hacia el medio del arco, en el primero la defensa despej\u00f3 y en el segundo Nahuelp\u00e1n no pudo conectar. Sobre el final vino una muy buena jugada en la primera que toc\u00f3 el Canario, que aguant\u00f3 en el \u00e1rea y se la sirvi\u00f3 a Torres para que dispare. Se fue afuera y el l\u00ednea cobr\u00f3 offside (dudoso). Pe\u00f1arol finaliz\u00f3 el partido, ganando bien y merecidamente.\u00a0<\/span><\/p>\n<p style=\"text-align: justify;\"><span style=\"font-weight: 400;\">Este partido tuvo dos caras. La del primer tiempo, con un equipo alternativo, Pe\u00f1arol no sufri\u00f3 pero tampoco gener\u00f3 como deb\u00eda. En el segundo tiempo, con los ingresos de algunos futbolistas que acostumbran a ser titulares, el equipo cambi\u00f3 radicalmente y fue protagonista. Aportaron la inyecci\u00f3n an\u00edmica y deportiva necesaria para comandar las acciones y ganar c\u00f3modamente el partido. Ah\u00ed se vio lo mejor del Aurinegro en la tarde\/noche de Melo. La cancha estaba en mal estado y no permiti\u00f3 desarrollar el juego de una forma \u00f3ptima. <\/span><\/p>\n<p style=\"text-align: justify;\"><span style=\"font-weight: 400;\">Como puntos positivos a destacar, est\u00e1 la victoria en s\u00ed misma. Este tipo de partidos, jugando de visitante en Cerro Largo, con algunos suplentes y con un partido por Copa a la vista, se pod\u00eda prever que el equipo pierda puntos, pero no. Valiosos tres puntos de cara a la Tabla Anual. Hoy fue el debut de Agust\u00edn Da Silveira y si bien Cerro Largo no gener\u00f3 mucho, su partido fue correcto. Es importante destacar a Valent\u00edn Rodr\u00edguez y M\u00e1ximo Alonso que durante el primer tiempo fueron los m\u00e1s claros en ataque. Tambi\u00e9n, son buenos los minutos de Agust\u00edn \u00c1lvarez Wallace otra vez, marca y distribuye muy bien. <\/span><\/p>\n<p style=\"text-align: justify;\"><span style=\"font-weight: 400;\">El jugador del partido sin dudas fue Pablo Ceppelini. Cerro Largo no pudo con \u00e9l, juega f\u00e1cil y simple. R\u00e1pido, buenos pases largos, habilitaciones, buena marca y por si fuera poco, un golazo.\u00a0<\/span><\/p>\n<p style=\"text-align: justify;\"><span style=\"font-weight: 400;\">Pe\u00f1arol sum\u00f3 3 puntos m\u00e1s en este Torneo Apertura, que ser\u00e1n valiosos de cara a la Tabla Anual. Hoy Pe\u00f1arol tiene 24 puntos y se ubica a por lo menos 5 puntos de Plaza que no jug\u00f3 a\u00fan. Dami\u00e1n Musto se pierde el pr\u00f3ximo partido por llegar a su quinta amarilla.<\/span><\/p>\n<p style=\"text-align: justify;\"><strong>El pr\u00f3ximo partido ser\u00e1 el mi\u00e9rcoles a las 21:15 en Per\u00fa, frente a Sporting Cristal por los Cuartos de Final de la Copa Sudamericana. Mientras que en el plano local, Pe\u00f1arol jugar\u00e1 la fecha 14 frente a Progreso en el Campe\u00f3n del Siglo.<\/strong><\/p>\n<p style=\"text-align: justify;\"><span style=\"color: #ffcc02;\"><strong>Ficha del partido<\/strong><\/span><\/p>\n<p style=\"text-align: justify;\"><span style=\"font-weight: 400;\">Cerro Largo 0 Pe\u00f1arol 1<\/span><\/p>\n<p style=\"text-align: justify;\"><span style=\"font-weight: 400;\">Estadio Ubilla (Melo)<\/span><\/p>\n<p style=\"text-align: justify;\"><span style=\"font-weight: 400;\">\u00c1rbitro: Gustavo Tejera<\/span><\/p>\n<p style=\"text-align: justify;\"><span style=\"font-weight: 400;\"><strong>Titulares:<\/strong> Kevin Dawson; Maximiliano Pereira, Carlos Rodr\u00edguez, Agust\u00edn Da Silveira, Valent\u00edn Rodr\u00edguez; Walter Gargano, Agust\u00edn \u00c1lvarez Wallace, Dami\u00e1n Musto; Agust\u00edn Canobbio, M\u00e1ximo Alonso; Ariel Nahuelp\u00e1n.\u00a0<\/span><\/p>\n<p style=\"text-align: justify;\"><span style=\"font-weight: 400;\"><strong>Suplentes:<\/strong> Neto Volpi, Juan Acosta, Giovanni Gonz\u00e1lez, Pablo Ceppelini, Facundo Torres, Jes\u00fas Trindade, Agust\u00edn \u00c1lvarez Mart\u00ednez, Agust\u00edn D\u00e1vila, Nicol\u00e1s Garc\u00eda.<\/span><\/p>\n<p style=\"text-align: justify;\"><span style=\"font-weight: 400;\"><strong>DT:<\/strong> Mauricio Larriera<\/span><\/p>\n<p style=\"text-align: justify;\"><span style=\"color: #ffcc02;\"><strong>Cambios<\/strong><\/span><\/p>\n<p style=\"text-align: justify;\"><span style=\"font-weight: 400;\">45\u2019 Pablo Ceppelini por Walter Gargano<\/span><\/p>\n<p style=\"text-align: justify;\"><span style=\"font-weight: 400;\">62\u2019 Facundo Torres por M\u00e1ximo Alonso<\/span><\/p>\n<p style=\"text-align: justify;\"><span style=\"font-weight: 400;\">62\u2019 Jes\u00fas Trindade por Agust\u00edn \u00c1lvarez Wallace<\/span><\/p>\n<p style=\"text-align: justify;\"><span style=\"font-weight: 400;\">79\u2019 Giovanni Gonz\u00e1lez por Agust\u00edn Canobbio<\/span><\/p>\n<p style=\"text-align: justify;\"><span style=\"font-weight: 400;\">90\u2019 Agust\u00edn \u00c1lvarez Mart\u00ednez por Ariel Nahuelp\u00e1n<\/span><\/p>\n<p style=\"text-align: justify;\"><span style=\"color: #ffcc02;\"><strong>Tarjetas:<\/strong><\/span><\/p>\n<p style=\"text-align: justify;\"><span style=\"font-weight: 400;\">15\u2019 Dami\u00e1n Musto (amarilla)<\/span><\/p>\n<p style=\"text-align: justify;\"><span style=\"font-weight: 400;\">59\u2019 Agust\u00edn \u00c1lvarez Wallace (amarilla)<\/span><\/p>\n<p style=\"text-align: justify;\"><span style=\"font-weight: 400;\">72\u2019 Maximiliano Pereira (amarilla)<\/span><\/p>\n<p style=\"text-align: justify;\"><span style=\"color: #ffcc02;\"><strong>Estad\u00edsticas:<\/strong><\/span><\/p>\n<p style=\"text-align: justify;\"><span style=\"font-weight: 400;\"><strong>Posesi\u00f3n de pelota:<\/strong> Cerro Largo 45% Pe\u00f1arol 55%<\/span><\/p>\n<p style=\"text-align: justify;\"><span style=\"font-weight: 400;\"><strong>Tiros totales:<\/strong> Cerro Largo 5 Pe\u00f1arol 6<\/span><\/p>\n<p style=\"text-align: justify;\"><span style=\"font-weight: 400;\"><strong>Tiros al arco:<\/strong> Cerro Largo 0 Pe\u00f1arol 2<\/span><\/p>\n<p style=\"text-align: justify;\"><span style=\"font-weight: 400;\"><strong>C\u00f3rners:<\/strong> Cerro Largo 5 Pe\u00f1arol 8<\/span><\/p>\n<p style=\"text-align: justify;\"><span style=\"font-weight: 400;\"><strong>Faltas:<\/strong> Cerro Largo 16 Pe\u00f1arol 8<\/span><\/p>\n<p style=\"text-align: justify;\"><div class=\"user-wrapper\"><a class=\"userlink\" href=\"https:\/\/www.linkedin.com\/in\/marcos-arlotto\/\" target=\"_blank\"><figure><img decoding=\"async\" src=\"http:\/\/www.padreydecano.com\/cms\/wp-users-files\/postfirmas\/marcosarlotto.jpg\" \/><\/figure><p class=\"user\"><strong>Marcos Arlotto<\/strong><br \/><\/p><\/a><\/div><\/p>\n","protected":false},"excerpt":{"rendered":"<p>Pe\u00f1arol venci\u00f3 1-0 a Cerro Largo en el Estadio Ubilla de Melo con un verdadero golazo de Pablo Cepellini. Como era de esperarse, un partido trabado, muy friccionado y con pocas llegadas, sobre todo en la primera mitad. El estado del campo de juego, la oncena mixta con mayor\u00eda de suplentes y la cabeza puesta [&hellip;]<\/p>\n","protected":false},"author":13,"featured_media":76592,"comment_status":"open","ping_status":"closed","sticky":false,"template":"","format":"standard","meta":{"footnotes":""},"categories":[13],"tags":[502],"yoast_head":"<!-- This site is optimized with the Yoast SEO plugin v23.2 - https:\/\/yoast.com\/wordpress\/plugins\/seo\/ -->\n<title>Sobria victoria en Melo - Padre y Decano - El Sitio del Pueblo<\/title>\n<meta name=\"robots\" content=\"index, follow, max-snippet:-1, max-image-preview:large, max-video-preview:-1\" \/>\n<link rel=\"canonical\" href=\"https:\/\/www.padreydecano.com\/cms\/partidos\/sobria-victoria-en-melo\/\" \/>\n<meta property=\"og:locale\" content=\"es_ES\" \/>\n<meta property=\"og:type\" content=\"article\" \/>\n<meta property=\"og:title\" content=\"Sobria victoria en Melo - Padre y Decano - El Sitio del Pueblo\" \/>\n<meta property=\"og:description\" content=\"Pe\u00f1arol venci\u00f3 1-0 a Cerro Largo en el Estadio Ubilla de Melo con un verdadero golazo de Pablo Cepellini. Como era de esperarse, un partido trabado, muy friccionado y con pocas llegadas, sobre todo en la primera mitad. El estado del campo de juego, la oncena mixta con mayor\u00eda de suplentes y la cabeza puesta [&hellip;]\" \/>\n<meta property=\"og:url\" content=\"https:\/\/www.padreydecano.com\/cms\/partidos\/sobria-victoria-en-melo\/\" \/>\n<meta property=\"og:site_name\" content=\"Padre y Decano - El Sitio del Pueblo\" \/>\n<meta property=\"article:published_time\" content=\"2021-08-06T23:06:28+00:00\" \/>\n<meta property=\"article:modified_time\" content=\"2021-08-08T14:10:24+00:00\" \/>\n<meta property=\"og:image\" content=\"https:\/\/www.padreydecano.com\/cms\/wp-content\/uploads\/2021\/08\/WhatsApp-Image-2021-08-06-at-20.05.37.jpeg\" \/>\n\t<meta property=\"og:image:width\" content=\"1600\" \/>\n\t<meta property=\"og:image:height\" content=\"1066\" \/>\n\t<meta property=\"og:image:type\" content=\"image\/jpeg\" \/>\n<meta name=\"author\" content=\"Moderador\" \/>\n<meta name=\"twitter:card\" content=\"summary_large_image\" \/>\n<meta name=\"twitter:label1\" content=\"Escrito por\" \/>\n\t<meta name=\"twitter:data1\" content=\"Moderador\" \/>\n\t<meta name=\"twitter:label2\" content=\"Tiempo de lectura\" \/>\n\t<meta name=\"twitter:data2\" content=\"5 minutos\" \/>\n<script type=\"application\/ld+json\" class=\"yoast-schema-graph\">{\"@context\":\"https:\/\/schema.org\",\"@graph\":[{\"@type\":\"Article\",\"@id\":\"https:\/\/www.padreydecano.com\/cms\/partidos\/sobria-victoria-en-melo\/#article\",\"isPartOf\":{\"@id\":\"https:\/\/www.padreydecano.com\/cms\/partidos\/sobria-victoria-en-melo\/\"},\"author\":{\"name\":\"Moderador\",\"@id\":\"https:\/\/www.padreydecano.com\/cms\/#\/schema\/person\/d93e9e537230ae052c194251d9a1def2\"},\"headline\":\"Sobria victoria en Melo\",\"datePublished\":\"2021-08-06T23:06:28+00:00\",\"dateModified\":\"2021-08-08T14:10:24+00:00\",\"mainEntityOfPage\":{\"@id\":\"https:\/\/www.padreydecano.com\/cms\/partidos\/sobria-victoria-en-melo\/\"},\"wordCount\":1080,\"commentCount\":31,\"publisher\":{\"@id\":\"https:\/\/www.padreydecano.com\/cms\/#organization\"},\"image\":{\"@id\":\"https:\/\/www.padreydecano.com\/cms\/partidos\/sobria-victoria-en-melo\/#primaryimage\"},\"thumbnailUrl\":\"https:\/\/www.padreydecano.com\/cms\/wp-content\/uploads\/2021\/08\/WhatsApp-Image-2021-08-06-at-20.05.37.jpeg\",\"keywords\":[\"Torneo Apertura 2021\"],\"articleSection\":[\"Partidos\"],\"inLanguage\":\"es\",\"potentialAction\":[{\"@type\":\"CommentAction\",\"name\":\"Comment\",\"target\":[\"https:\/\/www.padreydecano.com\/cms\/partidos\/sobria-victoria-en-melo\/#respond\"]}]},{\"@type\":\"WebPage\",\"@id\":\"https:\/\/www.padreydecano.com\/cms\/partidos\/sobria-victoria-en-melo\/\",\"url\":\"https:\/\/www.padreydecano.com\/cms\/partidos\/sobria-victoria-en-melo\/\",\"name\":\"Sobria victoria en Melo - Padre y Decano - El Sitio del Pueblo\",\"isPartOf\":{\"@id\":\"https:\/\/www.padreydecano.com\/cms\/#website\"},\"primaryImageOfPage\":{\"@id\":\"https:\/\/www.padreydecano.com\/cms\/partidos\/sobria-victoria-en-melo\/#primaryimage\"},\"image\":{\"@id\":\"https:\/\/www.padreydecano.com\/cms\/partidos\/sobria-victoria-en-melo\/#primaryimage\"},\"thumbnailUrl\":\"https:\/\/www.padreydecano.com\/cms\/wp-content\/uploads\/2021\/08\/WhatsApp-Image-2021-08-06-at-20.05.37.jpeg\",\"datePublished\":\"2021-08-06T23:06:28+00:00\",\"dateModified\":\"2021-08-08T14:10:24+00:00\",\"breadcrumb\":{\"@id\":\"https:\/\/www.padreydecano.com\/cms\/partidos\/sobria-victoria-en-melo\/#breadcrumb\"},\"inLanguage\":\"es\",\"potentialAction\":[{\"@type\":\"ReadAction\",\"target\":[\"https:\/\/www.padreydecano.com\/cms\/partidos\/sobria-victoria-en-melo\/\"]}]},{\"@type\":\"ImageObject\",\"inLanguage\":\"es\",\"@id\":\"https:\/\/www.padreydecano.com\/cms\/partidos\/sobria-victoria-en-melo\/#primaryimage\",\"url\":\"https:\/\/www.padreydecano.com\/cms\/wp-content\/uploads\/2021\/08\/WhatsApp-Image-2021-08-06-at-20.05.37.jpeg\",\"contentUrl\":\"https:\/\/www.padreydecano.com\/cms\/wp-content\/uploads\/2021\/08\/WhatsApp-Image-2021-08-06-at-20.05.37.jpeg\",\"width\":1600,\"height\":1066},{\"@type\":\"BreadcrumbList\",\"@id\":\"https:\/\/www.padreydecano.com\/cms\/partidos\/sobria-victoria-en-melo\/#breadcrumb\",\"itemListElement\":[{\"@type\":\"ListItem\",\"position\":1,\"name\":\"Portada\",\"item\":\"https:\/\/www.padreydecano.com\/cms\/\"},{\"@type\":\"ListItem\",\"position\":2,\"name\":\"Sobria victoria en Melo\"}]},{\"@type\":\"WebSite\",\"@id\":\"https:\/\/www.padreydecano.com\/cms\/#website\",\"url\":\"https:\/\/www.padreydecano.com\/cms\/\",\"name\":\"Padre y Decano - El Sitio del Pueblo\",\"description\":\"Club Atl\u00e9tico Pe\u00f1arol\",\"publisher\":{\"@id\":\"https:\/\/www.padreydecano.com\/cms\/#organization\"},\"potentialAction\":[{\"@type\":\"SearchAction\",\"target\":{\"@type\":\"EntryPoint\",\"urlTemplate\":\"https:\/\/www.padreydecano.com\/cms\/?s={search_term_string}\"},\"query-input\":\"required name=search_term_string\"}],\"inLanguage\":\"es\"},{\"@type\":\"Organization\",\"@id\":\"https:\/\/www.padreydecano.com\/cms\/#organization\",\"name\":\"Padre y Decano\",\"url\":\"https:\/\/www.padreydecano.com\/cms\/\",\"logo\":{\"@type\":\"ImageObject\",\"inLanguage\":\"es\",\"@id\":\"https:\/\/www.padreydecano.com\/cms\/#\/schema\/logo\/image\/\",\"url\":\"https:\/\/www.padreydecano.com\/cms\/wp-content\/uploads\/2022\/01\/avatar-square.png\",\"contentUrl\":\"https:\/\/www.padreydecano.com\/cms\/wp-content\/uploads\/2022\/01\/avatar-square.png\",\"width\":1500,\"height\":1500,\"caption\":\"Padre y Decano\"},\"image\":{\"@id\":\"https:\/\/www.padreydecano.com\/cms\/#\/schema\/logo\/image\/\"}},{\"@type\":\"Person\",\"@id\":\"https:\/\/www.padreydecano.com\/cms\/#\/schema\/person\/d93e9e537230ae052c194251d9a1def2\",\"name\":\"Moderador\",\"image\":{\"@type\":\"ImageObject\",\"inLanguage\":\"es\",\"@id\":\"https:\/\/www.padreydecano.com\/cms\/#\/schema\/person\/image\/\",\"url\":\"https:\/\/secure.gravatar.com\/avatar\/2587727bf8a53bd3da4ec49f01bea66e?s=96&d=https%3A%2F%2Fpadreydecano.com%2Fcms%2Fwp-content%2Fthemes%2Fpyd-theme%2Fimg%2Fdefault-avatar.png&r=g\",\"contentUrl\":\"https:\/\/secure.gravatar.com\/avatar\/2587727bf8a53bd3da4ec49f01bea66e?s=96&d=https%3A%2F%2Fpadreydecano.com%2Fcms%2Fwp-content%2Fthemes%2Fpyd-theme%2Fimg%2Fdefault-avatar.png&r=g\",\"caption\":\"Moderador\"}}]}<\/script>\n<!-- \/ Yoast SEO plugin. -->","yoast_head_json":{"title":"Sobria victoria en Melo - Padre y Decano - El Sitio del Pueblo","robots":{"index":"index","follow":"follow","max-snippet":"max-snippet:-1","max-image-preview":"max-image-preview:large","max-video-preview":"max-video-preview:-1"},"canonical":"https:\/\/www.padreydecano.com\/cms\/partidos\/sobria-victoria-en-melo\/","og_locale":"es_ES","og_type":"article","og_title":"Sobria victoria en Melo - Padre y Decano - El Sitio del Pueblo","og_description":"Pe\u00f1arol venci\u00f3 1-0 a Cerro Largo en el Estadio Ubilla de Melo con un verdadero golazo de Pablo Cepellini. Como era de esperarse, un partido trabado, muy friccionado y con pocas llegadas, sobre todo en la primera mitad. El estado del campo de juego, la oncena mixta con mayor\u00eda de suplentes y la cabeza puesta [&hellip;]","og_url":"https:\/\/www.padreydecano.com\/cms\/partidos\/sobria-victoria-en-melo\/","og_site_name":"Padre y Decano - El Sitio del Pueblo","article_published_time":"2021-08-06T23:06:28+00:00","article_modified_time":"2021-08-08T14:10:24+00:00","og_image":[{"width":1600,"height":1066,"url":"https:\/\/www.padreydecano.com\/cms\/wp-content\/uploads\/2021\/08\/WhatsApp-Image-2021-08-06-at-20.05.37.jpeg","type":"image\/jpeg"}],"author":"Moderador","twitter_card":"summary_large_image","twitter_misc":{"Escrito por":"Moderador","Tiempo de lectura":"5 minutos"},"schema":{"@context":"https:\/\/schema.org","@graph":[{"@type":"Article","@id":"https:\/\/www.padreydecano.com\/cms\/partidos\/sobria-victoria-en-melo\/#article","isPartOf":{"@id":"https:\/\/www.padreydecano.com\/cms\/partidos\/sobria-victoria-en-melo\/"},"author":{"name":"Moderador","@id":"https:\/\/www.padreydecano.com\/cms\/#\/schema\/person\/d93e9e537230ae052c194251d9a1def2"},"headline":"Sobria victoria en Melo","datePublished":"2021-08-06T23:06:28+00:00","dateModified":"2021-08-08T14:10:24+00:00","mainEntityOfPage":{"@id":"https:\/\/www.padreydecano.com\/cms\/partidos\/sobria-victoria-en-melo\/"},"wordCount":1080,"commentCount":31,"publisher":{"@id":"https:\/\/www.padreydecano.com\/cms\/#organization"},"image":{"@id":"https:\/\/www.padreydecano.com\/cms\/partidos\/sobria-victoria-en-melo\/#primaryimage"},"thumbnailUrl":"https:\/\/www.padreydecano.com\/cms\/wp-content\/uploads\/2021\/08\/WhatsApp-Image-2021-08-06-at-20.05.37.jpeg","keywords":["Torneo Apertura 2021"],"articleSection":["Partidos"],"inLanguage":"es","potentialAction":[{"@type":"CommentAction","name":"Comment","target":["https:\/\/www.padreydecano.com\/cms\/partidos\/sobria-victoria-en-melo\/#respond"]}]},{"@type":"WebPage","@id":"https:\/\/www.padreydecano.com\/cms\/partidos\/sobria-victoria-en-melo\/","url":"https:\/\/www.padreydecano.com\/cms\/partidos\/sobria-victoria-en-melo\/","name":"Sobria victoria en Melo - Padre y Decano - El Sitio del Pueblo","isPartOf":{"@id":"https:\/\/www.padreydecano.com\/cms\/#website"},"primaryImageOfPage":{"@id":"https:\/\/www.padreydecano.com\/cms\/partidos\/sobria-victoria-en-melo\/#primaryimage"},"image":{"@id":"https:\/\/www.padreydecano.com\/cms\/partidos\/sobria-victoria-en-melo\/#primaryimage"},"thumbnailUrl":"https:\/\/www.padreydecano.com\/cms\/wp-content\/uploads\/2021\/08\/WhatsApp-Image-2021-08-06-at-20.05.37.jpeg","datePublished":"2021-08-06T23:06:28+00:00","dateModified":"2021-08-08T14:10:24+00:00","breadcrumb":{"@id":"https:\/\/www.padreydecano.com\/cms\/partidos\/sobria-victoria-en-melo\/#breadcrumb"},"inLanguage":"es","potentialAction":[{"@type":"ReadAction","target":["https:\/\/www.padreydecano.com\/cms\/partidos\/sobria-victoria-en-melo\/"]}]},{"@type":"ImageObject","inLanguage":"es","@id":"https:\/\/www.padreydecano.com\/cms\/partidos\/sobria-victoria-en-melo\/#primaryimage","url":"https:\/\/www.padreydecano.com\/cms\/wp-content\/uploads\/2021\/08\/WhatsApp-Image-2021-08-06-at-20.05.37.jpeg","contentUrl":"https:\/\/www.padreydecano.com\/cms\/wp-content\/uploads\/2021\/08\/WhatsApp-Image-2021-08-06-at-20.05.37.jpeg","width":1600,"height":1066},{"@type":"BreadcrumbList","@id":"https:\/\/www.padreydecano.com\/cms\/partidos\/sobria-victoria-en-melo\/#breadcrumb","itemListElement":[{"@type":"ListItem","position":1,"name":"Portada","item":"https:\/\/www.padreydecano.com\/cms\/"},{"@type":"ListItem","position":2,"name":"Sobria victoria en Melo"}]},{"@type":"WebSite","@id":"https:\/\/www.padreydecano.com\/cms\/#website","url":"https:\/\/www.padreydecano.com\/cms\/","name":"Padre y Decano - El Sitio del Pueblo","description":"Club Atl\u00e9tico Pe\u00f1arol","publisher":{"@id":"https:\/\/www.padreydecano.com\/cms\/#organization"},"potentialAction":[{"@type":"SearchAction","target":{"@type":"EntryPoint","urlTemplate":"https:\/\/www.padreydecano.com\/cms\/?s={search_term_string}"},"query-input":"required name=search_term_string"}],"inLanguage":"es"},{"@type":"Organization","@id":"https:\/\/www.padreydecano.com\/cms\/#organization","name":"Padre y Decano","url":"https:\/\/www.padreydecano.com\/cms\/","logo":{"@type":"ImageObject","inLanguage":"es","@id":"https:\/\/www.padreydecano.com\/cms\/#\/schema\/logo\/image\/","url":"https:\/\/www.padreydecano.com\/cms\/wp-content\/uploads\/2022\/01\/avatar-square.png","contentUrl":"https:\/\/www.padreydecano.com\/cms\/wp-content\/uploads\/2022\/01\/avatar-square.png","width":1500,"height":1500,"caption":"Padre y Decano"},"image":{"@id":"https:\/\/www.padreydecano.com\/cms\/#\/schema\/logo\/image\/"}},{"@type":"Person","@id":"https:\/\/www.padreydecano.com\/cms\/#\/schema\/person\/d93e9e537230ae052c194251d9a1def2","name":"Moderador","image":{"@type":"ImageObject","inLanguage":"es","@id":"https:\/\/www.padreydecano.com\/cms\/#\/schema\/person\/image\/","url":"https:\/\/secure.gravatar.com\/avatar\/2587727bf8a53bd3da4ec49f01bea66e?s=96&d=https%3A%2F%2Fpadreydecano.com%2Fcms%2Fwp-content%2Fthemes%2Fpyd-theme%2Fimg%2Fdefault-avatar.png&r=g","contentUrl":"https:\/\/secure.gravatar.com\/avatar\/2587727bf8a53bd3da4ec49f01bea66e?s=96&d=https%3A%2F%2Fpadreydecano.com%2Fcms%2Fwp-content%2Fthemes%2Fpyd-theme%2Fimg%2Fdefault-avatar.png&r=g","caption":"Moderador"}}]}},"_links":{"self":[{"href":"https:\/\/www.padreydecano.com\/cms\/wp-json\/wp\/v2\/posts\/76589"}],"collection":[{"href":"https:\/\/www.padreydecano.com\/cms\/wp-json\/wp\/v2\/posts"}],"about":[{"href":"https:\/\/www.padreydecano.com\/cms\/wp-json\/wp\/v2\/types\/post"}],"author":[{"embeddable":true,"href":"https:\/\/www.padreydecano.com\/cms\/wp-json\/wp\/v2\/users\/13"}],"replies":[{"embeddable":true,"href":"https:\/\/www.padreydecano.com\/cms\/wp-json\/wp\/v2\/comments?post=76589"}],"version-history":[{"count":0,"href":"https:\/\/www.padreydecano.com\/cms\/wp-json\/wp\/v2\/posts\/76589\/revisions"}],"wp:featuredmedia":[{"embeddable":true,"href":"https:\/\/www.padreydecano.com\/cms\/wp-json\/wp\/v2\/media\/76592"}],"wp:attachment":[{"href":"https:\/\/www.padreydecano.com\/cms\/wp-json\/wp\/v2\/media?parent=76589"}],"wp:term":[{"taxonomy":"category","embeddable":true,"href":"https:\/\/www.padreydecano.com\/cms\/wp-json\/wp\/v2\/categories?post=76589"},{"taxonomy":"post_tag","embeddable":true,"href":"https:\/\/www.padreydecano.com\/cms\/wp-json\/wp\/v2\/tags?post=76589"}],"curies":[{"name":"wp","href":"https:\/\/api.w.org\/{rel}","templated":true}]}}