{"id":76530,"date":"2021-08-01T19:57:49","date_gmt":"2021-08-01T22:57:49","guid":{"rendered":"http:\/\/www.padreydecano.com\/cms\/?p=76530"},"modified":"2021-08-03T13:38:43","modified_gmt":"2021-08-03T16:38:43","slug":"sin-despeinarse-2","status":"publish","type":"post","link":"https:\/\/www.padreydecano.com\/cms\/noticias\/sin-despeinarse-2\/","title":{"rendered":"Sin despeinarse"},"content":{"rendered":"<p><a href=\"https:\/\/www.padreydecano.com\/cms\/wp-content\/uploads\/2021\/08\/IMG_20210801_185416.jpg\" rel=\"shadowbox[sbpost-76530];player=img;\"><img loading=\"lazy\" decoding=\"async\" class=\"aligncenter size-large wp-image-76526\" src=\"https:\/\/www.padreydecano.com\/cms\/wp-content\/uploads\/2021\/08\/IMG_20210801_185416-1024x683.jpg\" alt=\"\" width=\"620\" height=\"414\" srcset=\"https:\/\/www.padreydecano.com\/cms\/wp-content\/uploads\/2021\/08\/IMG_20210801_185416-1024x683.jpg 1024w, https:\/\/www.padreydecano.com\/cms\/wp-content\/uploads\/2021\/08\/IMG_20210801_185416-600x400.jpg 600w, https:\/\/www.padreydecano.com\/cms\/wp-content\/uploads\/2021\/08\/IMG_20210801_185416-768x512.jpg 768w, https:\/\/www.padreydecano.com\/cms\/wp-content\/uploads\/2021\/08\/IMG_20210801_185416.jpg 1620w\" sizes=\"(max-width: 620px) 100vw, 620px\" \/><\/a><\/p>\n<p style=\"text-align: justify;\"><strong>Con dos golazos de gran factura colectiva, Pe\u00f1arol venci\u00f3 2-0 a River Plate sin ning\u00fan tipo de problemas y recuper\u00f3 la senda del triunfo en el torneo dom\u00e9stico.<\/strong><\/p>\n<p style=\"text-align: justify;\">Si bien la cabeza ya se empieza a poner en la copa, y sin chances en el Apertura, la Tabla Anual sigue siendo trascendental y no se puede perder pisada. Triunfo importante para lo que se viene.<\/p>\n<p>Un primer tiempo demoledor en todas las facetas. Si bien los primeros 10\u2019 el Darsenero tuvo la iniciativa dominando la mitad de la cancha, el equipo conducido por Mauricio Larriera atropell\u00f3 a su rival. Presi\u00f3n ofensiva, velocidad por las bandas y agresividad en cada pelota. Un dejav\u00fa de lo que fue el partido de vuelta ante Corinthians por la Copa Sudamericana.<\/p>\n<p>A los 17\u2019 de juego, Pe\u00f1arol abri\u00f3 el marcador con una gran triangulaci\u00f3n entre Torres, Canobbio y \u00c1lvarez Mart\u00ednez. Agust\u00edn lleg\u00f3 al fondo tras pase del Cuervo y asisti\u00f3 al Canario que, con un toque sutil en el \u00e1rea chica, puso el primer gol del partido. Nuevamente la sociedad Canario-Torres estuvo en su punto m\u00e1s alto. Un rendimiento espectacular. Cabe destacar la gran primera parte de Musto y Ceppelini, quienes fueron el balance y pausa del mediocampo.<\/p>\n<p>Pasados los 30\u2019 de juego, una magn\u00edfica jugada -otra vez- entre Torres y Agust\u00edn \u00c1lvarez armaron lo que, a priori, ser\u00e1 uno de los mejores goles del campeonato. De Facu al Canario, quien \u00e9ste asisti\u00f3 de taco al Cuervo para ampliar cifras en el score. F\u00fatbol champagne. El Decano pudo liquidar el encuentro, pero la mala eficacia y el arquero rival impidieron que fuera as\u00ed.<\/p>\n<p>En el segundo tiempo Pe\u00f1arol baj\u00f3 las revoluciones, control\u00f3 la pelota y se defendi\u00f3 con ella, haciendo correr los minutos. Si bien River Plate cambi\u00f3 la cara y trat\u00f3 de tomar la iniciativa de juego, el elenco del Prado gener\u00f3 poco y nada de peligro sobre el arco defendido por Kevin Dawson.<\/p>\n<p>El Decano cosech\u00f3 una importante victoria para seguir prendido en los escalones de arriba, y por sobre todas las cosas por la pelea de la tabla anual. El pr\u00f3ximo encuentro ser\u00e1 frente a Cerro Largo, el pr\u00f3ximo viernes 6 de agosto a las 18:00 HS en el Estadio Ubilla de Melo para luego enfocarse en la ida por los cuartos de final de la Copa Sudamericana.<\/p>\n<p><span style=\"color: #ffcc00;\"><strong>Ficha del partido<\/strong><\/span><\/p>\n<p><strong><span style=\"color: #ffcc00;\">Resultado:<\/span><\/strong> Pe\u00f1arol 2 &#8211; 0 River Plate<\/p>\n<p><span style=\"color: #ffcc00;\"><strong>Goles:<\/strong><\/span> Agustin Alvarez Mart\u00ednez y Facundo Torres<\/p>\n<p><span style=\"color: #ffcc00;\"><strong>Estadio:<\/strong><\/span> Campe\u00f3n del Siglo<\/p>\n<p><span style=\"color: #ffcc00;\"><strong>\u00c1rbitro:<\/strong><\/span> Antonio Garc\u00eda<\/p>\n<div class=\"user-wrapper\"><a class=\"userlink\" href=\"https:\/\/twitter.com\/mathiaastilve\" target=\"_blank\"><figure><img decoding=\"async\" src=\"http:\/\/www.padreydecano.com\/cms\/wp-users-files\/postfirmas\/mathiastilve.jpg\" \/><\/figure><p class=\"user\"><strong>Mathias Tilve<\/strong><br \/>@mathiaastilve<\/p><\/a><\/div>\n","protected":false},"excerpt":{"rendered":"<p>Con dos golazos de gran factura colectiva, Pe\u00f1arol venci\u00f3 2-0 a River Plate sin ning\u00fan tipo de problemas y recuper\u00f3 la senda del triunfo en el torneo dom\u00e9stico. Si bien la cabeza ya se empieza a poner en la copa, y sin chances en el Apertura, la Tabla Anual sigue siendo trascendental y no se [&hellip;]<\/p>\n","protected":false},"author":13,"featured_media":76526,"comment_status":"open","ping_status":"closed","sticky":false,"template":"","format":"standard","meta":{"footnotes":""},"categories":[1],"tags":[502],"yoast_head":"<!-- This site is optimized with the Yoast SEO plugin v23.2 - https:\/\/yoast.com\/wordpress\/plugins\/seo\/ -->\n<title>Sin despeinarse - Padre y Decano - El Sitio del Pueblo<\/title>\n<meta name=\"robots\" content=\"index, follow, max-snippet:-1, max-image-preview:large, max-video-preview:-1\" \/>\n<link rel=\"canonical\" href=\"https:\/\/www.padreydecano.com\/cms\/noticias\/sin-despeinarse-2\/\" \/>\n<meta property=\"og:locale\" content=\"es_ES\" \/>\n<meta property=\"og:type\" content=\"article\" \/>\n<meta property=\"og:title\" content=\"Sin despeinarse - Padre y Decano - El Sitio del Pueblo\" \/>\n<meta property=\"og:description\" content=\"Con dos golazos de gran factura colectiva, Pe\u00f1arol venci\u00f3 2-0 a River Plate sin ning\u00fan tipo de problemas y recuper\u00f3 la senda del triunfo en el torneo dom\u00e9stico. Si bien la cabeza ya se empieza a poner en la copa, y sin chances en el Apertura, la Tabla Anual sigue siendo trascendental y no se [&hellip;]\" \/>\n<meta property=\"og:url\" content=\"https:\/\/www.padreydecano.com\/cms\/noticias\/sin-despeinarse-2\/\" \/>\n<meta property=\"og:site_name\" content=\"Padre y Decano - El Sitio del Pueblo\" \/>\n<meta property=\"article:published_time\" content=\"2021-08-01T22:57:49+00:00\" \/>\n<meta property=\"article:modified_time\" content=\"2021-08-03T16:38:43+00:00\" \/>\n<meta property=\"og:image\" content=\"https:\/\/www.padreydecano.com\/cms\/wp-content\/uploads\/2021\/08\/IMG_20210801_185416.jpg\" \/>\n\t<meta property=\"og:image:width\" content=\"1620\" \/>\n\t<meta property=\"og:image:height\" content=\"1080\" \/>\n\t<meta property=\"og:image:type\" content=\"image\/jpeg\" \/>\n<meta name=\"author\" content=\"Moderador\" \/>\n<meta name=\"twitter:card\" content=\"summary_large_image\" \/>\n<meta name=\"twitter:label1\" content=\"Escrito por\" \/>\n\t<meta name=\"twitter:data1\" content=\"Moderador\" \/>\n\t<meta name=\"twitter:label2\" content=\"Tiempo de lectura\" \/>\n\t<meta name=\"twitter:data2\" content=\"2 minutos\" \/>\n<script type=\"application\/ld+json\" class=\"yoast-schema-graph\">{\"@context\":\"https:\/\/schema.org\",\"@graph\":[{\"@type\":\"Article\",\"@id\":\"https:\/\/www.padreydecano.com\/cms\/noticias\/sin-despeinarse-2\/#article\",\"isPartOf\":{\"@id\":\"https:\/\/www.padreydecano.com\/cms\/noticias\/sin-despeinarse-2\/\"},\"author\":{\"name\":\"Moderador\",\"@id\":\"https:\/\/www.padreydecano.com\/cms\/#\/schema\/person\/d93e9e537230ae052c194251d9a1def2\"},\"headline\":\"Sin despeinarse\",\"datePublished\":\"2021-08-01T22:57:49+00:00\",\"dateModified\":\"2021-08-03T16:38:43+00:00\",\"mainEntityOfPage\":{\"@id\":\"https:\/\/www.padreydecano.com\/cms\/noticias\/sin-despeinarse-2\/\"},\"wordCount\":425,\"commentCount\":37,\"publisher\":{\"@id\":\"https:\/\/www.padreydecano.com\/cms\/#organization\"},\"image\":{\"@id\":\"https:\/\/www.padreydecano.com\/cms\/noticias\/sin-despeinarse-2\/#primaryimage\"},\"thumbnailUrl\":\"https:\/\/www.padreydecano.com\/cms\/wp-content\/uploads\/2021\/08\/IMG_20210801_185416.jpg\",\"keywords\":[\"Torneo Apertura 2021\"],\"articleSection\":[\"Noticias\"],\"inLanguage\":\"es\",\"potentialAction\":[{\"@type\":\"CommentAction\",\"name\":\"Comment\",\"target\":[\"https:\/\/www.padreydecano.com\/cms\/noticias\/sin-despeinarse-2\/#respond\"]}]},{\"@type\":\"WebPage\",\"@id\":\"https:\/\/www.padreydecano.com\/cms\/noticias\/sin-despeinarse-2\/\",\"url\":\"https:\/\/www.padreydecano.com\/cms\/noticias\/sin-despeinarse-2\/\",\"name\":\"Sin despeinarse - Padre y Decano - El Sitio del Pueblo\",\"isPartOf\":{\"@id\":\"https:\/\/www.padreydecano.com\/cms\/#website\"},\"primaryImageOfPage\":{\"@id\":\"https:\/\/www.padreydecano.com\/cms\/noticias\/sin-despeinarse-2\/#primaryimage\"},\"image\":{\"@id\":\"https:\/\/www.padreydecano.com\/cms\/noticias\/sin-despeinarse-2\/#primaryimage\"},\"thumbnailUrl\":\"https:\/\/www.padreydecano.com\/cms\/wp-content\/uploads\/2021\/08\/IMG_20210801_185416.jpg\",\"datePublished\":\"2021-08-01T22:57:49+00:00\",\"dateModified\":\"2021-08-03T16:38:43+00:00\",\"breadcrumb\":{\"@id\":\"https:\/\/www.padreydecano.com\/cms\/noticias\/sin-despeinarse-2\/#breadcrumb\"},\"inLanguage\":\"es\",\"potentialAction\":[{\"@type\":\"ReadAction\",\"target\":[\"https:\/\/www.padreydecano.com\/cms\/noticias\/sin-despeinarse-2\/\"]}]},{\"@type\":\"ImageObject\",\"inLanguage\":\"es\",\"@id\":\"https:\/\/www.padreydecano.com\/cms\/noticias\/sin-despeinarse-2\/#primaryimage\",\"url\":\"https:\/\/www.padreydecano.com\/cms\/wp-content\/uploads\/2021\/08\/IMG_20210801_185416.jpg\",\"contentUrl\":\"https:\/\/www.padreydecano.com\/cms\/wp-content\/uploads\/2021\/08\/IMG_20210801_185416.jpg\",\"width\":1620,\"height\":1080},{\"@type\":\"BreadcrumbList\",\"@id\":\"https:\/\/www.padreydecano.com\/cms\/noticias\/sin-despeinarse-2\/#breadcrumb\",\"itemListElement\":[{\"@type\":\"ListItem\",\"position\":1,\"name\":\"Portada\",\"item\":\"https:\/\/www.padreydecano.com\/cms\/\"},{\"@type\":\"ListItem\",\"position\":2,\"name\":\"Sin despeinarse\"}]},{\"@type\":\"WebSite\",\"@id\":\"https:\/\/www.padreydecano.com\/cms\/#website\",\"url\":\"https:\/\/www.padreydecano.com\/cms\/\",\"name\":\"Padre y Decano - El Sitio del Pueblo\",\"description\":\"Club Atl\u00e9tico Pe\u00f1arol\",\"publisher\":{\"@id\":\"https:\/\/www.padreydecano.com\/cms\/#organization\"},\"potentialAction\":[{\"@type\":\"SearchAction\",\"target\":{\"@type\":\"EntryPoint\",\"urlTemplate\":\"https:\/\/www.padreydecano.com\/cms\/?s={search_term_string}\"},\"query-input\":\"required name=search_term_string\"}],\"inLanguage\":\"es\"},{\"@type\":\"Organization\",\"@id\":\"https:\/\/www.padreydecano.com\/cms\/#organization\",\"name\":\"Padre y Decano\",\"url\":\"https:\/\/www.padreydecano.com\/cms\/\",\"logo\":{\"@type\":\"ImageObject\",\"inLanguage\":\"es\",\"@id\":\"https:\/\/www.padreydecano.com\/cms\/#\/schema\/logo\/image\/\",\"url\":\"https:\/\/www.padreydecano.com\/cms\/wp-content\/uploads\/2022\/01\/avatar-square.png\",\"contentUrl\":\"https:\/\/www.padreydecano.com\/cms\/wp-content\/uploads\/2022\/01\/avatar-square.png\",\"width\":1500,\"height\":1500,\"caption\":\"Padre y Decano\"},\"image\":{\"@id\":\"https:\/\/www.padreydecano.com\/cms\/#\/schema\/logo\/image\/\"}},{\"@type\":\"Person\",\"@id\":\"https:\/\/www.padreydecano.com\/cms\/#\/schema\/person\/d93e9e537230ae052c194251d9a1def2\",\"name\":\"Moderador\",\"image\":{\"@type\":\"ImageObject\",\"inLanguage\":\"es\",\"@id\":\"https:\/\/www.padreydecano.com\/cms\/#\/schema\/person\/image\/\",\"url\":\"https:\/\/secure.gravatar.com\/avatar\/2587727bf8a53bd3da4ec49f01bea66e?s=96&d=https%3A%2F%2Fpadreydecano.com%2Fcms%2Fwp-content%2Fthemes%2Fpyd-theme%2Fimg%2Fdefault-avatar.png&r=g\",\"contentUrl\":\"https:\/\/secure.gravatar.com\/avatar\/2587727bf8a53bd3da4ec49f01bea66e?s=96&d=https%3A%2F%2Fpadreydecano.com%2Fcms%2Fwp-content%2Fthemes%2Fpyd-theme%2Fimg%2Fdefault-avatar.png&r=g\",\"caption\":\"Moderador\"}}]}<\/script>\n<!-- \/ Yoast SEO plugin. -->","yoast_head_json":{"title":"Sin despeinarse - Padre y Decano - El Sitio del Pueblo","robots":{"index":"index","follow":"follow","max-snippet":"max-snippet:-1","max-image-preview":"max-image-preview:large","max-video-preview":"max-video-preview:-1"},"canonical":"https:\/\/www.padreydecano.com\/cms\/noticias\/sin-despeinarse-2\/","og_locale":"es_ES","og_type":"article","og_title":"Sin despeinarse - Padre y Decano - El Sitio del Pueblo","og_description":"Con dos golazos de gran factura colectiva, Pe\u00f1arol venci\u00f3 2-0 a River Plate sin ning\u00fan tipo de problemas y recuper\u00f3 la senda del triunfo en el torneo dom\u00e9stico. Si bien la cabeza ya se empieza a poner en la copa, y sin chances en el Apertura, la Tabla Anual sigue siendo trascendental y no se [&hellip;]","og_url":"https:\/\/www.padreydecano.com\/cms\/noticias\/sin-despeinarse-2\/","og_site_name":"Padre y Decano - El Sitio del Pueblo","article_published_time":"2021-08-01T22:57:49+00:00","article_modified_time":"2021-08-03T16:38:43+00:00","og_image":[{"width":1620,"height":1080,"url":"https:\/\/www.padreydecano.com\/cms\/wp-content\/uploads\/2021\/08\/IMG_20210801_185416.jpg","type":"image\/jpeg"}],"author":"Moderador","twitter_card":"summary_large_image","twitter_misc":{"Escrito por":"Moderador","Tiempo de lectura":"2 minutos"},"schema":{"@context":"https:\/\/schema.org","@graph":[{"@type":"Article","@id":"https:\/\/www.padreydecano.com\/cms\/noticias\/sin-despeinarse-2\/#article","isPartOf":{"@id":"https:\/\/www.padreydecano.com\/cms\/noticias\/sin-despeinarse-2\/"},"author":{"name":"Moderador","@id":"https:\/\/www.padreydecano.com\/cms\/#\/schema\/person\/d93e9e537230ae052c194251d9a1def2"},"headline":"Sin despeinarse","datePublished":"2021-08-01T22:57:49+00:00","dateModified":"2021-08-03T16:38:43+00:00","mainEntityOfPage":{"@id":"https:\/\/www.padreydecano.com\/cms\/noticias\/sin-despeinarse-2\/"},"wordCount":425,"commentCount":37,"publisher":{"@id":"https:\/\/www.padreydecano.com\/cms\/#organization"},"image":{"@id":"https:\/\/www.padreydecano.com\/cms\/noticias\/sin-despeinarse-2\/#primaryimage"},"thumbnailUrl":"https:\/\/www.padreydecano.com\/cms\/wp-content\/uploads\/2021\/08\/IMG_20210801_185416.jpg","keywords":["Torneo Apertura 2021"],"articleSection":["Noticias"],"inLanguage":"es","potentialAction":[{"@type":"CommentAction","name":"Comment","target":["https:\/\/www.padreydecano.com\/cms\/noticias\/sin-despeinarse-2\/#respond"]}]},{"@type":"WebPage","@id":"https:\/\/www.padreydecano.com\/cms\/noticias\/sin-despeinarse-2\/","url":"https:\/\/www.padreydecano.com\/cms\/noticias\/sin-despeinarse-2\/","name":"Sin despeinarse - Padre y Decano - El Sitio del Pueblo","isPartOf":{"@id":"https:\/\/www.padreydecano.com\/cms\/#website"},"primaryImageOfPage":{"@id":"https:\/\/www.padreydecano.com\/cms\/noticias\/sin-despeinarse-2\/#primaryimage"},"image":{"@id":"https:\/\/www.padreydecano.com\/cms\/noticias\/sin-despeinarse-2\/#primaryimage"},"thumbnailUrl":"https:\/\/www.padreydecano.com\/cms\/wp-content\/uploads\/2021\/08\/IMG_20210801_185416.jpg","datePublished":"2021-08-01T22:57:49+00:00","dateModified":"2021-08-03T16:38:43+00:00","breadcrumb":{"@id":"https:\/\/www.padreydecano.com\/cms\/noticias\/sin-despeinarse-2\/#breadcrumb"},"inLanguage":"es","potentialAction":[{"@type":"ReadAction","target":["https:\/\/www.padreydecano.com\/cms\/noticias\/sin-despeinarse-2\/"]}]},{"@type":"ImageObject","inLanguage":"es","@id":"https:\/\/www.padreydecano.com\/cms\/noticias\/sin-despeinarse-2\/#primaryimage","url":"https:\/\/www.padreydecano.com\/cms\/wp-content\/uploads\/2021\/08\/IMG_20210801_185416.jpg","contentUrl":"https:\/\/www.padreydecano.com\/cms\/wp-content\/uploads\/2021\/08\/IMG_20210801_185416.jpg","width":1620,"height":1080},{"@type":"BreadcrumbList","@id":"https:\/\/www.padreydecano.com\/cms\/noticias\/sin-despeinarse-2\/#breadcrumb","itemListElement":[{"@type":"ListItem","position":1,"name":"Portada","item":"https:\/\/www.padreydecano.com\/cms\/"},{"@type":"ListItem","position":2,"name":"Sin despeinarse"}]},{"@type":"WebSite","@id":"https:\/\/www.padreydecano.com\/cms\/#website","url":"https:\/\/www.padreydecano.com\/cms\/","name":"Padre y Decano - El Sitio del Pueblo","description":"Club Atl\u00e9tico Pe\u00f1arol","publisher":{"@id":"https:\/\/www.padreydecano.com\/cms\/#organization"},"potentialAction":[{"@type":"SearchAction","target":{"@type":"EntryPoint","urlTemplate":"https:\/\/www.padreydecano.com\/cms\/?s={search_term_string}"},"query-input":"required name=search_term_string"}],"inLanguage":"es"},{"@type":"Organization","@id":"https:\/\/www.padreydecano.com\/cms\/#organization","name":"Padre y Decano","url":"https:\/\/www.padreydecano.com\/cms\/","logo":{"@type":"ImageObject","inLanguage":"es","@id":"https:\/\/www.padreydecano.com\/cms\/#\/schema\/logo\/image\/","url":"https:\/\/www.padreydecano.com\/cms\/wp-content\/uploads\/2022\/01\/avatar-square.png","contentUrl":"https:\/\/www.padreydecano.com\/cms\/wp-content\/uploads\/2022\/01\/avatar-square.png","width":1500,"height":1500,"caption":"Padre y Decano"},"image":{"@id":"https:\/\/www.padreydecano.com\/cms\/#\/schema\/logo\/image\/"}},{"@type":"Person","@id":"https:\/\/www.padreydecano.com\/cms\/#\/schema\/person\/d93e9e537230ae052c194251d9a1def2","name":"Moderador","image":{"@type":"ImageObject","inLanguage":"es","@id":"https:\/\/www.padreydecano.com\/cms\/#\/schema\/person\/image\/","url":"https:\/\/secure.gravatar.com\/avatar\/2587727bf8a53bd3da4ec49f01bea66e?s=96&d=https%3A%2F%2Fpadreydecano.com%2Fcms%2Fwp-content%2Fthemes%2Fpyd-theme%2Fimg%2Fdefault-avatar.png&r=g","contentUrl":"https:\/\/secure.gravatar.com\/avatar\/2587727bf8a53bd3da4ec49f01bea66e?s=96&d=https%3A%2F%2Fpadreydecano.com%2Fcms%2Fwp-content%2Fthemes%2Fpyd-theme%2Fimg%2Fdefault-avatar.png&r=g","caption":"Moderador"}}]}},"_links":{"self":[{"href":"https:\/\/www.padreydecano.com\/cms\/wp-json\/wp\/v2\/posts\/76530"}],"collection":[{"href":"https:\/\/www.padreydecano.com\/cms\/wp-json\/wp\/v2\/posts"}],"about":[{"href":"https:\/\/www.padreydecano.com\/cms\/wp-json\/wp\/v2\/types\/post"}],"author":[{"embeddable":true,"href":"https:\/\/www.padreydecano.com\/cms\/wp-json\/wp\/v2\/users\/13"}],"replies":[{"embeddable":true,"href":"https:\/\/www.padreydecano.com\/cms\/wp-json\/wp\/v2\/comments?post=76530"}],"version-history":[{"count":0,"href":"https:\/\/www.padreydecano.com\/cms\/wp-json\/wp\/v2\/posts\/76530\/revisions"}],"wp:featuredmedia":[{"embeddable":true,"href":"https:\/\/www.padreydecano.com\/cms\/wp-json\/wp\/v2\/media\/76526"}],"wp:attachment":[{"href":"https:\/\/www.padreydecano.com\/cms\/wp-json\/wp\/v2\/media?parent=76530"}],"wp:term":[{"taxonomy":"category","embeddable":true,"href":"https:\/\/www.padreydecano.com\/cms\/wp-json\/wp\/v2\/categories?post=76530"},{"taxonomy":"post_tag","embeddable":true,"href":"https:\/\/www.padreydecano.com\/cms\/wp-json\/wp\/v2\/tags?post=76530"}],"curies":[{"name":"wp","href":"https:\/\/api.w.org\/{rel}","templated":true}]}}