{"id":76524,"date":"2021-07-31T16:50:15","date_gmt":"2021-07-31T19:50:15","guid":{"rendered":"http:\/\/www.padreydecano.com\/cms\/?p=76524"},"modified":"2021-08-01T19:58:16","modified_gmt":"2021-08-01T22:58:16","slug":"prohibido-dejar-puntos-3","status":"publish","type":"post","link":"https:\/\/www.padreydecano.com\/cms\/noticias\/prohibido-dejar-puntos-3\/","title":{"rendered":"Prohibido dejar puntos"},"content":{"rendered":"<p><a href=\"https:\/\/www.padreydecano.com\/cms\/wp-content\/uploads\/2021\/07\/D2F67BE1-B90D-4D3A-894A-DFA89D8C9391.jpeg\" rel=\"shadowbox[sbpost-76524];player=img;\"><img loading=\"lazy\" decoding=\"async\" class=\"aligncenter size-full wp-image-76472\" src=\"https:\/\/www.padreydecano.com\/cms\/wp-content\/uploads\/2021\/07\/D2F67BE1-B90D-4D3A-894A-DFA89D8C9391.jpeg\" alt=\"\" width=\"1620\" height=\"1080\" srcset=\"https:\/\/www.padreydecano.com\/cms\/wp-content\/uploads\/2021\/07\/D2F67BE1-B90D-4D3A-894A-DFA89D8C9391.jpeg 1620w, https:\/\/www.padreydecano.com\/cms\/wp-content\/uploads\/2021\/07\/D2F67BE1-B90D-4D3A-894A-DFA89D8C9391-600x400.jpeg 600w, https:\/\/www.padreydecano.com\/cms\/wp-content\/uploads\/2021\/07\/D2F67BE1-B90D-4D3A-894A-DFA89D8C9391-768x512.jpeg 768w, https:\/\/www.padreydecano.com\/cms\/wp-content\/uploads\/2021\/07\/D2F67BE1-B90D-4D3A-894A-DFA89D8C9391-1024x683.jpeg 1024w\" sizes=\"(max-width: 1620px) 100vw, 1620px\" \/><\/a><\/p>\n<p style=\"text-align: justify;\"><strong>Pe\u00f1arol recibir\u00e1 el pr\u00f3ximo domingo 1\u00ba de agosto a River Plate en el Estadio Campe\u00f3n del Siglo por la decimosegunda fecha del Torneo Apertura. El partido est\u00e1 marcado para las 18:00 horas e ir\u00e1 televisado por VTV.<\/strong><\/p>\n<p style=\"text-align: justify;\"><strong>Luego del empate ante Liverpool en la pasada jornada, el Decano vuelve \u00a0a su casa para enfrentar al Darsenero en b\u00fasqueda de 3 puntos fundamentales para ambas tablas.<\/strong><\/p>\n<p style=\"text-align: justify;\"><span style=\"color: #ffcc00;\"><strong>Equipo probable<\/strong><\/span><\/p>\n<p style=\"text-align: justify;\">Kevin Dawson; Giovanni Gonz\u00e1lez, Carlos Rodr\u00edguez, Gary Kagelmacher, Valent\u00edn Rodriguez; Agust\u00edn Canobbio, Walter Gargano, Jes\u00fas Trindade, Facundo Torres; Pablo Ceppelini y Agust\u00edn \u00c1lvarez Mart\u00ednez.<\/p>\n<p style=\"text-align: justify;\"><span style=\"color: #ffcc00;\"><strong>\u00bfC\u00f3mo vienen ambos?<\/strong><\/span><\/p>\n<p style=\"text-align: justify;\">River Plate viene de igualar sin goles frente a Rentistas. El conjunto del Prado se ubica en la tercera ubicaci\u00f3n de la tabla de posiciones con 21 puntos producto de 6 victorias, 3 empates y 2 derrotas. Por su parte, el Decano dividi\u00f3 unidades ante Liverpool luego de estar 0 \u2013 3. El conjunto de Mauricio Larriera est\u00e1 obligado a sumar de a 3 para no perder pisada en la tabla anual.<\/p>\n<p style=\"text-align: justify;\"><span style=\"color: #ffcc00;\"><strong>\u00daltimos antecedentes<\/strong><\/span><\/p>\n<p style=\"text-align: justify;\"><strong>Torneo Intermedio 2019:<\/strong> River Plate 1 \u2013 0 <span style=\"color: #ffcc00;\"><strong>Pe\u00f1arol<\/strong><\/span><\/p>\n<p style=\"text-align: justify;\"><strong>Torneo Clausura 2019:<\/strong> <span style=\"color: #ffcc00;\"><strong>Pe\u00f1arol<\/strong> <\/span>1 \u2013 0 River Plate<\/p>\n<p style=\"text-align: justify;\"><strong>Torneo Apertura 2020:<\/strong> River Plate 0 \u2013 0 <span style=\"color: #ffcc00;\"><strong>Pe\u00f1arol<\/strong><\/span><\/p>\n<p style=\"text-align: justify;\"><strong>Torneo Intermedio 2020:<\/strong> <span style=\"color: #ffcc00;\"><strong>Pe\u00f1arol<\/strong> <\/span>1 \u2013 2 River Plate<\/p>\n<p style=\"text-align: justify;\"><strong>Torneo Clausura 2020:<\/strong> <span style=\"color: #ffcc00;\"><strong>Pe\u00f1arol<\/strong> <\/span>2 \u2013 0 River Plate<\/p>\n<p style=\"text-align: justify;\"><span style=\"color: #ffcc00;\"><strong>\u00c1rbitros<\/strong><\/span><\/p>\n<p style=\"text-align: justify;\">Antonio Garc\u00eda ser\u00e1 el juez principal del partido. Horacio Ferreiro y Marcos Rosamen estar\u00e1n en las l\u00edneas, mientras que Javier Feres fue designado cuarto \u00e1rbitro.<\/p>\n<p style=\"text-align: justify;\"><span style=\"color: #ffcc00;\"><strong>Lo que se viene<\/strong><\/span><\/p>\n<p style=\"text-align: justify;\">El pr\u00f3ximo viernes 6 de agosto, Pe\u00f1arol visitar\u00e1 la ciudad de Melo para enfrentar a Cerro Largo. Una vez finalizado el encuentro, el Carbonero deber\u00e1 cambiar el chip y enfocarse en el partido de ida por la Copa Sudamericana.<\/p>\n<div class=\"user-wrapper\"><a class=\"userlink\" href=\"https:\/\/twitter.com\/mathiaastilve\" target=\"_blank\"><figure><img decoding=\"async\" src=\"http:\/\/www.padreydecano.com\/cms\/wp-users-files\/postfirmas\/mathiastilve.jpg\" \/><\/figure><p class=\"user\"><strong>Mathias Tilve<\/strong><br \/>@mathiaastilve<\/p><\/a><\/div>\n","protected":false},"excerpt":{"rendered":"<p>Pe\u00f1arol recibir\u00e1 el pr\u00f3ximo domingo 1\u00ba de agosto a River Plate en el Estadio Campe\u00f3n del Siglo por la decimosegunda fecha del Torneo Apertura. El partido est\u00e1 marcado para las 18:00 horas e ir\u00e1 televisado por VTV. Luego del empate ante Liverpool en la pasada jornada, el Decano vuelve \u00a0a su casa para enfrentar al [&hellip;]<\/p>\n","protected":false},"author":30,"featured_media":76472,"comment_status":"open","ping_status":"closed","sticky":false,"template":"","format":"standard","meta":{"footnotes":""},"categories":[1],"tags":[502],"yoast_head":"<!-- This site is optimized with the Yoast SEO plugin v23.2 - https:\/\/yoast.com\/wordpress\/plugins\/seo\/ -->\n<title>Prohibido dejar puntos - Padre y Decano - El Sitio del Pueblo<\/title>\n<meta name=\"robots\" content=\"index, follow, max-snippet:-1, max-image-preview:large, max-video-preview:-1\" \/>\n<link rel=\"canonical\" href=\"https:\/\/www.padreydecano.com\/cms\/noticias\/prohibido-dejar-puntos-3\/\" \/>\n<meta property=\"og:locale\" content=\"es_ES\" \/>\n<meta property=\"og:type\" content=\"article\" \/>\n<meta property=\"og:title\" content=\"Prohibido dejar puntos - Padre y Decano - El Sitio del Pueblo\" \/>\n<meta property=\"og:description\" content=\"Pe\u00f1arol recibir\u00e1 el pr\u00f3ximo domingo 1\u00ba de agosto a River Plate en el Estadio Campe\u00f3n del Siglo por la decimosegunda fecha del Torneo Apertura. El partido est\u00e1 marcado para las 18:00 horas e ir\u00e1 televisado por VTV. Luego del empate ante Liverpool en la pasada jornada, el Decano vuelve \u00a0a su casa para enfrentar al [&hellip;]\" \/>\n<meta property=\"og:url\" content=\"https:\/\/www.padreydecano.com\/cms\/noticias\/prohibido-dejar-puntos-3\/\" \/>\n<meta property=\"og:site_name\" content=\"Padre y Decano - El Sitio del Pueblo\" \/>\n<meta property=\"article:published_time\" content=\"2021-07-31T19:50:15+00:00\" \/>\n<meta property=\"article:modified_time\" content=\"2021-08-01T22:58:16+00:00\" \/>\n<meta property=\"og:image\" content=\"https:\/\/www.padreydecano.com\/cms\/wp-content\/uploads\/2021\/07\/D2F67BE1-B90D-4D3A-894A-DFA89D8C9391.jpeg\" \/>\n\t<meta property=\"og:image:width\" content=\"1620\" \/>\n\t<meta property=\"og:image:height\" content=\"1080\" \/>\n\t<meta property=\"og:image:type\" content=\"image\/jpeg\" \/>\n<meta name=\"author\" content=\"Udelar\" \/>\n<meta name=\"twitter:card\" content=\"summary_large_image\" \/>\n<meta name=\"twitter:label1\" content=\"Escrito por\" \/>\n\t<meta name=\"twitter:data1\" content=\"Udelar\" \/>\n\t<meta name=\"twitter:label2\" content=\"Tiempo de lectura\" \/>\n\t<meta name=\"twitter:data2\" content=\"1 minuto\" \/>\n<script type=\"application\/ld+json\" class=\"yoast-schema-graph\">{\"@context\":\"https:\/\/schema.org\",\"@graph\":[{\"@type\":\"Article\",\"@id\":\"https:\/\/www.padreydecano.com\/cms\/noticias\/prohibido-dejar-puntos-3\/#article\",\"isPartOf\":{\"@id\":\"https:\/\/www.padreydecano.com\/cms\/noticias\/prohibido-dejar-puntos-3\/\"},\"author\":{\"name\":\"Udelar\",\"@id\":\"https:\/\/www.padreydecano.com\/cms\/#\/schema\/person\/b22191326be6d1c7fa55c2ad137a9a32\"},\"headline\":\"Prohibido dejar puntos\",\"datePublished\":\"2021-07-31T19:50:15+00:00\",\"dateModified\":\"2021-08-01T22:58:16+00:00\",\"mainEntityOfPage\":{\"@id\":\"https:\/\/www.padreydecano.com\/cms\/noticias\/prohibido-dejar-puntos-3\/\"},\"wordCount\":277,\"commentCount\":13,\"publisher\":{\"@id\":\"https:\/\/www.padreydecano.com\/cms\/#organization\"},\"image\":{\"@id\":\"https:\/\/www.padreydecano.com\/cms\/noticias\/prohibido-dejar-puntos-3\/#primaryimage\"},\"thumbnailUrl\":\"https:\/\/www.padreydecano.com\/cms\/wp-content\/uploads\/2021\/07\/D2F67BE1-B90D-4D3A-894A-DFA89D8C9391.jpeg\",\"keywords\":[\"Torneo Apertura 2021\"],\"articleSection\":[\"Noticias\"],\"inLanguage\":\"es\",\"potentialAction\":[{\"@type\":\"CommentAction\",\"name\":\"Comment\",\"target\":[\"https:\/\/www.padreydecano.com\/cms\/noticias\/prohibido-dejar-puntos-3\/#respond\"]}]},{\"@type\":\"WebPage\",\"@id\":\"https:\/\/www.padreydecano.com\/cms\/noticias\/prohibido-dejar-puntos-3\/\",\"url\":\"https:\/\/www.padreydecano.com\/cms\/noticias\/prohibido-dejar-puntos-3\/\",\"name\":\"Prohibido dejar puntos - Padre y Decano - El Sitio del Pueblo\",\"isPartOf\":{\"@id\":\"https:\/\/www.padreydecano.com\/cms\/#website\"},\"primaryImageOfPage\":{\"@id\":\"https:\/\/www.padreydecano.com\/cms\/noticias\/prohibido-dejar-puntos-3\/#primaryimage\"},\"image\":{\"@id\":\"https:\/\/www.padreydecano.com\/cms\/noticias\/prohibido-dejar-puntos-3\/#primaryimage\"},\"thumbnailUrl\":\"https:\/\/www.padreydecano.com\/cms\/wp-content\/uploads\/2021\/07\/D2F67BE1-B90D-4D3A-894A-DFA89D8C9391.jpeg\",\"datePublished\":\"2021-07-31T19:50:15+00:00\",\"dateModified\":\"2021-08-01T22:58:16+00:00\",\"breadcrumb\":{\"@id\":\"https:\/\/www.padreydecano.com\/cms\/noticias\/prohibido-dejar-puntos-3\/#breadcrumb\"},\"inLanguage\":\"es\",\"potentialAction\":[{\"@type\":\"ReadAction\",\"target\":[\"https:\/\/www.padreydecano.com\/cms\/noticias\/prohibido-dejar-puntos-3\/\"]}]},{\"@type\":\"ImageObject\",\"inLanguage\":\"es\",\"@id\":\"https:\/\/www.padreydecano.com\/cms\/noticias\/prohibido-dejar-puntos-3\/#primaryimage\",\"url\":\"https:\/\/www.padreydecano.com\/cms\/wp-content\/uploads\/2021\/07\/D2F67BE1-B90D-4D3A-894A-DFA89D8C9391.jpeg\",\"contentUrl\":\"https:\/\/www.padreydecano.com\/cms\/wp-content\/uploads\/2021\/07\/D2F67BE1-B90D-4D3A-894A-DFA89D8C9391.jpeg\",\"width\":1620,\"height\":1080},{\"@type\":\"BreadcrumbList\",\"@id\":\"https:\/\/www.padreydecano.com\/cms\/noticias\/prohibido-dejar-puntos-3\/#breadcrumb\",\"itemListElement\":[{\"@type\":\"ListItem\",\"position\":1,\"name\":\"Portada\",\"item\":\"https:\/\/www.padreydecano.com\/cms\/\"},{\"@type\":\"ListItem\",\"position\":2,\"name\":\"Prohibido dejar puntos\"}]},{\"@type\":\"WebSite\",\"@id\":\"https:\/\/www.padreydecano.com\/cms\/#website\",\"url\":\"https:\/\/www.padreydecano.com\/cms\/\",\"name\":\"Padre y Decano - El Sitio del Pueblo\",\"description\":\"Club Atl\u00e9tico Pe\u00f1arol\",\"publisher\":{\"@id\":\"https:\/\/www.padreydecano.com\/cms\/#organization\"},\"potentialAction\":[{\"@type\":\"SearchAction\",\"target\":{\"@type\":\"EntryPoint\",\"urlTemplate\":\"https:\/\/www.padreydecano.com\/cms\/?s={search_term_string}\"},\"query-input\":\"required name=search_term_string\"}],\"inLanguage\":\"es\"},{\"@type\":\"Organization\",\"@id\":\"https:\/\/www.padreydecano.com\/cms\/#organization\",\"name\":\"Padre y Decano\",\"url\":\"https:\/\/www.padreydecano.com\/cms\/\",\"logo\":{\"@type\":\"ImageObject\",\"inLanguage\":\"es\",\"@id\":\"https:\/\/www.padreydecano.com\/cms\/#\/schema\/logo\/image\/\",\"url\":\"https:\/\/www.padreydecano.com\/cms\/wp-content\/uploads\/2022\/01\/avatar-square.png\",\"contentUrl\":\"https:\/\/www.padreydecano.com\/cms\/wp-content\/uploads\/2022\/01\/avatar-square.png\",\"width\":1500,\"height\":1500,\"caption\":\"Padre y Decano\"},\"image\":{\"@id\":\"https:\/\/www.padreydecano.com\/cms\/#\/schema\/logo\/image\/\"}},{\"@type\":\"Person\",\"@id\":\"https:\/\/www.padreydecano.com\/cms\/#\/schema\/person\/b22191326be6d1c7fa55c2ad137a9a32\",\"name\":\"Udelar\",\"image\":{\"@type\":\"ImageObject\",\"inLanguage\":\"es\",\"@id\":\"https:\/\/www.padreydecano.com\/cms\/#\/schema\/person\/image\/\",\"url\":\"https:\/\/secure.gravatar.com\/avatar\/611ece663b16897a2cd2f46982281225?s=96&d=https%3A%2F%2Fpadreydecano.com%2Fcms%2Fwp-content%2Fthemes%2Fpyd-theme%2Fimg%2Fdefault-avatar.png&r=g\",\"contentUrl\":\"https:\/\/secure.gravatar.com\/avatar\/611ece663b16897a2cd2f46982281225?s=96&d=https%3A%2F%2Fpadreydecano.com%2Fcms%2Fwp-content%2Fthemes%2Fpyd-theme%2Fimg%2Fdefault-avatar.png&r=g\",\"caption\":\"Udelar\"}}]}<\/script>\n<!-- \/ Yoast SEO plugin. -->","yoast_head_json":{"title":"Prohibido dejar puntos - Padre y Decano - El Sitio del Pueblo","robots":{"index":"index","follow":"follow","max-snippet":"max-snippet:-1","max-image-preview":"max-image-preview:large","max-video-preview":"max-video-preview:-1"},"canonical":"https:\/\/www.padreydecano.com\/cms\/noticias\/prohibido-dejar-puntos-3\/","og_locale":"es_ES","og_type":"article","og_title":"Prohibido dejar puntos - Padre y Decano - El Sitio del Pueblo","og_description":"Pe\u00f1arol recibir\u00e1 el pr\u00f3ximo domingo 1\u00ba de agosto a River Plate en el Estadio Campe\u00f3n del Siglo por la decimosegunda fecha del Torneo Apertura. El partido est\u00e1 marcado para las 18:00 horas e ir\u00e1 televisado por VTV. Luego del empate ante Liverpool en la pasada jornada, el Decano vuelve \u00a0a su casa para enfrentar al [&hellip;]","og_url":"https:\/\/www.padreydecano.com\/cms\/noticias\/prohibido-dejar-puntos-3\/","og_site_name":"Padre y Decano - El Sitio del Pueblo","article_published_time":"2021-07-31T19:50:15+00:00","article_modified_time":"2021-08-01T22:58:16+00:00","og_image":[{"width":1620,"height":1080,"url":"https:\/\/www.padreydecano.com\/cms\/wp-content\/uploads\/2021\/07\/D2F67BE1-B90D-4D3A-894A-DFA89D8C9391.jpeg","type":"image\/jpeg"}],"author":"Udelar","twitter_card":"summary_large_image","twitter_misc":{"Escrito por":"Udelar","Tiempo de lectura":"1 minuto"},"schema":{"@context":"https:\/\/schema.org","@graph":[{"@type":"Article","@id":"https:\/\/www.padreydecano.com\/cms\/noticias\/prohibido-dejar-puntos-3\/#article","isPartOf":{"@id":"https:\/\/www.padreydecano.com\/cms\/noticias\/prohibido-dejar-puntos-3\/"},"author":{"name":"Udelar","@id":"https:\/\/www.padreydecano.com\/cms\/#\/schema\/person\/b22191326be6d1c7fa55c2ad137a9a32"},"headline":"Prohibido dejar puntos","datePublished":"2021-07-31T19:50:15+00:00","dateModified":"2021-08-01T22:58:16+00:00","mainEntityOfPage":{"@id":"https:\/\/www.padreydecano.com\/cms\/noticias\/prohibido-dejar-puntos-3\/"},"wordCount":277,"commentCount":13,"publisher":{"@id":"https:\/\/www.padreydecano.com\/cms\/#organization"},"image":{"@id":"https:\/\/www.padreydecano.com\/cms\/noticias\/prohibido-dejar-puntos-3\/#primaryimage"},"thumbnailUrl":"https:\/\/www.padreydecano.com\/cms\/wp-content\/uploads\/2021\/07\/D2F67BE1-B90D-4D3A-894A-DFA89D8C9391.jpeg","keywords":["Torneo Apertura 2021"],"articleSection":["Noticias"],"inLanguage":"es","potentialAction":[{"@type":"CommentAction","name":"Comment","target":["https:\/\/www.padreydecano.com\/cms\/noticias\/prohibido-dejar-puntos-3\/#respond"]}]},{"@type":"WebPage","@id":"https:\/\/www.padreydecano.com\/cms\/noticias\/prohibido-dejar-puntos-3\/","url":"https:\/\/www.padreydecano.com\/cms\/noticias\/prohibido-dejar-puntos-3\/","name":"Prohibido dejar puntos - Padre y Decano - El Sitio del Pueblo","isPartOf":{"@id":"https:\/\/www.padreydecano.com\/cms\/#website"},"primaryImageOfPage":{"@id":"https:\/\/www.padreydecano.com\/cms\/noticias\/prohibido-dejar-puntos-3\/#primaryimage"},"image":{"@id":"https:\/\/www.padreydecano.com\/cms\/noticias\/prohibido-dejar-puntos-3\/#primaryimage"},"thumbnailUrl":"https:\/\/www.padreydecano.com\/cms\/wp-content\/uploads\/2021\/07\/D2F67BE1-B90D-4D3A-894A-DFA89D8C9391.jpeg","datePublished":"2021-07-31T19:50:15+00:00","dateModified":"2021-08-01T22:58:16+00:00","breadcrumb":{"@id":"https:\/\/www.padreydecano.com\/cms\/noticias\/prohibido-dejar-puntos-3\/#breadcrumb"},"inLanguage":"es","potentialAction":[{"@type":"ReadAction","target":["https:\/\/www.padreydecano.com\/cms\/noticias\/prohibido-dejar-puntos-3\/"]}]},{"@type":"ImageObject","inLanguage":"es","@id":"https:\/\/www.padreydecano.com\/cms\/noticias\/prohibido-dejar-puntos-3\/#primaryimage","url":"https:\/\/www.padreydecano.com\/cms\/wp-content\/uploads\/2021\/07\/D2F67BE1-B90D-4D3A-894A-DFA89D8C9391.jpeg","contentUrl":"https:\/\/www.padreydecano.com\/cms\/wp-content\/uploads\/2021\/07\/D2F67BE1-B90D-4D3A-894A-DFA89D8C9391.jpeg","width":1620,"height":1080},{"@type":"BreadcrumbList","@id":"https:\/\/www.padreydecano.com\/cms\/noticias\/prohibido-dejar-puntos-3\/#breadcrumb","itemListElement":[{"@type":"ListItem","position":1,"name":"Portada","item":"https:\/\/www.padreydecano.com\/cms\/"},{"@type":"ListItem","position":2,"name":"Prohibido dejar puntos"}]},{"@type":"WebSite","@id":"https:\/\/www.padreydecano.com\/cms\/#website","url":"https:\/\/www.padreydecano.com\/cms\/","name":"Padre y Decano - El Sitio del Pueblo","description":"Club Atl\u00e9tico Pe\u00f1arol","publisher":{"@id":"https:\/\/www.padreydecano.com\/cms\/#organization"},"potentialAction":[{"@type":"SearchAction","target":{"@type":"EntryPoint","urlTemplate":"https:\/\/www.padreydecano.com\/cms\/?s={search_term_string}"},"query-input":"required name=search_term_string"}],"inLanguage":"es"},{"@type":"Organization","@id":"https:\/\/www.padreydecano.com\/cms\/#organization","name":"Padre y Decano","url":"https:\/\/www.padreydecano.com\/cms\/","logo":{"@type":"ImageObject","inLanguage":"es","@id":"https:\/\/www.padreydecano.com\/cms\/#\/schema\/logo\/image\/","url":"https:\/\/www.padreydecano.com\/cms\/wp-content\/uploads\/2022\/01\/avatar-square.png","contentUrl":"https:\/\/www.padreydecano.com\/cms\/wp-content\/uploads\/2022\/01\/avatar-square.png","width":1500,"height":1500,"caption":"Padre y Decano"},"image":{"@id":"https:\/\/www.padreydecano.com\/cms\/#\/schema\/logo\/image\/"}},{"@type":"Person","@id":"https:\/\/www.padreydecano.com\/cms\/#\/schema\/person\/b22191326be6d1c7fa55c2ad137a9a32","name":"Udelar","image":{"@type":"ImageObject","inLanguage":"es","@id":"https:\/\/www.padreydecano.com\/cms\/#\/schema\/person\/image\/","url":"https:\/\/secure.gravatar.com\/avatar\/611ece663b16897a2cd2f46982281225?s=96&d=https%3A%2F%2Fpadreydecano.com%2Fcms%2Fwp-content%2Fthemes%2Fpyd-theme%2Fimg%2Fdefault-avatar.png&r=g","contentUrl":"https:\/\/secure.gravatar.com\/avatar\/611ece663b16897a2cd2f46982281225?s=96&d=https%3A%2F%2Fpadreydecano.com%2Fcms%2Fwp-content%2Fthemes%2Fpyd-theme%2Fimg%2Fdefault-avatar.png&r=g","caption":"Udelar"}}]}},"_links":{"self":[{"href":"https:\/\/www.padreydecano.com\/cms\/wp-json\/wp\/v2\/posts\/76524"}],"collection":[{"href":"https:\/\/www.padreydecano.com\/cms\/wp-json\/wp\/v2\/posts"}],"about":[{"href":"https:\/\/www.padreydecano.com\/cms\/wp-json\/wp\/v2\/types\/post"}],"author":[{"embeddable":true,"href":"https:\/\/www.padreydecano.com\/cms\/wp-json\/wp\/v2\/users\/30"}],"replies":[{"embeddable":true,"href":"https:\/\/www.padreydecano.com\/cms\/wp-json\/wp\/v2\/comments?post=76524"}],"version-history":[{"count":0,"href":"https:\/\/www.padreydecano.com\/cms\/wp-json\/wp\/v2\/posts\/76524\/revisions"}],"wp:featuredmedia":[{"embeddable":true,"href":"https:\/\/www.padreydecano.com\/cms\/wp-json\/wp\/v2\/media\/76472"}],"wp:attachment":[{"href":"https:\/\/www.padreydecano.com\/cms\/wp-json\/wp\/v2\/media?parent=76524"}],"wp:term":[{"taxonomy":"category","embeddable":true,"href":"https:\/\/www.padreydecano.com\/cms\/wp-json\/wp\/v2\/categories?post=76524"},{"taxonomy":"post_tag","embeddable":true,"href":"https:\/\/www.padreydecano.com\/cms\/wp-json\/wp\/v2\/tags?post=76524"}],"curies":[{"name":"wp","href":"https:\/\/api.w.org\/{rel}","templated":true}]}}