{"id":76483,"date":"2021-07-27T18:22:45","date_gmt":"2021-07-27T21:22:45","guid":{"rendered":"http:\/\/www.padreydecano.com\/cms\/?p=76483"},"modified":"2021-07-30T01:07:14","modified_gmt":"2021-07-30T04:07:14","slug":"refuerzos-y-salidas-en-penarol","status":"publish","type":"post","link":"https:\/\/www.padreydecano.com\/cms\/noticias\/refuerzos-y-salidas-en-penarol\/","title":{"rendered":"Refuerzos y salidas en Pe\u00f1arol"},"content":{"rendered":"<p style=\"text-align: justify;\"><strong>La dirigencia y el \u00e1rea deportiva trabajan en la llegada de jugadores para la entidad decana. Emanuel Gularte es uno de los defensas que pueden llegar al plantel que conduce Mauricio Larriera, mientras que Juan Manuel Iturbe es uno de los nombres que se manejan para reforzar el ataque. Gast\u00f3n Silva y Robert Ergas son otros nombres en el radar mirasol.<\/strong><\/p>\n<p><a href=\"https:\/\/www.padreydecano.com\/cms\/wp-content\/uploads\/2021\/05\/gaston-silva.jpg\" rel=\"shadowbox[sbpost-76483];player=img;\"><img loading=\"lazy\" decoding=\"async\" class=\"aligncenter wp-image-75908\" src=\"https:\/\/www.padreydecano.com\/cms\/wp-content\/uploads\/2021\/05\/gaston-silva.jpg\" alt=\"\" width=\"620\" height=\"386\" srcset=\"https:\/\/www.padreydecano.com\/cms\/wp-content\/uploads\/2021\/05\/gaston-silva.jpg 958w, https:\/\/www.padreydecano.com\/cms\/wp-content\/uploads\/2021\/05\/gaston-silva-600x373.jpg 600w, https:\/\/www.padreydecano.com\/cms\/wp-content\/uploads\/2021\/05\/gaston-silva-768x478.jpg 768w\" sizes=\"(max-width: 620px) 100vw, 620px\" \/><\/a><\/p>\n<p style=\"text-align: justify;\">Luego de que Cristian Lema decidiera quedarse en Argentina (hasta fin de a\u00f1o), los consejeros mirasoles intensificaron las negociaciones por <strong>Gast\u00f3n Silva<\/strong>. El ex jugador de Independiente de Avellaneda tiene la posibilidad de arribar al Decano, pero tambi\u00e9n analiza su situaci\u00f3n con Huesca de Espa\u00f1a. El tiempo corre en contra del jugador y de Pe\u00f1arol que necesita los refuerzos con premura.<\/p>\n<p><a href=\"https:\/\/www.padreydecano.com\/cms\/wp-content\/uploads\/2021\/07\/emanuel-gularte.jpeg\" rel=\"shadowbox[sbpost-76483];player=img;\"><img loading=\"lazy\" decoding=\"async\" class=\"aligncenter wp-image-76484\" src=\"https:\/\/www.padreydecano.com\/cms\/wp-content\/uploads\/2021\/07\/emanuel-gularte.jpeg\" alt=\"\" width=\"620\" height=\"358\" srcset=\"https:\/\/www.padreydecano.com\/cms\/wp-content\/uploads\/2021\/07\/emanuel-gularte.jpeg 969w, https:\/\/www.padreydecano.com\/cms\/wp-content\/uploads\/2021\/07\/emanuel-gularte-600x346.jpeg 600w, https:\/\/www.padreydecano.com\/cms\/wp-content\/uploads\/2021\/07\/emanuel-gularte-768x443.jpeg 768w\" sizes=\"(max-width: 620px) 100vw, 620px\" \/><\/a><\/p>\n<p style=\"text-align: justify;\">Las posibilidades de <strong>Emanuel Gularte,<\/strong> zaguero de Puebla de M\u00e9xico, crecieron. No se lleg\u00f3 a un acuerdo pero es uno de los defensas que Pe\u00f1arol viene intentando fichar hace varios periodos de pases. Sus condiciones, temperamento y partidarismo por el club le juegan a favor. Est\u00e1 bien considerado por el \u00e1rea deportiva.<\/p>\n<p><a href=\"https:\/\/www.padreydecano.com\/cms\/wp-content\/uploads\/2021\/07\/iturbe.jpg\" rel=\"shadowbox[sbpost-76483];player=img;\"><img loading=\"lazy\" decoding=\"async\" class=\"aligncenter size-large wp-image-76485\" src=\"https:\/\/www.padreydecano.com\/cms\/wp-content\/uploads\/2021\/07\/iturbe-1024x576.jpg\" alt=\"\" width=\"620\" height=\"349\" srcset=\"https:\/\/www.padreydecano.com\/cms\/wp-content\/uploads\/2021\/07\/iturbe-1024x576.jpg 1024w, https:\/\/www.padreydecano.com\/cms\/wp-content\/uploads\/2021\/07\/iturbe-600x338.jpg 600w, https:\/\/www.padreydecano.com\/cms\/wp-content\/uploads\/2021\/07\/iturbe-768x432.jpg 768w, https:\/\/www.padreydecano.com\/cms\/wp-content\/uploads\/2021\/07\/iturbe.jpg 1200w\" sizes=\"(max-width: 620px) 100vw, 620px\" \/><\/a><\/p>\n<p style=\"text-align: justify;\">El caso de <strong>Juan Manuel Iturbe<\/strong> es diferente, el argentino nacionalizado paraguayo con pasado en River Plate (arg), Roma, Verona, entre otros, cumple con los requisitos que quiere Pe\u00f1arol. Tiene 28 a\u00f1os, experiencia y est\u00e1 listo para ponerse la camiseta. Aris Salonica de Grecia le ofrece un contrato tentador.<\/p>\n<p><a href=\"https:\/\/www.padreydecano.com\/cms\/wp-content\/uploads\/2021\/07\/brian-rodriguez.jpg\" rel=\"shadowbox[sbpost-76483];player=img;\"><img loading=\"lazy\" decoding=\"async\" class=\"aligncenter size-full wp-image-76486\" src=\"https:\/\/www.padreydecano.com\/cms\/wp-content\/uploads\/2021\/07\/brian-rodriguez.jpg\" alt=\"\" width=\"512\" height=\"341\" \/><\/a><\/p>\n<p style=\"text-align: justify;\"><a href=\"https:\/\/www.padreydecano.com\/cms\/noticias\/penarol-quiere-a-brian-rodriguez\/\">La vuelta de <strong>Brian Rodr\u00edguez<\/strong><\/a> no es sencilla pero Pe\u00f1arol insistir\u00e1 hasta \u00faltimo momento para que llegue por seis meses.<\/p>\n<p style=\"text-align: justify;\"><a href=\"https:\/\/www.padreydecano.com\/cms\/noticias\/rodrigo-abascal-no-seguira-en-penarol\/\">Rodrigo Abascal<\/a> y <a href=\"https:\/\/www.padreydecano.com\/cms\/noticias\/formiliano-se-va-de-penarol\/\">Fabricio Formiliano<\/a> dejaron el club, y a\u00fan no se hizo oficial la salida de Joaqu\u00edn Piquerez. Pe\u00f1arol maneja como posibilidades la llegada de <strong>Robert Ergas<\/strong> y un lateral extranjero.<\/p>\n<p style=\"text-align: justify;\">Mientras tanto, los ofrecimientos por Facundo Torres se han intensificado, y equipos importantes quieren la ficha del 10 carbonero. Los mirasoles sue\u00f1an con retenerlo (parece dif\u00edcil), o lograr una cifra millonaria.<\/p>\n<p style=\"text-align: justify;\">En cuanto a los pr\u00e9stamos, <strong>Alejo Cruz<\/strong>, volante zurdo con mucho gol, est\u00e1 cedido en Racing pero integra la lista de buena fe de la Copa Sudamericana. Podr\u00e1 jugar el tornero internacional con Pe\u00f1arol.<\/p>\n<p style=\"text-align: justify;\"><div class=\"user-wrapper\"><a class=\"userlink\" href=\"https:\/\/twitter.com\/wilsonmendez86\" target=\"_blank\"><figure><img decoding=\"async\" src=\"http:\/\/www.padreydecano.com\/cms\/wp-users-files\/postfirmas\/wilsonmendez86.jpg\" \/><\/figure><p class=\"user\"><strong>Wilson M&eacute;ndez<\/strong><br \/>@wilsonmendez86<\/p><\/a><\/div><\/p>\n","protected":false},"excerpt":{"rendered":"<p>La dirigencia y el \u00e1rea deportiva trabajan en la llegada de jugadores para la entidad decana. Emanuel Gularte es uno de los defensas que pueden llegar al plantel que conduce Mauricio Larriera, mientras que Juan Manuel Iturbe es uno de los nombres que se manejan para reforzar el ataque. Gast\u00f3n Silva y Robert Ergas son [&hellip;]<\/p>\n","protected":false},"author":13,"featured_media":76487,"comment_status":"open","ping_status":"closed","sticky":false,"template":"","format":"standard","meta":{"footnotes":""},"categories":[1],"tags":[26],"yoast_head":"<!-- This site is optimized with the Yoast SEO plugin v23.2 - https:\/\/yoast.com\/wordpress\/plugins\/seo\/ -->\n<title>Refuerzos y salidas en Pe\u00f1arol - Padre y Decano - El Sitio del Pueblo<\/title>\n<meta name=\"robots\" content=\"index, follow, max-snippet:-1, max-image-preview:large, max-video-preview:-1\" \/>\n<link rel=\"canonical\" href=\"https:\/\/www.padreydecano.com\/cms\/noticias\/refuerzos-y-salidas-en-penarol\/\" \/>\n<meta property=\"og:locale\" content=\"es_ES\" \/>\n<meta property=\"og:type\" content=\"article\" \/>\n<meta property=\"og:title\" content=\"Refuerzos y salidas en Pe\u00f1arol - Padre y Decano - El Sitio del Pueblo\" \/>\n<meta property=\"og:description\" content=\"La dirigencia y el \u00e1rea deportiva trabajan en la llegada de jugadores para la entidad decana. Emanuel Gularte es uno de los defensas que pueden llegar al plantel que conduce Mauricio Larriera, mientras que Juan Manuel Iturbe es uno de los nombres que se manejan para reforzar el ataque. Gast\u00f3n Silva y Robert Ergas son [&hellip;]\" \/>\n<meta property=\"og:url\" content=\"https:\/\/www.padreydecano.com\/cms\/noticias\/refuerzos-y-salidas-en-penarol\/\" \/>\n<meta property=\"og:site_name\" content=\"Padre y Decano - El Sitio del Pueblo\" \/>\n<meta property=\"article:published_time\" content=\"2021-07-27T21:22:45+00:00\" \/>\n<meta property=\"article:modified_time\" content=\"2021-07-30T04:07:14+00:00\" \/>\n<meta property=\"og:image\" content=\"https:\/\/www.padreydecano.com\/cms\/wp-content\/uploads\/2021\/07\/emanuel-gulartee.jpeg\" \/>\n\t<meta property=\"og:image:width\" content=\"761\" \/>\n\t<meta property=\"og:image:height\" content=\"481\" \/>\n\t<meta property=\"og:image:type\" content=\"image\/jpeg\" \/>\n<meta name=\"author\" content=\"Moderador\" \/>\n<meta name=\"twitter:card\" content=\"summary_large_image\" \/>\n<meta name=\"twitter:label1\" content=\"Escrito por\" \/>\n\t<meta name=\"twitter:data1\" content=\"Moderador\" \/>\n\t<meta name=\"twitter:label2\" content=\"Tiempo de lectura\" \/>\n\t<meta name=\"twitter:data2\" content=\"2 minutos\" \/>\n<script type=\"application\/ld+json\" class=\"yoast-schema-graph\">{\"@context\":\"https:\/\/schema.org\",\"@graph\":[{\"@type\":\"Article\",\"@id\":\"https:\/\/www.padreydecano.com\/cms\/noticias\/refuerzos-y-salidas-en-penarol\/#article\",\"isPartOf\":{\"@id\":\"https:\/\/www.padreydecano.com\/cms\/noticias\/refuerzos-y-salidas-en-penarol\/\"},\"author\":{\"name\":\"Moderador\",\"@id\":\"https:\/\/www.padreydecano.com\/cms\/#\/schema\/person\/d93e9e537230ae052c194251d9a1def2\"},\"headline\":\"Refuerzos y salidas en Pe\u00f1arol\",\"datePublished\":\"2021-07-27T21:22:45+00:00\",\"dateModified\":\"2021-07-30T04:07:14+00:00\",\"mainEntityOfPage\":{\"@id\":\"https:\/\/www.padreydecano.com\/cms\/noticias\/refuerzos-y-salidas-en-penarol\/\"},\"wordCount\":365,\"commentCount\":124,\"publisher\":{\"@id\":\"https:\/\/www.padreydecano.com\/cms\/#organization\"},\"image\":{\"@id\":\"https:\/\/www.padreydecano.com\/cms\/noticias\/refuerzos-y-salidas-en-penarol\/#primaryimage\"},\"thumbnailUrl\":\"https:\/\/www.padreydecano.com\/cms\/wp-content\/uploads\/2021\/07\/emanuel-gulartee.jpeg\",\"keywords\":[\"Mercado de pases\"],\"articleSection\":[\"Noticias\"],\"inLanguage\":\"es\",\"potentialAction\":[{\"@type\":\"CommentAction\",\"name\":\"Comment\",\"target\":[\"https:\/\/www.padreydecano.com\/cms\/noticias\/refuerzos-y-salidas-en-penarol\/#respond\"]}]},{\"@type\":\"WebPage\",\"@id\":\"https:\/\/www.padreydecano.com\/cms\/noticias\/refuerzos-y-salidas-en-penarol\/\",\"url\":\"https:\/\/www.padreydecano.com\/cms\/noticias\/refuerzos-y-salidas-en-penarol\/\",\"name\":\"Refuerzos y salidas en Pe\u00f1arol - Padre y Decano - El Sitio del Pueblo\",\"isPartOf\":{\"@id\":\"https:\/\/www.padreydecano.com\/cms\/#website\"},\"primaryImageOfPage\":{\"@id\":\"https:\/\/www.padreydecano.com\/cms\/noticias\/refuerzos-y-salidas-en-penarol\/#primaryimage\"},\"image\":{\"@id\":\"https:\/\/www.padreydecano.com\/cms\/noticias\/refuerzos-y-salidas-en-penarol\/#primaryimage\"},\"thumbnailUrl\":\"https:\/\/www.padreydecano.com\/cms\/wp-content\/uploads\/2021\/07\/emanuel-gulartee.jpeg\",\"datePublished\":\"2021-07-27T21:22:45+00:00\",\"dateModified\":\"2021-07-30T04:07:14+00:00\",\"breadcrumb\":{\"@id\":\"https:\/\/www.padreydecano.com\/cms\/noticias\/refuerzos-y-salidas-en-penarol\/#breadcrumb\"},\"inLanguage\":\"es\",\"potentialAction\":[{\"@type\":\"ReadAction\",\"target\":[\"https:\/\/www.padreydecano.com\/cms\/noticias\/refuerzos-y-salidas-en-penarol\/\"]}]},{\"@type\":\"ImageObject\",\"inLanguage\":\"es\",\"@id\":\"https:\/\/www.padreydecano.com\/cms\/noticias\/refuerzos-y-salidas-en-penarol\/#primaryimage\",\"url\":\"https:\/\/www.padreydecano.com\/cms\/wp-content\/uploads\/2021\/07\/emanuel-gulartee.jpeg\",\"contentUrl\":\"https:\/\/www.padreydecano.com\/cms\/wp-content\/uploads\/2021\/07\/emanuel-gulartee.jpeg\",\"width\":761,\"height\":481},{\"@type\":\"BreadcrumbList\",\"@id\":\"https:\/\/www.padreydecano.com\/cms\/noticias\/refuerzos-y-salidas-en-penarol\/#breadcrumb\",\"itemListElement\":[{\"@type\":\"ListItem\",\"position\":1,\"name\":\"Portada\",\"item\":\"https:\/\/www.padreydecano.com\/cms\/\"},{\"@type\":\"ListItem\",\"position\":2,\"name\":\"Refuerzos y salidas en Pe\u00f1arol\"}]},{\"@type\":\"WebSite\",\"@id\":\"https:\/\/www.padreydecano.com\/cms\/#website\",\"url\":\"https:\/\/www.padreydecano.com\/cms\/\",\"name\":\"Padre y Decano - El Sitio del Pueblo\",\"description\":\"Club Atl\u00e9tico Pe\u00f1arol\",\"publisher\":{\"@id\":\"https:\/\/www.padreydecano.com\/cms\/#organization\"},\"potentialAction\":[{\"@type\":\"SearchAction\",\"target\":{\"@type\":\"EntryPoint\",\"urlTemplate\":\"https:\/\/www.padreydecano.com\/cms\/?s={search_term_string}\"},\"query-input\":\"required name=search_term_string\"}],\"inLanguage\":\"es\"},{\"@type\":\"Organization\",\"@id\":\"https:\/\/www.padreydecano.com\/cms\/#organization\",\"name\":\"Padre y Decano\",\"url\":\"https:\/\/www.padreydecano.com\/cms\/\",\"logo\":{\"@type\":\"ImageObject\",\"inLanguage\":\"es\",\"@id\":\"https:\/\/www.padreydecano.com\/cms\/#\/schema\/logo\/image\/\",\"url\":\"https:\/\/www.padreydecano.com\/cms\/wp-content\/uploads\/2022\/01\/avatar-square.png\",\"contentUrl\":\"https:\/\/www.padreydecano.com\/cms\/wp-content\/uploads\/2022\/01\/avatar-square.png\",\"width\":1500,\"height\":1500,\"caption\":\"Padre y Decano\"},\"image\":{\"@id\":\"https:\/\/www.padreydecano.com\/cms\/#\/schema\/logo\/image\/\"}},{\"@type\":\"Person\",\"@id\":\"https:\/\/www.padreydecano.com\/cms\/#\/schema\/person\/d93e9e537230ae052c194251d9a1def2\",\"name\":\"Moderador\",\"image\":{\"@type\":\"ImageObject\",\"inLanguage\":\"es\",\"@id\":\"https:\/\/www.padreydecano.com\/cms\/#\/schema\/person\/image\/\",\"url\":\"https:\/\/secure.gravatar.com\/avatar\/2587727bf8a53bd3da4ec49f01bea66e?s=96&d=https%3A%2F%2Fpadreydecano.com%2Fcms%2Fwp-content%2Fthemes%2Fpyd-theme%2Fimg%2Fdefault-avatar.png&r=g\",\"contentUrl\":\"https:\/\/secure.gravatar.com\/avatar\/2587727bf8a53bd3da4ec49f01bea66e?s=96&d=https%3A%2F%2Fpadreydecano.com%2Fcms%2Fwp-content%2Fthemes%2Fpyd-theme%2Fimg%2Fdefault-avatar.png&r=g\",\"caption\":\"Moderador\"}}]}<\/script>\n<!-- \/ Yoast SEO plugin. -->","yoast_head_json":{"title":"Refuerzos y salidas en Pe\u00f1arol - Padre y Decano - El Sitio del Pueblo","robots":{"index":"index","follow":"follow","max-snippet":"max-snippet:-1","max-image-preview":"max-image-preview:large","max-video-preview":"max-video-preview:-1"},"canonical":"https:\/\/www.padreydecano.com\/cms\/noticias\/refuerzos-y-salidas-en-penarol\/","og_locale":"es_ES","og_type":"article","og_title":"Refuerzos y salidas en Pe\u00f1arol - Padre y Decano - El Sitio del Pueblo","og_description":"La dirigencia y el \u00e1rea deportiva trabajan en la llegada de jugadores para la entidad decana. Emanuel Gularte es uno de los defensas que pueden llegar al plantel que conduce Mauricio Larriera, mientras que Juan Manuel Iturbe es uno de los nombres que se manejan para reforzar el ataque. Gast\u00f3n Silva y Robert Ergas son [&hellip;]","og_url":"https:\/\/www.padreydecano.com\/cms\/noticias\/refuerzos-y-salidas-en-penarol\/","og_site_name":"Padre y Decano - El Sitio del Pueblo","article_published_time":"2021-07-27T21:22:45+00:00","article_modified_time":"2021-07-30T04:07:14+00:00","og_image":[{"width":761,"height":481,"url":"https:\/\/www.padreydecano.com\/cms\/wp-content\/uploads\/2021\/07\/emanuel-gulartee.jpeg","type":"image\/jpeg"}],"author":"Moderador","twitter_card":"summary_large_image","twitter_misc":{"Escrito por":"Moderador","Tiempo de lectura":"2 minutos"},"schema":{"@context":"https:\/\/schema.org","@graph":[{"@type":"Article","@id":"https:\/\/www.padreydecano.com\/cms\/noticias\/refuerzos-y-salidas-en-penarol\/#article","isPartOf":{"@id":"https:\/\/www.padreydecano.com\/cms\/noticias\/refuerzos-y-salidas-en-penarol\/"},"author":{"name":"Moderador","@id":"https:\/\/www.padreydecano.com\/cms\/#\/schema\/person\/d93e9e537230ae052c194251d9a1def2"},"headline":"Refuerzos y salidas en Pe\u00f1arol","datePublished":"2021-07-27T21:22:45+00:00","dateModified":"2021-07-30T04:07:14+00:00","mainEntityOfPage":{"@id":"https:\/\/www.padreydecano.com\/cms\/noticias\/refuerzos-y-salidas-en-penarol\/"},"wordCount":365,"commentCount":124,"publisher":{"@id":"https:\/\/www.padreydecano.com\/cms\/#organization"},"image":{"@id":"https:\/\/www.padreydecano.com\/cms\/noticias\/refuerzos-y-salidas-en-penarol\/#primaryimage"},"thumbnailUrl":"https:\/\/www.padreydecano.com\/cms\/wp-content\/uploads\/2021\/07\/emanuel-gulartee.jpeg","keywords":["Mercado de pases"],"articleSection":["Noticias"],"inLanguage":"es","potentialAction":[{"@type":"CommentAction","name":"Comment","target":["https:\/\/www.padreydecano.com\/cms\/noticias\/refuerzos-y-salidas-en-penarol\/#respond"]}]},{"@type":"WebPage","@id":"https:\/\/www.padreydecano.com\/cms\/noticias\/refuerzos-y-salidas-en-penarol\/","url":"https:\/\/www.padreydecano.com\/cms\/noticias\/refuerzos-y-salidas-en-penarol\/","name":"Refuerzos y salidas en Pe\u00f1arol - Padre y Decano - El Sitio del Pueblo","isPartOf":{"@id":"https:\/\/www.padreydecano.com\/cms\/#website"},"primaryImageOfPage":{"@id":"https:\/\/www.padreydecano.com\/cms\/noticias\/refuerzos-y-salidas-en-penarol\/#primaryimage"},"image":{"@id":"https:\/\/www.padreydecano.com\/cms\/noticias\/refuerzos-y-salidas-en-penarol\/#primaryimage"},"thumbnailUrl":"https:\/\/www.padreydecano.com\/cms\/wp-content\/uploads\/2021\/07\/emanuel-gulartee.jpeg","datePublished":"2021-07-27T21:22:45+00:00","dateModified":"2021-07-30T04:07:14+00:00","breadcrumb":{"@id":"https:\/\/www.padreydecano.com\/cms\/noticias\/refuerzos-y-salidas-en-penarol\/#breadcrumb"},"inLanguage":"es","potentialAction":[{"@type":"ReadAction","target":["https:\/\/www.padreydecano.com\/cms\/noticias\/refuerzos-y-salidas-en-penarol\/"]}]},{"@type":"ImageObject","inLanguage":"es","@id":"https:\/\/www.padreydecano.com\/cms\/noticias\/refuerzos-y-salidas-en-penarol\/#primaryimage","url":"https:\/\/www.padreydecano.com\/cms\/wp-content\/uploads\/2021\/07\/emanuel-gulartee.jpeg","contentUrl":"https:\/\/www.padreydecano.com\/cms\/wp-content\/uploads\/2021\/07\/emanuel-gulartee.jpeg","width":761,"height":481},{"@type":"BreadcrumbList","@id":"https:\/\/www.padreydecano.com\/cms\/noticias\/refuerzos-y-salidas-en-penarol\/#breadcrumb","itemListElement":[{"@type":"ListItem","position":1,"name":"Portada","item":"https:\/\/www.padreydecano.com\/cms\/"},{"@type":"ListItem","position":2,"name":"Refuerzos y salidas en Pe\u00f1arol"}]},{"@type":"WebSite","@id":"https:\/\/www.padreydecano.com\/cms\/#website","url":"https:\/\/www.padreydecano.com\/cms\/","name":"Padre y Decano - El Sitio del Pueblo","description":"Club Atl\u00e9tico Pe\u00f1arol","publisher":{"@id":"https:\/\/www.padreydecano.com\/cms\/#organization"},"potentialAction":[{"@type":"SearchAction","target":{"@type":"EntryPoint","urlTemplate":"https:\/\/www.padreydecano.com\/cms\/?s={search_term_string}"},"query-input":"required name=search_term_string"}],"inLanguage":"es"},{"@type":"Organization","@id":"https:\/\/www.padreydecano.com\/cms\/#organization","name":"Padre y Decano","url":"https:\/\/www.padreydecano.com\/cms\/","logo":{"@type":"ImageObject","inLanguage":"es","@id":"https:\/\/www.padreydecano.com\/cms\/#\/schema\/logo\/image\/","url":"https:\/\/www.padreydecano.com\/cms\/wp-content\/uploads\/2022\/01\/avatar-square.png","contentUrl":"https:\/\/www.padreydecano.com\/cms\/wp-content\/uploads\/2022\/01\/avatar-square.png","width":1500,"height":1500,"caption":"Padre y Decano"},"image":{"@id":"https:\/\/www.padreydecano.com\/cms\/#\/schema\/logo\/image\/"}},{"@type":"Person","@id":"https:\/\/www.padreydecano.com\/cms\/#\/schema\/person\/d93e9e537230ae052c194251d9a1def2","name":"Moderador","image":{"@type":"ImageObject","inLanguage":"es","@id":"https:\/\/www.padreydecano.com\/cms\/#\/schema\/person\/image\/","url":"https:\/\/secure.gravatar.com\/avatar\/2587727bf8a53bd3da4ec49f01bea66e?s=96&d=https%3A%2F%2Fpadreydecano.com%2Fcms%2Fwp-content%2Fthemes%2Fpyd-theme%2Fimg%2Fdefault-avatar.png&r=g","contentUrl":"https:\/\/secure.gravatar.com\/avatar\/2587727bf8a53bd3da4ec49f01bea66e?s=96&d=https%3A%2F%2Fpadreydecano.com%2Fcms%2Fwp-content%2Fthemes%2Fpyd-theme%2Fimg%2Fdefault-avatar.png&r=g","caption":"Moderador"}}]}},"_links":{"self":[{"href":"https:\/\/www.padreydecano.com\/cms\/wp-json\/wp\/v2\/posts\/76483"}],"collection":[{"href":"https:\/\/www.padreydecano.com\/cms\/wp-json\/wp\/v2\/posts"}],"about":[{"href":"https:\/\/www.padreydecano.com\/cms\/wp-json\/wp\/v2\/types\/post"}],"author":[{"embeddable":true,"href":"https:\/\/www.padreydecano.com\/cms\/wp-json\/wp\/v2\/users\/13"}],"replies":[{"embeddable":true,"href":"https:\/\/www.padreydecano.com\/cms\/wp-json\/wp\/v2\/comments?post=76483"}],"version-history":[{"count":0,"href":"https:\/\/www.padreydecano.com\/cms\/wp-json\/wp\/v2\/posts\/76483\/revisions"}],"wp:featuredmedia":[{"embeddable":true,"href":"https:\/\/www.padreydecano.com\/cms\/wp-json\/wp\/v2\/media\/76487"}],"wp:attachment":[{"href":"https:\/\/www.padreydecano.com\/cms\/wp-json\/wp\/v2\/media?parent=76483"}],"wp:term":[{"taxonomy":"category","embeddable":true,"href":"https:\/\/www.padreydecano.com\/cms\/wp-json\/wp\/v2\/categories?post=76483"},{"taxonomy":"post_tag","embeddable":true,"href":"https:\/\/www.padreydecano.com\/cms\/wp-json\/wp\/v2\/tags?post=76483"}],"curies":[{"name":"wp","href":"https:\/\/api.w.org\/{rel}","templated":true}]}}