{"id":76427,"date":"2021-07-21T13:36:39","date_gmt":"2021-07-21T16:36:39","guid":{"rendered":"http:\/\/www.padreydecano.com\/cms\/?p=76427"},"modified":"2021-07-21T13:51:03","modified_gmt":"2021-07-21T16:51:03","slug":"clasico-recibimiento-al-omnibus-del-plantel","status":"publish","type":"post","link":"https:\/\/www.padreydecano.com\/cms\/tribuna\/clasico-recibimiento-al-omnibus-del-plantel\/","title":{"rendered":"Cl\u00e1sico: Recibimiento al \u00f3mnibus del plantel"},"content":{"rendered":"<p><a href=\"https:\/\/www.padreydecano.com\/cms\/wp-content\/uploads\/2021\/07\/Recibimiento-cl\u00e1sico-Sudamericana2.png\" rel=\"shadowbox[sbpost-76427];player=img;\"><img loading=\"lazy\" decoding=\"async\" class=\"aligncenter size-full wp-image-76428\" src=\"https:\/\/www.padreydecano.com\/cms\/wp-content\/uploads\/2021\/07\/Recibimiento-cl\u00e1sico-Sudamericana2.png\" alt=\"\" width=\"1024\" height=\"1024\" srcset=\"https:\/\/www.padreydecano.com\/cms\/wp-content\/uploads\/2021\/07\/Recibimiento-cl\u00e1sico-Sudamericana2.png 1024w, https:\/\/www.padreydecano.com\/cms\/wp-content\/uploads\/2021\/07\/Recibimiento-cl\u00e1sico-Sudamericana2-150x150.png 150w, https:\/\/www.padreydecano.com\/cms\/wp-content\/uploads\/2021\/07\/Recibimiento-cl\u00e1sico-Sudamericana2-600x600.png 600w, https:\/\/www.padreydecano.com\/cms\/wp-content\/uploads\/2021\/07\/Recibimiento-cl\u00e1sico-Sudamericana2-768x768.png 768w, https:\/\/www.padreydecano.com\/cms\/wp-content\/uploads\/2021\/07\/Recibimiento-cl\u00e1sico-Sudamericana2-36x36.png 36w\" sizes=\"(max-width: 1024px) 100vw, 1024px\" \/><\/a><\/p>\n<p><strong>Recibimos y publicamos:<\/strong><\/p>\n<p><em>\u00a1RECIBIMIENTO AL \u00d3MNIBUS! \ud83d\udc47<\/em><\/p>\n<p><em>Tal como se realiz\u00f3 en los cl\u00e1sicos anteriores, volvemos a hacer un recibimiento al \u00f3mnibus de Pe\u00f1arol.<\/em><\/p>\n<p><em>&#8211; Este recibimiento NO ser\u00e1 en el CDS por la zona de exclusi\u00f3n del partido, tampoco en la puerta de Los Aromos por la dimensi\u00f3n de la calle.<\/em><br \/>\n<em>&#8211; El recibimiento ser\u00e1 A LO LARGO DE TODO EL RECORRIDO DEL \u00d3MNIBUS POR LA RUTA 8, desde el cruce con Los Aromos hasta Zonamerica.<\/em><br \/>\n<em>&#8211; Debemos formar un pasillo para la pasada de veh\u00edculos y el \u00f3mnibus, ubic\u00e1ndonos en el cantero y al costado de la ruta, todo a lo largo de los 6km del trayecto.<\/em><br \/>\n<em>&#8211; Se incita a que todos llevemos algo de pirotecnia, de todas formas se repartir\u00e1 a lo largo de todo el trayecto.<\/em><\/p>\n<p><em>Incitamos a todos los vecinos de la zona a acercarse a la ruta 8 en la pasada del \u00f3mnibus.<\/em><\/p>\n<p><em>\u00a1Ser\u00e1n 6 km de recibimiento!<\/em><\/p>\n<p><em>Nos juntamos a las 18:30 hs.<\/em><\/p>\n<p><em><a class=\" xil3i\" tabindex=\"0\" href=\"https:\/\/www.instagram.com\/explore\/tags\/losdue%C3%B1osdelafiesta\/\">#LosDue\u00f1osDeLaFiesta<\/a><\/em><br \/>\n<em><a class=\" xil3i\" tabindex=\"0\" href=\"https:\/\/www.instagram.com\/explore\/tags\/lafiestaendoscolores\/\">#LaFiestaEnDosColores<\/a><\/em><\/p>\n","protected":false},"excerpt":{"rendered":"<p>Recibimos y publicamos: \u00a1RECIBIMIENTO AL \u00d3MNIBUS! \ud83d\udc47 Tal como se realiz\u00f3 en los cl\u00e1sicos anteriores, volvemos a hacer un recibimiento al \u00f3mnibus de Pe\u00f1arol. &#8211; Este recibimiento NO ser\u00e1 en el CDS por la zona de exclusi\u00f3n del partido, tampoco en la puerta de Los Aromos por la dimensi\u00f3n de la calle. &#8211; El recibimiento [&hellip;]<\/p>\n","protected":false},"author":10,"featured_media":76431,"comment_status":"open","ping_status":"closed","sticky":false,"template":"","format":"standard","meta":{"footnotes":""},"categories":[31],"tags":[],"yoast_head":"<!-- This site is optimized with the Yoast SEO plugin v23.2 - https:\/\/yoast.com\/wordpress\/plugins\/seo\/ -->\n<title>Cl\u00e1sico: Recibimiento al \u00f3mnibus del plantel - Padre y Decano - El Sitio del Pueblo<\/title>\n<meta name=\"robots\" content=\"index, follow, max-snippet:-1, max-image-preview:large, max-video-preview:-1\" \/>\n<link rel=\"canonical\" href=\"https:\/\/www.padreydecano.com\/cms\/tribuna\/clasico-recibimiento-al-omnibus-del-plantel\/\" \/>\n<meta property=\"og:locale\" content=\"es_ES\" \/>\n<meta property=\"og:type\" content=\"article\" \/>\n<meta property=\"og:title\" content=\"Cl\u00e1sico: Recibimiento al \u00f3mnibus del plantel - Padre y Decano - El Sitio del Pueblo\" \/>\n<meta property=\"og:description\" content=\"Recibimos y publicamos: \u00a1RECIBIMIENTO AL \u00d3MNIBUS! \ud83d\udc47 Tal como se realiz\u00f3 en los cl\u00e1sicos anteriores, volvemos a hacer un recibimiento al \u00f3mnibus de Pe\u00f1arol. &#8211; Este recibimiento NO ser\u00e1 en el CDS por la zona de exclusi\u00f3n del partido, tampoco en la puerta de Los Aromos por la dimensi\u00f3n de la calle. &#8211; El recibimiento [&hellip;]\" \/>\n<meta property=\"og:url\" content=\"https:\/\/www.padreydecano.com\/cms\/tribuna\/clasico-recibimiento-al-omnibus-del-plantel\/\" \/>\n<meta property=\"og:site_name\" content=\"Padre y Decano - El Sitio del Pueblo\" \/>\n<meta property=\"article:published_time\" content=\"2021-07-21T16:36:39+00:00\" \/>\n<meta property=\"article:modified_time\" content=\"2021-07-21T16:51:03+00:00\" \/>\n<meta property=\"og:image\" content=\"https:\/\/www.padreydecano.com\/cms\/wp-content\/uploads\/2021\/07\/bus-chica.png\" \/>\n\t<meta property=\"og:image:width\" content=\"637\" \/>\n\t<meta property=\"og:image:height\" content=\"326\" \/>\n\t<meta property=\"og:image:type\" content=\"image\/png\" \/>\n<meta name=\"author\" content=\"fishoapyd\" \/>\n<meta name=\"twitter:card\" content=\"summary_large_image\" \/>\n<meta name=\"twitter:label1\" content=\"Escrito por\" \/>\n\t<meta name=\"twitter:data1\" content=\"fishoapyd\" \/>\n\t<meta name=\"twitter:label2\" content=\"Tiempo de lectura\" \/>\n\t<meta name=\"twitter:data2\" content=\"1 minuto\" \/>\n<script type=\"application\/ld+json\" class=\"yoast-schema-graph\">{\"@context\":\"https:\/\/schema.org\",\"@graph\":[{\"@type\":\"Article\",\"@id\":\"https:\/\/www.padreydecano.com\/cms\/tribuna\/clasico-recibimiento-al-omnibus-del-plantel\/#article\",\"isPartOf\":{\"@id\":\"https:\/\/www.padreydecano.com\/cms\/tribuna\/clasico-recibimiento-al-omnibus-del-plantel\/\"},\"author\":{\"name\":\"fishoapyd\",\"@id\":\"https:\/\/www.padreydecano.com\/cms\/#\/schema\/person\/1376f1ec91158cca7aeef6d2109f929d\"},\"headline\":\"Cl\u00e1sico: Recibimiento al \u00f3mnibus del plantel\",\"datePublished\":\"2021-07-21T16:36:39+00:00\",\"dateModified\":\"2021-07-21T16:51:03+00:00\",\"mainEntityOfPage\":{\"@id\":\"https:\/\/www.padreydecano.com\/cms\/tribuna\/clasico-recibimiento-al-omnibus-del-plantel\/\"},\"wordCount\":173,\"commentCount\":12,\"publisher\":{\"@id\":\"https:\/\/www.padreydecano.com\/cms\/#organization\"},\"image\":{\"@id\":\"https:\/\/www.padreydecano.com\/cms\/tribuna\/clasico-recibimiento-al-omnibus-del-plantel\/#primaryimage\"},\"thumbnailUrl\":\"https:\/\/www.padreydecano.com\/cms\/wp-content\/uploads\/2021\/07\/bus-chica.png\",\"articleSection\":[\"Tribuna\"],\"inLanguage\":\"es\",\"potentialAction\":[{\"@type\":\"CommentAction\",\"name\":\"Comment\",\"target\":[\"https:\/\/www.padreydecano.com\/cms\/tribuna\/clasico-recibimiento-al-omnibus-del-plantel\/#respond\"]}]},{\"@type\":\"WebPage\",\"@id\":\"https:\/\/www.padreydecano.com\/cms\/tribuna\/clasico-recibimiento-al-omnibus-del-plantel\/\",\"url\":\"https:\/\/www.padreydecano.com\/cms\/tribuna\/clasico-recibimiento-al-omnibus-del-plantel\/\",\"name\":\"Cl\u00e1sico: Recibimiento al \u00f3mnibus del plantel - Padre y Decano - El Sitio del Pueblo\",\"isPartOf\":{\"@id\":\"https:\/\/www.padreydecano.com\/cms\/#website\"},\"primaryImageOfPage\":{\"@id\":\"https:\/\/www.padreydecano.com\/cms\/tribuna\/clasico-recibimiento-al-omnibus-del-plantel\/#primaryimage\"},\"image\":{\"@id\":\"https:\/\/www.padreydecano.com\/cms\/tribuna\/clasico-recibimiento-al-omnibus-del-plantel\/#primaryimage\"},\"thumbnailUrl\":\"https:\/\/www.padreydecano.com\/cms\/wp-content\/uploads\/2021\/07\/bus-chica.png\",\"datePublished\":\"2021-07-21T16:36:39+00:00\",\"dateModified\":\"2021-07-21T16:51:03+00:00\",\"breadcrumb\":{\"@id\":\"https:\/\/www.padreydecano.com\/cms\/tribuna\/clasico-recibimiento-al-omnibus-del-plantel\/#breadcrumb\"},\"inLanguage\":\"es\",\"potentialAction\":[{\"@type\":\"ReadAction\",\"target\":[\"https:\/\/www.padreydecano.com\/cms\/tribuna\/clasico-recibimiento-al-omnibus-del-plantel\/\"]}]},{\"@type\":\"ImageObject\",\"inLanguage\":\"es\",\"@id\":\"https:\/\/www.padreydecano.com\/cms\/tribuna\/clasico-recibimiento-al-omnibus-del-plantel\/#primaryimage\",\"url\":\"https:\/\/www.padreydecano.com\/cms\/wp-content\/uploads\/2021\/07\/bus-chica.png\",\"contentUrl\":\"https:\/\/www.padreydecano.com\/cms\/wp-content\/uploads\/2021\/07\/bus-chica.png\",\"width\":637,\"height\":326},{\"@type\":\"BreadcrumbList\",\"@id\":\"https:\/\/www.padreydecano.com\/cms\/tribuna\/clasico-recibimiento-al-omnibus-del-plantel\/#breadcrumb\",\"itemListElement\":[{\"@type\":\"ListItem\",\"position\":1,\"name\":\"Portada\",\"item\":\"https:\/\/www.padreydecano.com\/cms\/\"},{\"@type\":\"ListItem\",\"position\":2,\"name\":\"Cl\u00e1sico: Recibimiento al \u00f3mnibus del plantel\"}]},{\"@type\":\"WebSite\",\"@id\":\"https:\/\/www.padreydecano.com\/cms\/#website\",\"url\":\"https:\/\/www.padreydecano.com\/cms\/\",\"name\":\"Padre y Decano - El Sitio del Pueblo\",\"description\":\"Club Atl\u00e9tico Pe\u00f1arol\",\"publisher\":{\"@id\":\"https:\/\/www.padreydecano.com\/cms\/#organization\"},\"potentialAction\":[{\"@type\":\"SearchAction\",\"target\":{\"@type\":\"EntryPoint\",\"urlTemplate\":\"https:\/\/www.padreydecano.com\/cms\/?s={search_term_string}\"},\"query-input\":\"required name=search_term_string\"}],\"inLanguage\":\"es\"},{\"@type\":\"Organization\",\"@id\":\"https:\/\/www.padreydecano.com\/cms\/#organization\",\"name\":\"Padre y Decano\",\"url\":\"https:\/\/www.padreydecano.com\/cms\/\",\"logo\":{\"@type\":\"ImageObject\",\"inLanguage\":\"es\",\"@id\":\"https:\/\/www.padreydecano.com\/cms\/#\/schema\/logo\/image\/\",\"url\":\"https:\/\/www.padreydecano.com\/cms\/wp-content\/uploads\/2022\/01\/avatar-square.png\",\"contentUrl\":\"https:\/\/www.padreydecano.com\/cms\/wp-content\/uploads\/2022\/01\/avatar-square.png\",\"width\":1500,\"height\":1500,\"caption\":\"Padre y Decano\"},\"image\":{\"@id\":\"https:\/\/www.padreydecano.com\/cms\/#\/schema\/logo\/image\/\"}},{\"@type\":\"Person\",\"@id\":\"https:\/\/www.padreydecano.com\/cms\/#\/schema\/person\/1376f1ec91158cca7aeef6d2109f929d\",\"name\":\"fishoapyd\",\"image\":{\"@type\":\"ImageObject\",\"inLanguage\":\"es\",\"@id\":\"https:\/\/www.padreydecano.com\/cms\/#\/schema\/person\/image\/\",\"url\":\"https:\/\/www.padreydecano.com\/cms\/wp-content\/uploads\/2022\/12\/avatar-square-1.png\",\"contentUrl\":\"https:\/\/www.padreydecano.com\/cms\/wp-content\/uploads\/2022\/12\/avatar-square-1.png\",\"caption\":\"fishoapyd\"},\"sameAs\":[\"http:\/\/www.padreydecano.com\"]}]}<\/script>\n<!-- \/ Yoast SEO plugin. -->","yoast_head_json":{"title":"Cl\u00e1sico: Recibimiento al \u00f3mnibus del plantel - Padre y Decano - El Sitio del Pueblo","robots":{"index":"index","follow":"follow","max-snippet":"max-snippet:-1","max-image-preview":"max-image-preview:large","max-video-preview":"max-video-preview:-1"},"canonical":"https:\/\/www.padreydecano.com\/cms\/tribuna\/clasico-recibimiento-al-omnibus-del-plantel\/","og_locale":"es_ES","og_type":"article","og_title":"Cl\u00e1sico: Recibimiento al \u00f3mnibus del plantel - Padre y Decano - El Sitio del Pueblo","og_description":"Recibimos y publicamos: \u00a1RECIBIMIENTO AL \u00d3MNIBUS! \ud83d\udc47 Tal como se realiz\u00f3 en los cl\u00e1sicos anteriores, volvemos a hacer un recibimiento al \u00f3mnibus de Pe\u00f1arol. &#8211; Este recibimiento NO ser\u00e1 en el CDS por la zona de exclusi\u00f3n del partido, tampoco en la puerta de Los Aromos por la dimensi\u00f3n de la calle. &#8211; El recibimiento [&hellip;]","og_url":"https:\/\/www.padreydecano.com\/cms\/tribuna\/clasico-recibimiento-al-omnibus-del-plantel\/","og_site_name":"Padre y Decano - El Sitio del Pueblo","article_published_time":"2021-07-21T16:36:39+00:00","article_modified_time":"2021-07-21T16:51:03+00:00","og_image":[{"width":637,"height":326,"url":"https:\/\/www.padreydecano.com\/cms\/wp-content\/uploads\/2021\/07\/bus-chica.png","type":"image\/png"}],"author":"fishoapyd","twitter_card":"summary_large_image","twitter_misc":{"Escrito por":"fishoapyd","Tiempo de lectura":"1 minuto"},"schema":{"@context":"https:\/\/schema.org","@graph":[{"@type":"Article","@id":"https:\/\/www.padreydecano.com\/cms\/tribuna\/clasico-recibimiento-al-omnibus-del-plantel\/#article","isPartOf":{"@id":"https:\/\/www.padreydecano.com\/cms\/tribuna\/clasico-recibimiento-al-omnibus-del-plantel\/"},"author":{"name":"fishoapyd","@id":"https:\/\/www.padreydecano.com\/cms\/#\/schema\/person\/1376f1ec91158cca7aeef6d2109f929d"},"headline":"Cl\u00e1sico: Recibimiento al \u00f3mnibus del plantel","datePublished":"2021-07-21T16:36:39+00:00","dateModified":"2021-07-21T16:51:03+00:00","mainEntityOfPage":{"@id":"https:\/\/www.padreydecano.com\/cms\/tribuna\/clasico-recibimiento-al-omnibus-del-plantel\/"},"wordCount":173,"commentCount":12,"publisher":{"@id":"https:\/\/www.padreydecano.com\/cms\/#organization"},"image":{"@id":"https:\/\/www.padreydecano.com\/cms\/tribuna\/clasico-recibimiento-al-omnibus-del-plantel\/#primaryimage"},"thumbnailUrl":"https:\/\/www.padreydecano.com\/cms\/wp-content\/uploads\/2021\/07\/bus-chica.png","articleSection":["Tribuna"],"inLanguage":"es","potentialAction":[{"@type":"CommentAction","name":"Comment","target":["https:\/\/www.padreydecano.com\/cms\/tribuna\/clasico-recibimiento-al-omnibus-del-plantel\/#respond"]}]},{"@type":"WebPage","@id":"https:\/\/www.padreydecano.com\/cms\/tribuna\/clasico-recibimiento-al-omnibus-del-plantel\/","url":"https:\/\/www.padreydecano.com\/cms\/tribuna\/clasico-recibimiento-al-omnibus-del-plantel\/","name":"Cl\u00e1sico: Recibimiento al \u00f3mnibus del plantel - Padre y Decano - El Sitio del Pueblo","isPartOf":{"@id":"https:\/\/www.padreydecano.com\/cms\/#website"},"primaryImageOfPage":{"@id":"https:\/\/www.padreydecano.com\/cms\/tribuna\/clasico-recibimiento-al-omnibus-del-plantel\/#primaryimage"},"image":{"@id":"https:\/\/www.padreydecano.com\/cms\/tribuna\/clasico-recibimiento-al-omnibus-del-plantel\/#primaryimage"},"thumbnailUrl":"https:\/\/www.padreydecano.com\/cms\/wp-content\/uploads\/2021\/07\/bus-chica.png","datePublished":"2021-07-21T16:36:39+00:00","dateModified":"2021-07-21T16:51:03+00:00","breadcrumb":{"@id":"https:\/\/www.padreydecano.com\/cms\/tribuna\/clasico-recibimiento-al-omnibus-del-plantel\/#breadcrumb"},"inLanguage":"es","potentialAction":[{"@type":"ReadAction","target":["https:\/\/www.padreydecano.com\/cms\/tribuna\/clasico-recibimiento-al-omnibus-del-plantel\/"]}]},{"@type":"ImageObject","inLanguage":"es","@id":"https:\/\/www.padreydecano.com\/cms\/tribuna\/clasico-recibimiento-al-omnibus-del-plantel\/#primaryimage","url":"https:\/\/www.padreydecano.com\/cms\/wp-content\/uploads\/2021\/07\/bus-chica.png","contentUrl":"https:\/\/www.padreydecano.com\/cms\/wp-content\/uploads\/2021\/07\/bus-chica.png","width":637,"height":326},{"@type":"BreadcrumbList","@id":"https:\/\/www.padreydecano.com\/cms\/tribuna\/clasico-recibimiento-al-omnibus-del-plantel\/#breadcrumb","itemListElement":[{"@type":"ListItem","position":1,"name":"Portada","item":"https:\/\/www.padreydecano.com\/cms\/"},{"@type":"ListItem","position":2,"name":"Cl\u00e1sico: Recibimiento al \u00f3mnibus del plantel"}]},{"@type":"WebSite","@id":"https:\/\/www.padreydecano.com\/cms\/#website","url":"https:\/\/www.padreydecano.com\/cms\/","name":"Padre y Decano - El Sitio del Pueblo","description":"Club Atl\u00e9tico Pe\u00f1arol","publisher":{"@id":"https:\/\/www.padreydecano.com\/cms\/#organization"},"potentialAction":[{"@type":"SearchAction","target":{"@type":"EntryPoint","urlTemplate":"https:\/\/www.padreydecano.com\/cms\/?s={search_term_string}"},"query-input":"required name=search_term_string"}],"inLanguage":"es"},{"@type":"Organization","@id":"https:\/\/www.padreydecano.com\/cms\/#organization","name":"Padre y Decano","url":"https:\/\/www.padreydecano.com\/cms\/","logo":{"@type":"ImageObject","inLanguage":"es","@id":"https:\/\/www.padreydecano.com\/cms\/#\/schema\/logo\/image\/","url":"https:\/\/www.padreydecano.com\/cms\/wp-content\/uploads\/2022\/01\/avatar-square.png","contentUrl":"https:\/\/www.padreydecano.com\/cms\/wp-content\/uploads\/2022\/01\/avatar-square.png","width":1500,"height":1500,"caption":"Padre y Decano"},"image":{"@id":"https:\/\/www.padreydecano.com\/cms\/#\/schema\/logo\/image\/"}},{"@type":"Person","@id":"https:\/\/www.padreydecano.com\/cms\/#\/schema\/person\/1376f1ec91158cca7aeef6d2109f929d","name":"fishoapyd","image":{"@type":"ImageObject","inLanguage":"es","@id":"https:\/\/www.padreydecano.com\/cms\/#\/schema\/person\/image\/","url":"https:\/\/www.padreydecano.com\/cms\/wp-content\/uploads\/2022\/12\/avatar-square-1.png","contentUrl":"https:\/\/www.padreydecano.com\/cms\/wp-content\/uploads\/2022\/12\/avatar-square-1.png","caption":"fishoapyd"},"sameAs":["http:\/\/www.padreydecano.com"]}]}},"_links":{"self":[{"href":"https:\/\/www.padreydecano.com\/cms\/wp-json\/wp\/v2\/posts\/76427"}],"collection":[{"href":"https:\/\/www.padreydecano.com\/cms\/wp-json\/wp\/v2\/posts"}],"about":[{"href":"https:\/\/www.padreydecano.com\/cms\/wp-json\/wp\/v2\/types\/post"}],"author":[{"embeddable":true,"href":"https:\/\/www.padreydecano.com\/cms\/wp-json\/wp\/v2\/users\/10"}],"replies":[{"embeddable":true,"href":"https:\/\/www.padreydecano.com\/cms\/wp-json\/wp\/v2\/comments?post=76427"}],"version-history":[{"count":0,"href":"https:\/\/www.padreydecano.com\/cms\/wp-json\/wp\/v2\/posts\/76427\/revisions"}],"wp:featuredmedia":[{"embeddable":true,"href":"https:\/\/www.padreydecano.com\/cms\/wp-json\/wp\/v2\/media\/76431"}],"wp:attachment":[{"href":"https:\/\/www.padreydecano.com\/cms\/wp-json\/wp\/v2\/media?parent=76427"}],"wp:term":[{"taxonomy":"category","embeddable":true,"href":"https:\/\/www.padreydecano.com\/cms\/wp-json\/wp\/v2\/categories?post=76427"},{"taxonomy":"post_tag","embeddable":true,"href":"https:\/\/www.padreydecano.com\/cms\/wp-json\/wp\/v2\/tags?post=76427"}],"curies":[{"name":"wp","href":"https:\/\/api.w.org\/{rel}","templated":true}]}}