{"id":76372,"date":"2021-07-13T16:52:35","date_gmt":"2021-07-13T19:52:35","guid":{"rendered":"http:\/\/www.padreydecano.com\/cms\/?p=76372"},"modified":"2021-07-14T10:16:57","modified_gmt":"2021-07-14T13:16:57","slug":"agustin-alvarez-martinez-el-plantel-esta-muy-unido-y-con-muchas-ganas-de-revancha","status":"publish","type":"post","link":"https:\/\/www.padreydecano.com\/cms\/noticias\/agustin-alvarez-martinez-el-plantel-esta-muy-unido-y-con-muchas-ganas-de-revancha\/","title":{"rendered":"Agust\u00edn \u00c1lvarez Mart\u00ednez: \u00abEl plantel est\u00e1 muy unido y con muchas ganas de revancha\u00bb"},"content":{"rendered":"<p style=\"text-align: justify;\"><a href=\"https:\/\/www.padreydecano.com\/cms\/wp-content\/uploads\/2021\/05\/IMG_20210530_191518.jpg\" rel=\"shadowbox[sbpost-76372];player=img;\"><img loading=\"lazy\" decoding=\"async\" class=\"size-full wp-image-76115\" src=\"https:\/\/www.padreydecano.com\/cms\/wp-content\/uploads\/2021\/05\/IMG_20210530_191518.jpg\" alt=\"Agust\u00edn Canario Alvarez\" width=\"1600\" height=\"1066\" srcset=\"https:\/\/www.padreydecano.com\/cms\/wp-content\/uploads\/2021\/05\/IMG_20210530_191518.jpg 1600w, https:\/\/www.padreydecano.com\/cms\/wp-content\/uploads\/2021\/05\/IMG_20210530_191518-600x400.jpg 600w, https:\/\/www.padreydecano.com\/cms\/wp-content\/uploads\/2021\/05\/IMG_20210530_191518-768x512.jpg 768w, https:\/\/www.padreydecano.com\/cms\/wp-content\/uploads\/2021\/05\/IMG_20210530_191518-1024x682.jpg 1024w\" sizes=\"(max-width: 1600px) 100vw, 1600px\" \/><\/a><\/p>\n<p style=\"text-align: justify;\"><strong style=\"text-align: justify;\">Agust\u00edn \u00c1lvarez Mart\u00ednez, goleador del plantel actual de Pe\u00f1arol, habl\u00f3 en <a href=\"http:\/\/www.twitter.com\/pydradio\">Padre y Decano Radio<\/a> de 1010 AM sobre los cl\u00e1sicos que se vienen, el equipo y su juego.<\/strong><\/p>\n<p style=\"text-align: justify;\"><span style=\"color: #ffcc00;\"><strong>Precauci\u00f3n:<\/strong> <\/span>\u00abEl viernes tuve una contractura en el entrenamiento, no era muy grande pero me dol\u00eda y me molestaba un poco, entonces no llegu\u00e9 a jugar y me estoy cuidando para el partido del jueves\u00bb.<\/p>\n<p style=\"text-align: justify;\"><span style=\"color: #ffcc00;\"><strong>Cl\u00e1sico:<\/strong><\/span> \u00abLa verdad que se espera con mucha ansiedad para que llegue el d\u00eda, pero por otro lado tenemos que estar tranquilos. Obviamente que es un cl\u00e1sico y en el Parque Central no va a ser igual que el pasado porque ya significa otra cosa. Es por Copa, queremos pasar de fase y vamos a hacer todo para hacerlo\u00bb.<\/p>\n<p style=\"text-align: justify;\"><span style=\"color: #ffcc00;\"><strong>Cl\u00e1sico Apertura:<\/strong><\/span> \u00abEl partido del Apertura se abri\u00f3 en un segundo. Fue un partido parejo, cometimos errores y vamos a corregirlos, estamos trabajando en eso. Pero tambi\u00e9n hicimos cosas muy buenas que tenemos seguir haci\u00e9ndolas. Yo creo que s\u00ed corregimos eso y hacemos lo que venimos haciendo con el tema del juego que venimos bien, vamos a lograr buenos resultados\u00bb.<\/p>\n<p style=\"text-align: justify;\"><span style=\"color: #ffcc00;\"><strong>Nahuelpan y jugadores sumando minutos:<\/strong> <\/span>\u00abPara el plantel siempre es bueno. Ellos vienen trabajando bien hace tiempo por eso se merec\u00edan la oportunidad. En el caso de Ariel, el partido pasado le dieron la chance y a lo que ven\u00eda entrenando muy bien y estando ah\u00ed lo hizo de buena manera en el partido con el gol y jugando bien. De a poco se va ganando su lugar, sabemos que es un muy buen jugador, pero que no le ha ido muy bien pero siempre con la mentalidad positiva, entrenando y ayudando siempre a todos los compa\u00f1eros. Gracias a eso sabemos que cuando le toque de nuevo lo va a hacer bien devuelta\u00bb.<\/p>\n<p style=\"text-align: justify;\"><span style=\"color: #ffcc00;\"><strong>Pol\u00e9mica del aeropuerto:<\/strong><\/span> \u00abSe rumoreaba pero nosotros ah\u00ed en la concentraci\u00f3n est\u00e1bamos tranquilos. Nosotros antes del partido en la semana sab\u00edamos que cab\u00eda esa posibilidad de que los compa\u00f1eros llegaran, pero despu\u00e9s pas\u00f3 todo muy raro y los compa\u00f1eros llegaron muy sobre la hora. Creo que para ellos fue una situaci\u00f3n inc\u00f3moda, pero para nosotros estar con el plantel completo es algo bueno y por suerte pudieron jugar y no les pas\u00f3 nada, eso es lo m\u00e1s importante\u00bb.<\/p>\n<p style=\"text-align: justify;\"><span style=\"color: #ffcc00;\"><strong>Sed de revancha:<\/strong><\/span> \u00abEl plantel est\u00e1 muy unido y con muchas ganas de revancha. Los cl\u00e1sicos siempre se vivien de distinta forma pero estos en especial al ser de copa me parecen m\u00e1s importantes. De los 3 cl\u00e1sicos que tenemos los 2 que vienen son los m\u00e1s importantes as\u00ed que vamos a dejar todo y obviamente que el equipo quiere revancha\u00bb.<\/p>\n<p style=\"text-align: justify;\"><strong><span style=\"color: #ffcc00;\">Juego:<\/span><\/strong> \u00abCreo que nos falt\u00f3 contundencia el cl\u00e1sico pasado. Ah\u00ed me hago cargo porque tuve chances de gol que desgraciadamente no fueron gol. El equipo jug\u00f3 bien, manejamos la pelota, pero como dije, tuvimos errores puntuales en determinado momento que fueron los goles. Despu\u00e9s del primero nos pusimos ansiosos para ir a buscar el empate y por ir arriba a buscar el resultado quedaron huecos en el fondo y consiguieron el segundo. Vamos a mejorar en eso y corregir los errores\u00bb.<\/p>\n<p style=\"text-align: justify;\"><span style=\"color: #ffcc00;\"><strong>Sin p\u00fablico:<\/strong><\/span> \u00abNo sabr\u00eda decir si ser\u00e1 menos intenso porque nunca me toc\u00f3 vivir un partido con p\u00fablico. Lo que me han contado mis compa\u00f1eros es que la gente influye mucho y nos hacen sentir. El otro d\u00eda en el cl\u00e1sico fue muy lindo estar pasando por nuestro estadio y que este toda la gente apoy\u00e1ndonos, es una de las cosas m\u00e1s lindas que tiene ser de Pe\u00f1arol\u00bb.<\/p>\n<p style=\"text-align: justify;\"><span style=\"color: #ffcc00;\"><strong>Copa Sudamericana:<\/strong><\/span> \u00abPodr\u00eda decir que el grupo est\u00e1 paso por paso, primero en lo que viene y despu\u00e9s si pasamos se ver\u00e1, se estudiar\u00e1 a los rivales. Pero hoy en d\u00eda estamos metidos en estos cl\u00e1sicos\u00bb.<\/p>\n<p style=\"text-align: justify;\"><span style=\"color: #ffcc00;\"><strong>Torneo Apertura:<\/strong><\/span> \u00abNosotros seguimos, mientras tengamos chances vamos a seguir peleando todo tipo de campeonato. En el Apertura no hemos tenido buenos resultados pero seguimos con chances, estando en Pe\u00f1arol todo se tiene que luchar hasta el final y es lo que vamos a hacer, en el campeonato y en la Sudamericana\u00bb.<\/p>\n<p style=\"text-align: justify;\"><span style=\"color: #ffcc00;\"><strong>Juveniles:<\/strong><\/span> \u00abMe saco el sombrero porque la gente de Formativas siempre pero siempre me apoyo y hoy en d\u00eda que por suerte estoy en primera y jugando despu\u00e9s de cada partido, no importa el resultado ni el rendimiento siempre est\u00e1n apoyando. Eso es lo que te deja la formativas que para el jugador es algo hermoso que se agradece un mont\u00f3n\u00bb.<\/p>\n<p style=\"text-align: justify;\"><span style=\"color: #ffcc00;\"><strong>Gol cl\u00e1sico:<\/strong><\/span> \u00abEso lo so\u00f1\u00e9 cuando se sorte\u00f3. Sue\u00f1o mucho en clasificar, si se da con gol m\u00edo, mejor, pero lo principal y lo que se sue\u00f1a es clasificar sea como sea\u00bb.<\/p>\n<p style=\"text-align: justify;\"><span style=\"color: #ffcc00;\"><strong>Promesa:<\/strong><\/span> \u00abTodav\u00eda no promet\u00ed nada, por lo que he escuchado me parece que hay compa\u00f1eros que si lo hicieron, yo todav\u00eda no pero tendr\u00e9 que prometer algo\u00bb.<\/p>\n<p style=\"text-align: justify;\"><div class=\"user-wrapper\"><a class=\"userlink\"href=\"https:\/\/twitter.com\/ftrucce18\" target=\"_blank\"><figure><img decoding=\"async\" src=\"http:\/\/www.padreydecano.com\/cms\/wp-users-files\/postfirmas\/ftrucce.jpg\" \/><\/figure><p class=\"user\"><strong>Franco Trucce<\/strong><br \/>@FTrucce18<\/p><\/a><\/div><\/p>\n","protected":false},"excerpt":{"rendered":"<p>Agust\u00edn \u00c1lvarez Mart\u00ednez, goleador del plantel actual de Pe\u00f1arol, habl\u00f3 en Padre y Decano Radio de 1010 AM sobre los cl\u00e1sicos que se vienen, el equipo y su juego. Precauci\u00f3n: \u00abEl viernes tuve una contractura en el entrenamiento, no era muy grande pero me dol\u00eda y me molestaba un poco, entonces no llegu\u00e9 a jugar [&hellip;]<\/p>\n","protected":false},"author":27,"featured_media":76115,"comment_status":"open","ping_status":"closed","sticky":false,"template":"","format":"standard","meta":{"footnotes":""},"categories":[30,1],"tags":[76],"yoast_head":"<!-- This site is optimized with the Yoast SEO plugin v23.2 - https:\/\/yoast.com\/wordpress\/plugins\/seo\/ -->\n<title>Agust\u00edn \u00c1lvarez Mart\u00ednez: &quot;El plantel est\u00e1 muy unido y con muchas ganas de revancha&quot; - Padre y Decano - El Sitio del Pueblo<\/title>\n<meta name=\"robots\" content=\"index, follow, max-snippet:-1, max-image-preview:large, max-video-preview:-1\" \/>\n<link rel=\"canonical\" href=\"https:\/\/www.padreydecano.com\/cms\/noticias\/agustin-alvarez-martinez-el-plantel-esta-muy-unido-y-con-muchas-ganas-de-revancha\/\" \/>\n<meta property=\"og:locale\" content=\"es_ES\" \/>\n<meta property=\"og:type\" content=\"article\" \/>\n<meta property=\"og:title\" content=\"Agust\u00edn \u00c1lvarez Mart\u00ednez: &quot;El plantel est\u00e1 muy unido y con muchas ganas de revancha&quot; - Padre y Decano - El Sitio del Pueblo\" \/>\n<meta property=\"og:description\" content=\"Agust\u00edn \u00c1lvarez Mart\u00ednez, goleador del plantel actual de Pe\u00f1arol, habl\u00f3 en Padre y Decano Radio de 1010 AM sobre los cl\u00e1sicos que se vienen, el equipo y su juego. Precauci\u00f3n: \u00abEl viernes tuve una contractura en el entrenamiento, no era muy grande pero me dol\u00eda y me molestaba un poco, entonces no llegu\u00e9 a jugar [&hellip;]\" \/>\n<meta property=\"og:url\" content=\"https:\/\/www.padreydecano.com\/cms\/noticias\/agustin-alvarez-martinez-el-plantel-esta-muy-unido-y-con-muchas-ganas-de-revancha\/\" \/>\n<meta property=\"og:site_name\" content=\"Padre y Decano - El Sitio del Pueblo\" \/>\n<meta property=\"article:published_time\" content=\"2021-07-13T19:52:35+00:00\" \/>\n<meta property=\"article:modified_time\" content=\"2021-07-14T13:16:57+00:00\" \/>\n<meta property=\"og:image\" content=\"https:\/\/www.padreydecano.com\/cms\/wp-content\/uploads\/2021\/05\/IMG_20210530_191518.jpg\" \/>\n\t<meta property=\"og:image:width\" content=\"1600\" \/>\n\t<meta property=\"og:image:height\" content=\"1066\" \/>\n\t<meta property=\"og:image:type\" content=\"image\/jpeg\" \/>\n<meta name=\"author\" content=\"Redactores Padre y Decano\" \/>\n<meta name=\"twitter:card\" content=\"summary_large_image\" \/>\n<meta name=\"twitter:label1\" content=\"Escrito por\" \/>\n\t<meta name=\"twitter:data1\" content=\"Redactores Padre y Decano\" \/>\n\t<meta name=\"twitter:label2\" content=\"Tiempo de lectura\" \/>\n\t<meta name=\"twitter:data2\" content=\"4 minutos\" \/>\n<script type=\"application\/ld+json\" class=\"yoast-schema-graph\">{\"@context\":\"https:\/\/schema.org\",\"@graph\":[{\"@type\":\"Article\",\"@id\":\"https:\/\/www.padreydecano.com\/cms\/noticias\/agustin-alvarez-martinez-el-plantel-esta-muy-unido-y-con-muchas-ganas-de-revancha\/#article\",\"isPartOf\":{\"@id\":\"https:\/\/www.padreydecano.com\/cms\/noticias\/agustin-alvarez-martinez-el-plantel-esta-muy-unido-y-con-muchas-ganas-de-revancha\/\"},\"author\":{\"name\":\"Redactores Padre y Decano\",\"@id\":\"https:\/\/www.padreydecano.com\/cms\/#\/schema\/person\/37aae8f93aa78e4c5385497f056e3246\"},\"headline\":\"Agust\u00edn \u00c1lvarez Mart\u00ednez: \u00abEl plantel est\u00e1 muy unido y con muchas ganas de revancha\u00bb\",\"datePublished\":\"2021-07-13T19:52:35+00:00\",\"dateModified\":\"2021-07-14T13:16:57+00:00\",\"mainEntityOfPage\":{\"@id\":\"https:\/\/www.padreydecano.com\/cms\/noticias\/agustin-alvarez-martinez-el-plantel-esta-muy-unido-y-con-muchas-ganas-de-revancha\/\"},\"wordCount\":863,\"commentCount\":6,\"publisher\":{\"@id\":\"https:\/\/www.padreydecano.com\/cms\/#organization\"},\"image\":{\"@id\":\"https:\/\/www.padreydecano.com\/cms\/noticias\/agustin-alvarez-martinez-el-plantel-esta-muy-unido-y-con-muchas-ganas-de-revancha\/#primaryimage\"},\"thumbnailUrl\":\"https:\/\/www.padreydecano.com\/cms\/wp-content\/uploads\/2021\/05\/IMG_20210530_191518.jpg\",\"keywords\":[\"Voces del vestuario\"],\"articleSection\":[\"Entrevistas\",\"Noticias\"],\"inLanguage\":\"es\",\"potentialAction\":[{\"@type\":\"CommentAction\",\"name\":\"Comment\",\"target\":[\"https:\/\/www.padreydecano.com\/cms\/noticias\/agustin-alvarez-martinez-el-plantel-esta-muy-unido-y-con-muchas-ganas-de-revancha\/#respond\"]}]},{\"@type\":\"WebPage\",\"@id\":\"https:\/\/www.padreydecano.com\/cms\/noticias\/agustin-alvarez-martinez-el-plantel-esta-muy-unido-y-con-muchas-ganas-de-revancha\/\",\"url\":\"https:\/\/www.padreydecano.com\/cms\/noticias\/agustin-alvarez-martinez-el-plantel-esta-muy-unido-y-con-muchas-ganas-de-revancha\/\",\"name\":\"Agust\u00edn \u00c1lvarez Mart\u00ednez: \\\"El plantel est\u00e1 muy unido y con muchas ganas de revancha\\\" - Padre y Decano - El Sitio del Pueblo\",\"isPartOf\":{\"@id\":\"https:\/\/www.padreydecano.com\/cms\/#website\"},\"primaryImageOfPage\":{\"@id\":\"https:\/\/www.padreydecano.com\/cms\/noticias\/agustin-alvarez-martinez-el-plantel-esta-muy-unido-y-con-muchas-ganas-de-revancha\/#primaryimage\"},\"image\":{\"@id\":\"https:\/\/www.padreydecano.com\/cms\/noticias\/agustin-alvarez-martinez-el-plantel-esta-muy-unido-y-con-muchas-ganas-de-revancha\/#primaryimage\"},\"thumbnailUrl\":\"https:\/\/www.padreydecano.com\/cms\/wp-content\/uploads\/2021\/05\/IMG_20210530_191518.jpg\",\"datePublished\":\"2021-07-13T19:52:35+00:00\",\"dateModified\":\"2021-07-14T13:16:57+00:00\",\"breadcrumb\":{\"@id\":\"https:\/\/www.padreydecano.com\/cms\/noticias\/agustin-alvarez-martinez-el-plantel-esta-muy-unido-y-con-muchas-ganas-de-revancha\/#breadcrumb\"},\"inLanguage\":\"es\",\"potentialAction\":[{\"@type\":\"ReadAction\",\"target\":[\"https:\/\/www.padreydecano.com\/cms\/noticias\/agustin-alvarez-martinez-el-plantel-esta-muy-unido-y-con-muchas-ganas-de-revancha\/\"]}]},{\"@type\":\"ImageObject\",\"inLanguage\":\"es\",\"@id\":\"https:\/\/www.padreydecano.com\/cms\/noticias\/agustin-alvarez-martinez-el-plantel-esta-muy-unido-y-con-muchas-ganas-de-revancha\/#primaryimage\",\"url\":\"https:\/\/www.padreydecano.com\/cms\/wp-content\/uploads\/2021\/05\/IMG_20210530_191518.jpg\",\"contentUrl\":\"https:\/\/www.padreydecano.com\/cms\/wp-content\/uploads\/2021\/05\/IMG_20210530_191518.jpg\",\"width\":1600,\"height\":1066,\"caption\":\"Agust\u00edn Canario Alvarez\"},{\"@type\":\"BreadcrumbList\",\"@id\":\"https:\/\/www.padreydecano.com\/cms\/noticias\/agustin-alvarez-martinez-el-plantel-esta-muy-unido-y-con-muchas-ganas-de-revancha\/#breadcrumb\",\"itemListElement\":[{\"@type\":\"ListItem\",\"position\":1,\"name\":\"Portada\",\"item\":\"https:\/\/www.padreydecano.com\/cms\/\"},{\"@type\":\"ListItem\",\"position\":2,\"name\":\"Agust\u00edn \u00c1lvarez Mart\u00ednez: \u00abEl plantel est\u00e1 muy unido y con muchas ganas de revancha\u00bb\"}]},{\"@type\":\"WebSite\",\"@id\":\"https:\/\/www.padreydecano.com\/cms\/#website\",\"url\":\"https:\/\/www.padreydecano.com\/cms\/\",\"name\":\"Padre y Decano - El Sitio del Pueblo\",\"description\":\"Club Atl\u00e9tico Pe\u00f1arol\",\"publisher\":{\"@id\":\"https:\/\/www.padreydecano.com\/cms\/#organization\"},\"potentialAction\":[{\"@type\":\"SearchAction\",\"target\":{\"@type\":\"EntryPoint\",\"urlTemplate\":\"https:\/\/www.padreydecano.com\/cms\/?s={search_term_string}\"},\"query-input\":\"required name=search_term_string\"}],\"inLanguage\":\"es\"},{\"@type\":\"Organization\",\"@id\":\"https:\/\/www.padreydecano.com\/cms\/#organization\",\"name\":\"Padre y Decano\",\"url\":\"https:\/\/www.padreydecano.com\/cms\/\",\"logo\":{\"@type\":\"ImageObject\",\"inLanguage\":\"es\",\"@id\":\"https:\/\/www.padreydecano.com\/cms\/#\/schema\/logo\/image\/\",\"url\":\"https:\/\/www.padreydecano.com\/cms\/wp-content\/uploads\/2022\/01\/avatar-square.png\",\"contentUrl\":\"https:\/\/www.padreydecano.com\/cms\/wp-content\/uploads\/2022\/01\/avatar-square.png\",\"width\":1500,\"height\":1500,\"caption\":\"Padre y Decano\"},\"image\":{\"@id\":\"https:\/\/www.padreydecano.com\/cms\/#\/schema\/logo\/image\/\"}},{\"@type\":\"Person\",\"@id\":\"https:\/\/www.padreydecano.com\/cms\/#\/schema\/person\/37aae8f93aa78e4c5385497f056e3246\",\"name\":\"Redactores Padre y Decano\",\"image\":{\"@type\":\"ImageObject\",\"inLanguage\":\"es\",\"@id\":\"https:\/\/www.padreydecano.com\/cms\/#\/schema\/person\/image\/\",\"url\":\"https:\/\/secure.gravatar.com\/avatar\/8810c4b9081192b118b104af54549af8?s=96&d=https%3A%2F%2Fpadreydecano.com%2Fcms%2Fwp-content%2Fthemes%2Fpyd-theme%2Fimg%2Fdefault-avatar.png&r=g\",\"contentUrl\":\"https:\/\/secure.gravatar.com\/avatar\/8810c4b9081192b118b104af54549af8?s=96&d=https%3A%2F%2Fpadreydecano.com%2Fcms%2Fwp-content%2Fthemes%2Fpyd-theme%2Fimg%2Fdefault-avatar.png&r=g\",\"caption\":\"Redactores Padre y Decano\"},\"sameAs\":[\"http:\/\/www.padreydecano.com\"]}]}<\/script>\n<!-- \/ Yoast SEO plugin. -->","yoast_head_json":{"title":"Agust\u00edn \u00c1lvarez Mart\u00ednez: \"El plantel est\u00e1 muy unido y con muchas ganas de revancha\" - Padre y Decano - El Sitio del Pueblo","robots":{"index":"index","follow":"follow","max-snippet":"max-snippet:-1","max-image-preview":"max-image-preview:large","max-video-preview":"max-video-preview:-1"},"canonical":"https:\/\/www.padreydecano.com\/cms\/noticias\/agustin-alvarez-martinez-el-plantel-esta-muy-unido-y-con-muchas-ganas-de-revancha\/","og_locale":"es_ES","og_type":"article","og_title":"Agust\u00edn \u00c1lvarez Mart\u00ednez: \"El plantel est\u00e1 muy unido y con muchas ganas de revancha\" - Padre y Decano - El Sitio del Pueblo","og_description":"Agust\u00edn \u00c1lvarez Mart\u00ednez, goleador del plantel actual de Pe\u00f1arol, habl\u00f3 en Padre y Decano Radio de 1010 AM sobre los cl\u00e1sicos que se vienen, el equipo y su juego. Precauci\u00f3n: \u00abEl viernes tuve una contractura en el entrenamiento, no era muy grande pero me dol\u00eda y me molestaba un poco, entonces no llegu\u00e9 a jugar [&hellip;]","og_url":"https:\/\/www.padreydecano.com\/cms\/noticias\/agustin-alvarez-martinez-el-plantel-esta-muy-unido-y-con-muchas-ganas-de-revancha\/","og_site_name":"Padre y Decano - El Sitio del Pueblo","article_published_time":"2021-07-13T19:52:35+00:00","article_modified_time":"2021-07-14T13:16:57+00:00","og_image":[{"width":1600,"height":1066,"url":"https:\/\/www.padreydecano.com\/cms\/wp-content\/uploads\/2021\/05\/IMG_20210530_191518.jpg","type":"image\/jpeg"}],"author":"Redactores Padre y Decano","twitter_card":"summary_large_image","twitter_misc":{"Escrito por":"Redactores Padre y Decano","Tiempo de lectura":"4 minutos"},"schema":{"@context":"https:\/\/schema.org","@graph":[{"@type":"Article","@id":"https:\/\/www.padreydecano.com\/cms\/noticias\/agustin-alvarez-martinez-el-plantel-esta-muy-unido-y-con-muchas-ganas-de-revancha\/#article","isPartOf":{"@id":"https:\/\/www.padreydecano.com\/cms\/noticias\/agustin-alvarez-martinez-el-plantel-esta-muy-unido-y-con-muchas-ganas-de-revancha\/"},"author":{"name":"Redactores Padre y Decano","@id":"https:\/\/www.padreydecano.com\/cms\/#\/schema\/person\/37aae8f93aa78e4c5385497f056e3246"},"headline":"Agust\u00edn \u00c1lvarez Mart\u00ednez: \u00abEl plantel est\u00e1 muy unido y con muchas ganas de revancha\u00bb","datePublished":"2021-07-13T19:52:35+00:00","dateModified":"2021-07-14T13:16:57+00:00","mainEntityOfPage":{"@id":"https:\/\/www.padreydecano.com\/cms\/noticias\/agustin-alvarez-martinez-el-plantel-esta-muy-unido-y-con-muchas-ganas-de-revancha\/"},"wordCount":863,"commentCount":6,"publisher":{"@id":"https:\/\/www.padreydecano.com\/cms\/#organization"},"image":{"@id":"https:\/\/www.padreydecano.com\/cms\/noticias\/agustin-alvarez-martinez-el-plantel-esta-muy-unido-y-con-muchas-ganas-de-revancha\/#primaryimage"},"thumbnailUrl":"https:\/\/www.padreydecano.com\/cms\/wp-content\/uploads\/2021\/05\/IMG_20210530_191518.jpg","keywords":["Voces del vestuario"],"articleSection":["Entrevistas","Noticias"],"inLanguage":"es","potentialAction":[{"@type":"CommentAction","name":"Comment","target":["https:\/\/www.padreydecano.com\/cms\/noticias\/agustin-alvarez-martinez-el-plantel-esta-muy-unido-y-con-muchas-ganas-de-revancha\/#respond"]}]},{"@type":"WebPage","@id":"https:\/\/www.padreydecano.com\/cms\/noticias\/agustin-alvarez-martinez-el-plantel-esta-muy-unido-y-con-muchas-ganas-de-revancha\/","url":"https:\/\/www.padreydecano.com\/cms\/noticias\/agustin-alvarez-martinez-el-plantel-esta-muy-unido-y-con-muchas-ganas-de-revancha\/","name":"Agust\u00edn \u00c1lvarez Mart\u00ednez: \"El plantel est\u00e1 muy unido y con muchas ganas de revancha\" - Padre y Decano - El Sitio del Pueblo","isPartOf":{"@id":"https:\/\/www.padreydecano.com\/cms\/#website"},"primaryImageOfPage":{"@id":"https:\/\/www.padreydecano.com\/cms\/noticias\/agustin-alvarez-martinez-el-plantel-esta-muy-unido-y-con-muchas-ganas-de-revancha\/#primaryimage"},"image":{"@id":"https:\/\/www.padreydecano.com\/cms\/noticias\/agustin-alvarez-martinez-el-plantel-esta-muy-unido-y-con-muchas-ganas-de-revancha\/#primaryimage"},"thumbnailUrl":"https:\/\/www.padreydecano.com\/cms\/wp-content\/uploads\/2021\/05\/IMG_20210530_191518.jpg","datePublished":"2021-07-13T19:52:35+00:00","dateModified":"2021-07-14T13:16:57+00:00","breadcrumb":{"@id":"https:\/\/www.padreydecano.com\/cms\/noticias\/agustin-alvarez-martinez-el-plantel-esta-muy-unido-y-con-muchas-ganas-de-revancha\/#breadcrumb"},"inLanguage":"es","potentialAction":[{"@type":"ReadAction","target":["https:\/\/www.padreydecano.com\/cms\/noticias\/agustin-alvarez-martinez-el-plantel-esta-muy-unido-y-con-muchas-ganas-de-revancha\/"]}]},{"@type":"ImageObject","inLanguage":"es","@id":"https:\/\/www.padreydecano.com\/cms\/noticias\/agustin-alvarez-martinez-el-plantel-esta-muy-unido-y-con-muchas-ganas-de-revancha\/#primaryimage","url":"https:\/\/www.padreydecano.com\/cms\/wp-content\/uploads\/2021\/05\/IMG_20210530_191518.jpg","contentUrl":"https:\/\/www.padreydecano.com\/cms\/wp-content\/uploads\/2021\/05\/IMG_20210530_191518.jpg","width":1600,"height":1066,"caption":"Agust\u00edn Canario Alvarez"},{"@type":"BreadcrumbList","@id":"https:\/\/www.padreydecano.com\/cms\/noticias\/agustin-alvarez-martinez-el-plantel-esta-muy-unido-y-con-muchas-ganas-de-revancha\/#breadcrumb","itemListElement":[{"@type":"ListItem","position":1,"name":"Portada","item":"https:\/\/www.padreydecano.com\/cms\/"},{"@type":"ListItem","position":2,"name":"Agust\u00edn \u00c1lvarez Mart\u00ednez: \u00abEl plantel est\u00e1 muy unido y con muchas ganas de revancha\u00bb"}]},{"@type":"WebSite","@id":"https:\/\/www.padreydecano.com\/cms\/#website","url":"https:\/\/www.padreydecano.com\/cms\/","name":"Padre y Decano - El Sitio del Pueblo","description":"Club Atl\u00e9tico Pe\u00f1arol","publisher":{"@id":"https:\/\/www.padreydecano.com\/cms\/#organization"},"potentialAction":[{"@type":"SearchAction","target":{"@type":"EntryPoint","urlTemplate":"https:\/\/www.padreydecano.com\/cms\/?s={search_term_string}"},"query-input":"required name=search_term_string"}],"inLanguage":"es"},{"@type":"Organization","@id":"https:\/\/www.padreydecano.com\/cms\/#organization","name":"Padre y Decano","url":"https:\/\/www.padreydecano.com\/cms\/","logo":{"@type":"ImageObject","inLanguage":"es","@id":"https:\/\/www.padreydecano.com\/cms\/#\/schema\/logo\/image\/","url":"https:\/\/www.padreydecano.com\/cms\/wp-content\/uploads\/2022\/01\/avatar-square.png","contentUrl":"https:\/\/www.padreydecano.com\/cms\/wp-content\/uploads\/2022\/01\/avatar-square.png","width":1500,"height":1500,"caption":"Padre y Decano"},"image":{"@id":"https:\/\/www.padreydecano.com\/cms\/#\/schema\/logo\/image\/"}},{"@type":"Person","@id":"https:\/\/www.padreydecano.com\/cms\/#\/schema\/person\/37aae8f93aa78e4c5385497f056e3246","name":"Redactores Padre y Decano","image":{"@type":"ImageObject","inLanguage":"es","@id":"https:\/\/www.padreydecano.com\/cms\/#\/schema\/person\/image\/","url":"https:\/\/secure.gravatar.com\/avatar\/8810c4b9081192b118b104af54549af8?s=96&d=https%3A%2F%2Fpadreydecano.com%2Fcms%2Fwp-content%2Fthemes%2Fpyd-theme%2Fimg%2Fdefault-avatar.png&r=g","contentUrl":"https:\/\/secure.gravatar.com\/avatar\/8810c4b9081192b118b104af54549af8?s=96&d=https%3A%2F%2Fpadreydecano.com%2Fcms%2Fwp-content%2Fthemes%2Fpyd-theme%2Fimg%2Fdefault-avatar.png&r=g","caption":"Redactores Padre y Decano"},"sameAs":["http:\/\/www.padreydecano.com"]}]}},"_links":{"self":[{"href":"https:\/\/www.padreydecano.com\/cms\/wp-json\/wp\/v2\/posts\/76372"}],"collection":[{"href":"https:\/\/www.padreydecano.com\/cms\/wp-json\/wp\/v2\/posts"}],"about":[{"href":"https:\/\/www.padreydecano.com\/cms\/wp-json\/wp\/v2\/types\/post"}],"author":[{"embeddable":true,"href":"https:\/\/www.padreydecano.com\/cms\/wp-json\/wp\/v2\/users\/27"}],"replies":[{"embeddable":true,"href":"https:\/\/www.padreydecano.com\/cms\/wp-json\/wp\/v2\/comments?post=76372"}],"version-history":[{"count":0,"href":"https:\/\/www.padreydecano.com\/cms\/wp-json\/wp\/v2\/posts\/76372\/revisions"}],"wp:featuredmedia":[{"embeddable":true,"href":"https:\/\/www.padreydecano.com\/cms\/wp-json\/wp\/v2\/media\/76115"}],"wp:attachment":[{"href":"https:\/\/www.padreydecano.com\/cms\/wp-json\/wp\/v2\/media?parent=76372"}],"wp:term":[{"taxonomy":"category","embeddable":true,"href":"https:\/\/www.padreydecano.com\/cms\/wp-json\/wp\/v2\/categories?post=76372"},{"taxonomy":"post_tag","embeddable":true,"href":"https:\/\/www.padreydecano.com\/cms\/wp-json\/wp\/v2\/tags?post=76372"}],"curies":[{"name":"wp","href":"https:\/\/api.w.org\/{rel}","templated":true}]}}