{"id":76364,"date":"2021-07-12T17:07:53","date_gmt":"2021-07-12T20:07:53","guid":{"rendered":"http:\/\/www.padreydecano.com\/cms\/?p=76364"},"modified":"2021-07-12T17:42:57","modified_gmt":"2021-07-12T20:42:57","slug":"giovanni-gonzalez-fue-un-momento-incomodo-para-todos","status":"publish","type":"post","link":"https:\/\/www.padreydecano.com\/cms\/noticias\/giovanni-gonzalez-fue-un-momento-incomodo-para-todos\/","title":{"rendered":"Giovanni Gonz\u00e1lez: \u00abFue un momento inc\u00f3modo para todos\u00bb"},"content":{"rendered":"<p><a href=\"https:\/\/www.padreydecano.com\/cms\/wp-content\/uploads\/2021\/07\/IMG-20210712-WA0052.jpg\" rel=\"shadowbox[sbpost-76364];player=img;\"><img loading=\"lazy\" decoding=\"async\" class=\"aligncenter size-large wp-image-76366\" src=\"https:\/\/www.padreydecano.com\/cms\/wp-content\/uploads\/2021\/07\/IMG-20210712-WA0052-1024x682.jpg\" alt=\"Giovanni\" width=\"620\" height=\"413\" srcset=\"https:\/\/www.padreydecano.com\/cms\/wp-content\/uploads\/2021\/07\/IMG-20210712-WA0052-1024x682.jpg 1024w, https:\/\/www.padreydecano.com\/cms\/wp-content\/uploads\/2021\/07\/IMG-20210712-WA0052-600x400.jpg 600w, https:\/\/www.padreydecano.com\/cms\/wp-content\/uploads\/2021\/07\/IMG-20210712-WA0052-768x512.jpg 768w, https:\/\/www.padreydecano.com\/cms\/wp-content\/uploads\/2021\/07\/IMG-20210712-WA0052.jpg 1600w\" sizes=\"(max-width: 620px) 100vw, 620px\" \/><\/a><\/p>\n<p style=\"text-align: justify;\"><strong>Giovanni Gonz\u00e1lez habl\u00f3 esta tarde con Padre y Decano radio de 1010 AM sobre los cl\u00e1sicos, la pol\u00e9mica en Brasil y su futuro.<\/strong><\/p>\n<p style=\"text-align: justify;\"><span style=\"color: #ffcc00;\"><strong>Selecci\u00f3n y cl\u00e1sicos:<\/strong><\/span> \u00abEs una locura linda. Para nosotros, los jugadores de f\u00fatbol, no hay nada m\u00e1s lindo que estar constantemente compitiendo y jugando. Es lo que amamos hacer y lo que nos gusta. Gracias a Dios ayer pudimos lograr una victoria en nuestra casa y podemos concentrarnos 100% en el cl\u00e1sico, que es important\u00edsimo\u00bb.<\/p>\n<p style=\"text-align: justify;\"><strong><span style=\"color: #ffcc00;\">Desgaste:<\/span><\/strong> \u00abLo llevo bien. Hablaba con un compa\u00f1ero, hace bastante no me tocaba jugar 90 minutos, pero obviamente el cuerpo sinti\u00f3 el desgaste, sobretodo en el segundo tiempo, pero eso se va a ir agarrando con los partidos. En l\u00edneas generales me sent\u00ed bastante bien y pude aportar al equipo, y eso tambi\u00e9n ayuda\u00bb.<\/p>\n<p style=\"text-align: justify;\"><strong><span style=\"color: #ffcc00;\">Partido de ida:<\/span><\/strong> \u00abMe imagino un partido dur\u00edsimo, muy trabado, como suelen ser los cl\u00e1sicos. Creo que se dan as\u00ed, se deja todo en cada pelota\u00bb.<\/p>\n<p style=\"text-align: justify;\"><span style=\"color: #ffcc00;\"><strong>\u00c1rbitros:<\/strong> <\/span>\u00abA m\u00ed sinceramente no me gusta hablar de los jueces porque muchas veces aciertan y muchas veces erran, son personas como somos nosotros. Obviamente al ser una competencia internacional lo hace un poco distinto, porque son \u00e1rbitros mayormente calificados para dirigir este tipo de competencias y espero que lo hagan de la mejor manera posible\u00bb.<\/p>\n<p style=\"text-align: justify;\"><span style=\"color: #ffcc00;\"><strong>Juego para el cl\u00e1sico:<\/strong> <\/span>\u00abTenemos que salir a proponer, tomar la iniciativa como creo que lo hicimos en el anterior cl\u00e1sico, por ah\u00ed nos desconcentramos 15 o 20 minutos que fueron en el segundo tiempo cuando nos convierten los goles que se dan por errores nuestros m\u00e1s que por virtudes del rival. Mantener la concentraci\u00f3n durante los 90 minutos va a ser muy importante para hacer el partido que queremos hacer. Tambi\u00e9n somos conscientes que esto es una llave por copa, es ida y vuelta, y tambi\u00e9n hay que pensar eso, que un resultado no es definitorio pero que s\u00ed ayuda para el pr\u00f3ximo partido plantearlo de otra forma o salir a ganarlo para clasificar a la siguiente fase\u00bb.<\/p>\n<p style=\"text-align: justify;\"><strong><span style=\"color: #ffcc00;\">Ariel Nahuelpan:<\/span><\/strong> \u00abSoy de creer en esos jugadores que le toque o no le toque, siempre aportan al grupo, siempre est\u00e1n buscando sumar dando lo mejor de s\u00ed en cada entrenamiento para cuando tengan la oportunidad. Ariel es uno de esos, nunca est\u00e1 de mala gana, siempre est\u00e1 entrenando para ayudar al equipo y siempre comunic\u00e1ndose con todos para dar aliento, est\u00e9 en el equipo o no est\u00e9. Soy de creer en estos jugadores que suman y aportan desde donde est\u00e9n. Muy contento por el gol que se le dio ayer y eso le suma en confianza y motivaci\u00f3n. Esperemos que siga as\u00ed y que siga aportando para el equipo\u00bb.<\/p>\n<p style=\"text-align: justify;\"><strong><span style=\"color: #ffcc00;\">Pol\u00e9mica tras la eliminaci\u00f3n de la Copa Am\u00e9rica:<\/span> <\/strong>\u00abFue un momento inc\u00f3modo para todos, reci\u00e9n hab\u00eda terminado el partido nuestro all\u00e1 y hab\u00edamos quedado afuera, est\u00e1bamos con la tristeza y el dolor de no lograr el objetivo en la copa. Apenas termin\u00f3 el partido ya ten\u00edamos el mensaje para planificar el regreso. Fue todo muy r\u00e1pido y raro, est\u00e1bamos con el dolor de quedar eliminados, esa bronca y tristeza, y al otro d\u00eda tener que subirte a un avi\u00f3n y en menos de 24 horas ya estar jugando otra vez y nada m\u00e1s y nada menos que un cl\u00e1sico. Fue algo raro pero obviamente todos quer\u00edamos jugar ese partido, apenas nos comunicaron lo que iba a pasar con nosotros nadie lo dud\u00f3 y emprendimos rumbo para ac\u00e1, aunque no pudimos dormir bien ni comer bien. Fue un caso totalmente especial. Los compa\u00f1eros de Nacional se sent\u00edan medios tristes e inc\u00f3modos por la situaci\u00f3n, nos pidieron disculpas antes de salir pero sabemos que no era situaci\u00f3n que los involucre a ellos porque era algo dirigencial, ellos vinieron antes para Uruguay que nosotros. Ya todo eso qued\u00f3 medio de lado y obviamente siempre miramos para adelante\u00bb.<\/p>\n<p style=\"text-align: justify;\"><strong><span style=\"color: #ffcc00;\">Futuro:<\/span> <\/strong>\u00abSinceramente a\u00fan no he tenido ninguna novedad de nada, se que este tema de dar el salto tarde o temprano lo voy a terminar logrando pero para eso tengo que enfocarme ac\u00e1 y hacer las cosas bien como las vengo haciendo. Hacer las cosas bien ac\u00e1 me a ayudar a lograr ese tipo de objetivos que tengo para mi futuro, estoy tranquill y todav\u00eda no tengo novedades\u00bb.<\/p>\n<p style=\"text-align: justify;\"><span style=\"color: #ffcc00;\"><strong>Mensaje:<\/strong><\/span> \u00abEsperemos dar esa alegr\u00eda a todos los Pe\u00f1arolenses de sacarnos al tradicional rival de arriba y seguir en la copa que obviamente ser\u00eda una alegr\u00eda inmensa para todos. Esperemos hacer las cosas bien y cumplir ese objetivo\u00bb.<\/p>\n<p style=\"text-align: justify;\"><div class=\"user-wrapper\"><a class=\"userlink\"href=\"https:\/\/twitter.com\/ftrucce18\" target=\"_blank\"><figure><img decoding=\"async\" src=\"http:\/\/www.padreydecano.com\/cms\/wp-users-files\/postfirmas\/ftrucce.jpg\" \/><\/figure><p class=\"user\"><strong>Franco Trucce<\/strong><br \/>@FTrucce18<\/p><\/a><\/div><\/p>\n","protected":false},"excerpt":{"rendered":"<p>Giovanni Gonz\u00e1lez habl\u00f3 esta tarde con Padre y Decano radio de 1010 AM sobre los cl\u00e1sicos, la pol\u00e9mica en Brasil y su futuro. Selecci\u00f3n y cl\u00e1sicos: \u00abEs una locura linda. Para nosotros, los jugadores de f\u00fatbol, no hay nada m\u00e1s lindo que estar constantemente compitiendo y jugando. Es lo que amamos hacer y lo que [&hellip;]<\/p>\n","protected":false},"author":27,"featured_media":76366,"comment_status":"open","ping_status":"closed","sticky":false,"template":"","format":"standard","meta":{"footnotes":""},"categories":[30,1],"tags":[],"yoast_head":"<!-- This site is optimized with the Yoast SEO plugin v23.2 - https:\/\/yoast.com\/wordpress\/plugins\/seo\/ -->\n<title>Giovanni Gonz\u00e1lez: &quot;Fue un momento inc\u00f3modo para todos&quot; - Padre y Decano - El Sitio del Pueblo<\/title>\n<meta name=\"robots\" content=\"index, follow, max-snippet:-1, max-image-preview:large, max-video-preview:-1\" \/>\n<link rel=\"canonical\" href=\"https:\/\/www.padreydecano.com\/cms\/noticias\/giovanni-gonzalez-fue-un-momento-incomodo-para-todos\/\" \/>\n<meta property=\"og:locale\" content=\"es_ES\" \/>\n<meta property=\"og:type\" content=\"article\" \/>\n<meta property=\"og:title\" content=\"Giovanni Gonz\u00e1lez: &quot;Fue un momento inc\u00f3modo para todos&quot; - Padre y Decano - El Sitio del Pueblo\" \/>\n<meta property=\"og:description\" content=\"Giovanni Gonz\u00e1lez habl\u00f3 esta tarde con Padre y Decano radio de 1010 AM sobre los cl\u00e1sicos, la pol\u00e9mica en Brasil y su futuro. Selecci\u00f3n y cl\u00e1sicos: \u00abEs una locura linda. Para nosotros, los jugadores de f\u00fatbol, no hay nada m\u00e1s lindo que estar constantemente compitiendo y jugando. Es lo que amamos hacer y lo que [&hellip;]\" \/>\n<meta property=\"og:url\" content=\"https:\/\/www.padreydecano.com\/cms\/noticias\/giovanni-gonzalez-fue-un-momento-incomodo-para-todos\/\" \/>\n<meta property=\"og:site_name\" content=\"Padre y Decano - El Sitio del Pueblo\" \/>\n<meta property=\"article:published_time\" content=\"2021-07-12T20:07:53+00:00\" \/>\n<meta property=\"article:modified_time\" content=\"2021-07-12T20:42:57+00:00\" \/>\n<meta property=\"og:image\" content=\"https:\/\/www.padreydecano.com\/cms\/wp-content\/uploads\/2021\/07\/IMG-20210712-WA0052.jpg\" \/>\n\t<meta property=\"og:image:width\" content=\"1600\" \/>\n\t<meta property=\"og:image:height\" content=\"1066\" \/>\n\t<meta property=\"og:image:type\" content=\"image\/jpeg\" \/>\n<meta name=\"author\" content=\"Redactores Padre y Decano\" \/>\n<meta name=\"twitter:card\" content=\"summary_large_image\" \/>\n<meta name=\"twitter:label1\" content=\"Escrito por\" \/>\n\t<meta name=\"twitter:data1\" content=\"Redactores Padre y Decano\" \/>\n\t<meta name=\"twitter:label2\" content=\"Tiempo de lectura\" \/>\n\t<meta name=\"twitter:data2\" content=\"4 minutos\" \/>\n<script type=\"application\/ld+json\" class=\"yoast-schema-graph\">{\"@context\":\"https:\/\/schema.org\",\"@graph\":[{\"@type\":\"Article\",\"@id\":\"https:\/\/www.padreydecano.com\/cms\/noticias\/giovanni-gonzalez-fue-un-momento-incomodo-para-todos\/#article\",\"isPartOf\":{\"@id\":\"https:\/\/www.padreydecano.com\/cms\/noticias\/giovanni-gonzalez-fue-un-momento-incomodo-para-todos\/\"},\"author\":{\"name\":\"Redactores Padre y Decano\",\"@id\":\"https:\/\/www.padreydecano.com\/cms\/#\/schema\/person\/37aae8f93aa78e4c5385497f056e3246\"},\"headline\":\"Giovanni Gonz\u00e1lez: \u00abFue un momento inc\u00f3modo para todos\u00bb\",\"datePublished\":\"2021-07-12T20:07:53+00:00\",\"dateModified\":\"2021-07-12T20:42:57+00:00\",\"mainEntityOfPage\":{\"@id\":\"https:\/\/www.padreydecano.com\/cms\/noticias\/giovanni-gonzalez-fue-un-momento-incomodo-para-todos\/\"},\"wordCount\":799,\"commentCount\":6,\"publisher\":{\"@id\":\"https:\/\/www.padreydecano.com\/cms\/#organization\"},\"image\":{\"@id\":\"https:\/\/www.padreydecano.com\/cms\/noticias\/giovanni-gonzalez-fue-un-momento-incomodo-para-todos\/#primaryimage\"},\"thumbnailUrl\":\"https:\/\/www.padreydecano.com\/cms\/wp-content\/uploads\/2021\/07\/IMG-20210712-WA0052.jpg\",\"articleSection\":[\"Entrevistas\",\"Noticias\"],\"inLanguage\":\"es\",\"potentialAction\":[{\"@type\":\"CommentAction\",\"name\":\"Comment\",\"target\":[\"https:\/\/www.padreydecano.com\/cms\/noticias\/giovanni-gonzalez-fue-un-momento-incomodo-para-todos\/#respond\"]}]},{\"@type\":\"WebPage\",\"@id\":\"https:\/\/www.padreydecano.com\/cms\/noticias\/giovanni-gonzalez-fue-un-momento-incomodo-para-todos\/\",\"url\":\"https:\/\/www.padreydecano.com\/cms\/noticias\/giovanni-gonzalez-fue-un-momento-incomodo-para-todos\/\",\"name\":\"Giovanni Gonz\u00e1lez: \\\"Fue un momento inc\u00f3modo para todos\\\" - Padre y Decano - El Sitio del Pueblo\",\"isPartOf\":{\"@id\":\"https:\/\/www.padreydecano.com\/cms\/#website\"},\"primaryImageOfPage\":{\"@id\":\"https:\/\/www.padreydecano.com\/cms\/noticias\/giovanni-gonzalez-fue-un-momento-incomodo-para-todos\/#primaryimage\"},\"image\":{\"@id\":\"https:\/\/www.padreydecano.com\/cms\/noticias\/giovanni-gonzalez-fue-un-momento-incomodo-para-todos\/#primaryimage\"},\"thumbnailUrl\":\"https:\/\/www.padreydecano.com\/cms\/wp-content\/uploads\/2021\/07\/IMG-20210712-WA0052.jpg\",\"datePublished\":\"2021-07-12T20:07:53+00:00\",\"dateModified\":\"2021-07-12T20:42:57+00:00\",\"breadcrumb\":{\"@id\":\"https:\/\/www.padreydecano.com\/cms\/noticias\/giovanni-gonzalez-fue-un-momento-incomodo-para-todos\/#breadcrumb\"},\"inLanguage\":\"es\",\"potentialAction\":[{\"@type\":\"ReadAction\",\"target\":[\"https:\/\/www.padreydecano.com\/cms\/noticias\/giovanni-gonzalez-fue-un-momento-incomodo-para-todos\/\"]}]},{\"@type\":\"ImageObject\",\"inLanguage\":\"es\",\"@id\":\"https:\/\/www.padreydecano.com\/cms\/noticias\/giovanni-gonzalez-fue-un-momento-incomodo-para-todos\/#primaryimage\",\"url\":\"https:\/\/www.padreydecano.com\/cms\/wp-content\/uploads\/2021\/07\/IMG-20210712-WA0052.jpg\",\"contentUrl\":\"https:\/\/www.padreydecano.com\/cms\/wp-content\/uploads\/2021\/07\/IMG-20210712-WA0052.jpg\",\"width\":1600,\"height\":1066,\"caption\":\"Giovanni\"},{\"@type\":\"BreadcrumbList\",\"@id\":\"https:\/\/www.padreydecano.com\/cms\/noticias\/giovanni-gonzalez-fue-un-momento-incomodo-para-todos\/#breadcrumb\",\"itemListElement\":[{\"@type\":\"ListItem\",\"position\":1,\"name\":\"Portada\",\"item\":\"https:\/\/www.padreydecano.com\/cms\/\"},{\"@type\":\"ListItem\",\"position\":2,\"name\":\"Giovanni Gonz\u00e1lez: \u00abFue un momento inc\u00f3modo para todos\u00bb\"}]},{\"@type\":\"WebSite\",\"@id\":\"https:\/\/www.padreydecano.com\/cms\/#website\",\"url\":\"https:\/\/www.padreydecano.com\/cms\/\",\"name\":\"Padre y Decano - El Sitio del Pueblo\",\"description\":\"Club Atl\u00e9tico Pe\u00f1arol\",\"publisher\":{\"@id\":\"https:\/\/www.padreydecano.com\/cms\/#organization\"},\"potentialAction\":[{\"@type\":\"SearchAction\",\"target\":{\"@type\":\"EntryPoint\",\"urlTemplate\":\"https:\/\/www.padreydecano.com\/cms\/?s={search_term_string}\"},\"query-input\":\"required name=search_term_string\"}],\"inLanguage\":\"es\"},{\"@type\":\"Organization\",\"@id\":\"https:\/\/www.padreydecano.com\/cms\/#organization\",\"name\":\"Padre y Decano\",\"url\":\"https:\/\/www.padreydecano.com\/cms\/\",\"logo\":{\"@type\":\"ImageObject\",\"inLanguage\":\"es\",\"@id\":\"https:\/\/www.padreydecano.com\/cms\/#\/schema\/logo\/image\/\",\"url\":\"https:\/\/www.padreydecano.com\/cms\/wp-content\/uploads\/2022\/01\/avatar-square.png\",\"contentUrl\":\"https:\/\/www.padreydecano.com\/cms\/wp-content\/uploads\/2022\/01\/avatar-square.png\",\"width\":1500,\"height\":1500,\"caption\":\"Padre y Decano\"},\"image\":{\"@id\":\"https:\/\/www.padreydecano.com\/cms\/#\/schema\/logo\/image\/\"}},{\"@type\":\"Person\",\"@id\":\"https:\/\/www.padreydecano.com\/cms\/#\/schema\/person\/37aae8f93aa78e4c5385497f056e3246\",\"name\":\"Redactores Padre y Decano\",\"image\":{\"@type\":\"ImageObject\",\"inLanguage\":\"es\",\"@id\":\"https:\/\/www.padreydecano.com\/cms\/#\/schema\/person\/image\/\",\"url\":\"https:\/\/secure.gravatar.com\/avatar\/8810c4b9081192b118b104af54549af8?s=96&d=https%3A%2F%2Fpadreydecano.com%2Fcms%2Fwp-content%2Fthemes%2Fpyd-theme%2Fimg%2Fdefault-avatar.png&r=g\",\"contentUrl\":\"https:\/\/secure.gravatar.com\/avatar\/8810c4b9081192b118b104af54549af8?s=96&d=https%3A%2F%2Fpadreydecano.com%2Fcms%2Fwp-content%2Fthemes%2Fpyd-theme%2Fimg%2Fdefault-avatar.png&r=g\",\"caption\":\"Redactores Padre y Decano\"},\"sameAs\":[\"http:\/\/www.padreydecano.com\"]}]}<\/script>\n<!-- \/ Yoast SEO plugin. -->","yoast_head_json":{"title":"Giovanni Gonz\u00e1lez: \"Fue un momento inc\u00f3modo para todos\" - Padre y Decano - El Sitio del Pueblo","robots":{"index":"index","follow":"follow","max-snippet":"max-snippet:-1","max-image-preview":"max-image-preview:large","max-video-preview":"max-video-preview:-1"},"canonical":"https:\/\/www.padreydecano.com\/cms\/noticias\/giovanni-gonzalez-fue-un-momento-incomodo-para-todos\/","og_locale":"es_ES","og_type":"article","og_title":"Giovanni Gonz\u00e1lez: \"Fue un momento inc\u00f3modo para todos\" - Padre y Decano - El Sitio del Pueblo","og_description":"Giovanni Gonz\u00e1lez habl\u00f3 esta tarde con Padre y Decano radio de 1010 AM sobre los cl\u00e1sicos, la pol\u00e9mica en Brasil y su futuro. Selecci\u00f3n y cl\u00e1sicos: \u00abEs una locura linda. Para nosotros, los jugadores de f\u00fatbol, no hay nada m\u00e1s lindo que estar constantemente compitiendo y jugando. Es lo que amamos hacer y lo que [&hellip;]","og_url":"https:\/\/www.padreydecano.com\/cms\/noticias\/giovanni-gonzalez-fue-un-momento-incomodo-para-todos\/","og_site_name":"Padre y Decano - El Sitio del Pueblo","article_published_time":"2021-07-12T20:07:53+00:00","article_modified_time":"2021-07-12T20:42:57+00:00","og_image":[{"width":1600,"height":1066,"url":"https:\/\/www.padreydecano.com\/cms\/wp-content\/uploads\/2021\/07\/IMG-20210712-WA0052.jpg","type":"image\/jpeg"}],"author":"Redactores Padre y Decano","twitter_card":"summary_large_image","twitter_misc":{"Escrito por":"Redactores Padre y Decano","Tiempo de lectura":"4 minutos"},"schema":{"@context":"https:\/\/schema.org","@graph":[{"@type":"Article","@id":"https:\/\/www.padreydecano.com\/cms\/noticias\/giovanni-gonzalez-fue-un-momento-incomodo-para-todos\/#article","isPartOf":{"@id":"https:\/\/www.padreydecano.com\/cms\/noticias\/giovanni-gonzalez-fue-un-momento-incomodo-para-todos\/"},"author":{"name":"Redactores Padre y Decano","@id":"https:\/\/www.padreydecano.com\/cms\/#\/schema\/person\/37aae8f93aa78e4c5385497f056e3246"},"headline":"Giovanni Gonz\u00e1lez: \u00abFue un momento inc\u00f3modo para todos\u00bb","datePublished":"2021-07-12T20:07:53+00:00","dateModified":"2021-07-12T20:42:57+00:00","mainEntityOfPage":{"@id":"https:\/\/www.padreydecano.com\/cms\/noticias\/giovanni-gonzalez-fue-un-momento-incomodo-para-todos\/"},"wordCount":799,"commentCount":6,"publisher":{"@id":"https:\/\/www.padreydecano.com\/cms\/#organization"},"image":{"@id":"https:\/\/www.padreydecano.com\/cms\/noticias\/giovanni-gonzalez-fue-un-momento-incomodo-para-todos\/#primaryimage"},"thumbnailUrl":"https:\/\/www.padreydecano.com\/cms\/wp-content\/uploads\/2021\/07\/IMG-20210712-WA0052.jpg","articleSection":["Entrevistas","Noticias"],"inLanguage":"es","potentialAction":[{"@type":"CommentAction","name":"Comment","target":["https:\/\/www.padreydecano.com\/cms\/noticias\/giovanni-gonzalez-fue-un-momento-incomodo-para-todos\/#respond"]}]},{"@type":"WebPage","@id":"https:\/\/www.padreydecano.com\/cms\/noticias\/giovanni-gonzalez-fue-un-momento-incomodo-para-todos\/","url":"https:\/\/www.padreydecano.com\/cms\/noticias\/giovanni-gonzalez-fue-un-momento-incomodo-para-todos\/","name":"Giovanni Gonz\u00e1lez: \"Fue un momento inc\u00f3modo para todos\" - Padre y Decano - El Sitio del Pueblo","isPartOf":{"@id":"https:\/\/www.padreydecano.com\/cms\/#website"},"primaryImageOfPage":{"@id":"https:\/\/www.padreydecano.com\/cms\/noticias\/giovanni-gonzalez-fue-un-momento-incomodo-para-todos\/#primaryimage"},"image":{"@id":"https:\/\/www.padreydecano.com\/cms\/noticias\/giovanni-gonzalez-fue-un-momento-incomodo-para-todos\/#primaryimage"},"thumbnailUrl":"https:\/\/www.padreydecano.com\/cms\/wp-content\/uploads\/2021\/07\/IMG-20210712-WA0052.jpg","datePublished":"2021-07-12T20:07:53+00:00","dateModified":"2021-07-12T20:42:57+00:00","breadcrumb":{"@id":"https:\/\/www.padreydecano.com\/cms\/noticias\/giovanni-gonzalez-fue-un-momento-incomodo-para-todos\/#breadcrumb"},"inLanguage":"es","potentialAction":[{"@type":"ReadAction","target":["https:\/\/www.padreydecano.com\/cms\/noticias\/giovanni-gonzalez-fue-un-momento-incomodo-para-todos\/"]}]},{"@type":"ImageObject","inLanguage":"es","@id":"https:\/\/www.padreydecano.com\/cms\/noticias\/giovanni-gonzalez-fue-un-momento-incomodo-para-todos\/#primaryimage","url":"https:\/\/www.padreydecano.com\/cms\/wp-content\/uploads\/2021\/07\/IMG-20210712-WA0052.jpg","contentUrl":"https:\/\/www.padreydecano.com\/cms\/wp-content\/uploads\/2021\/07\/IMG-20210712-WA0052.jpg","width":1600,"height":1066,"caption":"Giovanni"},{"@type":"BreadcrumbList","@id":"https:\/\/www.padreydecano.com\/cms\/noticias\/giovanni-gonzalez-fue-un-momento-incomodo-para-todos\/#breadcrumb","itemListElement":[{"@type":"ListItem","position":1,"name":"Portada","item":"https:\/\/www.padreydecano.com\/cms\/"},{"@type":"ListItem","position":2,"name":"Giovanni Gonz\u00e1lez: \u00abFue un momento inc\u00f3modo para todos\u00bb"}]},{"@type":"WebSite","@id":"https:\/\/www.padreydecano.com\/cms\/#website","url":"https:\/\/www.padreydecano.com\/cms\/","name":"Padre y Decano - El Sitio del Pueblo","description":"Club Atl\u00e9tico Pe\u00f1arol","publisher":{"@id":"https:\/\/www.padreydecano.com\/cms\/#organization"},"potentialAction":[{"@type":"SearchAction","target":{"@type":"EntryPoint","urlTemplate":"https:\/\/www.padreydecano.com\/cms\/?s={search_term_string}"},"query-input":"required name=search_term_string"}],"inLanguage":"es"},{"@type":"Organization","@id":"https:\/\/www.padreydecano.com\/cms\/#organization","name":"Padre y Decano","url":"https:\/\/www.padreydecano.com\/cms\/","logo":{"@type":"ImageObject","inLanguage":"es","@id":"https:\/\/www.padreydecano.com\/cms\/#\/schema\/logo\/image\/","url":"https:\/\/www.padreydecano.com\/cms\/wp-content\/uploads\/2022\/01\/avatar-square.png","contentUrl":"https:\/\/www.padreydecano.com\/cms\/wp-content\/uploads\/2022\/01\/avatar-square.png","width":1500,"height":1500,"caption":"Padre y Decano"},"image":{"@id":"https:\/\/www.padreydecano.com\/cms\/#\/schema\/logo\/image\/"}},{"@type":"Person","@id":"https:\/\/www.padreydecano.com\/cms\/#\/schema\/person\/37aae8f93aa78e4c5385497f056e3246","name":"Redactores Padre y Decano","image":{"@type":"ImageObject","inLanguage":"es","@id":"https:\/\/www.padreydecano.com\/cms\/#\/schema\/person\/image\/","url":"https:\/\/secure.gravatar.com\/avatar\/8810c4b9081192b118b104af54549af8?s=96&d=https%3A%2F%2Fpadreydecano.com%2Fcms%2Fwp-content%2Fthemes%2Fpyd-theme%2Fimg%2Fdefault-avatar.png&r=g","contentUrl":"https:\/\/secure.gravatar.com\/avatar\/8810c4b9081192b118b104af54549af8?s=96&d=https%3A%2F%2Fpadreydecano.com%2Fcms%2Fwp-content%2Fthemes%2Fpyd-theme%2Fimg%2Fdefault-avatar.png&r=g","caption":"Redactores Padre y Decano"},"sameAs":["http:\/\/www.padreydecano.com"]}]}},"_links":{"self":[{"href":"https:\/\/www.padreydecano.com\/cms\/wp-json\/wp\/v2\/posts\/76364"}],"collection":[{"href":"https:\/\/www.padreydecano.com\/cms\/wp-json\/wp\/v2\/posts"}],"about":[{"href":"https:\/\/www.padreydecano.com\/cms\/wp-json\/wp\/v2\/types\/post"}],"author":[{"embeddable":true,"href":"https:\/\/www.padreydecano.com\/cms\/wp-json\/wp\/v2\/users\/27"}],"replies":[{"embeddable":true,"href":"https:\/\/www.padreydecano.com\/cms\/wp-json\/wp\/v2\/comments?post=76364"}],"version-history":[{"count":0,"href":"https:\/\/www.padreydecano.com\/cms\/wp-json\/wp\/v2\/posts\/76364\/revisions"}],"wp:featuredmedia":[{"embeddable":true,"href":"https:\/\/www.padreydecano.com\/cms\/wp-json\/wp\/v2\/media\/76366"}],"wp:attachment":[{"href":"https:\/\/www.padreydecano.com\/cms\/wp-json\/wp\/v2\/media?parent=76364"}],"wp:term":[{"taxonomy":"category","embeddable":true,"href":"https:\/\/www.padreydecano.com\/cms\/wp-json\/wp\/v2\/categories?post=76364"},{"taxonomy":"post_tag","embeddable":true,"href":"https:\/\/www.padreydecano.com\/cms\/wp-json\/wp\/v2\/tags?post=76364"}],"curies":[{"name":"wp","href":"https:\/\/api.w.org\/{rel}","templated":true}]}}