{"id":76354,"date":"2021-07-11T22:34:46","date_gmt":"2021-07-12T01:34:46","guid":{"rendered":"http:\/\/www.padreydecano.com\/cms\/?p=76354"},"modified":"2021-07-13T09:04:55","modified_gmt":"2021-07-13T12:04:55","slug":"una-rafaga-de-contundencia","status":"publish","type":"post","link":"https:\/\/www.padreydecano.com\/cms\/partidos\/una-rafaga-de-contundencia\/","title":{"rendered":"Una r\u00e1faga de contundencia"},"content":{"rendered":"<p style=\"text-align: center;\"><a href=\"https:\/\/www.padreydecano.com\/cms\/wp-content\/uploads\/2021\/07\/IMG_20210711_215902.jpg\" rel=\"shadowbox[sbpost-76354];player=img;\"><img loading=\"lazy\" decoding=\"async\" class=\"aligncenter size-large wp-image-76355\" src=\"https:\/\/www.padreydecano.com\/cms\/wp-content\/uploads\/2021\/07\/IMG_20210711_215902-1024x683.jpg\" alt=\"\" width=\"620\" height=\"414\" srcset=\"https:\/\/www.padreydecano.com\/cms\/wp-content\/uploads\/2021\/07\/IMG_20210711_215902-1024x683.jpg 1024w, https:\/\/www.padreydecano.com\/cms\/wp-content\/uploads\/2021\/07\/IMG_20210711_215902-600x400.jpg 600w, https:\/\/www.padreydecano.com\/cms\/wp-content\/uploads\/2021\/07\/IMG_20210711_215902-768x512.jpg 768w, https:\/\/www.padreydecano.com\/cms\/wp-content\/uploads\/2021\/07\/IMG_20210711_215902.jpg 1599w\" sizes=\"(max-width: 620px) 100vw, 620px\" \/><\/a><\/p>\n<p style=\"text-align: justify;\"><strong>Pe\u00f1arol recibi\u00f3 a Cerrito en el Campe\u00f3n del Siglo por la d\u00e9cima fecha del Torneo Apertura, el encuentro finaliz\u00f3 con victoria del carbonero 2 a 0, con goles de Ariel Nahuelpan y Gary Kagelmacher.<\/strong><\/p>\n<p style=\"text-align: justify;\">El conjunto dirigido por Mauricio Larriera form\u00f3 con Kevin Dawson; Giovanni Gonz\u00e1lez, Fabricio Formiliano, Gary Kagelmacher, Joaqu\u00edn Piquerez; Walter Gargano, Dami\u00e1n Musto; Agust\u00edn Canobbio, Pablo Ceppelini, Facundo Torres y Ariel Nahuelpan.<\/p>\n<p style=\"text-align: justify;\">Primeros minutos con un encuentro donde ninguno se sacaba ventajas, y ambos ten\u00edan un comienzo entreverado.<\/p>\n<p style=\"text-align: justify;\">Poco para contar tuvo la primera mitad, la primera clara lleg\u00f3 tras una buena triangulaci\u00f3n por derecha entre Facundo Torres, Walter Gargano y Giovanni Gonz\u00e1lez, que termin\u00f3 con centro de este \u00faltimo para Ariel Nahuelpan, que cabece\u00f3 y el remate se fue desviado.<\/p>\n<p style=\"text-align: justify;\">A los 23\u2019 minutos, el centrodelantero aurinegro tuvo otra oportunidad, pero a trav\u00e9s del VAR le fue anulado el gol por estar en posici\u00f3n adelantada, tras recibir un gran pase de su compatriota Dami\u00e1n Musto, que lo dej\u00f3 mano a mano con el golero rival.<\/p>\n<p style=\"text-align: justify;\">M\u00e1s all\u00e1 de chances concretas, Pe\u00f1arol no lograba plasmar su dominio en el campo de juego, ca\u00eda en un manejo del bal\u00f3n muy intrascendente, y el rival ten\u00eda algunas contras que complicaban la zona defensiva. La imprecisi\u00f3n fue la caracter\u00edstica principal de esta primera mitad.<\/p>\n<p style=\"text-align: justify;\">Los dirigidos por Larriera ingresaron sin cambios a la segunda parte.<\/p>\n<p style=\"text-align: justify;\">El equipo ingres\u00f3 con otra actitud al campo de juego, mostr\u00e1ndose m\u00e1s ofensivo ya desde el comienzo, Agust\u00edn Canobbio luch\u00f3 una pelota dividida y asisti\u00f3 a Gonz\u00e1lez que por la banda lleg\u00f3 antes que Eiraldi, el arquero rival, y envi\u00f3 un pase hacia el punto penal, <strong>donde esperaba bien ubicado Nahuelpan, que con olfato goleador s\u00f3lo tuvo que empujar el bal\u00f3n al arco para marcar el 1 a 0 aurinegro.<\/strong><\/p>\n<p style=\"text-align: justify;\">A los 5 minutos del complemento, en el pr\u00f3ximo ataque luego del gol, Torres envi\u00f3 de buena manera un tiro de esquina que Canobbio anticip\u00f3 en el primer palo para peinar el bal\u00f3n al segundo poste, <strong>donde ingres\u00f3 Gary Kagelmacher para sentenciar de cabeza el 2 a 0 carbonero.<\/strong><\/p>\n<p style=\"text-align: justify;\">Luego del segundo gol, el partido cay\u00f3 en intensidad y Pe\u00f1arol comenz\u00f3 a tener m\u00e1s espacios, ya que el rival busc\u00f3 adelantarse en el campo. A los 20\u2019 minutos de la segunda mitad Torres dej\u00f3 pasar un pase dejando a Nahuelpan de cara con el golero rival, pero este desperdicio lo que pudo haber sido el segundo tanto de su cuenta personal.<\/p>\n<p style=\"text-align: justify;\">A falta de 15\u2019 minutos para el final del partido ingresaron Jes\u00fas Trindade y Nicol\u00e1s Garc\u00eda en sustituci\u00f3n de Dami\u00e1n Musto y Ariel Nahuelpan.<\/p>\n<p style=\"text-align: justify;\">En la siguiente variante el que sali\u00f3 fue Walter Gargano, a los 85\u2019 minutos, el que ingres\u00f3 en su lugar fue Agust\u00edn \u00c1lvarez Wallace.<\/p>\n<p style=\"text-align: justify;\">Dentro de un encuentro donde ya no pasaba m\u00e1s nada, producto partido ya liquidado, tambi\u00e9n se vieron los ingresos de Agust\u00edn D\u00e1vila y Maximiliano Pereira en lugar de Agust\u00edn Canobbio y Facundo Torres, adelantando a Gonz\u00e1lez como volante.<\/p>\n<p style=\"text-align: justify;\">Pe\u00f1arol liquid\u00f3 el partido con una r\u00e1faga de contundencia en los primeros 5\u2019 minutos del complemento y se qued\u00f3 con los tres puntos para prenderse nuevamente en la pelea del Apertura, quedando a 6 puntos del l\u00edder, a falta de 5 fechas y aprontando el cl\u00e1sico del jueves por Copa Sudamericana, con una victoria.<\/p>\n<div class=\"user-wrapper\"><a class=\"userlink\" href=\"https:\/\/twitter.com\/agustin_oronoz\" target=\"_blank\"><figure><img decoding=\"async\" src=\"http:\/\/www.padreydecano.com\/cms\/wp-users-files\/postfirmas\/agustin_oronoz.jpg\" \/><\/figure><p class=\"user\"><strong>Agust&iacute;n Oronoz<\/strong><br \/>@agustin_oronoz<\/p><\/a><\/div>\n","protected":false},"excerpt":{"rendered":"<p>Pe\u00f1arol recibi\u00f3 a Cerrito en el Campe\u00f3n del Siglo por la d\u00e9cima fecha del Torneo Apertura, el encuentro finaliz\u00f3 con victoria del carbonero 2 a 0, con goles de Ariel Nahuelpan y Gary Kagelmacher. El conjunto dirigido por Mauricio Larriera form\u00f3 con Kevin Dawson; Giovanni Gonz\u00e1lez, Fabricio Formiliano, Gary Kagelmacher, Joaqu\u00edn Piquerez; Walter Gargano, Dami\u00e1n [&hellip;]<\/p>\n","protected":false},"author":13,"featured_media":76355,"comment_status":"open","ping_status":"closed","sticky":false,"template":"","format":"standard","meta":{"footnotes":""},"categories":[13],"tags":[502],"yoast_head":"<!-- This site is optimized with the Yoast SEO plugin v23.2 - https:\/\/yoast.com\/wordpress\/plugins\/seo\/ -->\n<title>Una r\u00e1faga de contundencia - Padre y Decano - El Sitio del Pueblo<\/title>\n<meta name=\"robots\" content=\"index, follow, max-snippet:-1, max-image-preview:large, max-video-preview:-1\" \/>\n<link rel=\"canonical\" href=\"https:\/\/www.padreydecano.com\/cms\/partidos\/una-rafaga-de-contundencia\/\" \/>\n<meta property=\"og:locale\" content=\"es_ES\" \/>\n<meta property=\"og:type\" content=\"article\" \/>\n<meta property=\"og:title\" content=\"Una r\u00e1faga de contundencia - Padre y Decano - El Sitio del Pueblo\" \/>\n<meta property=\"og:description\" content=\"Pe\u00f1arol recibi\u00f3 a Cerrito en el Campe\u00f3n del Siglo por la d\u00e9cima fecha del Torneo Apertura, el encuentro finaliz\u00f3 con victoria del carbonero 2 a 0, con goles de Ariel Nahuelpan y Gary Kagelmacher. El conjunto dirigido por Mauricio Larriera form\u00f3 con Kevin Dawson; Giovanni Gonz\u00e1lez, Fabricio Formiliano, Gary Kagelmacher, Joaqu\u00edn Piquerez; Walter Gargano, Dami\u00e1n [&hellip;]\" \/>\n<meta property=\"og:url\" content=\"https:\/\/www.padreydecano.com\/cms\/partidos\/una-rafaga-de-contundencia\/\" \/>\n<meta property=\"og:site_name\" content=\"Padre y Decano - El Sitio del Pueblo\" \/>\n<meta property=\"article:published_time\" content=\"2021-07-12T01:34:46+00:00\" \/>\n<meta property=\"article:modified_time\" content=\"2021-07-13T12:04:55+00:00\" \/>\n<meta property=\"og:image\" content=\"https:\/\/www.padreydecano.com\/cms\/wp-content\/uploads\/2021\/07\/IMG_20210711_215902.jpg\" \/>\n\t<meta property=\"og:image:width\" content=\"1599\" \/>\n\t<meta property=\"og:image:height\" content=\"1066\" \/>\n\t<meta property=\"og:image:type\" content=\"image\/jpeg\" \/>\n<meta name=\"author\" content=\"Moderador\" \/>\n<meta name=\"twitter:card\" content=\"summary_large_image\" \/>\n<meta name=\"twitter:label1\" content=\"Escrito por\" \/>\n\t<meta name=\"twitter:data1\" content=\"Moderador\" \/>\n\t<meta name=\"twitter:label2\" content=\"Tiempo de lectura\" \/>\n\t<meta name=\"twitter:data2\" content=\"3 minutos\" \/>\n<script type=\"application\/ld+json\" class=\"yoast-schema-graph\">{\"@context\":\"https:\/\/schema.org\",\"@graph\":[{\"@type\":\"Article\",\"@id\":\"https:\/\/www.padreydecano.com\/cms\/partidos\/una-rafaga-de-contundencia\/#article\",\"isPartOf\":{\"@id\":\"https:\/\/www.padreydecano.com\/cms\/partidos\/una-rafaga-de-contundencia\/\"},\"author\":{\"name\":\"Moderador\",\"@id\":\"https:\/\/www.padreydecano.com\/cms\/#\/schema\/person\/d93e9e537230ae052c194251d9a1def2\"},\"headline\":\"Una r\u00e1faga de contundencia\",\"datePublished\":\"2021-07-12T01:34:46+00:00\",\"dateModified\":\"2021-07-13T12:04:55+00:00\",\"mainEntityOfPage\":{\"@id\":\"https:\/\/www.padreydecano.com\/cms\/partidos\/una-rafaga-de-contundencia\/\"},\"wordCount\":584,\"commentCount\":40,\"publisher\":{\"@id\":\"https:\/\/www.padreydecano.com\/cms\/#organization\"},\"image\":{\"@id\":\"https:\/\/www.padreydecano.com\/cms\/partidos\/una-rafaga-de-contundencia\/#primaryimage\"},\"thumbnailUrl\":\"https:\/\/www.padreydecano.com\/cms\/wp-content\/uploads\/2021\/07\/IMG_20210711_215902.jpg\",\"keywords\":[\"Torneo Apertura 2021\"],\"articleSection\":[\"Partidos\"],\"inLanguage\":\"es\",\"potentialAction\":[{\"@type\":\"CommentAction\",\"name\":\"Comment\",\"target\":[\"https:\/\/www.padreydecano.com\/cms\/partidos\/una-rafaga-de-contundencia\/#respond\"]}]},{\"@type\":\"WebPage\",\"@id\":\"https:\/\/www.padreydecano.com\/cms\/partidos\/una-rafaga-de-contundencia\/\",\"url\":\"https:\/\/www.padreydecano.com\/cms\/partidos\/una-rafaga-de-contundencia\/\",\"name\":\"Una r\u00e1faga de contundencia - Padre y Decano - El Sitio del Pueblo\",\"isPartOf\":{\"@id\":\"https:\/\/www.padreydecano.com\/cms\/#website\"},\"primaryImageOfPage\":{\"@id\":\"https:\/\/www.padreydecano.com\/cms\/partidos\/una-rafaga-de-contundencia\/#primaryimage\"},\"image\":{\"@id\":\"https:\/\/www.padreydecano.com\/cms\/partidos\/una-rafaga-de-contundencia\/#primaryimage\"},\"thumbnailUrl\":\"https:\/\/www.padreydecano.com\/cms\/wp-content\/uploads\/2021\/07\/IMG_20210711_215902.jpg\",\"datePublished\":\"2021-07-12T01:34:46+00:00\",\"dateModified\":\"2021-07-13T12:04:55+00:00\",\"breadcrumb\":{\"@id\":\"https:\/\/www.padreydecano.com\/cms\/partidos\/una-rafaga-de-contundencia\/#breadcrumb\"},\"inLanguage\":\"es\",\"potentialAction\":[{\"@type\":\"ReadAction\",\"target\":[\"https:\/\/www.padreydecano.com\/cms\/partidos\/una-rafaga-de-contundencia\/\"]}]},{\"@type\":\"ImageObject\",\"inLanguage\":\"es\",\"@id\":\"https:\/\/www.padreydecano.com\/cms\/partidos\/una-rafaga-de-contundencia\/#primaryimage\",\"url\":\"https:\/\/www.padreydecano.com\/cms\/wp-content\/uploads\/2021\/07\/IMG_20210711_215902.jpg\",\"contentUrl\":\"https:\/\/www.padreydecano.com\/cms\/wp-content\/uploads\/2021\/07\/IMG_20210711_215902.jpg\",\"width\":1599,\"height\":1066},{\"@type\":\"BreadcrumbList\",\"@id\":\"https:\/\/www.padreydecano.com\/cms\/partidos\/una-rafaga-de-contundencia\/#breadcrumb\",\"itemListElement\":[{\"@type\":\"ListItem\",\"position\":1,\"name\":\"Portada\",\"item\":\"https:\/\/www.padreydecano.com\/cms\/\"},{\"@type\":\"ListItem\",\"position\":2,\"name\":\"Una r\u00e1faga de contundencia\"}]},{\"@type\":\"WebSite\",\"@id\":\"https:\/\/www.padreydecano.com\/cms\/#website\",\"url\":\"https:\/\/www.padreydecano.com\/cms\/\",\"name\":\"Padre y Decano - El Sitio del Pueblo\",\"description\":\"Club Atl\u00e9tico Pe\u00f1arol\",\"publisher\":{\"@id\":\"https:\/\/www.padreydecano.com\/cms\/#organization\"},\"potentialAction\":[{\"@type\":\"SearchAction\",\"target\":{\"@type\":\"EntryPoint\",\"urlTemplate\":\"https:\/\/www.padreydecano.com\/cms\/?s={search_term_string}\"},\"query-input\":\"required name=search_term_string\"}],\"inLanguage\":\"es\"},{\"@type\":\"Organization\",\"@id\":\"https:\/\/www.padreydecano.com\/cms\/#organization\",\"name\":\"Padre y Decano\",\"url\":\"https:\/\/www.padreydecano.com\/cms\/\",\"logo\":{\"@type\":\"ImageObject\",\"inLanguage\":\"es\",\"@id\":\"https:\/\/www.padreydecano.com\/cms\/#\/schema\/logo\/image\/\",\"url\":\"https:\/\/www.padreydecano.com\/cms\/wp-content\/uploads\/2022\/01\/avatar-square.png\",\"contentUrl\":\"https:\/\/www.padreydecano.com\/cms\/wp-content\/uploads\/2022\/01\/avatar-square.png\",\"width\":1500,\"height\":1500,\"caption\":\"Padre y Decano\"},\"image\":{\"@id\":\"https:\/\/www.padreydecano.com\/cms\/#\/schema\/logo\/image\/\"}},{\"@type\":\"Person\",\"@id\":\"https:\/\/www.padreydecano.com\/cms\/#\/schema\/person\/d93e9e537230ae052c194251d9a1def2\",\"name\":\"Moderador\",\"image\":{\"@type\":\"ImageObject\",\"inLanguage\":\"es\",\"@id\":\"https:\/\/www.padreydecano.com\/cms\/#\/schema\/person\/image\/\",\"url\":\"https:\/\/secure.gravatar.com\/avatar\/2587727bf8a53bd3da4ec49f01bea66e?s=96&d=https%3A%2F%2Fpadreydecano.com%2Fcms%2Fwp-content%2Fthemes%2Fpyd-theme%2Fimg%2Fdefault-avatar.png&r=g\",\"contentUrl\":\"https:\/\/secure.gravatar.com\/avatar\/2587727bf8a53bd3da4ec49f01bea66e?s=96&d=https%3A%2F%2Fpadreydecano.com%2Fcms%2Fwp-content%2Fthemes%2Fpyd-theme%2Fimg%2Fdefault-avatar.png&r=g\",\"caption\":\"Moderador\"}}]}<\/script>\n<!-- \/ Yoast SEO plugin. -->","yoast_head_json":{"title":"Una r\u00e1faga de contundencia - Padre y Decano - El Sitio del Pueblo","robots":{"index":"index","follow":"follow","max-snippet":"max-snippet:-1","max-image-preview":"max-image-preview:large","max-video-preview":"max-video-preview:-1"},"canonical":"https:\/\/www.padreydecano.com\/cms\/partidos\/una-rafaga-de-contundencia\/","og_locale":"es_ES","og_type":"article","og_title":"Una r\u00e1faga de contundencia - Padre y Decano - El Sitio del Pueblo","og_description":"Pe\u00f1arol recibi\u00f3 a Cerrito en el Campe\u00f3n del Siglo por la d\u00e9cima fecha del Torneo Apertura, el encuentro finaliz\u00f3 con victoria del carbonero 2 a 0, con goles de Ariel Nahuelpan y Gary Kagelmacher. El conjunto dirigido por Mauricio Larriera form\u00f3 con Kevin Dawson; Giovanni Gonz\u00e1lez, Fabricio Formiliano, Gary Kagelmacher, Joaqu\u00edn Piquerez; Walter Gargano, Dami\u00e1n [&hellip;]","og_url":"https:\/\/www.padreydecano.com\/cms\/partidos\/una-rafaga-de-contundencia\/","og_site_name":"Padre y Decano - El Sitio del Pueblo","article_published_time":"2021-07-12T01:34:46+00:00","article_modified_time":"2021-07-13T12:04:55+00:00","og_image":[{"width":1599,"height":1066,"url":"https:\/\/www.padreydecano.com\/cms\/wp-content\/uploads\/2021\/07\/IMG_20210711_215902.jpg","type":"image\/jpeg"}],"author":"Moderador","twitter_card":"summary_large_image","twitter_misc":{"Escrito por":"Moderador","Tiempo de lectura":"3 minutos"},"schema":{"@context":"https:\/\/schema.org","@graph":[{"@type":"Article","@id":"https:\/\/www.padreydecano.com\/cms\/partidos\/una-rafaga-de-contundencia\/#article","isPartOf":{"@id":"https:\/\/www.padreydecano.com\/cms\/partidos\/una-rafaga-de-contundencia\/"},"author":{"name":"Moderador","@id":"https:\/\/www.padreydecano.com\/cms\/#\/schema\/person\/d93e9e537230ae052c194251d9a1def2"},"headline":"Una r\u00e1faga de contundencia","datePublished":"2021-07-12T01:34:46+00:00","dateModified":"2021-07-13T12:04:55+00:00","mainEntityOfPage":{"@id":"https:\/\/www.padreydecano.com\/cms\/partidos\/una-rafaga-de-contundencia\/"},"wordCount":584,"commentCount":40,"publisher":{"@id":"https:\/\/www.padreydecano.com\/cms\/#organization"},"image":{"@id":"https:\/\/www.padreydecano.com\/cms\/partidos\/una-rafaga-de-contundencia\/#primaryimage"},"thumbnailUrl":"https:\/\/www.padreydecano.com\/cms\/wp-content\/uploads\/2021\/07\/IMG_20210711_215902.jpg","keywords":["Torneo Apertura 2021"],"articleSection":["Partidos"],"inLanguage":"es","potentialAction":[{"@type":"CommentAction","name":"Comment","target":["https:\/\/www.padreydecano.com\/cms\/partidos\/una-rafaga-de-contundencia\/#respond"]}]},{"@type":"WebPage","@id":"https:\/\/www.padreydecano.com\/cms\/partidos\/una-rafaga-de-contundencia\/","url":"https:\/\/www.padreydecano.com\/cms\/partidos\/una-rafaga-de-contundencia\/","name":"Una r\u00e1faga de contundencia - Padre y Decano - El Sitio del Pueblo","isPartOf":{"@id":"https:\/\/www.padreydecano.com\/cms\/#website"},"primaryImageOfPage":{"@id":"https:\/\/www.padreydecano.com\/cms\/partidos\/una-rafaga-de-contundencia\/#primaryimage"},"image":{"@id":"https:\/\/www.padreydecano.com\/cms\/partidos\/una-rafaga-de-contundencia\/#primaryimage"},"thumbnailUrl":"https:\/\/www.padreydecano.com\/cms\/wp-content\/uploads\/2021\/07\/IMG_20210711_215902.jpg","datePublished":"2021-07-12T01:34:46+00:00","dateModified":"2021-07-13T12:04:55+00:00","breadcrumb":{"@id":"https:\/\/www.padreydecano.com\/cms\/partidos\/una-rafaga-de-contundencia\/#breadcrumb"},"inLanguage":"es","potentialAction":[{"@type":"ReadAction","target":["https:\/\/www.padreydecano.com\/cms\/partidos\/una-rafaga-de-contundencia\/"]}]},{"@type":"ImageObject","inLanguage":"es","@id":"https:\/\/www.padreydecano.com\/cms\/partidos\/una-rafaga-de-contundencia\/#primaryimage","url":"https:\/\/www.padreydecano.com\/cms\/wp-content\/uploads\/2021\/07\/IMG_20210711_215902.jpg","contentUrl":"https:\/\/www.padreydecano.com\/cms\/wp-content\/uploads\/2021\/07\/IMG_20210711_215902.jpg","width":1599,"height":1066},{"@type":"BreadcrumbList","@id":"https:\/\/www.padreydecano.com\/cms\/partidos\/una-rafaga-de-contundencia\/#breadcrumb","itemListElement":[{"@type":"ListItem","position":1,"name":"Portada","item":"https:\/\/www.padreydecano.com\/cms\/"},{"@type":"ListItem","position":2,"name":"Una r\u00e1faga de contundencia"}]},{"@type":"WebSite","@id":"https:\/\/www.padreydecano.com\/cms\/#website","url":"https:\/\/www.padreydecano.com\/cms\/","name":"Padre y Decano - El Sitio del Pueblo","description":"Club Atl\u00e9tico Pe\u00f1arol","publisher":{"@id":"https:\/\/www.padreydecano.com\/cms\/#organization"},"potentialAction":[{"@type":"SearchAction","target":{"@type":"EntryPoint","urlTemplate":"https:\/\/www.padreydecano.com\/cms\/?s={search_term_string}"},"query-input":"required name=search_term_string"}],"inLanguage":"es"},{"@type":"Organization","@id":"https:\/\/www.padreydecano.com\/cms\/#organization","name":"Padre y Decano","url":"https:\/\/www.padreydecano.com\/cms\/","logo":{"@type":"ImageObject","inLanguage":"es","@id":"https:\/\/www.padreydecano.com\/cms\/#\/schema\/logo\/image\/","url":"https:\/\/www.padreydecano.com\/cms\/wp-content\/uploads\/2022\/01\/avatar-square.png","contentUrl":"https:\/\/www.padreydecano.com\/cms\/wp-content\/uploads\/2022\/01\/avatar-square.png","width":1500,"height":1500,"caption":"Padre y Decano"},"image":{"@id":"https:\/\/www.padreydecano.com\/cms\/#\/schema\/logo\/image\/"}},{"@type":"Person","@id":"https:\/\/www.padreydecano.com\/cms\/#\/schema\/person\/d93e9e537230ae052c194251d9a1def2","name":"Moderador","image":{"@type":"ImageObject","inLanguage":"es","@id":"https:\/\/www.padreydecano.com\/cms\/#\/schema\/person\/image\/","url":"https:\/\/secure.gravatar.com\/avatar\/2587727bf8a53bd3da4ec49f01bea66e?s=96&d=https%3A%2F%2Fpadreydecano.com%2Fcms%2Fwp-content%2Fthemes%2Fpyd-theme%2Fimg%2Fdefault-avatar.png&r=g","contentUrl":"https:\/\/secure.gravatar.com\/avatar\/2587727bf8a53bd3da4ec49f01bea66e?s=96&d=https%3A%2F%2Fpadreydecano.com%2Fcms%2Fwp-content%2Fthemes%2Fpyd-theme%2Fimg%2Fdefault-avatar.png&r=g","caption":"Moderador"}}]}},"_links":{"self":[{"href":"https:\/\/www.padreydecano.com\/cms\/wp-json\/wp\/v2\/posts\/76354"}],"collection":[{"href":"https:\/\/www.padreydecano.com\/cms\/wp-json\/wp\/v2\/posts"}],"about":[{"href":"https:\/\/www.padreydecano.com\/cms\/wp-json\/wp\/v2\/types\/post"}],"author":[{"embeddable":true,"href":"https:\/\/www.padreydecano.com\/cms\/wp-json\/wp\/v2\/users\/13"}],"replies":[{"embeddable":true,"href":"https:\/\/www.padreydecano.com\/cms\/wp-json\/wp\/v2\/comments?post=76354"}],"version-history":[{"count":0,"href":"https:\/\/www.padreydecano.com\/cms\/wp-json\/wp\/v2\/posts\/76354\/revisions"}],"wp:featuredmedia":[{"embeddable":true,"href":"https:\/\/www.padreydecano.com\/cms\/wp-json\/wp\/v2\/media\/76355"}],"wp:attachment":[{"href":"https:\/\/www.padreydecano.com\/cms\/wp-json\/wp\/v2\/media?parent=76354"}],"wp:term":[{"taxonomy":"category","embeddable":true,"href":"https:\/\/www.padreydecano.com\/cms\/wp-json\/wp\/v2\/categories?post=76354"},{"taxonomy":"post_tag","embeddable":true,"href":"https:\/\/www.padreydecano.com\/cms\/wp-json\/wp\/v2\/tags?post=76354"}],"curies":[{"name":"wp","href":"https:\/\/api.w.org\/{rel}","templated":true}]}}