{"id":76270,"date":"2021-06-26T20:11:18","date_gmt":"2021-06-26T23:11:18","guid":{"rendered":"http:\/\/www.padreydecano.com\/cms\/?p=76270"},"modified":"2021-06-28T20:34:24","modified_gmt":"2021-06-28T23:34:24","slug":"dos-puntos-perdidos-por-varios-factores","status":"publish","type":"post","link":"https:\/\/www.padreydecano.com\/cms\/noticias\/dos-puntos-perdidos-por-varios-factores\/","title":{"rendered":"Dos puntos perdidos por varios factores"},"content":{"rendered":"<p><a href=\"https:\/\/www.padreydecano.com\/cms\/wp-content\/uploads\/2021\/06\/WhatsApp-Image-2021-06-26-at-20.06.28.jpeg\" rel=\"shadowbox[sbpost-76270];player=img;\"><img loading=\"lazy\" decoding=\"async\" class=\"aligncenter size-full wp-image-76271\" src=\"https:\/\/www.padreydecano.com\/cms\/wp-content\/uploads\/2021\/06\/WhatsApp-Image-2021-06-26-at-20.06.28.jpeg\" alt=\"\" width=\"1599\" height=\"1066\" srcset=\"https:\/\/www.padreydecano.com\/cms\/wp-content\/uploads\/2021\/06\/WhatsApp-Image-2021-06-26-at-20.06.28.jpeg 1599w, https:\/\/www.padreydecano.com\/cms\/wp-content\/uploads\/2021\/06\/WhatsApp-Image-2021-06-26-at-20.06.28-600x400.jpeg 600w, https:\/\/www.padreydecano.com\/cms\/wp-content\/uploads\/2021\/06\/WhatsApp-Image-2021-06-26-at-20.06.28-768x512.jpeg 768w, https:\/\/www.padreydecano.com\/cms\/wp-content\/uploads\/2021\/06\/WhatsApp-Image-2021-06-26-at-20.06.28-1024x683.jpeg 1024w\" sizes=\"(max-width: 1599px) 100vw, 1599px\" \/><\/a><\/p>\n<p style=\"text-align: justify;\"><strong>El equipo dirigido por Mauricio Larriera empat\u00f3 1 a 1 ante Villa Espa\u00f1ola como local. Agust\u00edn &#8216;Canario&#8217; \u00c1lvarez hizo el \u00fanico gol carbonero, tras una muy buena asistencia de M\u00e1ximo Alonso, pero tras un grosero error de Kevin Dawson el rival empat\u00f3 en la hora. Fernando Falce no cobr\u00f3 un claro penal a favor de Pe\u00f1arol y al &#8216;Canario&#8217; le anularon un gol por un offside que no fue.<\/strong><\/p>\n<p style=\"text-align: justify;\">Lejos est\u00e1 este equipo del rendimiento que mostraron hace unos meses, en la Fase de Grupos de la CONMEBOL Sudamericana, que roz\u00f3 la perfecci\u00f3n. Ahora le cuesta ganar a los equipos de nuestro campeonato y cuando lo hizo, en varios encuentros le falt\u00f3 autoridad.<\/p>\n<p><span style=\"color: #ffcc00;\"><strong>Primer tiempo<\/strong><\/span><\/p>\n<p style=\"text-align: justify;\">Hoy hubo una mezcla de factores que influyeron notoriamente en el resultado. Principalmente, la falta de una idea de juego. No hay sistema, no hay conexiones y dependemos mucho de las individualidades.<\/p>\n<p style=\"text-align: justify;\">Del partido no hay mucho para analizar, porque el rendimiento fue p\u00e9simo. Aunque la diferencia entre los planteles hizo que el Decano tenga sus chances de gol. Por ejemplo, un cabezazo de Kagelmacher, un disparo de Olivera que pas\u00f3 muy cerca del vertical <strong>y sobre todo el gol mal anulado al &#8216;Canario&#8217; \u00c1lvarez que pic\u00f3 casi un metro habilitado y a\u00fan as\u00ed el l\u00ednea vio offside. Ni pol\u00e9mica hay en la jugada.<\/strong><\/p>\n<p><span style=\"color: #ffcc00;\"><strong>Segundo tiempo<\/strong><\/span><\/p>\n<p style=\"text-align: justify;\">En la segunda mitad todo sigui\u00f3 igual, y algunas jugadas personales acercaron al Carbonero al arco rival. <strong>As\u00ed lleg\u00f3 el gol de nuestro goleador, Agust\u00edn \u00c1lvarez Mart\u00ednez. M\u00e1ximo Alonso se quit\u00f3 a su marcador y de derecha le puso un gran centro para que el delantero ponga a Pe\u00f1arol arriba en el marcador y aumente su saldo de goles desde que debut\u00f3<\/strong>.<\/p>\n<p style=\"text-align: justify;\">Sobre los \u00faltimos minutos pas\u00f3 de todo. <strong>Canobbio pifi\u00f3 un rebote dentro del \u00e1rea y recibi\u00f3 un patad\u00f3n de parte del defensa, pero a Fernando Falce le pareci\u00f3 una jugada limpia y no sancion\u00f3 penal<\/strong>. Dos minutos m\u00e1s tarde, un grosero error de Kevin Dawson le cost\u00f3 el triunfo al aurinegro, cuando dej\u00f3 pasar un env\u00edo al \u00e1rea por parte del arquero de Villa Espa\u00f1ola que se termin\u00f3 colando en el fondo de la red. Fue un golazo, aunque el disparo nunca haya tenido esa intenci\u00f3n.<\/p>\n<p style=\"text-align: justify;\">Ahora toca el mes m\u00e1s esperado y seguramente el m\u00e1s importante del a\u00f1o. En el pr\u00f3ximo partido iremos despu\u00e9s de varias excusas al Gran Parque Central a visitar a Nacional. <strong>Como en todos los Cl\u00e1sicos, no se acepta otro resultado que no sea una victoria<\/strong>.<\/p>\n<div class=\"user-wrapper\"><a class=\"userlink\" href=\"https:\/\/twitter.com\/gonzalo1891_\" target=\"_blank\"><figure><img decoding=\"async\" src=\"http:\/\/www.padreydecano.com\/cms\/wp-users-files\/postfirmas\/gonogando.jpg\" \/><\/figure><p class=\"user\"><strong>Gonzalo Ogando<\/strong><br \/>@gonzalo1891_<\/p><\/a><\/div>\n<p>&nbsp;<\/p>\n","protected":false},"excerpt":{"rendered":"<p>El equipo dirigido por Mauricio Larriera empat\u00f3 1 a 1 ante Villa Espa\u00f1ola como local. Agust\u00edn &#8216;Canario&#8217; \u00c1lvarez hizo el \u00fanico gol carbonero, tras una muy buena asistencia de M\u00e1ximo Alonso, pero tras un grosero error de Kevin Dawson el rival empat\u00f3 en la hora. Fernando Falce no cobr\u00f3 un claro penal a favor de [&hellip;]<\/p>\n","protected":false},"author":5,"featured_media":76271,"comment_status":"open","ping_status":"closed","sticky":false,"template":"","format":"standard","meta":{"footnotes":""},"categories":[1,13],"tags":[502],"yoast_head":"<!-- This site is optimized with the Yoast SEO plugin v23.2 - https:\/\/yoast.com\/wordpress\/plugins\/seo\/ -->\n<title>Dos puntos perdidos por varios factores - Padre y Decano - El Sitio del Pueblo<\/title>\n<meta name=\"robots\" content=\"index, follow, max-snippet:-1, max-image-preview:large, max-video-preview:-1\" \/>\n<link rel=\"canonical\" href=\"https:\/\/www.padreydecano.com\/cms\/noticias\/dos-puntos-perdidos-por-varios-factores\/\" \/>\n<meta property=\"og:locale\" content=\"es_ES\" \/>\n<meta property=\"og:type\" content=\"article\" \/>\n<meta property=\"og:title\" content=\"Dos puntos perdidos por varios factores - Padre y Decano - El Sitio del Pueblo\" \/>\n<meta property=\"og:description\" content=\"El equipo dirigido por Mauricio Larriera empat\u00f3 1 a 1 ante Villa Espa\u00f1ola como local. Agust\u00edn &#8216;Canario&#8217; \u00c1lvarez hizo el \u00fanico gol carbonero, tras una muy buena asistencia de M\u00e1ximo Alonso, pero tras un grosero error de Kevin Dawson el rival empat\u00f3 en la hora. Fernando Falce no cobr\u00f3 un claro penal a favor de [&hellip;]\" \/>\n<meta property=\"og:url\" content=\"https:\/\/www.padreydecano.com\/cms\/noticias\/dos-puntos-perdidos-por-varios-factores\/\" \/>\n<meta property=\"og:site_name\" content=\"Padre y Decano - El Sitio del Pueblo\" \/>\n<meta property=\"article:published_time\" content=\"2021-06-26T23:11:18+00:00\" \/>\n<meta property=\"article:modified_time\" content=\"2021-06-28T23:34:24+00:00\" \/>\n<meta property=\"og:image\" content=\"https:\/\/www.padreydecano.com\/cms\/wp-content\/uploads\/2021\/06\/WhatsApp-Image-2021-06-26-at-20.06.28.jpeg\" \/>\n\t<meta property=\"og:image:width\" content=\"1599\" \/>\n\t<meta property=\"og:image:height\" content=\"1066\" \/>\n\t<meta property=\"og:image:type\" content=\"image\/jpeg\" \/>\n<meta name=\"author\" content=\"Emirona07\" \/>\n<meta name=\"twitter:card\" content=\"summary_large_image\" \/>\n<meta name=\"twitter:label1\" content=\"Escrito por\" \/>\n\t<meta name=\"twitter:data1\" content=\"Emirona07\" \/>\n\t<meta name=\"twitter:label2\" content=\"Tiempo de lectura\" \/>\n\t<meta name=\"twitter:data2\" content=\"2 minutos\" \/>\n<script type=\"application\/ld+json\" class=\"yoast-schema-graph\">{\"@context\":\"https:\/\/schema.org\",\"@graph\":[{\"@type\":\"Article\",\"@id\":\"https:\/\/www.padreydecano.com\/cms\/noticias\/dos-puntos-perdidos-por-varios-factores\/#article\",\"isPartOf\":{\"@id\":\"https:\/\/www.padreydecano.com\/cms\/noticias\/dos-puntos-perdidos-por-varios-factores\/\"},\"author\":{\"name\":\"Emirona07\",\"@id\":\"https:\/\/www.padreydecano.com\/cms\/#\/schema\/person\/51e0214db654d9624824b37c2838bb65\"},\"headline\":\"Dos puntos perdidos por varios factores\",\"datePublished\":\"2021-06-26T23:11:18+00:00\",\"dateModified\":\"2021-06-28T23:34:24+00:00\",\"mainEntityOfPage\":{\"@id\":\"https:\/\/www.padreydecano.com\/cms\/noticias\/dos-puntos-perdidos-por-varios-factores\/\"},\"wordCount\":444,\"commentCount\":204,\"publisher\":{\"@id\":\"https:\/\/www.padreydecano.com\/cms\/#organization\"},\"image\":{\"@id\":\"https:\/\/www.padreydecano.com\/cms\/noticias\/dos-puntos-perdidos-por-varios-factores\/#primaryimage\"},\"thumbnailUrl\":\"https:\/\/www.padreydecano.com\/cms\/wp-content\/uploads\/2021\/06\/WhatsApp-Image-2021-06-26-at-20.06.28.jpeg\",\"keywords\":[\"Torneo Apertura 2021\"],\"articleSection\":[\"Noticias\",\"Partidos\"],\"inLanguage\":\"es\",\"potentialAction\":[{\"@type\":\"CommentAction\",\"name\":\"Comment\",\"target\":[\"https:\/\/www.padreydecano.com\/cms\/noticias\/dos-puntos-perdidos-por-varios-factores\/#respond\"]}]},{\"@type\":\"WebPage\",\"@id\":\"https:\/\/www.padreydecano.com\/cms\/noticias\/dos-puntos-perdidos-por-varios-factores\/\",\"url\":\"https:\/\/www.padreydecano.com\/cms\/noticias\/dos-puntos-perdidos-por-varios-factores\/\",\"name\":\"Dos puntos perdidos por varios factores - Padre y Decano - El Sitio del Pueblo\",\"isPartOf\":{\"@id\":\"https:\/\/www.padreydecano.com\/cms\/#website\"},\"primaryImageOfPage\":{\"@id\":\"https:\/\/www.padreydecano.com\/cms\/noticias\/dos-puntos-perdidos-por-varios-factores\/#primaryimage\"},\"image\":{\"@id\":\"https:\/\/www.padreydecano.com\/cms\/noticias\/dos-puntos-perdidos-por-varios-factores\/#primaryimage\"},\"thumbnailUrl\":\"https:\/\/www.padreydecano.com\/cms\/wp-content\/uploads\/2021\/06\/WhatsApp-Image-2021-06-26-at-20.06.28.jpeg\",\"datePublished\":\"2021-06-26T23:11:18+00:00\",\"dateModified\":\"2021-06-28T23:34:24+00:00\",\"breadcrumb\":{\"@id\":\"https:\/\/www.padreydecano.com\/cms\/noticias\/dos-puntos-perdidos-por-varios-factores\/#breadcrumb\"},\"inLanguage\":\"es\",\"potentialAction\":[{\"@type\":\"ReadAction\",\"target\":[\"https:\/\/www.padreydecano.com\/cms\/noticias\/dos-puntos-perdidos-por-varios-factores\/\"]}]},{\"@type\":\"ImageObject\",\"inLanguage\":\"es\",\"@id\":\"https:\/\/www.padreydecano.com\/cms\/noticias\/dos-puntos-perdidos-por-varios-factores\/#primaryimage\",\"url\":\"https:\/\/www.padreydecano.com\/cms\/wp-content\/uploads\/2021\/06\/WhatsApp-Image-2021-06-26-at-20.06.28.jpeg\",\"contentUrl\":\"https:\/\/www.padreydecano.com\/cms\/wp-content\/uploads\/2021\/06\/WhatsApp-Image-2021-06-26-at-20.06.28.jpeg\",\"width\":1599,\"height\":1066},{\"@type\":\"BreadcrumbList\",\"@id\":\"https:\/\/www.padreydecano.com\/cms\/noticias\/dos-puntos-perdidos-por-varios-factores\/#breadcrumb\",\"itemListElement\":[{\"@type\":\"ListItem\",\"position\":1,\"name\":\"Portada\",\"item\":\"https:\/\/www.padreydecano.com\/cms\/\"},{\"@type\":\"ListItem\",\"position\":2,\"name\":\"Dos puntos perdidos por varios factores\"}]},{\"@type\":\"WebSite\",\"@id\":\"https:\/\/www.padreydecano.com\/cms\/#website\",\"url\":\"https:\/\/www.padreydecano.com\/cms\/\",\"name\":\"Padre y Decano - El Sitio del Pueblo\",\"description\":\"Club Atl\u00e9tico Pe\u00f1arol\",\"publisher\":{\"@id\":\"https:\/\/www.padreydecano.com\/cms\/#organization\"},\"potentialAction\":[{\"@type\":\"SearchAction\",\"target\":{\"@type\":\"EntryPoint\",\"urlTemplate\":\"https:\/\/www.padreydecano.com\/cms\/?s={search_term_string}\"},\"query-input\":\"required name=search_term_string\"}],\"inLanguage\":\"es\"},{\"@type\":\"Organization\",\"@id\":\"https:\/\/www.padreydecano.com\/cms\/#organization\",\"name\":\"Padre y Decano\",\"url\":\"https:\/\/www.padreydecano.com\/cms\/\",\"logo\":{\"@type\":\"ImageObject\",\"inLanguage\":\"es\",\"@id\":\"https:\/\/www.padreydecano.com\/cms\/#\/schema\/logo\/image\/\",\"url\":\"https:\/\/www.padreydecano.com\/cms\/wp-content\/uploads\/2022\/01\/avatar-square.png\",\"contentUrl\":\"https:\/\/www.padreydecano.com\/cms\/wp-content\/uploads\/2022\/01\/avatar-square.png\",\"width\":1500,\"height\":1500,\"caption\":\"Padre y Decano\"},\"image\":{\"@id\":\"https:\/\/www.padreydecano.com\/cms\/#\/schema\/logo\/image\/\"}},{\"@type\":\"Person\",\"@id\":\"https:\/\/www.padreydecano.com\/cms\/#\/schema\/person\/51e0214db654d9624824b37c2838bb65\",\"name\":\"Emirona07\",\"image\":{\"@type\":\"ImageObject\",\"inLanguage\":\"es\",\"@id\":\"https:\/\/www.padreydecano.com\/cms\/#\/schema\/person\/image\/\",\"url\":\"https:\/\/secure.gravatar.com\/avatar\/93c9118dbd5373a8a065bb5cdddde6bf?s=96&d=https%3A%2F%2Fpadreydecano.com%2Fcms%2Fwp-content%2Fthemes%2Fpyd-theme%2Fimg%2Fdefault-avatar.png&r=g\",\"contentUrl\":\"https:\/\/secure.gravatar.com\/avatar\/93c9118dbd5373a8a065bb5cdddde6bf?s=96&d=https%3A%2F%2Fpadreydecano.com%2Fcms%2Fwp-content%2Fthemes%2Fpyd-theme%2Fimg%2Fdefault-avatar.png&r=g\",\"caption\":\"Emirona07\"}}]}<\/script>\n<!-- \/ Yoast SEO plugin. -->","yoast_head_json":{"title":"Dos puntos perdidos por varios factores - Padre y Decano - El Sitio del Pueblo","robots":{"index":"index","follow":"follow","max-snippet":"max-snippet:-1","max-image-preview":"max-image-preview:large","max-video-preview":"max-video-preview:-1"},"canonical":"https:\/\/www.padreydecano.com\/cms\/noticias\/dos-puntos-perdidos-por-varios-factores\/","og_locale":"es_ES","og_type":"article","og_title":"Dos puntos perdidos por varios factores - Padre y Decano - El Sitio del Pueblo","og_description":"El equipo dirigido por Mauricio Larriera empat\u00f3 1 a 1 ante Villa Espa\u00f1ola como local. Agust\u00edn &#8216;Canario&#8217; \u00c1lvarez hizo el \u00fanico gol carbonero, tras una muy buena asistencia de M\u00e1ximo Alonso, pero tras un grosero error de Kevin Dawson el rival empat\u00f3 en la hora. Fernando Falce no cobr\u00f3 un claro penal a favor de [&hellip;]","og_url":"https:\/\/www.padreydecano.com\/cms\/noticias\/dos-puntos-perdidos-por-varios-factores\/","og_site_name":"Padre y Decano - El Sitio del Pueblo","article_published_time":"2021-06-26T23:11:18+00:00","article_modified_time":"2021-06-28T23:34:24+00:00","og_image":[{"width":1599,"height":1066,"url":"https:\/\/www.padreydecano.com\/cms\/wp-content\/uploads\/2021\/06\/WhatsApp-Image-2021-06-26-at-20.06.28.jpeg","type":"image\/jpeg"}],"author":"Emirona07","twitter_card":"summary_large_image","twitter_misc":{"Escrito por":"Emirona07","Tiempo de lectura":"2 minutos"},"schema":{"@context":"https:\/\/schema.org","@graph":[{"@type":"Article","@id":"https:\/\/www.padreydecano.com\/cms\/noticias\/dos-puntos-perdidos-por-varios-factores\/#article","isPartOf":{"@id":"https:\/\/www.padreydecano.com\/cms\/noticias\/dos-puntos-perdidos-por-varios-factores\/"},"author":{"name":"Emirona07","@id":"https:\/\/www.padreydecano.com\/cms\/#\/schema\/person\/51e0214db654d9624824b37c2838bb65"},"headline":"Dos puntos perdidos por varios factores","datePublished":"2021-06-26T23:11:18+00:00","dateModified":"2021-06-28T23:34:24+00:00","mainEntityOfPage":{"@id":"https:\/\/www.padreydecano.com\/cms\/noticias\/dos-puntos-perdidos-por-varios-factores\/"},"wordCount":444,"commentCount":204,"publisher":{"@id":"https:\/\/www.padreydecano.com\/cms\/#organization"},"image":{"@id":"https:\/\/www.padreydecano.com\/cms\/noticias\/dos-puntos-perdidos-por-varios-factores\/#primaryimage"},"thumbnailUrl":"https:\/\/www.padreydecano.com\/cms\/wp-content\/uploads\/2021\/06\/WhatsApp-Image-2021-06-26-at-20.06.28.jpeg","keywords":["Torneo Apertura 2021"],"articleSection":["Noticias","Partidos"],"inLanguage":"es","potentialAction":[{"@type":"CommentAction","name":"Comment","target":["https:\/\/www.padreydecano.com\/cms\/noticias\/dos-puntos-perdidos-por-varios-factores\/#respond"]}]},{"@type":"WebPage","@id":"https:\/\/www.padreydecano.com\/cms\/noticias\/dos-puntos-perdidos-por-varios-factores\/","url":"https:\/\/www.padreydecano.com\/cms\/noticias\/dos-puntos-perdidos-por-varios-factores\/","name":"Dos puntos perdidos por varios factores - Padre y Decano - El Sitio del Pueblo","isPartOf":{"@id":"https:\/\/www.padreydecano.com\/cms\/#website"},"primaryImageOfPage":{"@id":"https:\/\/www.padreydecano.com\/cms\/noticias\/dos-puntos-perdidos-por-varios-factores\/#primaryimage"},"image":{"@id":"https:\/\/www.padreydecano.com\/cms\/noticias\/dos-puntos-perdidos-por-varios-factores\/#primaryimage"},"thumbnailUrl":"https:\/\/www.padreydecano.com\/cms\/wp-content\/uploads\/2021\/06\/WhatsApp-Image-2021-06-26-at-20.06.28.jpeg","datePublished":"2021-06-26T23:11:18+00:00","dateModified":"2021-06-28T23:34:24+00:00","breadcrumb":{"@id":"https:\/\/www.padreydecano.com\/cms\/noticias\/dos-puntos-perdidos-por-varios-factores\/#breadcrumb"},"inLanguage":"es","potentialAction":[{"@type":"ReadAction","target":["https:\/\/www.padreydecano.com\/cms\/noticias\/dos-puntos-perdidos-por-varios-factores\/"]}]},{"@type":"ImageObject","inLanguage":"es","@id":"https:\/\/www.padreydecano.com\/cms\/noticias\/dos-puntos-perdidos-por-varios-factores\/#primaryimage","url":"https:\/\/www.padreydecano.com\/cms\/wp-content\/uploads\/2021\/06\/WhatsApp-Image-2021-06-26-at-20.06.28.jpeg","contentUrl":"https:\/\/www.padreydecano.com\/cms\/wp-content\/uploads\/2021\/06\/WhatsApp-Image-2021-06-26-at-20.06.28.jpeg","width":1599,"height":1066},{"@type":"BreadcrumbList","@id":"https:\/\/www.padreydecano.com\/cms\/noticias\/dos-puntos-perdidos-por-varios-factores\/#breadcrumb","itemListElement":[{"@type":"ListItem","position":1,"name":"Portada","item":"https:\/\/www.padreydecano.com\/cms\/"},{"@type":"ListItem","position":2,"name":"Dos puntos perdidos por varios factores"}]},{"@type":"WebSite","@id":"https:\/\/www.padreydecano.com\/cms\/#website","url":"https:\/\/www.padreydecano.com\/cms\/","name":"Padre y Decano - El Sitio del Pueblo","description":"Club Atl\u00e9tico Pe\u00f1arol","publisher":{"@id":"https:\/\/www.padreydecano.com\/cms\/#organization"},"potentialAction":[{"@type":"SearchAction","target":{"@type":"EntryPoint","urlTemplate":"https:\/\/www.padreydecano.com\/cms\/?s={search_term_string}"},"query-input":"required name=search_term_string"}],"inLanguage":"es"},{"@type":"Organization","@id":"https:\/\/www.padreydecano.com\/cms\/#organization","name":"Padre y Decano","url":"https:\/\/www.padreydecano.com\/cms\/","logo":{"@type":"ImageObject","inLanguage":"es","@id":"https:\/\/www.padreydecano.com\/cms\/#\/schema\/logo\/image\/","url":"https:\/\/www.padreydecano.com\/cms\/wp-content\/uploads\/2022\/01\/avatar-square.png","contentUrl":"https:\/\/www.padreydecano.com\/cms\/wp-content\/uploads\/2022\/01\/avatar-square.png","width":1500,"height":1500,"caption":"Padre y Decano"},"image":{"@id":"https:\/\/www.padreydecano.com\/cms\/#\/schema\/logo\/image\/"}},{"@type":"Person","@id":"https:\/\/www.padreydecano.com\/cms\/#\/schema\/person\/51e0214db654d9624824b37c2838bb65","name":"Emirona07","image":{"@type":"ImageObject","inLanguage":"es","@id":"https:\/\/www.padreydecano.com\/cms\/#\/schema\/person\/image\/","url":"https:\/\/secure.gravatar.com\/avatar\/93c9118dbd5373a8a065bb5cdddde6bf?s=96&d=https%3A%2F%2Fpadreydecano.com%2Fcms%2Fwp-content%2Fthemes%2Fpyd-theme%2Fimg%2Fdefault-avatar.png&r=g","contentUrl":"https:\/\/secure.gravatar.com\/avatar\/93c9118dbd5373a8a065bb5cdddde6bf?s=96&d=https%3A%2F%2Fpadreydecano.com%2Fcms%2Fwp-content%2Fthemes%2Fpyd-theme%2Fimg%2Fdefault-avatar.png&r=g","caption":"Emirona07"}}]}},"_links":{"self":[{"href":"https:\/\/www.padreydecano.com\/cms\/wp-json\/wp\/v2\/posts\/76270"}],"collection":[{"href":"https:\/\/www.padreydecano.com\/cms\/wp-json\/wp\/v2\/posts"}],"about":[{"href":"https:\/\/www.padreydecano.com\/cms\/wp-json\/wp\/v2\/types\/post"}],"author":[{"embeddable":true,"href":"https:\/\/www.padreydecano.com\/cms\/wp-json\/wp\/v2\/users\/5"}],"replies":[{"embeddable":true,"href":"https:\/\/www.padreydecano.com\/cms\/wp-json\/wp\/v2\/comments?post=76270"}],"version-history":[{"count":0,"href":"https:\/\/www.padreydecano.com\/cms\/wp-json\/wp\/v2\/posts\/76270\/revisions"}],"wp:featuredmedia":[{"embeddable":true,"href":"https:\/\/www.padreydecano.com\/cms\/wp-json\/wp\/v2\/media\/76271"}],"wp:attachment":[{"href":"https:\/\/www.padreydecano.com\/cms\/wp-json\/wp\/v2\/media?parent=76270"}],"wp:term":[{"taxonomy":"category","embeddable":true,"href":"https:\/\/www.padreydecano.com\/cms\/wp-json\/wp\/v2\/categories?post=76270"},{"taxonomy":"post_tag","embeddable":true,"href":"https:\/\/www.padreydecano.com\/cms\/wp-json\/wp\/v2\/tags?post=76270"}],"curies":[{"name":"wp","href":"https:\/\/api.w.org\/{rel}","templated":true}]}}