{"id":76267,"date":"2021-06-25T19:15:13","date_gmt":"2021-06-25T22:15:13","guid":{"rendered":"http:\/\/www.padreydecano.com\/cms\/?p=76267"},"modified":"2021-06-26T20:11:37","modified_gmt":"2021-06-26T23:11:37","slug":"duelo-de-antesala-al-clasico","status":"publish","type":"post","link":"https:\/\/www.padreydecano.com\/cms\/noticias\/duelo-de-antesala-al-clasico\/","title":{"rendered":"Duelo de antesala al cl\u00e1sico"},"content":{"rendered":"<p><a href=\"https:\/\/www.padreydecano.com\/cms\/wp-content\/uploads\/2021\/06\/Photo_1624221690639.jpg\" rel=\"shadowbox[sbpost-76267];player=img;\"><img loading=\"lazy\" decoding=\"async\" class=\"aligncenter size-full wp-image-76242\" src=\"https:\/\/www.padreydecano.com\/cms\/wp-content\/uploads\/2021\/06\/Photo_1624221690639.jpg\" alt=\"\" width=\"1620\" height=\"1080\" srcset=\"https:\/\/www.padreydecano.com\/cms\/wp-content\/uploads\/2021\/06\/Photo_1624221690639.jpg 1620w, https:\/\/www.padreydecano.com\/cms\/wp-content\/uploads\/2021\/06\/Photo_1624221690639-600x400.jpg 600w, https:\/\/www.padreydecano.com\/cms\/wp-content\/uploads\/2021\/06\/Photo_1624221690639-768x512.jpg 768w, https:\/\/www.padreydecano.com\/cms\/wp-content\/uploads\/2021\/06\/Photo_1624221690639-1024x683.jpg 1024w\" sizes=\"(max-width: 1620px) 100vw, 1620px\" \/><\/a><\/p>\n<p style=\"text-align: justify;\"><strong>Pe\u00f1arol recibir\u00e1 el pr\u00f3ximo s\u00e1bado a Villa Espa\u00f1ola en el Estadio Campe\u00f3n del Siglo por la octava fecha del Torneo Apertura. Luego de la ag\u00f3nica victoria ante Montevideo City Torque, el Carbonero se medir\u00e1 frente al Villa en busca de una victoria de antesala al cl\u00e1sico. El partido ser\u00e1 a las 18:00 HS e ir\u00e1 televisado por VTV.<\/strong><\/p>\n<p style=\"text-align: justify;\"><span style=\"color: #ffcc00;\"><strong>Equipo probable<\/strong><\/span><\/p>\n<p style=\"text-align: justify;\">Kevin Dawson; Maximiliano Pereira, Gary Kagelmacher, Carlos Rodr\u00edguez, Joaqu\u00edn Piquerez; Jes\u00fas Trindade, Walter Gargano; Agust\u00edn Canobbio, Pablo Ceppelini, Cristian Olivera; Agust\u00edn \u00c1lvarez Mart\u00ednez.<\/p>\n<p style=\"text-align: justify;\"><span style=\"color: #ffcc00;\"><strong>\u00bfC\u00f3mo vienen ambos?<\/strong><\/span><\/p>\n<p style=\"text-align: justify;\">El conjunto dirigido por Mauricio Larriera viene de una sufrida victoria por m\u00ednima diferencia. Con gol de Ariel Nahuelpan, a minutos del cierre del encuentro, venci\u00f3 a Montevideo City Torque para sumar 3 puntos vitales de cara al futuro del campeonato. El Decano se ubica en la cuarta posici\u00f3n con 13 puntos.<\/p>\n<p style=\"text-align: justify;\">La visita no pasa un buen momento. Se posiciona en la \u00faltima posici\u00f3n del Torneo Apertura con tan solo 2 unidades tras los empates ante Progreso (0 a 0) y Boston River (2 a 2). El Villa contar\u00e1 con el debut de Gast\u00f3n Peralta en la conducci\u00f3n t\u00e9cnica. Julio Mozzo, quien ser\u00eda el nuevo director t\u00e9cnico, sufri\u00f3 la fractura de tres costillas en su \u00faltimo partido como jugador.<\/p>\n<p style=\"text-align: justify;\"><span style=\"color: #ffcc00;\"><strong>\u00daltimo antecedente<\/strong><\/span><\/p>\n<p style=\"text-align: justify;\"><strong>Uruguayo Especial 2016: <span style=\"color: #ffcc00;\">Pe\u00f1arol<\/span><\/strong> 2 \u2013 1 Villa Espa\u00f1ola<\/p>\n<p style=\"text-align: justify;\">&#8211; Ambos goles de Gast\u00f3n Rodr\u00edguez<\/p>\n<p style=\"text-align: justify;\">&#8211; Lo llamativo fue que el partido se jug\u00f3 sin p\u00fablico debido a la sanci\u00f3n impuesta al Campe\u00f3n del Siglo y tambi\u00e9n fue por la octava fecha del torneo.<\/p>\n<p style=\"text-align: justify;\"><span style=\"color: #ffcc00;\"><strong>\u00c1rbitros<\/strong><\/span><\/p>\n<p style=\"text-align: justify;\">Fernando Falce ser\u00e1 el encargado de impartir justicia entre ambos equipos. Agust\u00edn Berisso y Ernesto Hartwig estar\u00e1n en las l\u00edneas, mientras que Santiago Motta ser\u00e1 el cuarto \u00e1rbitro.<\/p>\n<p style=\"text-align: justify;\"><span style=\"color: #ffcc00;\"><strong>Lo que se viene<\/strong><\/span><\/p>\n<p style=\"text-align: justify;\">Sin duda alguna que el mes de julio ser\u00e1 el mes m\u00e1s importante de los \u00faltimos a\u00f1os. Tres cl\u00e1sicos. Uno por el Torneo Apertura que se disputar\u00e1 el pr\u00f3ximo 4 de julio, mientras que los dos restantes, ser\u00e1 por la Copa Sudamericana el 15 y 22 de julio. No hay excusa.<\/p>\n<p style=\"text-align: justify;\"><div class=\"user-wrapper\"><a class=\"userlink\" href=\"https:\/\/twitter.com\/mathiaastilve\" target=\"_blank\"><figure><img decoding=\"async\" src=\"http:\/\/www.padreydecano.com\/cms\/wp-users-files\/postfirmas\/mathiastilve.jpg\" \/><\/figure><p class=\"user\"><strong>Mathias Tilve<\/strong><br \/>@mathiaastilve<\/p><\/a><\/div><\/p>\n","protected":false},"excerpt":{"rendered":"<p>Pe\u00f1arol recibir\u00e1 el pr\u00f3ximo s\u00e1bado a Villa Espa\u00f1ola en el Estadio Campe\u00f3n del Siglo por la octava fecha del Torneo Apertura. Luego de la ag\u00f3nica victoria ante Montevideo City Torque, el Carbonero se medir\u00e1 frente al Villa en busca de una victoria de antesala al cl\u00e1sico. El partido ser\u00e1 a las 18:00 HS e ir\u00e1 [&hellip;]<\/p>\n","protected":false},"author":30,"featured_media":76242,"comment_status":"open","ping_status":"closed","sticky":false,"template":"","format":"standard","meta":{"footnotes":""},"categories":[1],"tags":[502],"yoast_head":"<!-- This site is optimized with the Yoast SEO plugin v23.2 - https:\/\/yoast.com\/wordpress\/plugins\/seo\/ -->\n<title>Duelo de antesala al cl\u00e1sico - Padre y Decano - El Sitio del Pueblo<\/title>\n<meta name=\"robots\" content=\"index, follow, max-snippet:-1, max-image-preview:large, max-video-preview:-1\" \/>\n<link rel=\"canonical\" href=\"https:\/\/www.padreydecano.com\/cms\/noticias\/duelo-de-antesala-al-clasico\/\" \/>\n<meta property=\"og:locale\" content=\"es_ES\" \/>\n<meta property=\"og:type\" content=\"article\" \/>\n<meta property=\"og:title\" content=\"Duelo de antesala al cl\u00e1sico - Padre y Decano - El Sitio del Pueblo\" \/>\n<meta property=\"og:description\" content=\"Pe\u00f1arol recibir\u00e1 el pr\u00f3ximo s\u00e1bado a Villa Espa\u00f1ola en el Estadio Campe\u00f3n del Siglo por la octava fecha del Torneo Apertura. Luego de la ag\u00f3nica victoria ante Montevideo City Torque, el Carbonero se medir\u00e1 frente al Villa en busca de una victoria de antesala al cl\u00e1sico. El partido ser\u00e1 a las 18:00 HS e ir\u00e1 [&hellip;]\" \/>\n<meta property=\"og:url\" content=\"https:\/\/www.padreydecano.com\/cms\/noticias\/duelo-de-antesala-al-clasico\/\" \/>\n<meta property=\"og:site_name\" content=\"Padre y Decano - El Sitio del Pueblo\" \/>\n<meta property=\"article:published_time\" content=\"2021-06-25T22:15:13+00:00\" \/>\n<meta property=\"article:modified_time\" content=\"2021-06-26T23:11:37+00:00\" \/>\n<meta property=\"og:image\" content=\"https:\/\/www.padreydecano.com\/cms\/wp-content\/uploads\/2021\/06\/Photo_1624221690639.jpg\" \/>\n\t<meta property=\"og:image:width\" content=\"1620\" \/>\n\t<meta property=\"og:image:height\" content=\"1080\" \/>\n\t<meta property=\"og:image:type\" content=\"image\/jpeg\" \/>\n<meta name=\"author\" content=\"Udelar\" \/>\n<meta name=\"twitter:card\" content=\"summary_large_image\" \/>\n<meta name=\"twitter:label1\" content=\"Escrito por\" \/>\n\t<meta name=\"twitter:data1\" content=\"Udelar\" \/>\n\t<meta name=\"twitter:label2\" content=\"Tiempo de lectura\" \/>\n\t<meta name=\"twitter:data2\" content=\"2 minutos\" \/>\n<script type=\"application\/ld+json\" class=\"yoast-schema-graph\">{\"@context\":\"https:\/\/schema.org\",\"@graph\":[{\"@type\":\"Article\",\"@id\":\"https:\/\/www.padreydecano.com\/cms\/noticias\/duelo-de-antesala-al-clasico\/#article\",\"isPartOf\":{\"@id\":\"https:\/\/www.padreydecano.com\/cms\/noticias\/duelo-de-antesala-al-clasico\/\"},\"author\":{\"name\":\"Udelar\",\"@id\":\"https:\/\/www.padreydecano.com\/cms\/#\/schema\/person\/b22191326be6d1c7fa55c2ad137a9a32\"},\"headline\":\"Duelo de antesala al cl\u00e1sico\",\"datePublished\":\"2021-06-25T22:15:13+00:00\",\"dateModified\":\"2021-06-26T23:11:37+00:00\",\"mainEntityOfPage\":{\"@id\":\"https:\/\/www.padreydecano.com\/cms\/noticias\/duelo-de-antesala-al-clasico\/\"},\"wordCount\":365,\"commentCount\":30,\"publisher\":{\"@id\":\"https:\/\/www.padreydecano.com\/cms\/#organization\"},\"image\":{\"@id\":\"https:\/\/www.padreydecano.com\/cms\/noticias\/duelo-de-antesala-al-clasico\/#primaryimage\"},\"thumbnailUrl\":\"https:\/\/www.padreydecano.com\/cms\/wp-content\/uploads\/2021\/06\/Photo_1624221690639.jpg\",\"keywords\":[\"Torneo Apertura 2021\"],\"articleSection\":[\"Noticias\"],\"inLanguage\":\"es\",\"potentialAction\":[{\"@type\":\"CommentAction\",\"name\":\"Comment\",\"target\":[\"https:\/\/www.padreydecano.com\/cms\/noticias\/duelo-de-antesala-al-clasico\/#respond\"]}]},{\"@type\":\"WebPage\",\"@id\":\"https:\/\/www.padreydecano.com\/cms\/noticias\/duelo-de-antesala-al-clasico\/\",\"url\":\"https:\/\/www.padreydecano.com\/cms\/noticias\/duelo-de-antesala-al-clasico\/\",\"name\":\"Duelo de antesala al cl\u00e1sico - Padre y Decano - El Sitio del Pueblo\",\"isPartOf\":{\"@id\":\"https:\/\/www.padreydecano.com\/cms\/#website\"},\"primaryImageOfPage\":{\"@id\":\"https:\/\/www.padreydecano.com\/cms\/noticias\/duelo-de-antesala-al-clasico\/#primaryimage\"},\"image\":{\"@id\":\"https:\/\/www.padreydecano.com\/cms\/noticias\/duelo-de-antesala-al-clasico\/#primaryimage\"},\"thumbnailUrl\":\"https:\/\/www.padreydecano.com\/cms\/wp-content\/uploads\/2021\/06\/Photo_1624221690639.jpg\",\"datePublished\":\"2021-06-25T22:15:13+00:00\",\"dateModified\":\"2021-06-26T23:11:37+00:00\",\"breadcrumb\":{\"@id\":\"https:\/\/www.padreydecano.com\/cms\/noticias\/duelo-de-antesala-al-clasico\/#breadcrumb\"},\"inLanguage\":\"es\",\"potentialAction\":[{\"@type\":\"ReadAction\",\"target\":[\"https:\/\/www.padreydecano.com\/cms\/noticias\/duelo-de-antesala-al-clasico\/\"]}]},{\"@type\":\"ImageObject\",\"inLanguage\":\"es\",\"@id\":\"https:\/\/www.padreydecano.com\/cms\/noticias\/duelo-de-antesala-al-clasico\/#primaryimage\",\"url\":\"https:\/\/www.padreydecano.com\/cms\/wp-content\/uploads\/2021\/06\/Photo_1624221690639.jpg\",\"contentUrl\":\"https:\/\/www.padreydecano.com\/cms\/wp-content\/uploads\/2021\/06\/Photo_1624221690639.jpg\",\"width\":1620,\"height\":1080},{\"@type\":\"BreadcrumbList\",\"@id\":\"https:\/\/www.padreydecano.com\/cms\/noticias\/duelo-de-antesala-al-clasico\/#breadcrumb\",\"itemListElement\":[{\"@type\":\"ListItem\",\"position\":1,\"name\":\"Portada\",\"item\":\"https:\/\/www.padreydecano.com\/cms\/\"},{\"@type\":\"ListItem\",\"position\":2,\"name\":\"Duelo de antesala al cl\u00e1sico\"}]},{\"@type\":\"WebSite\",\"@id\":\"https:\/\/www.padreydecano.com\/cms\/#website\",\"url\":\"https:\/\/www.padreydecano.com\/cms\/\",\"name\":\"Padre y Decano - El Sitio del Pueblo\",\"description\":\"Club Atl\u00e9tico Pe\u00f1arol\",\"publisher\":{\"@id\":\"https:\/\/www.padreydecano.com\/cms\/#organization\"},\"potentialAction\":[{\"@type\":\"SearchAction\",\"target\":{\"@type\":\"EntryPoint\",\"urlTemplate\":\"https:\/\/www.padreydecano.com\/cms\/?s={search_term_string}\"},\"query-input\":\"required name=search_term_string\"}],\"inLanguage\":\"es\"},{\"@type\":\"Organization\",\"@id\":\"https:\/\/www.padreydecano.com\/cms\/#organization\",\"name\":\"Padre y Decano\",\"url\":\"https:\/\/www.padreydecano.com\/cms\/\",\"logo\":{\"@type\":\"ImageObject\",\"inLanguage\":\"es\",\"@id\":\"https:\/\/www.padreydecano.com\/cms\/#\/schema\/logo\/image\/\",\"url\":\"https:\/\/www.padreydecano.com\/cms\/wp-content\/uploads\/2022\/01\/avatar-square.png\",\"contentUrl\":\"https:\/\/www.padreydecano.com\/cms\/wp-content\/uploads\/2022\/01\/avatar-square.png\",\"width\":1500,\"height\":1500,\"caption\":\"Padre y Decano\"},\"image\":{\"@id\":\"https:\/\/www.padreydecano.com\/cms\/#\/schema\/logo\/image\/\"}},{\"@type\":\"Person\",\"@id\":\"https:\/\/www.padreydecano.com\/cms\/#\/schema\/person\/b22191326be6d1c7fa55c2ad137a9a32\",\"name\":\"Udelar\",\"image\":{\"@type\":\"ImageObject\",\"inLanguage\":\"es\",\"@id\":\"https:\/\/www.padreydecano.com\/cms\/#\/schema\/person\/image\/\",\"url\":\"https:\/\/secure.gravatar.com\/avatar\/611ece663b16897a2cd2f46982281225?s=96&d=https%3A%2F%2Fpadreydecano.com%2Fcms%2Fwp-content%2Fthemes%2Fpyd-theme%2Fimg%2Fdefault-avatar.png&r=g\",\"contentUrl\":\"https:\/\/secure.gravatar.com\/avatar\/611ece663b16897a2cd2f46982281225?s=96&d=https%3A%2F%2Fpadreydecano.com%2Fcms%2Fwp-content%2Fthemes%2Fpyd-theme%2Fimg%2Fdefault-avatar.png&r=g\",\"caption\":\"Udelar\"}}]}<\/script>\n<!-- \/ Yoast SEO plugin. -->","yoast_head_json":{"title":"Duelo de antesala al cl\u00e1sico - Padre y Decano - El Sitio del Pueblo","robots":{"index":"index","follow":"follow","max-snippet":"max-snippet:-1","max-image-preview":"max-image-preview:large","max-video-preview":"max-video-preview:-1"},"canonical":"https:\/\/www.padreydecano.com\/cms\/noticias\/duelo-de-antesala-al-clasico\/","og_locale":"es_ES","og_type":"article","og_title":"Duelo de antesala al cl\u00e1sico - Padre y Decano - El Sitio del Pueblo","og_description":"Pe\u00f1arol recibir\u00e1 el pr\u00f3ximo s\u00e1bado a Villa Espa\u00f1ola en el Estadio Campe\u00f3n del Siglo por la octava fecha del Torneo Apertura. Luego de la ag\u00f3nica victoria ante Montevideo City Torque, el Carbonero se medir\u00e1 frente al Villa en busca de una victoria de antesala al cl\u00e1sico. El partido ser\u00e1 a las 18:00 HS e ir\u00e1 [&hellip;]","og_url":"https:\/\/www.padreydecano.com\/cms\/noticias\/duelo-de-antesala-al-clasico\/","og_site_name":"Padre y Decano - El Sitio del Pueblo","article_published_time":"2021-06-25T22:15:13+00:00","article_modified_time":"2021-06-26T23:11:37+00:00","og_image":[{"width":1620,"height":1080,"url":"https:\/\/www.padreydecano.com\/cms\/wp-content\/uploads\/2021\/06\/Photo_1624221690639.jpg","type":"image\/jpeg"}],"author":"Udelar","twitter_card":"summary_large_image","twitter_misc":{"Escrito por":"Udelar","Tiempo de lectura":"2 minutos"},"schema":{"@context":"https:\/\/schema.org","@graph":[{"@type":"Article","@id":"https:\/\/www.padreydecano.com\/cms\/noticias\/duelo-de-antesala-al-clasico\/#article","isPartOf":{"@id":"https:\/\/www.padreydecano.com\/cms\/noticias\/duelo-de-antesala-al-clasico\/"},"author":{"name":"Udelar","@id":"https:\/\/www.padreydecano.com\/cms\/#\/schema\/person\/b22191326be6d1c7fa55c2ad137a9a32"},"headline":"Duelo de antesala al cl\u00e1sico","datePublished":"2021-06-25T22:15:13+00:00","dateModified":"2021-06-26T23:11:37+00:00","mainEntityOfPage":{"@id":"https:\/\/www.padreydecano.com\/cms\/noticias\/duelo-de-antesala-al-clasico\/"},"wordCount":365,"commentCount":30,"publisher":{"@id":"https:\/\/www.padreydecano.com\/cms\/#organization"},"image":{"@id":"https:\/\/www.padreydecano.com\/cms\/noticias\/duelo-de-antesala-al-clasico\/#primaryimage"},"thumbnailUrl":"https:\/\/www.padreydecano.com\/cms\/wp-content\/uploads\/2021\/06\/Photo_1624221690639.jpg","keywords":["Torneo Apertura 2021"],"articleSection":["Noticias"],"inLanguage":"es","potentialAction":[{"@type":"CommentAction","name":"Comment","target":["https:\/\/www.padreydecano.com\/cms\/noticias\/duelo-de-antesala-al-clasico\/#respond"]}]},{"@type":"WebPage","@id":"https:\/\/www.padreydecano.com\/cms\/noticias\/duelo-de-antesala-al-clasico\/","url":"https:\/\/www.padreydecano.com\/cms\/noticias\/duelo-de-antesala-al-clasico\/","name":"Duelo de antesala al cl\u00e1sico - Padre y Decano - El Sitio del Pueblo","isPartOf":{"@id":"https:\/\/www.padreydecano.com\/cms\/#website"},"primaryImageOfPage":{"@id":"https:\/\/www.padreydecano.com\/cms\/noticias\/duelo-de-antesala-al-clasico\/#primaryimage"},"image":{"@id":"https:\/\/www.padreydecano.com\/cms\/noticias\/duelo-de-antesala-al-clasico\/#primaryimage"},"thumbnailUrl":"https:\/\/www.padreydecano.com\/cms\/wp-content\/uploads\/2021\/06\/Photo_1624221690639.jpg","datePublished":"2021-06-25T22:15:13+00:00","dateModified":"2021-06-26T23:11:37+00:00","breadcrumb":{"@id":"https:\/\/www.padreydecano.com\/cms\/noticias\/duelo-de-antesala-al-clasico\/#breadcrumb"},"inLanguage":"es","potentialAction":[{"@type":"ReadAction","target":["https:\/\/www.padreydecano.com\/cms\/noticias\/duelo-de-antesala-al-clasico\/"]}]},{"@type":"ImageObject","inLanguage":"es","@id":"https:\/\/www.padreydecano.com\/cms\/noticias\/duelo-de-antesala-al-clasico\/#primaryimage","url":"https:\/\/www.padreydecano.com\/cms\/wp-content\/uploads\/2021\/06\/Photo_1624221690639.jpg","contentUrl":"https:\/\/www.padreydecano.com\/cms\/wp-content\/uploads\/2021\/06\/Photo_1624221690639.jpg","width":1620,"height":1080},{"@type":"BreadcrumbList","@id":"https:\/\/www.padreydecano.com\/cms\/noticias\/duelo-de-antesala-al-clasico\/#breadcrumb","itemListElement":[{"@type":"ListItem","position":1,"name":"Portada","item":"https:\/\/www.padreydecano.com\/cms\/"},{"@type":"ListItem","position":2,"name":"Duelo de antesala al cl\u00e1sico"}]},{"@type":"WebSite","@id":"https:\/\/www.padreydecano.com\/cms\/#website","url":"https:\/\/www.padreydecano.com\/cms\/","name":"Padre y Decano - El Sitio del Pueblo","description":"Club Atl\u00e9tico Pe\u00f1arol","publisher":{"@id":"https:\/\/www.padreydecano.com\/cms\/#organization"},"potentialAction":[{"@type":"SearchAction","target":{"@type":"EntryPoint","urlTemplate":"https:\/\/www.padreydecano.com\/cms\/?s={search_term_string}"},"query-input":"required name=search_term_string"}],"inLanguage":"es"},{"@type":"Organization","@id":"https:\/\/www.padreydecano.com\/cms\/#organization","name":"Padre y Decano","url":"https:\/\/www.padreydecano.com\/cms\/","logo":{"@type":"ImageObject","inLanguage":"es","@id":"https:\/\/www.padreydecano.com\/cms\/#\/schema\/logo\/image\/","url":"https:\/\/www.padreydecano.com\/cms\/wp-content\/uploads\/2022\/01\/avatar-square.png","contentUrl":"https:\/\/www.padreydecano.com\/cms\/wp-content\/uploads\/2022\/01\/avatar-square.png","width":1500,"height":1500,"caption":"Padre y Decano"},"image":{"@id":"https:\/\/www.padreydecano.com\/cms\/#\/schema\/logo\/image\/"}},{"@type":"Person","@id":"https:\/\/www.padreydecano.com\/cms\/#\/schema\/person\/b22191326be6d1c7fa55c2ad137a9a32","name":"Udelar","image":{"@type":"ImageObject","inLanguage":"es","@id":"https:\/\/www.padreydecano.com\/cms\/#\/schema\/person\/image\/","url":"https:\/\/secure.gravatar.com\/avatar\/611ece663b16897a2cd2f46982281225?s=96&d=https%3A%2F%2Fpadreydecano.com%2Fcms%2Fwp-content%2Fthemes%2Fpyd-theme%2Fimg%2Fdefault-avatar.png&r=g","contentUrl":"https:\/\/secure.gravatar.com\/avatar\/611ece663b16897a2cd2f46982281225?s=96&d=https%3A%2F%2Fpadreydecano.com%2Fcms%2Fwp-content%2Fthemes%2Fpyd-theme%2Fimg%2Fdefault-avatar.png&r=g","caption":"Udelar"}}]}},"_links":{"self":[{"href":"https:\/\/www.padreydecano.com\/cms\/wp-json\/wp\/v2\/posts\/76267"}],"collection":[{"href":"https:\/\/www.padreydecano.com\/cms\/wp-json\/wp\/v2\/posts"}],"about":[{"href":"https:\/\/www.padreydecano.com\/cms\/wp-json\/wp\/v2\/types\/post"}],"author":[{"embeddable":true,"href":"https:\/\/www.padreydecano.com\/cms\/wp-json\/wp\/v2\/users\/30"}],"replies":[{"embeddable":true,"href":"https:\/\/www.padreydecano.com\/cms\/wp-json\/wp\/v2\/comments?post=76267"}],"version-history":[{"count":0,"href":"https:\/\/www.padreydecano.com\/cms\/wp-json\/wp\/v2\/posts\/76267\/revisions"}],"wp:featuredmedia":[{"embeddable":true,"href":"https:\/\/www.padreydecano.com\/cms\/wp-json\/wp\/v2\/media\/76242"}],"wp:attachment":[{"href":"https:\/\/www.padreydecano.com\/cms\/wp-json\/wp\/v2\/media?parent=76267"}],"wp:term":[{"taxonomy":"category","embeddable":true,"href":"https:\/\/www.padreydecano.com\/cms\/wp-json\/wp\/v2\/categories?post=76267"},{"taxonomy":"post_tag","embeddable":true,"href":"https:\/\/www.padreydecano.com\/cms\/wp-json\/wp\/v2\/tags?post=76267"}],"curies":[{"name":"wp","href":"https:\/\/api.w.org\/{rel}","templated":true}]}}