{"id":76125,"date":"2021-05-31T12:12:20","date_gmt":"2021-05-31T15:12:20","guid":{"rendered":"http:\/\/www.padreydecano.com\/cms\/?p=76125"},"modified":"2021-05-31T12:12:20","modified_gmt":"2021-05-31T15:12:20","slug":"gio-y-facu-ya-entrenan-con-la-seleccion","status":"publish","type":"post","link":"https:\/\/www.padreydecano.com\/cms\/noticias\/gio-y-facu-ya-entrenan-con-la-seleccion\/","title":{"rendered":"Gio y Facu ya entrenan con la Selecci\u00f3n"},"content":{"rendered":"<div id=\"attachment_76126\" style=\"width: 880px\" class=\"wp-caption aligncenter\"><a href=\"https:\/\/www.padreydecano.com\/cms\/wp-content\/uploads\/2021\/05\/gio-facu.jpg\" rel=\"shadowbox[sbpost-76125];player=img;\"><img loading=\"lazy\" decoding=\"async\" aria-describedby=\"caption-attachment-76126\" class=\"wp-image-76126 size-full\" src=\"https:\/\/www.padreydecano.com\/cms\/wp-content\/uploads\/2021\/05\/gio-facu.jpg\" alt=\"\" width=\"870\" height=\"570\" srcset=\"https:\/\/www.padreydecano.com\/cms\/wp-content\/uploads\/2021\/05\/gio-facu.jpg 870w, https:\/\/www.padreydecano.com\/cms\/wp-content\/uploads\/2021\/05\/gio-facu-600x393.jpg 600w, https:\/\/www.padreydecano.com\/cms\/wp-content\/uploads\/2021\/05\/gio-facu-768x503.jpg 768w\" sizes=\"(max-width: 870px) 100vw, 870px\" \/><\/a><p id=\"caption-attachment-76126\" class=\"wp-caption-text\">Imagen: AUF<\/p><\/div>\n<p style=\"text-align: justify;\">Esta ma\u00f1ana Giovanni Gonz\u00e1lez y Facundo Torres se sumaron a los entrenamientos de la Selecci\u00f3n Uruguaya. Los futbolistas estar\u00e1n a la orden de los partidos ante Paraguay y Venezuela, por lo que no podr\u00e1n jugar ante Plaza Colonia y Montevideo Wanderers.<\/p>\n<p style=\"text-align: justify;\">Por otra parte, mientras que ayer la Conmebol informaba que la Copa Am\u00e9rica no se jugar\u00e1 en Argentina, hoy ya se confirm\u00f3 la nueva sede, Brasil. Todav\u00eda es muy pronto para saber qu\u00e9 jugadores estar\u00e1n citados, pero el presidente aurinegro, Ignacio Ruglio, inform\u00f3 que eval\u00faa solicitar la paralizaci\u00f3n del torneo dom\u00e9stico dependiendo de los convocados que pueda tener Pe\u00f1arol durante la competencia continental.<\/p>\n","protected":false},"excerpt":{"rendered":"<p>Esta ma\u00f1ana Giovanni Gonz\u00e1lez y Facundo Torres se sumaron a los entrenamientos de la Selecci\u00f3n Uruguaya. Los futbolistas estar\u00e1n a la orden de los partidos ante Paraguay y Venezuela, por lo que no podr\u00e1n jugar ante Plaza Colonia y Montevideo Wanderers. Por otra parte, mientras que ayer la Conmebol informaba que la Copa Am\u00e9rica no [&hellip;]<\/p>\n","protected":false},"author":13,"featured_media":76126,"comment_status":"open","ping_status":"closed","sticky":false,"template":"","format":"standard","meta":{"footnotes":""},"categories":[1],"tags":[105],"yoast_head":"<!-- This site is optimized with the Yoast SEO plugin v23.2 - https:\/\/yoast.com\/wordpress\/plugins\/seo\/ -->\n<title>Gio y Facu ya entrenan con la Selecci\u00f3n - Padre y Decano - El Sitio del Pueblo<\/title>\n<meta name=\"robots\" content=\"index, follow, max-snippet:-1, max-image-preview:large, max-video-preview:-1\" \/>\n<link rel=\"canonical\" href=\"https:\/\/www.padreydecano.com\/cms\/noticias\/gio-y-facu-ya-entrenan-con-la-seleccion\/\" \/>\n<meta property=\"og:locale\" content=\"es_ES\" \/>\n<meta property=\"og:type\" content=\"article\" \/>\n<meta property=\"og:title\" content=\"Gio y Facu ya entrenan con la Selecci\u00f3n - Padre y Decano - El Sitio del Pueblo\" \/>\n<meta property=\"og:description\" content=\"Esta ma\u00f1ana Giovanni Gonz\u00e1lez y Facundo Torres se sumaron a los entrenamientos de la Selecci\u00f3n Uruguaya. Los futbolistas estar\u00e1n a la orden de los partidos ante Paraguay y Venezuela, por lo que no podr\u00e1n jugar ante Plaza Colonia y Montevideo Wanderers. Por otra parte, mientras que ayer la Conmebol informaba que la Copa Am\u00e9rica no [&hellip;]\" \/>\n<meta property=\"og:url\" content=\"https:\/\/www.padreydecano.com\/cms\/noticias\/gio-y-facu-ya-entrenan-con-la-seleccion\/\" \/>\n<meta property=\"og:site_name\" content=\"Padre y Decano - El Sitio del Pueblo\" \/>\n<meta property=\"article:published_time\" content=\"2021-05-31T15:12:20+00:00\" \/>\n<meta property=\"og:image\" content=\"https:\/\/www.padreydecano.com\/cms\/wp-content\/uploads\/2021\/05\/gio-facu.jpg\" \/>\n\t<meta property=\"og:image:width\" content=\"870\" \/>\n\t<meta property=\"og:image:height\" content=\"570\" \/>\n\t<meta property=\"og:image:type\" content=\"image\/jpeg\" \/>\n<meta name=\"author\" content=\"Moderador\" \/>\n<meta name=\"twitter:card\" content=\"summary_large_image\" \/>\n<meta name=\"twitter:label1\" content=\"Escrito por\" \/>\n\t<meta name=\"twitter:data1\" content=\"Moderador\" \/>\n\t<meta name=\"twitter:label2\" content=\"Tiempo de lectura\" \/>\n\t<meta name=\"twitter:data2\" content=\"1 minuto\" \/>\n<script type=\"application\/ld+json\" class=\"yoast-schema-graph\">{\"@context\":\"https:\/\/schema.org\",\"@graph\":[{\"@type\":\"Article\",\"@id\":\"https:\/\/www.padreydecano.com\/cms\/noticias\/gio-y-facu-ya-entrenan-con-la-seleccion\/#article\",\"isPartOf\":{\"@id\":\"https:\/\/www.padreydecano.com\/cms\/noticias\/gio-y-facu-ya-entrenan-con-la-seleccion\/\"},\"author\":{\"name\":\"Moderador\",\"@id\":\"https:\/\/www.padreydecano.com\/cms\/#\/schema\/person\/d93e9e537230ae052c194251d9a1def2\"},\"headline\":\"Gio y Facu ya entrenan con la Selecci\u00f3n\",\"datePublished\":\"2021-05-31T15:12:20+00:00\",\"dateModified\":\"2021-05-31T15:12:20+00:00\",\"mainEntityOfPage\":{\"@id\":\"https:\/\/www.padreydecano.com\/cms\/noticias\/gio-y-facu-ya-entrenan-con-la-seleccion\/\"},\"wordCount\":134,\"commentCount\":10,\"publisher\":{\"@id\":\"https:\/\/www.padreydecano.com\/cms\/#organization\"},\"image\":{\"@id\":\"https:\/\/www.padreydecano.com\/cms\/noticias\/gio-y-facu-ya-entrenan-con-la-seleccion\/#primaryimage\"},\"thumbnailUrl\":\"https:\/\/www.padreydecano.com\/cms\/wp-content\/uploads\/2021\/05\/gio-facu.jpg\",\"keywords\":[\"Selecci\u00f3n Uruguaya\"],\"articleSection\":[\"Noticias\"],\"inLanguage\":\"es\",\"potentialAction\":[{\"@type\":\"CommentAction\",\"name\":\"Comment\",\"target\":[\"https:\/\/www.padreydecano.com\/cms\/noticias\/gio-y-facu-ya-entrenan-con-la-seleccion\/#respond\"]}]},{\"@type\":\"WebPage\",\"@id\":\"https:\/\/www.padreydecano.com\/cms\/noticias\/gio-y-facu-ya-entrenan-con-la-seleccion\/\",\"url\":\"https:\/\/www.padreydecano.com\/cms\/noticias\/gio-y-facu-ya-entrenan-con-la-seleccion\/\",\"name\":\"Gio y Facu ya entrenan con la Selecci\u00f3n - Padre y Decano - El Sitio del Pueblo\",\"isPartOf\":{\"@id\":\"https:\/\/www.padreydecano.com\/cms\/#website\"},\"primaryImageOfPage\":{\"@id\":\"https:\/\/www.padreydecano.com\/cms\/noticias\/gio-y-facu-ya-entrenan-con-la-seleccion\/#primaryimage\"},\"image\":{\"@id\":\"https:\/\/www.padreydecano.com\/cms\/noticias\/gio-y-facu-ya-entrenan-con-la-seleccion\/#primaryimage\"},\"thumbnailUrl\":\"https:\/\/www.padreydecano.com\/cms\/wp-content\/uploads\/2021\/05\/gio-facu.jpg\",\"datePublished\":\"2021-05-31T15:12:20+00:00\",\"dateModified\":\"2021-05-31T15:12:20+00:00\",\"breadcrumb\":{\"@id\":\"https:\/\/www.padreydecano.com\/cms\/noticias\/gio-y-facu-ya-entrenan-con-la-seleccion\/#breadcrumb\"},\"inLanguage\":\"es\",\"potentialAction\":[{\"@type\":\"ReadAction\",\"target\":[\"https:\/\/www.padreydecano.com\/cms\/noticias\/gio-y-facu-ya-entrenan-con-la-seleccion\/\"]}]},{\"@type\":\"ImageObject\",\"inLanguage\":\"es\",\"@id\":\"https:\/\/www.padreydecano.com\/cms\/noticias\/gio-y-facu-ya-entrenan-con-la-seleccion\/#primaryimage\",\"url\":\"https:\/\/www.padreydecano.com\/cms\/wp-content\/uploads\/2021\/05\/gio-facu.jpg\",\"contentUrl\":\"https:\/\/www.padreydecano.com\/cms\/wp-content\/uploads\/2021\/05\/gio-facu.jpg\",\"width\":870,\"height\":570,\"caption\":\"Imagen: AUF\"},{\"@type\":\"BreadcrumbList\",\"@id\":\"https:\/\/www.padreydecano.com\/cms\/noticias\/gio-y-facu-ya-entrenan-con-la-seleccion\/#breadcrumb\",\"itemListElement\":[{\"@type\":\"ListItem\",\"position\":1,\"name\":\"Portada\",\"item\":\"https:\/\/www.padreydecano.com\/cms\/\"},{\"@type\":\"ListItem\",\"position\":2,\"name\":\"Gio y Facu ya entrenan con la Selecci\u00f3n\"}]},{\"@type\":\"WebSite\",\"@id\":\"https:\/\/www.padreydecano.com\/cms\/#website\",\"url\":\"https:\/\/www.padreydecano.com\/cms\/\",\"name\":\"Padre y Decano - El Sitio del Pueblo\",\"description\":\"Club Atl\u00e9tico Pe\u00f1arol\",\"publisher\":{\"@id\":\"https:\/\/www.padreydecano.com\/cms\/#organization\"},\"potentialAction\":[{\"@type\":\"SearchAction\",\"target\":{\"@type\":\"EntryPoint\",\"urlTemplate\":\"https:\/\/www.padreydecano.com\/cms\/?s={search_term_string}\"},\"query-input\":\"required name=search_term_string\"}],\"inLanguage\":\"es\"},{\"@type\":\"Organization\",\"@id\":\"https:\/\/www.padreydecano.com\/cms\/#organization\",\"name\":\"Padre y Decano\",\"url\":\"https:\/\/www.padreydecano.com\/cms\/\",\"logo\":{\"@type\":\"ImageObject\",\"inLanguage\":\"es\",\"@id\":\"https:\/\/www.padreydecano.com\/cms\/#\/schema\/logo\/image\/\",\"url\":\"https:\/\/www.padreydecano.com\/cms\/wp-content\/uploads\/2022\/01\/avatar-square.png\",\"contentUrl\":\"https:\/\/www.padreydecano.com\/cms\/wp-content\/uploads\/2022\/01\/avatar-square.png\",\"width\":1500,\"height\":1500,\"caption\":\"Padre y Decano\"},\"image\":{\"@id\":\"https:\/\/www.padreydecano.com\/cms\/#\/schema\/logo\/image\/\"}},{\"@type\":\"Person\",\"@id\":\"https:\/\/www.padreydecano.com\/cms\/#\/schema\/person\/d93e9e537230ae052c194251d9a1def2\",\"name\":\"Moderador\",\"image\":{\"@type\":\"ImageObject\",\"inLanguage\":\"es\",\"@id\":\"https:\/\/www.padreydecano.com\/cms\/#\/schema\/person\/image\/\",\"url\":\"https:\/\/secure.gravatar.com\/avatar\/2587727bf8a53bd3da4ec49f01bea66e?s=96&d=https%3A%2F%2Fpadreydecano.com%2Fcms%2Fwp-content%2Fthemes%2Fpyd-theme%2Fimg%2Fdefault-avatar.png&r=g\",\"contentUrl\":\"https:\/\/secure.gravatar.com\/avatar\/2587727bf8a53bd3da4ec49f01bea66e?s=96&d=https%3A%2F%2Fpadreydecano.com%2Fcms%2Fwp-content%2Fthemes%2Fpyd-theme%2Fimg%2Fdefault-avatar.png&r=g\",\"caption\":\"Moderador\"}}]}<\/script>\n<!-- \/ Yoast SEO plugin. -->","yoast_head_json":{"title":"Gio y Facu ya entrenan con la Selecci\u00f3n - Padre y Decano - El Sitio del Pueblo","robots":{"index":"index","follow":"follow","max-snippet":"max-snippet:-1","max-image-preview":"max-image-preview:large","max-video-preview":"max-video-preview:-1"},"canonical":"https:\/\/www.padreydecano.com\/cms\/noticias\/gio-y-facu-ya-entrenan-con-la-seleccion\/","og_locale":"es_ES","og_type":"article","og_title":"Gio y Facu ya entrenan con la Selecci\u00f3n - Padre y Decano - El Sitio del Pueblo","og_description":"Esta ma\u00f1ana Giovanni Gonz\u00e1lez y Facundo Torres se sumaron a los entrenamientos de la Selecci\u00f3n Uruguaya. Los futbolistas estar\u00e1n a la orden de los partidos ante Paraguay y Venezuela, por lo que no podr\u00e1n jugar ante Plaza Colonia y Montevideo Wanderers. Por otra parte, mientras que ayer la Conmebol informaba que la Copa Am\u00e9rica no [&hellip;]","og_url":"https:\/\/www.padreydecano.com\/cms\/noticias\/gio-y-facu-ya-entrenan-con-la-seleccion\/","og_site_name":"Padre y Decano - El Sitio del Pueblo","article_published_time":"2021-05-31T15:12:20+00:00","og_image":[{"width":870,"height":570,"url":"https:\/\/www.padreydecano.com\/cms\/wp-content\/uploads\/2021\/05\/gio-facu.jpg","type":"image\/jpeg"}],"author":"Moderador","twitter_card":"summary_large_image","twitter_misc":{"Escrito por":"Moderador","Tiempo de lectura":"1 minuto"},"schema":{"@context":"https:\/\/schema.org","@graph":[{"@type":"Article","@id":"https:\/\/www.padreydecano.com\/cms\/noticias\/gio-y-facu-ya-entrenan-con-la-seleccion\/#article","isPartOf":{"@id":"https:\/\/www.padreydecano.com\/cms\/noticias\/gio-y-facu-ya-entrenan-con-la-seleccion\/"},"author":{"name":"Moderador","@id":"https:\/\/www.padreydecano.com\/cms\/#\/schema\/person\/d93e9e537230ae052c194251d9a1def2"},"headline":"Gio y Facu ya entrenan con la Selecci\u00f3n","datePublished":"2021-05-31T15:12:20+00:00","dateModified":"2021-05-31T15:12:20+00:00","mainEntityOfPage":{"@id":"https:\/\/www.padreydecano.com\/cms\/noticias\/gio-y-facu-ya-entrenan-con-la-seleccion\/"},"wordCount":134,"commentCount":10,"publisher":{"@id":"https:\/\/www.padreydecano.com\/cms\/#organization"},"image":{"@id":"https:\/\/www.padreydecano.com\/cms\/noticias\/gio-y-facu-ya-entrenan-con-la-seleccion\/#primaryimage"},"thumbnailUrl":"https:\/\/www.padreydecano.com\/cms\/wp-content\/uploads\/2021\/05\/gio-facu.jpg","keywords":["Selecci\u00f3n Uruguaya"],"articleSection":["Noticias"],"inLanguage":"es","potentialAction":[{"@type":"CommentAction","name":"Comment","target":["https:\/\/www.padreydecano.com\/cms\/noticias\/gio-y-facu-ya-entrenan-con-la-seleccion\/#respond"]}]},{"@type":"WebPage","@id":"https:\/\/www.padreydecano.com\/cms\/noticias\/gio-y-facu-ya-entrenan-con-la-seleccion\/","url":"https:\/\/www.padreydecano.com\/cms\/noticias\/gio-y-facu-ya-entrenan-con-la-seleccion\/","name":"Gio y Facu ya entrenan con la Selecci\u00f3n - Padre y Decano - El Sitio del Pueblo","isPartOf":{"@id":"https:\/\/www.padreydecano.com\/cms\/#website"},"primaryImageOfPage":{"@id":"https:\/\/www.padreydecano.com\/cms\/noticias\/gio-y-facu-ya-entrenan-con-la-seleccion\/#primaryimage"},"image":{"@id":"https:\/\/www.padreydecano.com\/cms\/noticias\/gio-y-facu-ya-entrenan-con-la-seleccion\/#primaryimage"},"thumbnailUrl":"https:\/\/www.padreydecano.com\/cms\/wp-content\/uploads\/2021\/05\/gio-facu.jpg","datePublished":"2021-05-31T15:12:20+00:00","dateModified":"2021-05-31T15:12:20+00:00","breadcrumb":{"@id":"https:\/\/www.padreydecano.com\/cms\/noticias\/gio-y-facu-ya-entrenan-con-la-seleccion\/#breadcrumb"},"inLanguage":"es","potentialAction":[{"@type":"ReadAction","target":["https:\/\/www.padreydecano.com\/cms\/noticias\/gio-y-facu-ya-entrenan-con-la-seleccion\/"]}]},{"@type":"ImageObject","inLanguage":"es","@id":"https:\/\/www.padreydecano.com\/cms\/noticias\/gio-y-facu-ya-entrenan-con-la-seleccion\/#primaryimage","url":"https:\/\/www.padreydecano.com\/cms\/wp-content\/uploads\/2021\/05\/gio-facu.jpg","contentUrl":"https:\/\/www.padreydecano.com\/cms\/wp-content\/uploads\/2021\/05\/gio-facu.jpg","width":870,"height":570,"caption":"Imagen: AUF"},{"@type":"BreadcrumbList","@id":"https:\/\/www.padreydecano.com\/cms\/noticias\/gio-y-facu-ya-entrenan-con-la-seleccion\/#breadcrumb","itemListElement":[{"@type":"ListItem","position":1,"name":"Portada","item":"https:\/\/www.padreydecano.com\/cms\/"},{"@type":"ListItem","position":2,"name":"Gio y Facu ya entrenan con la Selecci\u00f3n"}]},{"@type":"WebSite","@id":"https:\/\/www.padreydecano.com\/cms\/#website","url":"https:\/\/www.padreydecano.com\/cms\/","name":"Padre y Decano - El Sitio del Pueblo","description":"Club Atl\u00e9tico Pe\u00f1arol","publisher":{"@id":"https:\/\/www.padreydecano.com\/cms\/#organization"},"potentialAction":[{"@type":"SearchAction","target":{"@type":"EntryPoint","urlTemplate":"https:\/\/www.padreydecano.com\/cms\/?s={search_term_string}"},"query-input":"required name=search_term_string"}],"inLanguage":"es"},{"@type":"Organization","@id":"https:\/\/www.padreydecano.com\/cms\/#organization","name":"Padre y Decano","url":"https:\/\/www.padreydecano.com\/cms\/","logo":{"@type":"ImageObject","inLanguage":"es","@id":"https:\/\/www.padreydecano.com\/cms\/#\/schema\/logo\/image\/","url":"https:\/\/www.padreydecano.com\/cms\/wp-content\/uploads\/2022\/01\/avatar-square.png","contentUrl":"https:\/\/www.padreydecano.com\/cms\/wp-content\/uploads\/2022\/01\/avatar-square.png","width":1500,"height":1500,"caption":"Padre y Decano"},"image":{"@id":"https:\/\/www.padreydecano.com\/cms\/#\/schema\/logo\/image\/"}},{"@type":"Person","@id":"https:\/\/www.padreydecano.com\/cms\/#\/schema\/person\/d93e9e537230ae052c194251d9a1def2","name":"Moderador","image":{"@type":"ImageObject","inLanguage":"es","@id":"https:\/\/www.padreydecano.com\/cms\/#\/schema\/person\/image\/","url":"https:\/\/secure.gravatar.com\/avatar\/2587727bf8a53bd3da4ec49f01bea66e?s=96&d=https%3A%2F%2Fpadreydecano.com%2Fcms%2Fwp-content%2Fthemes%2Fpyd-theme%2Fimg%2Fdefault-avatar.png&r=g","contentUrl":"https:\/\/secure.gravatar.com\/avatar\/2587727bf8a53bd3da4ec49f01bea66e?s=96&d=https%3A%2F%2Fpadreydecano.com%2Fcms%2Fwp-content%2Fthemes%2Fpyd-theme%2Fimg%2Fdefault-avatar.png&r=g","caption":"Moderador"}}]}},"_links":{"self":[{"href":"https:\/\/www.padreydecano.com\/cms\/wp-json\/wp\/v2\/posts\/76125"}],"collection":[{"href":"https:\/\/www.padreydecano.com\/cms\/wp-json\/wp\/v2\/posts"}],"about":[{"href":"https:\/\/www.padreydecano.com\/cms\/wp-json\/wp\/v2\/types\/post"}],"author":[{"embeddable":true,"href":"https:\/\/www.padreydecano.com\/cms\/wp-json\/wp\/v2\/users\/13"}],"replies":[{"embeddable":true,"href":"https:\/\/www.padreydecano.com\/cms\/wp-json\/wp\/v2\/comments?post=76125"}],"version-history":[{"count":0,"href":"https:\/\/www.padreydecano.com\/cms\/wp-json\/wp\/v2\/posts\/76125\/revisions"}],"wp:featuredmedia":[{"embeddable":true,"href":"https:\/\/www.padreydecano.com\/cms\/wp-json\/wp\/v2\/media\/76126"}],"wp:attachment":[{"href":"https:\/\/www.padreydecano.com\/cms\/wp-json\/wp\/v2\/media?parent=76125"}],"wp:term":[{"taxonomy":"category","embeddable":true,"href":"https:\/\/www.padreydecano.com\/cms\/wp-json\/wp\/v2\/categories?post=76125"},{"taxonomy":"post_tag","embeddable":true,"href":"https:\/\/www.padreydecano.com\/cms\/wp-json\/wp\/v2\/tags?post=76125"}],"curies":[{"name":"wp","href":"https:\/\/api.w.org\/{rel}","templated":true}]}}