{"id":75641,"date":"2021-03-27T17:17:19","date_gmt":"2021-03-27T20:17:19","guid":{"rendered":"http:\/\/www.padreydecano.com\/cms\/?p=75641"},"modified":"2021-03-30T07:48:02","modified_gmt":"2021-03-30T10:48:02","slug":"una-hinchada-con-historia","status":"publish","type":"post","link":"https:\/\/www.padreydecano.com\/cms\/editoriales\/una-hinchada-con-historia\/","title":{"rendered":"Una hinchada con historia"},"content":{"rendered":"<blockquote>\n<p style=\"text-align: justify;\"><strong><a href=\"https:\/\/www.padreydecano.com\/cms\/wp-content\/uploads\/2021\/03\/1991.jpg\" rel=\"shadowbox[sbpost-75641];player=img;\"><img loading=\"lazy\" decoding=\"async\" class=\"size-full wp-image-75642\" src=\"https:\/\/www.padreydecano.com\/cms\/wp-content\/uploads\/2021\/03\/1991.jpg\" alt=\"\" width=\"1579\" height=\"889\" srcset=\"https:\/\/www.padreydecano.com\/cms\/wp-content\/uploads\/2021\/03\/1991.jpg 1579w, https:\/\/www.padreydecano.com\/cms\/wp-content\/uploads\/2021\/03\/1991-600x338.jpg 600w, https:\/\/www.padreydecano.com\/cms\/wp-content\/uploads\/2021\/03\/1991-768x432.jpg 768w, https:\/\/www.padreydecano.com\/cms\/wp-content\/uploads\/2021\/03\/1991-1024x577.jpg 1024w\" sizes=\"(max-width: 1579px) 100vw, 1579px\" \/><\/a><\/strong><\/p>\n<\/blockquote>\n<p style=\"text-align: justify;\"><strong>El 28 de marzo de 1946, hace ya 75 a\u00f1os, un grupo de ex alumnos de la Escuela de Artes y Oficios de Villa Pe\u00f1arol, dec\u00eda presente en la vieja sede social aurinegra para hacer entrega de la primera insignia bajo la cual se agrupar\u00edan las masas fervorosas que acompa\u00f1ar\u00edan a Pe\u00f1arol a lo largo de su vida. La primera bandera de una hinchada que ha hecho historia desde principios del siglo XX.<\/strong><\/p>\n<p style=\"text-align: justify;\">Nacido entre rieles y locomotoras en la primavera de 1891, Pe\u00f1arol logr\u00f3 consolidarse r\u00e1pidamente no solo como potencia deportiva de nuestro pa\u00eds, sino tambi\u00e9n como la entidad de mayor arraigo y popularidad. Envidiada, respetada, elogiada y criticada al mismo tiempo, la hinchada de Pe\u00f1arol no le es ajena a nadie. Y la historia de la hinchada de Pe\u00f1arol, la primera del pa\u00eds, es demasiado rica y extensa. Gracias a las encuestas y los estudios sociol\u00f3gicos existentes, cuando decimos \u201cla hinchada de Pe\u00f1arol\u201d hablamos del movimiento social m\u00e1s grande del pa\u00eds.<\/p>\n<p style=\"text-align: justify;\">Para quienes creen que el f\u00fatbol se limita a once futbolistas atr\u00e1s de una pelota, tal vez esta nota no tenga mucho sentido. Aun as\u00ed, est\u00e1 hecha la invitaci\u00f3n para repasar algunos de los principales hitos en la historia de una hinchada reconocida dentro y fuera de fronteras, pero especialmente, una hinchada que ha sabido dar la cara por su club desde los hechos y no desde el relato.<\/p>\n<p style=\"text-align: justify;\"><span style=\"color: #ffcc00;\"><strong>El nacimiento de la primera hinchada del pa\u00eds<\/strong><\/span><\/p>\n<p style=\"text-align: justify;\">El origen del primer grupo organizado y su bandera datan del a\u00f1o 1906, cuando los alumnos de la Escuela de Artes y Oficios fueron invitados a un gran asado de camarader\u00eda brindado por el club y tuvieron la oportunidad de jugar un partido informal con el primer equipo de Pe\u00f1arol, en aquel momento campe\u00f3n vigente del futbol local. Como reconocimiento a la adhesi\u00f3n a la causa demostrada por este grupo estudiantil, el club le obsequi\u00f3 a este grupo de muchachos una bandera, que desde ese momento acompa\u00f1ar\u00eda al equipo en cada partido que le tocara jugar.<\/p>\n<p style=\"text-align: justify;\">El encargado de la custodia de la preciada insignia fue Alberto Aldama, quien al d\u00eda siguiente tambi\u00e9n se ocup\u00f3 de presentar la bandera a sus compa\u00f1eros de la Escuela. Pidi\u00f3 no romper filas en el recreo y ante m\u00e1s de 350 alumnos present\u00f3 la preciada bandera, motivo por el cual sus compa\u00f1eros pod\u00edan<em><strong> \u201csentirse orgullosos de su amor partidario porque hemos sido estimulados en nuestra fe de Pe\u00f1arolenses, tanto por nuestros viajes a pie hasta la cancha como por las luchas con nuestros adversarios\u201d.<\/strong><\/em> El discurso terminar\u00eda\u00a0 dando lugar al grito de \u201c\u00a1Viva Pe\u00f1arol!\u201d, tal como se llam\u00f3 a la instituci\u00f3n decana desde sus inicios, y la bandera se hab\u00eda transformado en el emblema del colectivo mirasol.<\/p>\n<p style=\"text-align: justify;\">Aldama muri\u00f3 el 20 de marzo de 1933, dejando la bandera en manos de su amigo Juan Rom\u00e1n hasta el a\u00f1o 1946, cuando un grupo de sobrevivientes de aquella bullanguera muchachada de la Escuela de Artes y Oficios decidi\u00f3 entregar la bandera al club para su custodia.<\/p>\n<p style=\"text-align: justify;\">As\u00ed naci\u00f3 el primer grupo organizado de hinchas del Uruguay. En Pe\u00f1arol, una hinchada que dir\u00eda presente en todas las p\u00e1ginas de historia del club.<\/p>\n<p style=\"text-align: justify;\"><a href=\"https:\/\/www.padreydecano.com\/cms\/wp-content\/uploads\/2021\/03\/portada.jpg\" rel=\"shadowbox[sbpost-75641];player=img;\"><img loading=\"lazy\" decoding=\"async\" class=\"aligncenter size-full wp-image-75635\" src=\"https:\/\/www.padreydecano.com\/cms\/wp-content\/uploads\/2021\/03\/portada.jpg\" alt=\"\" width=\"800\" height=\"600\" srcset=\"https:\/\/www.padreydecano.com\/cms\/wp-content\/uploads\/2021\/03\/portada.jpg 800w, https:\/\/www.padreydecano.com\/cms\/wp-content\/uploads\/2021\/03\/portada-600x450.jpg 600w, https:\/\/www.padreydecano.com\/cms\/wp-content\/uploads\/2021\/03\/portada-768x576.jpg 768w\" sizes=\"(max-width: 800px) 100vw, 800px\" \/><\/a><\/p>\n<p style=\"text-align: justify;\"><span style=\"color: #ffcc00;\"><b style=\"color: #ffcc00;\">La <\/b><span style=\"color: #ffcc00;\"><b>reestructuraci\u00f3n<\/b><\/span><b style=\"color: #ffcc00;\">\u00a0necesaria<\/b><\/span><\/p>\n<p style=\"text-align: justify;\">Para el a\u00f1o 1913, la relaci\u00f3n entre el club y la empresa del ferrocarril se encontraba en un momento cr\u00edtico. Las autoridades desde el exterior exig\u00edan recortar gastos, aumentar ganancias y solucionar los -varios- problemas generados por el equipo de f\u00fatbol, desde incidentes entre hinchas, hasta las faltas a trabajar debido a choques deportivos. Es en este punto donde la participaci\u00f3n de la masa social del club Decano se transformar\u00eda en un pilar fundamental para la continuidad y la reestructuraci\u00f3n del mismo.<\/p>\n<p style=\"text-align: justify;\">No hay testimonio de la \u00e9poca que no destaque la enorme importancia que tuvo el involucramiento de los llamados \u201csocios no empleados\u201d en la administraci\u00f3n y el manejo del club. Resumiendo un poco la historia: fueron estos quienes, despu\u00e9s de reiterados e insistentes pedidos, lograron destrabar una soluci\u00f3n de conflicto que no auguraba nada bueno para la instituci\u00f3n, forzaron elecciones y consiguieron la aprobaci\u00f3n de la vieja Comisi\u00f3n Directiva para hacerse definitivamente con el control del club.<\/p>\n<p style=\"text-align: justify;\">Personalmente desconozco en cuantos clubes del mundo ha sido necesaria la intervenci\u00f3n y el enfrentamiento de sus hinchas m\u00e1s genuinos con las autoridades empresariales que lo vieron nacer, pero algo tengo claro: no son muchos y ninguno de ellos logr\u00f3, despu\u00e9s de semejante cruzada, seguir adelante con una vida deportiva tan exitosa como hasta ese entonces.<\/p>\n<p style=\"text-align: justify;\"><span style=\"color: #ffcc00;\"><strong>Algo nunca visto<\/strong><\/span><\/p>\n<p style=\"text-align: justify;\">El 18 de julio de 1926 Pe\u00f1arol gan\u00f3 uno de los partidos amistosos m\u00e1s importantes en la historia del f\u00fatbol uruguayo. El Deportivo Espa\u00f1ol, equipo m\u00e1s que prestigioso por aquel entonces, se encontraba de gira en Sudam\u00e9rica para enfrentar a los principales equipos de la regi\u00f3n. L\u00f3gicamente, su visita al Uruguay no pas\u00f3 inadvertida, ni para nosotros ni para ellos, que ven\u00edan con la idea de \u201cvencer en el pa\u00eds de los campeones ol\u00edmpicos\u201d. Y lo hicieron, a medias, porque el primer partido que jugaron en nuestro pa\u00eds fue contra Nacional, y ganaron los espa\u00f1oles.<\/p>\n<p style=\"text-align: justify;\">As\u00ed las cosas, el partido con Pe\u00f1arol se presentaba como una cuesti\u00f3n de honor para el f\u00fatbol uruguayo y reca\u00eda en el club Decano la responsabilidad de vengar la ofensa y reivindicar los honores de nuestro deporte. No es de extra\u00f1ar que aquel d\u00eda la hinchada de Pe\u00f1arol se transformara en un jugador m\u00e1s del equipo, con un aliento ensordecedor como, seg\u00fan palabras de los espa\u00f1oles, nunca hab\u00edan visto.<\/p>\n<p style=\"text-align: justify;\">Pedro Colls, miembro de la delegaci\u00f3n del R.C.D. Espa\u00f1ol declarar\u00eda en una entrevista recogida por \u201cLa Comarca Deportiva\u201d en su edici\u00f3n del 15\/11\/1926 que <em><strong>\u201cel partido jugado contra el Pe\u00f1arol fue una cosa nunca vista. Durante todo el encuentro millares de voces no cesaron de gritar \u00a1Pe\u00f1arol!\u00a1Pe\u00f1arol! aquello era ensordecedor. Al marcar el gol, hubo tres jugadores que se desmayaron y la muchedumbre invadi\u00f3 el campo para estrechar al autor del tanto\u201d.<\/strong><\/em><\/p>\n<p style=\"text-align: justify;\"><a href=\"https:\/\/www.padreydecano.com\/cms\/wp-content\/uploads\/2021\/03\/11-La-Comarca-Deportiva-Periodico-de-vida-esportiva.-Espa\u00f1a.-15-11-1926.jpg\" rel=\"shadowbox[sbpost-75641];player=img;\"><img loading=\"lazy\" decoding=\"async\" class=\"aligncenter size-full wp-image-75643\" src=\"https:\/\/www.padreydecano.com\/cms\/wp-content\/uploads\/2021\/03\/11-La-Comarca-Deportiva-Periodico-de-vida-esportiva.-Espa\u00f1a.-15-11-1926.jpg\" alt=\"\" width=\"601\" height=\"290\" srcset=\"https:\/\/www.padreydecano.com\/cms\/wp-content\/uploads\/2021\/03\/11-La-Comarca-Deportiva-Periodico-de-vida-esportiva.-Espa\u00f1a.-15-11-1926.jpg 601w, https:\/\/www.padreydecano.com\/cms\/wp-content\/uploads\/2021\/03\/11-La-Comarca-Deportiva-Periodico-de-vida-esportiva.-Espa\u00f1a.-15-11-1926-600x290.jpg 600w\" sizes=\"(max-width: 601px) 100vw, 601px\" \/><\/a><\/p>\n<p style=\"text-align: justify;\">Otro testimonio destacado de la \u00e9poca es el de Pedro Bru, entrenador del equipo europeo, quien en una carta citada por la prensa espa\u00f1ola el 4\/9\/1926 notifica a sus compatriotas sobre el \u00e9xito en recaudaci\u00f3n que supone la gira por el R\u00edo de la Plata. No es de sorprender que la recaudaci\u00f3n del partido con Pe\u00f1arol sea bastante superior a la del partido con Nacional.<\/p>\n<p style=\"text-align: justify;\"><a href=\"https:\/\/www.padreydecano.com\/cms\/wp-content\/uploads\/2021\/03\/3-La-Prensa-4-9-1926-copia.jpg\" rel=\"shadowbox[sbpost-75641];player=img;\"><img loading=\"lazy\" decoding=\"async\" class=\"aligncenter size-full wp-image-75645\" src=\"https:\/\/www.padreydecano.com\/cms\/wp-content\/uploads\/2021\/03\/3-La-Prensa-4-9-1926-copia.jpg\" alt=\"\" width=\"610\" height=\"554\" srcset=\"https:\/\/www.padreydecano.com\/cms\/wp-content\/uploads\/2021\/03\/3-La-Prensa-4-9-1926-copia.jpg 610w, https:\/\/www.padreydecano.com\/cms\/wp-content\/uploads\/2021\/03\/3-La-Prensa-4-9-1926-copia-600x545.jpg 600w\" sizes=\"(max-width: 610px) 100vw, 610px\" \/><\/a><\/p>\n<p style=\"text-align: justify;\">Esparza y Urquiza, tambi\u00e9n parte del equipo extranjero, fueron otros que declararon en la mismo sinton\u00eda (La Voz de Menorca, 19\/10\/1926):<\/p>\n<p style=\"text-align: justify;\"><a href=\"https:\/\/www.padreydecano.com\/cms\/wp-content\/uploads\/2021\/03\/4-La-Voz-de-Menorca-10-9-1926-copia-1.jpg\" rel=\"shadowbox[sbpost-75641];player=img;\"><img loading=\"lazy\" decoding=\"async\" class=\"aligncenter size-full wp-image-75648\" src=\"https:\/\/www.padreydecano.com\/cms\/wp-content\/uploads\/2021\/03\/4-La-Voz-de-Menorca-10-9-1926-copia-1.jpg\" alt=\"\" width=\"588\" height=\"1354\" srcset=\"https:\/\/www.padreydecano.com\/cms\/wp-content\/uploads\/2021\/03\/4-La-Voz-de-Menorca-10-9-1926-copia-1.jpg 588w, https:\/\/www.padreydecano.com\/cms\/wp-content\/uploads\/2021\/03\/4-La-Voz-de-Menorca-10-9-1926-copia-1-261x600.jpg 261w, https:\/\/www.padreydecano.com\/cms\/wp-content\/uploads\/2021\/03\/4-La-Voz-de-Menorca-10-9-1926-copia-1-445x1024.jpg 445w\" sizes=\"(max-width: 588px) 100vw, 588px\" \/><\/a><\/p>\n<p style=\"text-align: justify;\"><em><strong>\u201cSe notaba en ellos y en el publico, que gritaba desaforadamente, el deseo de ganar a toda costa. Se ven\u00edan en cuerpo y alma, y el entusiasmo que demostraron era excesivo. Bueno, aquello ya no era futbol. No se pod\u00eda jugar con el griter\u00edo que armaban\u201d<\/strong><\/em> sostuvo Urquiza, quien agregar\u00eda adem\u00e1s que <em><strong>\u201ccuando Piendibene meti\u00f3 el gol, hab\u00eda que ver al p\u00fablico saltar a la cancha como fieras, atropellarnos sin miramiento para abrazar a Piendibene. \u00a1Era un espect\u00e1culo que nos choc\u00f3! Si chistamos creo que nos linchan\u201d. Por su parte, Esparza afirmaba que \u201ca los gritos de \u00a1Pe\u00f1arol! \u00a1Pe\u00f1arol! Nos ensordec\u00edan y empezamos a desanimarnos.\u201d<\/strong><\/em> La m\u00edstica de Pe\u00f1arol y su gente hab\u00eda ganado un partido irrepetible por el honor del f\u00fatbol uruguayo.<\/p>\n<p style=\"text-align: justify;\">La sentencia final la dicta la propia prensa espa\u00f1ola:<\/p>\n<p style=\"text-align: justify;\">\u201cLa excesiva importancia que la prensa hab\u00eda dado a este match present\u00e1ndolo como una cuesti\u00f3n de vida o muerte para el futbol nacional, unido al hecho de ser el Pe\u00f1arol el club eminentemente popular aqu\u00ed, dio por resultado el estado de nerviosismo y vehemencia que hemos rese\u00f1ado en el p\u00fablico. Los nuestros jugaron magn\u00edficamente y llevaron las de ganar durante el primer tiempo, luego el p\u00fablico ejerci\u00f3 una influencia decisiva en el juego y los amarillo y negro se impusieron. <strong>Creo sinceramente que Nacional es m\u00e1s equipo que Pe\u00f1arol, ahora que carece de la masa de supporters que anima a este en sus luchas<\/strong>.\u201d<\/p>\n<p style=\"text-align: justify;\"><a href=\"https:\/\/www.padreydecano.com\/cms\/wp-content\/uploads\/2021\/03\/IMG_20210327_151956.jpg\" rel=\"shadowbox[sbpost-75641];player=img;\"><img loading=\"lazy\" decoding=\"async\" class=\"aligncenter size-full wp-image-75649\" src=\"https:\/\/www.padreydecano.com\/cms\/wp-content\/uploads\/2021\/03\/IMG_20210327_151956.jpg\" alt=\"\" width=\"720\" height=\"520\" srcset=\"https:\/\/www.padreydecano.com\/cms\/wp-content\/uploads\/2021\/03\/IMG_20210327_151956.jpg 720w, https:\/\/www.padreydecano.com\/cms\/wp-content\/uploads\/2021\/03\/IMG_20210327_151956-600x433.jpg 600w\" sizes=\"(max-width: 720px) 100vw, 720px\" \/><\/a><\/p>\n<p style=\"text-align: justify;\">Poco para agregar a lo dicho por las protagonistas, la hinchada de Pe\u00f1arol dejaba su huella en la delegaci\u00f3n espa\u00f1ola y no dejaba de sorprender.<\/p>\n<p style=\"text-align: justify;\"><span style=\"color: #ffcc00;\"><strong>Una muestra de fidelidad que se transformar\u00eda en un impulso<\/strong><\/span><\/p>\n<p style=\"text-align: justify;\">En 1944 saldr\u00eda a la luz el \u00fanico caso de corrupci\u00f3n comprobada en la historia del futbol: la peluquer\u00eda Pissoni. El \u201caffaire del peluquero\u201d, como lo llam\u00f3 la prensa de la \u00e9poca, revelaba que el Club Nacional de Football a trav\u00e9s de sus gerentes, sobornaba jugadores rivales de forma constante. Hasta ese momento, el club que arreglaba partidos encadenaba cinco t\u00edtulos de campe\u00f3n al hilo, algo que no volver\u00edan a conseguir nunca m\u00e1s en su historia.<\/p>\n<p style=\"text-align: justify;\">Pero lo que recordamos hoy no es esta historia manchada en las oscuras paginas del futbol uruguayo, tampoco la final\u00edsima de 1944 que el Decano terminar\u00eda ganando 3-2 de atr\u00e1s para evitar el Sexenio de su rival. Hoy recordamos a la maravillosa hinchada de Pe\u00f1arol que en pleno Quinquenio de Nacional, llevo su registro social de 4.924 afiliados en 1939 a 11.459 para el a\u00f1o 1944, superando incluso a Nacional que contaba con 10.459 asociados. Si, en plena racha adversa, Pe\u00f1arol hab\u00eda aumentado su padr\u00f3n social en m\u00e1s del doble. Y eso solo lo logran hinchadas de verdad, como la nuestra. A partir de all\u00ed se edificar\u00eda el bicampeonato 1944 \u2013 1945 y el famos\u00edsimo equipo de La Maquina del 49 que se consagrar\u00eda campe\u00f3n de forma invicta en los tres torneos del a\u00f1o: Competencia, Honor y Uruguayo.<\/p>\n<p style=\"text-align: justify;\"><a href=\"https:\/\/www.padreydecano.com\/cms\/wp-content\/uploads\/2021\/03\/Buzzetti.jpg\" rel=\"shadowbox[sbpost-75641];player=img;\"><img loading=\"lazy\" decoding=\"async\" class=\"aligncenter size-full wp-image-75652\" src=\"https:\/\/www.padreydecano.com\/cms\/wp-content\/uploads\/2021\/03\/Buzzetti.jpg\" alt=\"\" width=\"2700\" height=\"2847\" srcset=\"https:\/\/www.padreydecano.com\/cms\/wp-content\/uploads\/2021\/03\/Buzzetti.jpg 2700w, https:\/\/www.padreydecano.com\/cms\/wp-content\/uploads\/2021\/03\/Buzzetti-569x600.jpg 569w, https:\/\/www.padreydecano.com\/cms\/wp-content\/uploads\/2021\/03\/Buzzetti-768x810.jpg 768w, https:\/\/www.padreydecano.com\/cms\/wp-content\/uploads\/2021\/03\/Buzzetti-971x1024.jpg 971w\" sizes=\"(max-width: 2700px) 100vw, 2700px\" \/><\/a><\/p>\n<p style=\"text-align: justify;\"><span style=\"color: #ffcc00;\"><strong>Palacio Pe\u00f1arol, el hogar del pueblo<\/strong><\/span><\/p>\n<p style=\"text-align: justify;\">El Palacio Pe\u00f1arol es el estadio cerrado con m\u00e1s historia en este pa\u00eds. Inaugurado en 1955, el edificio donde hoy encontramos la cancha de basketball, la sede social y el museo de Pe\u00f1arol, adem\u00e1s de ser el hogar de m\u00faltiples consagraciones y espect\u00e1culos destacados de nuestro deporte, tambi\u00e9n ha sido el escenario de varias muestras de nuestra cultura. Pero adem\u00e1s de todo esto, la construcci\u00f3n del Palacio Pe\u00f1arol es historia pura de por s\u00ed. Historia del club y de su hinchada, una vez m\u00e1s.<\/p>\n<p style=\"text-align: justify;\">La historia se remonta al a\u00f1o 1945, m\u00e1s precisamente al 19 de octubre, cuando la Asamblea de Socios decide apoyar la idea de la Comisi\u00f3n Directiva y adquirir el predio de la manzana delimitada por Galicia, Cerro Largo, Magallanes y Minas, con una superficie de 3896 metros, por un costo total de $148.067. El siguiente paso, l\u00f3gicamente, era pagarlo. Y ac\u00e1 es donde hace su aparici\u00f3n por primera vez la hinchada aurinegra, logrando recolectar m\u00e1s de $100.000 en la famosa y recordada \u201cCampa\u00f1a del metro cuadrado\u201d. B\u00e1sicamente, el hincha ten\u00eda la posibilidad de comprar un metro de terreno y donarlo al club.<\/p>\n<p style=\"text-align: justify;\"><a href=\"https:\/\/www.padreydecano.com\/cms\/wp-content\/uploads\/2021\/03\/Metro-cuadrado.jpg\" rel=\"shadowbox[sbpost-75641];player=img;\"><img loading=\"lazy\" decoding=\"async\" class=\"aligncenter size-full wp-image-75653\" src=\"https:\/\/www.padreydecano.com\/cms\/wp-content\/uploads\/2021\/03\/Metro-cuadrado.jpg\" alt=\"\" width=\"2194\" height=\"2632\" srcset=\"https:\/\/www.padreydecano.com\/cms\/wp-content\/uploads\/2021\/03\/Metro-cuadrado.jpg 2194w, https:\/\/www.padreydecano.com\/cms\/wp-content\/uploads\/2021\/03\/Metro-cuadrado-500x600.jpg 500w, https:\/\/www.padreydecano.com\/cms\/wp-content\/uploads\/2021\/03\/Metro-cuadrado-768x921.jpg 768w, https:\/\/www.padreydecano.com\/cms\/wp-content\/uploads\/2021\/03\/Metro-cuadrado-854x1024.jpg 854w\" sizes=\"(max-width: 2194px) 100vw, 2194px\" \/><\/a><\/p>\n<p style=\"text-align: justify;\">Luego llegar\u00eda la construcci\u00f3n del Palacio, construcci\u00f3n durante la cual se hallaron durmientes y v\u00edas en el predio. El guionista de Dios le gui\u00f1aba un ojo al club del pueblo y Pe\u00f1arol, nacido en los talleres del ferrocarril, edificaba su nueva sede social en un terreno donde la vida ferroviaria hab\u00eda dejado su huella. Sin embargo, el dinero para la construcci\u00f3n era una cifra exorbitante para Pe\u00f1arol en aquella \u00e9poca: se necesitaban $ 2.000.000 y el patrimonio del club estaba valuado en apenas $ 500.000. Finalmente se decidi\u00f3 aumentar el valor de la cuota social en $ 0,50 y de esta forma no solo se financiaba gran parte de la obra, sino que se acced\u00eda tambi\u00e9n al cr\u00e9dito necesario.<\/p>\n<p style=\"text-align: justify;\">La construcci\u00f3n avanzar\u00eda de forma propicia y al d\u00eda de hoy, son realmente llamativas las fotos del Palacio Pe\u00f1arol sin techar. Aqu\u00ed, una vez mas, dijo presente la maravillosa hinchada de Pe\u00f1arol, esta vez a trav\u00e9s de la Campa\u00f1a Pro-Techo del Palacio Pe\u00f1arol.<\/p>\n<p style=\"text-align: justify;\"><a href=\"https:\/\/www.padreydecano.com\/cms\/wp-content\/uploads\/2021\/03\/IMG-20200611-WA0019.jpg\" rel=\"shadowbox[sbpost-75641];player=img;\"><img loading=\"lazy\" decoding=\"async\" class=\"aligncenter size-full wp-image-75654\" src=\"https:\/\/www.padreydecano.com\/cms\/wp-content\/uploads\/2021\/03\/IMG-20200611-WA0019.jpg\" alt=\"\" width=\"1600\" height=\"1321\" srcset=\"https:\/\/www.padreydecano.com\/cms\/wp-content\/uploads\/2021\/03\/IMG-20200611-WA0019.jpg 1600w, https:\/\/www.padreydecano.com\/cms\/wp-content\/uploads\/2021\/03\/IMG-20200611-WA0019-600x495.jpg 600w, https:\/\/www.padreydecano.com\/cms\/wp-content\/uploads\/2021\/03\/IMG-20200611-WA0019-768x634.jpg 768w, https:\/\/www.padreydecano.com\/cms\/wp-content\/uploads\/2021\/03\/IMG-20200611-WA0019-1024x845.jpg 1024w\" sizes=\"(max-width: 1600px) 100vw, 1600px\" \/><\/a><\/p>\n<p style=\"text-align: justify;\">Hoy no existe montevideano que no conozca el Palacio Pe\u00f1arol. Edificio emblema de la ciudad y del deporte oriental, y propiedad del Club Atl\u00e9tico Pe\u00f1arol. Es responsabilidad de todos recordar c\u00f3mo se lleg\u00f3 a \u00e9l, las dificultades que tuvieron que sortear los hombres de la \u00e9poca y el invaluable aporte de una hinchada que segu\u00eda escribiendo la historia junto a su insignia.<\/p>\n<p style=\"text-align: justify;\"><span style=\"color: #ffcc00;\"><strong>Un club que tiene eso, no puede morir jam\u00e1s<\/strong><\/span><\/p>\n<p style=\"text-align: justify;\">Pe\u00f1arol se hab\u00eda coronado recientemente como campe\u00f3n uruguayo de 1949 tras vencer a Nacional por 4-3. La caravana de festejos fue monumental, emocionante. Pero m\u00e1s emocionante a\u00fan es la cr\u00f3nica de Davy en El Pa\u00eds, en su edici\u00f3n del 20 de diciembre de 1949, recordando una caravana igual de intensa de los hinchas del club del pueblo, pero no en una jornada de triunfos, sino de derrota. M\u00e1s precisamente, despu\u00e9s de la ca\u00edda cl\u00e1sica 0-6 apenas unos a\u00f1os atr\u00e1s.<\/p>\n<blockquote>\n<p style=\"text-align: justify;\"><em><strong>El pueblo estaba de fiesta y la columna, ebria de entusiasmo y de copas, lleg\u00f3 hasta nuestra casa. Ven\u00edan los viejos hinchas y los j\u00f3venes cadetes. Nosotros los vimos encaramados en las columnas agitando las banderas aurinegras y los nombres de los once campeones. Y las expresiones gr\u00e1ficas que la muchedumbre dice con chispazos de ingenio. Y la orden urgente de sacar la foto, para que la historia recogiera uno de los momentos m\u00e1s emocionantes de una caravana que lleg\u00f3 aqu\u00ed otras veces tambi\u00e9n, en parecido trance, pero que tambi\u00e9n lleg\u00f3 una tarde y nos asombr\u00f3.<\/strong><\/em><\/p>\n<p style=\"text-align: justify;\"><em><strong>Fue cuando Pe\u00f1arol hab\u00eda ca\u00eddo seis a cero. Los jugadores vencidos en la cancha hab\u00edan refugiado su dolor en sus hogares (&#8230;) Pero el pueblo, ese pueblo de enorme coraz\u00f3n y fibra santa, hab\u00eda salido a la calle furioso a gritar el nombre de Pe\u00f1arol. Para ellos, Pe\u00f1arol era tan grande entonces como siempre, como cuando la bandera de las estrellas ondeaba airosa azotada por los vientos de victoria y era siempre inmensa y bendita cuando era arriada en las tardes de ca\u00edda sin levante. Ellos representaban aut\u00e9nticamente a Pe\u00f1arol. Ellos eran, en ese instante, Pe\u00f1arol.<\/strong><\/em><\/p>\n<p style=\"text-align: justify;\"><em><strong>Nosotros vimos, asombrados, aquella manifestaci\u00f3n. Nos peg\u00f3 un salto el coraz\u00f3n ante tanto coraje, ante tanta adhesi\u00f3n y pensamos que un club que ten\u00eda eso no pod\u00eda morir jam\u00e1s. Las viejas glorias volver\u00edan en tardes triunfales y un d\u00eda esa manifestaci\u00f3n (ser\u00edan los mismos, sin dudas) volver\u00eda bajo nuestros balcones para gritar el mismo nombre pero con rostros alegres, el coraz\u00f3n henchido de optimismo, en las caras estereotipado el triunfo, con la marca de la revancha en alto, mostr\u00e1ndola todos, grit\u00e1ndola a todos, resonando los cantos y los gritos por la calle.<\/strong><\/em><\/p>\n<p style=\"text-align: justify;\"><em><strong>Y aqu\u00ed estuvieron otra vez. Eran los mismos, si, el pueblo enloquecido, tremendamente desafiante, pero ya m\u00e1s manso y tranquilo por el triunfo final.<\/strong><\/em><\/p>\n<p style=\"text-align: justify;\"><em><strong>Ellos hab\u00edan esperado la revancha y la ten\u00edan. Mostraron su emoci\u00f3n bajo los mismos balcones y en las mismas piedras rebot\u00f3 el mismo grito de guerra y de triunfo: \u00a1Pe\u00f1arol! \u00a1Pe\u00f1arol!\u00bb<\/strong><\/em><\/p>\n<\/blockquote>\n<p style=\"text-align: justify;\">Pe\u00f1arol y su gente, en cualquier momento y en cualquier condici\u00f3n.<\/p>\n<p style=\"text-align: justify;\"><a href=\"https:\/\/www.padreydecano.com\/cms\/wp-content\/uploads\/2021\/03\/1945.jpeg\" rel=\"shadowbox[sbpost-75641];player=img;\"><img loading=\"lazy\" decoding=\"async\" class=\"aligncenter size-full wp-image-75655\" src=\"https:\/\/www.padreydecano.com\/cms\/wp-content\/uploads\/2021\/03\/1945.jpeg\" alt=\"\" width=\"1106\" height=\"1536\" srcset=\"https:\/\/www.padreydecano.com\/cms\/wp-content\/uploads\/2021\/03\/1945.jpeg 1106w, https:\/\/www.padreydecano.com\/cms\/wp-content\/uploads\/2021\/03\/1945-432x600.jpeg 432w, https:\/\/www.padreydecano.com\/cms\/wp-content\/uploads\/2021\/03\/1945-768x1067.jpeg 768w, https:\/\/www.padreydecano.com\/cms\/wp-content\/uploads\/2021\/03\/1945-737x1024.jpeg 737w\" sizes=\"(max-width: 1106px) 100vw, 1106px\" \/><\/a><\/p>\n<p style=\"text-align: justify;\"><span style=\"color: #ffcc00;\"><strong>A Morena lo trajimos todos<\/strong><\/span><\/p>\n<p style=\"text-align: justify;\">Sin dudas se trat\u00f3 de la operaci\u00f3n m\u00e1s famosa en la que particip\u00f3 la hinchada de Pe\u00f1arol. Fernando Morena hab\u00eda llegado al club en 1973 despues de cuatro a\u00f1os de fracasos, y volver\u00eda a poner a Pe\u00f1arol en un sitial de privilegio en el f\u00fatbol uruguayo hasta se partida en 1979, siendo pieza clave de los cinco t\u00edtulos de campe\u00f3n uruguayo de aquel periodo. Como era de esperar, su salida a mediados de a\u00f1o fue un golpe duro para el carbonero que perd\u00eda a quien era desde hacia varios a\u00f1os el mejor jugador del futbol uruguayo, por esc\u00e1ndalo.<\/p>\n<p style=\"text-align: justify;\">La d\u00e9cada del 80 empez\u00f3 dif\u00edcil, al igual que la anterior, y parec\u00eda que Nacional estaba decidido a intentar alcanzar el mismo nivel de gloria y t\u00edtulos que ostentaba el Decano. Sin embargo, para\u00a0 1981 se puso en marcha una campa\u00f1a sin precedentes en nuestro pa\u00eds, y probablemente en el mundo entero: se solicitaba la colaboraci\u00f3n econ\u00f3mica del pueblo pe\u00f1arolense para concretar el retorno de Fernando Morena. Si, la hinchada tenia en sus manos la posibilidad de repatriar al \u00eddolo. Para esto, exist\u00edan bonos adquiridos por los hinchas del mirasol que certificaban la participaci\u00f3n en la Operaci\u00f3n Retorno y a trav\u00e9s de los cuales se aportaba de forma directa con la causa.<\/p>\n<p style=\"text-align: justify;\">La campa\u00f1a fue un \u00e9xito. Se logr\u00f3 recaudar un dinero m\u00e1s que significativo para concretar el retorno del Potrillo (por el cual deb\u00edan pagarse USD 1.000.000) y, finalmente, el goleador de toda la historia volv\u00eda al Uruguay para estampar su firma e inmortalizar una frase que sigue emocionando hasta el d\u00eda de hoy: <em><strong>\u201csi hubiera sabido lo que me quer\u00edan, no me hubiera ido nunca\u201d.<\/strong><\/em><\/p>\n<p style=\"text-align: justify;\"><a href=\"https:\/\/www.padreydecano.com\/cms\/wp-content\/uploads\/2021\/03\/morena.jpg\" rel=\"shadowbox[sbpost-75641];player=img;\"><img loading=\"lazy\" decoding=\"async\" class=\"aligncenter size-full wp-image-75656\" src=\"https:\/\/www.padreydecano.com\/cms\/wp-content\/uploads\/2021\/03\/morena.jpg\" alt=\"\" width=\"500\" height=\"406\" \/><\/a><\/p>\n<p style=\"text-align: justify;\">El resto de la historia es conocida: Morena convirti\u00f3 dos goles en su retorno cl\u00e1sico para ganar 3-2, se consigui\u00f3 el Campeonato Uruguayo de 1981, se clasific\u00f3 a la Copa Libertadores con un ag\u00f3nico gol del eterno n\u00famero 9 en espectacular remontada cl\u00e1sica por Liguilla, y durante la temporada 1982 se consigui\u00f3 la \u00faltima Triple Corona (como se le dice ahora) del f\u00fatbol oriental al ganar Uruguayo, Libertadores e Intercontinental. Fernando fue el goleador del Campeonato Uruguayo y de la Copa Libertadores, y marc\u00f3 el gol de la segunda final en el minuto 90 en Santiago de Chile.<\/p>\n<p style=\"text-align: justify;\">De alguna forma, esos \u00e9xitos deportivos llevaban el sello de un pueblo alineado detr\u00e1s de su bandera y su \u00eddolo.<\/p>\n<p style=\"text-align: justify;\"><span style=\"color: #ffcc00;\"><strong>El reconocimiento mundial<\/strong><\/span><\/p>\n<p style=\"text-align: justify;\">En setiembre de 1961 Pe\u00f1arol festejaba su 70 aniversario de vida de una forma muy especial: se coronaba por primera vez como campe\u00f3n del mundo. Semejante haza\u00f1a motivar\u00eda la atenci\u00f3n de la prensa deportiva de todo el globo. Cobertura de partidos, previas, an\u00e1lisis de jugadas, jugadores, campos y entornos. Y entre tanto an\u00e1lisis, la hinchada de Pe\u00f1arol siempre lograba dar la nota. Jacques Ferrand, director de <em>L\u00b4 Equipe de Paris <\/em>fue contundente con respecto a la calidad del equipo decano y al ambiente vivido en el Estadio Centanario.<\/p>\n<p style=\"text-align: justify;\"><em>\u201cNadie podr\u00eda ganarle a Pe\u00f1arol en Montevideo. En este momento no hay ning\u00fan equipo europeo, enti\u00e9ndame, ninguno que pueda aspirar a derrotar al campe\u00f3n aqu\u00ed en Montevideo. Es un equipo con t\u00e9cnica, con coraje, con disciplina. (\u2026) <strong>Ese impulsar a su equipo de la parcialidad del campe\u00f3n lo considero como de un tremendo poder psicol\u00f3gico. Es maravillosa esa forma de querer a una ense\u00f1a<\/strong>\u201d.<\/em><\/p>\n<p style=\"text-align: justify;\">Apenas unos a\u00f1os despu\u00e9s, seria Real Madrid el rival a vencer en la Copa Intercontinental. Y una vez m\u00e1s la hinchada de Pe\u00f1arol ser\u00eda motivo de envidia, admiraci\u00f3n y hasta imitaci\u00f3n. En la previa a la revancha jugada en el Estadio Chamartin el diario ABC en su edici\u00f3n del 26 de octubre se\u00f1ala que <em><strong>\u201cel p\u00fablico de Madrid percibi\u00f3 a trav\u00e9s de la televisi\u00f3n el apoyo que brind\u00f3 en el Estadio Centenario de la capital a su equipo y es l\u00f3gico que ahora quiera jugar su papel\u201d.<\/strong><\/em><\/p>\n<p style=\"text-align: justify;\"><a href=\"https:\/\/www.padreydecano.com\/cms\/wp-content\/uploads\/2021\/03\/abc-copia.jpg\" rel=\"shadowbox[sbpost-75641];player=img;\"><img loading=\"lazy\" decoding=\"async\" class=\"aligncenter size-full wp-image-75657\" src=\"https:\/\/www.padreydecano.com\/cms\/wp-content\/uploads\/2021\/03\/abc-copia.jpg\" alt=\"\" width=\"784\" height=\"739\" srcset=\"https:\/\/www.padreydecano.com\/cms\/wp-content\/uploads\/2021\/03\/abc-copia.jpg 784w, https:\/\/www.padreydecano.com\/cms\/wp-content\/uploads\/2021\/03\/abc-copia-600x566.jpg 600w, https:\/\/www.padreydecano.com\/cms\/wp-content\/uploads\/2021\/03\/abc-copia-768x724.jpg 768w\" sizes=\"(max-width: 784px) 100vw, 784px\" \/><\/a><\/p>\n<p style=\"text-align: justify;\">Mas reciente en el tiempo tenemos otros casos fant\u00e1sticos de rivales que han manifestado de forma publica su admiraci\u00f3n por la hinchada aurinegra.<\/p>\n<p style=\"text-align: justify;\">Jorge Sampaoli, ex DT de la Selecci\u00f3n Argentina, confesar\u00eda que <em><strong>\u201cde las rivales, es la mejor hinchada que vi. La de Pe\u00f1arol, de las que enfrent\u00e9, es la m\u00e1s pasional. En el Centenario era impresionante lo que cantaban y gritaban\u201d.<\/strong><\/em><\/p>\n<p style=\"text-align: justify;\"><a href=\"https:\/\/www.padreydecano.com\/cms\/wp-content\/uploads\/2021\/03\/Jorge-Sampaoli-2.png\" rel=\"shadowbox[sbpost-75641];player=img;\"><img loading=\"lazy\" decoding=\"async\" class=\"aligncenter size-full wp-image-75658\" src=\"https:\/\/www.padreydecano.com\/cms\/wp-content\/uploads\/2021\/03\/Jorge-Sampaoli-2.png\" alt=\"\" width=\"461\" height=\"512\" \/><\/a><\/p>\n<p style=\"text-align: justify;\">Tal vez, las palabras m\u00e1s resonantes son las de Neymar recordando la final de la Copa Libertadores 2011 en el Estadio Centenario. El astro brasile\u00f1o recordaba su an\u00e9cdota en el vestuario visitante del coloso de cemento, cuando se le ocurri\u00f3 asomarse por una de sus ventanas para admirar el espect\u00e1culo que brindaba la hinchada m\u00e1s grande del pa\u00eds. El norte\u00f1o simplificar\u00eda su reacci\u00f3n en una frase sumamente representativa: <em><strong>\u201c\u00a1Caramba! El infierno est\u00e1 all\u00e1\u201d.<\/strong><\/em><\/p>\n<p dir=\"ltr\" style=\"text-align: justify;\"><span style=\"color: #ffcc00;\"><strong>La hinchada r\u00e9cord<\/strong><\/span><\/p>\n<p dir=\"ltr\" style=\"text-align: justify;\">Adem\u00e1s de los hechos hist\u00f3ricos que no se explican con n\u00fameros sino con el coraz\u00f3n, la hinchada m\u00e1s grande del pa\u00eds tambi\u00e9n se puede jactar de ser r\u00e9cord en recaudaci\u00f3n y venta de entradas. Esto aumenta su valor si tenemos en cuenta que a inicios del nuevo siglo y en medio de una crisis deportiva realmente profunda, la fiel y bullanguera sigui\u00f3 siendo la hinchada m\u00e1s taquillera de la Rep\u00fablica.<\/p>\n<p dir=\"ltr\" style=\"text-align: justify;\">Seg\u00fan los datos proporcionados por la Asociaci\u00f3n Uruguaya de F\u00fatbol, Pe\u00f1arol es el club que ha vendido mas entradas desde el a\u00f1o 2006 (a\u00f1o desde el que existen registros en AUF).\u00a0Pero esto es algo normal si tenemos en cuenta que Pe\u00f1arol es el equipo con m\u00e1s hinchas en el\u00a0pa\u00eds, por lo que no deber\u00eda sorprender a nadie. Lo que es realmente meritorio, es mantenerse a la cabeza en periodos de magros resultados deportivos.<\/p>\n<p dir=\"ltr\" style=\"text-align: justify;\"><a href=\"https:\/\/www.padreydecano.com\/cms\/wp-content\/uploads\/2021\/03\/1.jpg\" rel=\"shadowbox[sbpost-75641];player=img;\"><img loading=\"lazy\" decoding=\"async\" class=\"aligncenter size-full wp-image-75659\" src=\"https:\/\/www.padreydecano.com\/cms\/wp-content\/uploads\/2021\/03\/1.jpg\" alt=\"\" width=\"911\" height=\"1200\" srcset=\"https:\/\/www.padreydecano.com\/cms\/wp-content\/uploads\/2021\/03\/1.jpg 911w, https:\/\/www.padreydecano.com\/cms\/wp-content\/uploads\/2021\/03\/1-456x600.jpg 456w, https:\/\/www.padreydecano.com\/cms\/wp-content\/uploads\/2021\/03\/1-768x1012.jpg 768w, https:\/\/www.padreydecano.com\/cms\/wp-content\/uploads\/2021\/03\/1-777x1024.jpg 777w\" sizes=\"(max-width: 911px) 100vw, 911px\" \/><\/a><\/p>\n<p style=\"text-align: justify;\">Adem\u00e1s de esto, la hinchada de Pe\u00f1arol es r\u00e9cord en todo tipo de rankings que se puedan elaborar en nuestro pa\u00eds. El carbonero ostenta la mayor venta de entradas en un partido en la historia del f\u00fatbol uruguayo: 71.872 tickets el 3 de julio del 1960 ante el Real Madrid. Por si fuera poco, Pe\u00f1arol dice presente en 7 de los 10 mayores ventas hist\u00f3ricas.<\/p>\n<p style=\"text-align: justify;\"><a href=\"https:\/\/www.padreydecano.com\/cms\/wp-content\/uploads\/2021\/03\/2.jpg\" rel=\"shadowbox[sbpost-75641];player=img;\"><img loading=\"lazy\" decoding=\"async\" class=\"aligncenter size-full wp-image-75660\" src=\"https:\/\/www.padreydecano.com\/cms\/wp-content\/uploads\/2021\/03\/2.jpg\" alt=\"\" width=\"680\" height=\"509\" srcset=\"https:\/\/www.padreydecano.com\/cms\/wp-content\/uploads\/2021\/03\/2.jpg 680w, https:\/\/www.padreydecano.com\/cms\/wp-content\/uploads\/2021\/03\/2-600x449.jpg 600w\" sizes=\"(max-width: 680px) 100vw, 680px\" \/><\/a><\/p>\n<p style=\"text-align: justify;\">La Copa Libertadores 2011 tambi\u00e9n encontr\u00f3 a Pe\u00f1arol como el equipo con mayor cantidad de entradas vendidas, en total fueron 367.623 los boletos expedidos, lo que la transforma adem\u00e1s en la campa\u00f1a anual m\u00e1s taquillera de un equipo sudamericano en el periodo 2004-2013.<\/p>\n<p style=\"text-align: justify;\"><a href=\"https:\/\/www.padreydecano.com\/cms\/wp-content\/uploads\/2021\/03\/3.jpg\" rel=\"shadowbox[sbpost-75641];player=img;\"><img loading=\"lazy\" decoding=\"async\" class=\"aligncenter size-full wp-image-75661\" src=\"https:\/\/www.padreydecano.com\/cms\/wp-content\/uploads\/2021\/03\/3.jpg\" alt=\"\" width=\"419\" height=\"512\" \/><\/a><\/p>\n<p style=\"text-align: justify;\">El pa\u00eds de Pe\u00f1arol encuentra siempre a Pe\u00f1arol como su fiel representante. Es por eso que la hinchada aurinegra es el representante local en el ranking de las mejores asistencias de p\u00fablico en la historia de la Libertadores, por pa\u00eds, con sus 470.883 entradas vendidas en la edici\u00f3n de 1966.<\/p>\n<p style=\"text-align: justify;\"><a href=\"https:\/\/www.padreydecano.com\/cms\/wp-content\/uploads\/2021\/03\/4.jpg\" rel=\"shadowbox[sbpost-75641];player=img;\"><img loading=\"lazy\" decoding=\"async\" class=\"aligncenter size-full wp-image-75662\" src=\"https:\/\/www.padreydecano.com\/cms\/wp-content\/uploads\/2021\/03\/4.jpg\" alt=\"\" width=\"899\" height=\"1099\" srcset=\"https:\/\/www.padreydecano.com\/cms\/wp-content\/uploads\/2021\/03\/4.jpg 899w, https:\/\/www.padreydecano.com\/cms\/wp-content\/uploads\/2021\/03\/4-491x600.jpg 491w, https:\/\/www.padreydecano.com\/cms\/wp-content\/uploads\/2021\/03\/4-768x939.jpg 768w, https:\/\/www.padreydecano.com\/cms\/wp-content\/uploads\/2021\/03\/4-838x1024.jpg 838w\" sizes=\"(max-width: 899px) 100vw, 899px\" \/><\/a><\/p>\n<p style=\"text-align: justify;\"><b>La hinchada de Pe\u00f1arol es \u00fanica. Es una frase que todos hemos escuchado alguna vez, pero que no siempre conocemos su origen o su fundamentaci\u00f3n. Esto no es m\u00e1s que un repaso por algunos hitos, n\u00fameros y r\u00e9cords\u00a0de una hinchada con historia verdadera y documentada, porque al igual que con la historia deportiva de nuestro club, la tinta nunca alcanza. Pe\u00f1arol y su gente, lo m\u00e1s grande que ha dado el deporte oriental. \u00a0<\/b><\/p>\n<p style=\"text-align: justify;\"><div class=\"user-wrapper\"><a class=\"userlink\" href=\"https:\/\/twitter.com\/PenarolPapa\" target=\"_blank\"><figure><img decoding=\"async\" src=\"http:\/\/www.padreydecano.com\/cms\/wp-users-files\/postfirmas\/penarolpapa.jpg\" \/><\/figure><p class=\"user\"><strong>Fernando Gonz\u00e1lez<\/strong><br \/>@PenarolPapa<\/p><\/a><\/div><\/p>\n","protected":false},"excerpt":{"rendered":"<p>El 28 de marzo de 1946, hace ya 75 a\u00f1os, un grupo de ex alumnos de la Escuela de Artes y Oficios de Villa Pe\u00f1arol, dec\u00eda presente en la vieja sede social aurinegra para hacer entrega de la primera insignia bajo la cual se agrupar\u00edan las masas fervorosas que acompa\u00f1ar\u00edan a Pe\u00f1arol a lo largo [&hellip;]<\/p>\n","protected":false},"author":27,"featured_media":75642,"comment_status":"open","ping_status":"closed","sticky":false,"template":"","format":"standard","meta":{"footnotes":""},"categories":[43],"tags":[],"yoast_head":"<!-- This site is optimized with the Yoast SEO plugin v23.2 - https:\/\/yoast.com\/wordpress\/plugins\/seo\/ -->\n<title>Una hinchada con historia - Padre y Decano - El Sitio del Pueblo<\/title>\n<meta name=\"robots\" content=\"index, follow, max-snippet:-1, max-image-preview:large, max-video-preview:-1\" \/>\n<link rel=\"canonical\" href=\"https:\/\/www.padreydecano.com\/cms\/editoriales\/una-hinchada-con-historia\/\" \/>\n<meta property=\"og:locale\" content=\"es_ES\" \/>\n<meta property=\"og:type\" content=\"article\" \/>\n<meta property=\"og:title\" content=\"Una hinchada con historia - Padre y Decano - El Sitio del Pueblo\" \/>\n<meta property=\"og:description\" content=\"El 28 de marzo de 1946, hace ya 75 a\u00f1os, un grupo de ex alumnos de la Escuela de Artes y Oficios de Villa Pe\u00f1arol, dec\u00eda presente en la vieja sede social aurinegra para hacer entrega de la primera insignia bajo la cual se agrupar\u00edan las masas fervorosas que acompa\u00f1ar\u00edan a Pe\u00f1arol a lo largo [&hellip;]\" \/>\n<meta property=\"og:url\" content=\"https:\/\/www.padreydecano.com\/cms\/editoriales\/una-hinchada-con-historia\/\" \/>\n<meta property=\"og:site_name\" content=\"Padre y Decano - El Sitio del Pueblo\" \/>\n<meta property=\"article:published_time\" content=\"2021-03-27T20:17:19+00:00\" \/>\n<meta property=\"article:modified_time\" content=\"2021-03-30T10:48:02+00:00\" \/>\n<meta property=\"og:image\" content=\"https:\/\/www.padreydecano.com\/cms\/wp-content\/uploads\/2021\/03\/1991.jpg\" \/>\n\t<meta property=\"og:image:width\" content=\"1579\" \/>\n\t<meta property=\"og:image:height\" content=\"889\" \/>\n\t<meta property=\"og:image:type\" content=\"image\/jpeg\" \/>\n<meta name=\"author\" content=\"Redactores Padre y Decano\" \/>\n<meta name=\"twitter:card\" content=\"summary_large_image\" \/>\n<meta name=\"twitter:label1\" content=\"Escrito por\" \/>\n\t<meta name=\"twitter:data1\" content=\"Redactores Padre y Decano\" \/>\n\t<meta name=\"twitter:label2\" content=\"Tiempo de lectura\" \/>\n\t<meta name=\"twitter:data2\" content=\"19 minutos\" \/>\n<script type=\"application\/ld+json\" class=\"yoast-schema-graph\">{\"@context\":\"https:\/\/schema.org\",\"@graph\":[{\"@type\":\"Article\",\"@id\":\"https:\/\/www.padreydecano.com\/cms\/editoriales\/una-hinchada-con-historia\/#article\",\"isPartOf\":{\"@id\":\"https:\/\/www.padreydecano.com\/cms\/editoriales\/una-hinchada-con-historia\/\"},\"author\":{\"name\":\"Redactores Padre y Decano\",\"@id\":\"https:\/\/www.padreydecano.com\/cms\/#\/schema\/person\/37aae8f93aa78e4c5385497f056e3246\"},\"headline\":\"Una hinchada con historia\",\"datePublished\":\"2021-03-27T20:17:19+00:00\",\"dateModified\":\"2021-03-30T10:48:02+00:00\",\"mainEntityOfPage\":{\"@id\":\"https:\/\/www.padreydecano.com\/cms\/editoriales\/una-hinchada-con-historia\/\"},\"wordCount\":3891,\"commentCount\":9,\"publisher\":{\"@id\":\"https:\/\/www.padreydecano.com\/cms\/#organization\"},\"image\":{\"@id\":\"https:\/\/www.padreydecano.com\/cms\/editoriales\/una-hinchada-con-historia\/#primaryimage\"},\"thumbnailUrl\":\"https:\/\/www.padreydecano.com\/cms\/wp-content\/uploads\/2021\/03\/1991.jpg\",\"articleSection\":[\"Editoriales\"],\"inLanguage\":\"es\",\"potentialAction\":[{\"@type\":\"CommentAction\",\"name\":\"Comment\",\"target\":[\"https:\/\/www.padreydecano.com\/cms\/editoriales\/una-hinchada-con-historia\/#respond\"]}]},{\"@type\":\"WebPage\",\"@id\":\"https:\/\/www.padreydecano.com\/cms\/editoriales\/una-hinchada-con-historia\/\",\"url\":\"https:\/\/www.padreydecano.com\/cms\/editoriales\/una-hinchada-con-historia\/\",\"name\":\"Una hinchada con historia - Padre y Decano - El Sitio del Pueblo\",\"isPartOf\":{\"@id\":\"https:\/\/www.padreydecano.com\/cms\/#website\"},\"primaryImageOfPage\":{\"@id\":\"https:\/\/www.padreydecano.com\/cms\/editoriales\/una-hinchada-con-historia\/#primaryimage\"},\"image\":{\"@id\":\"https:\/\/www.padreydecano.com\/cms\/editoriales\/una-hinchada-con-historia\/#primaryimage\"},\"thumbnailUrl\":\"https:\/\/www.padreydecano.com\/cms\/wp-content\/uploads\/2021\/03\/1991.jpg\",\"datePublished\":\"2021-03-27T20:17:19+00:00\",\"dateModified\":\"2021-03-30T10:48:02+00:00\",\"breadcrumb\":{\"@id\":\"https:\/\/www.padreydecano.com\/cms\/editoriales\/una-hinchada-con-historia\/#breadcrumb\"},\"inLanguage\":\"es\",\"potentialAction\":[{\"@type\":\"ReadAction\",\"target\":[\"https:\/\/www.padreydecano.com\/cms\/editoriales\/una-hinchada-con-historia\/\"]}]},{\"@type\":\"ImageObject\",\"inLanguage\":\"es\",\"@id\":\"https:\/\/www.padreydecano.com\/cms\/editoriales\/una-hinchada-con-historia\/#primaryimage\",\"url\":\"https:\/\/www.padreydecano.com\/cms\/wp-content\/uploads\/2021\/03\/1991.jpg\",\"contentUrl\":\"https:\/\/www.padreydecano.com\/cms\/wp-content\/uploads\/2021\/03\/1991.jpg\",\"width\":1579,\"height\":889},{\"@type\":\"BreadcrumbList\",\"@id\":\"https:\/\/www.padreydecano.com\/cms\/editoriales\/una-hinchada-con-historia\/#breadcrumb\",\"itemListElement\":[{\"@type\":\"ListItem\",\"position\":1,\"name\":\"Portada\",\"item\":\"https:\/\/www.padreydecano.com\/cms\/\"},{\"@type\":\"ListItem\",\"position\":2,\"name\":\"Una hinchada con historia\"}]},{\"@type\":\"WebSite\",\"@id\":\"https:\/\/www.padreydecano.com\/cms\/#website\",\"url\":\"https:\/\/www.padreydecano.com\/cms\/\",\"name\":\"Padre y Decano - El Sitio del Pueblo\",\"description\":\"Club Atl\u00e9tico Pe\u00f1arol\",\"publisher\":{\"@id\":\"https:\/\/www.padreydecano.com\/cms\/#organization\"},\"potentialAction\":[{\"@type\":\"SearchAction\",\"target\":{\"@type\":\"EntryPoint\",\"urlTemplate\":\"https:\/\/www.padreydecano.com\/cms\/?s={search_term_string}\"},\"query-input\":\"required name=search_term_string\"}],\"inLanguage\":\"es\"},{\"@type\":\"Organization\",\"@id\":\"https:\/\/www.padreydecano.com\/cms\/#organization\",\"name\":\"Padre y Decano\",\"url\":\"https:\/\/www.padreydecano.com\/cms\/\",\"logo\":{\"@type\":\"ImageObject\",\"inLanguage\":\"es\",\"@id\":\"https:\/\/www.padreydecano.com\/cms\/#\/schema\/logo\/image\/\",\"url\":\"https:\/\/www.padreydecano.com\/cms\/wp-content\/uploads\/2022\/01\/avatar-square.png\",\"contentUrl\":\"https:\/\/www.padreydecano.com\/cms\/wp-content\/uploads\/2022\/01\/avatar-square.png\",\"width\":1500,\"height\":1500,\"caption\":\"Padre y Decano\"},\"image\":{\"@id\":\"https:\/\/www.padreydecano.com\/cms\/#\/schema\/logo\/image\/\"}},{\"@type\":\"Person\",\"@id\":\"https:\/\/www.padreydecano.com\/cms\/#\/schema\/person\/37aae8f93aa78e4c5385497f056e3246\",\"name\":\"Redactores Padre y Decano\",\"image\":{\"@type\":\"ImageObject\",\"inLanguage\":\"es\",\"@id\":\"https:\/\/www.padreydecano.com\/cms\/#\/schema\/person\/image\/\",\"url\":\"https:\/\/secure.gravatar.com\/avatar\/8810c4b9081192b118b104af54549af8?s=96&d=https%3A%2F%2Fpadreydecano.com%2Fcms%2Fwp-content%2Fthemes%2Fpyd-theme%2Fimg%2Fdefault-avatar.png&r=g\",\"contentUrl\":\"https:\/\/secure.gravatar.com\/avatar\/8810c4b9081192b118b104af54549af8?s=96&d=https%3A%2F%2Fpadreydecano.com%2Fcms%2Fwp-content%2Fthemes%2Fpyd-theme%2Fimg%2Fdefault-avatar.png&r=g\",\"caption\":\"Redactores Padre y Decano\"},\"sameAs\":[\"http:\/\/www.padreydecano.com\"]}]}<\/script>\n<!-- \/ Yoast SEO plugin. -->","yoast_head_json":{"title":"Una hinchada con historia - Padre y Decano - El Sitio del Pueblo","robots":{"index":"index","follow":"follow","max-snippet":"max-snippet:-1","max-image-preview":"max-image-preview:large","max-video-preview":"max-video-preview:-1"},"canonical":"https:\/\/www.padreydecano.com\/cms\/editoriales\/una-hinchada-con-historia\/","og_locale":"es_ES","og_type":"article","og_title":"Una hinchada con historia - Padre y Decano - El Sitio del Pueblo","og_description":"El 28 de marzo de 1946, hace ya 75 a\u00f1os, un grupo de ex alumnos de la Escuela de Artes y Oficios de Villa Pe\u00f1arol, dec\u00eda presente en la vieja sede social aurinegra para hacer entrega de la primera insignia bajo la cual se agrupar\u00edan las masas fervorosas que acompa\u00f1ar\u00edan a Pe\u00f1arol a lo largo [&hellip;]","og_url":"https:\/\/www.padreydecano.com\/cms\/editoriales\/una-hinchada-con-historia\/","og_site_name":"Padre y Decano - El Sitio del Pueblo","article_published_time":"2021-03-27T20:17:19+00:00","article_modified_time":"2021-03-30T10:48:02+00:00","og_image":[{"width":1579,"height":889,"url":"https:\/\/www.padreydecano.com\/cms\/wp-content\/uploads\/2021\/03\/1991.jpg","type":"image\/jpeg"}],"author":"Redactores Padre y Decano","twitter_card":"summary_large_image","twitter_misc":{"Escrito por":"Redactores Padre y Decano","Tiempo de lectura":"19 minutos"},"schema":{"@context":"https:\/\/schema.org","@graph":[{"@type":"Article","@id":"https:\/\/www.padreydecano.com\/cms\/editoriales\/una-hinchada-con-historia\/#article","isPartOf":{"@id":"https:\/\/www.padreydecano.com\/cms\/editoriales\/una-hinchada-con-historia\/"},"author":{"name":"Redactores Padre y Decano","@id":"https:\/\/www.padreydecano.com\/cms\/#\/schema\/person\/37aae8f93aa78e4c5385497f056e3246"},"headline":"Una hinchada con historia","datePublished":"2021-03-27T20:17:19+00:00","dateModified":"2021-03-30T10:48:02+00:00","mainEntityOfPage":{"@id":"https:\/\/www.padreydecano.com\/cms\/editoriales\/una-hinchada-con-historia\/"},"wordCount":3891,"commentCount":9,"publisher":{"@id":"https:\/\/www.padreydecano.com\/cms\/#organization"},"image":{"@id":"https:\/\/www.padreydecano.com\/cms\/editoriales\/una-hinchada-con-historia\/#primaryimage"},"thumbnailUrl":"https:\/\/www.padreydecano.com\/cms\/wp-content\/uploads\/2021\/03\/1991.jpg","articleSection":["Editoriales"],"inLanguage":"es","potentialAction":[{"@type":"CommentAction","name":"Comment","target":["https:\/\/www.padreydecano.com\/cms\/editoriales\/una-hinchada-con-historia\/#respond"]}]},{"@type":"WebPage","@id":"https:\/\/www.padreydecano.com\/cms\/editoriales\/una-hinchada-con-historia\/","url":"https:\/\/www.padreydecano.com\/cms\/editoriales\/una-hinchada-con-historia\/","name":"Una hinchada con historia - Padre y Decano - El Sitio del Pueblo","isPartOf":{"@id":"https:\/\/www.padreydecano.com\/cms\/#website"},"primaryImageOfPage":{"@id":"https:\/\/www.padreydecano.com\/cms\/editoriales\/una-hinchada-con-historia\/#primaryimage"},"image":{"@id":"https:\/\/www.padreydecano.com\/cms\/editoriales\/una-hinchada-con-historia\/#primaryimage"},"thumbnailUrl":"https:\/\/www.padreydecano.com\/cms\/wp-content\/uploads\/2021\/03\/1991.jpg","datePublished":"2021-03-27T20:17:19+00:00","dateModified":"2021-03-30T10:48:02+00:00","breadcrumb":{"@id":"https:\/\/www.padreydecano.com\/cms\/editoriales\/una-hinchada-con-historia\/#breadcrumb"},"inLanguage":"es","potentialAction":[{"@type":"ReadAction","target":["https:\/\/www.padreydecano.com\/cms\/editoriales\/una-hinchada-con-historia\/"]}]},{"@type":"ImageObject","inLanguage":"es","@id":"https:\/\/www.padreydecano.com\/cms\/editoriales\/una-hinchada-con-historia\/#primaryimage","url":"https:\/\/www.padreydecano.com\/cms\/wp-content\/uploads\/2021\/03\/1991.jpg","contentUrl":"https:\/\/www.padreydecano.com\/cms\/wp-content\/uploads\/2021\/03\/1991.jpg","width":1579,"height":889},{"@type":"BreadcrumbList","@id":"https:\/\/www.padreydecano.com\/cms\/editoriales\/una-hinchada-con-historia\/#breadcrumb","itemListElement":[{"@type":"ListItem","position":1,"name":"Portada","item":"https:\/\/www.padreydecano.com\/cms\/"},{"@type":"ListItem","position":2,"name":"Una hinchada con historia"}]},{"@type":"WebSite","@id":"https:\/\/www.padreydecano.com\/cms\/#website","url":"https:\/\/www.padreydecano.com\/cms\/","name":"Padre y Decano - El Sitio del Pueblo","description":"Club Atl\u00e9tico Pe\u00f1arol","publisher":{"@id":"https:\/\/www.padreydecano.com\/cms\/#organization"},"potentialAction":[{"@type":"SearchAction","target":{"@type":"EntryPoint","urlTemplate":"https:\/\/www.padreydecano.com\/cms\/?s={search_term_string}"},"query-input":"required name=search_term_string"}],"inLanguage":"es"},{"@type":"Organization","@id":"https:\/\/www.padreydecano.com\/cms\/#organization","name":"Padre y Decano","url":"https:\/\/www.padreydecano.com\/cms\/","logo":{"@type":"ImageObject","inLanguage":"es","@id":"https:\/\/www.padreydecano.com\/cms\/#\/schema\/logo\/image\/","url":"https:\/\/www.padreydecano.com\/cms\/wp-content\/uploads\/2022\/01\/avatar-square.png","contentUrl":"https:\/\/www.padreydecano.com\/cms\/wp-content\/uploads\/2022\/01\/avatar-square.png","width":1500,"height":1500,"caption":"Padre y Decano"},"image":{"@id":"https:\/\/www.padreydecano.com\/cms\/#\/schema\/logo\/image\/"}},{"@type":"Person","@id":"https:\/\/www.padreydecano.com\/cms\/#\/schema\/person\/37aae8f93aa78e4c5385497f056e3246","name":"Redactores Padre y Decano","image":{"@type":"ImageObject","inLanguage":"es","@id":"https:\/\/www.padreydecano.com\/cms\/#\/schema\/person\/image\/","url":"https:\/\/secure.gravatar.com\/avatar\/8810c4b9081192b118b104af54549af8?s=96&d=https%3A%2F%2Fpadreydecano.com%2Fcms%2Fwp-content%2Fthemes%2Fpyd-theme%2Fimg%2Fdefault-avatar.png&r=g","contentUrl":"https:\/\/secure.gravatar.com\/avatar\/8810c4b9081192b118b104af54549af8?s=96&d=https%3A%2F%2Fpadreydecano.com%2Fcms%2Fwp-content%2Fthemes%2Fpyd-theme%2Fimg%2Fdefault-avatar.png&r=g","caption":"Redactores Padre y Decano"},"sameAs":["http:\/\/www.padreydecano.com"]}]}},"_links":{"self":[{"href":"https:\/\/www.padreydecano.com\/cms\/wp-json\/wp\/v2\/posts\/75641"}],"collection":[{"href":"https:\/\/www.padreydecano.com\/cms\/wp-json\/wp\/v2\/posts"}],"about":[{"href":"https:\/\/www.padreydecano.com\/cms\/wp-json\/wp\/v2\/types\/post"}],"author":[{"embeddable":true,"href":"https:\/\/www.padreydecano.com\/cms\/wp-json\/wp\/v2\/users\/27"}],"replies":[{"embeddable":true,"href":"https:\/\/www.padreydecano.com\/cms\/wp-json\/wp\/v2\/comments?post=75641"}],"version-history":[{"count":0,"href":"https:\/\/www.padreydecano.com\/cms\/wp-json\/wp\/v2\/posts\/75641\/revisions"}],"wp:featuredmedia":[{"embeddable":true,"href":"https:\/\/www.padreydecano.com\/cms\/wp-json\/wp\/v2\/media\/75642"}],"wp:attachment":[{"href":"https:\/\/www.padreydecano.com\/cms\/wp-json\/wp\/v2\/media?parent=75641"}],"wp:term":[{"taxonomy":"category","embeddable":true,"href":"https:\/\/www.padreydecano.com\/cms\/wp-json\/wp\/v2\/categories?post=75641"},{"taxonomy":"post_tag","embeddable":true,"href":"https:\/\/www.padreydecano.com\/cms\/wp-json\/wp\/v2\/tags?post=75641"}],"curies":[{"name":"wp","href":"https:\/\/api.w.org\/{rel}","templated":true}]}}