{"id":75615,"date":"2021-03-25T11:47:49","date_gmt":"2021-03-25T14:47:49","guid":{"rendered":"http:\/\/www.padreydecano.com\/cms\/?p=75615"},"modified":"2021-03-25T18:28:10","modified_gmt":"2021-03-25T21:28:10","slug":"a-ganar-por-la-copa","status":"publish","type":"post","link":"https:\/\/www.padreydecano.com\/cms\/noticias\/a-ganar-por-la-copa\/","title":{"rendered":"A ganar por la Copa"},"content":{"rendered":"<p><a href=\"https:\/\/www.padreydecano.com\/cms\/wp-content\/uploads\/2021\/03\/IMG-20210320-WA0026.jpg\" rel=\"shadowbox[sbpost-75615];player=img;\"><img loading=\"lazy\" decoding=\"async\" class=\"aligncenter size-full wp-image-75602\" src=\"https:\/\/www.padreydecano.com\/cms\/wp-content\/uploads\/2021\/03\/IMG-20210320-WA0026.jpg\" alt=\"\" width=\"1600\" height=\"1066\" srcset=\"https:\/\/www.padreydecano.com\/cms\/wp-content\/uploads\/2021\/03\/IMG-20210320-WA0026.jpg 1600w, https:\/\/www.padreydecano.com\/cms\/wp-content\/uploads\/2021\/03\/IMG-20210320-WA0026-600x400.jpg 600w, https:\/\/www.padreydecano.com\/cms\/wp-content\/uploads\/2021\/03\/IMG-20210320-WA0026-768x512.jpg 768w, https:\/\/www.padreydecano.com\/cms\/wp-content\/uploads\/2021\/03\/IMG-20210320-WA0026-1024x682.jpg 1024w\" sizes=\"(max-width: 1600px) 100vw, 1600px\" \/><\/a><\/p>\n<p style=\"text-align: justify;\"><strong>Pe\u00f1arol visitar\u00e1 a Progreso en el Estadio Abraham Paladino por la pen\u00faltima fecha del Torneo Clausura. Sin chances de gritar campe\u00f3n, el Carbonero deber\u00e1 cumplir con el fixture. El partido ser\u00e1 a las 16:00 horas e ir\u00e1 televisado por VTV.<\/strong><\/p>\n<p style=\"text-align: justify;\">Golpe duro recibi\u00f3 el Carbonero tras perder con Plaza Colonia. No solamente por el resultado y la forma en que se dio, sino por las consecuencias que dej\u00f3 la derrota. El equipo de Mauricio Larriera se despidi\u00f3 completamente del Campeonato Uruguayo.<\/p>\n<p style=\"text-align: justify;\"><span style=\"color: #ffcc00;\"><strong>Equipo probable<\/strong><\/span><\/p>\n<p>Kevin Dawson; Juan Acosta, Fabricio Formiliano, Gary Kagelamcher, Joaqu\u00edn Piquerez; Giovanni Gonz\u00e1lez, Walter Gargano, Agust\u00edn \u00c1lvarez Wallace\/Jes\u00fas Trindade, Facundo Torres; David Terans y Agust\u00edn \u00c1lvarez Mart\u00ednez.<\/p>\n<p style=\"text-align: justify;\"><span style=\"color: #ffcc00;\"><strong>\u00bfCopa Libertadores o Copa Sudamericana?<\/strong><\/span><\/p>\n<p style=\"text-align: justify;\">En caso de cosechar una victoria, y en consecuencia a la derrota que sufri\u00f3 Montevideo City Torque, el Decano tendr\u00e1 un pie en la fase de grupos de Copa Libertadores, aunque depende del resultado de la semifinal de Liverpool y Rentistas a disputarse el pr\u00f3ximo mi\u00e9rcoles 31 de enero en el Estadio Centenario. Si el Bicho Colorado vence al Negriazul, las chances de Pe\u00f1arol por el pasaje al mayor torneo internacional ser\u00edan nulas.<\/p>\n<p style=\"text-align: justify;\"><span style=\"color: #ffcc00;\"><strong>\u00bfC\u00f3mo viene el local?<\/strong><\/span><\/p>\n<p style=\"text-align: justify;\">Progreso viene de vencer a Wanderers por un marcador de 3 a 1. Con goles de Fabricio Fern\u00e1ndez, Rodrigo Viega y Esteban Gonz\u00e1lez, el Gaucho del Pantanoso logr\u00f3 3 unidades fundamentales para mezclarse en el pelot\u00f3n de los equipos de mitad de tabla.<\/p>\n<p style=\"text-align: justify;\"><span style=\"color: #ffcc00;\"><strong>\u00daltimos antecedentes<\/strong><\/span><\/p>\n<p style=\"text-align: justify;\"><strong>Torneo Clausura 2018:<\/strong> <span style=\"color: #ffcc00;\"><strong>Pe\u00f1arol<\/strong> <\/span>1 \u2013 0 Progreso<\/p>\n<p style=\"text-align: justify;\"><strong>Torneo Apertura 2019:<\/strong> <span style=\"color: #ffcc00;\"><strong>Pe\u00f1arol<\/strong> <\/span>2 \u2013 2 Progreso<\/p>\n<p style=\"text-align: justify;\"><strong>Torneo Intermedio 2019:<\/strong> Progreso 1 \u2013 1 <span style=\"color: #ffcc00;\"><strong>Pe\u00f1arol<\/strong><\/span><\/p>\n<p style=\"text-align: justify;\"><strong>Torneo Clausura 2019:<\/strong> Progreso 0 \u2013 0 <span style=\"color: #ffcc00;\"><strong>Pe\u00f1arol<\/strong><\/span><\/p>\n<p style=\"text-align: justify;\"><strong>Torneo Apertura 2020:<\/strong> <span style=\"color: #ffcc00;\"><strong>Pe\u00f1arol<\/strong> <\/span>2 \u2013 1 Progreso<\/p>\n<p style=\"text-align: justify;\"><span style=\"color: #ffcc00;\"><strong>\u00c1rbitros<\/strong><\/span><\/p>\n<p style=\"text-align: justify;\">Daniel Fedorczuk ser\u00e1 el \u00e1rbitro principal entre Pe\u00f1arol y Progreso. Santiago Fern\u00e1ndez y Marcelo Alonso fueron confirmados los l\u00edneas del encuentro, mientras que Jonathan Fuentes ser\u00e1 el cuarto \u00e1rbitro.<\/p>\n<p style=\"text-align: justify;\"><span style=\"color: #ffcc00;\"><strong>Se va la \u00faltima<\/strong><\/span><\/p>\n<p style=\"text-align: justify;\">Por la \u00faltima fecha del Torneo Clausura, Pe\u00f1arol recibir\u00e1 a F\u00e9nix en el Estadio Campe\u00f3n del Siglo.<\/p>\n<div class=\"user-wrapper\"><a class=\"userlink\" href=\"https:\/\/twitter.com\/mathiaastilve\" target=\"_blank\"><figure><img decoding=\"async\" src=\"http:\/\/www.padreydecano.com\/cms\/wp-users-files\/postfirmas\/mathiastilve.jpg\" \/><\/figure><p class=\"user\"><strong>Mathias Tilve<\/strong><br \/>@mathiaastilve<\/p><\/a><\/div>\n","protected":false},"excerpt":{"rendered":"<p>Pe\u00f1arol visitar\u00e1 a Progreso en el Estadio Abraham Paladino por la pen\u00faltima fecha del Torneo Clausura. Sin chances de gritar campe\u00f3n, el Carbonero deber\u00e1 cumplir con el fixture. El partido ser\u00e1 a las 16:00 horas e ir\u00e1 televisado por VTV. Golpe duro recibi\u00f3 el Carbonero tras perder con Plaza Colonia. No solamente por el resultado [&hellip;]<\/p>\n","protected":false},"author":30,"featured_media":75602,"comment_status":"open","ping_status":"closed","sticky":false,"template":"","format":"standard","meta":{"footnotes":""},"categories":[1],"tags":[489],"yoast_head":"<!-- This site is optimized with the Yoast SEO plugin v23.2 - https:\/\/yoast.com\/wordpress\/plugins\/seo\/ -->\n<title>A ganar por la Copa - Padre y Decano - El Sitio del Pueblo<\/title>\n<meta name=\"robots\" content=\"index, follow, max-snippet:-1, max-image-preview:large, max-video-preview:-1\" \/>\n<link rel=\"canonical\" href=\"https:\/\/www.padreydecano.com\/cms\/noticias\/a-ganar-por-la-copa\/\" \/>\n<meta property=\"og:locale\" content=\"es_ES\" \/>\n<meta property=\"og:type\" content=\"article\" \/>\n<meta property=\"og:title\" content=\"A ganar por la Copa - Padre y Decano - El Sitio del Pueblo\" \/>\n<meta property=\"og:description\" content=\"Pe\u00f1arol visitar\u00e1 a Progreso en el Estadio Abraham Paladino por la pen\u00faltima fecha del Torneo Clausura. Sin chances de gritar campe\u00f3n, el Carbonero deber\u00e1 cumplir con el fixture. El partido ser\u00e1 a las 16:00 horas e ir\u00e1 televisado por VTV. Golpe duro recibi\u00f3 el Carbonero tras perder con Plaza Colonia. No solamente por el resultado [&hellip;]\" \/>\n<meta property=\"og:url\" content=\"https:\/\/www.padreydecano.com\/cms\/noticias\/a-ganar-por-la-copa\/\" \/>\n<meta property=\"og:site_name\" content=\"Padre y Decano - El Sitio del Pueblo\" \/>\n<meta property=\"article:published_time\" content=\"2021-03-25T14:47:49+00:00\" \/>\n<meta property=\"article:modified_time\" content=\"2021-03-25T21:28:10+00:00\" \/>\n<meta property=\"og:image\" content=\"https:\/\/www.padreydecano.com\/cms\/wp-content\/uploads\/2021\/03\/IMG-20210320-WA0026.jpg\" \/>\n\t<meta property=\"og:image:width\" content=\"1600\" \/>\n\t<meta property=\"og:image:height\" content=\"1066\" \/>\n\t<meta property=\"og:image:type\" content=\"image\/jpeg\" \/>\n<meta name=\"author\" content=\"Udelar\" \/>\n<meta name=\"twitter:card\" content=\"summary_large_image\" \/>\n<meta name=\"twitter:label1\" content=\"Escrito por\" \/>\n\t<meta name=\"twitter:data1\" content=\"Udelar\" \/>\n\t<meta name=\"twitter:label2\" content=\"Tiempo de lectura\" \/>\n\t<meta name=\"twitter:data2\" content=\"2 minutos\" \/>\n<script type=\"application\/ld+json\" class=\"yoast-schema-graph\">{\"@context\":\"https:\/\/schema.org\",\"@graph\":[{\"@type\":\"Article\",\"@id\":\"https:\/\/www.padreydecano.com\/cms\/noticias\/a-ganar-por-la-copa\/#article\",\"isPartOf\":{\"@id\":\"https:\/\/www.padreydecano.com\/cms\/noticias\/a-ganar-por-la-copa\/\"},\"author\":{\"name\":\"Udelar\",\"@id\":\"https:\/\/www.padreydecano.com\/cms\/#\/schema\/person\/b22191326be6d1c7fa55c2ad137a9a32\"},\"headline\":\"A ganar por la Copa\",\"datePublished\":\"2021-03-25T14:47:49+00:00\",\"dateModified\":\"2021-03-25T21:28:10+00:00\",\"mainEntityOfPage\":{\"@id\":\"https:\/\/www.padreydecano.com\/cms\/noticias\/a-ganar-por-la-copa\/\"},\"wordCount\":337,\"commentCount\":12,\"publisher\":{\"@id\":\"https:\/\/www.padreydecano.com\/cms\/#organization\"},\"image\":{\"@id\":\"https:\/\/www.padreydecano.com\/cms\/noticias\/a-ganar-por-la-copa\/#primaryimage\"},\"thumbnailUrl\":\"https:\/\/www.padreydecano.com\/cms\/wp-content\/uploads\/2021\/03\/IMG-20210320-WA0026.jpg\",\"keywords\":[\"Torneo Clausura 2020\"],\"articleSection\":[\"Noticias\"],\"inLanguage\":\"es\",\"potentialAction\":[{\"@type\":\"CommentAction\",\"name\":\"Comment\",\"target\":[\"https:\/\/www.padreydecano.com\/cms\/noticias\/a-ganar-por-la-copa\/#respond\"]}]},{\"@type\":\"WebPage\",\"@id\":\"https:\/\/www.padreydecano.com\/cms\/noticias\/a-ganar-por-la-copa\/\",\"url\":\"https:\/\/www.padreydecano.com\/cms\/noticias\/a-ganar-por-la-copa\/\",\"name\":\"A ganar por la Copa - Padre y Decano - El Sitio del Pueblo\",\"isPartOf\":{\"@id\":\"https:\/\/www.padreydecano.com\/cms\/#website\"},\"primaryImageOfPage\":{\"@id\":\"https:\/\/www.padreydecano.com\/cms\/noticias\/a-ganar-por-la-copa\/#primaryimage\"},\"image\":{\"@id\":\"https:\/\/www.padreydecano.com\/cms\/noticias\/a-ganar-por-la-copa\/#primaryimage\"},\"thumbnailUrl\":\"https:\/\/www.padreydecano.com\/cms\/wp-content\/uploads\/2021\/03\/IMG-20210320-WA0026.jpg\",\"datePublished\":\"2021-03-25T14:47:49+00:00\",\"dateModified\":\"2021-03-25T21:28:10+00:00\",\"breadcrumb\":{\"@id\":\"https:\/\/www.padreydecano.com\/cms\/noticias\/a-ganar-por-la-copa\/#breadcrumb\"},\"inLanguage\":\"es\",\"potentialAction\":[{\"@type\":\"ReadAction\",\"target\":[\"https:\/\/www.padreydecano.com\/cms\/noticias\/a-ganar-por-la-copa\/\"]}]},{\"@type\":\"ImageObject\",\"inLanguage\":\"es\",\"@id\":\"https:\/\/www.padreydecano.com\/cms\/noticias\/a-ganar-por-la-copa\/#primaryimage\",\"url\":\"https:\/\/www.padreydecano.com\/cms\/wp-content\/uploads\/2021\/03\/IMG-20210320-WA0026.jpg\",\"contentUrl\":\"https:\/\/www.padreydecano.com\/cms\/wp-content\/uploads\/2021\/03\/IMG-20210320-WA0026.jpg\",\"width\":1600,\"height\":1066},{\"@type\":\"BreadcrumbList\",\"@id\":\"https:\/\/www.padreydecano.com\/cms\/noticias\/a-ganar-por-la-copa\/#breadcrumb\",\"itemListElement\":[{\"@type\":\"ListItem\",\"position\":1,\"name\":\"Portada\",\"item\":\"https:\/\/www.padreydecano.com\/cms\/\"},{\"@type\":\"ListItem\",\"position\":2,\"name\":\"A ganar por la Copa\"}]},{\"@type\":\"WebSite\",\"@id\":\"https:\/\/www.padreydecano.com\/cms\/#website\",\"url\":\"https:\/\/www.padreydecano.com\/cms\/\",\"name\":\"Padre y Decano - El Sitio del Pueblo\",\"description\":\"Club Atl\u00e9tico Pe\u00f1arol\",\"publisher\":{\"@id\":\"https:\/\/www.padreydecano.com\/cms\/#organization\"},\"potentialAction\":[{\"@type\":\"SearchAction\",\"target\":{\"@type\":\"EntryPoint\",\"urlTemplate\":\"https:\/\/www.padreydecano.com\/cms\/?s={search_term_string}\"},\"query-input\":\"required name=search_term_string\"}],\"inLanguage\":\"es\"},{\"@type\":\"Organization\",\"@id\":\"https:\/\/www.padreydecano.com\/cms\/#organization\",\"name\":\"Padre y Decano\",\"url\":\"https:\/\/www.padreydecano.com\/cms\/\",\"logo\":{\"@type\":\"ImageObject\",\"inLanguage\":\"es\",\"@id\":\"https:\/\/www.padreydecano.com\/cms\/#\/schema\/logo\/image\/\",\"url\":\"https:\/\/www.padreydecano.com\/cms\/wp-content\/uploads\/2022\/01\/avatar-square.png\",\"contentUrl\":\"https:\/\/www.padreydecano.com\/cms\/wp-content\/uploads\/2022\/01\/avatar-square.png\",\"width\":1500,\"height\":1500,\"caption\":\"Padre y Decano\"},\"image\":{\"@id\":\"https:\/\/www.padreydecano.com\/cms\/#\/schema\/logo\/image\/\"}},{\"@type\":\"Person\",\"@id\":\"https:\/\/www.padreydecano.com\/cms\/#\/schema\/person\/b22191326be6d1c7fa55c2ad137a9a32\",\"name\":\"Udelar\",\"image\":{\"@type\":\"ImageObject\",\"inLanguage\":\"es\",\"@id\":\"https:\/\/www.padreydecano.com\/cms\/#\/schema\/person\/image\/\",\"url\":\"https:\/\/secure.gravatar.com\/avatar\/611ece663b16897a2cd2f46982281225?s=96&d=https%3A%2F%2Fpadreydecano.com%2Fcms%2Fwp-content%2Fthemes%2Fpyd-theme%2Fimg%2Fdefault-avatar.png&r=g\",\"contentUrl\":\"https:\/\/secure.gravatar.com\/avatar\/611ece663b16897a2cd2f46982281225?s=96&d=https%3A%2F%2Fpadreydecano.com%2Fcms%2Fwp-content%2Fthemes%2Fpyd-theme%2Fimg%2Fdefault-avatar.png&r=g\",\"caption\":\"Udelar\"}}]}<\/script>\n<!-- \/ Yoast SEO plugin. -->","yoast_head_json":{"title":"A ganar por la Copa - Padre y Decano - El Sitio del Pueblo","robots":{"index":"index","follow":"follow","max-snippet":"max-snippet:-1","max-image-preview":"max-image-preview:large","max-video-preview":"max-video-preview:-1"},"canonical":"https:\/\/www.padreydecano.com\/cms\/noticias\/a-ganar-por-la-copa\/","og_locale":"es_ES","og_type":"article","og_title":"A ganar por la Copa - Padre y Decano - El Sitio del Pueblo","og_description":"Pe\u00f1arol visitar\u00e1 a Progreso en el Estadio Abraham Paladino por la pen\u00faltima fecha del Torneo Clausura. Sin chances de gritar campe\u00f3n, el Carbonero deber\u00e1 cumplir con el fixture. El partido ser\u00e1 a las 16:00 horas e ir\u00e1 televisado por VTV. Golpe duro recibi\u00f3 el Carbonero tras perder con Plaza Colonia. No solamente por el resultado [&hellip;]","og_url":"https:\/\/www.padreydecano.com\/cms\/noticias\/a-ganar-por-la-copa\/","og_site_name":"Padre y Decano - El Sitio del Pueblo","article_published_time":"2021-03-25T14:47:49+00:00","article_modified_time":"2021-03-25T21:28:10+00:00","og_image":[{"width":1600,"height":1066,"url":"https:\/\/www.padreydecano.com\/cms\/wp-content\/uploads\/2021\/03\/IMG-20210320-WA0026.jpg","type":"image\/jpeg"}],"author":"Udelar","twitter_card":"summary_large_image","twitter_misc":{"Escrito por":"Udelar","Tiempo de lectura":"2 minutos"},"schema":{"@context":"https:\/\/schema.org","@graph":[{"@type":"Article","@id":"https:\/\/www.padreydecano.com\/cms\/noticias\/a-ganar-por-la-copa\/#article","isPartOf":{"@id":"https:\/\/www.padreydecano.com\/cms\/noticias\/a-ganar-por-la-copa\/"},"author":{"name":"Udelar","@id":"https:\/\/www.padreydecano.com\/cms\/#\/schema\/person\/b22191326be6d1c7fa55c2ad137a9a32"},"headline":"A ganar por la Copa","datePublished":"2021-03-25T14:47:49+00:00","dateModified":"2021-03-25T21:28:10+00:00","mainEntityOfPage":{"@id":"https:\/\/www.padreydecano.com\/cms\/noticias\/a-ganar-por-la-copa\/"},"wordCount":337,"commentCount":12,"publisher":{"@id":"https:\/\/www.padreydecano.com\/cms\/#organization"},"image":{"@id":"https:\/\/www.padreydecano.com\/cms\/noticias\/a-ganar-por-la-copa\/#primaryimage"},"thumbnailUrl":"https:\/\/www.padreydecano.com\/cms\/wp-content\/uploads\/2021\/03\/IMG-20210320-WA0026.jpg","keywords":["Torneo Clausura 2020"],"articleSection":["Noticias"],"inLanguage":"es","potentialAction":[{"@type":"CommentAction","name":"Comment","target":["https:\/\/www.padreydecano.com\/cms\/noticias\/a-ganar-por-la-copa\/#respond"]}]},{"@type":"WebPage","@id":"https:\/\/www.padreydecano.com\/cms\/noticias\/a-ganar-por-la-copa\/","url":"https:\/\/www.padreydecano.com\/cms\/noticias\/a-ganar-por-la-copa\/","name":"A ganar por la Copa - Padre y Decano - El Sitio del Pueblo","isPartOf":{"@id":"https:\/\/www.padreydecano.com\/cms\/#website"},"primaryImageOfPage":{"@id":"https:\/\/www.padreydecano.com\/cms\/noticias\/a-ganar-por-la-copa\/#primaryimage"},"image":{"@id":"https:\/\/www.padreydecano.com\/cms\/noticias\/a-ganar-por-la-copa\/#primaryimage"},"thumbnailUrl":"https:\/\/www.padreydecano.com\/cms\/wp-content\/uploads\/2021\/03\/IMG-20210320-WA0026.jpg","datePublished":"2021-03-25T14:47:49+00:00","dateModified":"2021-03-25T21:28:10+00:00","breadcrumb":{"@id":"https:\/\/www.padreydecano.com\/cms\/noticias\/a-ganar-por-la-copa\/#breadcrumb"},"inLanguage":"es","potentialAction":[{"@type":"ReadAction","target":["https:\/\/www.padreydecano.com\/cms\/noticias\/a-ganar-por-la-copa\/"]}]},{"@type":"ImageObject","inLanguage":"es","@id":"https:\/\/www.padreydecano.com\/cms\/noticias\/a-ganar-por-la-copa\/#primaryimage","url":"https:\/\/www.padreydecano.com\/cms\/wp-content\/uploads\/2021\/03\/IMG-20210320-WA0026.jpg","contentUrl":"https:\/\/www.padreydecano.com\/cms\/wp-content\/uploads\/2021\/03\/IMG-20210320-WA0026.jpg","width":1600,"height":1066},{"@type":"BreadcrumbList","@id":"https:\/\/www.padreydecano.com\/cms\/noticias\/a-ganar-por-la-copa\/#breadcrumb","itemListElement":[{"@type":"ListItem","position":1,"name":"Portada","item":"https:\/\/www.padreydecano.com\/cms\/"},{"@type":"ListItem","position":2,"name":"A ganar por la Copa"}]},{"@type":"WebSite","@id":"https:\/\/www.padreydecano.com\/cms\/#website","url":"https:\/\/www.padreydecano.com\/cms\/","name":"Padre y Decano - El Sitio del Pueblo","description":"Club Atl\u00e9tico Pe\u00f1arol","publisher":{"@id":"https:\/\/www.padreydecano.com\/cms\/#organization"},"potentialAction":[{"@type":"SearchAction","target":{"@type":"EntryPoint","urlTemplate":"https:\/\/www.padreydecano.com\/cms\/?s={search_term_string}"},"query-input":"required name=search_term_string"}],"inLanguage":"es"},{"@type":"Organization","@id":"https:\/\/www.padreydecano.com\/cms\/#organization","name":"Padre y Decano","url":"https:\/\/www.padreydecano.com\/cms\/","logo":{"@type":"ImageObject","inLanguage":"es","@id":"https:\/\/www.padreydecano.com\/cms\/#\/schema\/logo\/image\/","url":"https:\/\/www.padreydecano.com\/cms\/wp-content\/uploads\/2022\/01\/avatar-square.png","contentUrl":"https:\/\/www.padreydecano.com\/cms\/wp-content\/uploads\/2022\/01\/avatar-square.png","width":1500,"height":1500,"caption":"Padre y Decano"},"image":{"@id":"https:\/\/www.padreydecano.com\/cms\/#\/schema\/logo\/image\/"}},{"@type":"Person","@id":"https:\/\/www.padreydecano.com\/cms\/#\/schema\/person\/b22191326be6d1c7fa55c2ad137a9a32","name":"Udelar","image":{"@type":"ImageObject","inLanguage":"es","@id":"https:\/\/www.padreydecano.com\/cms\/#\/schema\/person\/image\/","url":"https:\/\/secure.gravatar.com\/avatar\/611ece663b16897a2cd2f46982281225?s=96&d=https%3A%2F%2Fpadreydecano.com%2Fcms%2Fwp-content%2Fthemes%2Fpyd-theme%2Fimg%2Fdefault-avatar.png&r=g","contentUrl":"https:\/\/secure.gravatar.com\/avatar\/611ece663b16897a2cd2f46982281225?s=96&d=https%3A%2F%2Fpadreydecano.com%2Fcms%2Fwp-content%2Fthemes%2Fpyd-theme%2Fimg%2Fdefault-avatar.png&r=g","caption":"Udelar"}}]}},"_links":{"self":[{"href":"https:\/\/www.padreydecano.com\/cms\/wp-json\/wp\/v2\/posts\/75615"}],"collection":[{"href":"https:\/\/www.padreydecano.com\/cms\/wp-json\/wp\/v2\/posts"}],"about":[{"href":"https:\/\/www.padreydecano.com\/cms\/wp-json\/wp\/v2\/types\/post"}],"author":[{"embeddable":true,"href":"https:\/\/www.padreydecano.com\/cms\/wp-json\/wp\/v2\/users\/30"}],"replies":[{"embeddable":true,"href":"https:\/\/www.padreydecano.com\/cms\/wp-json\/wp\/v2\/comments?post=75615"}],"version-history":[{"count":0,"href":"https:\/\/www.padreydecano.com\/cms\/wp-json\/wp\/v2\/posts\/75615\/revisions"}],"wp:featuredmedia":[{"embeddable":true,"href":"https:\/\/www.padreydecano.com\/cms\/wp-json\/wp\/v2\/media\/75602"}],"wp:attachment":[{"href":"https:\/\/www.padreydecano.com\/cms\/wp-json\/wp\/v2\/media?parent=75615"}],"wp:term":[{"taxonomy":"category","embeddable":true,"href":"https:\/\/www.padreydecano.com\/cms\/wp-json\/wp\/v2\/categories?post=75615"},{"taxonomy":"post_tag","embeddable":true,"href":"https:\/\/www.padreydecano.com\/cms\/wp-json\/wp\/v2\/tags?post=75615"}],"curies":[{"name":"wp","href":"https:\/\/api.w.org\/{rel}","templated":true}]}}