{"id":75521,"date":"2021-03-09T09:59:18","date_gmt":"2021-03-09T12:59:18","guid":{"rendered":"http:\/\/www.padreydecano.com\/cms\/?p=75521"},"modified":"2021-03-09T09:59:18","modified_gmt":"2021-03-09T12:59:18","slug":"guillermo-varela-no-nos-fue-bien-con-apuestas-personales","status":"publish","type":"post","link":"https:\/\/www.padreydecano.com\/cms\/entrevistas\/guillermo-varela-no-nos-fue-bien-con-apuestas-personales\/","title":{"rendered":"Guillermo Varela: \u201cNo nos fue bien con apuestas personales\u201d"},"content":{"rendered":"<p><a href=\"https:\/\/www.padreydecano.com\/cms\/wp-content\/uploads\/2021\/03\/guille-varela.jpg\" rel=\"shadowbox[sbpost-75521];player=img;\"><img loading=\"lazy\" decoding=\"async\" class=\"aligncenter size-full wp-image-75522\" src=\"https:\/\/www.padreydecano.com\/cms\/wp-content\/uploads\/2021\/03\/guille-varela.jpg\" alt=\"\" width=\"930\" height=\"648\" srcset=\"https:\/\/www.padreydecano.com\/cms\/wp-content\/uploads\/2021\/03\/guille-varela.jpg 930w, https:\/\/www.padreydecano.com\/cms\/wp-content\/uploads\/2021\/03\/guille-varela-600x418.jpg 600w, https:\/\/www.padreydecano.com\/cms\/wp-content\/uploads\/2021\/03\/guille-varela-768x535.jpg 768w\" sizes=\"(max-width: 930px) 100vw, 930px\" \/><\/a><\/p>\n<p style=\"text-align: justify;\"><strong>Guillermo Varela, dirigente de Pe\u00f1arol, habl\u00f3 con <a href=\"https:\/\/www.padreydecano.com\/cms\/category\/pyd-radio\/\">Padre y Decano en Radio 1010 AM<\/a> sobre la actualidad del equipo de Mauricio Larriera, las ideas de Pablo Bengoechea y la gesti\u00f3n de datos: \u201chay que equilibrar conocimiento de f\u00fatbol con los datos\u201d.<\/strong><\/p>\n<p style=\"text-align: justify;\"><span style=\"color: #ffcc02;\"><strong>Todav\u00eda falta:<\/strong> <\/span>\u201cMe cuesta decir que tenemos una evoluci\u00f3n, hasta que no hilvanemos dos victorias al hilo. Igual, el tiempo de Mauricio Larriera empieza a ser cada vez m\u00e1s productivo. Vi puntos altos en el partido, y la felicidad del triunfo\u00bb.<\/p>\n<p style=\"text-align: justify;\"><span style=\"color: #ffcc02;\"><strong>Mixtura entre tradici\u00f3n y modernidad:<\/strong><\/span> \u201cHicimos la primera reuni\u00f3n del grupo de Gesti\u00f3n y Datos. El club ten\u00eda algunas iniciativas, pero todav\u00eda no se basaba en datos. Las altas y las bajas comenzaron a definirse sin esa participaci\u00f3n. Hay que equilibrar el conocimiento de f\u00fatbol con los datos\u00bb.<\/p>\n<p style=\"text-align: justify;\"><span style=\"color: #ffcc02;\"><strong>La tarea:<\/strong><\/span> \u201cLos scouters tienen varias funciones, adem\u00e1s del scouting. Pe\u00f1arol filma todos los partidos de Primera y de Formativas. Cuando queramos evaluar alg\u00fan jugador, ellos se encargan de esa tarea\u00bb.<\/p>\n<p style=\"text-align: justify;\"><span style=\"color: #ffcc02;\"><strong>Informaci\u00f3n propia:<\/strong><\/span> \u201cLos jugadores que el \u00e1rea deportiva y el presidente han sugerido van a pasar por un an\u00e1lisis de los scouters, por un algoritmo propio de Pe\u00f1arol, para evaluar el valor de cada jugador para el club y dentro del f\u00fatbol uruguayo\u00bb.<\/p>\n<p style=\"text-align: justify;\"><span style=\"color: #ffcc02;\"><strong>M\u00e1s informaci\u00f3n y menos azar:<\/strong><\/span> \u201cEn los \u00faltimos a\u00f1os, a las incorporaciones y las apuestas personales de algunos presidentes no les ha ido nada bien. Tenemos que encontrar un punto de equilibrio. Larriera no nos ha planteado ninguna incorporaci\u00f3n por el momento\u00bb.<\/p>\n<p style=\"text-align: justify;\"><span style=\"color: #ffcc02;\"><strong>Profesor meticuloso:<\/strong><\/span> \u201cCon Pablo Bengoechea las charlas de f\u00fatbol son muy ricas. No tiene caprichos, ni frases sueltas. Cada decisi\u00f3n tiene su explicaci\u00f3n. Tiene un cuidado extremo de la econom\u00eda del club y una capacidad de an\u00e1lisis de f\u00fatbol muy superior a la que imaginaba yo como hincha\u00bb.<\/p>\n<p style=\"text-align: justify;\"><div class=\"user-wrapper\"><a class=\"userlink\" href=\"https:\/\/twitter.com\/wilsonmendez86\" target=\"_blank\"><figure><img decoding=\"async\" src=\"http:\/\/www.padreydecano.com\/cms\/wp-users-files\/postfirmas\/wilsonmendez86.jpg\" \/><\/figure><p class=\"user\"><strong>Wilson M&eacute;ndez<\/strong><br \/>@wilsonmendez86<\/p><\/a><\/div><\/p>\n","protected":false},"excerpt":{"rendered":"<p>Guillermo Varela, dirigente de Pe\u00f1arol, habl\u00f3 con Padre y Decano en Radio 1010 AM sobre la actualidad del equipo de Mauricio Larriera, las ideas de Pablo Bengoechea y la gesti\u00f3n de datos: \u201chay que equilibrar conocimiento de f\u00fatbol con los datos\u201d. Todav\u00eda falta: \u201cMe cuesta decir que tenemos una evoluci\u00f3n, hasta que no hilvanemos dos [&hellip;]<\/p>\n","protected":false},"author":13,"featured_media":75522,"comment_status":"open","ping_status":"closed","sticky":false,"template":"","format":"standard","meta":{"footnotes":""},"categories":[30,196],"tags":[],"yoast_head":"<!-- This site is optimized with the Yoast SEO plugin v23.2 - https:\/\/yoast.com\/wordpress\/plugins\/seo\/ -->\n<title>Guillermo Varela: \u201cNo nos fue bien con apuestas personales\u201d - Padre y Decano - El Sitio del Pueblo<\/title>\n<meta name=\"robots\" content=\"index, follow, max-snippet:-1, max-image-preview:large, max-video-preview:-1\" \/>\n<link rel=\"canonical\" href=\"https:\/\/www.padreydecano.com\/cms\/entrevistas\/guillermo-varela-no-nos-fue-bien-con-apuestas-personales\/\" \/>\n<meta property=\"og:locale\" content=\"es_ES\" \/>\n<meta property=\"og:type\" content=\"article\" \/>\n<meta property=\"og:title\" content=\"Guillermo Varela: \u201cNo nos fue bien con apuestas personales\u201d - Padre y Decano - El Sitio del Pueblo\" \/>\n<meta property=\"og:description\" content=\"Guillermo Varela, dirigente de Pe\u00f1arol, habl\u00f3 con Padre y Decano en Radio 1010 AM sobre la actualidad del equipo de Mauricio Larriera, las ideas de Pablo Bengoechea y la gesti\u00f3n de datos: \u201chay que equilibrar conocimiento de f\u00fatbol con los datos\u201d. Todav\u00eda falta: \u201cMe cuesta decir que tenemos una evoluci\u00f3n, hasta que no hilvanemos dos [&hellip;]\" \/>\n<meta property=\"og:url\" content=\"https:\/\/www.padreydecano.com\/cms\/entrevistas\/guillermo-varela-no-nos-fue-bien-con-apuestas-personales\/\" \/>\n<meta property=\"og:site_name\" content=\"Padre y Decano - El Sitio del Pueblo\" \/>\n<meta property=\"article:published_time\" content=\"2021-03-09T12:59:18+00:00\" \/>\n<meta property=\"og:image\" content=\"https:\/\/www.padreydecano.com\/cms\/wp-content\/uploads\/2021\/03\/guille-varela.jpg\" \/>\n\t<meta property=\"og:image:width\" content=\"930\" \/>\n\t<meta property=\"og:image:height\" content=\"648\" \/>\n\t<meta property=\"og:image:type\" content=\"image\/jpeg\" \/>\n<meta name=\"author\" content=\"Moderador\" \/>\n<meta name=\"twitter:card\" content=\"summary_large_image\" \/>\n<meta name=\"twitter:label1\" content=\"Escrito por\" \/>\n\t<meta name=\"twitter:data1\" content=\"Moderador\" \/>\n\t<meta name=\"twitter:label2\" content=\"Tiempo de lectura\" \/>\n\t<meta name=\"twitter:data2\" content=\"2 minutos\" \/>\n<script type=\"application\/ld+json\" class=\"yoast-schema-graph\">{\"@context\":\"https:\/\/schema.org\",\"@graph\":[{\"@type\":\"Article\",\"@id\":\"https:\/\/www.padreydecano.com\/cms\/entrevistas\/guillermo-varela-no-nos-fue-bien-con-apuestas-personales\/#article\",\"isPartOf\":{\"@id\":\"https:\/\/www.padreydecano.com\/cms\/entrevistas\/guillermo-varela-no-nos-fue-bien-con-apuestas-personales\/\"},\"author\":{\"name\":\"Moderador\",\"@id\":\"https:\/\/www.padreydecano.com\/cms\/#\/schema\/person\/d93e9e537230ae052c194251d9a1def2\"},\"headline\":\"Guillermo Varela: \u201cNo nos fue bien con apuestas personales\u201d\",\"datePublished\":\"2021-03-09T12:59:18+00:00\",\"dateModified\":\"2021-03-09T12:59:18+00:00\",\"mainEntityOfPage\":{\"@id\":\"https:\/\/www.padreydecano.com\/cms\/entrevistas\/guillermo-varela-no-nos-fue-bien-con-apuestas-personales\/\"},\"wordCount\":333,\"commentCount\":37,\"publisher\":{\"@id\":\"https:\/\/www.padreydecano.com\/cms\/#organization\"},\"image\":{\"@id\":\"https:\/\/www.padreydecano.com\/cms\/entrevistas\/guillermo-varela-no-nos-fue-bien-con-apuestas-personales\/#primaryimage\"},\"thumbnailUrl\":\"https:\/\/www.padreydecano.com\/cms\/wp-content\/uploads\/2021\/03\/guille-varela.jpg\",\"articleSection\":[\"Entrevistas\",\"PYD Radio\"],\"inLanguage\":\"es\",\"potentialAction\":[{\"@type\":\"CommentAction\",\"name\":\"Comment\",\"target\":[\"https:\/\/www.padreydecano.com\/cms\/entrevistas\/guillermo-varela-no-nos-fue-bien-con-apuestas-personales\/#respond\"]}]},{\"@type\":\"WebPage\",\"@id\":\"https:\/\/www.padreydecano.com\/cms\/entrevistas\/guillermo-varela-no-nos-fue-bien-con-apuestas-personales\/\",\"url\":\"https:\/\/www.padreydecano.com\/cms\/entrevistas\/guillermo-varela-no-nos-fue-bien-con-apuestas-personales\/\",\"name\":\"Guillermo Varela: \u201cNo nos fue bien con apuestas personales\u201d - Padre y Decano - El Sitio del Pueblo\",\"isPartOf\":{\"@id\":\"https:\/\/www.padreydecano.com\/cms\/#website\"},\"primaryImageOfPage\":{\"@id\":\"https:\/\/www.padreydecano.com\/cms\/entrevistas\/guillermo-varela-no-nos-fue-bien-con-apuestas-personales\/#primaryimage\"},\"image\":{\"@id\":\"https:\/\/www.padreydecano.com\/cms\/entrevistas\/guillermo-varela-no-nos-fue-bien-con-apuestas-personales\/#primaryimage\"},\"thumbnailUrl\":\"https:\/\/www.padreydecano.com\/cms\/wp-content\/uploads\/2021\/03\/guille-varela.jpg\",\"datePublished\":\"2021-03-09T12:59:18+00:00\",\"dateModified\":\"2021-03-09T12:59:18+00:00\",\"breadcrumb\":{\"@id\":\"https:\/\/www.padreydecano.com\/cms\/entrevistas\/guillermo-varela-no-nos-fue-bien-con-apuestas-personales\/#breadcrumb\"},\"inLanguage\":\"es\",\"potentialAction\":[{\"@type\":\"ReadAction\",\"target\":[\"https:\/\/www.padreydecano.com\/cms\/entrevistas\/guillermo-varela-no-nos-fue-bien-con-apuestas-personales\/\"]}]},{\"@type\":\"ImageObject\",\"inLanguage\":\"es\",\"@id\":\"https:\/\/www.padreydecano.com\/cms\/entrevistas\/guillermo-varela-no-nos-fue-bien-con-apuestas-personales\/#primaryimage\",\"url\":\"https:\/\/www.padreydecano.com\/cms\/wp-content\/uploads\/2021\/03\/guille-varela.jpg\",\"contentUrl\":\"https:\/\/www.padreydecano.com\/cms\/wp-content\/uploads\/2021\/03\/guille-varela.jpg\",\"width\":930,\"height\":648},{\"@type\":\"BreadcrumbList\",\"@id\":\"https:\/\/www.padreydecano.com\/cms\/entrevistas\/guillermo-varela-no-nos-fue-bien-con-apuestas-personales\/#breadcrumb\",\"itemListElement\":[{\"@type\":\"ListItem\",\"position\":1,\"name\":\"Portada\",\"item\":\"https:\/\/www.padreydecano.com\/cms\/\"},{\"@type\":\"ListItem\",\"position\":2,\"name\":\"Guillermo Varela: \u201cNo nos fue bien con apuestas personales\u201d\"}]},{\"@type\":\"WebSite\",\"@id\":\"https:\/\/www.padreydecano.com\/cms\/#website\",\"url\":\"https:\/\/www.padreydecano.com\/cms\/\",\"name\":\"Padre y Decano - El Sitio del Pueblo\",\"description\":\"Club Atl\u00e9tico Pe\u00f1arol\",\"publisher\":{\"@id\":\"https:\/\/www.padreydecano.com\/cms\/#organization\"},\"potentialAction\":[{\"@type\":\"SearchAction\",\"target\":{\"@type\":\"EntryPoint\",\"urlTemplate\":\"https:\/\/www.padreydecano.com\/cms\/?s={search_term_string}\"},\"query-input\":\"required name=search_term_string\"}],\"inLanguage\":\"es\"},{\"@type\":\"Organization\",\"@id\":\"https:\/\/www.padreydecano.com\/cms\/#organization\",\"name\":\"Padre y Decano\",\"url\":\"https:\/\/www.padreydecano.com\/cms\/\",\"logo\":{\"@type\":\"ImageObject\",\"inLanguage\":\"es\",\"@id\":\"https:\/\/www.padreydecano.com\/cms\/#\/schema\/logo\/image\/\",\"url\":\"https:\/\/www.padreydecano.com\/cms\/wp-content\/uploads\/2022\/01\/avatar-square.png\",\"contentUrl\":\"https:\/\/www.padreydecano.com\/cms\/wp-content\/uploads\/2022\/01\/avatar-square.png\",\"width\":1500,\"height\":1500,\"caption\":\"Padre y Decano\"},\"image\":{\"@id\":\"https:\/\/www.padreydecano.com\/cms\/#\/schema\/logo\/image\/\"}},{\"@type\":\"Person\",\"@id\":\"https:\/\/www.padreydecano.com\/cms\/#\/schema\/person\/d93e9e537230ae052c194251d9a1def2\",\"name\":\"Moderador\",\"image\":{\"@type\":\"ImageObject\",\"inLanguage\":\"es\",\"@id\":\"https:\/\/www.padreydecano.com\/cms\/#\/schema\/person\/image\/\",\"url\":\"https:\/\/secure.gravatar.com\/avatar\/2587727bf8a53bd3da4ec49f01bea66e?s=96&d=https%3A%2F%2Fpadreydecano.com%2Fcms%2Fwp-content%2Fthemes%2Fpyd-theme%2Fimg%2Fdefault-avatar.png&r=g\",\"contentUrl\":\"https:\/\/secure.gravatar.com\/avatar\/2587727bf8a53bd3da4ec49f01bea66e?s=96&d=https%3A%2F%2Fpadreydecano.com%2Fcms%2Fwp-content%2Fthemes%2Fpyd-theme%2Fimg%2Fdefault-avatar.png&r=g\",\"caption\":\"Moderador\"}}]}<\/script>\n<!-- \/ Yoast SEO plugin. -->","yoast_head_json":{"title":"Guillermo Varela: \u201cNo nos fue bien con apuestas personales\u201d - Padre y Decano - El Sitio del Pueblo","robots":{"index":"index","follow":"follow","max-snippet":"max-snippet:-1","max-image-preview":"max-image-preview:large","max-video-preview":"max-video-preview:-1"},"canonical":"https:\/\/www.padreydecano.com\/cms\/entrevistas\/guillermo-varela-no-nos-fue-bien-con-apuestas-personales\/","og_locale":"es_ES","og_type":"article","og_title":"Guillermo Varela: \u201cNo nos fue bien con apuestas personales\u201d - Padre y Decano - El Sitio del Pueblo","og_description":"Guillermo Varela, dirigente de Pe\u00f1arol, habl\u00f3 con Padre y Decano en Radio 1010 AM sobre la actualidad del equipo de Mauricio Larriera, las ideas de Pablo Bengoechea y la gesti\u00f3n de datos: \u201chay que equilibrar conocimiento de f\u00fatbol con los datos\u201d. Todav\u00eda falta: \u201cMe cuesta decir que tenemos una evoluci\u00f3n, hasta que no hilvanemos dos [&hellip;]","og_url":"https:\/\/www.padreydecano.com\/cms\/entrevistas\/guillermo-varela-no-nos-fue-bien-con-apuestas-personales\/","og_site_name":"Padre y Decano - El Sitio del Pueblo","article_published_time":"2021-03-09T12:59:18+00:00","og_image":[{"width":930,"height":648,"url":"https:\/\/www.padreydecano.com\/cms\/wp-content\/uploads\/2021\/03\/guille-varela.jpg","type":"image\/jpeg"}],"author":"Moderador","twitter_card":"summary_large_image","twitter_misc":{"Escrito por":"Moderador","Tiempo de lectura":"2 minutos"},"schema":{"@context":"https:\/\/schema.org","@graph":[{"@type":"Article","@id":"https:\/\/www.padreydecano.com\/cms\/entrevistas\/guillermo-varela-no-nos-fue-bien-con-apuestas-personales\/#article","isPartOf":{"@id":"https:\/\/www.padreydecano.com\/cms\/entrevistas\/guillermo-varela-no-nos-fue-bien-con-apuestas-personales\/"},"author":{"name":"Moderador","@id":"https:\/\/www.padreydecano.com\/cms\/#\/schema\/person\/d93e9e537230ae052c194251d9a1def2"},"headline":"Guillermo Varela: \u201cNo nos fue bien con apuestas personales\u201d","datePublished":"2021-03-09T12:59:18+00:00","dateModified":"2021-03-09T12:59:18+00:00","mainEntityOfPage":{"@id":"https:\/\/www.padreydecano.com\/cms\/entrevistas\/guillermo-varela-no-nos-fue-bien-con-apuestas-personales\/"},"wordCount":333,"commentCount":37,"publisher":{"@id":"https:\/\/www.padreydecano.com\/cms\/#organization"},"image":{"@id":"https:\/\/www.padreydecano.com\/cms\/entrevistas\/guillermo-varela-no-nos-fue-bien-con-apuestas-personales\/#primaryimage"},"thumbnailUrl":"https:\/\/www.padreydecano.com\/cms\/wp-content\/uploads\/2021\/03\/guille-varela.jpg","articleSection":["Entrevistas","PYD Radio"],"inLanguage":"es","potentialAction":[{"@type":"CommentAction","name":"Comment","target":["https:\/\/www.padreydecano.com\/cms\/entrevistas\/guillermo-varela-no-nos-fue-bien-con-apuestas-personales\/#respond"]}]},{"@type":"WebPage","@id":"https:\/\/www.padreydecano.com\/cms\/entrevistas\/guillermo-varela-no-nos-fue-bien-con-apuestas-personales\/","url":"https:\/\/www.padreydecano.com\/cms\/entrevistas\/guillermo-varela-no-nos-fue-bien-con-apuestas-personales\/","name":"Guillermo Varela: \u201cNo nos fue bien con apuestas personales\u201d - Padre y Decano - El Sitio del Pueblo","isPartOf":{"@id":"https:\/\/www.padreydecano.com\/cms\/#website"},"primaryImageOfPage":{"@id":"https:\/\/www.padreydecano.com\/cms\/entrevistas\/guillermo-varela-no-nos-fue-bien-con-apuestas-personales\/#primaryimage"},"image":{"@id":"https:\/\/www.padreydecano.com\/cms\/entrevistas\/guillermo-varela-no-nos-fue-bien-con-apuestas-personales\/#primaryimage"},"thumbnailUrl":"https:\/\/www.padreydecano.com\/cms\/wp-content\/uploads\/2021\/03\/guille-varela.jpg","datePublished":"2021-03-09T12:59:18+00:00","dateModified":"2021-03-09T12:59:18+00:00","breadcrumb":{"@id":"https:\/\/www.padreydecano.com\/cms\/entrevistas\/guillermo-varela-no-nos-fue-bien-con-apuestas-personales\/#breadcrumb"},"inLanguage":"es","potentialAction":[{"@type":"ReadAction","target":["https:\/\/www.padreydecano.com\/cms\/entrevistas\/guillermo-varela-no-nos-fue-bien-con-apuestas-personales\/"]}]},{"@type":"ImageObject","inLanguage":"es","@id":"https:\/\/www.padreydecano.com\/cms\/entrevistas\/guillermo-varela-no-nos-fue-bien-con-apuestas-personales\/#primaryimage","url":"https:\/\/www.padreydecano.com\/cms\/wp-content\/uploads\/2021\/03\/guille-varela.jpg","contentUrl":"https:\/\/www.padreydecano.com\/cms\/wp-content\/uploads\/2021\/03\/guille-varela.jpg","width":930,"height":648},{"@type":"BreadcrumbList","@id":"https:\/\/www.padreydecano.com\/cms\/entrevistas\/guillermo-varela-no-nos-fue-bien-con-apuestas-personales\/#breadcrumb","itemListElement":[{"@type":"ListItem","position":1,"name":"Portada","item":"https:\/\/www.padreydecano.com\/cms\/"},{"@type":"ListItem","position":2,"name":"Guillermo Varela: \u201cNo nos fue bien con apuestas personales\u201d"}]},{"@type":"WebSite","@id":"https:\/\/www.padreydecano.com\/cms\/#website","url":"https:\/\/www.padreydecano.com\/cms\/","name":"Padre y Decano - El Sitio del Pueblo","description":"Club Atl\u00e9tico Pe\u00f1arol","publisher":{"@id":"https:\/\/www.padreydecano.com\/cms\/#organization"},"potentialAction":[{"@type":"SearchAction","target":{"@type":"EntryPoint","urlTemplate":"https:\/\/www.padreydecano.com\/cms\/?s={search_term_string}"},"query-input":"required name=search_term_string"}],"inLanguage":"es"},{"@type":"Organization","@id":"https:\/\/www.padreydecano.com\/cms\/#organization","name":"Padre y Decano","url":"https:\/\/www.padreydecano.com\/cms\/","logo":{"@type":"ImageObject","inLanguage":"es","@id":"https:\/\/www.padreydecano.com\/cms\/#\/schema\/logo\/image\/","url":"https:\/\/www.padreydecano.com\/cms\/wp-content\/uploads\/2022\/01\/avatar-square.png","contentUrl":"https:\/\/www.padreydecano.com\/cms\/wp-content\/uploads\/2022\/01\/avatar-square.png","width":1500,"height":1500,"caption":"Padre y Decano"},"image":{"@id":"https:\/\/www.padreydecano.com\/cms\/#\/schema\/logo\/image\/"}},{"@type":"Person","@id":"https:\/\/www.padreydecano.com\/cms\/#\/schema\/person\/d93e9e537230ae052c194251d9a1def2","name":"Moderador","image":{"@type":"ImageObject","inLanguage":"es","@id":"https:\/\/www.padreydecano.com\/cms\/#\/schema\/person\/image\/","url":"https:\/\/secure.gravatar.com\/avatar\/2587727bf8a53bd3da4ec49f01bea66e?s=96&d=https%3A%2F%2Fpadreydecano.com%2Fcms%2Fwp-content%2Fthemes%2Fpyd-theme%2Fimg%2Fdefault-avatar.png&r=g","contentUrl":"https:\/\/secure.gravatar.com\/avatar\/2587727bf8a53bd3da4ec49f01bea66e?s=96&d=https%3A%2F%2Fpadreydecano.com%2Fcms%2Fwp-content%2Fthemes%2Fpyd-theme%2Fimg%2Fdefault-avatar.png&r=g","caption":"Moderador"}}]}},"_links":{"self":[{"href":"https:\/\/www.padreydecano.com\/cms\/wp-json\/wp\/v2\/posts\/75521"}],"collection":[{"href":"https:\/\/www.padreydecano.com\/cms\/wp-json\/wp\/v2\/posts"}],"about":[{"href":"https:\/\/www.padreydecano.com\/cms\/wp-json\/wp\/v2\/types\/post"}],"author":[{"embeddable":true,"href":"https:\/\/www.padreydecano.com\/cms\/wp-json\/wp\/v2\/users\/13"}],"replies":[{"embeddable":true,"href":"https:\/\/www.padreydecano.com\/cms\/wp-json\/wp\/v2\/comments?post=75521"}],"version-history":[{"count":0,"href":"https:\/\/www.padreydecano.com\/cms\/wp-json\/wp\/v2\/posts\/75521\/revisions"}],"wp:featuredmedia":[{"embeddable":true,"href":"https:\/\/www.padreydecano.com\/cms\/wp-json\/wp\/v2\/media\/75522"}],"wp:attachment":[{"href":"https:\/\/www.padreydecano.com\/cms\/wp-json\/wp\/v2\/media?parent=75521"}],"wp:term":[{"taxonomy":"category","embeddable":true,"href":"https:\/\/www.padreydecano.com\/cms\/wp-json\/wp\/v2\/categories?post=75521"},{"taxonomy":"post_tag","embeddable":true,"href":"https:\/\/www.padreydecano.com\/cms\/wp-json\/wp\/v2\/tags?post=75521"}],"curies":[{"name":"wp","href":"https:\/\/api.w.org\/{rel}","templated":true}]}}