{"id":75517,"date":"2021-03-09T09:34:48","date_gmt":"2021-03-09T12:34:48","guid":{"rendered":"http:\/\/www.padreydecano.com\/cms\/?p=75517"},"modified":"2021-03-09T09:34:48","modified_gmt":"2021-03-09T12:34:48","slug":"giovanni-gonzalez-mi-cabeza-esta-en-penarol","status":"publish","type":"post","link":"https:\/\/www.padreydecano.com\/cms\/entrevistas\/giovanni-gonzalez-mi-cabeza-esta-en-penarol\/","title":{"rendered":"Giovanni Gonz\u00e1lez: \u201cMi cabeza est\u00e1 en Pe\u00f1arol\u201d"},"content":{"rendered":"<p><a href=\"https:\/\/www.padreydecano.com\/cms\/wp-content\/uploads\/2021\/03\/giovanni-gonzalez-belveder-verde-fluo.jpg\" rel=\"shadowbox[sbpost-75517];player=img;\"><img loading=\"lazy\" decoding=\"async\" class=\"aligncenter size-large wp-image-75518\" src=\"https:\/\/www.padreydecano.com\/cms\/wp-content\/uploads\/2021\/03\/giovanni-gonzalez-belveder-verde-fluo-1024x682.jpg\" alt=\"\" width=\"620\" height=\"413\" srcset=\"https:\/\/www.padreydecano.com\/cms\/wp-content\/uploads\/2021\/03\/giovanni-gonzalez-belveder-verde-fluo-1024x682.jpg 1024w, https:\/\/www.padreydecano.com\/cms\/wp-content\/uploads\/2021\/03\/giovanni-gonzalez-belveder-verde-fluo-600x400.jpg 600w, https:\/\/www.padreydecano.com\/cms\/wp-content\/uploads\/2021\/03\/giovanni-gonzalez-belveder-verde-fluo-768x512.jpg 768w, https:\/\/www.padreydecano.com\/cms\/wp-content\/uploads\/2021\/03\/giovanni-gonzalez-belveder-verde-fluo.jpg 1600w\" sizes=\"(max-width: 620px) 100vw, 620px\" \/><\/a><\/p>\n<p style=\"text-align: justify;\"><strong>Giovanni Gonz\u00e1lez, lateral y volante de Pe\u00f1arol, habl\u00f3 en <a href=\"https:\/\/www.padreydecano.com\/cms\/category\/pyd-radio\/\">Padre y Decano, Radio 1010 AM<\/a> sobre el equipo, los partidos que quedan para so\u00f1ar con el Torneo Clausura y su futuro. \u201cNo me quiero distraer\u201d, confes\u00f3.<\/strong><\/p>\n<p style=\"text-align: justify;\"><span style=\"color: #ffcc02;\"><strong>Posici\u00f3n:<\/strong><\/span> \u201cDesde un cl\u00e1sico con Memo L\u00f3pez que no jugaba de volante, pero me vengo adaptando muy bien. Los recorridos son diferentes\u00bb. Se refiere al cl\u00e1sico del Torneo Clausura 2018. Ezequiel Busquets jug\u00f3 de lateral derecho y Gio de volante, empate 1 a 1, gol de Lucas Viatri.<\/p>\n<p style=\"text-align: justify;\"><span style=\"color: #ffcc02;\"><strong>Contundencia:<\/strong><\/span> \u201cNos falta ser m\u00e1s eficaces en el \u00e1rea rival. Nos convierten pocos goles pero hay que ser efectivos. Estoy teniendo confianza, creyendo en mi mismo. He logrado meter alguna asistencia y goles\u201d.<\/p>\n<p style=\"text-align: justify;\"><span style=\"color: #ffcc02;\"><strong>Definici\u00f3n del t\u00edtulo:<\/strong><\/span> \u201cQuedan cuatro finales, dependemos de otros resultados pero debemos hacer nuestro trabajo. Pensar en ganar todo lo que queda. Me pierdo el partido ante Torque pero voy a apoyar desde afuera\u201d.<\/p>\n<p style=\"text-align: justify;\"><span style=\"color: #ffcc02;\"><strong>Futuro:<\/strong><\/span> \u201cMis representantes est\u00e1n trabajando en la renovaci\u00f3n de contrato pero yo tengo la cabeza en Pe\u00f1arol, no me quiero distraer y los partidos que vienen los tenemos que ganar\u201d.<\/p>\n<div class=\"user-wrapper\"><a class=\"userlink\" href=\"https:\/\/twitter.com\/wilsonmendez86\" target=\"_blank\"><figure><img decoding=\"async\" src=\"http:\/\/www.padreydecano.com\/cms\/wp-users-files\/postfirmas\/wilsonmendez86.jpg\" \/><\/figure><p class=\"user\"><strong>Wilson M&eacute;ndez<\/strong><br \/>@wilsonmendez86<\/p><\/a><\/div>\n","protected":false},"excerpt":{"rendered":"<p>Giovanni Gonz\u00e1lez, lateral y volante de Pe\u00f1arol, habl\u00f3 en Padre y Decano, Radio 1010 AM sobre el equipo, los partidos que quedan para so\u00f1ar con el Torneo Clausura y su futuro. \u201cNo me quiero distraer\u201d, confes\u00f3. Posici\u00f3n: \u201cDesde un cl\u00e1sico con Memo L\u00f3pez que no jugaba de volante, pero me vengo adaptando muy bien. Los [&hellip;]<\/p>\n","protected":false},"author":13,"featured_media":75518,"comment_status":"open","ping_status":"closed","sticky":false,"template":"","format":"standard","meta":{"footnotes":""},"categories":[30,196],"tags":[],"yoast_head":"<!-- This site is optimized with the Yoast SEO plugin v23.2 - https:\/\/yoast.com\/wordpress\/plugins\/seo\/ -->\n<title>Giovanni Gonz\u00e1lez: \u201cMi cabeza est\u00e1 en Pe\u00f1arol\u201d - Padre y Decano - El Sitio del Pueblo<\/title>\n<meta name=\"robots\" content=\"index, follow, max-snippet:-1, max-image-preview:large, max-video-preview:-1\" \/>\n<link rel=\"canonical\" href=\"https:\/\/www.padreydecano.com\/cms\/entrevistas\/giovanni-gonzalez-mi-cabeza-esta-en-penarol\/\" \/>\n<meta property=\"og:locale\" content=\"es_ES\" \/>\n<meta property=\"og:type\" content=\"article\" \/>\n<meta property=\"og:title\" content=\"Giovanni Gonz\u00e1lez: \u201cMi cabeza est\u00e1 en Pe\u00f1arol\u201d - Padre y Decano - El Sitio del Pueblo\" \/>\n<meta property=\"og:description\" content=\"Giovanni Gonz\u00e1lez, lateral y volante de Pe\u00f1arol, habl\u00f3 en Padre y Decano, Radio 1010 AM sobre el equipo, los partidos que quedan para so\u00f1ar con el Torneo Clausura y su futuro. \u201cNo me quiero distraer\u201d, confes\u00f3. Posici\u00f3n: \u201cDesde un cl\u00e1sico con Memo L\u00f3pez que no jugaba de volante, pero me vengo adaptando muy bien. Los [&hellip;]\" \/>\n<meta property=\"og:url\" content=\"https:\/\/www.padreydecano.com\/cms\/entrevistas\/giovanni-gonzalez-mi-cabeza-esta-en-penarol\/\" \/>\n<meta property=\"og:site_name\" content=\"Padre y Decano - El Sitio del Pueblo\" \/>\n<meta property=\"article:published_time\" content=\"2021-03-09T12:34:48+00:00\" \/>\n<meta property=\"og:image\" content=\"https:\/\/www.padreydecano.com\/cms\/wp-content\/uploads\/2021\/03\/giovanni-gonzalez-belveder-verde-fluo.jpg\" \/>\n\t<meta property=\"og:image:width\" content=\"1600\" \/>\n\t<meta property=\"og:image:height\" content=\"1066\" \/>\n\t<meta property=\"og:image:type\" content=\"image\/jpeg\" \/>\n<meta name=\"author\" content=\"Moderador\" \/>\n<meta name=\"twitter:card\" content=\"summary_large_image\" \/>\n<meta name=\"twitter:label1\" content=\"Escrito por\" \/>\n\t<meta name=\"twitter:data1\" content=\"Moderador\" \/>\n\t<meta name=\"twitter:label2\" content=\"Tiempo de lectura\" \/>\n\t<meta name=\"twitter:data2\" content=\"1 minuto\" \/>\n<script type=\"application\/ld+json\" class=\"yoast-schema-graph\">{\"@context\":\"https:\/\/schema.org\",\"@graph\":[{\"@type\":\"Article\",\"@id\":\"https:\/\/www.padreydecano.com\/cms\/entrevistas\/giovanni-gonzalez-mi-cabeza-esta-en-penarol\/#article\",\"isPartOf\":{\"@id\":\"https:\/\/www.padreydecano.com\/cms\/entrevistas\/giovanni-gonzalez-mi-cabeza-esta-en-penarol\/\"},\"author\":{\"name\":\"Moderador\",\"@id\":\"https:\/\/www.padreydecano.com\/cms\/#\/schema\/person\/d93e9e537230ae052c194251d9a1def2\"},\"headline\":\"Giovanni Gonz\u00e1lez: \u201cMi cabeza est\u00e1 en Pe\u00f1arol\u201d\",\"datePublished\":\"2021-03-09T12:34:48+00:00\",\"dateModified\":\"2021-03-09T12:34:48+00:00\",\"mainEntityOfPage\":{\"@id\":\"https:\/\/www.padreydecano.com\/cms\/entrevistas\/giovanni-gonzalez-mi-cabeza-esta-en-penarol\/\"},\"wordCount\":200,\"commentCount\":9,\"publisher\":{\"@id\":\"https:\/\/www.padreydecano.com\/cms\/#organization\"},\"image\":{\"@id\":\"https:\/\/www.padreydecano.com\/cms\/entrevistas\/giovanni-gonzalez-mi-cabeza-esta-en-penarol\/#primaryimage\"},\"thumbnailUrl\":\"https:\/\/www.padreydecano.com\/cms\/wp-content\/uploads\/2021\/03\/giovanni-gonzalez-belveder-verde-fluo.jpg\",\"articleSection\":[\"Entrevistas\",\"PYD Radio\"],\"inLanguage\":\"es\",\"potentialAction\":[{\"@type\":\"CommentAction\",\"name\":\"Comment\",\"target\":[\"https:\/\/www.padreydecano.com\/cms\/entrevistas\/giovanni-gonzalez-mi-cabeza-esta-en-penarol\/#respond\"]}]},{\"@type\":\"WebPage\",\"@id\":\"https:\/\/www.padreydecano.com\/cms\/entrevistas\/giovanni-gonzalez-mi-cabeza-esta-en-penarol\/\",\"url\":\"https:\/\/www.padreydecano.com\/cms\/entrevistas\/giovanni-gonzalez-mi-cabeza-esta-en-penarol\/\",\"name\":\"Giovanni Gonz\u00e1lez: \u201cMi cabeza est\u00e1 en Pe\u00f1arol\u201d - Padre y Decano - El Sitio del Pueblo\",\"isPartOf\":{\"@id\":\"https:\/\/www.padreydecano.com\/cms\/#website\"},\"primaryImageOfPage\":{\"@id\":\"https:\/\/www.padreydecano.com\/cms\/entrevistas\/giovanni-gonzalez-mi-cabeza-esta-en-penarol\/#primaryimage\"},\"image\":{\"@id\":\"https:\/\/www.padreydecano.com\/cms\/entrevistas\/giovanni-gonzalez-mi-cabeza-esta-en-penarol\/#primaryimage\"},\"thumbnailUrl\":\"https:\/\/www.padreydecano.com\/cms\/wp-content\/uploads\/2021\/03\/giovanni-gonzalez-belveder-verde-fluo.jpg\",\"datePublished\":\"2021-03-09T12:34:48+00:00\",\"dateModified\":\"2021-03-09T12:34:48+00:00\",\"breadcrumb\":{\"@id\":\"https:\/\/www.padreydecano.com\/cms\/entrevistas\/giovanni-gonzalez-mi-cabeza-esta-en-penarol\/#breadcrumb\"},\"inLanguage\":\"es\",\"potentialAction\":[{\"@type\":\"ReadAction\",\"target\":[\"https:\/\/www.padreydecano.com\/cms\/entrevistas\/giovanni-gonzalez-mi-cabeza-esta-en-penarol\/\"]}]},{\"@type\":\"ImageObject\",\"inLanguage\":\"es\",\"@id\":\"https:\/\/www.padreydecano.com\/cms\/entrevistas\/giovanni-gonzalez-mi-cabeza-esta-en-penarol\/#primaryimage\",\"url\":\"https:\/\/www.padreydecano.com\/cms\/wp-content\/uploads\/2021\/03\/giovanni-gonzalez-belveder-verde-fluo.jpg\",\"contentUrl\":\"https:\/\/www.padreydecano.com\/cms\/wp-content\/uploads\/2021\/03\/giovanni-gonzalez-belveder-verde-fluo.jpg\",\"width\":1600,\"height\":1066},{\"@type\":\"BreadcrumbList\",\"@id\":\"https:\/\/www.padreydecano.com\/cms\/entrevistas\/giovanni-gonzalez-mi-cabeza-esta-en-penarol\/#breadcrumb\",\"itemListElement\":[{\"@type\":\"ListItem\",\"position\":1,\"name\":\"Portada\",\"item\":\"https:\/\/www.padreydecano.com\/cms\/\"},{\"@type\":\"ListItem\",\"position\":2,\"name\":\"Giovanni Gonz\u00e1lez: \u201cMi cabeza est\u00e1 en Pe\u00f1arol\u201d\"}]},{\"@type\":\"WebSite\",\"@id\":\"https:\/\/www.padreydecano.com\/cms\/#website\",\"url\":\"https:\/\/www.padreydecano.com\/cms\/\",\"name\":\"Padre y Decano - El Sitio del Pueblo\",\"description\":\"Club Atl\u00e9tico Pe\u00f1arol\",\"publisher\":{\"@id\":\"https:\/\/www.padreydecano.com\/cms\/#organization\"},\"potentialAction\":[{\"@type\":\"SearchAction\",\"target\":{\"@type\":\"EntryPoint\",\"urlTemplate\":\"https:\/\/www.padreydecano.com\/cms\/?s={search_term_string}\"},\"query-input\":\"required name=search_term_string\"}],\"inLanguage\":\"es\"},{\"@type\":\"Organization\",\"@id\":\"https:\/\/www.padreydecano.com\/cms\/#organization\",\"name\":\"Padre y Decano\",\"url\":\"https:\/\/www.padreydecano.com\/cms\/\",\"logo\":{\"@type\":\"ImageObject\",\"inLanguage\":\"es\",\"@id\":\"https:\/\/www.padreydecano.com\/cms\/#\/schema\/logo\/image\/\",\"url\":\"https:\/\/www.padreydecano.com\/cms\/wp-content\/uploads\/2022\/01\/avatar-square.png\",\"contentUrl\":\"https:\/\/www.padreydecano.com\/cms\/wp-content\/uploads\/2022\/01\/avatar-square.png\",\"width\":1500,\"height\":1500,\"caption\":\"Padre y Decano\"},\"image\":{\"@id\":\"https:\/\/www.padreydecano.com\/cms\/#\/schema\/logo\/image\/\"}},{\"@type\":\"Person\",\"@id\":\"https:\/\/www.padreydecano.com\/cms\/#\/schema\/person\/d93e9e537230ae052c194251d9a1def2\",\"name\":\"Moderador\",\"image\":{\"@type\":\"ImageObject\",\"inLanguage\":\"es\",\"@id\":\"https:\/\/www.padreydecano.com\/cms\/#\/schema\/person\/image\/\",\"url\":\"https:\/\/secure.gravatar.com\/avatar\/2587727bf8a53bd3da4ec49f01bea66e?s=96&d=https%3A%2F%2Fpadreydecano.com%2Fcms%2Fwp-content%2Fthemes%2Fpyd-theme%2Fimg%2Fdefault-avatar.png&r=g\",\"contentUrl\":\"https:\/\/secure.gravatar.com\/avatar\/2587727bf8a53bd3da4ec49f01bea66e?s=96&d=https%3A%2F%2Fpadreydecano.com%2Fcms%2Fwp-content%2Fthemes%2Fpyd-theme%2Fimg%2Fdefault-avatar.png&r=g\",\"caption\":\"Moderador\"}}]}<\/script>\n<!-- \/ Yoast SEO plugin. -->","yoast_head_json":{"title":"Giovanni Gonz\u00e1lez: \u201cMi cabeza est\u00e1 en Pe\u00f1arol\u201d - Padre y Decano - El Sitio del Pueblo","robots":{"index":"index","follow":"follow","max-snippet":"max-snippet:-1","max-image-preview":"max-image-preview:large","max-video-preview":"max-video-preview:-1"},"canonical":"https:\/\/www.padreydecano.com\/cms\/entrevistas\/giovanni-gonzalez-mi-cabeza-esta-en-penarol\/","og_locale":"es_ES","og_type":"article","og_title":"Giovanni Gonz\u00e1lez: \u201cMi cabeza est\u00e1 en Pe\u00f1arol\u201d - Padre y Decano - El Sitio del Pueblo","og_description":"Giovanni Gonz\u00e1lez, lateral y volante de Pe\u00f1arol, habl\u00f3 en Padre y Decano, Radio 1010 AM sobre el equipo, los partidos que quedan para so\u00f1ar con el Torneo Clausura y su futuro. \u201cNo me quiero distraer\u201d, confes\u00f3. Posici\u00f3n: \u201cDesde un cl\u00e1sico con Memo L\u00f3pez que no jugaba de volante, pero me vengo adaptando muy bien. Los [&hellip;]","og_url":"https:\/\/www.padreydecano.com\/cms\/entrevistas\/giovanni-gonzalez-mi-cabeza-esta-en-penarol\/","og_site_name":"Padre y Decano - El Sitio del Pueblo","article_published_time":"2021-03-09T12:34:48+00:00","og_image":[{"width":1600,"height":1066,"url":"https:\/\/www.padreydecano.com\/cms\/wp-content\/uploads\/2021\/03\/giovanni-gonzalez-belveder-verde-fluo.jpg","type":"image\/jpeg"}],"author":"Moderador","twitter_card":"summary_large_image","twitter_misc":{"Escrito por":"Moderador","Tiempo de lectura":"1 minuto"},"schema":{"@context":"https:\/\/schema.org","@graph":[{"@type":"Article","@id":"https:\/\/www.padreydecano.com\/cms\/entrevistas\/giovanni-gonzalez-mi-cabeza-esta-en-penarol\/#article","isPartOf":{"@id":"https:\/\/www.padreydecano.com\/cms\/entrevistas\/giovanni-gonzalez-mi-cabeza-esta-en-penarol\/"},"author":{"name":"Moderador","@id":"https:\/\/www.padreydecano.com\/cms\/#\/schema\/person\/d93e9e537230ae052c194251d9a1def2"},"headline":"Giovanni Gonz\u00e1lez: \u201cMi cabeza est\u00e1 en Pe\u00f1arol\u201d","datePublished":"2021-03-09T12:34:48+00:00","dateModified":"2021-03-09T12:34:48+00:00","mainEntityOfPage":{"@id":"https:\/\/www.padreydecano.com\/cms\/entrevistas\/giovanni-gonzalez-mi-cabeza-esta-en-penarol\/"},"wordCount":200,"commentCount":9,"publisher":{"@id":"https:\/\/www.padreydecano.com\/cms\/#organization"},"image":{"@id":"https:\/\/www.padreydecano.com\/cms\/entrevistas\/giovanni-gonzalez-mi-cabeza-esta-en-penarol\/#primaryimage"},"thumbnailUrl":"https:\/\/www.padreydecano.com\/cms\/wp-content\/uploads\/2021\/03\/giovanni-gonzalez-belveder-verde-fluo.jpg","articleSection":["Entrevistas","PYD Radio"],"inLanguage":"es","potentialAction":[{"@type":"CommentAction","name":"Comment","target":["https:\/\/www.padreydecano.com\/cms\/entrevistas\/giovanni-gonzalez-mi-cabeza-esta-en-penarol\/#respond"]}]},{"@type":"WebPage","@id":"https:\/\/www.padreydecano.com\/cms\/entrevistas\/giovanni-gonzalez-mi-cabeza-esta-en-penarol\/","url":"https:\/\/www.padreydecano.com\/cms\/entrevistas\/giovanni-gonzalez-mi-cabeza-esta-en-penarol\/","name":"Giovanni Gonz\u00e1lez: \u201cMi cabeza est\u00e1 en Pe\u00f1arol\u201d - Padre y Decano - El Sitio del Pueblo","isPartOf":{"@id":"https:\/\/www.padreydecano.com\/cms\/#website"},"primaryImageOfPage":{"@id":"https:\/\/www.padreydecano.com\/cms\/entrevistas\/giovanni-gonzalez-mi-cabeza-esta-en-penarol\/#primaryimage"},"image":{"@id":"https:\/\/www.padreydecano.com\/cms\/entrevistas\/giovanni-gonzalez-mi-cabeza-esta-en-penarol\/#primaryimage"},"thumbnailUrl":"https:\/\/www.padreydecano.com\/cms\/wp-content\/uploads\/2021\/03\/giovanni-gonzalez-belveder-verde-fluo.jpg","datePublished":"2021-03-09T12:34:48+00:00","dateModified":"2021-03-09T12:34:48+00:00","breadcrumb":{"@id":"https:\/\/www.padreydecano.com\/cms\/entrevistas\/giovanni-gonzalez-mi-cabeza-esta-en-penarol\/#breadcrumb"},"inLanguage":"es","potentialAction":[{"@type":"ReadAction","target":["https:\/\/www.padreydecano.com\/cms\/entrevistas\/giovanni-gonzalez-mi-cabeza-esta-en-penarol\/"]}]},{"@type":"ImageObject","inLanguage":"es","@id":"https:\/\/www.padreydecano.com\/cms\/entrevistas\/giovanni-gonzalez-mi-cabeza-esta-en-penarol\/#primaryimage","url":"https:\/\/www.padreydecano.com\/cms\/wp-content\/uploads\/2021\/03\/giovanni-gonzalez-belveder-verde-fluo.jpg","contentUrl":"https:\/\/www.padreydecano.com\/cms\/wp-content\/uploads\/2021\/03\/giovanni-gonzalez-belveder-verde-fluo.jpg","width":1600,"height":1066},{"@type":"BreadcrumbList","@id":"https:\/\/www.padreydecano.com\/cms\/entrevistas\/giovanni-gonzalez-mi-cabeza-esta-en-penarol\/#breadcrumb","itemListElement":[{"@type":"ListItem","position":1,"name":"Portada","item":"https:\/\/www.padreydecano.com\/cms\/"},{"@type":"ListItem","position":2,"name":"Giovanni Gonz\u00e1lez: \u201cMi cabeza est\u00e1 en Pe\u00f1arol\u201d"}]},{"@type":"WebSite","@id":"https:\/\/www.padreydecano.com\/cms\/#website","url":"https:\/\/www.padreydecano.com\/cms\/","name":"Padre y Decano - El Sitio del Pueblo","description":"Club Atl\u00e9tico Pe\u00f1arol","publisher":{"@id":"https:\/\/www.padreydecano.com\/cms\/#organization"},"potentialAction":[{"@type":"SearchAction","target":{"@type":"EntryPoint","urlTemplate":"https:\/\/www.padreydecano.com\/cms\/?s={search_term_string}"},"query-input":"required name=search_term_string"}],"inLanguage":"es"},{"@type":"Organization","@id":"https:\/\/www.padreydecano.com\/cms\/#organization","name":"Padre y Decano","url":"https:\/\/www.padreydecano.com\/cms\/","logo":{"@type":"ImageObject","inLanguage":"es","@id":"https:\/\/www.padreydecano.com\/cms\/#\/schema\/logo\/image\/","url":"https:\/\/www.padreydecano.com\/cms\/wp-content\/uploads\/2022\/01\/avatar-square.png","contentUrl":"https:\/\/www.padreydecano.com\/cms\/wp-content\/uploads\/2022\/01\/avatar-square.png","width":1500,"height":1500,"caption":"Padre y Decano"},"image":{"@id":"https:\/\/www.padreydecano.com\/cms\/#\/schema\/logo\/image\/"}},{"@type":"Person","@id":"https:\/\/www.padreydecano.com\/cms\/#\/schema\/person\/d93e9e537230ae052c194251d9a1def2","name":"Moderador","image":{"@type":"ImageObject","inLanguage":"es","@id":"https:\/\/www.padreydecano.com\/cms\/#\/schema\/person\/image\/","url":"https:\/\/secure.gravatar.com\/avatar\/2587727bf8a53bd3da4ec49f01bea66e?s=96&d=https%3A%2F%2Fpadreydecano.com%2Fcms%2Fwp-content%2Fthemes%2Fpyd-theme%2Fimg%2Fdefault-avatar.png&r=g","contentUrl":"https:\/\/secure.gravatar.com\/avatar\/2587727bf8a53bd3da4ec49f01bea66e?s=96&d=https%3A%2F%2Fpadreydecano.com%2Fcms%2Fwp-content%2Fthemes%2Fpyd-theme%2Fimg%2Fdefault-avatar.png&r=g","caption":"Moderador"}}]}},"_links":{"self":[{"href":"https:\/\/www.padreydecano.com\/cms\/wp-json\/wp\/v2\/posts\/75517"}],"collection":[{"href":"https:\/\/www.padreydecano.com\/cms\/wp-json\/wp\/v2\/posts"}],"about":[{"href":"https:\/\/www.padreydecano.com\/cms\/wp-json\/wp\/v2\/types\/post"}],"author":[{"embeddable":true,"href":"https:\/\/www.padreydecano.com\/cms\/wp-json\/wp\/v2\/users\/13"}],"replies":[{"embeddable":true,"href":"https:\/\/www.padreydecano.com\/cms\/wp-json\/wp\/v2\/comments?post=75517"}],"version-history":[{"count":0,"href":"https:\/\/www.padreydecano.com\/cms\/wp-json\/wp\/v2\/posts\/75517\/revisions"}],"wp:featuredmedia":[{"embeddable":true,"href":"https:\/\/www.padreydecano.com\/cms\/wp-json\/wp\/v2\/media\/75518"}],"wp:attachment":[{"href":"https:\/\/www.padreydecano.com\/cms\/wp-json\/wp\/v2\/media?parent=75517"}],"wp:term":[{"taxonomy":"category","embeddable":true,"href":"https:\/\/www.padreydecano.com\/cms\/wp-json\/wp\/v2\/categories?post=75517"},{"taxonomy":"post_tag","embeddable":true,"href":"https:\/\/www.padreydecano.com\/cms\/wp-json\/wp\/v2\/tags?post=75517"}],"curies":[{"name":"wp","href":"https:\/\/api.w.org\/{rel}","templated":true}]}}