{"id":75463,"date":"2021-02-25T21:17:21","date_gmt":"2021-02-26T00:17:21","guid":{"rendered":"http:\/\/www.padreydecano.com\/cms\/?p=75463"},"modified":"2021-02-26T19:02:06","modified_gmt":"2021-02-26T22:02:06","slug":"cuchilla-en-mano","status":"publish","type":"post","link":"https:\/\/www.padreydecano.com\/cms\/noticias\/cuchilla-en-mano\/","title":{"rendered":"Cuchilla en mano"},"content":{"rendered":"<p><a href=\"https:\/\/www.padreydecano.com\/cms\/wp-content\/uploads\/2019\/10\/WhatsApp-Image-2019-10-06-at-21.30.13.jpeg\" rel=\"shadowbox[sbpost-75463];player=img;\"><img loading=\"lazy\" decoding=\"async\" class=\"aligncenter size-full wp-image-71974\" src=\"https:\/\/www.padreydecano.com\/cms\/wp-content\/uploads\/2019\/10\/WhatsApp-Image-2019-10-06-at-21.30.13.jpeg\" alt=\"\" width=\"1599\" height=\"1066\" srcset=\"https:\/\/www.padreydecano.com\/cms\/wp-content\/uploads\/2019\/10\/WhatsApp-Image-2019-10-06-at-21.30.13.jpeg 1599w, https:\/\/www.padreydecano.com\/cms\/wp-content\/uploads\/2019\/10\/WhatsApp-Image-2019-10-06-at-21.30.13-600x400.jpeg 600w, https:\/\/www.padreydecano.com\/cms\/wp-content\/uploads\/2019\/10\/WhatsApp-Image-2019-10-06-at-21.30.13-768x512.jpeg 768w, https:\/\/www.padreydecano.com\/cms\/wp-content\/uploads\/2019\/10\/WhatsApp-Image-2019-10-06-at-21.30.13-1024x683.jpeg 1024w\" sizes=\"(max-width: 1599px) 100vw, 1599px\" \/><\/a><\/p>\n<p><strong>Pe\u00f1arol visitar\u00e1 el pr\u00f3ximo viernes a Liverpool por la d\u00e9cima fecha del Torneo Clausura. A las 17:00 horas y en el Estadio Belvedere, el Carbonero se medir\u00e1 frente al l\u00edder del Torneo, en lo que ser\u00e1 un partido vital para el futuro del campeonato. El partido ser\u00e1 televisado por VTV.<\/strong><\/p>\n<p style=\"text-align: justify;\">Una final adelantada. Todo o nada. As\u00ed podr\u00edamos definir el encuentro entre el Negriazul y el Mirasol. Una victoria del equipo de Mauricio Larriera le permitir\u00eda escalar posiciones y no perder pisada en la tabla del Torneo Clausura, como a su vez en la Tabla Anual. En caso de no sumar de a 3, es pr\u00e1cticamente un adi\u00f3s al Campeonato Uruguayo.<\/p>\n<p style=\"text-align: justify;\"><span style=\"color: #ffcc00;\"><strong>Equipo probable<\/strong><\/span><\/p>\n<p style=\"text-align: justify;\">Kevin Dawson; Juan Acosta, Fabricio Formiliano, Gary Kagelmacher, Joaqu\u00edn Piquerez; Giovanni Gonz\u00e1lez, Jes\u00fas Trindade, Agust\u00edn \u00c1lvarez Wallace, Facundo Torres; Mat\u00edas Britos y Agust\u00edn \u00c1lvarez.<\/p>\n<p style=\"text-align: justify;\"><span style=\"color: #ffcc00;\"><strong>Gargano lleg\u00f3 a las 5<\/strong><\/span><\/p>\n<p style=\"text-align: justify;\">Walter Gargano recibi\u00f3 la quinta amarilla frente al Bohemio y deber\u00e1 cumplir con la sanci\u00f3n. En principio, su lugar ser\u00e1 ocupado por Agust\u00edn \u00c1lvarez Wallace.<\/p>\n<p style=\"text-align: justify;\"><span style=\"color: #ffcc00;\"><strong>\u00bfC\u00f3mo vienen ambos?<\/strong><\/span><\/p>\n<p style=\"text-align: justify;\">Pe\u00f1arol viene de vencer a Wanderers por 1 a 0 con gol de Facundo Torres. Tres puntos valiosos y trabajados en el Parque Viera, donde el Carbonero mostr\u00f3 pasajes de buen f\u00fatbol, generando varias situaciones de gol en relaci\u00f3n a partidos anteriores. Con 16 puntos, se posiciona en la cuarta ubicaci\u00f3n del Torneo Clausura.<\/p>\n<p style=\"text-align: justify;\">Por su parte, el local, viene en un dulce momento. L\u00edder del clausura con 21 unidades, y en la pasada jornada por Copa Libertadores, derrot\u00f3 a Universidad Cat\u00f3lica (ECU) por 2 a 1 en condici\u00f3n de local, logrando el primer triunfo en el torneo intercontinental.<\/p>\n<p style=\"text-align: justify;\"><span style=\"color: #ffcc00;\"><strong>\u00daltimos 5 antecedentes entre ambos:<\/strong><\/span><\/p>\n<p style=\"text-align: justify;\"><strong>Torneo Apertura 2018<\/strong>: <span style=\"color: #ffcc00;\"><strong>Pe\u00f1arol<\/strong> <\/span>2 \u2013 1 Liverpool<br \/>\n<strong>Torneo Clausura 2018:<\/strong> Liverpool 2 \u2013 4 <span style=\"color: #ffcc00;\"><strong>Pe\u00f1arol<\/strong><\/span><br \/>\n<strong>Torneo Apertura 2019:<\/strong> <span style=\"color: #ffcc00;\"><strong>Pe\u00f1arol<\/strong> <\/span>1 \u2013 0 Liverpool<br \/>\n<strong>Torneo Clausura 2019:<\/strong> Liverpool 1 \u2013 0 <span style=\"color: #ffcc00;\"><strong>Pe\u00f1arol<\/strong><\/span><br \/>\n<strong>Torneo Apertura 2020:<\/strong> <span style=\"color: #ffcc00;\"><strong>Pe\u00f1arol<\/strong> <\/span>3 \u2013 2 Liverpool<\/p>\n<p style=\"text-align: justify;\"><span style=\"color: #ffcc00;\"><strong>\u00c1rbitros<\/strong><\/span><\/p>\n<p style=\"text-align: justify;\">Andr\u00e9s Matonte ser\u00e1 el \u00e1rbitro principal del partido. Horacio Ferreiro y Marcelo Alonso los acompa\u00f1ar\u00e1n en las l\u00edneas, mientras que Daniel Rodr\u00edguez fue designado cuarto \u00e1rbitro.<\/p>\n<p style=\"text-align: justify;\"><span style=\"color: #ffcc00;\"><strong>Recta final<\/strong><\/span><\/p>\n<p style=\"text-align: justify;\">\u00bfQu\u00e9 le queda a Pe\u00f1arol? \u00bfY a sus rivales? \u00a1Repasa haciendo click<strong>\u00a0<a href=\"https:\/\/www.padreydecano.com\/cms\/noticias\/con-calculadora-en-mano\/\" target=\"_blank\" rel=\"noopener\">aqu\u00ed<\/a>!<\/strong><\/p>\n<div class=\"user-wrapper\"><a class=\"userlink\" href=\"https:\/\/twitter.com\/mathiaastilve\" target=\"_blank\"><figure><img decoding=\"async\" src=\"http:\/\/www.padreydecano.com\/cms\/wp-users-files\/postfirmas\/mathiastilve.jpg\" \/><\/figure><p class=\"user\"><strong>Mathias Tilve<\/strong><br \/>@mathiaastilve<\/p><\/a><\/div>\n","protected":false},"excerpt":{"rendered":"<p>Pe\u00f1arol visitar\u00e1 el pr\u00f3ximo viernes a Liverpool por la d\u00e9cima fecha del Torneo Clausura. A las 17:00 horas y en el Estadio Belvedere, el Carbonero se medir\u00e1 frente al l\u00edder del Torneo, en lo que ser\u00e1 un partido vital para el futuro del campeonato. El partido ser\u00e1 televisado por VTV. Una final adelantada. Todo o [&hellip;]<\/p>\n","protected":false},"author":30,"featured_media":66133,"comment_status":"open","ping_status":"closed","sticky":false,"template":"","format":"standard","meta":{"footnotes":""},"categories":[1],"tags":[489],"yoast_head":"<!-- This site is optimized with the Yoast SEO plugin v23.2 - https:\/\/yoast.com\/wordpress\/plugins\/seo\/ -->\n<title>Cuchilla en mano - Padre y Decano - El Sitio del Pueblo<\/title>\n<meta name=\"robots\" content=\"index, follow, max-snippet:-1, max-image-preview:large, max-video-preview:-1\" \/>\n<link rel=\"canonical\" href=\"https:\/\/www.padreydecano.com\/cms\/noticias\/cuchilla-en-mano\/\" \/>\n<meta property=\"og:locale\" content=\"es_ES\" \/>\n<meta property=\"og:type\" content=\"article\" \/>\n<meta property=\"og:title\" content=\"Cuchilla en mano - Padre y Decano - El Sitio del Pueblo\" \/>\n<meta property=\"og:description\" content=\"Pe\u00f1arol visitar\u00e1 el pr\u00f3ximo viernes a Liverpool por la d\u00e9cima fecha del Torneo Clausura. A las 17:00 horas y en el Estadio Belvedere, el Carbonero se medir\u00e1 frente al l\u00edder del Torneo, en lo que ser\u00e1 un partido vital para el futuro del campeonato. El partido ser\u00e1 televisado por VTV. Una final adelantada. Todo o [&hellip;]\" \/>\n<meta property=\"og:url\" content=\"https:\/\/www.padreydecano.com\/cms\/noticias\/cuchilla-en-mano\/\" \/>\n<meta property=\"og:site_name\" content=\"Padre y Decano - El Sitio del Pueblo\" \/>\n<meta property=\"article:published_time\" content=\"2021-02-26T00:17:21+00:00\" \/>\n<meta property=\"article:modified_time\" content=\"2021-02-26T22:02:06+00:00\" \/>\n<meta property=\"og:image\" content=\"https:\/\/www.padreydecano.com\/cms\/wp-content\/uploads\/2018\/02\/expulsion-lucas-hernandez-penarol-liverpool-apertura-2018-foto-mariano-alvez-33.jpg\" \/>\n\t<meta property=\"og:image:width\" content=\"1100\" \/>\n\t<meta property=\"og:image:height\" content=\"734\" \/>\n\t<meta property=\"og:image:type\" content=\"image\/jpeg\" \/>\n<meta name=\"author\" content=\"Udelar\" \/>\n<meta name=\"twitter:card\" content=\"summary_large_image\" \/>\n<meta name=\"twitter:label1\" content=\"Escrito por\" \/>\n\t<meta name=\"twitter:data1\" content=\"Udelar\" \/>\n\t<meta name=\"twitter:label2\" content=\"Tiempo de lectura\" \/>\n\t<meta name=\"twitter:data2\" content=\"2 minutos\" \/>\n<script type=\"application\/ld+json\" class=\"yoast-schema-graph\">{\"@context\":\"https:\/\/schema.org\",\"@graph\":[{\"@type\":\"Article\",\"@id\":\"https:\/\/www.padreydecano.com\/cms\/noticias\/cuchilla-en-mano\/#article\",\"isPartOf\":{\"@id\":\"https:\/\/www.padreydecano.com\/cms\/noticias\/cuchilla-en-mano\/\"},\"author\":{\"name\":\"Udelar\",\"@id\":\"https:\/\/www.padreydecano.com\/cms\/#\/schema\/person\/b22191326be6d1c7fa55c2ad137a9a32\"},\"headline\":\"Cuchilla en mano\",\"datePublished\":\"2021-02-26T00:17:21+00:00\",\"dateModified\":\"2021-02-26T22:02:06+00:00\",\"mainEntityOfPage\":{\"@id\":\"https:\/\/www.padreydecano.com\/cms\/noticias\/cuchilla-en-mano\/\"},\"wordCount\":365,\"commentCount\":19,\"publisher\":{\"@id\":\"https:\/\/www.padreydecano.com\/cms\/#organization\"},\"image\":{\"@id\":\"https:\/\/www.padreydecano.com\/cms\/noticias\/cuchilla-en-mano\/#primaryimage\"},\"thumbnailUrl\":\"https:\/\/www.padreydecano.com\/cms\/wp-content\/uploads\/2018\/02\/expulsion-lucas-hernandez-penarol-liverpool-apertura-2018-foto-mariano-alvez-33.jpg\",\"keywords\":[\"Torneo Clausura 2020\"],\"articleSection\":[\"Noticias\"],\"inLanguage\":\"es\",\"potentialAction\":[{\"@type\":\"CommentAction\",\"name\":\"Comment\",\"target\":[\"https:\/\/www.padreydecano.com\/cms\/noticias\/cuchilla-en-mano\/#respond\"]}]},{\"@type\":\"WebPage\",\"@id\":\"https:\/\/www.padreydecano.com\/cms\/noticias\/cuchilla-en-mano\/\",\"url\":\"https:\/\/www.padreydecano.com\/cms\/noticias\/cuchilla-en-mano\/\",\"name\":\"Cuchilla en mano - Padre y Decano - El Sitio del Pueblo\",\"isPartOf\":{\"@id\":\"https:\/\/www.padreydecano.com\/cms\/#website\"},\"primaryImageOfPage\":{\"@id\":\"https:\/\/www.padreydecano.com\/cms\/noticias\/cuchilla-en-mano\/#primaryimage\"},\"image\":{\"@id\":\"https:\/\/www.padreydecano.com\/cms\/noticias\/cuchilla-en-mano\/#primaryimage\"},\"thumbnailUrl\":\"https:\/\/www.padreydecano.com\/cms\/wp-content\/uploads\/2018\/02\/expulsion-lucas-hernandez-penarol-liverpool-apertura-2018-foto-mariano-alvez-33.jpg\",\"datePublished\":\"2021-02-26T00:17:21+00:00\",\"dateModified\":\"2021-02-26T22:02:06+00:00\",\"breadcrumb\":{\"@id\":\"https:\/\/www.padreydecano.com\/cms\/noticias\/cuchilla-en-mano\/#breadcrumb\"},\"inLanguage\":\"es\",\"potentialAction\":[{\"@type\":\"ReadAction\",\"target\":[\"https:\/\/www.padreydecano.com\/cms\/noticias\/cuchilla-en-mano\/\"]}]},{\"@type\":\"ImageObject\",\"inLanguage\":\"es\",\"@id\":\"https:\/\/www.padreydecano.com\/cms\/noticias\/cuchilla-en-mano\/#primaryimage\",\"url\":\"https:\/\/www.padreydecano.com\/cms\/wp-content\/uploads\/2018\/02\/expulsion-lucas-hernandez-penarol-liverpool-apertura-2018-foto-mariano-alvez-33.jpg\",\"contentUrl\":\"https:\/\/www.padreydecano.com\/cms\/wp-content\/uploads\/2018\/02\/expulsion-lucas-hernandez-penarol-liverpool-apertura-2018-foto-mariano-alvez-33.jpg\",\"width\":1100,\"height\":734},{\"@type\":\"BreadcrumbList\",\"@id\":\"https:\/\/www.padreydecano.com\/cms\/noticias\/cuchilla-en-mano\/#breadcrumb\",\"itemListElement\":[{\"@type\":\"ListItem\",\"position\":1,\"name\":\"Portada\",\"item\":\"https:\/\/www.padreydecano.com\/cms\/\"},{\"@type\":\"ListItem\",\"position\":2,\"name\":\"Cuchilla en mano\"}]},{\"@type\":\"WebSite\",\"@id\":\"https:\/\/www.padreydecano.com\/cms\/#website\",\"url\":\"https:\/\/www.padreydecano.com\/cms\/\",\"name\":\"Padre y Decano - El Sitio del Pueblo\",\"description\":\"Club Atl\u00e9tico Pe\u00f1arol\",\"publisher\":{\"@id\":\"https:\/\/www.padreydecano.com\/cms\/#organization\"},\"potentialAction\":[{\"@type\":\"SearchAction\",\"target\":{\"@type\":\"EntryPoint\",\"urlTemplate\":\"https:\/\/www.padreydecano.com\/cms\/?s={search_term_string}\"},\"query-input\":\"required name=search_term_string\"}],\"inLanguage\":\"es\"},{\"@type\":\"Organization\",\"@id\":\"https:\/\/www.padreydecano.com\/cms\/#organization\",\"name\":\"Padre y Decano\",\"url\":\"https:\/\/www.padreydecano.com\/cms\/\",\"logo\":{\"@type\":\"ImageObject\",\"inLanguage\":\"es\",\"@id\":\"https:\/\/www.padreydecano.com\/cms\/#\/schema\/logo\/image\/\",\"url\":\"https:\/\/www.padreydecano.com\/cms\/wp-content\/uploads\/2022\/01\/avatar-square.png\",\"contentUrl\":\"https:\/\/www.padreydecano.com\/cms\/wp-content\/uploads\/2022\/01\/avatar-square.png\",\"width\":1500,\"height\":1500,\"caption\":\"Padre y Decano\"},\"image\":{\"@id\":\"https:\/\/www.padreydecano.com\/cms\/#\/schema\/logo\/image\/\"}},{\"@type\":\"Person\",\"@id\":\"https:\/\/www.padreydecano.com\/cms\/#\/schema\/person\/b22191326be6d1c7fa55c2ad137a9a32\",\"name\":\"Udelar\",\"image\":{\"@type\":\"ImageObject\",\"inLanguage\":\"es\",\"@id\":\"https:\/\/www.padreydecano.com\/cms\/#\/schema\/person\/image\/\",\"url\":\"https:\/\/secure.gravatar.com\/avatar\/611ece663b16897a2cd2f46982281225?s=96&d=https%3A%2F%2Fpadreydecano.com%2Fcms%2Fwp-content%2Fthemes%2Fpyd-theme%2Fimg%2Fdefault-avatar.png&r=g\",\"contentUrl\":\"https:\/\/secure.gravatar.com\/avatar\/611ece663b16897a2cd2f46982281225?s=96&d=https%3A%2F%2Fpadreydecano.com%2Fcms%2Fwp-content%2Fthemes%2Fpyd-theme%2Fimg%2Fdefault-avatar.png&r=g\",\"caption\":\"Udelar\"}}]}<\/script>\n<!-- \/ Yoast SEO plugin. -->","yoast_head_json":{"title":"Cuchilla en mano - Padre y Decano - El Sitio del Pueblo","robots":{"index":"index","follow":"follow","max-snippet":"max-snippet:-1","max-image-preview":"max-image-preview:large","max-video-preview":"max-video-preview:-1"},"canonical":"https:\/\/www.padreydecano.com\/cms\/noticias\/cuchilla-en-mano\/","og_locale":"es_ES","og_type":"article","og_title":"Cuchilla en mano - Padre y Decano - El Sitio del Pueblo","og_description":"Pe\u00f1arol visitar\u00e1 el pr\u00f3ximo viernes a Liverpool por la d\u00e9cima fecha del Torneo Clausura. A las 17:00 horas y en el Estadio Belvedere, el Carbonero se medir\u00e1 frente al l\u00edder del Torneo, en lo que ser\u00e1 un partido vital para el futuro del campeonato. El partido ser\u00e1 televisado por VTV. Una final adelantada. Todo o [&hellip;]","og_url":"https:\/\/www.padreydecano.com\/cms\/noticias\/cuchilla-en-mano\/","og_site_name":"Padre y Decano - El Sitio del Pueblo","article_published_time":"2021-02-26T00:17:21+00:00","article_modified_time":"2021-02-26T22:02:06+00:00","og_image":[{"width":1100,"height":734,"url":"https:\/\/www.padreydecano.com\/cms\/wp-content\/uploads\/2018\/02\/expulsion-lucas-hernandez-penarol-liverpool-apertura-2018-foto-mariano-alvez-33.jpg","type":"image\/jpeg"}],"author":"Udelar","twitter_card":"summary_large_image","twitter_misc":{"Escrito por":"Udelar","Tiempo de lectura":"2 minutos"},"schema":{"@context":"https:\/\/schema.org","@graph":[{"@type":"Article","@id":"https:\/\/www.padreydecano.com\/cms\/noticias\/cuchilla-en-mano\/#article","isPartOf":{"@id":"https:\/\/www.padreydecano.com\/cms\/noticias\/cuchilla-en-mano\/"},"author":{"name":"Udelar","@id":"https:\/\/www.padreydecano.com\/cms\/#\/schema\/person\/b22191326be6d1c7fa55c2ad137a9a32"},"headline":"Cuchilla en mano","datePublished":"2021-02-26T00:17:21+00:00","dateModified":"2021-02-26T22:02:06+00:00","mainEntityOfPage":{"@id":"https:\/\/www.padreydecano.com\/cms\/noticias\/cuchilla-en-mano\/"},"wordCount":365,"commentCount":19,"publisher":{"@id":"https:\/\/www.padreydecano.com\/cms\/#organization"},"image":{"@id":"https:\/\/www.padreydecano.com\/cms\/noticias\/cuchilla-en-mano\/#primaryimage"},"thumbnailUrl":"https:\/\/www.padreydecano.com\/cms\/wp-content\/uploads\/2018\/02\/expulsion-lucas-hernandez-penarol-liverpool-apertura-2018-foto-mariano-alvez-33.jpg","keywords":["Torneo Clausura 2020"],"articleSection":["Noticias"],"inLanguage":"es","potentialAction":[{"@type":"CommentAction","name":"Comment","target":["https:\/\/www.padreydecano.com\/cms\/noticias\/cuchilla-en-mano\/#respond"]}]},{"@type":"WebPage","@id":"https:\/\/www.padreydecano.com\/cms\/noticias\/cuchilla-en-mano\/","url":"https:\/\/www.padreydecano.com\/cms\/noticias\/cuchilla-en-mano\/","name":"Cuchilla en mano - Padre y Decano - El Sitio del Pueblo","isPartOf":{"@id":"https:\/\/www.padreydecano.com\/cms\/#website"},"primaryImageOfPage":{"@id":"https:\/\/www.padreydecano.com\/cms\/noticias\/cuchilla-en-mano\/#primaryimage"},"image":{"@id":"https:\/\/www.padreydecano.com\/cms\/noticias\/cuchilla-en-mano\/#primaryimage"},"thumbnailUrl":"https:\/\/www.padreydecano.com\/cms\/wp-content\/uploads\/2018\/02\/expulsion-lucas-hernandez-penarol-liverpool-apertura-2018-foto-mariano-alvez-33.jpg","datePublished":"2021-02-26T00:17:21+00:00","dateModified":"2021-02-26T22:02:06+00:00","breadcrumb":{"@id":"https:\/\/www.padreydecano.com\/cms\/noticias\/cuchilla-en-mano\/#breadcrumb"},"inLanguage":"es","potentialAction":[{"@type":"ReadAction","target":["https:\/\/www.padreydecano.com\/cms\/noticias\/cuchilla-en-mano\/"]}]},{"@type":"ImageObject","inLanguage":"es","@id":"https:\/\/www.padreydecano.com\/cms\/noticias\/cuchilla-en-mano\/#primaryimage","url":"https:\/\/www.padreydecano.com\/cms\/wp-content\/uploads\/2018\/02\/expulsion-lucas-hernandez-penarol-liverpool-apertura-2018-foto-mariano-alvez-33.jpg","contentUrl":"https:\/\/www.padreydecano.com\/cms\/wp-content\/uploads\/2018\/02\/expulsion-lucas-hernandez-penarol-liverpool-apertura-2018-foto-mariano-alvez-33.jpg","width":1100,"height":734},{"@type":"BreadcrumbList","@id":"https:\/\/www.padreydecano.com\/cms\/noticias\/cuchilla-en-mano\/#breadcrumb","itemListElement":[{"@type":"ListItem","position":1,"name":"Portada","item":"https:\/\/www.padreydecano.com\/cms\/"},{"@type":"ListItem","position":2,"name":"Cuchilla en mano"}]},{"@type":"WebSite","@id":"https:\/\/www.padreydecano.com\/cms\/#website","url":"https:\/\/www.padreydecano.com\/cms\/","name":"Padre y Decano - El Sitio del Pueblo","description":"Club Atl\u00e9tico Pe\u00f1arol","publisher":{"@id":"https:\/\/www.padreydecano.com\/cms\/#organization"},"potentialAction":[{"@type":"SearchAction","target":{"@type":"EntryPoint","urlTemplate":"https:\/\/www.padreydecano.com\/cms\/?s={search_term_string}"},"query-input":"required name=search_term_string"}],"inLanguage":"es"},{"@type":"Organization","@id":"https:\/\/www.padreydecano.com\/cms\/#organization","name":"Padre y Decano","url":"https:\/\/www.padreydecano.com\/cms\/","logo":{"@type":"ImageObject","inLanguage":"es","@id":"https:\/\/www.padreydecano.com\/cms\/#\/schema\/logo\/image\/","url":"https:\/\/www.padreydecano.com\/cms\/wp-content\/uploads\/2022\/01\/avatar-square.png","contentUrl":"https:\/\/www.padreydecano.com\/cms\/wp-content\/uploads\/2022\/01\/avatar-square.png","width":1500,"height":1500,"caption":"Padre y Decano"},"image":{"@id":"https:\/\/www.padreydecano.com\/cms\/#\/schema\/logo\/image\/"}},{"@type":"Person","@id":"https:\/\/www.padreydecano.com\/cms\/#\/schema\/person\/b22191326be6d1c7fa55c2ad137a9a32","name":"Udelar","image":{"@type":"ImageObject","inLanguage":"es","@id":"https:\/\/www.padreydecano.com\/cms\/#\/schema\/person\/image\/","url":"https:\/\/secure.gravatar.com\/avatar\/611ece663b16897a2cd2f46982281225?s=96&d=https%3A%2F%2Fpadreydecano.com%2Fcms%2Fwp-content%2Fthemes%2Fpyd-theme%2Fimg%2Fdefault-avatar.png&r=g","contentUrl":"https:\/\/secure.gravatar.com\/avatar\/611ece663b16897a2cd2f46982281225?s=96&d=https%3A%2F%2Fpadreydecano.com%2Fcms%2Fwp-content%2Fthemes%2Fpyd-theme%2Fimg%2Fdefault-avatar.png&r=g","caption":"Udelar"}}]}},"_links":{"self":[{"href":"https:\/\/www.padreydecano.com\/cms\/wp-json\/wp\/v2\/posts\/75463"}],"collection":[{"href":"https:\/\/www.padreydecano.com\/cms\/wp-json\/wp\/v2\/posts"}],"about":[{"href":"https:\/\/www.padreydecano.com\/cms\/wp-json\/wp\/v2\/types\/post"}],"author":[{"embeddable":true,"href":"https:\/\/www.padreydecano.com\/cms\/wp-json\/wp\/v2\/users\/30"}],"replies":[{"embeddable":true,"href":"https:\/\/www.padreydecano.com\/cms\/wp-json\/wp\/v2\/comments?post=75463"}],"version-history":[{"count":0,"href":"https:\/\/www.padreydecano.com\/cms\/wp-json\/wp\/v2\/posts\/75463\/revisions"}],"wp:featuredmedia":[{"embeddable":true,"href":"https:\/\/www.padreydecano.com\/cms\/wp-json\/wp\/v2\/media\/66133"}],"wp:attachment":[{"href":"https:\/\/www.padreydecano.com\/cms\/wp-json\/wp\/v2\/media?parent=75463"}],"wp:term":[{"taxonomy":"category","embeddable":true,"href":"https:\/\/www.padreydecano.com\/cms\/wp-json\/wp\/v2\/categories?post=75463"},{"taxonomy":"post_tag","embeddable":true,"href":"https:\/\/www.padreydecano.com\/cms\/wp-json\/wp\/v2\/tags?post=75463"}],"curies":[{"name":"wp","href":"https:\/\/api.w.org\/{rel}","templated":true}]}}