{"id":75454,"date":"2021-02-24T12:44:45","date_gmt":"2021-02-24T15:44:45","guid":{"rendered":"http:\/\/www.padreydecano.com\/cms\/?p=75454"},"modified":"2021-02-24T12:44:45","modified_gmt":"2021-02-24T15:44:45","slug":"polvora-seca-terans-en-duda-para-el-viernes","status":"publish","type":"post","link":"https:\/\/www.padreydecano.com\/cms\/los-aromos\/polvora-seca-terans-en-duda-para-el-viernes\/","title":{"rendered":"P\u00f3lvora seca; Terans en duda para el viernes"},"content":{"rendered":"<p><a href=\"https:\/\/www.padreydecano.com\/cms\/wp-content\/uploads\/2021\/02\/nahuelpan-pyd.jpg\" rel=\"shadowbox[sbpost-75454];player=img;\"><img loading=\"lazy\" decoding=\"async\" class=\"aligncenter size-full wp-image-75456\" src=\"https:\/\/www.padreydecano.com\/cms\/wp-content\/uploads\/2021\/02\/nahuelpan-pyd.jpg\" alt=\"\" width=\"768\" height=\"512\" srcset=\"https:\/\/www.padreydecano.com\/cms\/wp-content\/uploads\/2021\/02\/nahuelpan-pyd.jpg 768w, https:\/\/www.padreydecano.com\/cms\/wp-content\/uploads\/2021\/02\/nahuelpan-pyd-600x400.jpg 600w\" sizes=\"(max-width: 768px) 100vw, 768px\" \/><\/a><\/p>\n<p style=\"text-align: justify;\"><strong>El entrenamiento de los futbolistas suplentes de Pe\u00f1arol mostr\u00f3 a los delanteros anotando goles, algo importante en cualquier equipo y que fue un problema a lo largo de la temporada 2020.<\/strong><\/p>\n<p style=\"text-align: justify;\">El equipo alternativo cont\u00f3 con Thiago Cardozo; Maximiliano Pereira, Krisztian Vadocz, Rodrigo Abascal, Valent\u00edn Rodr\u00edguez; Jonathan Urretaviscaya, Agust\u00edn \u00c1lvarez Wallace, M\u00e1ximo Alonso, Cristian Rodr\u00edguez; Luis Acevedo (anot\u00f3 un gol) y Ariel Nahuelpan (convirti\u00f3 un gol).<\/p>\n<p style=\"text-align: justify;\">En la otra oncena aparecieron nombres como el de Mart\u00edn Correa, Agust\u00edn Da Silveira, Franco Mart\u00ednez, Denis Olivera, Mat\u00edas De Los Santos, Gonzalo Freitas, Ezequiel Mechoso, Alejo Cruz (dej\u00f3 su lugar para que ingresara Nicol\u00e1s Garc\u00eda, que hizo un gol), y Sergio \u201cToto\u201d N\u00fa\u00f1ez (dos goles).<\/p>\n<p><a href=\"https:\/\/www.padreydecano.com\/cms\/wp-content\/uploads\/2021\/02\/terans-padre_y_decano.jpg\" rel=\"shadowbox[sbpost-75454];player=img;\"><img loading=\"lazy\" decoding=\"async\" class=\"aligncenter wp-image-75455 size-full\" src=\"https:\/\/www.padreydecano.com\/cms\/wp-content\/uploads\/2021\/02\/terans-padre_y_decano.jpg\" alt=\"\" width=\"935\" height=\"721\" srcset=\"https:\/\/www.padreydecano.com\/cms\/wp-content\/uploads\/2021\/02\/terans-padre_y_decano.jpg 935w, https:\/\/www.padreydecano.com\/cms\/wp-content\/uploads\/2021\/02\/terans-padre_y_decano-600x463.jpg 600w, https:\/\/www.padreydecano.com\/cms\/wp-content\/uploads\/2021\/02\/terans-padre_y_decano-768x592.jpg 768w\" sizes=\"(max-width: 935px) 100vw, 935px\" \/><\/a><\/p>\n<p style=\"text-align: justify;\">En materia sanitaria, David Terans complet\u00f3 su recuperaci\u00f3n pero est\u00e1 en duda para integrar el banco de relevos ante Liverpool.<\/p>\n<p style=\"text-align: justify;\">Maximiliano Pereira es un ejemplo de profesionalismo, llega antes que nadie a los entrenamientos buscando su mejor forma, puede integrar el plantel que enfrente a los negriazules el viernes a la hora 17:00 en Belvedere.<\/p>\n<p style=\"text-align: justify;\">Por otra parte, el delantero riverense Agust\u00edn D\u00e1vila volver\u00e1 al club Decano en abril, podr\u00e1 jugar Copa Libertadores aunque haya disputado esta fase con los La Cuchilla. Este viernes no podr\u00e1 estar a la orden contra Pe\u00f1arol.<\/p>\n<div class=\"user-wrapper\"><a class=\"userlink\" href=\"https:\/\/twitter.com\/wilsonmendez86\" target=\"_blank\"><figure><img decoding=\"async\" src=\"http:\/\/www.padreydecano.com\/cms\/wp-users-files\/postfirmas\/wilsonmendez86.jpg\" \/><\/figure><p class=\"user\"><strong>Wilson M&eacute;ndez<\/strong><br \/>@wilsonmendez86<\/p><\/a><\/div>\n","protected":false},"excerpt":{"rendered":"<p>El entrenamiento de los futbolistas suplentes de Pe\u00f1arol mostr\u00f3 a los delanteros anotando goles, algo importante en cualquier equipo y que fue un problema a lo largo de la temporada 2020. El equipo alternativo cont\u00f3 con Thiago Cardozo; Maximiliano Pereira, Krisztian Vadocz, Rodrigo Abascal, Valent\u00edn Rodr\u00edguez; Jonathan Urretaviscaya, Agust\u00edn \u00c1lvarez Wallace, M\u00e1ximo Alonso, Cristian Rodr\u00edguez; [&hellip;]<\/p>\n","protected":false},"author":13,"featured_media":75456,"comment_status":"open","ping_status":"closed","sticky":false,"template":"","format":"standard","meta":{"footnotes":""},"categories":[7],"tags":[],"yoast_head":"<!-- This site is optimized with the Yoast SEO plugin v23.2 - https:\/\/yoast.com\/wordpress\/plugins\/seo\/ -->\n<title>P\u00f3lvora seca; Terans en duda para el viernes - Padre y Decano - El Sitio del Pueblo<\/title>\n<meta name=\"robots\" content=\"index, follow, max-snippet:-1, max-image-preview:large, max-video-preview:-1\" \/>\n<link rel=\"canonical\" href=\"https:\/\/www.padreydecano.com\/cms\/los-aromos\/polvora-seca-terans-en-duda-para-el-viernes\/\" \/>\n<meta property=\"og:locale\" content=\"es_ES\" \/>\n<meta property=\"og:type\" content=\"article\" \/>\n<meta property=\"og:title\" content=\"P\u00f3lvora seca; Terans en duda para el viernes - Padre y Decano - El Sitio del Pueblo\" \/>\n<meta property=\"og:description\" content=\"El entrenamiento de los futbolistas suplentes de Pe\u00f1arol mostr\u00f3 a los delanteros anotando goles, algo importante en cualquier equipo y que fue un problema a lo largo de la temporada 2020. El equipo alternativo cont\u00f3 con Thiago Cardozo; Maximiliano Pereira, Krisztian Vadocz, Rodrigo Abascal, Valent\u00edn Rodr\u00edguez; Jonathan Urretaviscaya, Agust\u00edn \u00c1lvarez Wallace, M\u00e1ximo Alonso, Cristian Rodr\u00edguez; [&hellip;]\" \/>\n<meta property=\"og:url\" content=\"https:\/\/www.padreydecano.com\/cms\/los-aromos\/polvora-seca-terans-en-duda-para-el-viernes\/\" \/>\n<meta property=\"og:site_name\" content=\"Padre y Decano - El Sitio del Pueblo\" \/>\n<meta property=\"article:published_time\" content=\"2021-02-24T15:44:45+00:00\" \/>\n<meta property=\"og:image\" content=\"https:\/\/www.padreydecano.com\/cms\/wp-content\/uploads\/2021\/02\/nahuelpan-pyd.jpg\" \/>\n\t<meta property=\"og:image:width\" content=\"768\" \/>\n\t<meta property=\"og:image:height\" content=\"512\" \/>\n\t<meta property=\"og:image:type\" content=\"image\/jpeg\" \/>\n<meta name=\"author\" content=\"Moderador\" \/>\n<meta name=\"twitter:card\" content=\"summary_large_image\" \/>\n<meta name=\"twitter:label1\" content=\"Escrito por\" \/>\n\t<meta name=\"twitter:data1\" content=\"Moderador\" \/>\n\t<meta name=\"twitter:label2\" content=\"Tiempo de lectura\" \/>\n\t<meta name=\"twitter:data2\" content=\"1 minuto\" \/>\n<script type=\"application\/ld+json\" class=\"yoast-schema-graph\">{\"@context\":\"https:\/\/schema.org\",\"@graph\":[{\"@type\":\"Article\",\"@id\":\"https:\/\/www.padreydecano.com\/cms\/los-aromos\/polvora-seca-terans-en-duda-para-el-viernes\/#article\",\"isPartOf\":{\"@id\":\"https:\/\/www.padreydecano.com\/cms\/los-aromos\/polvora-seca-terans-en-duda-para-el-viernes\/\"},\"author\":{\"name\":\"Moderador\",\"@id\":\"https:\/\/www.padreydecano.com\/cms\/#\/schema\/person\/d93e9e537230ae052c194251d9a1def2\"},\"headline\":\"P\u00f3lvora seca; Terans en duda para el viernes\",\"datePublished\":\"2021-02-24T15:44:45+00:00\",\"dateModified\":\"2021-02-24T15:44:45+00:00\",\"mainEntityOfPage\":{\"@id\":\"https:\/\/www.padreydecano.com\/cms\/los-aromos\/polvora-seca-terans-en-duda-para-el-viernes\/\"},\"wordCount\":229,\"commentCount\":17,\"publisher\":{\"@id\":\"https:\/\/www.padreydecano.com\/cms\/#organization\"},\"image\":{\"@id\":\"https:\/\/www.padreydecano.com\/cms\/los-aromos\/polvora-seca-terans-en-duda-para-el-viernes\/#primaryimage\"},\"thumbnailUrl\":\"https:\/\/www.padreydecano.com\/cms\/wp-content\/uploads\/2021\/02\/nahuelpan-pyd.jpg\",\"articleSection\":[\"Los Aromos\"],\"inLanguage\":\"es\",\"potentialAction\":[{\"@type\":\"CommentAction\",\"name\":\"Comment\",\"target\":[\"https:\/\/www.padreydecano.com\/cms\/los-aromos\/polvora-seca-terans-en-duda-para-el-viernes\/#respond\"]}]},{\"@type\":\"WebPage\",\"@id\":\"https:\/\/www.padreydecano.com\/cms\/los-aromos\/polvora-seca-terans-en-duda-para-el-viernes\/\",\"url\":\"https:\/\/www.padreydecano.com\/cms\/los-aromos\/polvora-seca-terans-en-duda-para-el-viernes\/\",\"name\":\"P\u00f3lvora seca; Terans en duda para el viernes - Padre y Decano - El Sitio del Pueblo\",\"isPartOf\":{\"@id\":\"https:\/\/www.padreydecano.com\/cms\/#website\"},\"primaryImageOfPage\":{\"@id\":\"https:\/\/www.padreydecano.com\/cms\/los-aromos\/polvora-seca-terans-en-duda-para-el-viernes\/#primaryimage\"},\"image\":{\"@id\":\"https:\/\/www.padreydecano.com\/cms\/los-aromos\/polvora-seca-terans-en-duda-para-el-viernes\/#primaryimage\"},\"thumbnailUrl\":\"https:\/\/www.padreydecano.com\/cms\/wp-content\/uploads\/2021\/02\/nahuelpan-pyd.jpg\",\"datePublished\":\"2021-02-24T15:44:45+00:00\",\"dateModified\":\"2021-02-24T15:44:45+00:00\",\"breadcrumb\":{\"@id\":\"https:\/\/www.padreydecano.com\/cms\/los-aromos\/polvora-seca-terans-en-duda-para-el-viernes\/#breadcrumb\"},\"inLanguage\":\"es\",\"potentialAction\":[{\"@type\":\"ReadAction\",\"target\":[\"https:\/\/www.padreydecano.com\/cms\/los-aromos\/polvora-seca-terans-en-duda-para-el-viernes\/\"]}]},{\"@type\":\"ImageObject\",\"inLanguage\":\"es\",\"@id\":\"https:\/\/www.padreydecano.com\/cms\/los-aromos\/polvora-seca-terans-en-duda-para-el-viernes\/#primaryimage\",\"url\":\"https:\/\/www.padreydecano.com\/cms\/wp-content\/uploads\/2021\/02\/nahuelpan-pyd.jpg\",\"contentUrl\":\"https:\/\/www.padreydecano.com\/cms\/wp-content\/uploads\/2021\/02\/nahuelpan-pyd.jpg\",\"width\":768,\"height\":512},{\"@type\":\"BreadcrumbList\",\"@id\":\"https:\/\/www.padreydecano.com\/cms\/los-aromos\/polvora-seca-terans-en-duda-para-el-viernes\/#breadcrumb\",\"itemListElement\":[{\"@type\":\"ListItem\",\"position\":1,\"name\":\"Portada\",\"item\":\"https:\/\/www.padreydecano.com\/cms\/\"},{\"@type\":\"ListItem\",\"position\":2,\"name\":\"P\u00f3lvora seca; Terans en duda para el viernes\"}]},{\"@type\":\"WebSite\",\"@id\":\"https:\/\/www.padreydecano.com\/cms\/#website\",\"url\":\"https:\/\/www.padreydecano.com\/cms\/\",\"name\":\"Padre y Decano - El Sitio del Pueblo\",\"description\":\"Club Atl\u00e9tico Pe\u00f1arol\",\"publisher\":{\"@id\":\"https:\/\/www.padreydecano.com\/cms\/#organization\"},\"potentialAction\":[{\"@type\":\"SearchAction\",\"target\":{\"@type\":\"EntryPoint\",\"urlTemplate\":\"https:\/\/www.padreydecano.com\/cms\/?s={search_term_string}\"},\"query-input\":\"required name=search_term_string\"}],\"inLanguage\":\"es\"},{\"@type\":\"Organization\",\"@id\":\"https:\/\/www.padreydecano.com\/cms\/#organization\",\"name\":\"Padre y Decano\",\"url\":\"https:\/\/www.padreydecano.com\/cms\/\",\"logo\":{\"@type\":\"ImageObject\",\"inLanguage\":\"es\",\"@id\":\"https:\/\/www.padreydecano.com\/cms\/#\/schema\/logo\/image\/\",\"url\":\"https:\/\/www.padreydecano.com\/cms\/wp-content\/uploads\/2022\/01\/avatar-square.png\",\"contentUrl\":\"https:\/\/www.padreydecano.com\/cms\/wp-content\/uploads\/2022\/01\/avatar-square.png\",\"width\":1500,\"height\":1500,\"caption\":\"Padre y Decano\"},\"image\":{\"@id\":\"https:\/\/www.padreydecano.com\/cms\/#\/schema\/logo\/image\/\"}},{\"@type\":\"Person\",\"@id\":\"https:\/\/www.padreydecano.com\/cms\/#\/schema\/person\/d93e9e537230ae052c194251d9a1def2\",\"name\":\"Moderador\",\"image\":{\"@type\":\"ImageObject\",\"inLanguage\":\"es\",\"@id\":\"https:\/\/www.padreydecano.com\/cms\/#\/schema\/person\/image\/\",\"url\":\"https:\/\/secure.gravatar.com\/avatar\/2587727bf8a53bd3da4ec49f01bea66e?s=96&d=https%3A%2F%2Fpadreydecano.com%2Fcms%2Fwp-content%2Fthemes%2Fpyd-theme%2Fimg%2Fdefault-avatar.png&r=g\",\"contentUrl\":\"https:\/\/secure.gravatar.com\/avatar\/2587727bf8a53bd3da4ec49f01bea66e?s=96&d=https%3A%2F%2Fpadreydecano.com%2Fcms%2Fwp-content%2Fthemes%2Fpyd-theme%2Fimg%2Fdefault-avatar.png&r=g\",\"caption\":\"Moderador\"}}]}<\/script>\n<!-- \/ Yoast SEO plugin. -->","yoast_head_json":{"title":"P\u00f3lvora seca; Terans en duda para el viernes - Padre y Decano - El Sitio del Pueblo","robots":{"index":"index","follow":"follow","max-snippet":"max-snippet:-1","max-image-preview":"max-image-preview:large","max-video-preview":"max-video-preview:-1"},"canonical":"https:\/\/www.padreydecano.com\/cms\/los-aromos\/polvora-seca-terans-en-duda-para-el-viernes\/","og_locale":"es_ES","og_type":"article","og_title":"P\u00f3lvora seca; Terans en duda para el viernes - Padre y Decano - El Sitio del Pueblo","og_description":"El entrenamiento de los futbolistas suplentes de Pe\u00f1arol mostr\u00f3 a los delanteros anotando goles, algo importante en cualquier equipo y que fue un problema a lo largo de la temporada 2020. El equipo alternativo cont\u00f3 con Thiago Cardozo; Maximiliano Pereira, Krisztian Vadocz, Rodrigo Abascal, Valent\u00edn Rodr\u00edguez; Jonathan Urretaviscaya, Agust\u00edn \u00c1lvarez Wallace, M\u00e1ximo Alonso, Cristian Rodr\u00edguez; [&hellip;]","og_url":"https:\/\/www.padreydecano.com\/cms\/los-aromos\/polvora-seca-terans-en-duda-para-el-viernes\/","og_site_name":"Padre y Decano - El Sitio del Pueblo","article_published_time":"2021-02-24T15:44:45+00:00","og_image":[{"width":768,"height":512,"url":"https:\/\/www.padreydecano.com\/cms\/wp-content\/uploads\/2021\/02\/nahuelpan-pyd.jpg","type":"image\/jpeg"}],"author":"Moderador","twitter_card":"summary_large_image","twitter_misc":{"Escrito por":"Moderador","Tiempo de lectura":"1 minuto"},"schema":{"@context":"https:\/\/schema.org","@graph":[{"@type":"Article","@id":"https:\/\/www.padreydecano.com\/cms\/los-aromos\/polvora-seca-terans-en-duda-para-el-viernes\/#article","isPartOf":{"@id":"https:\/\/www.padreydecano.com\/cms\/los-aromos\/polvora-seca-terans-en-duda-para-el-viernes\/"},"author":{"name":"Moderador","@id":"https:\/\/www.padreydecano.com\/cms\/#\/schema\/person\/d93e9e537230ae052c194251d9a1def2"},"headline":"P\u00f3lvora seca; Terans en duda para el viernes","datePublished":"2021-02-24T15:44:45+00:00","dateModified":"2021-02-24T15:44:45+00:00","mainEntityOfPage":{"@id":"https:\/\/www.padreydecano.com\/cms\/los-aromos\/polvora-seca-terans-en-duda-para-el-viernes\/"},"wordCount":229,"commentCount":17,"publisher":{"@id":"https:\/\/www.padreydecano.com\/cms\/#organization"},"image":{"@id":"https:\/\/www.padreydecano.com\/cms\/los-aromos\/polvora-seca-terans-en-duda-para-el-viernes\/#primaryimage"},"thumbnailUrl":"https:\/\/www.padreydecano.com\/cms\/wp-content\/uploads\/2021\/02\/nahuelpan-pyd.jpg","articleSection":["Los Aromos"],"inLanguage":"es","potentialAction":[{"@type":"CommentAction","name":"Comment","target":["https:\/\/www.padreydecano.com\/cms\/los-aromos\/polvora-seca-terans-en-duda-para-el-viernes\/#respond"]}]},{"@type":"WebPage","@id":"https:\/\/www.padreydecano.com\/cms\/los-aromos\/polvora-seca-terans-en-duda-para-el-viernes\/","url":"https:\/\/www.padreydecano.com\/cms\/los-aromos\/polvora-seca-terans-en-duda-para-el-viernes\/","name":"P\u00f3lvora seca; Terans en duda para el viernes - Padre y Decano - El Sitio del Pueblo","isPartOf":{"@id":"https:\/\/www.padreydecano.com\/cms\/#website"},"primaryImageOfPage":{"@id":"https:\/\/www.padreydecano.com\/cms\/los-aromos\/polvora-seca-terans-en-duda-para-el-viernes\/#primaryimage"},"image":{"@id":"https:\/\/www.padreydecano.com\/cms\/los-aromos\/polvora-seca-terans-en-duda-para-el-viernes\/#primaryimage"},"thumbnailUrl":"https:\/\/www.padreydecano.com\/cms\/wp-content\/uploads\/2021\/02\/nahuelpan-pyd.jpg","datePublished":"2021-02-24T15:44:45+00:00","dateModified":"2021-02-24T15:44:45+00:00","breadcrumb":{"@id":"https:\/\/www.padreydecano.com\/cms\/los-aromos\/polvora-seca-terans-en-duda-para-el-viernes\/#breadcrumb"},"inLanguage":"es","potentialAction":[{"@type":"ReadAction","target":["https:\/\/www.padreydecano.com\/cms\/los-aromos\/polvora-seca-terans-en-duda-para-el-viernes\/"]}]},{"@type":"ImageObject","inLanguage":"es","@id":"https:\/\/www.padreydecano.com\/cms\/los-aromos\/polvora-seca-terans-en-duda-para-el-viernes\/#primaryimage","url":"https:\/\/www.padreydecano.com\/cms\/wp-content\/uploads\/2021\/02\/nahuelpan-pyd.jpg","contentUrl":"https:\/\/www.padreydecano.com\/cms\/wp-content\/uploads\/2021\/02\/nahuelpan-pyd.jpg","width":768,"height":512},{"@type":"BreadcrumbList","@id":"https:\/\/www.padreydecano.com\/cms\/los-aromos\/polvora-seca-terans-en-duda-para-el-viernes\/#breadcrumb","itemListElement":[{"@type":"ListItem","position":1,"name":"Portada","item":"https:\/\/www.padreydecano.com\/cms\/"},{"@type":"ListItem","position":2,"name":"P\u00f3lvora seca; Terans en duda para el viernes"}]},{"@type":"WebSite","@id":"https:\/\/www.padreydecano.com\/cms\/#website","url":"https:\/\/www.padreydecano.com\/cms\/","name":"Padre y Decano - El Sitio del Pueblo","description":"Club Atl\u00e9tico Pe\u00f1arol","publisher":{"@id":"https:\/\/www.padreydecano.com\/cms\/#organization"},"potentialAction":[{"@type":"SearchAction","target":{"@type":"EntryPoint","urlTemplate":"https:\/\/www.padreydecano.com\/cms\/?s={search_term_string}"},"query-input":"required name=search_term_string"}],"inLanguage":"es"},{"@type":"Organization","@id":"https:\/\/www.padreydecano.com\/cms\/#organization","name":"Padre y Decano","url":"https:\/\/www.padreydecano.com\/cms\/","logo":{"@type":"ImageObject","inLanguage":"es","@id":"https:\/\/www.padreydecano.com\/cms\/#\/schema\/logo\/image\/","url":"https:\/\/www.padreydecano.com\/cms\/wp-content\/uploads\/2022\/01\/avatar-square.png","contentUrl":"https:\/\/www.padreydecano.com\/cms\/wp-content\/uploads\/2022\/01\/avatar-square.png","width":1500,"height":1500,"caption":"Padre y Decano"},"image":{"@id":"https:\/\/www.padreydecano.com\/cms\/#\/schema\/logo\/image\/"}},{"@type":"Person","@id":"https:\/\/www.padreydecano.com\/cms\/#\/schema\/person\/d93e9e537230ae052c194251d9a1def2","name":"Moderador","image":{"@type":"ImageObject","inLanguage":"es","@id":"https:\/\/www.padreydecano.com\/cms\/#\/schema\/person\/image\/","url":"https:\/\/secure.gravatar.com\/avatar\/2587727bf8a53bd3da4ec49f01bea66e?s=96&d=https%3A%2F%2Fpadreydecano.com%2Fcms%2Fwp-content%2Fthemes%2Fpyd-theme%2Fimg%2Fdefault-avatar.png&r=g","contentUrl":"https:\/\/secure.gravatar.com\/avatar\/2587727bf8a53bd3da4ec49f01bea66e?s=96&d=https%3A%2F%2Fpadreydecano.com%2Fcms%2Fwp-content%2Fthemes%2Fpyd-theme%2Fimg%2Fdefault-avatar.png&r=g","caption":"Moderador"}}]}},"_links":{"self":[{"href":"https:\/\/www.padreydecano.com\/cms\/wp-json\/wp\/v2\/posts\/75454"}],"collection":[{"href":"https:\/\/www.padreydecano.com\/cms\/wp-json\/wp\/v2\/posts"}],"about":[{"href":"https:\/\/www.padreydecano.com\/cms\/wp-json\/wp\/v2\/types\/post"}],"author":[{"embeddable":true,"href":"https:\/\/www.padreydecano.com\/cms\/wp-json\/wp\/v2\/users\/13"}],"replies":[{"embeddable":true,"href":"https:\/\/www.padreydecano.com\/cms\/wp-json\/wp\/v2\/comments?post=75454"}],"version-history":[{"count":0,"href":"https:\/\/www.padreydecano.com\/cms\/wp-json\/wp\/v2\/posts\/75454\/revisions"}],"wp:featuredmedia":[{"embeddable":true,"href":"https:\/\/www.padreydecano.com\/cms\/wp-json\/wp\/v2\/media\/75456"}],"wp:attachment":[{"href":"https:\/\/www.padreydecano.com\/cms\/wp-json\/wp\/v2\/media?parent=75454"}],"wp:term":[{"taxonomy":"category","embeddable":true,"href":"https:\/\/www.padreydecano.com\/cms\/wp-json\/wp\/v2\/categories?post=75454"},{"taxonomy":"post_tag","embeddable":true,"href":"https:\/\/www.padreydecano.com\/cms\/wp-json\/wp\/v2\/tags?post=75454"}],"curies":[{"name":"wp","href":"https:\/\/api.w.org\/{rel}","templated":true}]}}