{"id":75415,"date":"2021-02-20T09:30:37","date_gmt":"2021-02-20T12:30:37","guid":{"rendered":"http:\/\/www.padreydecano.com\/cms\/?p=75415"},"modified":"2021-02-20T23:53:43","modified_gmt":"2021-02-21T02:53:43","slug":"cambiar-la-actitud","status":"publish","type":"post","link":"https:\/\/www.padreydecano.com\/cms\/noticias\/cambiar-la-actitud\/","title":{"rendered":"Cambiar la actitud"},"content":{"rendered":"<p><img decoding=\"async\" class=\"aligncenter\" src=\"https:\/\/www.padreydecano.com\/cms\/wp-content\/uploads\/2020\/08\/WhatsApp-Image-2020-08-30-at-10.36.30-PM.jpeg\" \/><\/p>\n<p style=\"text-align: justify;\"><strong>Este s\u00e1bado a partir de las 21:45 horas, Pe\u00f1arol enfrentar\u00e1 a Wanderers por la novena fecha del Torneo Clausura. En el Parque Viera y televisado por VTV, el Carbonero buscar\u00e1 un triunfo de cara al futuro del campeonato.<\/strong><\/p>\n<p style=\"text-align: justify;\">Lejos del Torneo Clausura. A\u00fan m\u00e1s de la Tabla Anual. Pe\u00f1arol pasa por un momento complicado en lo deportivo, donde de 24 puntos en juego, solamente obtuvo 13 unidades. La igualdad frente a Cerro Largo fue un duro golpe para los dirigidos por Mauricio Larriera. No solamente por la falta de juego o actitud, sino por el hecho de que el Aurinegro no puede obtener dos victorias consecutivas en el actual torneo.<\/p>\n<p style=\"text-align: justify;\"><span style=\"color: #ffcc00;\"><strong>Equipo probable<\/strong><\/span><\/p>\n<p>Kevin Dawson; Giovanni Gonz\u00e1lez, Fabricio Formiliano, Gary Kagelmacher, Joaqu\u00edn Piquerez; Agust\u00edn \u00c1lvarez Wallace, Kriszti\u00e1n Vad\u00f3cz, Jes\u00fas Trindade; Facundo Torres, Mat\u00edas Britos y Agust\u00edn \u00c1lvarez Mart\u00ednez.<\/p>\n<p style=\"text-align: justify;\"><span style=\"color: #ffcc00;\"><strong>\u00bfUruguay 3?<\/strong><\/span><\/p>\n<p style=\"text-align: justify;\">Partido y fecha decisiva para saber qui\u00e9n ocupar\u00e1 el puesto de Uruguay 3. El domingo, al finalizar parcialmente la fecha, se tomar\u00e1 la fotograf\u00eda para definir el cupo a la fase previa de la Copa Libertadores. Actualmente, Pe\u00f1arol se posiciona en el tercer lugar de la tabla anual con 49 puntos, por detr\u00e1s de Nacional (59 pts) y Montevideo City Torque (50 pts). En cuarto lugar se ubica Liverpool (confirm\u00f3 ser Uruguay 4) con la misma cantidad de puntos que el conjunto Mirasol. A 3 puntos (46 unidades) se posiciona Wanderers que, de ganar por una diferencia de 2 goles le arrebatar\u00eda el puesto de Uruguay 3 a Pe\u00f1arol. En caso que esto \u00faltimo suceda, el Carbonero tendr\u00e1 la obligaci\u00f3n de ganar el Torneo Clausura para ingresar a la definici\u00f3n del Campeonato Uruguayo. A\u00fan no se sabe si Pe\u00f1arol aceptar\u00eda ser Uruguay 3 en caso de poder.<\/p>\n<p style=\"text-align: justify;\"><span style=\"color: #ffcc00;\"><strong>\u00bfC\u00f3mo viene el Bohemio?<\/strong><\/span><\/p>\n<p style=\"text-align: justify;\">Wanderers se ubica en la quinta posici\u00f3n del Torneo Clausura con 12 puntos, producto de tres victorias, tres empates y dos derrotas. En la pasada jornada, visit\u00f3 al negriazul cayendo por 2 a 1.<\/p>\n<p style=\"text-align: justify;\"><span style=\"color: #ffcc00;\"><strong>\u00daltimos 5 antecedentes<\/strong><\/span><\/p>\n<p style=\"text-align: justify;\"><strong>Torneo Apertura 2018:<\/strong> Wanderers 1 \u2013 1 <span style=\"color: #ffcc00;\"><strong>Pe\u00f1arol<\/strong><\/span><\/p>\n<p style=\"text-align: justify;\"><strong>Torneo Clausura 2018:<\/strong> <span style=\"color: #ffcc00;\"><strong>Pe\u00f1arol<\/strong> <\/span>3 \u2013 0 Wanderers<\/p>\n<p style=\"text-align: justify;\"><strong>Torneo Apertura 2019:<\/strong> Wanderers 2 \u2013 0 <span style=\"color: #ffcc00;\"><strong>Pe\u00f1arol<\/strong><\/span><\/p>\n<p style=\"text-align: justify;\"><strong>Torneo Clausura 2019:<\/strong> <span style=\"color: #ffcc00;\"><strong>Pe\u00f1arol<\/strong> <\/span>1 \u2013 0 Wanderers<\/p>\n<p style=\"text-align: justify;\"><strong>Torneo Apertura 2020: <span style=\"color: #ffcc00;\">Pe\u00f1arol<\/span><\/strong> 0 \u2013 2 Wanderers<\/p>\n<p style=\"text-align: justify;\"><span style=\"color: #ffcc00;\"><strong>\u00c1rbitros<\/strong><\/span><\/p>\n<p style=\"text-align: justify;\">Christian Ferreyra ser\u00e1 el \u00e1rbitro principal del encuentro. Santiago Fern\u00e1ndez y Alberto Piriz estar\u00e1n en las l\u00edneas, mientras que Santiago Motta ser\u00e1 el cuarto \u00e1rbitro.<\/p>\n<p style=\"text-align: justify;\"><span style=\"color: #ffcc00;\"><strong>Lo que se viene<\/strong><\/span><\/p>\n<p style=\"text-align: justify;\">Por la d\u00e9cima fecha del Torneo Clausura, el Decano visitar\u00e1 a Liverpool el pr\u00f3ximo viernes 26 de febrero a las 17:00 horas en el Estadio Belvedere.<\/p>\n<div class=\"user-wrapper\"><a class=\"userlink\" href=\"https:\/\/twitter.com\/mathiaastilve\" target=\"_blank\"><figure><img decoding=\"async\" src=\"http:\/\/www.padreydecano.com\/cms\/wp-users-files\/postfirmas\/mathiastilve.jpg\" \/><\/figure><p class=\"user\"><strong>Mathias Tilve<\/strong><br \/>@mathiaastilve<\/p><\/a><\/div>\n","protected":false},"excerpt":{"rendered":"<p>Este s\u00e1bado a partir de las 21:45 horas, Pe\u00f1arol enfrentar\u00e1 a Wanderers por la novena fecha del Torneo Clausura. En el Parque Viera y televisado por VTV, el Carbonero buscar\u00e1 un triunfo de cara al futuro del campeonato. Lejos del Torneo Clausura. A\u00fan m\u00e1s de la Tabla Anual. Pe\u00f1arol pasa por un momento complicado en [&hellip;]<\/p>\n","protected":false},"author":30,"featured_media":75328,"comment_status":"open","ping_status":"closed","sticky":false,"template":"","format":"standard","meta":{"footnotes":""},"categories":[1],"tags":[489],"yoast_head":"<!-- This site is optimized with the Yoast SEO plugin v23.2 - https:\/\/yoast.com\/wordpress\/plugins\/seo\/ -->\n<title>Cambiar la actitud - Padre y Decano - El Sitio del Pueblo<\/title>\n<meta name=\"robots\" content=\"index, follow, max-snippet:-1, max-image-preview:large, max-video-preview:-1\" \/>\n<link rel=\"canonical\" href=\"https:\/\/www.padreydecano.com\/cms\/noticias\/cambiar-la-actitud\/\" \/>\n<meta property=\"og:locale\" content=\"es_ES\" \/>\n<meta property=\"og:type\" content=\"article\" \/>\n<meta property=\"og:title\" content=\"Cambiar la actitud - Padre y Decano - El Sitio del Pueblo\" \/>\n<meta property=\"og:description\" content=\"Este s\u00e1bado a partir de las 21:45 horas, Pe\u00f1arol enfrentar\u00e1 a Wanderers por la novena fecha del Torneo Clausura. En el Parque Viera y televisado por VTV, el Carbonero buscar\u00e1 un triunfo de cara al futuro del campeonato. Lejos del Torneo Clausura. A\u00fan m\u00e1s de la Tabla Anual. Pe\u00f1arol pasa por un momento complicado en [&hellip;]\" \/>\n<meta property=\"og:url\" content=\"https:\/\/www.padreydecano.com\/cms\/noticias\/cambiar-la-actitud\/\" \/>\n<meta property=\"og:site_name\" content=\"Padre y Decano - El Sitio del Pueblo\" \/>\n<meta property=\"article:published_time\" content=\"2021-02-20T12:30:37+00:00\" \/>\n<meta property=\"article:modified_time\" content=\"2021-02-21T02:53:43+00:00\" \/>\n<meta property=\"og:image\" content=\"https:\/\/www.padreydecano.com\/cms\/wp-content\/uploads\/2021\/02\/IMG-20210206-WA0155.jpg\" \/>\n\t<meta property=\"og:image:width\" content=\"1599\" \/>\n\t<meta property=\"og:image:height\" content=\"1066\" \/>\n\t<meta property=\"og:image:type\" content=\"image\/jpeg\" \/>\n<meta name=\"author\" content=\"Udelar\" \/>\n<meta name=\"twitter:card\" content=\"summary_large_image\" \/>\n<meta name=\"twitter:label1\" content=\"Escrito por\" \/>\n\t<meta name=\"twitter:data1\" content=\"Udelar\" \/>\n\t<meta name=\"twitter:label2\" content=\"Tiempo de lectura\" \/>\n\t<meta name=\"twitter:data2\" content=\"2 minutos\" \/>\n<script type=\"application\/ld+json\" class=\"yoast-schema-graph\">{\"@context\":\"https:\/\/schema.org\",\"@graph\":[{\"@type\":\"Article\",\"@id\":\"https:\/\/www.padreydecano.com\/cms\/noticias\/cambiar-la-actitud\/#article\",\"isPartOf\":{\"@id\":\"https:\/\/www.padreydecano.com\/cms\/noticias\/cambiar-la-actitud\/\"},\"author\":{\"name\":\"Udelar\",\"@id\":\"https:\/\/www.padreydecano.com\/cms\/#\/schema\/person\/b22191326be6d1c7fa55c2ad137a9a32\"},\"headline\":\"Cambiar la actitud\",\"datePublished\":\"2021-02-20T12:30:37+00:00\",\"dateModified\":\"2021-02-21T02:53:43+00:00\",\"mainEntityOfPage\":{\"@id\":\"https:\/\/www.padreydecano.com\/cms\/noticias\/cambiar-la-actitud\/\"},\"wordCount\":424,\"commentCount\":57,\"publisher\":{\"@id\":\"https:\/\/www.padreydecano.com\/cms\/#organization\"},\"image\":{\"@id\":\"https:\/\/www.padreydecano.com\/cms\/noticias\/cambiar-la-actitud\/#primaryimage\"},\"thumbnailUrl\":\"https:\/\/www.padreydecano.com\/cms\/wp-content\/uploads\/2021\/02\/IMG-20210206-WA0155.jpg\",\"keywords\":[\"Torneo Clausura 2020\"],\"articleSection\":[\"Noticias\"],\"inLanguage\":\"es\",\"potentialAction\":[{\"@type\":\"CommentAction\",\"name\":\"Comment\",\"target\":[\"https:\/\/www.padreydecano.com\/cms\/noticias\/cambiar-la-actitud\/#respond\"]}]},{\"@type\":\"WebPage\",\"@id\":\"https:\/\/www.padreydecano.com\/cms\/noticias\/cambiar-la-actitud\/\",\"url\":\"https:\/\/www.padreydecano.com\/cms\/noticias\/cambiar-la-actitud\/\",\"name\":\"Cambiar la actitud - Padre y Decano - El Sitio del Pueblo\",\"isPartOf\":{\"@id\":\"https:\/\/www.padreydecano.com\/cms\/#website\"},\"primaryImageOfPage\":{\"@id\":\"https:\/\/www.padreydecano.com\/cms\/noticias\/cambiar-la-actitud\/#primaryimage\"},\"image\":{\"@id\":\"https:\/\/www.padreydecano.com\/cms\/noticias\/cambiar-la-actitud\/#primaryimage\"},\"thumbnailUrl\":\"https:\/\/www.padreydecano.com\/cms\/wp-content\/uploads\/2021\/02\/IMG-20210206-WA0155.jpg\",\"datePublished\":\"2021-02-20T12:30:37+00:00\",\"dateModified\":\"2021-02-21T02:53:43+00:00\",\"breadcrumb\":{\"@id\":\"https:\/\/www.padreydecano.com\/cms\/noticias\/cambiar-la-actitud\/#breadcrumb\"},\"inLanguage\":\"es\",\"potentialAction\":[{\"@type\":\"ReadAction\",\"target\":[\"https:\/\/www.padreydecano.com\/cms\/noticias\/cambiar-la-actitud\/\"]}]},{\"@type\":\"ImageObject\",\"inLanguage\":\"es\",\"@id\":\"https:\/\/www.padreydecano.com\/cms\/noticias\/cambiar-la-actitud\/#primaryimage\",\"url\":\"https:\/\/www.padreydecano.com\/cms\/wp-content\/uploads\/2021\/02\/IMG-20210206-WA0155.jpg\",\"contentUrl\":\"https:\/\/www.padreydecano.com\/cms\/wp-content\/uploads\/2021\/02\/IMG-20210206-WA0155.jpg\",\"width\":1599,\"height\":1066},{\"@type\":\"BreadcrumbList\",\"@id\":\"https:\/\/www.padreydecano.com\/cms\/noticias\/cambiar-la-actitud\/#breadcrumb\",\"itemListElement\":[{\"@type\":\"ListItem\",\"position\":1,\"name\":\"Portada\",\"item\":\"https:\/\/www.padreydecano.com\/cms\/\"},{\"@type\":\"ListItem\",\"position\":2,\"name\":\"Cambiar la actitud\"}]},{\"@type\":\"WebSite\",\"@id\":\"https:\/\/www.padreydecano.com\/cms\/#website\",\"url\":\"https:\/\/www.padreydecano.com\/cms\/\",\"name\":\"Padre y Decano - El Sitio del Pueblo\",\"description\":\"Club Atl\u00e9tico Pe\u00f1arol\",\"publisher\":{\"@id\":\"https:\/\/www.padreydecano.com\/cms\/#organization\"},\"potentialAction\":[{\"@type\":\"SearchAction\",\"target\":{\"@type\":\"EntryPoint\",\"urlTemplate\":\"https:\/\/www.padreydecano.com\/cms\/?s={search_term_string}\"},\"query-input\":\"required name=search_term_string\"}],\"inLanguage\":\"es\"},{\"@type\":\"Organization\",\"@id\":\"https:\/\/www.padreydecano.com\/cms\/#organization\",\"name\":\"Padre y Decano\",\"url\":\"https:\/\/www.padreydecano.com\/cms\/\",\"logo\":{\"@type\":\"ImageObject\",\"inLanguage\":\"es\",\"@id\":\"https:\/\/www.padreydecano.com\/cms\/#\/schema\/logo\/image\/\",\"url\":\"https:\/\/www.padreydecano.com\/cms\/wp-content\/uploads\/2022\/01\/avatar-square.png\",\"contentUrl\":\"https:\/\/www.padreydecano.com\/cms\/wp-content\/uploads\/2022\/01\/avatar-square.png\",\"width\":1500,\"height\":1500,\"caption\":\"Padre y Decano\"},\"image\":{\"@id\":\"https:\/\/www.padreydecano.com\/cms\/#\/schema\/logo\/image\/\"}},{\"@type\":\"Person\",\"@id\":\"https:\/\/www.padreydecano.com\/cms\/#\/schema\/person\/b22191326be6d1c7fa55c2ad137a9a32\",\"name\":\"Udelar\",\"image\":{\"@type\":\"ImageObject\",\"inLanguage\":\"es\",\"@id\":\"https:\/\/www.padreydecano.com\/cms\/#\/schema\/person\/image\/\",\"url\":\"https:\/\/secure.gravatar.com\/avatar\/611ece663b16897a2cd2f46982281225?s=96&d=https%3A%2F%2Fpadreydecano.com%2Fcms%2Fwp-content%2Fthemes%2Fpyd-theme%2Fimg%2Fdefault-avatar.png&r=g\",\"contentUrl\":\"https:\/\/secure.gravatar.com\/avatar\/611ece663b16897a2cd2f46982281225?s=96&d=https%3A%2F%2Fpadreydecano.com%2Fcms%2Fwp-content%2Fthemes%2Fpyd-theme%2Fimg%2Fdefault-avatar.png&r=g\",\"caption\":\"Udelar\"}}]}<\/script>\n<!-- \/ Yoast SEO plugin. -->","yoast_head_json":{"title":"Cambiar la actitud - Padre y Decano - El Sitio del Pueblo","robots":{"index":"index","follow":"follow","max-snippet":"max-snippet:-1","max-image-preview":"max-image-preview:large","max-video-preview":"max-video-preview:-1"},"canonical":"https:\/\/www.padreydecano.com\/cms\/noticias\/cambiar-la-actitud\/","og_locale":"es_ES","og_type":"article","og_title":"Cambiar la actitud - Padre y Decano - El Sitio del Pueblo","og_description":"Este s\u00e1bado a partir de las 21:45 horas, Pe\u00f1arol enfrentar\u00e1 a Wanderers por la novena fecha del Torneo Clausura. En el Parque Viera y televisado por VTV, el Carbonero buscar\u00e1 un triunfo de cara al futuro del campeonato. Lejos del Torneo Clausura. A\u00fan m\u00e1s de la Tabla Anual. Pe\u00f1arol pasa por un momento complicado en [&hellip;]","og_url":"https:\/\/www.padreydecano.com\/cms\/noticias\/cambiar-la-actitud\/","og_site_name":"Padre y Decano - El Sitio del Pueblo","article_published_time":"2021-02-20T12:30:37+00:00","article_modified_time":"2021-02-21T02:53:43+00:00","og_image":[{"width":1599,"height":1066,"url":"https:\/\/www.padreydecano.com\/cms\/wp-content\/uploads\/2021\/02\/IMG-20210206-WA0155.jpg","type":"image\/jpeg"}],"author":"Udelar","twitter_card":"summary_large_image","twitter_misc":{"Escrito por":"Udelar","Tiempo de lectura":"2 minutos"},"schema":{"@context":"https:\/\/schema.org","@graph":[{"@type":"Article","@id":"https:\/\/www.padreydecano.com\/cms\/noticias\/cambiar-la-actitud\/#article","isPartOf":{"@id":"https:\/\/www.padreydecano.com\/cms\/noticias\/cambiar-la-actitud\/"},"author":{"name":"Udelar","@id":"https:\/\/www.padreydecano.com\/cms\/#\/schema\/person\/b22191326be6d1c7fa55c2ad137a9a32"},"headline":"Cambiar la actitud","datePublished":"2021-02-20T12:30:37+00:00","dateModified":"2021-02-21T02:53:43+00:00","mainEntityOfPage":{"@id":"https:\/\/www.padreydecano.com\/cms\/noticias\/cambiar-la-actitud\/"},"wordCount":424,"commentCount":57,"publisher":{"@id":"https:\/\/www.padreydecano.com\/cms\/#organization"},"image":{"@id":"https:\/\/www.padreydecano.com\/cms\/noticias\/cambiar-la-actitud\/#primaryimage"},"thumbnailUrl":"https:\/\/www.padreydecano.com\/cms\/wp-content\/uploads\/2021\/02\/IMG-20210206-WA0155.jpg","keywords":["Torneo Clausura 2020"],"articleSection":["Noticias"],"inLanguage":"es","potentialAction":[{"@type":"CommentAction","name":"Comment","target":["https:\/\/www.padreydecano.com\/cms\/noticias\/cambiar-la-actitud\/#respond"]}]},{"@type":"WebPage","@id":"https:\/\/www.padreydecano.com\/cms\/noticias\/cambiar-la-actitud\/","url":"https:\/\/www.padreydecano.com\/cms\/noticias\/cambiar-la-actitud\/","name":"Cambiar la actitud - Padre y Decano - El Sitio del Pueblo","isPartOf":{"@id":"https:\/\/www.padreydecano.com\/cms\/#website"},"primaryImageOfPage":{"@id":"https:\/\/www.padreydecano.com\/cms\/noticias\/cambiar-la-actitud\/#primaryimage"},"image":{"@id":"https:\/\/www.padreydecano.com\/cms\/noticias\/cambiar-la-actitud\/#primaryimage"},"thumbnailUrl":"https:\/\/www.padreydecano.com\/cms\/wp-content\/uploads\/2021\/02\/IMG-20210206-WA0155.jpg","datePublished":"2021-02-20T12:30:37+00:00","dateModified":"2021-02-21T02:53:43+00:00","breadcrumb":{"@id":"https:\/\/www.padreydecano.com\/cms\/noticias\/cambiar-la-actitud\/#breadcrumb"},"inLanguage":"es","potentialAction":[{"@type":"ReadAction","target":["https:\/\/www.padreydecano.com\/cms\/noticias\/cambiar-la-actitud\/"]}]},{"@type":"ImageObject","inLanguage":"es","@id":"https:\/\/www.padreydecano.com\/cms\/noticias\/cambiar-la-actitud\/#primaryimage","url":"https:\/\/www.padreydecano.com\/cms\/wp-content\/uploads\/2021\/02\/IMG-20210206-WA0155.jpg","contentUrl":"https:\/\/www.padreydecano.com\/cms\/wp-content\/uploads\/2021\/02\/IMG-20210206-WA0155.jpg","width":1599,"height":1066},{"@type":"BreadcrumbList","@id":"https:\/\/www.padreydecano.com\/cms\/noticias\/cambiar-la-actitud\/#breadcrumb","itemListElement":[{"@type":"ListItem","position":1,"name":"Portada","item":"https:\/\/www.padreydecano.com\/cms\/"},{"@type":"ListItem","position":2,"name":"Cambiar la actitud"}]},{"@type":"WebSite","@id":"https:\/\/www.padreydecano.com\/cms\/#website","url":"https:\/\/www.padreydecano.com\/cms\/","name":"Padre y Decano - El Sitio del Pueblo","description":"Club Atl\u00e9tico Pe\u00f1arol","publisher":{"@id":"https:\/\/www.padreydecano.com\/cms\/#organization"},"potentialAction":[{"@type":"SearchAction","target":{"@type":"EntryPoint","urlTemplate":"https:\/\/www.padreydecano.com\/cms\/?s={search_term_string}"},"query-input":"required name=search_term_string"}],"inLanguage":"es"},{"@type":"Organization","@id":"https:\/\/www.padreydecano.com\/cms\/#organization","name":"Padre y Decano","url":"https:\/\/www.padreydecano.com\/cms\/","logo":{"@type":"ImageObject","inLanguage":"es","@id":"https:\/\/www.padreydecano.com\/cms\/#\/schema\/logo\/image\/","url":"https:\/\/www.padreydecano.com\/cms\/wp-content\/uploads\/2022\/01\/avatar-square.png","contentUrl":"https:\/\/www.padreydecano.com\/cms\/wp-content\/uploads\/2022\/01\/avatar-square.png","width":1500,"height":1500,"caption":"Padre y Decano"},"image":{"@id":"https:\/\/www.padreydecano.com\/cms\/#\/schema\/logo\/image\/"}},{"@type":"Person","@id":"https:\/\/www.padreydecano.com\/cms\/#\/schema\/person\/b22191326be6d1c7fa55c2ad137a9a32","name":"Udelar","image":{"@type":"ImageObject","inLanguage":"es","@id":"https:\/\/www.padreydecano.com\/cms\/#\/schema\/person\/image\/","url":"https:\/\/secure.gravatar.com\/avatar\/611ece663b16897a2cd2f46982281225?s=96&d=https%3A%2F%2Fpadreydecano.com%2Fcms%2Fwp-content%2Fthemes%2Fpyd-theme%2Fimg%2Fdefault-avatar.png&r=g","contentUrl":"https:\/\/secure.gravatar.com\/avatar\/611ece663b16897a2cd2f46982281225?s=96&d=https%3A%2F%2Fpadreydecano.com%2Fcms%2Fwp-content%2Fthemes%2Fpyd-theme%2Fimg%2Fdefault-avatar.png&r=g","caption":"Udelar"}}]}},"_links":{"self":[{"href":"https:\/\/www.padreydecano.com\/cms\/wp-json\/wp\/v2\/posts\/75415"}],"collection":[{"href":"https:\/\/www.padreydecano.com\/cms\/wp-json\/wp\/v2\/posts"}],"about":[{"href":"https:\/\/www.padreydecano.com\/cms\/wp-json\/wp\/v2\/types\/post"}],"author":[{"embeddable":true,"href":"https:\/\/www.padreydecano.com\/cms\/wp-json\/wp\/v2\/users\/30"}],"replies":[{"embeddable":true,"href":"https:\/\/www.padreydecano.com\/cms\/wp-json\/wp\/v2\/comments?post=75415"}],"version-history":[{"count":0,"href":"https:\/\/www.padreydecano.com\/cms\/wp-json\/wp\/v2\/posts\/75415\/revisions"}],"wp:featuredmedia":[{"embeddable":true,"href":"https:\/\/www.padreydecano.com\/cms\/wp-json\/wp\/v2\/media\/75328"}],"wp:attachment":[{"href":"https:\/\/www.padreydecano.com\/cms\/wp-json\/wp\/v2\/media?parent=75415"}],"wp:term":[{"taxonomy":"category","embeddable":true,"href":"https:\/\/www.padreydecano.com\/cms\/wp-json\/wp\/v2\/categories?post=75415"},{"taxonomy":"post_tag","embeddable":true,"href":"https:\/\/www.padreydecano.com\/cms\/wp-json\/wp\/v2\/tags?post=75415"}],"curies":[{"name":"wp","href":"https:\/\/api.w.org\/{rel}","templated":true}]}}