{"id":75399,"date":"2021-02-17T21:56:15","date_gmt":"2021-02-18T00:56:15","guid":{"rendered":"http:\/\/www.padreydecano.com\/cms\/?p=75399"},"modified":"2021-02-20T23:53:55","modified_gmt":"2021-02-21T02:53:55","slug":"estaba-cantado","status":"publish","type":"post","link":"https:\/\/www.padreydecano.com\/cms\/noticias\/estaba-cantado\/","title":{"rendered":"Estaba cantado"},"content":{"rendered":"<p style=\"text-align: justify;\"><a href=\"https:\/\/www.padreydecano.com\/cms\/wp-content\/uploads\/2021\/02\/IMG-20210217-WA0050.jpg\" rel=\"shadowbox[sbpost-75399];player=img;\"><img loading=\"lazy\" decoding=\"async\" class=\"aligncenter size-large wp-image-75400\" src=\"https:\/\/www.padreydecano.com\/cms\/wp-content\/uploads\/2021\/02\/IMG-20210217-WA0050-1024x682.jpg\" alt=\"\" width=\"620\" height=\"413\" srcset=\"https:\/\/www.padreydecano.com\/cms\/wp-content\/uploads\/2021\/02\/IMG-20210217-WA0050-1024x682.jpg 1024w, https:\/\/www.padreydecano.com\/cms\/wp-content\/uploads\/2021\/02\/IMG-20210217-WA0050-600x400.jpg 600w, https:\/\/www.padreydecano.com\/cms\/wp-content\/uploads\/2021\/02\/IMG-20210217-WA0050-768x512.jpg 768w, https:\/\/www.padreydecano.com\/cms\/wp-content\/uploads\/2021\/02\/IMG-20210217-WA0050.jpg 1600w\" sizes=\"(max-width: 620px) 100vw, 620px\" \/><\/a>Pe\u00f1arol igual\u00f3 1-1 ante Cerro Largo en el Ubilla y complica su posici\u00f3n en ambas tablas.\u00a0En la hora, se escap\u00f3 la victoria en Melo. Impresentable final de partido.<\/p>\n<p style=\"text-align: justify;\">Multitud de hinchas mirasoles recibieron al equipo en su llegada a Cerro Largo. Algunos m\u00e1s visitaron el entrenamiento y al plantel en la concentraci\u00f3n.<\/p>\n<p style=\"text-align: justify;\">Mauricio Larriera mand\u00f3 a la cancha a: Kevin Dawson; Giovanni Gonz\u00e1lez, Fabricio Formiliano, Gary Kagelmacher, Joaqu\u00edn Piquerez; Agust\u00edn \u00c1lvarez Wallace, Kriszti\u00e1n Vad\u00f3cz, Jes\u00fas Trindade; Facundo Torres, Mat\u00edas Britos y Agust\u00edn \u00c1lvarez Mart\u00ednez.<\/p>\n<p style=\"text-align: justify;\">Banco: Thiago Cardozo, Rodrigo Abascal, Juan Acosta, Valent\u00edn Rodr\u00edguez, Walter Gargano, Cristian Rodr\u00edguez, M\u00e1ximo Alonso, Sergio N\u00fa\u00f1ez, Luis Acevedo y Ariel Nahuelpan.<\/p>\n<p style=\"text-align: justify;\">Primer tiempo<\/p>\n<p style=\"text-align: justify;\">La cancha del Ubilla nunca fue la de mejor estado del campeonato, sumado a la lluvia, que se present\u00f3 intensamente en la previa del partido y luego permaneci\u00f3 calmada durante el encuentro, condicion\u00f3 el accionar de todos los protagonistas en el terreno de juego.<\/p>\n<p style=\"text-align: justify;\">Teniendo esto en cuenta, Pe\u00f1arol intent\u00f3 no arriesgar en el trato con el bal\u00f3n. No regalar pelotas al rival ni tampoco abusar del juego en velocidad.<\/p>\n<p style=\"text-align: justify;\">Muy temprano en el partido, fue amonestado Agust\u00edn \u00c1lvarez Wallace, debido a una entrada fuerte al rival.<\/p>\n<p style=\"text-align: justify;\">Pasado los 10 minutos de juego, le cometen falta a Torres al borde del \u00e1rea que el \u00e1rbitro no sancion\u00f3. Claro agarr\u00f3n al 10 mirasol que se ignor\u00f3.<\/p>\n<p style=\"text-align: justify;\">A los 15 minutos lleg\u00f3 la apertura en el marcador. Torres fue por la izquierda, dispar\u00f3 y en el rebote apareci\u00f3 el canario \u00c1lvarez para convertir. Buen momento del delantero juvenil que posteriormente y con m\u00e1s confianza, probar\u00eda desde afuera del \u00e1rea pasando afuera.<\/p>\n<p style=\"text-align: justify;\">Con la victoria parcial, Cerro Largo intent\u00f3 ir por la igualdad. En primera instancia, a los 23&#8242; Dawson ataj\u00f3 una pelota rastrera al c\u00f3rner. Luego, Kagelmacher desv\u00edo el bal\u00f3n en un remate que iba en direcci\u00f3n al arco.<\/p>\n<p style=\"text-align: justify;\">Despu\u00e9s del gol, el local fue protagonista, llegando m\u00e1s al \u00e1rea carbonera.<\/p>\n<p style=\"text-align: justify;\">Sobre el final del primer tiempo, Dawson volvi\u00f3 a salvar a Pe\u00f1arol. El meta realiz\u00f3 una gran atajada sobre su palo izquierdo. La primera parte culminaba con la m\u00ednima diferencia.<\/p>\n<p style=\"text-align: justify;\">Segundo tiempo<\/p>\n<p style=\"text-align: justify;\">Aunque la lluvia par\u00f3, la cancha nunca se recuper\u00f3, y esto sigui\u00f3 afectando el juego.<\/p>\n<p style=\"text-align: justify;\">El local sigui\u00f3 siendo protagonista en los primeros minutos. Sin mayores jugadas de peligro.<\/p>\n<p style=\"text-align: justify;\">A los 58&#8242; lleg\u00f3 el primer cambio. Ingres\u00f3 Cristian Rodr\u00edguez en lugar del autor del gol, \u00c1lvarez Mart\u00ednez. 2 minutos despu\u00e9s, ingres\u00f3 Walter Gargano por \u00c1lvarez Wallace.<\/p>\n<p style=\"text-align: justify;\">A los 59, nuevamente Dawson se puso la capa de h\u00e9roe, atajando un mano a mano al delantero rival.<\/p>\n<p style=\"text-align: justify;\">De a poco el decano retom\u00f3 su papel en la cancha, mientras que el local generaba varias infracciones que cortaban el juego. No todas fueron amonestadas, pero varias merec\u00edan la tarjeta amarilla.<\/p>\n<p style=\"text-align: justify;\">A los 74&#8242; Larriera realiz\u00f3 3 variantes, pensando en defender el resultado. Ingresaron Rodrigo Abascal, M\u00e1ximo Alonso y Sergio N\u00fa\u00f1ez, en lugar de Vad\u00f3cz, Trindade y Britos. Pasando a un nuevo sistema t\u00e1ctico, 5-2-3.<\/p>\n<p style=\"text-align: justify;\">En los minutos finales, el aurinegro dej\u00f3 jugar al rival, parec\u00eda que no ten\u00eda intenciones de liquidar el encuentro.<\/p>\n<p style=\"text-align: justify;\">En una de las \u00faltimas jugadas, Pe\u00f1arol atac\u00f3 con 3 jugadores ante un defensor y el golero, terminando en un centro que N\u00fa\u00f1ez no pudo concretar. Jugada que no podes desperdiciar, menos en esta clase de partidos.<\/p>\n<p style=\"text-align: justify;\">Ya en la \u00faltima jugada del encuentro, el Aranchan convierte el gol del empate. Un final cantado por el tr\u00e1mite del partido.<\/p>\n<p style=\"text-align: justify;\">Nuevamente Pe\u00f1arol jug\u00f3 mal, superado por el rival, y deja escapar puntos importantes en ambas tablas.<\/p>\n<p style=\"text-align: justify;\">El pr\u00f3ximo fin de semana, el decano jugar\u00e1 en el Viera, ante Wanderers en otro partido que no se pueden dejar puntos.<\/p>\n<div class=\"user-wrapper\"><a class=\"userlink\"href=\"https:\/\/twitter.com\/ftrucce18\" target=\"_blank\"><figure><img decoding=\"async\" src=\"http:\/\/www.padreydecano.com\/cms\/wp-users-files\/postfirmas\/ftrucce.jpg\" \/><\/figure><p class=\"user\"><strong>Franco Trucce<\/strong><br \/>@FTrucce18<\/p><\/a><\/div>\n","protected":false},"excerpt":{"rendered":"<p>Pe\u00f1arol igual\u00f3 1-1 ante Cerro Largo en el Ubilla y complica su posici\u00f3n en ambas tablas.\u00a0En la hora, se escap\u00f3 la victoria en Melo. Impresentable final de partido. Multitud de hinchas mirasoles recibieron al equipo en su llegada a Cerro Largo. Algunos m\u00e1s visitaron el entrenamiento y al plantel en la concentraci\u00f3n. Mauricio Larriera mand\u00f3 [&hellip;]<\/p>\n","protected":false},"author":13,"featured_media":75400,"comment_status":"open","ping_status":"closed","sticky":false,"template":"","format":"standard","meta":{"footnotes":""},"categories":[1,13],"tags":[489],"yoast_head":"<!-- This site is optimized with the Yoast SEO plugin v23.2 - https:\/\/yoast.com\/wordpress\/plugins\/seo\/ -->\n<title>Estaba cantado - Padre y Decano - El Sitio del Pueblo<\/title>\n<meta name=\"robots\" content=\"index, follow, max-snippet:-1, max-image-preview:large, max-video-preview:-1\" \/>\n<link rel=\"canonical\" href=\"https:\/\/www.padreydecano.com\/cms\/noticias\/estaba-cantado\/\" \/>\n<meta property=\"og:locale\" content=\"es_ES\" \/>\n<meta property=\"og:type\" content=\"article\" \/>\n<meta property=\"og:title\" content=\"Estaba cantado - Padre y Decano - El Sitio del Pueblo\" \/>\n<meta property=\"og:description\" content=\"Pe\u00f1arol igual\u00f3 1-1 ante Cerro Largo en el Ubilla y complica su posici\u00f3n en ambas tablas.\u00a0En la hora, se escap\u00f3 la victoria en Melo. Impresentable final de partido. Multitud de hinchas mirasoles recibieron al equipo en su llegada a Cerro Largo. Algunos m\u00e1s visitaron el entrenamiento y al plantel en la concentraci\u00f3n. Mauricio Larriera mand\u00f3 [&hellip;]\" \/>\n<meta property=\"og:url\" content=\"https:\/\/www.padreydecano.com\/cms\/noticias\/estaba-cantado\/\" \/>\n<meta property=\"og:site_name\" content=\"Padre y Decano - El Sitio del Pueblo\" \/>\n<meta property=\"article:published_time\" content=\"2021-02-18T00:56:15+00:00\" \/>\n<meta property=\"article:modified_time\" content=\"2021-02-21T02:53:55+00:00\" \/>\n<meta property=\"og:image\" content=\"https:\/\/www.padreydecano.com\/cms\/wp-content\/uploads\/2021\/02\/IMG-20210217-WA0050.jpg\" \/>\n\t<meta property=\"og:image:width\" content=\"1600\" \/>\n\t<meta property=\"og:image:height\" content=\"1066\" \/>\n\t<meta property=\"og:image:type\" content=\"image\/jpeg\" \/>\n<meta name=\"author\" content=\"Moderador\" \/>\n<meta name=\"twitter:card\" content=\"summary_large_image\" \/>\n<meta name=\"twitter:label1\" content=\"Escrito por\" \/>\n\t<meta name=\"twitter:data1\" content=\"Moderador\" \/>\n\t<meta name=\"twitter:label2\" content=\"Tiempo de lectura\" \/>\n\t<meta name=\"twitter:data2\" content=\"3 minutos\" \/>\n<script type=\"application\/ld+json\" class=\"yoast-schema-graph\">{\"@context\":\"https:\/\/schema.org\",\"@graph\":[{\"@type\":\"Article\",\"@id\":\"https:\/\/www.padreydecano.com\/cms\/noticias\/estaba-cantado\/#article\",\"isPartOf\":{\"@id\":\"https:\/\/www.padreydecano.com\/cms\/noticias\/estaba-cantado\/\"},\"author\":{\"name\":\"Moderador\",\"@id\":\"https:\/\/www.padreydecano.com\/cms\/#\/schema\/person\/d93e9e537230ae052c194251d9a1def2\"},\"headline\":\"Estaba cantado\",\"datePublished\":\"2021-02-18T00:56:15+00:00\",\"dateModified\":\"2021-02-21T02:53:55+00:00\",\"mainEntityOfPage\":{\"@id\":\"https:\/\/www.padreydecano.com\/cms\/noticias\/estaba-cantado\/\"},\"wordCount\":649,\"commentCount\":317,\"publisher\":{\"@id\":\"https:\/\/www.padreydecano.com\/cms\/#organization\"},\"image\":{\"@id\":\"https:\/\/www.padreydecano.com\/cms\/noticias\/estaba-cantado\/#primaryimage\"},\"thumbnailUrl\":\"https:\/\/www.padreydecano.com\/cms\/wp-content\/uploads\/2021\/02\/IMG-20210217-WA0050.jpg\",\"keywords\":[\"Torneo Clausura 2020\"],\"articleSection\":[\"Noticias\",\"Partidos\"],\"inLanguage\":\"es\",\"potentialAction\":[{\"@type\":\"CommentAction\",\"name\":\"Comment\",\"target\":[\"https:\/\/www.padreydecano.com\/cms\/noticias\/estaba-cantado\/#respond\"]}]},{\"@type\":\"WebPage\",\"@id\":\"https:\/\/www.padreydecano.com\/cms\/noticias\/estaba-cantado\/\",\"url\":\"https:\/\/www.padreydecano.com\/cms\/noticias\/estaba-cantado\/\",\"name\":\"Estaba cantado - Padre y Decano - El Sitio del Pueblo\",\"isPartOf\":{\"@id\":\"https:\/\/www.padreydecano.com\/cms\/#website\"},\"primaryImageOfPage\":{\"@id\":\"https:\/\/www.padreydecano.com\/cms\/noticias\/estaba-cantado\/#primaryimage\"},\"image\":{\"@id\":\"https:\/\/www.padreydecano.com\/cms\/noticias\/estaba-cantado\/#primaryimage\"},\"thumbnailUrl\":\"https:\/\/www.padreydecano.com\/cms\/wp-content\/uploads\/2021\/02\/IMG-20210217-WA0050.jpg\",\"datePublished\":\"2021-02-18T00:56:15+00:00\",\"dateModified\":\"2021-02-21T02:53:55+00:00\",\"breadcrumb\":{\"@id\":\"https:\/\/www.padreydecano.com\/cms\/noticias\/estaba-cantado\/#breadcrumb\"},\"inLanguage\":\"es\",\"potentialAction\":[{\"@type\":\"ReadAction\",\"target\":[\"https:\/\/www.padreydecano.com\/cms\/noticias\/estaba-cantado\/\"]}]},{\"@type\":\"ImageObject\",\"inLanguage\":\"es\",\"@id\":\"https:\/\/www.padreydecano.com\/cms\/noticias\/estaba-cantado\/#primaryimage\",\"url\":\"https:\/\/www.padreydecano.com\/cms\/wp-content\/uploads\/2021\/02\/IMG-20210217-WA0050.jpg\",\"contentUrl\":\"https:\/\/www.padreydecano.com\/cms\/wp-content\/uploads\/2021\/02\/IMG-20210217-WA0050.jpg\",\"width\":1600,\"height\":1066},{\"@type\":\"BreadcrumbList\",\"@id\":\"https:\/\/www.padreydecano.com\/cms\/noticias\/estaba-cantado\/#breadcrumb\",\"itemListElement\":[{\"@type\":\"ListItem\",\"position\":1,\"name\":\"Portada\",\"item\":\"https:\/\/www.padreydecano.com\/cms\/\"},{\"@type\":\"ListItem\",\"position\":2,\"name\":\"Estaba cantado\"}]},{\"@type\":\"WebSite\",\"@id\":\"https:\/\/www.padreydecano.com\/cms\/#website\",\"url\":\"https:\/\/www.padreydecano.com\/cms\/\",\"name\":\"Padre y Decano - El Sitio del Pueblo\",\"description\":\"Club Atl\u00e9tico Pe\u00f1arol\",\"publisher\":{\"@id\":\"https:\/\/www.padreydecano.com\/cms\/#organization\"},\"potentialAction\":[{\"@type\":\"SearchAction\",\"target\":{\"@type\":\"EntryPoint\",\"urlTemplate\":\"https:\/\/www.padreydecano.com\/cms\/?s={search_term_string}\"},\"query-input\":\"required name=search_term_string\"}],\"inLanguage\":\"es\"},{\"@type\":\"Organization\",\"@id\":\"https:\/\/www.padreydecano.com\/cms\/#organization\",\"name\":\"Padre y Decano\",\"url\":\"https:\/\/www.padreydecano.com\/cms\/\",\"logo\":{\"@type\":\"ImageObject\",\"inLanguage\":\"es\",\"@id\":\"https:\/\/www.padreydecano.com\/cms\/#\/schema\/logo\/image\/\",\"url\":\"https:\/\/www.padreydecano.com\/cms\/wp-content\/uploads\/2022\/01\/avatar-square.png\",\"contentUrl\":\"https:\/\/www.padreydecano.com\/cms\/wp-content\/uploads\/2022\/01\/avatar-square.png\",\"width\":1500,\"height\":1500,\"caption\":\"Padre y Decano\"},\"image\":{\"@id\":\"https:\/\/www.padreydecano.com\/cms\/#\/schema\/logo\/image\/\"}},{\"@type\":\"Person\",\"@id\":\"https:\/\/www.padreydecano.com\/cms\/#\/schema\/person\/d93e9e537230ae052c194251d9a1def2\",\"name\":\"Moderador\",\"image\":{\"@type\":\"ImageObject\",\"inLanguage\":\"es\",\"@id\":\"https:\/\/www.padreydecano.com\/cms\/#\/schema\/person\/image\/\",\"url\":\"https:\/\/secure.gravatar.com\/avatar\/2587727bf8a53bd3da4ec49f01bea66e?s=96&d=https%3A%2F%2Fpadreydecano.com%2Fcms%2Fwp-content%2Fthemes%2Fpyd-theme%2Fimg%2Fdefault-avatar.png&r=g\",\"contentUrl\":\"https:\/\/secure.gravatar.com\/avatar\/2587727bf8a53bd3da4ec49f01bea66e?s=96&d=https%3A%2F%2Fpadreydecano.com%2Fcms%2Fwp-content%2Fthemes%2Fpyd-theme%2Fimg%2Fdefault-avatar.png&r=g\",\"caption\":\"Moderador\"}}]}<\/script>\n<!-- \/ Yoast SEO plugin. -->","yoast_head_json":{"title":"Estaba cantado - Padre y Decano - El Sitio del Pueblo","robots":{"index":"index","follow":"follow","max-snippet":"max-snippet:-1","max-image-preview":"max-image-preview:large","max-video-preview":"max-video-preview:-1"},"canonical":"https:\/\/www.padreydecano.com\/cms\/noticias\/estaba-cantado\/","og_locale":"es_ES","og_type":"article","og_title":"Estaba cantado - Padre y Decano - El Sitio del Pueblo","og_description":"Pe\u00f1arol igual\u00f3 1-1 ante Cerro Largo en el Ubilla y complica su posici\u00f3n en ambas tablas.\u00a0En la hora, se escap\u00f3 la victoria en Melo. Impresentable final de partido. Multitud de hinchas mirasoles recibieron al equipo en su llegada a Cerro Largo. Algunos m\u00e1s visitaron el entrenamiento y al plantel en la concentraci\u00f3n. Mauricio Larriera mand\u00f3 [&hellip;]","og_url":"https:\/\/www.padreydecano.com\/cms\/noticias\/estaba-cantado\/","og_site_name":"Padre y Decano - El Sitio del Pueblo","article_published_time":"2021-02-18T00:56:15+00:00","article_modified_time":"2021-02-21T02:53:55+00:00","og_image":[{"width":1600,"height":1066,"url":"https:\/\/www.padreydecano.com\/cms\/wp-content\/uploads\/2021\/02\/IMG-20210217-WA0050.jpg","type":"image\/jpeg"}],"author":"Moderador","twitter_card":"summary_large_image","twitter_misc":{"Escrito por":"Moderador","Tiempo de lectura":"3 minutos"},"schema":{"@context":"https:\/\/schema.org","@graph":[{"@type":"Article","@id":"https:\/\/www.padreydecano.com\/cms\/noticias\/estaba-cantado\/#article","isPartOf":{"@id":"https:\/\/www.padreydecano.com\/cms\/noticias\/estaba-cantado\/"},"author":{"name":"Moderador","@id":"https:\/\/www.padreydecano.com\/cms\/#\/schema\/person\/d93e9e537230ae052c194251d9a1def2"},"headline":"Estaba cantado","datePublished":"2021-02-18T00:56:15+00:00","dateModified":"2021-02-21T02:53:55+00:00","mainEntityOfPage":{"@id":"https:\/\/www.padreydecano.com\/cms\/noticias\/estaba-cantado\/"},"wordCount":649,"commentCount":317,"publisher":{"@id":"https:\/\/www.padreydecano.com\/cms\/#organization"},"image":{"@id":"https:\/\/www.padreydecano.com\/cms\/noticias\/estaba-cantado\/#primaryimage"},"thumbnailUrl":"https:\/\/www.padreydecano.com\/cms\/wp-content\/uploads\/2021\/02\/IMG-20210217-WA0050.jpg","keywords":["Torneo Clausura 2020"],"articleSection":["Noticias","Partidos"],"inLanguage":"es","potentialAction":[{"@type":"CommentAction","name":"Comment","target":["https:\/\/www.padreydecano.com\/cms\/noticias\/estaba-cantado\/#respond"]}]},{"@type":"WebPage","@id":"https:\/\/www.padreydecano.com\/cms\/noticias\/estaba-cantado\/","url":"https:\/\/www.padreydecano.com\/cms\/noticias\/estaba-cantado\/","name":"Estaba cantado - Padre y Decano - El Sitio del Pueblo","isPartOf":{"@id":"https:\/\/www.padreydecano.com\/cms\/#website"},"primaryImageOfPage":{"@id":"https:\/\/www.padreydecano.com\/cms\/noticias\/estaba-cantado\/#primaryimage"},"image":{"@id":"https:\/\/www.padreydecano.com\/cms\/noticias\/estaba-cantado\/#primaryimage"},"thumbnailUrl":"https:\/\/www.padreydecano.com\/cms\/wp-content\/uploads\/2021\/02\/IMG-20210217-WA0050.jpg","datePublished":"2021-02-18T00:56:15+00:00","dateModified":"2021-02-21T02:53:55+00:00","breadcrumb":{"@id":"https:\/\/www.padreydecano.com\/cms\/noticias\/estaba-cantado\/#breadcrumb"},"inLanguage":"es","potentialAction":[{"@type":"ReadAction","target":["https:\/\/www.padreydecano.com\/cms\/noticias\/estaba-cantado\/"]}]},{"@type":"ImageObject","inLanguage":"es","@id":"https:\/\/www.padreydecano.com\/cms\/noticias\/estaba-cantado\/#primaryimage","url":"https:\/\/www.padreydecano.com\/cms\/wp-content\/uploads\/2021\/02\/IMG-20210217-WA0050.jpg","contentUrl":"https:\/\/www.padreydecano.com\/cms\/wp-content\/uploads\/2021\/02\/IMG-20210217-WA0050.jpg","width":1600,"height":1066},{"@type":"BreadcrumbList","@id":"https:\/\/www.padreydecano.com\/cms\/noticias\/estaba-cantado\/#breadcrumb","itemListElement":[{"@type":"ListItem","position":1,"name":"Portada","item":"https:\/\/www.padreydecano.com\/cms\/"},{"@type":"ListItem","position":2,"name":"Estaba cantado"}]},{"@type":"WebSite","@id":"https:\/\/www.padreydecano.com\/cms\/#website","url":"https:\/\/www.padreydecano.com\/cms\/","name":"Padre y Decano - El Sitio del Pueblo","description":"Club Atl\u00e9tico Pe\u00f1arol","publisher":{"@id":"https:\/\/www.padreydecano.com\/cms\/#organization"},"potentialAction":[{"@type":"SearchAction","target":{"@type":"EntryPoint","urlTemplate":"https:\/\/www.padreydecano.com\/cms\/?s={search_term_string}"},"query-input":"required name=search_term_string"}],"inLanguage":"es"},{"@type":"Organization","@id":"https:\/\/www.padreydecano.com\/cms\/#organization","name":"Padre y Decano","url":"https:\/\/www.padreydecano.com\/cms\/","logo":{"@type":"ImageObject","inLanguage":"es","@id":"https:\/\/www.padreydecano.com\/cms\/#\/schema\/logo\/image\/","url":"https:\/\/www.padreydecano.com\/cms\/wp-content\/uploads\/2022\/01\/avatar-square.png","contentUrl":"https:\/\/www.padreydecano.com\/cms\/wp-content\/uploads\/2022\/01\/avatar-square.png","width":1500,"height":1500,"caption":"Padre y Decano"},"image":{"@id":"https:\/\/www.padreydecano.com\/cms\/#\/schema\/logo\/image\/"}},{"@type":"Person","@id":"https:\/\/www.padreydecano.com\/cms\/#\/schema\/person\/d93e9e537230ae052c194251d9a1def2","name":"Moderador","image":{"@type":"ImageObject","inLanguage":"es","@id":"https:\/\/www.padreydecano.com\/cms\/#\/schema\/person\/image\/","url":"https:\/\/secure.gravatar.com\/avatar\/2587727bf8a53bd3da4ec49f01bea66e?s=96&d=https%3A%2F%2Fpadreydecano.com%2Fcms%2Fwp-content%2Fthemes%2Fpyd-theme%2Fimg%2Fdefault-avatar.png&r=g","contentUrl":"https:\/\/secure.gravatar.com\/avatar\/2587727bf8a53bd3da4ec49f01bea66e?s=96&d=https%3A%2F%2Fpadreydecano.com%2Fcms%2Fwp-content%2Fthemes%2Fpyd-theme%2Fimg%2Fdefault-avatar.png&r=g","caption":"Moderador"}}]}},"_links":{"self":[{"href":"https:\/\/www.padreydecano.com\/cms\/wp-json\/wp\/v2\/posts\/75399"}],"collection":[{"href":"https:\/\/www.padreydecano.com\/cms\/wp-json\/wp\/v2\/posts"}],"about":[{"href":"https:\/\/www.padreydecano.com\/cms\/wp-json\/wp\/v2\/types\/post"}],"author":[{"embeddable":true,"href":"https:\/\/www.padreydecano.com\/cms\/wp-json\/wp\/v2\/users\/13"}],"replies":[{"embeddable":true,"href":"https:\/\/www.padreydecano.com\/cms\/wp-json\/wp\/v2\/comments?post=75399"}],"version-history":[{"count":0,"href":"https:\/\/www.padreydecano.com\/cms\/wp-json\/wp\/v2\/posts\/75399\/revisions"}],"wp:featuredmedia":[{"embeddable":true,"href":"https:\/\/www.padreydecano.com\/cms\/wp-json\/wp\/v2\/media\/75400"}],"wp:attachment":[{"href":"https:\/\/www.padreydecano.com\/cms\/wp-json\/wp\/v2\/media?parent=75399"}],"wp:term":[{"taxonomy":"category","embeddable":true,"href":"https:\/\/www.padreydecano.com\/cms\/wp-json\/wp\/v2\/categories?post=75399"},{"taxonomy":"post_tag","embeddable":true,"href":"https:\/\/www.padreydecano.com\/cms\/wp-json\/wp\/v2\/tags?post=75399"}],"curies":[{"name":"wp","href":"https:\/\/api.w.org\/{rel}","templated":true}]}}