{"id":75397,"date":"2021-02-16T21:32:35","date_gmt":"2021-02-17T00:32:35","guid":{"rendered":"http:\/\/www.padreydecano.com\/cms\/?p=75397"},"modified":"2021-02-17T21:58:34","modified_gmt":"2021-02-18T00:58:34","slug":"a-melo-en-busca-de-una-victoria","status":"publish","type":"post","link":"https:\/\/www.padreydecano.com\/cms\/noticias\/a-melo-en-busca-de-una-victoria\/","title":{"rendered":"A Melo en busca de una victoria"},"content":{"rendered":"<p><img decoding=\"async\" src=\"https:\/\/www.padreydecano.com\/cms\/wp-content\/uploads\/2020\/08\/WhatsApp-Image-2020-08-27-at-10.05.22-PM.jpeg\" \/><\/p>\n<p style=\"text-align: justify;\"><strong>Pe\u00f1arol visitar\u00e1 a Cerro Largo en el Estadio Ubilla de Melo. Luego de la <a href=\"https:\/\/www.padreydecano.com\/cms\/partidos\/aprovechando-los-traspies\/\" target=\"_blank\" rel=\"noopener\">victoria frente a Rentistas<\/a>, el Decano se medir\u00e1 ante el Arach\u00e1n en busca de puntos vitales para ambas tablas. El encuentro est\u00e1 marcado para las 19:30 hs del mi\u00e9rcoles e ir\u00e1 televisado por VTV.<\/strong><\/p>\n<p style=\"text-align: justify;\">El Carbonero viene de vencer por la m\u00ednima diferencia al Bicho colorado por la fecha n\u00famero 7 del Torneo Clausura. Fue una victoria que le permiti\u00f3 acortar la diferencia en la Tabla Anual y no perder pisada en el actual torneo. Si bien el rendimiento fue muy opaco, el equipo de Mauricio Larriera sum\u00f3 3 puntos importantes frente al campe\u00f3n de la primera rueda.<\/p>\n<p style=\"text-align: justify;\"><span style=\"color: #ffcc00;\"><strong>Convocados<\/strong><\/span><\/p>\n<p><img decoding=\"async\" class=\"aligncenter\" src=\"https:\/\/pbs.twimg.com\/media\/EuWmnQjXYAEGooy?format=jpg&amp;name=4096x4096\" alt=\"Imagen\" \/><\/p>\n<p style=\"text-align: justify;\"><span style=\"color: #ffcc00;\"><strong>Vuelve<\/strong><\/span><\/p>\n<p style=\"text-align: justify;\">Luego de recuperarse de la distensi\u00f3n en el s\u00f3leo, el argentino Ariel Nahuelpan est\u00e1 entre los convocados. Cabe recordar que solamente lleva disputados 84\u00b4 (14\u00b4en el duelo cl\u00e1sico del Torneo Intermedio y 70\u00b4frente a Cerro por la primera fecha del Torneo Clausura).<\/p>\n<p style=\"text-align: justify;\"><span style=\"color: #ffcc00;\"><strong>\u00bfC\u00f3mo viene el local?<\/strong><\/span><\/p>\n<p style=\"text-align: justify;\">Tras un gran arranque goleando a Danubio 3 a 0, el rendimiento de Cerro Largo merm\u00f3 con el correr de las fechas. Actualmente, se ubica en la pen\u00faltima posici\u00f3n de la tabla de posiciones del Clausura con 4 puntos. En la s\u00e9ptima fecha, fue derrota frente al Bohemio por 3 a 1.<\/p>\n<p style=\"text-align: justify;\"><span style=\"color: #ffcc00;\"><strong>\u00daltimos 5 antecedentes<\/strong><\/span><\/p>\n<p style=\"text-align: justify;\"><strong>Torneo Apertura 2013\/14:<\/strong> Cerro Largo 1 \u2013 0 <strong>Pe\u00f1arol<\/strong><\/p>\n<p style=\"text-align: justify;\"><strong>Torneo Clausura 2013\/14:<\/strong> <strong>Pe\u00f1arol<\/strong> 3 \u2013 1 Cerro Largo<\/p>\n<p style=\"text-align: justify;\"><strong>Torneo Apertura 2019<\/strong>: Cerro Largo 1 \u2013 0 <strong>Pe\u00f1arol<\/strong><\/p>\n<p style=\"text-align: justify;\"><strong>Torneo Clausura 2019<\/strong>: <strong>Pe\u00f1arol<\/strong> 2 \u2013 1 Cerro Largo<\/p>\n<p style=\"text-align: justify;\"><strong>Torneo Apertura 2020:<\/strong> <strong>Pe\u00f1arol<\/strong> 2 \u2013 0 Cerro Largo<\/p>\n<p style=\"text-align: justify;\"><span style=\"color: #ffcc00;\"><strong>\u00c1rbitros<\/strong><\/span><\/p>\n<p style=\"text-align: justify;\">Yimmi \u00c1lvarez ser\u00e1 el encargado de impartir justicia entre Arachanes y Carboneros. Mart\u00edn Soppi y Math\u00edas Muniz ser\u00e1n los l\u00edneas del encuentro.<\/p>\n<p style=\"text-align: justify;\"><span style=\"color: #ffcc00;\"><strong>Lo que se viene<\/strong><\/span><\/p>\n<p style=\"text-align: justify;\">Por la novena fecha, Pe\u00f1arol visitar\u00e1 el Estadio Parque Viera para enfrentar a Wanderers. El partido ser\u00e1 el s\u00e1bado 20 de febrero a las 21:45 hs.<\/p>\n<div class=\"user-wrapper\"><a class=\"userlink\" href=\"https:\/\/twitter.com\/mathiaastilve\" target=\"_blank\"><figure><img decoding=\"async\" src=\"http:\/\/www.padreydecano.com\/cms\/wp-users-files\/postfirmas\/mathiastilve.jpg\" \/><\/figure><p class=\"user\"><strong>Mathias Tilve<\/strong><br \/>@mathiaastilve<\/p><\/a><\/div>\n","protected":false},"excerpt":{"rendered":"<p>Pe\u00f1arol visitar\u00e1 a Cerro Largo en el Estadio Ubilla de Melo. Luego de la victoria frente a Rentistas, el Decano se medir\u00e1 ante el Arach\u00e1n en busca de puntos vitales para ambas tablas. El encuentro est\u00e1 marcado para las 19:30 hs del mi\u00e9rcoles e ir\u00e1 televisado por VTV. El Carbonero viene de vencer por la [&hellip;]<\/p>\n","protected":false},"author":30,"featured_media":74286,"comment_status":"open","ping_status":"closed","sticky":false,"template":"","format":"standard","meta":{"footnotes":""},"categories":[1],"tags":[489],"yoast_head":"<!-- This site is optimized with the Yoast SEO plugin v23.2 - https:\/\/yoast.com\/wordpress\/plugins\/seo\/ -->\n<title>A Melo en busca de una victoria - Padre y Decano - El Sitio del Pueblo<\/title>\n<meta name=\"robots\" content=\"index, follow, max-snippet:-1, max-image-preview:large, max-video-preview:-1\" \/>\n<link rel=\"canonical\" href=\"https:\/\/www.padreydecano.com\/cms\/noticias\/a-melo-en-busca-de-una-victoria\/\" \/>\n<meta property=\"og:locale\" content=\"es_ES\" \/>\n<meta property=\"og:type\" content=\"article\" \/>\n<meta property=\"og:title\" content=\"A Melo en busca de una victoria - Padre y Decano - El Sitio del Pueblo\" \/>\n<meta property=\"og:description\" content=\"Pe\u00f1arol visitar\u00e1 a Cerro Largo en el Estadio Ubilla de Melo. Luego de la victoria frente a Rentistas, el Decano se medir\u00e1 ante el Arach\u00e1n en busca de puntos vitales para ambas tablas. El encuentro est\u00e1 marcado para las 19:30 hs del mi\u00e9rcoles e ir\u00e1 televisado por VTV. El Carbonero viene de vencer por la [&hellip;]\" \/>\n<meta property=\"og:url\" content=\"https:\/\/www.padreydecano.com\/cms\/noticias\/a-melo-en-busca-de-una-victoria\/\" \/>\n<meta property=\"og:site_name\" content=\"Padre y Decano - El Sitio del Pueblo\" \/>\n<meta property=\"article:published_time\" content=\"2021-02-17T00:32:35+00:00\" \/>\n<meta property=\"article:modified_time\" content=\"2021-02-18T00:58:34+00:00\" \/>\n<meta property=\"og:image\" content=\"https:\/\/www.padreydecano.com\/cms\/wp-content\/uploads\/2020\/08\/WhatsApp-Image-2020-08-27-at-10.05.22-PM.jpeg\" \/>\n\t<meta property=\"og:image:width\" content=\"1600\" \/>\n\t<meta property=\"og:image:height\" content=\"1066\" \/>\n\t<meta property=\"og:image:type\" content=\"image\/jpeg\" \/>\n<meta name=\"author\" content=\"Udelar\" \/>\n<meta name=\"twitter:card\" content=\"summary_large_image\" \/>\n<meta name=\"twitter:label1\" content=\"Escrito por\" \/>\n\t<meta name=\"twitter:data1\" content=\"Udelar\" \/>\n\t<meta name=\"twitter:label2\" content=\"Tiempo de lectura\" \/>\n\t<meta name=\"twitter:data2\" content=\"2 minutos\" \/>\n<script type=\"application\/ld+json\" class=\"yoast-schema-graph\">{\"@context\":\"https:\/\/schema.org\",\"@graph\":[{\"@type\":\"Article\",\"@id\":\"https:\/\/www.padreydecano.com\/cms\/noticias\/a-melo-en-busca-de-una-victoria\/#article\",\"isPartOf\":{\"@id\":\"https:\/\/www.padreydecano.com\/cms\/noticias\/a-melo-en-busca-de-una-victoria\/\"},\"author\":{\"name\":\"Udelar\",\"@id\":\"https:\/\/www.padreydecano.com\/cms\/#\/schema\/person\/b22191326be6d1c7fa55c2ad137a9a32\"},\"headline\":\"A Melo en busca de una victoria\",\"datePublished\":\"2021-02-17T00:32:35+00:00\",\"dateModified\":\"2021-02-18T00:58:34+00:00\",\"mainEntityOfPage\":{\"@id\":\"https:\/\/www.padreydecano.com\/cms\/noticias\/a-melo-en-busca-de-una-victoria\/\"},\"wordCount\":313,\"commentCount\":60,\"publisher\":{\"@id\":\"https:\/\/www.padreydecano.com\/cms\/#organization\"},\"image\":{\"@id\":\"https:\/\/www.padreydecano.com\/cms\/noticias\/a-melo-en-busca-de-una-victoria\/#primaryimage\"},\"thumbnailUrl\":\"https:\/\/www.padreydecano.com\/cms\/wp-content\/uploads\/2020\/08\/WhatsApp-Image-2020-08-27-at-10.05.22-PM.jpeg\",\"keywords\":[\"Torneo Clausura 2020\"],\"articleSection\":[\"Noticias\"],\"inLanguage\":\"es\",\"potentialAction\":[{\"@type\":\"CommentAction\",\"name\":\"Comment\",\"target\":[\"https:\/\/www.padreydecano.com\/cms\/noticias\/a-melo-en-busca-de-una-victoria\/#respond\"]}]},{\"@type\":\"WebPage\",\"@id\":\"https:\/\/www.padreydecano.com\/cms\/noticias\/a-melo-en-busca-de-una-victoria\/\",\"url\":\"https:\/\/www.padreydecano.com\/cms\/noticias\/a-melo-en-busca-de-una-victoria\/\",\"name\":\"A Melo en busca de una victoria - Padre y Decano - El Sitio del Pueblo\",\"isPartOf\":{\"@id\":\"https:\/\/www.padreydecano.com\/cms\/#website\"},\"primaryImageOfPage\":{\"@id\":\"https:\/\/www.padreydecano.com\/cms\/noticias\/a-melo-en-busca-de-una-victoria\/#primaryimage\"},\"image\":{\"@id\":\"https:\/\/www.padreydecano.com\/cms\/noticias\/a-melo-en-busca-de-una-victoria\/#primaryimage\"},\"thumbnailUrl\":\"https:\/\/www.padreydecano.com\/cms\/wp-content\/uploads\/2020\/08\/WhatsApp-Image-2020-08-27-at-10.05.22-PM.jpeg\",\"datePublished\":\"2021-02-17T00:32:35+00:00\",\"dateModified\":\"2021-02-18T00:58:34+00:00\",\"breadcrumb\":{\"@id\":\"https:\/\/www.padreydecano.com\/cms\/noticias\/a-melo-en-busca-de-una-victoria\/#breadcrumb\"},\"inLanguage\":\"es\",\"potentialAction\":[{\"@type\":\"ReadAction\",\"target\":[\"https:\/\/www.padreydecano.com\/cms\/noticias\/a-melo-en-busca-de-una-victoria\/\"]}]},{\"@type\":\"ImageObject\",\"inLanguage\":\"es\",\"@id\":\"https:\/\/www.padreydecano.com\/cms\/noticias\/a-melo-en-busca-de-una-victoria\/#primaryimage\",\"url\":\"https:\/\/www.padreydecano.com\/cms\/wp-content\/uploads\/2020\/08\/WhatsApp-Image-2020-08-27-at-10.05.22-PM.jpeg\",\"contentUrl\":\"https:\/\/www.padreydecano.com\/cms\/wp-content\/uploads\/2020\/08\/WhatsApp-Image-2020-08-27-at-10.05.22-PM.jpeg\",\"width\":1600,\"height\":1066},{\"@type\":\"BreadcrumbList\",\"@id\":\"https:\/\/www.padreydecano.com\/cms\/noticias\/a-melo-en-busca-de-una-victoria\/#breadcrumb\",\"itemListElement\":[{\"@type\":\"ListItem\",\"position\":1,\"name\":\"Portada\",\"item\":\"https:\/\/www.padreydecano.com\/cms\/\"},{\"@type\":\"ListItem\",\"position\":2,\"name\":\"A Melo en busca de una victoria\"}]},{\"@type\":\"WebSite\",\"@id\":\"https:\/\/www.padreydecano.com\/cms\/#website\",\"url\":\"https:\/\/www.padreydecano.com\/cms\/\",\"name\":\"Padre y Decano - El Sitio del Pueblo\",\"description\":\"Club Atl\u00e9tico Pe\u00f1arol\",\"publisher\":{\"@id\":\"https:\/\/www.padreydecano.com\/cms\/#organization\"},\"potentialAction\":[{\"@type\":\"SearchAction\",\"target\":{\"@type\":\"EntryPoint\",\"urlTemplate\":\"https:\/\/www.padreydecano.com\/cms\/?s={search_term_string}\"},\"query-input\":\"required name=search_term_string\"}],\"inLanguage\":\"es\"},{\"@type\":\"Organization\",\"@id\":\"https:\/\/www.padreydecano.com\/cms\/#organization\",\"name\":\"Padre y Decano\",\"url\":\"https:\/\/www.padreydecano.com\/cms\/\",\"logo\":{\"@type\":\"ImageObject\",\"inLanguage\":\"es\",\"@id\":\"https:\/\/www.padreydecano.com\/cms\/#\/schema\/logo\/image\/\",\"url\":\"https:\/\/www.padreydecano.com\/cms\/wp-content\/uploads\/2022\/01\/avatar-square.png\",\"contentUrl\":\"https:\/\/www.padreydecano.com\/cms\/wp-content\/uploads\/2022\/01\/avatar-square.png\",\"width\":1500,\"height\":1500,\"caption\":\"Padre y Decano\"},\"image\":{\"@id\":\"https:\/\/www.padreydecano.com\/cms\/#\/schema\/logo\/image\/\"}},{\"@type\":\"Person\",\"@id\":\"https:\/\/www.padreydecano.com\/cms\/#\/schema\/person\/b22191326be6d1c7fa55c2ad137a9a32\",\"name\":\"Udelar\",\"image\":{\"@type\":\"ImageObject\",\"inLanguage\":\"es\",\"@id\":\"https:\/\/www.padreydecano.com\/cms\/#\/schema\/person\/image\/\",\"url\":\"https:\/\/secure.gravatar.com\/avatar\/611ece663b16897a2cd2f46982281225?s=96&d=https%3A%2F%2Fpadreydecano.com%2Fcms%2Fwp-content%2Fthemes%2Fpyd-theme%2Fimg%2Fdefault-avatar.png&r=g\",\"contentUrl\":\"https:\/\/secure.gravatar.com\/avatar\/611ece663b16897a2cd2f46982281225?s=96&d=https%3A%2F%2Fpadreydecano.com%2Fcms%2Fwp-content%2Fthemes%2Fpyd-theme%2Fimg%2Fdefault-avatar.png&r=g\",\"caption\":\"Udelar\"}}]}<\/script>\n<!-- \/ Yoast SEO plugin. -->","yoast_head_json":{"title":"A Melo en busca de una victoria - Padre y Decano - El Sitio del Pueblo","robots":{"index":"index","follow":"follow","max-snippet":"max-snippet:-1","max-image-preview":"max-image-preview:large","max-video-preview":"max-video-preview:-1"},"canonical":"https:\/\/www.padreydecano.com\/cms\/noticias\/a-melo-en-busca-de-una-victoria\/","og_locale":"es_ES","og_type":"article","og_title":"A Melo en busca de una victoria - Padre y Decano - El Sitio del Pueblo","og_description":"Pe\u00f1arol visitar\u00e1 a Cerro Largo en el Estadio Ubilla de Melo. Luego de la victoria frente a Rentistas, el Decano se medir\u00e1 ante el Arach\u00e1n en busca de puntos vitales para ambas tablas. El encuentro est\u00e1 marcado para las 19:30 hs del mi\u00e9rcoles e ir\u00e1 televisado por VTV. El Carbonero viene de vencer por la [&hellip;]","og_url":"https:\/\/www.padreydecano.com\/cms\/noticias\/a-melo-en-busca-de-una-victoria\/","og_site_name":"Padre y Decano - El Sitio del Pueblo","article_published_time":"2021-02-17T00:32:35+00:00","article_modified_time":"2021-02-18T00:58:34+00:00","og_image":[{"width":1600,"height":1066,"url":"https:\/\/www.padreydecano.com\/cms\/wp-content\/uploads\/2020\/08\/WhatsApp-Image-2020-08-27-at-10.05.22-PM.jpeg","type":"image\/jpeg"}],"author":"Udelar","twitter_card":"summary_large_image","twitter_misc":{"Escrito por":"Udelar","Tiempo de lectura":"2 minutos"},"schema":{"@context":"https:\/\/schema.org","@graph":[{"@type":"Article","@id":"https:\/\/www.padreydecano.com\/cms\/noticias\/a-melo-en-busca-de-una-victoria\/#article","isPartOf":{"@id":"https:\/\/www.padreydecano.com\/cms\/noticias\/a-melo-en-busca-de-una-victoria\/"},"author":{"name":"Udelar","@id":"https:\/\/www.padreydecano.com\/cms\/#\/schema\/person\/b22191326be6d1c7fa55c2ad137a9a32"},"headline":"A Melo en busca de una victoria","datePublished":"2021-02-17T00:32:35+00:00","dateModified":"2021-02-18T00:58:34+00:00","mainEntityOfPage":{"@id":"https:\/\/www.padreydecano.com\/cms\/noticias\/a-melo-en-busca-de-una-victoria\/"},"wordCount":313,"commentCount":60,"publisher":{"@id":"https:\/\/www.padreydecano.com\/cms\/#organization"},"image":{"@id":"https:\/\/www.padreydecano.com\/cms\/noticias\/a-melo-en-busca-de-una-victoria\/#primaryimage"},"thumbnailUrl":"https:\/\/www.padreydecano.com\/cms\/wp-content\/uploads\/2020\/08\/WhatsApp-Image-2020-08-27-at-10.05.22-PM.jpeg","keywords":["Torneo Clausura 2020"],"articleSection":["Noticias"],"inLanguage":"es","potentialAction":[{"@type":"CommentAction","name":"Comment","target":["https:\/\/www.padreydecano.com\/cms\/noticias\/a-melo-en-busca-de-una-victoria\/#respond"]}]},{"@type":"WebPage","@id":"https:\/\/www.padreydecano.com\/cms\/noticias\/a-melo-en-busca-de-una-victoria\/","url":"https:\/\/www.padreydecano.com\/cms\/noticias\/a-melo-en-busca-de-una-victoria\/","name":"A Melo en busca de una victoria - Padre y Decano - El Sitio del Pueblo","isPartOf":{"@id":"https:\/\/www.padreydecano.com\/cms\/#website"},"primaryImageOfPage":{"@id":"https:\/\/www.padreydecano.com\/cms\/noticias\/a-melo-en-busca-de-una-victoria\/#primaryimage"},"image":{"@id":"https:\/\/www.padreydecano.com\/cms\/noticias\/a-melo-en-busca-de-una-victoria\/#primaryimage"},"thumbnailUrl":"https:\/\/www.padreydecano.com\/cms\/wp-content\/uploads\/2020\/08\/WhatsApp-Image-2020-08-27-at-10.05.22-PM.jpeg","datePublished":"2021-02-17T00:32:35+00:00","dateModified":"2021-02-18T00:58:34+00:00","breadcrumb":{"@id":"https:\/\/www.padreydecano.com\/cms\/noticias\/a-melo-en-busca-de-una-victoria\/#breadcrumb"},"inLanguage":"es","potentialAction":[{"@type":"ReadAction","target":["https:\/\/www.padreydecano.com\/cms\/noticias\/a-melo-en-busca-de-una-victoria\/"]}]},{"@type":"ImageObject","inLanguage":"es","@id":"https:\/\/www.padreydecano.com\/cms\/noticias\/a-melo-en-busca-de-una-victoria\/#primaryimage","url":"https:\/\/www.padreydecano.com\/cms\/wp-content\/uploads\/2020\/08\/WhatsApp-Image-2020-08-27-at-10.05.22-PM.jpeg","contentUrl":"https:\/\/www.padreydecano.com\/cms\/wp-content\/uploads\/2020\/08\/WhatsApp-Image-2020-08-27-at-10.05.22-PM.jpeg","width":1600,"height":1066},{"@type":"BreadcrumbList","@id":"https:\/\/www.padreydecano.com\/cms\/noticias\/a-melo-en-busca-de-una-victoria\/#breadcrumb","itemListElement":[{"@type":"ListItem","position":1,"name":"Portada","item":"https:\/\/www.padreydecano.com\/cms\/"},{"@type":"ListItem","position":2,"name":"A Melo en busca de una victoria"}]},{"@type":"WebSite","@id":"https:\/\/www.padreydecano.com\/cms\/#website","url":"https:\/\/www.padreydecano.com\/cms\/","name":"Padre y Decano - El Sitio del Pueblo","description":"Club Atl\u00e9tico Pe\u00f1arol","publisher":{"@id":"https:\/\/www.padreydecano.com\/cms\/#organization"},"potentialAction":[{"@type":"SearchAction","target":{"@type":"EntryPoint","urlTemplate":"https:\/\/www.padreydecano.com\/cms\/?s={search_term_string}"},"query-input":"required name=search_term_string"}],"inLanguage":"es"},{"@type":"Organization","@id":"https:\/\/www.padreydecano.com\/cms\/#organization","name":"Padre y Decano","url":"https:\/\/www.padreydecano.com\/cms\/","logo":{"@type":"ImageObject","inLanguage":"es","@id":"https:\/\/www.padreydecano.com\/cms\/#\/schema\/logo\/image\/","url":"https:\/\/www.padreydecano.com\/cms\/wp-content\/uploads\/2022\/01\/avatar-square.png","contentUrl":"https:\/\/www.padreydecano.com\/cms\/wp-content\/uploads\/2022\/01\/avatar-square.png","width":1500,"height":1500,"caption":"Padre y Decano"},"image":{"@id":"https:\/\/www.padreydecano.com\/cms\/#\/schema\/logo\/image\/"}},{"@type":"Person","@id":"https:\/\/www.padreydecano.com\/cms\/#\/schema\/person\/b22191326be6d1c7fa55c2ad137a9a32","name":"Udelar","image":{"@type":"ImageObject","inLanguage":"es","@id":"https:\/\/www.padreydecano.com\/cms\/#\/schema\/person\/image\/","url":"https:\/\/secure.gravatar.com\/avatar\/611ece663b16897a2cd2f46982281225?s=96&d=https%3A%2F%2Fpadreydecano.com%2Fcms%2Fwp-content%2Fthemes%2Fpyd-theme%2Fimg%2Fdefault-avatar.png&r=g","contentUrl":"https:\/\/secure.gravatar.com\/avatar\/611ece663b16897a2cd2f46982281225?s=96&d=https%3A%2F%2Fpadreydecano.com%2Fcms%2Fwp-content%2Fthemes%2Fpyd-theme%2Fimg%2Fdefault-avatar.png&r=g","caption":"Udelar"}}]}},"_links":{"self":[{"href":"https:\/\/www.padreydecano.com\/cms\/wp-json\/wp\/v2\/posts\/75397"}],"collection":[{"href":"https:\/\/www.padreydecano.com\/cms\/wp-json\/wp\/v2\/posts"}],"about":[{"href":"https:\/\/www.padreydecano.com\/cms\/wp-json\/wp\/v2\/types\/post"}],"author":[{"embeddable":true,"href":"https:\/\/www.padreydecano.com\/cms\/wp-json\/wp\/v2\/users\/30"}],"replies":[{"embeddable":true,"href":"https:\/\/www.padreydecano.com\/cms\/wp-json\/wp\/v2\/comments?post=75397"}],"version-history":[{"count":0,"href":"https:\/\/www.padreydecano.com\/cms\/wp-json\/wp\/v2\/posts\/75397\/revisions"}],"wp:featuredmedia":[{"embeddable":true,"href":"https:\/\/www.padreydecano.com\/cms\/wp-json\/wp\/v2\/media\/74286"}],"wp:attachment":[{"href":"https:\/\/www.padreydecano.com\/cms\/wp-json\/wp\/v2\/media?parent=75397"}],"wp:term":[{"taxonomy":"category","embeddable":true,"href":"https:\/\/www.padreydecano.com\/cms\/wp-json\/wp\/v2\/categories?post=75397"},{"taxonomy":"post_tag","embeddable":true,"href":"https:\/\/www.padreydecano.com\/cms\/wp-json\/wp\/v2\/tags?post=75397"}],"curies":[{"name":"wp","href":"https:\/\/api.w.org\/{rel}","templated":true}]}}