{"id":75377,"date":"2021-02-13T19:09:38","date_gmt":"2021-02-13T22:09:38","guid":{"rendered":"http:\/\/www.padreydecano.com\/cms\/?p=75377"},"modified":"2021-02-14T19:11:11","modified_gmt":"2021-02-14T22:11:11","slug":"todo-o-nada-2","status":"publish","type":"post","link":"https:\/\/www.padreydecano.com\/cms\/noticias\/todo-o-nada-2\/","title":{"rendered":"Todo o nada"},"content":{"rendered":"<p><img loading=\"lazy\" decoding=\"async\" class=\"size-full wp-image-75372\" src=\"https:\/\/www.padreydecano.com\/cms\/wp-content\/uploads\/2021\/02\/Et_Cr7bWYAU93LO.jpg\" alt=\"\" width=\"2048\" height=\"1382\" srcset=\"https:\/\/www.padreydecano.com\/cms\/wp-content\/uploads\/2021\/02\/Et_Cr7bWYAU93LO.jpg 2048w, https:\/\/www.padreydecano.com\/cms\/wp-content\/uploads\/2021\/02\/Et_Cr7bWYAU93LO-600x405.jpg 600w, https:\/\/www.padreydecano.com\/cms\/wp-content\/uploads\/2021\/02\/Et_Cr7bWYAU93LO-768x518.jpg 768w, https:\/\/www.padreydecano.com\/cms\/wp-content\/uploads\/2021\/02\/Et_Cr7bWYAU93LO-1024x691.jpg 1024w\" sizes=\"(max-width: 2048px) 100vw, 2048px\" \/><\/p>\n<p style=\"text-align: justify;\"><strong>Pe\u00f1arol visitar\u00e1 ma\u00f1ana a Rentistas por la s\u00e9ptima fecha del Torneo Clausura a las 17:00 hs. en el Complejo Rentistas. E<\/strong><strong>l Decano deber\u00e1 volver a la victoria luego del traspi\u00e9 sufrido en el empate frente a Deportivo Maldonado. El partido ser\u00e1 televisado por VTV.<\/strong><\/p>\n<p style=\"text-align: justify;\">Dif\u00edcil de creer que las posibilidades de Pe\u00f1arol por entrar a la Copa Libertadores pendan de un hilo. La reciente igualdad frente a Deportivo Maldonado fue un balde de agua fr\u00eda para el equipo de Mauricio Larriera, que a la falta de creaci\u00f3n de juego, se le suma bajos rendimientos, lesiones y ausencias.<\/p>\n<p style=\"text-align: justify;\"><span style=\"color: #ffcc00;\"><strong>Equipo probable:<\/strong><\/span><\/p>\n<p style=\"text-align: justify;\">Kevin Dawson; Giovanni Gonz\u00e1lez, Fabricio Formiliano, Gary Kagelmacher, Joaqu\u00edn Piquerez; Kriszti\u00e1n Vad\u00f3cz, Agust\u00edn \u00c1lvarez Wallace, Jes\u00fas Trindade; Facundo Torres; Mat\u00edas Britos y Agust\u00edn \u00c1lvarez Mart\u00ednez.<\/p>\n<p style=\"text-align: justify;\"><span style=\"color: #ffcc00;\"><strong>Vuelven<\/strong><\/span><\/p>\n<p style=\"text-align: justify;\">Tras cumplir la sanci\u00f3n por llegar a la quinta amarilla, Gary Kagelmacher y Rodrigo Abascal quedaron habilitados para el encuentro del pr\u00f3ximo domingo.<\/p>\n<p style=\"text-align: justify;\"><span style=\"color: #ffcc00;\"><strong>Con vista a la Copa Libertadores<\/strong><\/span><\/p>\n<p style=\"text-align: justify;\">Si bien a\u00fan faltan varias fechas para la finalizaci\u00f3n del Torneo Clausura, Pe\u00f1arol mira de reojo la tabla de posiciones en base a los puestos de Copa Libertadores. \u00a0Cabe recordar que, el pr\u00f3ximo domingo 21 de febrero, se tomar\u00e1 de nuevo la \u201cfotograf\u00eda\u201d de la tabla anual para conocer al equipo que ser\u00e1 Uruguay 3. Actualmente, el Mirasol ocupa dicho lugar.<\/p>\n<p style=\"text-align: justify;\"><span style=\"color: #ffcc00;\"><strong>\u00bfC\u00f3mo viene el local?<\/strong><\/span><\/p>\n<p style=\"text-align: justify;\">Dos caras de Rentistas. Por un lado, la del campe\u00f3n del Torneo Apertura, venciendo al tradicional rival por m\u00ednima diferencia. Con varias bajas, afront\u00f3 el Torneo Clausura, en la que suma 5 puntos, producto de una victoria, dos empates y tres derrotas. El \u201cBicho colorado\u201d tiene un lugar asegurado en semifinales del Campeonato Uruguayo.<\/p>\n<p style=\"text-align: justify;\"><span style=\"color: #ffcc00;\"><strong>\u00daltimos 5 antecedentes<\/strong><\/span><\/p>\n<p style=\"text-align: justify;\"><strong>Torneo Apertura 14\/15<\/strong> \u2013 <span style=\"color: #ffcc00;\"><strong>Pe\u00f1arol<\/strong> <\/span>4 \u2013 0 Rentistas<\/p>\n<p style=\"text-align: justify;\"><strong>Torneo Clausura 14\/15<\/strong> \u2013 Rentistas 0 \u2013 2 <span style=\"color: #ffcc00;\"><strong>Pe\u00f1arol<\/strong><\/span><\/p>\n<p style=\"text-align: justify;\"><strong>Torneo Apertura 15\/16<\/strong> \u2013 <span style=\"color: #ffcc00;\"><strong>Pe\u00f1arol<\/strong> <\/span>1 \u2013 0 Rentistas<\/p>\n<p style=\"text-align: justify;\"><strong>Torneo Clausura 15\/16<\/strong> \u2013 Rentistas 1 \u2013 3 <span style=\"color: #ffcc00;\"><strong>Pe\u00f1arol<\/strong><\/span><\/p>\n<p style=\"text-align: justify;\"><strong>Torneo Apertura 2020 \u2013 <span style=\"color: #ffcc00;\">Pe\u00f1arol<\/span> 2 \u2013 <\/strong>2 Rentistas<\/p>\n<p style=\"text-align: justify;\"><span style=\"color: #ffcc00;\"><strong>\u00c1rbitros<\/strong><\/span><\/p>\n<p style=\"text-align: justify;\">Diego Riveiro ser\u00e1 el encargado principal del partido. Carlos Barreiro y H\u00e9ctor Bergalo fueron designados los l\u00edneas del encuentro.<\/p>\n<p style=\"text-align: justify;\"><span style=\"color: #ffcc00;\"><strong>Lo que se viene<\/strong><\/span><\/p>\n<p style=\"text-align: justify;\">Cuatro partidos de visita. Cuatro partidos que definen el futuro del Campeonato Uruguayo. Una vez finalizado el encuentro frente a Rentistas, Pe\u00f1arol tendr\u00e1 que viajar a Cerro Largo para enfrentar al Arach\u00e1n. Posteriormente se medir\u00e1 con Wanderers en el Parque Viera y a Liverpool en Belvedere. Todo o nada.<\/p>\n<div class=\"user-wrapper\"><a class=\"userlink\" href=\"https:\/\/twitter.com\/mathiaastilve\" target=\"_blank\"><figure><img decoding=\"async\" src=\"http:\/\/www.padreydecano.com\/cms\/wp-users-files\/postfirmas\/mathiastilve.jpg\" \/><\/figure><p class=\"user\"><strong>Mathias Tilve<\/strong><br \/>@mathiaastilve<\/p><\/a><\/div>\n","protected":false},"excerpt":{"rendered":"<p>Pe\u00f1arol visitar\u00e1 ma\u00f1ana a Rentistas por la s\u00e9ptima fecha del Torneo Clausura a las 17:00 hs. en el Complejo Rentistas. El Decano deber\u00e1 volver a la victoria luego del traspi\u00e9 sufrido en el empate frente a Deportivo Maldonado. El partido ser\u00e1 televisado por VTV. Dif\u00edcil de creer que las posibilidades de Pe\u00f1arol por entrar a [&hellip;]<\/p>\n","protected":false},"author":30,"featured_media":75372,"comment_status":"open","ping_status":"closed","sticky":false,"template":"","format":"standard","meta":{"footnotes":""},"categories":[1],"tags":[489],"yoast_head":"<!-- This site is optimized with the Yoast SEO plugin v23.2 - https:\/\/yoast.com\/wordpress\/plugins\/seo\/ -->\n<title>Todo o nada - Padre y Decano - El Sitio del Pueblo<\/title>\n<meta name=\"robots\" content=\"index, follow, max-snippet:-1, max-image-preview:large, max-video-preview:-1\" \/>\n<link rel=\"canonical\" href=\"https:\/\/www.padreydecano.com\/cms\/noticias\/todo-o-nada-2\/\" \/>\n<meta property=\"og:locale\" content=\"es_ES\" \/>\n<meta property=\"og:type\" content=\"article\" \/>\n<meta property=\"og:title\" content=\"Todo o nada - Padre y Decano - El Sitio del Pueblo\" \/>\n<meta property=\"og:description\" content=\"Pe\u00f1arol visitar\u00e1 ma\u00f1ana a Rentistas por la s\u00e9ptima fecha del Torneo Clausura a las 17:00 hs. en el Complejo Rentistas. El Decano deber\u00e1 volver a la victoria luego del traspi\u00e9 sufrido en el empate frente a Deportivo Maldonado. El partido ser\u00e1 televisado por VTV. Dif\u00edcil de creer que las posibilidades de Pe\u00f1arol por entrar a [&hellip;]\" \/>\n<meta property=\"og:url\" content=\"https:\/\/www.padreydecano.com\/cms\/noticias\/todo-o-nada-2\/\" \/>\n<meta property=\"og:site_name\" content=\"Padre y Decano - El Sitio del Pueblo\" \/>\n<meta property=\"article:published_time\" content=\"2021-02-13T22:09:38+00:00\" \/>\n<meta property=\"article:modified_time\" content=\"2021-02-14T22:11:11+00:00\" \/>\n<meta property=\"og:image\" content=\"https:\/\/www.padreydecano.com\/cms\/wp-content\/uploads\/2021\/02\/Et_Cr7bWYAU93LO.jpg\" \/>\n\t<meta property=\"og:image:width\" content=\"2048\" \/>\n\t<meta property=\"og:image:height\" content=\"1382\" \/>\n\t<meta property=\"og:image:type\" content=\"image\/jpeg\" \/>\n<meta name=\"author\" content=\"Udelar\" \/>\n<meta name=\"twitter:card\" content=\"summary_large_image\" \/>\n<meta name=\"twitter:label1\" content=\"Escrito por\" \/>\n\t<meta name=\"twitter:data1\" content=\"Udelar\" \/>\n\t<meta name=\"twitter:label2\" content=\"Tiempo de lectura\" \/>\n\t<meta name=\"twitter:data2\" content=\"2 minutos\" \/>\n<script type=\"application\/ld+json\" class=\"yoast-schema-graph\">{\"@context\":\"https:\/\/schema.org\",\"@graph\":[{\"@type\":\"Article\",\"@id\":\"https:\/\/www.padreydecano.com\/cms\/noticias\/todo-o-nada-2\/#article\",\"isPartOf\":{\"@id\":\"https:\/\/www.padreydecano.com\/cms\/noticias\/todo-o-nada-2\/\"},\"author\":{\"name\":\"Udelar\",\"@id\":\"https:\/\/www.padreydecano.com\/cms\/#\/schema\/person\/b22191326be6d1c7fa55c2ad137a9a32\"},\"headline\":\"Todo o nada\",\"datePublished\":\"2021-02-13T22:09:38+00:00\",\"dateModified\":\"2021-02-14T22:11:11+00:00\",\"mainEntityOfPage\":{\"@id\":\"https:\/\/www.padreydecano.com\/cms\/noticias\/todo-o-nada-2\/\"},\"wordCount\":404,\"commentCount\":52,\"publisher\":{\"@id\":\"https:\/\/www.padreydecano.com\/cms\/#organization\"},\"image\":{\"@id\":\"https:\/\/www.padreydecano.com\/cms\/noticias\/todo-o-nada-2\/#primaryimage\"},\"thumbnailUrl\":\"https:\/\/www.padreydecano.com\/cms\/wp-content\/uploads\/2021\/02\/Et_Cr7bWYAU93LO.jpg\",\"keywords\":[\"Torneo Clausura 2020\"],\"articleSection\":[\"Noticias\"],\"inLanguage\":\"es\",\"potentialAction\":[{\"@type\":\"CommentAction\",\"name\":\"Comment\",\"target\":[\"https:\/\/www.padreydecano.com\/cms\/noticias\/todo-o-nada-2\/#respond\"]}]},{\"@type\":\"WebPage\",\"@id\":\"https:\/\/www.padreydecano.com\/cms\/noticias\/todo-o-nada-2\/\",\"url\":\"https:\/\/www.padreydecano.com\/cms\/noticias\/todo-o-nada-2\/\",\"name\":\"Todo o nada - Padre y Decano - El Sitio del Pueblo\",\"isPartOf\":{\"@id\":\"https:\/\/www.padreydecano.com\/cms\/#website\"},\"primaryImageOfPage\":{\"@id\":\"https:\/\/www.padreydecano.com\/cms\/noticias\/todo-o-nada-2\/#primaryimage\"},\"image\":{\"@id\":\"https:\/\/www.padreydecano.com\/cms\/noticias\/todo-o-nada-2\/#primaryimage\"},\"thumbnailUrl\":\"https:\/\/www.padreydecano.com\/cms\/wp-content\/uploads\/2021\/02\/Et_Cr7bWYAU93LO.jpg\",\"datePublished\":\"2021-02-13T22:09:38+00:00\",\"dateModified\":\"2021-02-14T22:11:11+00:00\",\"breadcrumb\":{\"@id\":\"https:\/\/www.padreydecano.com\/cms\/noticias\/todo-o-nada-2\/#breadcrumb\"},\"inLanguage\":\"es\",\"potentialAction\":[{\"@type\":\"ReadAction\",\"target\":[\"https:\/\/www.padreydecano.com\/cms\/noticias\/todo-o-nada-2\/\"]}]},{\"@type\":\"ImageObject\",\"inLanguage\":\"es\",\"@id\":\"https:\/\/www.padreydecano.com\/cms\/noticias\/todo-o-nada-2\/#primaryimage\",\"url\":\"https:\/\/www.padreydecano.com\/cms\/wp-content\/uploads\/2021\/02\/Et_Cr7bWYAU93LO.jpg\",\"contentUrl\":\"https:\/\/www.padreydecano.com\/cms\/wp-content\/uploads\/2021\/02\/Et_Cr7bWYAU93LO.jpg\",\"width\":2048,\"height\":1382},{\"@type\":\"BreadcrumbList\",\"@id\":\"https:\/\/www.padreydecano.com\/cms\/noticias\/todo-o-nada-2\/#breadcrumb\",\"itemListElement\":[{\"@type\":\"ListItem\",\"position\":1,\"name\":\"Portada\",\"item\":\"https:\/\/www.padreydecano.com\/cms\/\"},{\"@type\":\"ListItem\",\"position\":2,\"name\":\"Todo o nada\"}]},{\"@type\":\"WebSite\",\"@id\":\"https:\/\/www.padreydecano.com\/cms\/#website\",\"url\":\"https:\/\/www.padreydecano.com\/cms\/\",\"name\":\"Padre y Decano - El Sitio del Pueblo\",\"description\":\"Club Atl\u00e9tico Pe\u00f1arol\",\"publisher\":{\"@id\":\"https:\/\/www.padreydecano.com\/cms\/#organization\"},\"potentialAction\":[{\"@type\":\"SearchAction\",\"target\":{\"@type\":\"EntryPoint\",\"urlTemplate\":\"https:\/\/www.padreydecano.com\/cms\/?s={search_term_string}\"},\"query-input\":\"required name=search_term_string\"}],\"inLanguage\":\"es\"},{\"@type\":\"Organization\",\"@id\":\"https:\/\/www.padreydecano.com\/cms\/#organization\",\"name\":\"Padre y Decano\",\"url\":\"https:\/\/www.padreydecano.com\/cms\/\",\"logo\":{\"@type\":\"ImageObject\",\"inLanguage\":\"es\",\"@id\":\"https:\/\/www.padreydecano.com\/cms\/#\/schema\/logo\/image\/\",\"url\":\"https:\/\/www.padreydecano.com\/cms\/wp-content\/uploads\/2022\/01\/avatar-square.png\",\"contentUrl\":\"https:\/\/www.padreydecano.com\/cms\/wp-content\/uploads\/2022\/01\/avatar-square.png\",\"width\":1500,\"height\":1500,\"caption\":\"Padre y Decano\"},\"image\":{\"@id\":\"https:\/\/www.padreydecano.com\/cms\/#\/schema\/logo\/image\/\"}},{\"@type\":\"Person\",\"@id\":\"https:\/\/www.padreydecano.com\/cms\/#\/schema\/person\/b22191326be6d1c7fa55c2ad137a9a32\",\"name\":\"Udelar\",\"image\":{\"@type\":\"ImageObject\",\"inLanguage\":\"es\",\"@id\":\"https:\/\/www.padreydecano.com\/cms\/#\/schema\/person\/image\/\",\"url\":\"https:\/\/secure.gravatar.com\/avatar\/611ece663b16897a2cd2f46982281225?s=96&d=https%3A%2F%2Fpadreydecano.com%2Fcms%2Fwp-content%2Fthemes%2Fpyd-theme%2Fimg%2Fdefault-avatar.png&r=g\",\"contentUrl\":\"https:\/\/secure.gravatar.com\/avatar\/611ece663b16897a2cd2f46982281225?s=96&d=https%3A%2F%2Fpadreydecano.com%2Fcms%2Fwp-content%2Fthemes%2Fpyd-theme%2Fimg%2Fdefault-avatar.png&r=g\",\"caption\":\"Udelar\"}}]}<\/script>\n<!-- \/ Yoast SEO plugin. -->","yoast_head_json":{"title":"Todo o nada - Padre y Decano - El Sitio del Pueblo","robots":{"index":"index","follow":"follow","max-snippet":"max-snippet:-1","max-image-preview":"max-image-preview:large","max-video-preview":"max-video-preview:-1"},"canonical":"https:\/\/www.padreydecano.com\/cms\/noticias\/todo-o-nada-2\/","og_locale":"es_ES","og_type":"article","og_title":"Todo o nada - Padre y Decano - El Sitio del Pueblo","og_description":"Pe\u00f1arol visitar\u00e1 ma\u00f1ana a Rentistas por la s\u00e9ptima fecha del Torneo Clausura a las 17:00 hs. en el Complejo Rentistas. El Decano deber\u00e1 volver a la victoria luego del traspi\u00e9 sufrido en el empate frente a Deportivo Maldonado. El partido ser\u00e1 televisado por VTV. Dif\u00edcil de creer que las posibilidades de Pe\u00f1arol por entrar a [&hellip;]","og_url":"https:\/\/www.padreydecano.com\/cms\/noticias\/todo-o-nada-2\/","og_site_name":"Padre y Decano - El Sitio del Pueblo","article_published_time":"2021-02-13T22:09:38+00:00","article_modified_time":"2021-02-14T22:11:11+00:00","og_image":[{"width":2048,"height":1382,"url":"https:\/\/www.padreydecano.com\/cms\/wp-content\/uploads\/2021\/02\/Et_Cr7bWYAU93LO.jpg","type":"image\/jpeg"}],"author":"Udelar","twitter_card":"summary_large_image","twitter_misc":{"Escrito por":"Udelar","Tiempo de lectura":"2 minutos"},"schema":{"@context":"https:\/\/schema.org","@graph":[{"@type":"Article","@id":"https:\/\/www.padreydecano.com\/cms\/noticias\/todo-o-nada-2\/#article","isPartOf":{"@id":"https:\/\/www.padreydecano.com\/cms\/noticias\/todo-o-nada-2\/"},"author":{"name":"Udelar","@id":"https:\/\/www.padreydecano.com\/cms\/#\/schema\/person\/b22191326be6d1c7fa55c2ad137a9a32"},"headline":"Todo o nada","datePublished":"2021-02-13T22:09:38+00:00","dateModified":"2021-02-14T22:11:11+00:00","mainEntityOfPage":{"@id":"https:\/\/www.padreydecano.com\/cms\/noticias\/todo-o-nada-2\/"},"wordCount":404,"commentCount":52,"publisher":{"@id":"https:\/\/www.padreydecano.com\/cms\/#organization"},"image":{"@id":"https:\/\/www.padreydecano.com\/cms\/noticias\/todo-o-nada-2\/#primaryimage"},"thumbnailUrl":"https:\/\/www.padreydecano.com\/cms\/wp-content\/uploads\/2021\/02\/Et_Cr7bWYAU93LO.jpg","keywords":["Torneo Clausura 2020"],"articleSection":["Noticias"],"inLanguage":"es","potentialAction":[{"@type":"CommentAction","name":"Comment","target":["https:\/\/www.padreydecano.com\/cms\/noticias\/todo-o-nada-2\/#respond"]}]},{"@type":"WebPage","@id":"https:\/\/www.padreydecano.com\/cms\/noticias\/todo-o-nada-2\/","url":"https:\/\/www.padreydecano.com\/cms\/noticias\/todo-o-nada-2\/","name":"Todo o nada - Padre y Decano - El Sitio del Pueblo","isPartOf":{"@id":"https:\/\/www.padreydecano.com\/cms\/#website"},"primaryImageOfPage":{"@id":"https:\/\/www.padreydecano.com\/cms\/noticias\/todo-o-nada-2\/#primaryimage"},"image":{"@id":"https:\/\/www.padreydecano.com\/cms\/noticias\/todo-o-nada-2\/#primaryimage"},"thumbnailUrl":"https:\/\/www.padreydecano.com\/cms\/wp-content\/uploads\/2021\/02\/Et_Cr7bWYAU93LO.jpg","datePublished":"2021-02-13T22:09:38+00:00","dateModified":"2021-02-14T22:11:11+00:00","breadcrumb":{"@id":"https:\/\/www.padreydecano.com\/cms\/noticias\/todo-o-nada-2\/#breadcrumb"},"inLanguage":"es","potentialAction":[{"@type":"ReadAction","target":["https:\/\/www.padreydecano.com\/cms\/noticias\/todo-o-nada-2\/"]}]},{"@type":"ImageObject","inLanguage":"es","@id":"https:\/\/www.padreydecano.com\/cms\/noticias\/todo-o-nada-2\/#primaryimage","url":"https:\/\/www.padreydecano.com\/cms\/wp-content\/uploads\/2021\/02\/Et_Cr7bWYAU93LO.jpg","contentUrl":"https:\/\/www.padreydecano.com\/cms\/wp-content\/uploads\/2021\/02\/Et_Cr7bWYAU93LO.jpg","width":2048,"height":1382},{"@type":"BreadcrumbList","@id":"https:\/\/www.padreydecano.com\/cms\/noticias\/todo-o-nada-2\/#breadcrumb","itemListElement":[{"@type":"ListItem","position":1,"name":"Portada","item":"https:\/\/www.padreydecano.com\/cms\/"},{"@type":"ListItem","position":2,"name":"Todo o nada"}]},{"@type":"WebSite","@id":"https:\/\/www.padreydecano.com\/cms\/#website","url":"https:\/\/www.padreydecano.com\/cms\/","name":"Padre y Decano - El Sitio del Pueblo","description":"Club Atl\u00e9tico Pe\u00f1arol","publisher":{"@id":"https:\/\/www.padreydecano.com\/cms\/#organization"},"potentialAction":[{"@type":"SearchAction","target":{"@type":"EntryPoint","urlTemplate":"https:\/\/www.padreydecano.com\/cms\/?s={search_term_string}"},"query-input":"required name=search_term_string"}],"inLanguage":"es"},{"@type":"Organization","@id":"https:\/\/www.padreydecano.com\/cms\/#organization","name":"Padre y Decano","url":"https:\/\/www.padreydecano.com\/cms\/","logo":{"@type":"ImageObject","inLanguage":"es","@id":"https:\/\/www.padreydecano.com\/cms\/#\/schema\/logo\/image\/","url":"https:\/\/www.padreydecano.com\/cms\/wp-content\/uploads\/2022\/01\/avatar-square.png","contentUrl":"https:\/\/www.padreydecano.com\/cms\/wp-content\/uploads\/2022\/01\/avatar-square.png","width":1500,"height":1500,"caption":"Padre y Decano"},"image":{"@id":"https:\/\/www.padreydecano.com\/cms\/#\/schema\/logo\/image\/"}},{"@type":"Person","@id":"https:\/\/www.padreydecano.com\/cms\/#\/schema\/person\/b22191326be6d1c7fa55c2ad137a9a32","name":"Udelar","image":{"@type":"ImageObject","inLanguage":"es","@id":"https:\/\/www.padreydecano.com\/cms\/#\/schema\/person\/image\/","url":"https:\/\/secure.gravatar.com\/avatar\/611ece663b16897a2cd2f46982281225?s=96&d=https%3A%2F%2Fpadreydecano.com%2Fcms%2Fwp-content%2Fthemes%2Fpyd-theme%2Fimg%2Fdefault-avatar.png&r=g","contentUrl":"https:\/\/secure.gravatar.com\/avatar\/611ece663b16897a2cd2f46982281225?s=96&d=https%3A%2F%2Fpadreydecano.com%2Fcms%2Fwp-content%2Fthemes%2Fpyd-theme%2Fimg%2Fdefault-avatar.png&r=g","caption":"Udelar"}}]}},"_links":{"self":[{"href":"https:\/\/www.padreydecano.com\/cms\/wp-json\/wp\/v2\/posts\/75377"}],"collection":[{"href":"https:\/\/www.padreydecano.com\/cms\/wp-json\/wp\/v2\/posts"}],"about":[{"href":"https:\/\/www.padreydecano.com\/cms\/wp-json\/wp\/v2\/types\/post"}],"author":[{"embeddable":true,"href":"https:\/\/www.padreydecano.com\/cms\/wp-json\/wp\/v2\/users\/30"}],"replies":[{"embeddable":true,"href":"https:\/\/www.padreydecano.com\/cms\/wp-json\/wp\/v2\/comments?post=75377"}],"version-history":[{"count":0,"href":"https:\/\/www.padreydecano.com\/cms\/wp-json\/wp\/v2\/posts\/75377\/revisions"}],"wp:featuredmedia":[{"embeddable":true,"href":"https:\/\/www.padreydecano.com\/cms\/wp-json\/wp\/v2\/media\/75372"}],"wp:attachment":[{"href":"https:\/\/www.padreydecano.com\/cms\/wp-json\/wp\/v2\/media?parent=75377"}],"wp:term":[{"taxonomy":"category","embeddable":true,"href":"https:\/\/www.padreydecano.com\/cms\/wp-json\/wp\/v2\/categories?post=75377"},{"taxonomy":"post_tag","embeddable":true,"href":"https:\/\/www.padreydecano.com\/cms\/wp-json\/wp\/v2\/tags?post=75377"}],"curies":[{"name":"wp","href":"https:\/\/api.w.org\/{rel}","templated":true}]}}