{"id":75368,"date":"2021-02-11T23:30:36","date_gmt":"2021-02-12T02:30:36","guid":{"rendered":"http:\/\/www.padreydecano.com\/cms\/?p=75368"},"modified":"2021-02-14T09:29:20","modified_gmt":"2021-02-14T12:29:20","slug":"estan-en-penarol","status":"publish","type":"post","link":"https:\/\/www.padreydecano.com\/cms\/noticias\/estan-en-penarol\/","title":{"rendered":"\u00a1Est\u00e1n en Pe\u00f1arol!"},"content":{"rendered":"<p><a href=\"https:\/\/www.padreydecano.com\/cms\/wp-content\/uploads\/2021\/02\/Et_N2ezXIAE41jt.jpg\" rel=\"shadowbox[sbpost-75368];player=img;\"><img loading=\"lazy\" decoding=\"async\" class=\"aligncenter size-full wp-image-75371\" src=\"https:\/\/www.padreydecano.com\/cms\/wp-content\/uploads\/2021\/02\/Et_N2ezXIAE41jt.jpg\" alt=\"\" width=\"2048\" height=\"1366\" srcset=\"https:\/\/www.padreydecano.com\/cms\/wp-content\/uploads\/2021\/02\/Et_N2ezXIAE41jt.jpg 2048w, https:\/\/www.padreydecano.com\/cms\/wp-content\/uploads\/2021\/02\/Et_N2ezXIAE41jt-600x400.jpg 600w, https:\/\/www.padreydecano.com\/cms\/wp-content\/uploads\/2021\/02\/Et_N2ezXIAE41jt-768x512.jpg 768w, https:\/\/www.padreydecano.com\/cms\/wp-content\/uploads\/2021\/02\/Et_N2ezXIAE41jt-1024x683.jpg 1024w\" sizes=\"(max-width: 2048px) 100vw, 2048px\" \/><\/a><\/p>\n<p style=\"text-align: justify;\"><strong>Pe\u00f1arol igual\u00f3 1-1 ante Deportivo Maldonado en el Estadio Campe\u00f3n del Siglo por el Torneo Clausura. El rival finaliz\u00f3 el encuentro con 9 jugadores en cancha.<\/strong><\/p>\n<p style=\"text-align: justify;\">Mauricio Larriera coloc\u00f3 como titulares a: <strong>Kevin Dawson; Giovanni Gonz\u00e1lez (80&#8242; Juan Acosta), Fabricio Formiliano, Robert Herrera, Joaqu\u00edn Piquerez; Facundo Torres, Jes\u00fas Trindade, Walter Gargano (83&#8242; Sergio N\u00fa\u00f1ez), M\u00e1ximo Alonso; Mat\u00edas Britos y Agust\u00edn \u00c1lvarez Mart\u00ednez (80&#8242; Luis Acevedo)<\/strong>.<\/p>\n<p style=\"text-align: justify;\"><span style=\"color: #ffcc00;\"><strong>Primer tiempo<\/strong><\/span><\/p>\n<p style=\"text-align: justify;\">La primera mitad dej\u00f3 mucho que desear, el Carbonero comenz\u00f3 recibiendo muchas faltas del rival cada vez que pasaba la mitad de la cancha, que no se lograron ejecutar de buena manera.<\/p>\n<p style=\"text-align: justify;\">Pasados los 10 minutos, se da un agarr\u00f3n a Formiliano en el \u00e1rea rival que la terna arbitral ignora. Gustavo Tejera debi\u00f3 haber sancionado penal a favor del Aurinegro. Otro importante error arbitral que perjudica a Pe\u00f1arol en este torneo.<\/p>\n<p style=\"text-align: justify;\">El partido segu\u00eda y el Mirasol no lograba generar ocasiones, ni peligro al contrincante. Pasada la media hora de juego, el rival logr\u00f3 incomodar. Primero con lo que termin\u00f3 siendo un despeje sobre el suelo de Britos que casi termina en gol en contra, y luego en un cabezazo en el segundo palo de un delantero de Deportivo que pas\u00f3 muy cerca del arco.<\/p>\n<p style=\"text-align: justify;\">El primer tiro de Pe\u00f1arol fue a los 44 minutos de juego, un disparo de zurda de Giovanni Gonz\u00e1lez.<\/p>\n<p style=\"text-align: justify;\"><strong>Cuando parec\u00eda que el partido se iba al entretiempo con empate, apareci\u00f3 el gol del Decano.<\/strong> Tras un centro, Piquerez logr\u00f3 asistir sobre la l\u00ednea al &#8216;Canario&#8217; \u00c1lvarez, que logr\u00f3 convertir de cara al arco. Bien ambos en la jugada.<\/p>\n<p style=\"text-align: justify;\">El equipo de Larriera jug\u00f3 un mal primer tiempo, pero se iba al descanso con la victoria parcial que era lo importante.<\/p>\n<p><a href=\"https:\/\/www.padreydecano.com\/cms\/wp-content\/uploads\/2021\/02\/Et_Cr7bWYAU93LO.jpg\" rel=\"shadowbox[sbpost-75368];player=img;\"><img loading=\"lazy\" decoding=\"async\" class=\"aligncenter size-full wp-image-75372\" src=\"https:\/\/www.padreydecano.com\/cms\/wp-content\/uploads\/2021\/02\/Et_Cr7bWYAU93LO.jpg\" alt=\"\" width=\"2048\" height=\"1382\" srcset=\"https:\/\/www.padreydecano.com\/cms\/wp-content\/uploads\/2021\/02\/Et_Cr7bWYAU93LO.jpg 2048w, https:\/\/www.padreydecano.com\/cms\/wp-content\/uploads\/2021\/02\/Et_Cr7bWYAU93LO-600x405.jpg 600w, https:\/\/www.padreydecano.com\/cms\/wp-content\/uploads\/2021\/02\/Et_Cr7bWYAU93LO-768x518.jpg 768w, https:\/\/www.padreydecano.com\/cms\/wp-content\/uploads\/2021\/02\/Et_Cr7bWYAU93LO-1024x691.jpg 1024w\" sizes=\"(max-width: 2048px) 100vw, 2048px\" \/><\/a><\/p>\n<p style=\"text-align: justify;\"><span style=\"color: #ffcc00;\"><strong>Segundo tiempo<\/strong><\/span><\/p>\n<p style=\"text-align: justify;\">El Manya sali\u00f3 a afrontar el complemento sin variantes, pese al mal juego visto en la primera mitad.<\/p>\n<p style=\"text-align: justify;\">En la primer jugada, Formiliano pein\u00f3 una pelota en el primer palo que ataj\u00f3 de gran manera Danilo Lerda, ex guardameta Mirasol.<\/p>\n<p style=\"text-align: justify;\">A los 51&#8242;, Deportivo Maldonado qued\u00f3 con 10 en el terreno de juego, tras la expulsi\u00f3n de uno de sus jugadores. Algo que sumaba a la victoria parcial.<\/p>\n<p style=\"text-align: justify;\">Con el jugador de m\u00e1s, Pe\u00f1arol logr\u00f3 tener m\u00e1s el bal\u00f3n debido a los espacios, pero sin concretar jugadas de peligro.<\/p>\n<p style=\"text-align: justify;\">Llegando a la hora de juego, Dawson desv\u00edo un disparo de afuera del \u00e1rea al c\u00f3rner, de a poco avisaba el rival mientras que el local no realizaba cambios t\u00e1cticos, pero si en el juego comparado con los primeros 45 minutos.<\/p>\n<p style=\"text-align: justify;\">Piquerez tuvo su oportunidad con un disparo rastrero 5 minutos despu\u00e9s. El mismo pas\u00f3 apenas desviado por el palo. Minutos despu\u00e9s apareci\u00f3 el canario \u00c1lvarez dentro del \u00e1rea, pero le peg\u00f3 mordido al bal\u00f3n y no aument\u00f3 el marcador.<\/p>\n<p style=\"text-align: justify;\">A los 68&#8242;, el \u00e1rbitro sancion\u00f3 de forma err\u00f3nea un penal en contra de Pe\u00f1arol. Se siguen sumando los errores en contra del Decano en el campeonato. El penal se transform\u00f3 en gol, ampliando la estad\u00edstica negativa en impedir el gol desde los 11 pasos por parte de Kevin, pese a su buen rendimiento.<\/p>\n<p style=\"text-align: justify;\">Una vez el partido qued\u00f3 igualado, sin una idea clara de juego, el carbonero sali\u00f3 en busca de la victoria.<\/p>\n<p style=\"text-align: justify;\">Llegando a los 80, Giovanni tuvo nuevamente chance de gol, pero desgraciadamente el bal\u00f3n dio en \u00c1lvarez.<\/p>\n<p style=\"text-align: justify;\">En la jugada siguiente, Deportivo Maldonado qued\u00f3 con 9 jugadores, tras recibir una nueva tarjeta roja.<\/p>\n<p style=\"text-align: justify;\">A los 80&#8242; se realizaron las primeras variantes. Ingresaron Juan Acosta y Luis Acevedo en lugar de Giovanni y el &#8216;Canario&#8217;. Pocos minutos despu\u00e9s, Ingres\u00f3 Sergio N\u00fa\u00f1ez por Gargano.<\/p>\n<p style=\"text-align: justify;\">En los minutos finales, la visita se resguard\u00f3 en su propia \u00e1rea, y Pe\u00f1arol no logr\u00f3 herirlo. Lo tarde que ingresaron los jugadores desde el banco, hizo que no lograran meterse de lleno en el partido. Apenas un disparo de Trindade vale destacar en la recta final del partido.<\/p>\n<p style=\"text-align: justify;\">El Carbonero volvi\u00f3 a dejar puntos importantes, contra un rival de menor jerarqu\u00eda, y est\u00e1 vez con 2 jugadores de m\u00e1s y en el Campe\u00f3n del Siglo. Es cierto que existieron errores arbitrales, pero el equipo no logra un buen juego y se le complica ganar. Ahora se vendr\u00e1 una seguidilla de partidos como visitante, contra equipos que vienen luchando puestos importantes.<\/p>\n<div class=\"user-wrapper\"><a class=\"userlink\"href=\"https:\/\/twitter.com\/ftrucce18\" target=\"_blank\"><figure><img decoding=\"async\" src=\"http:\/\/www.padreydecano.com\/cms\/wp-users-files\/postfirmas\/ftrucce.jpg\" \/><\/figure><p class=\"user\"><strong>Franco Trucce<\/strong><br \/>@FTrucce18<\/p><\/a><\/div>\n","protected":false},"excerpt":{"rendered":"<p>Pe\u00f1arol igual\u00f3 1-1 ante Deportivo Maldonado en el Estadio Campe\u00f3n del Siglo por el Torneo Clausura. El rival finaliz\u00f3 el encuentro con 9 jugadores en cancha. Mauricio Larriera coloc\u00f3 como titulares a: Kevin Dawson; Giovanni Gonz\u00e1lez (80&#8242; Juan Acosta), Fabricio Formiliano, Robert Herrera, Joaqu\u00edn Piquerez; Facundo Torres, Jes\u00fas Trindade, Walter Gargano (83&#8242; Sergio N\u00fa\u00f1ez), M\u00e1ximo [&hellip;]<\/p>\n","protected":false},"author":27,"featured_media":75371,"comment_status":"open","ping_status":"closed","sticky":false,"template":"","format":"standard","meta":{"footnotes":""},"categories":[1,13],"tags":[489],"yoast_head":"<!-- This site is optimized with the Yoast SEO plugin v23.2 - https:\/\/yoast.com\/wordpress\/plugins\/seo\/ -->\n<title>\u00a1Est\u00e1n en Pe\u00f1arol! - Padre y Decano - El Sitio del Pueblo<\/title>\n<meta name=\"robots\" content=\"index, follow, max-snippet:-1, max-image-preview:large, max-video-preview:-1\" \/>\n<link rel=\"canonical\" href=\"https:\/\/www.padreydecano.com\/cms\/noticias\/estan-en-penarol\/\" \/>\n<meta property=\"og:locale\" content=\"es_ES\" \/>\n<meta property=\"og:type\" content=\"article\" \/>\n<meta property=\"og:title\" content=\"\u00a1Est\u00e1n en Pe\u00f1arol! - Padre y Decano - El Sitio del Pueblo\" \/>\n<meta property=\"og:description\" content=\"Pe\u00f1arol igual\u00f3 1-1 ante Deportivo Maldonado en el Estadio Campe\u00f3n del Siglo por el Torneo Clausura. El rival finaliz\u00f3 el encuentro con 9 jugadores en cancha. Mauricio Larriera coloc\u00f3 como titulares a: Kevin Dawson; Giovanni Gonz\u00e1lez (80&#8242; Juan Acosta), Fabricio Formiliano, Robert Herrera, Joaqu\u00edn Piquerez; Facundo Torres, Jes\u00fas Trindade, Walter Gargano (83&#8242; Sergio N\u00fa\u00f1ez), M\u00e1ximo [&hellip;]\" \/>\n<meta property=\"og:url\" content=\"https:\/\/www.padreydecano.com\/cms\/noticias\/estan-en-penarol\/\" \/>\n<meta property=\"og:site_name\" content=\"Padre y Decano - El Sitio del Pueblo\" \/>\n<meta property=\"article:published_time\" content=\"2021-02-12T02:30:36+00:00\" \/>\n<meta property=\"article:modified_time\" content=\"2021-02-14T12:29:20+00:00\" \/>\n<meta property=\"og:image\" content=\"https:\/\/www.padreydecano.com\/cms\/wp-content\/uploads\/2021\/02\/Et_N2ezXIAE41jt.jpg\" \/>\n\t<meta property=\"og:image:width\" content=\"2048\" \/>\n\t<meta property=\"og:image:height\" content=\"1366\" \/>\n\t<meta property=\"og:image:type\" content=\"image\/jpeg\" \/>\n<meta name=\"author\" content=\"Redactores Padre y Decano\" \/>\n<meta name=\"twitter:card\" content=\"summary_large_image\" \/>\n<meta name=\"twitter:label1\" content=\"Escrito por\" \/>\n\t<meta name=\"twitter:data1\" content=\"Redactores Padre y Decano\" \/>\n\t<meta name=\"twitter:label2\" content=\"Tiempo de lectura\" \/>\n\t<meta name=\"twitter:data2\" content=\"4 minutos\" \/>\n<script type=\"application\/ld+json\" class=\"yoast-schema-graph\">{\"@context\":\"https:\/\/schema.org\",\"@graph\":[{\"@type\":\"Article\",\"@id\":\"https:\/\/www.padreydecano.com\/cms\/noticias\/estan-en-penarol\/#article\",\"isPartOf\":{\"@id\":\"https:\/\/www.padreydecano.com\/cms\/noticias\/estan-en-penarol\/\"},\"author\":{\"name\":\"Redactores Padre y Decano\",\"@id\":\"https:\/\/www.padreydecano.com\/cms\/#\/schema\/person\/37aae8f93aa78e4c5385497f056e3246\"},\"headline\":\"\u00a1Est\u00e1n en Pe\u00f1arol!\",\"datePublished\":\"2021-02-12T02:30:36+00:00\",\"dateModified\":\"2021-02-14T12:29:20+00:00\",\"mainEntityOfPage\":{\"@id\":\"https:\/\/www.padreydecano.com\/cms\/noticias\/estan-en-penarol\/\"},\"wordCount\":730,\"commentCount\":328,\"publisher\":{\"@id\":\"https:\/\/www.padreydecano.com\/cms\/#organization\"},\"image\":{\"@id\":\"https:\/\/www.padreydecano.com\/cms\/noticias\/estan-en-penarol\/#primaryimage\"},\"thumbnailUrl\":\"https:\/\/www.padreydecano.com\/cms\/wp-content\/uploads\/2021\/02\/Et_N2ezXIAE41jt.jpg\",\"keywords\":[\"Torneo Clausura 2020\"],\"articleSection\":[\"Noticias\",\"Partidos\"],\"inLanguage\":\"es\",\"potentialAction\":[{\"@type\":\"CommentAction\",\"name\":\"Comment\",\"target\":[\"https:\/\/www.padreydecano.com\/cms\/noticias\/estan-en-penarol\/#respond\"]}]},{\"@type\":\"WebPage\",\"@id\":\"https:\/\/www.padreydecano.com\/cms\/noticias\/estan-en-penarol\/\",\"url\":\"https:\/\/www.padreydecano.com\/cms\/noticias\/estan-en-penarol\/\",\"name\":\"\u00a1Est\u00e1n en Pe\u00f1arol! - Padre y Decano - El Sitio del Pueblo\",\"isPartOf\":{\"@id\":\"https:\/\/www.padreydecano.com\/cms\/#website\"},\"primaryImageOfPage\":{\"@id\":\"https:\/\/www.padreydecano.com\/cms\/noticias\/estan-en-penarol\/#primaryimage\"},\"image\":{\"@id\":\"https:\/\/www.padreydecano.com\/cms\/noticias\/estan-en-penarol\/#primaryimage\"},\"thumbnailUrl\":\"https:\/\/www.padreydecano.com\/cms\/wp-content\/uploads\/2021\/02\/Et_N2ezXIAE41jt.jpg\",\"datePublished\":\"2021-02-12T02:30:36+00:00\",\"dateModified\":\"2021-02-14T12:29:20+00:00\",\"breadcrumb\":{\"@id\":\"https:\/\/www.padreydecano.com\/cms\/noticias\/estan-en-penarol\/#breadcrumb\"},\"inLanguage\":\"es\",\"potentialAction\":[{\"@type\":\"ReadAction\",\"target\":[\"https:\/\/www.padreydecano.com\/cms\/noticias\/estan-en-penarol\/\"]}]},{\"@type\":\"ImageObject\",\"inLanguage\":\"es\",\"@id\":\"https:\/\/www.padreydecano.com\/cms\/noticias\/estan-en-penarol\/#primaryimage\",\"url\":\"https:\/\/www.padreydecano.com\/cms\/wp-content\/uploads\/2021\/02\/Et_N2ezXIAE41jt.jpg\",\"contentUrl\":\"https:\/\/www.padreydecano.com\/cms\/wp-content\/uploads\/2021\/02\/Et_N2ezXIAE41jt.jpg\",\"width\":2048,\"height\":1366},{\"@type\":\"BreadcrumbList\",\"@id\":\"https:\/\/www.padreydecano.com\/cms\/noticias\/estan-en-penarol\/#breadcrumb\",\"itemListElement\":[{\"@type\":\"ListItem\",\"position\":1,\"name\":\"Portada\",\"item\":\"https:\/\/www.padreydecano.com\/cms\/\"},{\"@type\":\"ListItem\",\"position\":2,\"name\":\"\u00a1Est\u00e1n en Pe\u00f1arol!\"}]},{\"@type\":\"WebSite\",\"@id\":\"https:\/\/www.padreydecano.com\/cms\/#website\",\"url\":\"https:\/\/www.padreydecano.com\/cms\/\",\"name\":\"Padre y Decano - El Sitio del Pueblo\",\"description\":\"Club Atl\u00e9tico Pe\u00f1arol\",\"publisher\":{\"@id\":\"https:\/\/www.padreydecano.com\/cms\/#organization\"},\"potentialAction\":[{\"@type\":\"SearchAction\",\"target\":{\"@type\":\"EntryPoint\",\"urlTemplate\":\"https:\/\/www.padreydecano.com\/cms\/?s={search_term_string}\"},\"query-input\":\"required name=search_term_string\"}],\"inLanguage\":\"es\"},{\"@type\":\"Organization\",\"@id\":\"https:\/\/www.padreydecano.com\/cms\/#organization\",\"name\":\"Padre y Decano\",\"url\":\"https:\/\/www.padreydecano.com\/cms\/\",\"logo\":{\"@type\":\"ImageObject\",\"inLanguage\":\"es\",\"@id\":\"https:\/\/www.padreydecano.com\/cms\/#\/schema\/logo\/image\/\",\"url\":\"https:\/\/www.padreydecano.com\/cms\/wp-content\/uploads\/2022\/01\/avatar-square.png\",\"contentUrl\":\"https:\/\/www.padreydecano.com\/cms\/wp-content\/uploads\/2022\/01\/avatar-square.png\",\"width\":1500,\"height\":1500,\"caption\":\"Padre y Decano\"},\"image\":{\"@id\":\"https:\/\/www.padreydecano.com\/cms\/#\/schema\/logo\/image\/\"}},{\"@type\":\"Person\",\"@id\":\"https:\/\/www.padreydecano.com\/cms\/#\/schema\/person\/37aae8f93aa78e4c5385497f056e3246\",\"name\":\"Redactores Padre y Decano\",\"image\":{\"@type\":\"ImageObject\",\"inLanguage\":\"es\",\"@id\":\"https:\/\/www.padreydecano.com\/cms\/#\/schema\/person\/image\/\",\"url\":\"https:\/\/secure.gravatar.com\/avatar\/8810c4b9081192b118b104af54549af8?s=96&d=https%3A%2F%2Fpadreydecano.com%2Fcms%2Fwp-content%2Fthemes%2Fpyd-theme%2Fimg%2Fdefault-avatar.png&r=g\",\"contentUrl\":\"https:\/\/secure.gravatar.com\/avatar\/8810c4b9081192b118b104af54549af8?s=96&d=https%3A%2F%2Fpadreydecano.com%2Fcms%2Fwp-content%2Fthemes%2Fpyd-theme%2Fimg%2Fdefault-avatar.png&r=g\",\"caption\":\"Redactores Padre y Decano\"},\"sameAs\":[\"http:\/\/www.padreydecano.com\"]}]}<\/script>\n<!-- \/ Yoast SEO plugin. -->","yoast_head_json":{"title":"\u00a1Est\u00e1n en Pe\u00f1arol! - Padre y Decano - El Sitio del Pueblo","robots":{"index":"index","follow":"follow","max-snippet":"max-snippet:-1","max-image-preview":"max-image-preview:large","max-video-preview":"max-video-preview:-1"},"canonical":"https:\/\/www.padreydecano.com\/cms\/noticias\/estan-en-penarol\/","og_locale":"es_ES","og_type":"article","og_title":"\u00a1Est\u00e1n en Pe\u00f1arol! - Padre y Decano - El Sitio del Pueblo","og_description":"Pe\u00f1arol igual\u00f3 1-1 ante Deportivo Maldonado en el Estadio Campe\u00f3n del Siglo por el Torneo Clausura. El rival finaliz\u00f3 el encuentro con 9 jugadores en cancha. Mauricio Larriera coloc\u00f3 como titulares a: Kevin Dawson; Giovanni Gonz\u00e1lez (80&#8242; Juan Acosta), Fabricio Formiliano, Robert Herrera, Joaqu\u00edn Piquerez; Facundo Torres, Jes\u00fas Trindade, Walter Gargano (83&#8242; Sergio N\u00fa\u00f1ez), M\u00e1ximo [&hellip;]","og_url":"https:\/\/www.padreydecano.com\/cms\/noticias\/estan-en-penarol\/","og_site_name":"Padre y Decano - El Sitio del Pueblo","article_published_time":"2021-02-12T02:30:36+00:00","article_modified_time":"2021-02-14T12:29:20+00:00","og_image":[{"width":2048,"height":1366,"url":"https:\/\/www.padreydecano.com\/cms\/wp-content\/uploads\/2021\/02\/Et_N2ezXIAE41jt.jpg","type":"image\/jpeg"}],"author":"Redactores Padre y Decano","twitter_card":"summary_large_image","twitter_misc":{"Escrito por":"Redactores Padre y Decano","Tiempo de lectura":"4 minutos"},"schema":{"@context":"https:\/\/schema.org","@graph":[{"@type":"Article","@id":"https:\/\/www.padreydecano.com\/cms\/noticias\/estan-en-penarol\/#article","isPartOf":{"@id":"https:\/\/www.padreydecano.com\/cms\/noticias\/estan-en-penarol\/"},"author":{"name":"Redactores Padre y Decano","@id":"https:\/\/www.padreydecano.com\/cms\/#\/schema\/person\/37aae8f93aa78e4c5385497f056e3246"},"headline":"\u00a1Est\u00e1n en Pe\u00f1arol!","datePublished":"2021-02-12T02:30:36+00:00","dateModified":"2021-02-14T12:29:20+00:00","mainEntityOfPage":{"@id":"https:\/\/www.padreydecano.com\/cms\/noticias\/estan-en-penarol\/"},"wordCount":730,"commentCount":328,"publisher":{"@id":"https:\/\/www.padreydecano.com\/cms\/#organization"},"image":{"@id":"https:\/\/www.padreydecano.com\/cms\/noticias\/estan-en-penarol\/#primaryimage"},"thumbnailUrl":"https:\/\/www.padreydecano.com\/cms\/wp-content\/uploads\/2021\/02\/Et_N2ezXIAE41jt.jpg","keywords":["Torneo Clausura 2020"],"articleSection":["Noticias","Partidos"],"inLanguage":"es","potentialAction":[{"@type":"CommentAction","name":"Comment","target":["https:\/\/www.padreydecano.com\/cms\/noticias\/estan-en-penarol\/#respond"]}]},{"@type":"WebPage","@id":"https:\/\/www.padreydecano.com\/cms\/noticias\/estan-en-penarol\/","url":"https:\/\/www.padreydecano.com\/cms\/noticias\/estan-en-penarol\/","name":"\u00a1Est\u00e1n en Pe\u00f1arol! - Padre y Decano - El Sitio del Pueblo","isPartOf":{"@id":"https:\/\/www.padreydecano.com\/cms\/#website"},"primaryImageOfPage":{"@id":"https:\/\/www.padreydecano.com\/cms\/noticias\/estan-en-penarol\/#primaryimage"},"image":{"@id":"https:\/\/www.padreydecano.com\/cms\/noticias\/estan-en-penarol\/#primaryimage"},"thumbnailUrl":"https:\/\/www.padreydecano.com\/cms\/wp-content\/uploads\/2021\/02\/Et_N2ezXIAE41jt.jpg","datePublished":"2021-02-12T02:30:36+00:00","dateModified":"2021-02-14T12:29:20+00:00","breadcrumb":{"@id":"https:\/\/www.padreydecano.com\/cms\/noticias\/estan-en-penarol\/#breadcrumb"},"inLanguage":"es","potentialAction":[{"@type":"ReadAction","target":["https:\/\/www.padreydecano.com\/cms\/noticias\/estan-en-penarol\/"]}]},{"@type":"ImageObject","inLanguage":"es","@id":"https:\/\/www.padreydecano.com\/cms\/noticias\/estan-en-penarol\/#primaryimage","url":"https:\/\/www.padreydecano.com\/cms\/wp-content\/uploads\/2021\/02\/Et_N2ezXIAE41jt.jpg","contentUrl":"https:\/\/www.padreydecano.com\/cms\/wp-content\/uploads\/2021\/02\/Et_N2ezXIAE41jt.jpg","width":2048,"height":1366},{"@type":"BreadcrumbList","@id":"https:\/\/www.padreydecano.com\/cms\/noticias\/estan-en-penarol\/#breadcrumb","itemListElement":[{"@type":"ListItem","position":1,"name":"Portada","item":"https:\/\/www.padreydecano.com\/cms\/"},{"@type":"ListItem","position":2,"name":"\u00a1Est\u00e1n en Pe\u00f1arol!"}]},{"@type":"WebSite","@id":"https:\/\/www.padreydecano.com\/cms\/#website","url":"https:\/\/www.padreydecano.com\/cms\/","name":"Padre y Decano - El Sitio del Pueblo","description":"Club Atl\u00e9tico Pe\u00f1arol","publisher":{"@id":"https:\/\/www.padreydecano.com\/cms\/#organization"},"potentialAction":[{"@type":"SearchAction","target":{"@type":"EntryPoint","urlTemplate":"https:\/\/www.padreydecano.com\/cms\/?s={search_term_string}"},"query-input":"required name=search_term_string"}],"inLanguage":"es"},{"@type":"Organization","@id":"https:\/\/www.padreydecano.com\/cms\/#organization","name":"Padre y Decano","url":"https:\/\/www.padreydecano.com\/cms\/","logo":{"@type":"ImageObject","inLanguage":"es","@id":"https:\/\/www.padreydecano.com\/cms\/#\/schema\/logo\/image\/","url":"https:\/\/www.padreydecano.com\/cms\/wp-content\/uploads\/2022\/01\/avatar-square.png","contentUrl":"https:\/\/www.padreydecano.com\/cms\/wp-content\/uploads\/2022\/01\/avatar-square.png","width":1500,"height":1500,"caption":"Padre y Decano"},"image":{"@id":"https:\/\/www.padreydecano.com\/cms\/#\/schema\/logo\/image\/"}},{"@type":"Person","@id":"https:\/\/www.padreydecano.com\/cms\/#\/schema\/person\/37aae8f93aa78e4c5385497f056e3246","name":"Redactores Padre y Decano","image":{"@type":"ImageObject","inLanguage":"es","@id":"https:\/\/www.padreydecano.com\/cms\/#\/schema\/person\/image\/","url":"https:\/\/secure.gravatar.com\/avatar\/8810c4b9081192b118b104af54549af8?s=96&d=https%3A%2F%2Fpadreydecano.com%2Fcms%2Fwp-content%2Fthemes%2Fpyd-theme%2Fimg%2Fdefault-avatar.png&r=g","contentUrl":"https:\/\/secure.gravatar.com\/avatar\/8810c4b9081192b118b104af54549af8?s=96&d=https%3A%2F%2Fpadreydecano.com%2Fcms%2Fwp-content%2Fthemes%2Fpyd-theme%2Fimg%2Fdefault-avatar.png&r=g","caption":"Redactores Padre y Decano"},"sameAs":["http:\/\/www.padreydecano.com"]}]}},"_links":{"self":[{"href":"https:\/\/www.padreydecano.com\/cms\/wp-json\/wp\/v2\/posts\/75368"}],"collection":[{"href":"https:\/\/www.padreydecano.com\/cms\/wp-json\/wp\/v2\/posts"}],"about":[{"href":"https:\/\/www.padreydecano.com\/cms\/wp-json\/wp\/v2\/types\/post"}],"author":[{"embeddable":true,"href":"https:\/\/www.padreydecano.com\/cms\/wp-json\/wp\/v2\/users\/27"}],"replies":[{"embeddable":true,"href":"https:\/\/www.padreydecano.com\/cms\/wp-json\/wp\/v2\/comments?post=75368"}],"version-history":[{"count":0,"href":"https:\/\/www.padreydecano.com\/cms\/wp-json\/wp\/v2\/posts\/75368\/revisions"}],"wp:featuredmedia":[{"embeddable":true,"href":"https:\/\/www.padreydecano.com\/cms\/wp-json\/wp\/v2\/media\/75371"}],"wp:attachment":[{"href":"https:\/\/www.padreydecano.com\/cms\/wp-json\/wp\/v2\/media?parent=75368"}],"wp:term":[{"taxonomy":"category","embeddable":true,"href":"https:\/\/www.padreydecano.com\/cms\/wp-json\/wp\/v2\/categories?post=75368"},{"taxonomy":"post_tag","embeddable":true,"href":"https:\/\/www.padreydecano.com\/cms\/wp-json\/wp\/v2\/tags?post=75368"}],"curies":[{"name":"wp","href":"https:\/\/api.w.org\/{rel}","templated":true}]}}