{"id":75317,"date":"2021-02-04T17:43:50","date_gmt":"2021-02-04T20:43:50","guid":{"rendered":"http:\/\/www.padreydecano.com\/cms\/?p=75317"},"modified":"2021-02-11T16:22:39","modified_gmt":"2021-02-11T19:22:39","slug":"ruglio-estoy-convencido-que-larriera-trabaja-bien","status":"publish","type":"post","link":"https:\/\/www.padreydecano.com\/cms\/entrevistas\/ruglio-estoy-convencido-que-larriera-trabaja-bien\/","title":{"rendered":"Ruglio: \u201cEstoy convencido que Larriera trabaja bien\u201d"},"content":{"rendered":"<p style=\"text-align: justify;\"><strong>Juan Ignacio Ruglio habl\u00f3 en exclusiva con Padre y Decano Radio luego del <a href=\"https:\/\/www.padreydecano.com\/cms\/noticias\/empate-que-complica\/\" target=\"_blank\" rel=\"noopener\">partido cl\u00e1sico<\/a> correspondiente al Torneo Clausura. <\/strong><\/p>\n<p style=\"text-align: justify;\">Adem\u00e1s de analizar el partido, el presidente de Pe\u00f1arol habl\u00f3 de diferentes cuestiones relacionadas con la instituci\u00f3n, como la estructura de formativas, la Ciudad Deportiva, el armado del plantel para la pr\u00f3xima temporada, la clasificaci\u00f3n a las copas, la salida de Saralegui y el balance, entre otras cosas.<\/p>\n<p style=\"text-align: justify;\">Compartimos la entrevista:<\/p>\n<p style=\"text-align: center;\"><iframe loading=\"lazy\" title=\"Entrevista a Juan Ignacio Ruglio - Padre y Decano Radio - 04\/02\/2021\" width=\"500\" height=\"281\" src=\"https:\/\/www.youtube.com\/embed\/tXUiWTNN-CA?feature=oembed\" frameborder=\"0\" allow=\"accelerometer; autoplay; clipboard-write; encrypted-media; gyroscope; picture-in-picture; web-share\" referrerpolicy=\"strict-origin-when-cross-origin\" allowfullscreen><\/iframe><\/p>\n","protected":false},"excerpt":{"rendered":"<p>Juan Ignacio Ruglio habl\u00f3 en exclusiva con Padre y Decano Radio luego del partido cl\u00e1sico correspondiente al Torneo Clausura. Adem\u00e1s de analizar el partido, el presidente de Pe\u00f1arol habl\u00f3 de diferentes cuestiones relacionadas con la instituci\u00f3n, como la estructura de formativas, la Ciudad Deportiva, el armado del plantel para la pr\u00f3xima temporada, la clasificaci\u00f3n a [&hellip;]<\/p>\n","protected":false},"author":13,"featured_media":75318,"comment_status":"open","ping_status":"closed","sticky":false,"template":"","format":"standard","meta":{"footnotes":""},"categories":[30,196],"tags":[],"yoast_head":"<!-- This site is optimized with the Yoast SEO plugin v23.2 - https:\/\/yoast.com\/wordpress\/plugins\/seo\/ -->\n<title>Ruglio: \u201cEstoy convencido que Larriera trabaja bien\u201d - Padre y Decano - El Sitio del Pueblo<\/title>\n<meta name=\"robots\" content=\"index, follow, max-snippet:-1, max-image-preview:large, max-video-preview:-1\" \/>\n<link rel=\"canonical\" href=\"https:\/\/www.padreydecano.com\/cms\/entrevistas\/ruglio-estoy-convencido-que-larriera-trabaja-bien\/\" \/>\n<meta property=\"og:locale\" content=\"es_ES\" \/>\n<meta property=\"og:type\" content=\"article\" \/>\n<meta property=\"og:title\" content=\"Ruglio: \u201cEstoy convencido que Larriera trabaja bien\u201d - Padre y Decano - El Sitio del Pueblo\" \/>\n<meta property=\"og:description\" content=\"Juan Ignacio Ruglio habl\u00f3 en exclusiva con Padre y Decano Radio luego del partido cl\u00e1sico correspondiente al Torneo Clausura. Adem\u00e1s de analizar el partido, el presidente de Pe\u00f1arol habl\u00f3 de diferentes cuestiones relacionadas con la instituci\u00f3n, como la estructura de formativas, la Ciudad Deportiva, el armado del plantel para la pr\u00f3xima temporada, la clasificaci\u00f3n a [&hellip;]\" \/>\n<meta property=\"og:url\" content=\"https:\/\/www.padreydecano.com\/cms\/entrevistas\/ruglio-estoy-convencido-que-larriera-trabaja-bien\/\" \/>\n<meta property=\"og:site_name\" content=\"Padre y Decano - El Sitio del Pueblo\" \/>\n<meta property=\"article:published_time\" content=\"2021-02-04T20:43:50+00:00\" \/>\n<meta property=\"article:modified_time\" content=\"2021-02-11T19:22:39+00:00\" \/>\n<meta property=\"og:image\" content=\"https:\/\/www.padreydecano.com\/cms\/wp-content\/uploads\/2021\/02\/ruglio-pyd.jpg\" \/>\n\t<meta property=\"og:image:width\" content=\"1600\" \/>\n\t<meta property=\"og:image:height\" content=\"1068\" \/>\n\t<meta property=\"og:image:type\" content=\"image\/jpeg\" \/>\n<meta name=\"author\" content=\"Moderador\" \/>\n<meta name=\"twitter:card\" content=\"summary_large_image\" \/>\n<meta name=\"twitter:label1\" content=\"Escrito por\" \/>\n\t<meta name=\"twitter:data1\" content=\"Moderador\" \/>\n<script type=\"application\/ld+json\" class=\"yoast-schema-graph\">{\"@context\":\"https:\/\/schema.org\",\"@graph\":[{\"@type\":\"Article\",\"@id\":\"https:\/\/www.padreydecano.com\/cms\/entrevistas\/ruglio-estoy-convencido-que-larriera-trabaja-bien\/#article\",\"isPartOf\":{\"@id\":\"https:\/\/www.padreydecano.com\/cms\/entrevistas\/ruglio-estoy-convencido-que-larriera-trabaja-bien\/\"},\"author\":{\"name\":\"Moderador\",\"@id\":\"https:\/\/www.padreydecano.com\/cms\/#\/schema\/person\/d93e9e537230ae052c194251d9a1def2\"},\"headline\":\"Ruglio: \u201cEstoy convencido que Larriera trabaja bien\u201d\",\"datePublished\":\"2021-02-04T20:43:50+00:00\",\"dateModified\":\"2021-02-11T19:22:39+00:00\",\"mainEntityOfPage\":{\"@id\":\"https:\/\/www.padreydecano.com\/cms\/entrevistas\/ruglio-estoy-convencido-que-larriera-trabaja-bien\/\"},\"wordCount\":90,\"commentCount\":162,\"publisher\":{\"@id\":\"https:\/\/www.padreydecano.com\/cms\/#organization\"},\"image\":{\"@id\":\"https:\/\/www.padreydecano.com\/cms\/entrevistas\/ruglio-estoy-convencido-que-larriera-trabaja-bien\/#primaryimage\"},\"thumbnailUrl\":\"https:\/\/www.padreydecano.com\/cms\/wp-content\/uploads\/2021\/02\/ruglio-pyd.jpg\",\"articleSection\":[\"Entrevistas\",\"PYD Radio\"],\"inLanguage\":\"es\",\"potentialAction\":[{\"@type\":\"CommentAction\",\"name\":\"Comment\",\"target\":[\"https:\/\/www.padreydecano.com\/cms\/entrevistas\/ruglio-estoy-convencido-que-larriera-trabaja-bien\/#respond\"]}]},{\"@type\":\"WebPage\",\"@id\":\"https:\/\/www.padreydecano.com\/cms\/entrevistas\/ruglio-estoy-convencido-que-larriera-trabaja-bien\/\",\"url\":\"https:\/\/www.padreydecano.com\/cms\/entrevistas\/ruglio-estoy-convencido-que-larriera-trabaja-bien\/\",\"name\":\"Ruglio: \u201cEstoy convencido que Larriera trabaja bien\u201d - Padre y Decano - El Sitio del Pueblo\",\"isPartOf\":{\"@id\":\"https:\/\/www.padreydecano.com\/cms\/#website\"},\"primaryImageOfPage\":{\"@id\":\"https:\/\/www.padreydecano.com\/cms\/entrevistas\/ruglio-estoy-convencido-que-larriera-trabaja-bien\/#primaryimage\"},\"image\":{\"@id\":\"https:\/\/www.padreydecano.com\/cms\/entrevistas\/ruglio-estoy-convencido-que-larriera-trabaja-bien\/#primaryimage\"},\"thumbnailUrl\":\"https:\/\/www.padreydecano.com\/cms\/wp-content\/uploads\/2021\/02\/ruglio-pyd.jpg\",\"datePublished\":\"2021-02-04T20:43:50+00:00\",\"dateModified\":\"2021-02-11T19:22:39+00:00\",\"breadcrumb\":{\"@id\":\"https:\/\/www.padreydecano.com\/cms\/entrevistas\/ruglio-estoy-convencido-que-larriera-trabaja-bien\/#breadcrumb\"},\"inLanguage\":\"es\",\"potentialAction\":[{\"@type\":\"ReadAction\",\"target\":[\"https:\/\/www.padreydecano.com\/cms\/entrevistas\/ruglio-estoy-convencido-que-larriera-trabaja-bien\/\"]}]},{\"@type\":\"ImageObject\",\"inLanguage\":\"es\",\"@id\":\"https:\/\/www.padreydecano.com\/cms\/entrevistas\/ruglio-estoy-convencido-que-larriera-trabaja-bien\/#primaryimage\",\"url\":\"https:\/\/www.padreydecano.com\/cms\/wp-content\/uploads\/2021\/02\/ruglio-pyd.jpg\",\"contentUrl\":\"https:\/\/www.padreydecano.com\/cms\/wp-content\/uploads\/2021\/02\/ruglio-pyd.jpg\",\"width\":1600,\"height\":1068},{\"@type\":\"BreadcrumbList\",\"@id\":\"https:\/\/www.padreydecano.com\/cms\/entrevistas\/ruglio-estoy-convencido-que-larriera-trabaja-bien\/#breadcrumb\",\"itemListElement\":[{\"@type\":\"ListItem\",\"position\":1,\"name\":\"Portada\",\"item\":\"https:\/\/www.padreydecano.com\/cms\/\"},{\"@type\":\"ListItem\",\"position\":2,\"name\":\"Ruglio: \u201cEstoy convencido que Larriera trabaja bien\u201d\"}]},{\"@type\":\"WebSite\",\"@id\":\"https:\/\/www.padreydecano.com\/cms\/#website\",\"url\":\"https:\/\/www.padreydecano.com\/cms\/\",\"name\":\"Padre y Decano - El Sitio del Pueblo\",\"description\":\"Club Atl\u00e9tico Pe\u00f1arol\",\"publisher\":{\"@id\":\"https:\/\/www.padreydecano.com\/cms\/#organization\"},\"potentialAction\":[{\"@type\":\"SearchAction\",\"target\":{\"@type\":\"EntryPoint\",\"urlTemplate\":\"https:\/\/www.padreydecano.com\/cms\/?s={search_term_string}\"},\"query-input\":\"required name=search_term_string\"}],\"inLanguage\":\"es\"},{\"@type\":\"Organization\",\"@id\":\"https:\/\/www.padreydecano.com\/cms\/#organization\",\"name\":\"Padre y Decano\",\"url\":\"https:\/\/www.padreydecano.com\/cms\/\",\"logo\":{\"@type\":\"ImageObject\",\"inLanguage\":\"es\",\"@id\":\"https:\/\/www.padreydecano.com\/cms\/#\/schema\/logo\/image\/\",\"url\":\"https:\/\/www.padreydecano.com\/cms\/wp-content\/uploads\/2022\/01\/avatar-square.png\",\"contentUrl\":\"https:\/\/www.padreydecano.com\/cms\/wp-content\/uploads\/2022\/01\/avatar-square.png\",\"width\":1500,\"height\":1500,\"caption\":\"Padre y Decano\"},\"image\":{\"@id\":\"https:\/\/www.padreydecano.com\/cms\/#\/schema\/logo\/image\/\"}},{\"@type\":\"Person\",\"@id\":\"https:\/\/www.padreydecano.com\/cms\/#\/schema\/person\/d93e9e537230ae052c194251d9a1def2\",\"name\":\"Moderador\",\"image\":{\"@type\":\"ImageObject\",\"inLanguage\":\"es\",\"@id\":\"https:\/\/www.padreydecano.com\/cms\/#\/schema\/person\/image\/\",\"url\":\"https:\/\/secure.gravatar.com\/avatar\/2587727bf8a53bd3da4ec49f01bea66e?s=96&d=https%3A%2F%2Fpadreydecano.com%2Fcms%2Fwp-content%2Fthemes%2Fpyd-theme%2Fimg%2Fdefault-avatar.png&r=g\",\"contentUrl\":\"https:\/\/secure.gravatar.com\/avatar\/2587727bf8a53bd3da4ec49f01bea66e?s=96&d=https%3A%2F%2Fpadreydecano.com%2Fcms%2Fwp-content%2Fthemes%2Fpyd-theme%2Fimg%2Fdefault-avatar.png&r=g\",\"caption\":\"Moderador\"}}]}<\/script>\n<!-- \/ Yoast SEO plugin. -->","yoast_head_json":{"title":"Ruglio: \u201cEstoy convencido que Larriera trabaja bien\u201d - Padre y Decano - El Sitio del Pueblo","robots":{"index":"index","follow":"follow","max-snippet":"max-snippet:-1","max-image-preview":"max-image-preview:large","max-video-preview":"max-video-preview:-1"},"canonical":"https:\/\/www.padreydecano.com\/cms\/entrevistas\/ruglio-estoy-convencido-que-larriera-trabaja-bien\/","og_locale":"es_ES","og_type":"article","og_title":"Ruglio: \u201cEstoy convencido que Larriera trabaja bien\u201d - Padre y Decano - El Sitio del Pueblo","og_description":"Juan Ignacio Ruglio habl\u00f3 en exclusiva con Padre y Decano Radio luego del partido cl\u00e1sico correspondiente al Torneo Clausura. Adem\u00e1s de analizar el partido, el presidente de Pe\u00f1arol habl\u00f3 de diferentes cuestiones relacionadas con la instituci\u00f3n, como la estructura de formativas, la Ciudad Deportiva, el armado del plantel para la pr\u00f3xima temporada, la clasificaci\u00f3n a [&hellip;]","og_url":"https:\/\/www.padreydecano.com\/cms\/entrevistas\/ruglio-estoy-convencido-que-larriera-trabaja-bien\/","og_site_name":"Padre y Decano - El Sitio del Pueblo","article_published_time":"2021-02-04T20:43:50+00:00","article_modified_time":"2021-02-11T19:22:39+00:00","og_image":[{"width":1600,"height":1068,"url":"https:\/\/www.padreydecano.com\/cms\/wp-content\/uploads\/2021\/02\/ruglio-pyd.jpg","type":"image\/jpeg"}],"author":"Moderador","twitter_card":"summary_large_image","twitter_misc":{"Escrito por":"Moderador"},"schema":{"@context":"https:\/\/schema.org","@graph":[{"@type":"Article","@id":"https:\/\/www.padreydecano.com\/cms\/entrevistas\/ruglio-estoy-convencido-que-larriera-trabaja-bien\/#article","isPartOf":{"@id":"https:\/\/www.padreydecano.com\/cms\/entrevistas\/ruglio-estoy-convencido-que-larriera-trabaja-bien\/"},"author":{"name":"Moderador","@id":"https:\/\/www.padreydecano.com\/cms\/#\/schema\/person\/d93e9e537230ae052c194251d9a1def2"},"headline":"Ruglio: \u201cEstoy convencido que Larriera trabaja bien\u201d","datePublished":"2021-02-04T20:43:50+00:00","dateModified":"2021-02-11T19:22:39+00:00","mainEntityOfPage":{"@id":"https:\/\/www.padreydecano.com\/cms\/entrevistas\/ruglio-estoy-convencido-que-larriera-trabaja-bien\/"},"wordCount":90,"commentCount":162,"publisher":{"@id":"https:\/\/www.padreydecano.com\/cms\/#organization"},"image":{"@id":"https:\/\/www.padreydecano.com\/cms\/entrevistas\/ruglio-estoy-convencido-que-larriera-trabaja-bien\/#primaryimage"},"thumbnailUrl":"https:\/\/www.padreydecano.com\/cms\/wp-content\/uploads\/2021\/02\/ruglio-pyd.jpg","articleSection":["Entrevistas","PYD Radio"],"inLanguage":"es","potentialAction":[{"@type":"CommentAction","name":"Comment","target":["https:\/\/www.padreydecano.com\/cms\/entrevistas\/ruglio-estoy-convencido-que-larriera-trabaja-bien\/#respond"]}]},{"@type":"WebPage","@id":"https:\/\/www.padreydecano.com\/cms\/entrevistas\/ruglio-estoy-convencido-que-larriera-trabaja-bien\/","url":"https:\/\/www.padreydecano.com\/cms\/entrevistas\/ruglio-estoy-convencido-que-larriera-trabaja-bien\/","name":"Ruglio: \u201cEstoy convencido que Larriera trabaja bien\u201d - Padre y Decano - El Sitio del Pueblo","isPartOf":{"@id":"https:\/\/www.padreydecano.com\/cms\/#website"},"primaryImageOfPage":{"@id":"https:\/\/www.padreydecano.com\/cms\/entrevistas\/ruglio-estoy-convencido-que-larriera-trabaja-bien\/#primaryimage"},"image":{"@id":"https:\/\/www.padreydecano.com\/cms\/entrevistas\/ruglio-estoy-convencido-que-larriera-trabaja-bien\/#primaryimage"},"thumbnailUrl":"https:\/\/www.padreydecano.com\/cms\/wp-content\/uploads\/2021\/02\/ruglio-pyd.jpg","datePublished":"2021-02-04T20:43:50+00:00","dateModified":"2021-02-11T19:22:39+00:00","breadcrumb":{"@id":"https:\/\/www.padreydecano.com\/cms\/entrevistas\/ruglio-estoy-convencido-que-larriera-trabaja-bien\/#breadcrumb"},"inLanguage":"es","potentialAction":[{"@type":"ReadAction","target":["https:\/\/www.padreydecano.com\/cms\/entrevistas\/ruglio-estoy-convencido-que-larriera-trabaja-bien\/"]}]},{"@type":"ImageObject","inLanguage":"es","@id":"https:\/\/www.padreydecano.com\/cms\/entrevistas\/ruglio-estoy-convencido-que-larriera-trabaja-bien\/#primaryimage","url":"https:\/\/www.padreydecano.com\/cms\/wp-content\/uploads\/2021\/02\/ruglio-pyd.jpg","contentUrl":"https:\/\/www.padreydecano.com\/cms\/wp-content\/uploads\/2021\/02\/ruglio-pyd.jpg","width":1600,"height":1068},{"@type":"BreadcrumbList","@id":"https:\/\/www.padreydecano.com\/cms\/entrevistas\/ruglio-estoy-convencido-que-larriera-trabaja-bien\/#breadcrumb","itemListElement":[{"@type":"ListItem","position":1,"name":"Portada","item":"https:\/\/www.padreydecano.com\/cms\/"},{"@type":"ListItem","position":2,"name":"Ruglio: \u201cEstoy convencido que Larriera trabaja bien\u201d"}]},{"@type":"WebSite","@id":"https:\/\/www.padreydecano.com\/cms\/#website","url":"https:\/\/www.padreydecano.com\/cms\/","name":"Padre y Decano - El Sitio del Pueblo","description":"Club Atl\u00e9tico Pe\u00f1arol","publisher":{"@id":"https:\/\/www.padreydecano.com\/cms\/#organization"},"potentialAction":[{"@type":"SearchAction","target":{"@type":"EntryPoint","urlTemplate":"https:\/\/www.padreydecano.com\/cms\/?s={search_term_string}"},"query-input":"required name=search_term_string"}],"inLanguage":"es"},{"@type":"Organization","@id":"https:\/\/www.padreydecano.com\/cms\/#organization","name":"Padre y Decano","url":"https:\/\/www.padreydecano.com\/cms\/","logo":{"@type":"ImageObject","inLanguage":"es","@id":"https:\/\/www.padreydecano.com\/cms\/#\/schema\/logo\/image\/","url":"https:\/\/www.padreydecano.com\/cms\/wp-content\/uploads\/2022\/01\/avatar-square.png","contentUrl":"https:\/\/www.padreydecano.com\/cms\/wp-content\/uploads\/2022\/01\/avatar-square.png","width":1500,"height":1500,"caption":"Padre y Decano"},"image":{"@id":"https:\/\/www.padreydecano.com\/cms\/#\/schema\/logo\/image\/"}},{"@type":"Person","@id":"https:\/\/www.padreydecano.com\/cms\/#\/schema\/person\/d93e9e537230ae052c194251d9a1def2","name":"Moderador","image":{"@type":"ImageObject","inLanguage":"es","@id":"https:\/\/www.padreydecano.com\/cms\/#\/schema\/person\/image\/","url":"https:\/\/secure.gravatar.com\/avatar\/2587727bf8a53bd3da4ec49f01bea66e?s=96&d=https%3A%2F%2Fpadreydecano.com%2Fcms%2Fwp-content%2Fthemes%2Fpyd-theme%2Fimg%2Fdefault-avatar.png&r=g","contentUrl":"https:\/\/secure.gravatar.com\/avatar\/2587727bf8a53bd3da4ec49f01bea66e?s=96&d=https%3A%2F%2Fpadreydecano.com%2Fcms%2Fwp-content%2Fthemes%2Fpyd-theme%2Fimg%2Fdefault-avatar.png&r=g","caption":"Moderador"}}]}},"_links":{"self":[{"href":"https:\/\/www.padreydecano.com\/cms\/wp-json\/wp\/v2\/posts\/75317"}],"collection":[{"href":"https:\/\/www.padreydecano.com\/cms\/wp-json\/wp\/v2\/posts"}],"about":[{"href":"https:\/\/www.padreydecano.com\/cms\/wp-json\/wp\/v2\/types\/post"}],"author":[{"embeddable":true,"href":"https:\/\/www.padreydecano.com\/cms\/wp-json\/wp\/v2\/users\/13"}],"replies":[{"embeddable":true,"href":"https:\/\/www.padreydecano.com\/cms\/wp-json\/wp\/v2\/comments?post=75317"}],"version-history":[{"count":0,"href":"https:\/\/www.padreydecano.com\/cms\/wp-json\/wp\/v2\/posts\/75317\/revisions"}],"wp:featuredmedia":[{"embeddable":true,"href":"https:\/\/www.padreydecano.com\/cms\/wp-json\/wp\/v2\/media\/75318"}],"wp:attachment":[{"href":"https:\/\/www.padreydecano.com\/cms\/wp-json\/wp\/v2\/media?parent=75317"}],"wp:term":[{"taxonomy":"category","embeddable":true,"href":"https:\/\/www.padreydecano.com\/cms\/wp-json\/wp\/v2\/categories?post=75317"},{"taxonomy":"post_tag","embeddable":true,"href":"https:\/\/www.padreydecano.com\/cms\/wp-json\/wp\/v2\/tags?post=75317"}],"curies":[{"name":"wp","href":"https:\/\/api.w.org\/{rel}","templated":true}]}}