{"id":75281,"date":"2021-01-31T19:21:30","date_gmt":"2021-01-31T22:21:30","guid":{"rendered":"http:\/\/www.padreydecano.com\/cms\/?p=75281"},"modified":"2021-02-02T11:20:28","modified_gmt":"2021-02-02T14:20:28","slug":"lo-que-se-necesitaba","status":"publish","type":"post","link":"https:\/\/www.padreydecano.com\/cms\/noticias\/lo-que-se-necesitaba\/","title":{"rendered":"Lo que se necesitaba"},"content":{"rendered":"<p><a href=\"https:\/\/www.padreydecano.com\/cms\/wp-content\/uploads\/2021\/01\/WhatsApp-Image-2021-01-31-at-18.28.43.jpeg\" rel=\"shadowbox[sbpost-75281];player=img;\"><img loading=\"lazy\" decoding=\"async\" class=\"aligncenter size-full wp-image-75282\" src=\"https:\/\/www.padreydecano.com\/cms\/wp-content\/uploads\/2021\/01\/WhatsApp-Image-2021-01-31-at-18.28.43.jpeg\" alt=\"\" width=\"1600\" height=\"1066\" srcset=\"https:\/\/www.padreydecano.com\/cms\/wp-content\/uploads\/2021\/01\/WhatsApp-Image-2021-01-31-at-18.28.43.jpeg 1600w, https:\/\/www.padreydecano.com\/cms\/wp-content\/uploads\/2021\/01\/WhatsApp-Image-2021-01-31-at-18.28.43-600x400.jpeg 600w, https:\/\/www.padreydecano.com\/cms\/wp-content\/uploads\/2021\/01\/WhatsApp-Image-2021-01-31-at-18.28.43-768x512.jpeg 768w, https:\/\/www.padreydecano.com\/cms\/wp-content\/uploads\/2021\/01\/WhatsApp-Image-2021-01-31-at-18.28.43-1024x682.jpeg 1024w\" sizes=\"(max-width: 1600px) 100vw, 1600px\" \/><\/a><\/p>\n<p class=\"p1\" style=\"text-align: justify;\"><span class=\"s1\"><strong>Por la tercera fecha del Torneo Clausura Pe\u00f1arol venci\u00f3 a Danubio 1 a 0 con gol de Mat\u00edas Britos, en el Estadio Jardines del Hip\u00f3dromo.<\/strong> <\/span><\/p>\n<p class=\"p1\" style=\"text-align: justify;\"><span style=\"color: #ffcc00;\"><strong><span class=\"s1\">Pe\u00f1arol<\/span><\/strong><\/span><\/p>\n<p class=\"p1\" style=\"text-align: justify;\"><span class=\"s1\">Kevin Dawson; Giovanni Gonz\u00e1lez, Fabricio Formiliano, Rodrigo Abascal, Joaqu\u00edn Piquerez; Walter Gargano, Jes\u00fas Trindade; David Terans, Facundo Torres; Agust\u00edn \u00c1lvarez Mart\u00ednez y Mat\u00edas Britos<\/span><\/p>\n<p class=\"p1\" style=\"text-align: justify;\"><strong><span class=\"s1\">Suplentes <\/span><\/strong><\/p>\n<p class=\"p1\" style=\"text-align: justify;\"><span class=\"s1\">Thiago Cardozo, Robert Herrera, Valent\u00edn Rodr\u00edguez; Juan Acosta, Krisztian Vadocz, Agust\u00edn \u00c1lvarez Wallace, Mat\u00edas De los Santos, Denis Olivera, Jonathan Urretaviscaya y Luis Acevedo.<\/span><\/p>\n<p class=\"p1\" style=\"text-align: justify;\"><span class=\"s1\"><strong>DT:<\/strong> Mauricio Larriera <\/span><\/p>\n<p class=\"p1\" style=\"text-align: justify;\"><span class=\"s1\">Arranque entretenido en Jardines del Hip\u00f3dromo, con tan solo 5\u2019 minutos ya ten\u00edamos una chance por cuadro, Pe\u00f1arol avis\u00f3 con Facundo Torres probando de afuera pero el remate lo contuvo Salvador Ichazo, el arquero rival.<\/span><\/p>\n<p class=\"p1\" style=\"text-align: justify;\"><span class=\"s1\"><strong>Con los minutos Pe\u00f1arol se volvi\u00f3 predecible con env\u00edos a\u00e9reos frontales, en lo que fue su peor pasaje de la primera mitad.<\/strong> Torres era quien segu\u00eda generando las diferencias y cuando quedaba mano a mano se hac\u00eda imparable por banda izquierda del ataque principalmente.<\/span><\/p>\n<p class=\"p1\" style=\"text-align: justify;\"><span class=\"s1\">Danubio se repleg\u00f3 con el pasar de los minutos y dej\u00f3 de proponer con bal\u00f3n, qued\u00e1ndose \u00fanicamente con las contras como opci\u00f3n en ataque. <strong>Por esto la posesi\u00f3n era casi exclusiva de los dirigidos por Mauricio Larriera que buscando f\u00fatbol por bandas con Walter Gargano como eje central llegaba al fondo pero no era efectivo en el \u00faltimo tercio del campo.<\/strong><\/span><\/p>\n<p class=\"p1\" style=\"text-align: justify;\"><span class=\"s1\">A los 25\u2019 de la primera mitad, tras una muy buena combinaci\u00f3n colectiva de Pe\u00f1arol, Giovanni Gonz\u00e1lez se mand\u00f3 al ataque y defini\u00f3 muy bien, <strong>pero por una mala decisi\u00f3n arbitral le fue anulado el gol, seg\u00fan el juez de l\u00ednea, por una inexistente posici\u00f3n adelantada.<\/strong> El carbonero al momento dominaba y merec\u00eda el gol.<\/span><\/p>\n<p class=\"p1\" style=\"text-align: justify;\"><span class=\"s1\">Minutos despu\u00e9s lleg\u00f3 con claridad Danubio tras una pelota quieta y se lo perdi\u00f3 debajo del arco Santiago Carrera y en la siguiente Kevin Dawson salv\u00f3 al carbonero cortando un pase al medio con mucho peligro.<\/span><\/p>\n<p class=\"p1\" style=\"text-align: justify;\"><span class=\"s1\">Pe\u00f1arol segu\u00eda con el control del bal\u00f3n pero sin jugadas claras. El ataque se cortaba r\u00e1pido con muchas faltas a Torres principalmente. Los laterales aurinegros se hicieron importantes, tomando mayor protagonismo en ataque, buscando la mayor\u00eda de los ataque por fuera. Luego de un centro levantado por David Terans, se pas\u00f3 al salir Salvador Ichazo pero Fabricio Formiliano no lleg\u00f3 c\u00f3modo a definir por lo que el bal\u00f3n se fue a metros por afuera.<\/span><\/p>\n<p class=\"p1\" style=\"text-align: justify;\"><span class=\"s1\"><strong>Pol\u00e9mico arbitraje en la primera mitad, que por momentos parec\u00eda no haber salido con las tarjetas, adem\u00e1s de haber anulado un gol completamente l\u00edcito<\/strong>. La cantidad de faltas recibidas por Torres debieron costarle alguna amarilla al conjunto franjeado, adem\u00e1s de algunas patadas subidas de tono.<\/span><\/p>\n<p class=\"p1\" style=\"text-align: justify;\"><span class=\"s1\">El segundo tiempo no arranc\u00f3 exento de pol\u00e9mica, al arranque Britos env\u00edo un bal\u00f3n al Canario \u00c1lvarez que impact\u00f3 en la mano de un Carrera que era penal a favor de Pe\u00f1arol. <strong>Daniel Fedorzuck<\/strong>\u00a0<strong>no lo cobr\u00f3.<\/strong><\/span><\/p>\n<p class=\"p1\" style=\"text-align: justify;\"><span class=\"s1\">El equipo se encontraba abierto y la pelota no transitaba por la mitad de la cancha, lo que favorec\u00eda al planteo del equipo local. <\/span><\/p>\n<p class=\"p1\" style=\"text-align: justify;\"><strong><span class=\"s1\">Ingresaron a los 60\u2019 minutos Agust\u00edn \u00c1lvarez Wallace y Jonathan Urretaviscaya por Jes\u00fas Trindade y David Terans.<\/span><\/strong><\/p>\n<p class=\"p1\" style=\"text-align: justify;\"><span class=\"s1\">Un par de minutos despu\u00e9s se dio una buena combinaci\u00f3n nuevamente de los dirigidos por Mauricio Larriera, un bal\u00f3n que se movi\u00f3 de derecha a izquierda pasando por los pies de casi todos los futbolistas aurinegros hasta que <strong>Torres encontr\u00f3 el espacio en profundidad para habilitar a Joaqu\u00edn Piquerez,, que con un centro rastrero envi\u00f3 la pelota al medio para que a Britos le quede solo empujarla. En los pies de Mat\u00edas Britos lleg\u00f3 el tan ansiado 1 &#8211; 0.<\/strong><\/span><\/p>\n<p class=\"p1\" style=\"text-align: justify;\"><span class=\"s1\">A quince minutos del final se retiraron Walter Gargano y Fabricio Formiliano, este \u00faltimo tironeado del posterior e ingresaron en sus lugares Kriszti\u00e1<\/span><span class=\"s1\">n Vad\u00f3cz y Robert Herrera.<\/span><\/p>\n<p class=\"p1\" style=\"text-align: justify;\"><span class=\"s1\">Danubio sin muchas ideas se mandaba al ataque mientras que Pe\u00f1arol se replegaba con un notorio cansancio f\u00edsico.<\/span><\/p>\n<p class=\"p1\" style=\"text-align: justify;\"><strong><span class=\"s1\">Minuto 82\u2019 se terminaron los cambios para Pe\u00f1arol, el \u00faltimo fue el ingreso de Mat\u00edas De los Santos por Mat\u00edas Britos.<\/span><\/strong><\/p>\n<p class=\"p1\" style=\"text-align: justify;\"><span class=\"s1\">Los minutos finales tuvieron al conjunto carbonero demasiado atrasado en el campo de juego lo que permiti\u00f3 que el local con muy poco generara peligro.<\/span><\/p>\n<p class=\"p1\" style=\"text-align: justify;\"><span class=\"s1\">En los descuentos Giovanni Gonz\u00e1lez despej\u00f3 un bal\u00f3n dentro del \u00e1rea chica que podr\u00eda haber sido el empate en una de las \u00faltimas del encuentro.<\/span><\/p>\n<p class=\"p1\" style=\"text-align: justify;\"><span class=\"s1\">Pe\u00f1arol apronta el cl\u00e1sico tras una victoria tan importante como necesaria. Con destellos de buen f\u00fatbol pero con bastantes dudas, el equipo que por momentos parece depender exclusivamente de lo que puede hacer Torres, quien fue figura nuevamente, debe mejorar su imagen tanto futbol\u00edstica como f\u00edsicamente si quiere pelear el torneo hasta el final.<\/span><\/p>\n<p class=\"p1\" style=\"text-align: justify;\"><span class=\"s1\"><div class=\"user-wrapper\"><a class=\"userlink\" href=\"https:\/\/twitter.com\/agustin_oronoz\" target=\"_blank\"><figure><img decoding=\"async\" src=\"http:\/\/www.padreydecano.com\/cms\/wp-users-files\/postfirmas\/agustin_oronoz.jpg\" \/><\/figure><p class=\"user\"><strong>Agust&iacute;n Oronoz<\/strong><br \/>@agustin_oronoz<\/p><\/a><\/div><\/span><\/p>\n","protected":false},"excerpt":{"rendered":"<p>Por la tercera fecha del Torneo Clausura Pe\u00f1arol venci\u00f3 a Danubio 1 a 0 con gol de Mat\u00edas Britos, en el Estadio Jardines del Hip\u00f3dromo. Pe\u00f1arol Kevin Dawson; Giovanni Gonz\u00e1lez, Fabricio Formiliano, Rodrigo Abascal, Joaqu\u00edn Piquerez; Walter Gargano, Jes\u00fas Trindade; David Terans, Facundo Torres; Agust\u00edn \u00c1lvarez Mart\u00ednez y Mat\u00edas Britos Suplentes Thiago Cardozo, Robert Herrera, [&hellip;]<\/p>\n","protected":false},"author":30,"featured_media":75282,"comment_status":"open","ping_status":"closed","sticky":false,"template":"","format":"standard","meta":{"footnotes":""},"categories":[1],"tags":[],"yoast_head":"<!-- This site is optimized with the Yoast SEO plugin v23.2 - https:\/\/yoast.com\/wordpress\/plugins\/seo\/ -->\n<title>Lo que se necesitaba - Padre y Decano - El Sitio del Pueblo<\/title>\n<meta name=\"robots\" content=\"index, follow, max-snippet:-1, max-image-preview:large, max-video-preview:-1\" \/>\n<link rel=\"canonical\" href=\"https:\/\/www.padreydecano.com\/cms\/noticias\/lo-que-se-necesitaba\/\" \/>\n<meta property=\"og:locale\" content=\"es_ES\" \/>\n<meta property=\"og:type\" content=\"article\" \/>\n<meta property=\"og:title\" content=\"Lo que se necesitaba - Padre y Decano - El Sitio del Pueblo\" \/>\n<meta property=\"og:description\" content=\"Por la tercera fecha del Torneo Clausura Pe\u00f1arol venci\u00f3 a Danubio 1 a 0 con gol de Mat\u00edas Britos, en el Estadio Jardines del Hip\u00f3dromo. Pe\u00f1arol Kevin Dawson; Giovanni Gonz\u00e1lez, Fabricio Formiliano, Rodrigo Abascal, Joaqu\u00edn Piquerez; Walter Gargano, Jes\u00fas Trindade; David Terans, Facundo Torres; Agust\u00edn \u00c1lvarez Mart\u00ednez y Mat\u00edas Britos Suplentes Thiago Cardozo, Robert Herrera, [&hellip;]\" \/>\n<meta property=\"og:url\" content=\"https:\/\/www.padreydecano.com\/cms\/noticias\/lo-que-se-necesitaba\/\" \/>\n<meta property=\"og:site_name\" content=\"Padre y Decano - El Sitio del Pueblo\" \/>\n<meta property=\"article:published_time\" content=\"2021-01-31T22:21:30+00:00\" \/>\n<meta property=\"article:modified_time\" content=\"2021-02-02T14:20:28+00:00\" \/>\n<meta property=\"og:image\" content=\"https:\/\/www.padreydecano.com\/cms\/wp-content\/uploads\/2021\/01\/WhatsApp-Image-2021-01-31-at-18.28.43.jpeg\" \/>\n\t<meta property=\"og:image:width\" content=\"1600\" \/>\n\t<meta property=\"og:image:height\" content=\"1066\" \/>\n\t<meta property=\"og:image:type\" content=\"image\/jpeg\" \/>\n<meta name=\"author\" content=\"Udelar\" \/>\n<meta name=\"twitter:card\" content=\"summary_large_image\" \/>\n<meta name=\"twitter:label1\" content=\"Escrito por\" \/>\n\t<meta name=\"twitter:data1\" content=\"Udelar\" \/>\n\t<meta name=\"twitter:label2\" content=\"Tiempo de lectura\" \/>\n\t<meta name=\"twitter:data2\" content=\"4 minutos\" \/>\n<script type=\"application\/ld+json\" class=\"yoast-schema-graph\">{\"@context\":\"https:\/\/schema.org\",\"@graph\":[{\"@type\":\"Article\",\"@id\":\"https:\/\/www.padreydecano.com\/cms\/noticias\/lo-que-se-necesitaba\/#article\",\"isPartOf\":{\"@id\":\"https:\/\/www.padreydecano.com\/cms\/noticias\/lo-que-se-necesitaba\/\"},\"author\":{\"name\":\"Udelar\",\"@id\":\"https:\/\/www.padreydecano.com\/cms\/#\/schema\/person\/b22191326be6d1c7fa55c2ad137a9a32\"},\"headline\":\"Lo que se necesitaba\",\"datePublished\":\"2021-01-31T22:21:30+00:00\",\"dateModified\":\"2021-02-02T14:20:28+00:00\",\"mainEntityOfPage\":{\"@id\":\"https:\/\/www.padreydecano.com\/cms\/noticias\/lo-que-se-necesitaba\/\"},\"wordCount\":828,\"commentCount\":142,\"publisher\":{\"@id\":\"https:\/\/www.padreydecano.com\/cms\/#organization\"},\"image\":{\"@id\":\"https:\/\/www.padreydecano.com\/cms\/noticias\/lo-que-se-necesitaba\/#primaryimage\"},\"thumbnailUrl\":\"https:\/\/www.padreydecano.com\/cms\/wp-content\/uploads\/2021\/01\/WhatsApp-Image-2021-01-31-at-18.28.43.jpeg\",\"articleSection\":[\"Noticias\"],\"inLanguage\":\"es\",\"potentialAction\":[{\"@type\":\"CommentAction\",\"name\":\"Comment\",\"target\":[\"https:\/\/www.padreydecano.com\/cms\/noticias\/lo-que-se-necesitaba\/#respond\"]}]},{\"@type\":\"WebPage\",\"@id\":\"https:\/\/www.padreydecano.com\/cms\/noticias\/lo-que-se-necesitaba\/\",\"url\":\"https:\/\/www.padreydecano.com\/cms\/noticias\/lo-que-se-necesitaba\/\",\"name\":\"Lo que se necesitaba - Padre y Decano - El Sitio del Pueblo\",\"isPartOf\":{\"@id\":\"https:\/\/www.padreydecano.com\/cms\/#website\"},\"primaryImageOfPage\":{\"@id\":\"https:\/\/www.padreydecano.com\/cms\/noticias\/lo-que-se-necesitaba\/#primaryimage\"},\"image\":{\"@id\":\"https:\/\/www.padreydecano.com\/cms\/noticias\/lo-que-se-necesitaba\/#primaryimage\"},\"thumbnailUrl\":\"https:\/\/www.padreydecano.com\/cms\/wp-content\/uploads\/2021\/01\/WhatsApp-Image-2021-01-31-at-18.28.43.jpeg\",\"datePublished\":\"2021-01-31T22:21:30+00:00\",\"dateModified\":\"2021-02-02T14:20:28+00:00\",\"breadcrumb\":{\"@id\":\"https:\/\/www.padreydecano.com\/cms\/noticias\/lo-que-se-necesitaba\/#breadcrumb\"},\"inLanguage\":\"es\",\"potentialAction\":[{\"@type\":\"ReadAction\",\"target\":[\"https:\/\/www.padreydecano.com\/cms\/noticias\/lo-que-se-necesitaba\/\"]}]},{\"@type\":\"ImageObject\",\"inLanguage\":\"es\",\"@id\":\"https:\/\/www.padreydecano.com\/cms\/noticias\/lo-que-se-necesitaba\/#primaryimage\",\"url\":\"https:\/\/www.padreydecano.com\/cms\/wp-content\/uploads\/2021\/01\/WhatsApp-Image-2021-01-31-at-18.28.43.jpeg\",\"contentUrl\":\"https:\/\/www.padreydecano.com\/cms\/wp-content\/uploads\/2021\/01\/WhatsApp-Image-2021-01-31-at-18.28.43.jpeg\",\"width\":1600,\"height\":1066},{\"@type\":\"BreadcrumbList\",\"@id\":\"https:\/\/www.padreydecano.com\/cms\/noticias\/lo-que-se-necesitaba\/#breadcrumb\",\"itemListElement\":[{\"@type\":\"ListItem\",\"position\":1,\"name\":\"Portada\",\"item\":\"https:\/\/www.padreydecano.com\/cms\/\"},{\"@type\":\"ListItem\",\"position\":2,\"name\":\"Lo que se necesitaba\"}]},{\"@type\":\"WebSite\",\"@id\":\"https:\/\/www.padreydecano.com\/cms\/#website\",\"url\":\"https:\/\/www.padreydecano.com\/cms\/\",\"name\":\"Padre y Decano - El Sitio del Pueblo\",\"description\":\"Club Atl\u00e9tico Pe\u00f1arol\",\"publisher\":{\"@id\":\"https:\/\/www.padreydecano.com\/cms\/#organization\"},\"potentialAction\":[{\"@type\":\"SearchAction\",\"target\":{\"@type\":\"EntryPoint\",\"urlTemplate\":\"https:\/\/www.padreydecano.com\/cms\/?s={search_term_string}\"},\"query-input\":\"required name=search_term_string\"}],\"inLanguage\":\"es\"},{\"@type\":\"Organization\",\"@id\":\"https:\/\/www.padreydecano.com\/cms\/#organization\",\"name\":\"Padre y Decano\",\"url\":\"https:\/\/www.padreydecano.com\/cms\/\",\"logo\":{\"@type\":\"ImageObject\",\"inLanguage\":\"es\",\"@id\":\"https:\/\/www.padreydecano.com\/cms\/#\/schema\/logo\/image\/\",\"url\":\"https:\/\/www.padreydecano.com\/cms\/wp-content\/uploads\/2022\/01\/avatar-square.png\",\"contentUrl\":\"https:\/\/www.padreydecano.com\/cms\/wp-content\/uploads\/2022\/01\/avatar-square.png\",\"width\":1500,\"height\":1500,\"caption\":\"Padre y Decano\"},\"image\":{\"@id\":\"https:\/\/www.padreydecano.com\/cms\/#\/schema\/logo\/image\/\"}},{\"@type\":\"Person\",\"@id\":\"https:\/\/www.padreydecano.com\/cms\/#\/schema\/person\/b22191326be6d1c7fa55c2ad137a9a32\",\"name\":\"Udelar\",\"image\":{\"@type\":\"ImageObject\",\"inLanguage\":\"es\",\"@id\":\"https:\/\/www.padreydecano.com\/cms\/#\/schema\/person\/image\/\",\"url\":\"https:\/\/secure.gravatar.com\/avatar\/611ece663b16897a2cd2f46982281225?s=96&d=https%3A%2F%2Fpadreydecano.com%2Fcms%2Fwp-content%2Fthemes%2Fpyd-theme%2Fimg%2Fdefault-avatar.png&r=g\",\"contentUrl\":\"https:\/\/secure.gravatar.com\/avatar\/611ece663b16897a2cd2f46982281225?s=96&d=https%3A%2F%2Fpadreydecano.com%2Fcms%2Fwp-content%2Fthemes%2Fpyd-theme%2Fimg%2Fdefault-avatar.png&r=g\",\"caption\":\"Udelar\"}}]}<\/script>\n<!-- \/ Yoast SEO plugin. -->","yoast_head_json":{"title":"Lo que se necesitaba - Padre y Decano - El Sitio del Pueblo","robots":{"index":"index","follow":"follow","max-snippet":"max-snippet:-1","max-image-preview":"max-image-preview:large","max-video-preview":"max-video-preview:-1"},"canonical":"https:\/\/www.padreydecano.com\/cms\/noticias\/lo-que-se-necesitaba\/","og_locale":"es_ES","og_type":"article","og_title":"Lo que se necesitaba - Padre y Decano - El Sitio del Pueblo","og_description":"Por la tercera fecha del Torneo Clausura Pe\u00f1arol venci\u00f3 a Danubio 1 a 0 con gol de Mat\u00edas Britos, en el Estadio Jardines del Hip\u00f3dromo. Pe\u00f1arol Kevin Dawson; Giovanni Gonz\u00e1lez, Fabricio Formiliano, Rodrigo Abascal, Joaqu\u00edn Piquerez; Walter Gargano, Jes\u00fas Trindade; David Terans, Facundo Torres; Agust\u00edn \u00c1lvarez Mart\u00ednez y Mat\u00edas Britos Suplentes Thiago Cardozo, Robert Herrera, [&hellip;]","og_url":"https:\/\/www.padreydecano.com\/cms\/noticias\/lo-que-se-necesitaba\/","og_site_name":"Padre y Decano - El Sitio del Pueblo","article_published_time":"2021-01-31T22:21:30+00:00","article_modified_time":"2021-02-02T14:20:28+00:00","og_image":[{"width":1600,"height":1066,"url":"https:\/\/www.padreydecano.com\/cms\/wp-content\/uploads\/2021\/01\/WhatsApp-Image-2021-01-31-at-18.28.43.jpeg","type":"image\/jpeg"}],"author":"Udelar","twitter_card":"summary_large_image","twitter_misc":{"Escrito por":"Udelar","Tiempo de lectura":"4 minutos"},"schema":{"@context":"https:\/\/schema.org","@graph":[{"@type":"Article","@id":"https:\/\/www.padreydecano.com\/cms\/noticias\/lo-que-se-necesitaba\/#article","isPartOf":{"@id":"https:\/\/www.padreydecano.com\/cms\/noticias\/lo-que-se-necesitaba\/"},"author":{"name":"Udelar","@id":"https:\/\/www.padreydecano.com\/cms\/#\/schema\/person\/b22191326be6d1c7fa55c2ad137a9a32"},"headline":"Lo que se necesitaba","datePublished":"2021-01-31T22:21:30+00:00","dateModified":"2021-02-02T14:20:28+00:00","mainEntityOfPage":{"@id":"https:\/\/www.padreydecano.com\/cms\/noticias\/lo-que-se-necesitaba\/"},"wordCount":828,"commentCount":142,"publisher":{"@id":"https:\/\/www.padreydecano.com\/cms\/#organization"},"image":{"@id":"https:\/\/www.padreydecano.com\/cms\/noticias\/lo-que-se-necesitaba\/#primaryimage"},"thumbnailUrl":"https:\/\/www.padreydecano.com\/cms\/wp-content\/uploads\/2021\/01\/WhatsApp-Image-2021-01-31-at-18.28.43.jpeg","articleSection":["Noticias"],"inLanguage":"es","potentialAction":[{"@type":"CommentAction","name":"Comment","target":["https:\/\/www.padreydecano.com\/cms\/noticias\/lo-que-se-necesitaba\/#respond"]}]},{"@type":"WebPage","@id":"https:\/\/www.padreydecano.com\/cms\/noticias\/lo-que-se-necesitaba\/","url":"https:\/\/www.padreydecano.com\/cms\/noticias\/lo-que-se-necesitaba\/","name":"Lo que se necesitaba - Padre y Decano - El Sitio del Pueblo","isPartOf":{"@id":"https:\/\/www.padreydecano.com\/cms\/#website"},"primaryImageOfPage":{"@id":"https:\/\/www.padreydecano.com\/cms\/noticias\/lo-que-se-necesitaba\/#primaryimage"},"image":{"@id":"https:\/\/www.padreydecano.com\/cms\/noticias\/lo-que-se-necesitaba\/#primaryimage"},"thumbnailUrl":"https:\/\/www.padreydecano.com\/cms\/wp-content\/uploads\/2021\/01\/WhatsApp-Image-2021-01-31-at-18.28.43.jpeg","datePublished":"2021-01-31T22:21:30+00:00","dateModified":"2021-02-02T14:20:28+00:00","breadcrumb":{"@id":"https:\/\/www.padreydecano.com\/cms\/noticias\/lo-que-se-necesitaba\/#breadcrumb"},"inLanguage":"es","potentialAction":[{"@type":"ReadAction","target":["https:\/\/www.padreydecano.com\/cms\/noticias\/lo-que-se-necesitaba\/"]}]},{"@type":"ImageObject","inLanguage":"es","@id":"https:\/\/www.padreydecano.com\/cms\/noticias\/lo-que-se-necesitaba\/#primaryimage","url":"https:\/\/www.padreydecano.com\/cms\/wp-content\/uploads\/2021\/01\/WhatsApp-Image-2021-01-31-at-18.28.43.jpeg","contentUrl":"https:\/\/www.padreydecano.com\/cms\/wp-content\/uploads\/2021\/01\/WhatsApp-Image-2021-01-31-at-18.28.43.jpeg","width":1600,"height":1066},{"@type":"BreadcrumbList","@id":"https:\/\/www.padreydecano.com\/cms\/noticias\/lo-que-se-necesitaba\/#breadcrumb","itemListElement":[{"@type":"ListItem","position":1,"name":"Portada","item":"https:\/\/www.padreydecano.com\/cms\/"},{"@type":"ListItem","position":2,"name":"Lo que se necesitaba"}]},{"@type":"WebSite","@id":"https:\/\/www.padreydecano.com\/cms\/#website","url":"https:\/\/www.padreydecano.com\/cms\/","name":"Padre y Decano - El Sitio del Pueblo","description":"Club Atl\u00e9tico Pe\u00f1arol","publisher":{"@id":"https:\/\/www.padreydecano.com\/cms\/#organization"},"potentialAction":[{"@type":"SearchAction","target":{"@type":"EntryPoint","urlTemplate":"https:\/\/www.padreydecano.com\/cms\/?s={search_term_string}"},"query-input":"required name=search_term_string"}],"inLanguage":"es"},{"@type":"Organization","@id":"https:\/\/www.padreydecano.com\/cms\/#organization","name":"Padre y Decano","url":"https:\/\/www.padreydecano.com\/cms\/","logo":{"@type":"ImageObject","inLanguage":"es","@id":"https:\/\/www.padreydecano.com\/cms\/#\/schema\/logo\/image\/","url":"https:\/\/www.padreydecano.com\/cms\/wp-content\/uploads\/2022\/01\/avatar-square.png","contentUrl":"https:\/\/www.padreydecano.com\/cms\/wp-content\/uploads\/2022\/01\/avatar-square.png","width":1500,"height":1500,"caption":"Padre y Decano"},"image":{"@id":"https:\/\/www.padreydecano.com\/cms\/#\/schema\/logo\/image\/"}},{"@type":"Person","@id":"https:\/\/www.padreydecano.com\/cms\/#\/schema\/person\/b22191326be6d1c7fa55c2ad137a9a32","name":"Udelar","image":{"@type":"ImageObject","inLanguage":"es","@id":"https:\/\/www.padreydecano.com\/cms\/#\/schema\/person\/image\/","url":"https:\/\/secure.gravatar.com\/avatar\/611ece663b16897a2cd2f46982281225?s=96&d=https%3A%2F%2Fpadreydecano.com%2Fcms%2Fwp-content%2Fthemes%2Fpyd-theme%2Fimg%2Fdefault-avatar.png&r=g","contentUrl":"https:\/\/secure.gravatar.com\/avatar\/611ece663b16897a2cd2f46982281225?s=96&d=https%3A%2F%2Fpadreydecano.com%2Fcms%2Fwp-content%2Fthemes%2Fpyd-theme%2Fimg%2Fdefault-avatar.png&r=g","caption":"Udelar"}}]}},"_links":{"self":[{"href":"https:\/\/www.padreydecano.com\/cms\/wp-json\/wp\/v2\/posts\/75281"}],"collection":[{"href":"https:\/\/www.padreydecano.com\/cms\/wp-json\/wp\/v2\/posts"}],"about":[{"href":"https:\/\/www.padreydecano.com\/cms\/wp-json\/wp\/v2\/types\/post"}],"author":[{"embeddable":true,"href":"https:\/\/www.padreydecano.com\/cms\/wp-json\/wp\/v2\/users\/30"}],"replies":[{"embeddable":true,"href":"https:\/\/www.padreydecano.com\/cms\/wp-json\/wp\/v2\/comments?post=75281"}],"version-history":[{"count":0,"href":"https:\/\/www.padreydecano.com\/cms\/wp-json\/wp\/v2\/posts\/75281\/revisions"}],"wp:featuredmedia":[{"embeddable":true,"href":"https:\/\/www.padreydecano.com\/cms\/wp-json\/wp\/v2\/media\/75282"}],"wp:attachment":[{"href":"https:\/\/www.padreydecano.com\/cms\/wp-json\/wp\/v2\/media?parent=75281"}],"wp:term":[{"taxonomy":"category","embeddable":true,"href":"https:\/\/www.padreydecano.com\/cms\/wp-json\/wp\/v2\/categories?post=75281"},{"taxonomy":"post_tag","embeddable":true,"href":"https:\/\/www.padreydecano.com\/cms\/wp-json\/wp\/v2\/tags?post=75281"}],"curies":[{"name":"wp","href":"https:\/\/api.w.org\/{rel}","templated":true}]}}