{"id":74974,"date":"2020-12-09T17:17:55","date_gmt":"2020-12-09T20:17:55","guid":{"rendered":"http:\/\/www.padreydecano.com\/cms\/?p=74974"},"modified":"2020-12-10T11:30:51","modified_gmt":"2020-12-10T14:30:51","slug":"carlos-bueno-concentrara-con-el-plantel-de-cara-al-clasico","status":"publish","type":"post","link":"https:\/\/www.padreydecano.com\/cms\/noticias\/carlos-bueno-concentrara-con-el-plantel-de-cara-al-clasico\/","title":{"rendered":"Carlos Bueno fue invitado a concentrar con el plantel de cara al Cl\u00e1sico"},"content":{"rendered":"<p><a href=\"https:\/\/www.padreydecano.com\/cms\/wp-content\/uploads\/2017\/01\/IMG-20170112-WA0043.jpg\" rel=\"shadowbox[sbpost-74974];player=img;\"><img loading=\"lazy\" decoding=\"async\" class=\"aligncenter size-full wp-image-61487\" src=\"https:\/\/www.padreydecano.com\/cms\/wp-content\/uploads\/2017\/01\/IMG-20170112-WA0043.jpg\" alt=\"Carlos Bueno\" width=\"900\" height=\"596\" srcset=\"https:\/\/www.padreydecano.com\/cms\/wp-content\/uploads\/2017\/01\/IMG-20170112-WA0043.jpg 900w, https:\/\/www.padreydecano.com\/cms\/wp-content\/uploads\/2017\/01\/IMG-20170112-WA0043-600x397.jpg 600w, https:\/\/www.padreydecano.com\/cms\/wp-content\/uploads\/2017\/01\/IMG-20170112-WA0043-768x509.jpg 768w\" sizes=\"(max-width: 900px) 100vw, 900px\" \/><\/a><\/p>\n<p style=\"text-align: justify;\"><strong>Mario Saralegui, entrenador de Pe\u00f1arol, invit\u00f3 a Carlos Bueno a concentrar con el plantel principal de cara al pr\u00f3ximo Cl\u00e1sico. El t\u00e9cnico tiene el once para el juego del domingo en el Estadio Campe\u00f3n Del Siglo.<\/strong><\/p>\n<p style=\"text-align: justify;\"><strong>ACTUALIZACI\u00d3N 10\/12\/2020:\u00a0<\/strong>Finalmente el Consejo Directivo no aprob\u00f3 el pedido de Mario Saralegui y de esta manera ninguna persona externa al plantel se incorporar\u00e1 a la concentraci\u00f3n.<\/p>\n<p style=\"text-align: justify;\">En <strong>\u201cF\u00fatbol a lo Pe\u00f1arol\u201d<\/strong>\u00a0de Radio 1010AM, el conductor del elenco carbonero confes\u00f3 que <strong>\u201cle hice una invitaci\u00f3n a Carlos Bueno para que se venga a la concentraci\u00f3n y est\u00e9 con nosotros en el cl\u00e1sico. Se coordin\u00f3 el hisopado\u201d<\/strong>.<\/p>\n<p style=\"text-align: justify;\">Carlos Bueno formado en Pe\u00f1arol y es amigo personal del t\u00e9cnico mirasol. Es el m\u00e1ximo anotador Cl\u00e1sico del Siglo XXI, con 10 anotaciones. El ex atacante llegar\u00e1 hoy a Montevideo y se realizar\u00e1 el hisopado correspondiente.<\/p>\n<p style=\"text-align: justify;\">Cabe destacar que ya en la era Jorge Gon\u00e7alves se invitaba a glorias aurinegras a compartir momentos con el plantel principal, como Julio C\u00e9sar Abbadie y Nestor Gon\u00e7alves.<\/p>\n<div class=\"user-wrapper\"><a class=\"userlink\" href=\"https:\/\/twitter.com\/wilsonmendez86\" target=\"_blank\"><figure><img decoding=\"async\" src=\"http:\/\/www.padreydecano.com\/cms\/wp-users-files\/postfirmas\/wilsonmendez86.jpg\" \/><\/figure><p class=\"user\"><strong>Wilson M&eacute;ndez<\/strong><br \/>@wilsonmendez86<\/p><\/a><\/div>\n","protected":false},"excerpt":{"rendered":"<p>Mario Saralegui, entrenador de Pe\u00f1arol, invit\u00f3 a Carlos Bueno a concentrar con el plantel principal de cara al pr\u00f3ximo Cl\u00e1sico. El t\u00e9cnico tiene el once para el juego del domingo en el Estadio Campe\u00f3n Del Siglo. ACTUALIZACI\u00d3N 10\/12\/2020:\u00a0Finalmente el Consejo Directivo no aprob\u00f3 el pedido de Mario Saralegui y de esta manera ninguna persona externa [&hellip;]<\/p>\n","protected":false},"author":28,"featured_media":61487,"comment_status":"open","ping_status":"closed","sticky":false,"template":"","format":"standard","meta":{"footnotes":""},"categories":[7,1],"tags":[480],"yoast_head":"<!-- This site is optimized with the Yoast SEO plugin v23.2 - https:\/\/yoast.com\/wordpress\/plugins\/seo\/ -->\n<title>Carlos Bueno fue invitado a concentrar con el plantel de cara al Cl\u00e1sico - Padre y Decano - El Sitio del Pueblo<\/title>\n<meta name=\"robots\" content=\"index, follow, max-snippet:-1, max-image-preview:large, max-video-preview:-1\" \/>\n<link rel=\"canonical\" href=\"https:\/\/www.padreydecano.com\/cms\/noticias\/carlos-bueno-concentrara-con-el-plantel-de-cara-al-clasico\/\" \/>\n<meta property=\"og:locale\" content=\"es_ES\" \/>\n<meta property=\"og:type\" content=\"article\" \/>\n<meta property=\"og:title\" content=\"Carlos Bueno fue invitado a concentrar con el plantel de cara al Cl\u00e1sico - Padre y Decano - El Sitio del Pueblo\" \/>\n<meta property=\"og:description\" content=\"Mario Saralegui, entrenador de Pe\u00f1arol, invit\u00f3 a Carlos Bueno a concentrar con el plantel principal de cara al pr\u00f3ximo Cl\u00e1sico. El t\u00e9cnico tiene el once para el juego del domingo en el Estadio Campe\u00f3n Del Siglo. ACTUALIZACI\u00d3N 10\/12\/2020:\u00a0Finalmente el Consejo Directivo no aprob\u00f3 el pedido de Mario Saralegui y de esta manera ninguna persona externa [&hellip;]\" \/>\n<meta property=\"og:url\" content=\"https:\/\/www.padreydecano.com\/cms\/noticias\/carlos-bueno-concentrara-con-el-plantel-de-cara-al-clasico\/\" \/>\n<meta property=\"og:site_name\" content=\"Padre y Decano - El Sitio del Pueblo\" \/>\n<meta property=\"article:published_time\" content=\"2020-12-09T20:17:55+00:00\" \/>\n<meta property=\"article:modified_time\" content=\"2020-12-10T14:30:51+00:00\" \/>\n<meta property=\"og:image\" content=\"https:\/\/www.padreydecano.com\/cms\/wp-content\/uploads\/2017\/01\/IMG-20170112-WA0043.jpg\" \/>\n\t<meta property=\"og:image:width\" content=\"900\" \/>\n\t<meta property=\"og:image:height\" content=\"596\" \/>\n\t<meta property=\"og:image:type\" content=\"image\/jpeg\" \/>\n<meta name=\"author\" content=\"Gonzalo\" \/>\n<meta name=\"twitter:card\" content=\"summary_large_image\" \/>\n<meta name=\"twitter:label1\" content=\"Escrito por\" \/>\n\t<meta name=\"twitter:data1\" content=\"Gonzalo\" \/>\n\t<meta name=\"twitter:label2\" content=\"Tiempo de lectura\" \/>\n\t<meta name=\"twitter:data2\" content=\"1 minuto\" \/>\n<script type=\"application\/ld+json\" class=\"yoast-schema-graph\">{\"@context\":\"https:\/\/schema.org\",\"@graph\":[{\"@type\":\"Article\",\"@id\":\"https:\/\/www.padreydecano.com\/cms\/noticias\/carlos-bueno-concentrara-con-el-plantel-de-cara-al-clasico\/#article\",\"isPartOf\":{\"@id\":\"https:\/\/www.padreydecano.com\/cms\/noticias\/carlos-bueno-concentrara-con-el-plantel-de-cara-al-clasico\/\"},\"author\":{\"name\":\"Gonzalo\",\"@id\":\"https:\/\/www.padreydecano.com\/cms\/#\/schema\/person\/3e2a4cfe3d316ff79509ec21362b322b\"},\"headline\":\"Carlos Bueno fue invitado a concentrar con el plantel de cara al Cl\u00e1sico\",\"datePublished\":\"2020-12-09T20:17:55+00:00\",\"dateModified\":\"2020-12-10T14:30:51+00:00\",\"mainEntityOfPage\":{\"@id\":\"https:\/\/www.padreydecano.com\/cms\/noticias\/carlos-bueno-concentrara-con-el-plantel-de-cara-al-clasico\/\"},\"wordCount\":199,\"commentCount\":83,\"publisher\":{\"@id\":\"https:\/\/www.padreydecano.com\/cms\/#organization\"},\"image\":{\"@id\":\"https:\/\/www.padreydecano.com\/cms\/noticias\/carlos-bueno-concentrara-con-el-plantel-de-cara-al-clasico\/#primaryimage\"},\"thumbnailUrl\":\"https:\/\/www.padreydecano.com\/cms\/wp-content\/uploads\/2017\/01\/IMG-20170112-WA0043.jpg\",\"keywords\":[\"Torneo Intermedio 2020\"],\"articleSection\":[\"Los Aromos\",\"Noticias\"],\"inLanguage\":\"es\",\"potentialAction\":[{\"@type\":\"CommentAction\",\"name\":\"Comment\",\"target\":[\"https:\/\/www.padreydecano.com\/cms\/noticias\/carlos-bueno-concentrara-con-el-plantel-de-cara-al-clasico\/#respond\"]}]},{\"@type\":\"WebPage\",\"@id\":\"https:\/\/www.padreydecano.com\/cms\/noticias\/carlos-bueno-concentrara-con-el-plantel-de-cara-al-clasico\/\",\"url\":\"https:\/\/www.padreydecano.com\/cms\/noticias\/carlos-bueno-concentrara-con-el-plantel-de-cara-al-clasico\/\",\"name\":\"Carlos Bueno fue invitado a concentrar con el plantel de cara al Cl\u00e1sico - Padre y Decano - El Sitio del Pueblo\",\"isPartOf\":{\"@id\":\"https:\/\/www.padreydecano.com\/cms\/#website\"},\"primaryImageOfPage\":{\"@id\":\"https:\/\/www.padreydecano.com\/cms\/noticias\/carlos-bueno-concentrara-con-el-plantel-de-cara-al-clasico\/#primaryimage\"},\"image\":{\"@id\":\"https:\/\/www.padreydecano.com\/cms\/noticias\/carlos-bueno-concentrara-con-el-plantel-de-cara-al-clasico\/#primaryimage\"},\"thumbnailUrl\":\"https:\/\/www.padreydecano.com\/cms\/wp-content\/uploads\/2017\/01\/IMG-20170112-WA0043.jpg\",\"datePublished\":\"2020-12-09T20:17:55+00:00\",\"dateModified\":\"2020-12-10T14:30:51+00:00\",\"breadcrumb\":{\"@id\":\"https:\/\/www.padreydecano.com\/cms\/noticias\/carlos-bueno-concentrara-con-el-plantel-de-cara-al-clasico\/#breadcrumb\"},\"inLanguage\":\"es\",\"potentialAction\":[{\"@type\":\"ReadAction\",\"target\":[\"https:\/\/www.padreydecano.com\/cms\/noticias\/carlos-bueno-concentrara-con-el-plantel-de-cara-al-clasico\/\"]}]},{\"@type\":\"ImageObject\",\"inLanguage\":\"es\",\"@id\":\"https:\/\/www.padreydecano.com\/cms\/noticias\/carlos-bueno-concentrara-con-el-plantel-de-cara-al-clasico\/#primaryimage\",\"url\":\"https:\/\/www.padreydecano.com\/cms\/wp-content\/uploads\/2017\/01\/IMG-20170112-WA0043.jpg\",\"contentUrl\":\"https:\/\/www.padreydecano.com\/cms\/wp-content\/uploads\/2017\/01\/IMG-20170112-WA0043.jpg\",\"width\":900,\"height\":596,\"caption\":\"Carlos Bueno\"},{\"@type\":\"BreadcrumbList\",\"@id\":\"https:\/\/www.padreydecano.com\/cms\/noticias\/carlos-bueno-concentrara-con-el-plantel-de-cara-al-clasico\/#breadcrumb\",\"itemListElement\":[{\"@type\":\"ListItem\",\"position\":1,\"name\":\"Portada\",\"item\":\"https:\/\/www.padreydecano.com\/cms\/\"},{\"@type\":\"ListItem\",\"position\":2,\"name\":\"Carlos Bueno fue invitado a concentrar con el plantel de cara al Cl\u00e1sico\"}]},{\"@type\":\"WebSite\",\"@id\":\"https:\/\/www.padreydecano.com\/cms\/#website\",\"url\":\"https:\/\/www.padreydecano.com\/cms\/\",\"name\":\"Padre y Decano - El Sitio del Pueblo\",\"description\":\"Club Atl\u00e9tico Pe\u00f1arol\",\"publisher\":{\"@id\":\"https:\/\/www.padreydecano.com\/cms\/#organization\"},\"potentialAction\":[{\"@type\":\"SearchAction\",\"target\":{\"@type\":\"EntryPoint\",\"urlTemplate\":\"https:\/\/www.padreydecano.com\/cms\/?s={search_term_string}\"},\"query-input\":\"required name=search_term_string\"}],\"inLanguage\":\"es\"},{\"@type\":\"Organization\",\"@id\":\"https:\/\/www.padreydecano.com\/cms\/#organization\",\"name\":\"Padre y Decano\",\"url\":\"https:\/\/www.padreydecano.com\/cms\/\",\"logo\":{\"@type\":\"ImageObject\",\"inLanguage\":\"es\",\"@id\":\"https:\/\/www.padreydecano.com\/cms\/#\/schema\/logo\/image\/\",\"url\":\"https:\/\/www.padreydecano.com\/cms\/wp-content\/uploads\/2022\/01\/avatar-square.png\",\"contentUrl\":\"https:\/\/www.padreydecano.com\/cms\/wp-content\/uploads\/2022\/01\/avatar-square.png\",\"width\":1500,\"height\":1500,\"caption\":\"Padre y Decano\"},\"image\":{\"@id\":\"https:\/\/www.padreydecano.com\/cms\/#\/schema\/logo\/image\/\"}},{\"@type\":\"Person\",\"@id\":\"https:\/\/www.padreydecano.com\/cms\/#\/schema\/person\/3e2a4cfe3d316ff79509ec21362b322b\",\"name\":\"Gonzalo\",\"image\":{\"@type\":\"ImageObject\",\"inLanguage\":\"es\",\"@id\":\"https:\/\/www.padreydecano.com\/cms\/#\/schema\/person\/image\/\",\"url\":\"https:\/\/www.padreydecano.com\/cms\/wp-content\/uploads\/2022\/12\/escudo1997.jpg\",\"contentUrl\":\"https:\/\/www.padreydecano.com\/cms\/wp-content\/uploads\/2022\/12\/escudo1997.jpg\",\"caption\":\"Gonzalo\"}}]}<\/script>\n<!-- \/ Yoast SEO plugin. -->","yoast_head_json":{"title":"Carlos Bueno fue invitado a concentrar con el plantel de cara al Cl\u00e1sico - Padre y Decano - El Sitio del Pueblo","robots":{"index":"index","follow":"follow","max-snippet":"max-snippet:-1","max-image-preview":"max-image-preview:large","max-video-preview":"max-video-preview:-1"},"canonical":"https:\/\/www.padreydecano.com\/cms\/noticias\/carlos-bueno-concentrara-con-el-plantel-de-cara-al-clasico\/","og_locale":"es_ES","og_type":"article","og_title":"Carlos Bueno fue invitado a concentrar con el plantel de cara al Cl\u00e1sico - Padre y Decano - El Sitio del Pueblo","og_description":"Mario Saralegui, entrenador de Pe\u00f1arol, invit\u00f3 a Carlos Bueno a concentrar con el plantel principal de cara al pr\u00f3ximo Cl\u00e1sico. El t\u00e9cnico tiene el once para el juego del domingo en el Estadio Campe\u00f3n Del Siglo. ACTUALIZACI\u00d3N 10\/12\/2020:\u00a0Finalmente el Consejo Directivo no aprob\u00f3 el pedido de Mario Saralegui y de esta manera ninguna persona externa [&hellip;]","og_url":"https:\/\/www.padreydecano.com\/cms\/noticias\/carlos-bueno-concentrara-con-el-plantel-de-cara-al-clasico\/","og_site_name":"Padre y Decano - El Sitio del Pueblo","article_published_time":"2020-12-09T20:17:55+00:00","article_modified_time":"2020-12-10T14:30:51+00:00","og_image":[{"width":900,"height":596,"url":"https:\/\/www.padreydecano.com\/cms\/wp-content\/uploads\/2017\/01\/IMG-20170112-WA0043.jpg","type":"image\/jpeg"}],"author":"Gonzalo","twitter_card":"summary_large_image","twitter_misc":{"Escrito por":"Gonzalo","Tiempo de lectura":"1 minuto"},"schema":{"@context":"https:\/\/schema.org","@graph":[{"@type":"Article","@id":"https:\/\/www.padreydecano.com\/cms\/noticias\/carlos-bueno-concentrara-con-el-plantel-de-cara-al-clasico\/#article","isPartOf":{"@id":"https:\/\/www.padreydecano.com\/cms\/noticias\/carlos-bueno-concentrara-con-el-plantel-de-cara-al-clasico\/"},"author":{"name":"Gonzalo","@id":"https:\/\/www.padreydecano.com\/cms\/#\/schema\/person\/3e2a4cfe3d316ff79509ec21362b322b"},"headline":"Carlos Bueno fue invitado a concentrar con el plantel de cara al Cl\u00e1sico","datePublished":"2020-12-09T20:17:55+00:00","dateModified":"2020-12-10T14:30:51+00:00","mainEntityOfPage":{"@id":"https:\/\/www.padreydecano.com\/cms\/noticias\/carlos-bueno-concentrara-con-el-plantel-de-cara-al-clasico\/"},"wordCount":199,"commentCount":83,"publisher":{"@id":"https:\/\/www.padreydecano.com\/cms\/#organization"},"image":{"@id":"https:\/\/www.padreydecano.com\/cms\/noticias\/carlos-bueno-concentrara-con-el-plantel-de-cara-al-clasico\/#primaryimage"},"thumbnailUrl":"https:\/\/www.padreydecano.com\/cms\/wp-content\/uploads\/2017\/01\/IMG-20170112-WA0043.jpg","keywords":["Torneo Intermedio 2020"],"articleSection":["Los Aromos","Noticias"],"inLanguage":"es","potentialAction":[{"@type":"CommentAction","name":"Comment","target":["https:\/\/www.padreydecano.com\/cms\/noticias\/carlos-bueno-concentrara-con-el-plantel-de-cara-al-clasico\/#respond"]}]},{"@type":"WebPage","@id":"https:\/\/www.padreydecano.com\/cms\/noticias\/carlos-bueno-concentrara-con-el-plantel-de-cara-al-clasico\/","url":"https:\/\/www.padreydecano.com\/cms\/noticias\/carlos-bueno-concentrara-con-el-plantel-de-cara-al-clasico\/","name":"Carlos Bueno fue invitado a concentrar con el plantel de cara al Cl\u00e1sico - Padre y Decano - El Sitio del Pueblo","isPartOf":{"@id":"https:\/\/www.padreydecano.com\/cms\/#website"},"primaryImageOfPage":{"@id":"https:\/\/www.padreydecano.com\/cms\/noticias\/carlos-bueno-concentrara-con-el-plantel-de-cara-al-clasico\/#primaryimage"},"image":{"@id":"https:\/\/www.padreydecano.com\/cms\/noticias\/carlos-bueno-concentrara-con-el-plantel-de-cara-al-clasico\/#primaryimage"},"thumbnailUrl":"https:\/\/www.padreydecano.com\/cms\/wp-content\/uploads\/2017\/01\/IMG-20170112-WA0043.jpg","datePublished":"2020-12-09T20:17:55+00:00","dateModified":"2020-12-10T14:30:51+00:00","breadcrumb":{"@id":"https:\/\/www.padreydecano.com\/cms\/noticias\/carlos-bueno-concentrara-con-el-plantel-de-cara-al-clasico\/#breadcrumb"},"inLanguage":"es","potentialAction":[{"@type":"ReadAction","target":["https:\/\/www.padreydecano.com\/cms\/noticias\/carlos-bueno-concentrara-con-el-plantel-de-cara-al-clasico\/"]}]},{"@type":"ImageObject","inLanguage":"es","@id":"https:\/\/www.padreydecano.com\/cms\/noticias\/carlos-bueno-concentrara-con-el-plantel-de-cara-al-clasico\/#primaryimage","url":"https:\/\/www.padreydecano.com\/cms\/wp-content\/uploads\/2017\/01\/IMG-20170112-WA0043.jpg","contentUrl":"https:\/\/www.padreydecano.com\/cms\/wp-content\/uploads\/2017\/01\/IMG-20170112-WA0043.jpg","width":900,"height":596,"caption":"Carlos Bueno"},{"@type":"BreadcrumbList","@id":"https:\/\/www.padreydecano.com\/cms\/noticias\/carlos-bueno-concentrara-con-el-plantel-de-cara-al-clasico\/#breadcrumb","itemListElement":[{"@type":"ListItem","position":1,"name":"Portada","item":"https:\/\/www.padreydecano.com\/cms\/"},{"@type":"ListItem","position":2,"name":"Carlos Bueno fue invitado a concentrar con el plantel de cara al Cl\u00e1sico"}]},{"@type":"WebSite","@id":"https:\/\/www.padreydecano.com\/cms\/#website","url":"https:\/\/www.padreydecano.com\/cms\/","name":"Padre y Decano - El Sitio del Pueblo","description":"Club Atl\u00e9tico Pe\u00f1arol","publisher":{"@id":"https:\/\/www.padreydecano.com\/cms\/#organization"},"potentialAction":[{"@type":"SearchAction","target":{"@type":"EntryPoint","urlTemplate":"https:\/\/www.padreydecano.com\/cms\/?s={search_term_string}"},"query-input":"required name=search_term_string"}],"inLanguage":"es"},{"@type":"Organization","@id":"https:\/\/www.padreydecano.com\/cms\/#organization","name":"Padre y Decano","url":"https:\/\/www.padreydecano.com\/cms\/","logo":{"@type":"ImageObject","inLanguage":"es","@id":"https:\/\/www.padreydecano.com\/cms\/#\/schema\/logo\/image\/","url":"https:\/\/www.padreydecano.com\/cms\/wp-content\/uploads\/2022\/01\/avatar-square.png","contentUrl":"https:\/\/www.padreydecano.com\/cms\/wp-content\/uploads\/2022\/01\/avatar-square.png","width":1500,"height":1500,"caption":"Padre y Decano"},"image":{"@id":"https:\/\/www.padreydecano.com\/cms\/#\/schema\/logo\/image\/"}},{"@type":"Person","@id":"https:\/\/www.padreydecano.com\/cms\/#\/schema\/person\/3e2a4cfe3d316ff79509ec21362b322b","name":"Gonzalo","image":{"@type":"ImageObject","inLanguage":"es","@id":"https:\/\/www.padreydecano.com\/cms\/#\/schema\/person\/image\/","url":"https:\/\/www.padreydecano.com\/cms\/wp-content\/uploads\/2022\/12\/escudo1997.jpg","contentUrl":"https:\/\/www.padreydecano.com\/cms\/wp-content\/uploads\/2022\/12\/escudo1997.jpg","caption":"Gonzalo"}}]}},"_links":{"self":[{"href":"https:\/\/www.padreydecano.com\/cms\/wp-json\/wp\/v2\/posts\/74974"}],"collection":[{"href":"https:\/\/www.padreydecano.com\/cms\/wp-json\/wp\/v2\/posts"}],"about":[{"href":"https:\/\/www.padreydecano.com\/cms\/wp-json\/wp\/v2\/types\/post"}],"author":[{"embeddable":true,"href":"https:\/\/www.padreydecano.com\/cms\/wp-json\/wp\/v2\/users\/28"}],"replies":[{"embeddable":true,"href":"https:\/\/www.padreydecano.com\/cms\/wp-json\/wp\/v2\/comments?post=74974"}],"version-history":[{"count":0,"href":"https:\/\/www.padreydecano.com\/cms\/wp-json\/wp\/v2\/posts\/74974\/revisions"}],"wp:featuredmedia":[{"embeddable":true,"href":"https:\/\/www.padreydecano.com\/cms\/wp-json\/wp\/v2\/media\/61487"}],"wp:attachment":[{"href":"https:\/\/www.padreydecano.com\/cms\/wp-json\/wp\/v2\/media?parent=74974"}],"wp:term":[{"taxonomy":"category","embeddable":true,"href":"https:\/\/www.padreydecano.com\/cms\/wp-json\/wp\/v2\/categories?post=74974"},{"taxonomy":"post_tag","embeddable":true,"href":"https:\/\/www.padreydecano.com\/cms\/wp-json\/wp\/v2\/tags?post=74974"}],"curies":[{"name":"wp","href":"https:\/\/api.w.org\/{rel}","templated":true}]}}