{"id":74716,"date":"2020-11-07T16:01:56","date_gmt":"2020-11-07T19:01:56","guid":{"rendered":"http:\/\/www.padreydecano.com\/cms\/?p=74716"},"modified":"2020-11-08T20:10:46","modified_gmt":"2020-11-08T23:10:46","slug":"de-lleno-a-lo-local","status":"publish","type":"post","link":"https:\/\/www.padreydecano.com\/cms\/noticias\/de-lleno-a-lo-local\/","title":{"rendered":"De lleno a lo local"},"content":{"rendered":"<p><a href=\"https:\/\/www.padreydecano.com\/cms\/wp-content\/uploads\/2020\/11\/WhatsApp-Image-2020-11-07-at-15.57.47.jpeg\" rel=\"shadowbox[sbpost-74716];player=img;\"><img loading=\"lazy\" decoding=\"async\" class=\"aligncenter size-full wp-image-74718\" src=\"https:\/\/www.padreydecano.com\/cms\/wp-content\/uploads\/2020\/11\/WhatsApp-Image-2020-11-07-at-15.57.47.jpeg\" alt=\"\" width=\"1600\" height=\"1008\" srcset=\"https:\/\/www.padreydecano.com\/cms\/wp-content\/uploads\/2020\/11\/WhatsApp-Image-2020-11-07-at-15.57.47.jpeg 1600w, https:\/\/www.padreydecano.com\/cms\/wp-content\/uploads\/2020\/11\/WhatsApp-Image-2020-11-07-at-15.57.47-600x378.jpeg 600w, https:\/\/www.padreydecano.com\/cms\/wp-content\/uploads\/2020\/11\/WhatsApp-Image-2020-11-07-at-15.57.47-768x484.jpeg 768w, https:\/\/www.padreydecano.com\/cms\/wp-content\/uploads\/2020\/11\/WhatsApp-Image-2020-11-07-at-15.57.47-1024x645.jpeg 1024w, https:\/\/www.padreydecano.com\/cms\/wp-content\/uploads\/2020\/11\/WhatsApp-Image-2020-11-07-at-15.57.47-266x168.jpeg 266w\" sizes=\"(max-width: 1600px) 100vw, 1600px\" \/><\/a><\/p>\n<p style=\"text-align: justify;\"><strong>Pe\u00f1arol recibir\u00e1 a Deportivo Maldonado, este domingo a las 18.00 horas en el Estadio Campe\u00f3n del Siglo. Luego de empatar frente a V\u00e9lez y quedar eliminado del torneo internacional, el Carbonero deber\u00e1 ir de lleno por el Campeonato Uruguayo. El partido ser\u00e1 televisado por VTV.<\/strong><\/p>\n<p style=\"text-align: justify;\">Otro duro golpe recibido. Nuevamente, una temprana eliminaci\u00f3n por copa para el Carbonero, que si bien gener\u00f3 varias situaciones de gol, la falta de efectividad fue notoria y errores puntuales complicaron la serie, tanto en Buenos Aires como en Montevideo.<\/p>\n<p style=\"text-align: justify;\"><span style=\"color: #ffcc00;\"><strong>El equipo<\/strong><\/span><\/p>\n<p style=\"text-align: justify;\">Los 11 titulares ser\u00e1n Kevin Dawson; Giovanni Gonz\u00e1lez, Fabricio Formiliano, Gary Kagelmacher, Joaqu\u00edn Piquerez; Jes\u00fas Trindade, Cristian Rodr\u00edguez; Fabi\u00e1n Estoyanoff, David Terans, Facundo Torres; Mat\u00edas Britos.<\/p>\n<p style=\"text-align: justify;\"><span style=\"color: #ffcc00;\"><strong>Nuevas caras<\/strong><\/span><\/p>\n<p style=\"text-align: justify;\">En las \u00faltimas horas, Ariel Nahuelp\u00e1n y Hern\u00e1n Novick firmaron con la entidad mirasol. Ambos jugadores estar\u00e1n a la orden en las pr\u00f3ximas fechas del Torneo Intermedio, cuando est\u00e9n a punto f\u00edsicamente.<\/p>\n<p style=\"text-align: justify;\"><span style=\"color: #ffcc00;\"><strong>Actualidad de Deportivo Maldonado<\/strong><\/span><\/p>\n<p style=\"text-align: justify;\">El Depor viene de ser derrotado por 2 a 1 frente a Nacional. Comparte la \u00faltima posici\u00f3n de la tabla junto a Pe\u00f1arol tras dos derrotas consecutivas. A lo que refiere con el Torneo Apertura, el verdirrojo culmin\u00f3 en la octava posici\u00f3n con 20 puntos producto de 5 victorias, 5 empates y 5 derrotas.<\/p>\n<p style=\"text-align: justify;\">El \u00faltimo antecedente frente al Decano finaliz\u00f3 2 a 0 a favor del conjunto del interior.<\/p>\n<p style=\"text-align: justify;\"><span style=\"color: #ffcc00;\"><strong>\u00daltimos antecedentes entre ambos<\/strong><\/span><\/p>\n<p style=\"text-align: justify;\"><strong>Torneo Clausura 2002: <span style=\"color: #ffcc00;\">Pe\u00f1arol<\/span><\/strong> 2-1 Deportivo Maldonado<\/p>\n<p style=\"text-align: justify;\"><strong>Torneo Apertura 2003: <span style=\"color: #ffcc00;\">Pe\u00f1arol<\/span><\/strong> 3-2 Deportivo Maldonado<\/p>\n<p style=\"text-align: justify;\"><strong>Torneo Clausura 2003: <span style=\"color: #ffcc00;\">Pe\u00f1arol<\/span><\/strong> 2-0 Deportivo Maldonado<\/p>\n<p style=\"text-align: justify;\"><strong>Torneo Clasificatorio 2004: <span style=\"color: #ffcc00;\">Pe\u00f1arol<\/span> 2<\/strong> \u2013 2 Deportivo Maldonado<\/p>\n<p style=\"text-align: justify;\"><strong>Torneo Apertura 2020: <\/strong>Deportivo Maldonado 2 \u2013 0<span style=\"color: #ffcc00;\"><strong> Pe\u00f1arol<\/strong><\/span><\/p>\n<p style=\"text-align: justify;\"><span style=\"color: #ffcc00;\"><strong>\u00c1rbitros<\/strong><\/span><\/p>\n<p style=\"text-align: justify;\">Antonio Garc\u00eda ser\u00e1 el \u00e1rbitro principal del encuentro. Javier Irazoqui y Andr\u00e9s Nievas ser\u00e1n los asistentes.<\/p>\n<p style=\"text-align: justify;\"><span style=\"color: #ffcc00;\"><strong>Lo que se viene<\/strong><\/span><\/p>\n<p style=\"text-align: justify;\">El Capurro ser\u00e1 el escenario que recibir\u00e1 a Pe\u00f1arol, el pr\u00f3ximo mi\u00e9rcoles 11 de noviembre cuando enfrente a F\u00e9nix por la cuarta fecha del Torneo Intermedio.<\/p>\n<p style=\"text-align: justify;\"><div class=\"user-wrapper\"><a class=\"userlink\" href=\"https:\/\/twitter.com\/mathiaastilve\" target=\"_blank\"><figure><img decoding=\"async\" src=\"http:\/\/www.padreydecano.com\/cms\/wp-users-files\/postfirmas\/mathiastilve.jpg\" \/><\/figure><p class=\"user\"><strong>Mathias Tilve<\/strong><br \/>@mathiaastilve<\/p><\/a><\/div><\/p>\n","protected":false},"excerpt":{"rendered":"<p>Pe\u00f1arol recibir\u00e1 a Deportivo Maldonado, este domingo a las 18.00 horas en el Estadio Campe\u00f3n del Siglo. Luego de empatar frente a V\u00e9lez y quedar eliminado del torneo internacional, el Carbonero deber\u00e1 ir de lleno por el Campeonato Uruguayo. El partido ser\u00e1 televisado por VTV. Otro duro golpe recibido. Nuevamente, una temprana eliminaci\u00f3n por copa [&hellip;]<\/p>\n","protected":false},"author":30,"featured_media":74718,"comment_status":"open","ping_status":"closed","sticky":false,"template":"","format":"standard","meta":{"footnotes":""},"categories":[7,1],"tags":[480],"yoast_head":"<!-- This site is optimized with the Yoast SEO plugin v23.2 - https:\/\/yoast.com\/wordpress\/plugins\/seo\/ -->\n<title>De lleno a lo local - Padre y Decano - El Sitio del Pueblo<\/title>\n<meta name=\"robots\" content=\"index, follow, max-snippet:-1, max-image-preview:large, max-video-preview:-1\" \/>\n<link rel=\"canonical\" href=\"https:\/\/www.padreydecano.com\/cms\/noticias\/de-lleno-a-lo-local\/\" \/>\n<meta property=\"og:locale\" content=\"es_ES\" \/>\n<meta property=\"og:type\" content=\"article\" \/>\n<meta property=\"og:title\" content=\"De lleno a lo local - Padre y Decano - El Sitio del Pueblo\" \/>\n<meta property=\"og:description\" content=\"Pe\u00f1arol recibir\u00e1 a Deportivo Maldonado, este domingo a las 18.00 horas en el Estadio Campe\u00f3n del Siglo. Luego de empatar frente a V\u00e9lez y quedar eliminado del torneo internacional, el Carbonero deber\u00e1 ir de lleno por el Campeonato Uruguayo. El partido ser\u00e1 televisado por VTV. Otro duro golpe recibido. Nuevamente, una temprana eliminaci\u00f3n por copa [&hellip;]\" \/>\n<meta property=\"og:url\" content=\"https:\/\/www.padreydecano.com\/cms\/noticias\/de-lleno-a-lo-local\/\" \/>\n<meta property=\"og:site_name\" content=\"Padre y Decano - El Sitio del Pueblo\" \/>\n<meta property=\"article:published_time\" content=\"2020-11-07T19:01:56+00:00\" \/>\n<meta property=\"article:modified_time\" content=\"2020-11-08T23:10:46+00:00\" \/>\n<meta property=\"og:image\" content=\"https:\/\/www.padreydecano.com\/cms\/wp-content\/uploads\/2020\/11\/WhatsApp-Image-2020-11-07-at-15.57.47.jpeg\" \/>\n\t<meta property=\"og:image:width\" content=\"1600\" \/>\n\t<meta property=\"og:image:height\" content=\"1008\" \/>\n\t<meta property=\"og:image:type\" content=\"image\/jpeg\" \/>\n<meta name=\"author\" content=\"Udelar\" \/>\n<meta name=\"twitter:card\" content=\"summary_large_image\" \/>\n<meta name=\"twitter:label1\" content=\"Escrito por\" \/>\n\t<meta name=\"twitter:data1\" content=\"Udelar\" \/>\n\t<meta name=\"twitter:label2\" content=\"Tiempo de lectura\" \/>\n\t<meta name=\"twitter:data2\" content=\"2 minutos\" \/>\n<script type=\"application\/ld+json\" class=\"yoast-schema-graph\">{\"@context\":\"https:\/\/schema.org\",\"@graph\":[{\"@type\":\"Article\",\"@id\":\"https:\/\/www.padreydecano.com\/cms\/noticias\/de-lleno-a-lo-local\/#article\",\"isPartOf\":{\"@id\":\"https:\/\/www.padreydecano.com\/cms\/noticias\/de-lleno-a-lo-local\/\"},\"author\":{\"name\":\"Udelar\",\"@id\":\"https:\/\/www.padreydecano.com\/cms\/#\/schema\/person\/b22191326be6d1c7fa55c2ad137a9a32\"},\"headline\":\"De lleno a lo local\",\"datePublished\":\"2020-11-07T19:01:56+00:00\",\"dateModified\":\"2020-11-08T23:10:46+00:00\",\"mainEntityOfPage\":{\"@id\":\"https:\/\/www.padreydecano.com\/cms\/noticias\/de-lleno-a-lo-local\/\"},\"wordCount\":327,\"commentCount\":34,\"publisher\":{\"@id\":\"https:\/\/www.padreydecano.com\/cms\/#organization\"},\"image\":{\"@id\":\"https:\/\/www.padreydecano.com\/cms\/noticias\/de-lleno-a-lo-local\/#primaryimage\"},\"thumbnailUrl\":\"https:\/\/www.padreydecano.com\/cms\/wp-content\/uploads\/2020\/11\/WhatsApp-Image-2020-11-07-at-15.57.47.jpeg\",\"keywords\":[\"Torneo Intermedio 2020\"],\"articleSection\":[\"Los Aromos\",\"Noticias\"],\"inLanguage\":\"es\",\"potentialAction\":[{\"@type\":\"CommentAction\",\"name\":\"Comment\",\"target\":[\"https:\/\/www.padreydecano.com\/cms\/noticias\/de-lleno-a-lo-local\/#respond\"]}]},{\"@type\":\"WebPage\",\"@id\":\"https:\/\/www.padreydecano.com\/cms\/noticias\/de-lleno-a-lo-local\/\",\"url\":\"https:\/\/www.padreydecano.com\/cms\/noticias\/de-lleno-a-lo-local\/\",\"name\":\"De lleno a lo local - Padre y Decano - El Sitio del Pueblo\",\"isPartOf\":{\"@id\":\"https:\/\/www.padreydecano.com\/cms\/#website\"},\"primaryImageOfPage\":{\"@id\":\"https:\/\/www.padreydecano.com\/cms\/noticias\/de-lleno-a-lo-local\/#primaryimage\"},\"image\":{\"@id\":\"https:\/\/www.padreydecano.com\/cms\/noticias\/de-lleno-a-lo-local\/#primaryimage\"},\"thumbnailUrl\":\"https:\/\/www.padreydecano.com\/cms\/wp-content\/uploads\/2020\/11\/WhatsApp-Image-2020-11-07-at-15.57.47.jpeg\",\"datePublished\":\"2020-11-07T19:01:56+00:00\",\"dateModified\":\"2020-11-08T23:10:46+00:00\",\"breadcrumb\":{\"@id\":\"https:\/\/www.padreydecano.com\/cms\/noticias\/de-lleno-a-lo-local\/#breadcrumb\"},\"inLanguage\":\"es\",\"potentialAction\":[{\"@type\":\"ReadAction\",\"target\":[\"https:\/\/www.padreydecano.com\/cms\/noticias\/de-lleno-a-lo-local\/\"]}]},{\"@type\":\"ImageObject\",\"inLanguage\":\"es\",\"@id\":\"https:\/\/www.padreydecano.com\/cms\/noticias\/de-lleno-a-lo-local\/#primaryimage\",\"url\":\"https:\/\/www.padreydecano.com\/cms\/wp-content\/uploads\/2020\/11\/WhatsApp-Image-2020-11-07-at-15.57.47.jpeg\",\"contentUrl\":\"https:\/\/www.padreydecano.com\/cms\/wp-content\/uploads\/2020\/11\/WhatsApp-Image-2020-11-07-at-15.57.47.jpeg\",\"width\":1600,\"height\":1008},{\"@type\":\"BreadcrumbList\",\"@id\":\"https:\/\/www.padreydecano.com\/cms\/noticias\/de-lleno-a-lo-local\/#breadcrumb\",\"itemListElement\":[{\"@type\":\"ListItem\",\"position\":1,\"name\":\"Portada\",\"item\":\"https:\/\/www.padreydecano.com\/cms\/\"},{\"@type\":\"ListItem\",\"position\":2,\"name\":\"De lleno a lo local\"}]},{\"@type\":\"WebSite\",\"@id\":\"https:\/\/www.padreydecano.com\/cms\/#website\",\"url\":\"https:\/\/www.padreydecano.com\/cms\/\",\"name\":\"Padre y Decano - El Sitio del Pueblo\",\"description\":\"Club Atl\u00e9tico Pe\u00f1arol\",\"publisher\":{\"@id\":\"https:\/\/www.padreydecano.com\/cms\/#organization\"},\"potentialAction\":[{\"@type\":\"SearchAction\",\"target\":{\"@type\":\"EntryPoint\",\"urlTemplate\":\"https:\/\/www.padreydecano.com\/cms\/?s={search_term_string}\"},\"query-input\":\"required name=search_term_string\"}],\"inLanguage\":\"es\"},{\"@type\":\"Organization\",\"@id\":\"https:\/\/www.padreydecano.com\/cms\/#organization\",\"name\":\"Padre y Decano\",\"url\":\"https:\/\/www.padreydecano.com\/cms\/\",\"logo\":{\"@type\":\"ImageObject\",\"inLanguage\":\"es\",\"@id\":\"https:\/\/www.padreydecano.com\/cms\/#\/schema\/logo\/image\/\",\"url\":\"https:\/\/www.padreydecano.com\/cms\/wp-content\/uploads\/2022\/01\/avatar-square.png\",\"contentUrl\":\"https:\/\/www.padreydecano.com\/cms\/wp-content\/uploads\/2022\/01\/avatar-square.png\",\"width\":1500,\"height\":1500,\"caption\":\"Padre y Decano\"},\"image\":{\"@id\":\"https:\/\/www.padreydecano.com\/cms\/#\/schema\/logo\/image\/\"}},{\"@type\":\"Person\",\"@id\":\"https:\/\/www.padreydecano.com\/cms\/#\/schema\/person\/b22191326be6d1c7fa55c2ad137a9a32\",\"name\":\"Udelar\",\"image\":{\"@type\":\"ImageObject\",\"inLanguage\":\"es\",\"@id\":\"https:\/\/www.padreydecano.com\/cms\/#\/schema\/person\/image\/\",\"url\":\"https:\/\/secure.gravatar.com\/avatar\/611ece663b16897a2cd2f46982281225?s=96&d=https%3A%2F%2Fpadreydecano.com%2Fcms%2Fwp-content%2Fthemes%2Fpyd-theme%2Fimg%2Fdefault-avatar.png&r=g\",\"contentUrl\":\"https:\/\/secure.gravatar.com\/avatar\/611ece663b16897a2cd2f46982281225?s=96&d=https%3A%2F%2Fpadreydecano.com%2Fcms%2Fwp-content%2Fthemes%2Fpyd-theme%2Fimg%2Fdefault-avatar.png&r=g\",\"caption\":\"Udelar\"}}]}<\/script>\n<!-- \/ Yoast SEO plugin. -->","yoast_head_json":{"title":"De lleno a lo local - Padre y Decano - El Sitio del Pueblo","robots":{"index":"index","follow":"follow","max-snippet":"max-snippet:-1","max-image-preview":"max-image-preview:large","max-video-preview":"max-video-preview:-1"},"canonical":"https:\/\/www.padreydecano.com\/cms\/noticias\/de-lleno-a-lo-local\/","og_locale":"es_ES","og_type":"article","og_title":"De lleno a lo local - Padre y Decano - El Sitio del Pueblo","og_description":"Pe\u00f1arol recibir\u00e1 a Deportivo Maldonado, este domingo a las 18.00 horas en el Estadio Campe\u00f3n del Siglo. Luego de empatar frente a V\u00e9lez y quedar eliminado del torneo internacional, el Carbonero deber\u00e1 ir de lleno por el Campeonato Uruguayo. El partido ser\u00e1 televisado por VTV. Otro duro golpe recibido. Nuevamente, una temprana eliminaci\u00f3n por copa [&hellip;]","og_url":"https:\/\/www.padreydecano.com\/cms\/noticias\/de-lleno-a-lo-local\/","og_site_name":"Padre y Decano - El Sitio del Pueblo","article_published_time":"2020-11-07T19:01:56+00:00","article_modified_time":"2020-11-08T23:10:46+00:00","og_image":[{"width":1600,"height":1008,"url":"https:\/\/www.padreydecano.com\/cms\/wp-content\/uploads\/2020\/11\/WhatsApp-Image-2020-11-07-at-15.57.47.jpeg","type":"image\/jpeg"}],"author":"Udelar","twitter_card":"summary_large_image","twitter_misc":{"Escrito por":"Udelar","Tiempo de lectura":"2 minutos"},"schema":{"@context":"https:\/\/schema.org","@graph":[{"@type":"Article","@id":"https:\/\/www.padreydecano.com\/cms\/noticias\/de-lleno-a-lo-local\/#article","isPartOf":{"@id":"https:\/\/www.padreydecano.com\/cms\/noticias\/de-lleno-a-lo-local\/"},"author":{"name":"Udelar","@id":"https:\/\/www.padreydecano.com\/cms\/#\/schema\/person\/b22191326be6d1c7fa55c2ad137a9a32"},"headline":"De lleno a lo local","datePublished":"2020-11-07T19:01:56+00:00","dateModified":"2020-11-08T23:10:46+00:00","mainEntityOfPage":{"@id":"https:\/\/www.padreydecano.com\/cms\/noticias\/de-lleno-a-lo-local\/"},"wordCount":327,"commentCount":34,"publisher":{"@id":"https:\/\/www.padreydecano.com\/cms\/#organization"},"image":{"@id":"https:\/\/www.padreydecano.com\/cms\/noticias\/de-lleno-a-lo-local\/#primaryimage"},"thumbnailUrl":"https:\/\/www.padreydecano.com\/cms\/wp-content\/uploads\/2020\/11\/WhatsApp-Image-2020-11-07-at-15.57.47.jpeg","keywords":["Torneo Intermedio 2020"],"articleSection":["Los Aromos","Noticias"],"inLanguage":"es","potentialAction":[{"@type":"CommentAction","name":"Comment","target":["https:\/\/www.padreydecano.com\/cms\/noticias\/de-lleno-a-lo-local\/#respond"]}]},{"@type":"WebPage","@id":"https:\/\/www.padreydecano.com\/cms\/noticias\/de-lleno-a-lo-local\/","url":"https:\/\/www.padreydecano.com\/cms\/noticias\/de-lleno-a-lo-local\/","name":"De lleno a lo local - Padre y Decano - El Sitio del Pueblo","isPartOf":{"@id":"https:\/\/www.padreydecano.com\/cms\/#website"},"primaryImageOfPage":{"@id":"https:\/\/www.padreydecano.com\/cms\/noticias\/de-lleno-a-lo-local\/#primaryimage"},"image":{"@id":"https:\/\/www.padreydecano.com\/cms\/noticias\/de-lleno-a-lo-local\/#primaryimage"},"thumbnailUrl":"https:\/\/www.padreydecano.com\/cms\/wp-content\/uploads\/2020\/11\/WhatsApp-Image-2020-11-07-at-15.57.47.jpeg","datePublished":"2020-11-07T19:01:56+00:00","dateModified":"2020-11-08T23:10:46+00:00","breadcrumb":{"@id":"https:\/\/www.padreydecano.com\/cms\/noticias\/de-lleno-a-lo-local\/#breadcrumb"},"inLanguage":"es","potentialAction":[{"@type":"ReadAction","target":["https:\/\/www.padreydecano.com\/cms\/noticias\/de-lleno-a-lo-local\/"]}]},{"@type":"ImageObject","inLanguage":"es","@id":"https:\/\/www.padreydecano.com\/cms\/noticias\/de-lleno-a-lo-local\/#primaryimage","url":"https:\/\/www.padreydecano.com\/cms\/wp-content\/uploads\/2020\/11\/WhatsApp-Image-2020-11-07-at-15.57.47.jpeg","contentUrl":"https:\/\/www.padreydecano.com\/cms\/wp-content\/uploads\/2020\/11\/WhatsApp-Image-2020-11-07-at-15.57.47.jpeg","width":1600,"height":1008},{"@type":"BreadcrumbList","@id":"https:\/\/www.padreydecano.com\/cms\/noticias\/de-lleno-a-lo-local\/#breadcrumb","itemListElement":[{"@type":"ListItem","position":1,"name":"Portada","item":"https:\/\/www.padreydecano.com\/cms\/"},{"@type":"ListItem","position":2,"name":"De lleno a lo local"}]},{"@type":"WebSite","@id":"https:\/\/www.padreydecano.com\/cms\/#website","url":"https:\/\/www.padreydecano.com\/cms\/","name":"Padre y Decano - El Sitio del Pueblo","description":"Club Atl\u00e9tico Pe\u00f1arol","publisher":{"@id":"https:\/\/www.padreydecano.com\/cms\/#organization"},"potentialAction":[{"@type":"SearchAction","target":{"@type":"EntryPoint","urlTemplate":"https:\/\/www.padreydecano.com\/cms\/?s={search_term_string}"},"query-input":"required name=search_term_string"}],"inLanguage":"es"},{"@type":"Organization","@id":"https:\/\/www.padreydecano.com\/cms\/#organization","name":"Padre y Decano","url":"https:\/\/www.padreydecano.com\/cms\/","logo":{"@type":"ImageObject","inLanguage":"es","@id":"https:\/\/www.padreydecano.com\/cms\/#\/schema\/logo\/image\/","url":"https:\/\/www.padreydecano.com\/cms\/wp-content\/uploads\/2022\/01\/avatar-square.png","contentUrl":"https:\/\/www.padreydecano.com\/cms\/wp-content\/uploads\/2022\/01\/avatar-square.png","width":1500,"height":1500,"caption":"Padre y Decano"},"image":{"@id":"https:\/\/www.padreydecano.com\/cms\/#\/schema\/logo\/image\/"}},{"@type":"Person","@id":"https:\/\/www.padreydecano.com\/cms\/#\/schema\/person\/b22191326be6d1c7fa55c2ad137a9a32","name":"Udelar","image":{"@type":"ImageObject","inLanguage":"es","@id":"https:\/\/www.padreydecano.com\/cms\/#\/schema\/person\/image\/","url":"https:\/\/secure.gravatar.com\/avatar\/611ece663b16897a2cd2f46982281225?s=96&d=https%3A%2F%2Fpadreydecano.com%2Fcms%2Fwp-content%2Fthemes%2Fpyd-theme%2Fimg%2Fdefault-avatar.png&r=g","contentUrl":"https:\/\/secure.gravatar.com\/avatar\/611ece663b16897a2cd2f46982281225?s=96&d=https%3A%2F%2Fpadreydecano.com%2Fcms%2Fwp-content%2Fthemes%2Fpyd-theme%2Fimg%2Fdefault-avatar.png&r=g","caption":"Udelar"}}]}},"_links":{"self":[{"href":"https:\/\/www.padreydecano.com\/cms\/wp-json\/wp\/v2\/posts\/74716"}],"collection":[{"href":"https:\/\/www.padreydecano.com\/cms\/wp-json\/wp\/v2\/posts"}],"about":[{"href":"https:\/\/www.padreydecano.com\/cms\/wp-json\/wp\/v2\/types\/post"}],"author":[{"embeddable":true,"href":"https:\/\/www.padreydecano.com\/cms\/wp-json\/wp\/v2\/users\/30"}],"replies":[{"embeddable":true,"href":"https:\/\/www.padreydecano.com\/cms\/wp-json\/wp\/v2\/comments?post=74716"}],"version-history":[{"count":0,"href":"https:\/\/www.padreydecano.com\/cms\/wp-json\/wp\/v2\/posts\/74716\/revisions"}],"wp:featuredmedia":[{"embeddable":true,"href":"https:\/\/www.padreydecano.com\/cms\/wp-json\/wp\/v2\/media\/74718"}],"wp:attachment":[{"href":"https:\/\/www.padreydecano.com\/cms\/wp-json\/wp\/v2\/media?parent=74716"}],"wp:term":[{"taxonomy":"category","embeddable":true,"href":"https:\/\/www.padreydecano.com\/cms\/wp-json\/wp\/v2\/categories?post=74716"},{"taxonomy":"post_tag","embeddable":true,"href":"https:\/\/www.padreydecano.com\/cms\/wp-json\/wp\/v2\/tags?post=74716"}],"curies":[{"name":"wp","href":"https:\/\/api.w.org\/{rel}","templated":true}]}}