{"id":74707,"date":"2021-11-06T13:17:21","date_gmt":"2021-11-06T16:17:21","guid":{"rendered":"http:\/\/www.padreydecano.com\/cms\/?p=74707"},"modified":"2021-11-06T13:56:34","modified_gmt":"2021-11-06T16:56:34","slug":"los-pocitos-la-cancha-magica-e-inexpugnable","status":"publish","type":"post","link":"https:\/\/www.padreydecano.com\/cms\/noticias\/los-pocitos-la-cancha-magica-e-inexpugnable\/","title":{"rendered":"Los Pocitos: la cancha m\u00e1gica e inexpugnable"},"content":{"rendered":"<p><img loading=\"lazy\" decoding=\"async\" class=\"aligncenter size-full wp-image-74709\" src=\"https:\/\/www.padreydecano.com\/cms\/wp-content\/uploads\/2020\/11\/IMG-20201106-WA0008.jpg\" alt=\"\" width=\"712\" height=\"523\" srcset=\"https:\/\/www.padreydecano.com\/cms\/wp-content\/uploads\/2020\/11\/IMG-20201106-WA0008.jpg 712w, https:\/\/www.padreydecano.com\/cms\/wp-content\/uploads\/2020\/11\/IMG-20201106-WA0008-600x441.jpg 600w\" sizes=\"(max-width: 712px) 100vw, 712px\" \/><\/p>\n<p style=\"text-align: justify;\"><strong>El 6 de noviembre de 1921, la pelota rodaba por primera vez en el viejo Estadio de Pocitos. Una historia breve pero gloriosa y m\u00edstica como ninguna.<\/strong><\/p>\n<p style=\"text-align: justify;\">Hace exactamente 100 a\u00f1os, Pe\u00f1arol y River Plate igualaban 1-1 en la inauguraci\u00f3n del field de Pocitos, el tercero en apenas 30 a\u00f1os de vida institucional. La obra, proyectada por el Arquitecto Juan Scasso, se erigi\u00f3 desde el comienzo como uno de los principales escenarios deportivos del Amateurismo, y con el pasar de los a\u00f1os se transform\u00f3 en un pilar fundamental en la historia del Decano.<\/p>\n<p style=\"text-align: justify;\">Es que aquel reducto, ideado por el mismo arquitecto del Estadio Centenario, dice presente en m\u00e1s de un acontecimiento hist\u00f3rico, no solo de Pe\u00f1arol, sino de todo el f\u00fatbol uruguayo.<\/p>\n<p style=\"text-align: justify;\">Aquel 6 de noviembre, Pe\u00f1arol saldr\u00eda a la cancha por primera vez en la historia de su flamante estadio con <strong>Legnazzi, Benincasa, Granja, Cabrera, Delgado, Bonini, Arremond, Terevinto, Piendibene, Artigas y Campolo. <\/strong>El\u00a0puntapi\u00e9 inicial del encuentro estuvo a cargo de Juan Cat, una popular figura en el deporte uruguayo, y el partido termin\u00f3 1-1.<\/p>\n<p style=\"text-align: justify;\">El resultado de aquel encuentro es anecd\u00f3tico. Quiz\u00e1s, de los elementos hist\u00f3ricos m\u00e1s destacables, es que se trata de la primera inauguraci\u00f3n de estadios entre Pe\u00f1arol y River argentino. La primera de las tantas que vendr\u00edan despu\u00e9s. Pero lo realmente curioso es la condici\u00f3n m\u00edstica con la que contaba aquel escenario y el lugar preponderante que ocupa en la historia, con una vida relativamente \u00abcorta\u00bb.<\/p>\n<p style=\"text-align: justify;\"><span style=\"color: #ffcc00;\"><strong>Primer partido oficial<\/strong><\/span><\/p>\n<p style=\"text-align: justify;\">El primer partido oficial llegar\u00eda una semana despu\u00e9s, en el triunfo 4-2 ante el Lito por la Copa Uruguaya. Para aquel entonces, Pe\u00f1arol necesitaba desesperadamente conseguir el t\u00edtulo uruguayo para evitar la triple consagraci\u00f3n de su archirrival.<\/p>\n<p style=\"text-align: justify;\">Al triunfo del debut le siguieron otros cinco partidos (4 triunfos y un empate sin goles), hasta llegar al cl\u00e1sico. Aquel d\u00eda se defin\u00eda el t\u00edtulo, Nacional pod\u00eda ser campe\u00f3n en el recientemente inaugurado field carbonero, algo que nunca hab\u00eda logrado en su historia. Pero Pe\u00f1arol tambi\u00e9n se lo pod\u00eda sacar.<\/p>\n<p style=\"text-align: justify;\">La historia es conocida. Arranca Nacional en ventaja y a festejar antes de tiempo. En la segunda parte, el Decano lo da vuelta, se impone y termina salvando el honor del flamante reducto, mientras celebra la obtenci\u00f3n de un nuevo t\u00edtulo de campe\u00f3n uruguayo.<\/p>\n<p style=\"text-align: justify;\">Como dir\u00edan las cr\u00f3nicas de la \u00e9poca, en \u00abla cancha m\u00e1gica e inexpugnable\u00bb se cre\u00f3 el mito de que Pe\u00f1arol pod\u00eda ganar cualquier partido en los minutos finales. No era un mito, era cierto.<\/p>\n<p><img loading=\"lazy\" decoding=\"async\" class=\"aligncenter size-full wp-image-74711\" src=\"https:\/\/www.padreydecano.com\/cms\/wp-content\/uploads\/2020\/11\/IMG-20201106-WA0011.jpg\" alt=\"\" width=\"512\" height=\"341\" \/><\/p>\n<p style=\"text-align: justify;\"><span style=\"color: #ffcc00;\"><strong>Las copas en la vitrina<\/strong><\/span><\/p>\n<p style=\"text-align: justify;\">El estadio de Pocitos acompa\u00f1\u00f3 a Pe\u00f1arol durante el per\u00edodo 1921 &#8211; 1933, aunque dejar\u00eda de usarse para partidos oficiales en 1931.<\/p>\n<p style=\"text-align: justify;\">Durante los once a\u00f1os en los cuales alberg\u00f3 partidos oficiales de Pe\u00f1arol en la Copa Uruguaya, el aurinegro gan\u00f3 5 titulos en un total de 8 posibles. Vale la pena recordar que en 1922 Pe\u00f1arol fue desafiliado mientras era l\u00edder del torneo, en 1925 el certamen qued\u00f3 trunco a ra\u00edz del Laudo Serrato y en 1930 no hubo edicion del Campeonato Uruguayo. Apenas se perdieron tres t\u00edtulos mientras se ofici\u00f3 de local en el rom\u00e1ntico escenario: el de 1927 que terminar\u00eda en manos de Rampla Juniors, y los de 1923 y 1931, que fueron a parar a las vitrinas del Montevideo Wanderers.<\/p>\n<p style=\"text-align: justify;\">Adem\u00e1s, entre los 5 titulos obtenidos, vale destacar que se ganaron Campeonatos de Liga bajo la \u00f3rbita de todas las organizaciones posibles: Asociaci\u00f3n Uruguaya de F\u00fatbol, Federaci\u00f3n Uruguaya de F\u00fatbol y Consejo Provisorio de la AUF.<\/p>\n<p style=\"text-align: justify;\"><span style=\"color: #ffcc00;\"><strong>El invicto cl\u00e1sico<\/strong><\/span><\/p>\n<p style=\"text-align: justify;\">La historia cl\u00e1sica de Pocitos tiene una particularidad. O mejor dicho, dos. Una, es que comienza un 25 de diciembre (de 1921) y culmina un 6 de enero (de 1929). La otra, es que Pe\u00f1arol no perdi\u00f3 nunca contra Nacional.<\/p>\n<p style=\"text-align: justify;\">En total, se jugaron 5 encuentros en el reducto aurinegro, de los cuales se ganaron 2, se empataron otros 2 y el restante se anul\u00f3 (fue un empate sin goles en 1928 por la Copa Uruguaya).<\/p>\n<p style=\"text-align: justify;\">Se ganaron cl\u00e1sicos tanto por Campeonato Uruguayo de AUF como del Consejo. Y por si fuera poco, se coron\u00f3 con campeonato en la cara del rival de todas las horas.<\/p>\n<p style=\"text-align: justify;\"><strong><span style=\"color: #ffcc00;\">El primer gol en la historia de los Mundiales<\/span><\/strong><\/p>\n<p><img loading=\"lazy\" decoding=\"async\" class=\"aligncenter size-full wp-image-74708\" src=\"https:\/\/www.padreydecano.com\/cms\/wp-content\/uploads\/2020\/11\/IMG-20201106-WA0010.jpg\" alt=\"\" width=\"650\" height=\"429\" srcset=\"https:\/\/www.padreydecano.com\/cms\/wp-content\/uploads\/2020\/11\/IMG-20201106-WA0010.jpg 650w, https:\/\/www.padreydecano.com\/cms\/wp-content\/uploads\/2020\/11\/IMG-20201106-WA0010-600x396.jpg 600w\" sizes=\"(max-width: 650px) 100vw, 650px\" \/><\/p>\n<p style=\"text-align: justify;\">No todo es historia aurinegra, el field de Pocitos tambi\u00e9n escribi\u00f3 su nombre en la plana mayor del f\u00fatbol, por tratarse de uno de los primeros estadios mundialista y por ser el que recibi\u00f3 el primer gol en la historia de los Mundiales<\/p>\n<p style=\"text-align: justify;\">El tanto fue convertido por Lucien Laurent a los 19 minutos de juego, en el partido que la selecci\u00f3n francesa le gan\u00f3 a M\u00e9xico por 4-1, en aquella tarde del 13 de julio de 1930.<\/p>\n<p style=\"text-align: justify;\"><span style=\"color: #ffcc00;\"><strong>Invitados de gala<\/strong><\/span><\/p>\n<p><em><img loading=\"lazy\" decoding=\"async\" class=\"aligncenter size-full wp-image-74710\" src=\"https:\/\/www.padreydecano.com\/cms\/wp-content\/uploads\/2020\/11\/IMG-20201106-WA0009.jpg\" alt=\"\" width=\"727\" height=\"519\" srcset=\"https:\/\/www.padreydecano.com\/cms\/wp-content\/uploads\/2020\/11\/IMG-20201106-WA0009.jpg 727w, https:\/\/www.padreydecano.com\/cms\/wp-content\/uploads\/2020\/11\/IMG-20201106-WA0009-600x428.jpg 600w\" sizes=\"(max-width: 727px) 100vw, 727px\" \/><\/em><\/p>\n<p style=\"text-align: justify;\">Desde su inauguraci\u00f3n, el hogar del club del pueblo recibi\u00f3 a clubes de primera talla a nivel mundial. Un repaso por algunos de aquellos equipos y el resultado de sus enfrentamientos con Pe\u00f1arol, permiten extraer postivas conclusiones sobre el desempe\u00f1o manya en aquel m\u00edtico estadio.<\/p>\n<p style=\"text-align: justify;\">El 2 de abril de 1922 llegar\u00eda la segunda visita internacional: Racing Club. El equipo de Avellaneda llegaba como el mejor equipo del pa\u00eds vecino, ostentando el r\u00e9cord de ser heptacampe\u00f3n del f\u00fatbol argentino, gracias al reinado que tuvo origen en 1913. La victoria en favor del Decano fue inapelable: 3 a 0.<\/p>\n<p style=\"text-align: justify;\">Adem\u00e1s, en el a\u00f1o 1922 se jugaron recordados partidos con las Selecciones de Uruguay (1-1), Chile (3-0) y Argentina (2-1), este \u00faltimo representando a un Combinado de la Federaci\u00f3n con mayor\u00eda de jugadores aurinegros. Tambi\u00e9n se obtuvo la Copa Diario Cr\u00f3nica al derrotar por 1-0 al Teplitzer FK de Checoslovaquia, el primer equipo europeo en visitar el reducto mirasol.<\/p>\n<p style=\"text-align: justify;\">Para 1923, ser\u00eda el otro grande de Avellaneda quien saldr\u00eda derrotado de la casa aurinegra. Triunfo 1-0 sobre Independiente el 10 de junio. Adem\u00e1s, se agrega un nuevo triunfo 2-0 ante Racing de Avellaneda y destaca la goleada 6-2 sobre Chile.<\/p>\n<p style=\"text-align: justify;\">En 1924 y 1925 los partidos internacionales no se hicieron tan frecuentes, pero igualmente hubo lugar para un triunfo ante River Plate (1-0) y otro ante Talleres de C\u00f3rdoba (2-1).<\/p>\n<p style=\"text-align: justify;\">En 1927 y despu\u00e9s de la gira por el continente europeo, Pe\u00f1arol recibi\u00f3 la visita del Real Madrid el 24 de julio. El partido se sald\u00f3 con un empate sin goles, en lo que ser\u00eda una presentaci\u00f3n de lujo para el p\u00fablico uruguayo. Apenas dos semanas antes se le hab\u00eda ganado 6-1 al Colo Colo de Chile, tambi\u00e9n en Pocitos.<\/p>\n<p style=\"text-align: justify;\">En 1928 se recibe la visita del Barcelona, el otro grande espa\u00f1ol. Nuevamente se salda con un empate, esta vez a un gol. Las principales visitas del otro lado del charco dejaron un empate con Rosario Central (0-0), un buen partido con Estudiantes (2-2) y un categ\u00f3rico triunfo ante River Plate (2-1).<\/p>\n<p style=\"text-align: justify;\">En 1929 la actividad internacional en el recinto mirasol fue masiva. Se empata 1-1 con el Am\u00e9rica de Brasil (primer equipo del pa\u00eds norte\u00f1o en visitar el escenario aurinegro), la Selecci\u00f3n de Paraguay y el Torino de Italia. Pero el plato fuerte fue el triunfo 2-1 ante el Chelsea de Inglaterra el 9 de junio, y la victoria 2-0 sobre el Ferencvaros de Hungr\u00eda.<\/p>\n<p style=\"text-align: justify;\">Finalmente, en 1930 se le gan\u00f3 1-0 a Estudiantes, 2-1 a River Plate y 3-0 a la Selecci\u00f3n de B\u00e9lgica que ven\u00eda a participar de la primera Copa del Mundo, el 25 de julio, en lo que fue el \u00faltimo partido internacional jugado por Pe\u00f1arol en su m\u00edtico estadio de Pocitos.<\/p>\n<p style=\"text-align: justify;\"><strong>Hoy, aquel estadio con tribunas de madera, escenario del primer gol en la historia de los Mundiales y de incontables haza\u00f1as aurinegras, cumplir\u00eda 100 a\u00f1os. Es obligaci\u00f3n de todos respetar la historia y recordar uno de los pilares de la identidad carbonera. Esa tan caracter\u00edstica y que solo disfruta el club del pueblo.<\/strong><\/p>\n<div class=\"user-wrapper\"><a class=\"userlink\" href=\"https:\/\/twitter.com\/PenarolPapa\" target=\"_blank\"><figure><img decoding=\"async\" src=\"http:\/\/www.padreydecano.com\/cms\/wp-users-files\/postfirmas\/penarolpapa.jpg\" \/><\/figure><p class=\"user\"><strong>Fernando Gonz\u00e1lez<\/strong><br \/>@PenarolPapa<\/p><\/a><\/div>\n","protected":false},"excerpt":{"rendered":"<p>El 6 de noviembre de 1921, la pelota rodaba por primera vez en el viejo Estadio de Pocitos. Una historia breve pero gloriosa y m\u00edstica como ninguna. Hace exactamente 100 a\u00f1os, Pe\u00f1arol y River Plate igualaban 1-1 en la inauguraci\u00f3n del field de Pocitos, el tercero en apenas 30 a\u00f1os de vida institucional. La obra, [&hellip;]<\/p>\n","protected":false},"author":3,"featured_media":74709,"comment_status":"open","ping_status":"closed","sticky":false,"template":"","format":"standard","meta":{"footnotes":""},"categories":[1],"tags":[],"yoast_head":"<!-- This site is optimized with the Yoast SEO plugin v23.2 - https:\/\/yoast.com\/wordpress\/plugins\/seo\/ -->\n<title>Los Pocitos: la cancha m\u00e1gica e inexpugnable - Padre y Decano - El Sitio del Pueblo<\/title>\n<meta name=\"robots\" content=\"index, follow, max-snippet:-1, max-image-preview:large, max-video-preview:-1\" \/>\n<link rel=\"canonical\" href=\"https:\/\/www.padreydecano.com\/cms\/noticias\/los-pocitos-la-cancha-magica-e-inexpugnable\/\" \/>\n<meta property=\"og:locale\" content=\"es_ES\" \/>\n<meta property=\"og:type\" content=\"article\" \/>\n<meta property=\"og:title\" content=\"Los Pocitos: la cancha m\u00e1gica e inexpugnable - Padre y Decano - El Sitio del Pueblo\" \/>\n<meta property=\"og:description\" content=\"El 6 de noviembre de 1921, la pelota rodaba por primera vez en el viejo Estadio de Pocitos. Una historia breve pero gloriosa y m\u00edstica como ninguna. Hace exactamente 100 a\u00f1os, Pe\u00f1arol y River Plate igualaban 1-1 en la inauguraci\u00f3n del field de Pocitos, el tercero en apenas 30 a\u00f1os de vida institucional. La obra, [&hellip;]\" \/>\n<meta property=\"og:url\" content=\"https:\/\/www.padreydecano.com\/cms\/noticias\/los-pocitos-la-cancha-magica-e-inexpugnable\/\" \/>\n<meta property=\"og:site_name\" content=\"Padre y Decano - El Sitio del Pueblo\" \/>\n<meta property=\"article:published_time\" content=\"2021-11-06T16:17:21+00:00\" \/>\n<meta property=\"article:modified_time\" content=\"2021-11-06T16:56:34+00:00\" \/>\n<meta property=\"og:image\" content=\"https:\/\/www.padreydecano.com\/cms\/wp-content\/uploads\/2020\/11\/IMG-20201106-WA0008.jpg\" \/>\n\t<meta property=\"og:image:width\" content=\"712\" \/>\n\t<meta property=\"og:image:height\" content=\"523\" \/>\n\t<meta property=\"og:image:type\" content=\"image\/jpeg\" \/>\n<meta name=\"author\" content=\"1891\" \/>\n<meta name=\"twitter:card\" content=\"summary_large_image\" \/>\n<meta name=\"twitter:label1\" content=\"Escrito por\" \/>\n\t<meta name=\"twitter:data1\" content=\"1891\" \/>\n\t<meta name=\"twitter:label2\" content=\"Tiempo de lectura\" \/>\n\t<meta name=\"twitter:data2\" content=\"7 minutos\" \/>\n<script type=\"application\/ld+json\" class=\"yoast-schema-graph\">{\"@context\":\"https:\/\/schema.org\",\"@graph\":[{\"@type\":\"Article\",\"@id\":\"https:\/\/www.padreydecano.com\/cms\/noticias\/los-pocitos-la-cancha-magica-e-inexpugnable\/#article\",\"isPartOf\":{\"@id\":\"https:\/\/www.padreydecano.com\/cms\/noticias\/los-pocitos-la-cancha-magica-e-inexpugnable\/\"},\"author\":{\"name\":\"1891\",\"@id\":\"https:\/\/www.padreydecano.com\/cms\/#\/schema\/person\/5607c72c38a1537a151b24d1e67535e0\"},\"headline\":\"Los Pocitos: la cancha m\u00e1gica e inexpugnable\",\"datePublished\":\"2021-11-06T16:17:21+00:00\",\"dateModified\":\"2021-11-06T16:56:34+00:00\",\"mainEntityOfPage\":{\"@id\":\"https:\/\/www.padreydecano.com\/cms\/noticias\/los-pocitos-la-cancha-magica-e-inexpugnable\/\"},\"wordCount\":1358,\"commentCount\":10,\"publisher\":{\"@id\":\"https:\/\/www.padreydecano.com\/cms\/#organization\"},\"image\":{\"@id\":\"https:\/\/www.padreydecano.com\/cms\/noticias\/los-pocitos-la-cancha-magica-e-inexpugnable\/#primaryimage\"},\"thumbnailUrl\":\"https:\/\/www.padreydecano.com\/cms\/wp-content\/uploads\/2020\/11\/IMG-20201106-WA0008.jpg\",\"articleSection\":[\"Noticias\"],\"inLanguage\":\"es\",\"potentialAction\":[{\"@type\":\"CommentAction\",\"name\":\"Comment\",\"target\":[\"https:\/\/www.padreydecano.com\/cms\/noticias\/los-pocitos-la-cancha-magica-e-inexpugnable\/#respond\"]}]},{\"@type\":\"WebPage\",\"@id\":\"https:\/\/www.padreydecano.com\/cms\/noticias\/los-pocitos-la-cancha-magica-e-inexpugnable\/\",\"url\":\"https:\/\/www.padreydecano.com\/cms\/noticias\/los-pocitos-la-cancha-magica-e-inexpugnable\/\",\"name\":\"Los Pocitos: la cancha m\u00e1gica e inexpugnable - Padre y Decano - El Sitio del Pueblo\",\"isPartOf\":{\"@id\":\"https:\/\/www.padreydecano.com\/cms\/#website\"},\"primaryImageOfPage\":{\"@id\":\"https:\/\/www.padreydecano.com\/cms\/noticias\/los-pocitos-la-cancha-magica-e-inexpugnable\/#primaryimage\"},\"image\":{\"@id\":\"https:\/\/www.padreydecano.com\/cms\/noticias\/los-pocitos-la-cancha-magica-e-inexpugnable\/#primaryimage\"},\"thumbnailUrl\":\"https:\/\/www.padreydecano.com\/cms\/wp-content\/uploads\/2020\/11\/IMG-20201106-WA0008.jpg\",\"datePublished\":\"2021-11-06T16:17:21+00:00\",\"dateModified\":\"2021-11-06T16:56:34+00:00\",\"breadcrumb\":{\"@id\":\"https:\/\/www.padreydecano.com\/cms\/noticias\/los-pocitos-la-cancha-magica-e-inexpugnable\/#breadcrumb\"},\"inLanguage\":\"es\",\"potentialAction\":[{\"@type\":\"ReadAction\",\"target\":[\"https:\/\/www.padreydecano.com\/cms\/noticias\/los-pocitos-la-cancha-magica-e-inexpugnable\/\"]}]},{\"@type\":\"ImageObject\",\"inLanguage\":\"es\",\"@id\":\"https:\/\/www.padreydecano.com\/cms\/noticias\/los-pocitos-la-cancha-magica-e-inexpugnable\/#primaryimage\",\"url\":\"https:\/\/www.padreydecano.com\/cms\/wp-content\/uploads\/2020\/11\/IMG-20201106-WA0008.jpg\",\"contentUrl\":\"https:\/\/www.padreydecano.com\/cms\/wp-content\/uploads\/2020\/11\/IMG-20201106-WA0008.jpg\",\"width\":712,\"height\":523},{\"@type\":\"BreadcrumbList\",\"@id\":\"https:\/\/www.padreydecano.com\/cms\/noticias\/los-pocitos-la-cancha-magica-e-inexpugnable\/#breadcrumb\",\"itemListElement\":[{\"@type\":\"ListItem\",\"position\":1,\"name\":\"Portada\",\"item\":\"https:\/\/www.padreydecano.com\/cms\/\"},{\"@type\":\"ListItem\",\"position\":2,\"name\":\"Los Pocitos: la cancha m\u00e1gica e inexpugnable\"}]},{\"@type\":\"WebSite\",\"@id\":\"https:\/\/www.padreydecano.com\/cms\/#website\",\"url\":\"https:\/\/www.padreydecano.com\/cms\/\",\"name\":\"Padre y Decano - El Sitio del Pueblo\",\"description\":\"Club Atl\u00e9tico Pe\u00f1arol\",\"publisher\":{\"@id\":\"https:\/\/www.padreydecano.com\/cms\/#organization\"},\"potentialAction\":[{\"@type\":\"SearchAction\",\"target\":{\"@type\":\"EntryPoint\",\"urlTemplate\":\"https:\/\/www.padreydecano.com\/cms\/?s={search_term_string}\"},\"query-input\":\"required name=search_term_string\"}],\"inLanguage\":\"es\"},{\"@type\":\"Organization\",\"@id\":\"https:\/\/www.padreydecano.com\/cms\/#organization\",\"name\":\"Padre y Decano\",\"url\":\"https:\/\/www.padreydecano.com\/cms\/\",\"logo\":{\"@type\":\"ImageObject\",\"inLanguage\":\"es\",\"@id\":\"https:\/\/www.padreydecano.com\/cms\/#\/schema\/logo\/image\/\",\"url\":\"https:\/\/www.padreydecano.com\/cms\/wp-content\/uploads\/2022\/01\/avatar-square.png\",\"contentUrl\":\"https:\/\/www.padreydecano.com\/cms\/wp-content\/uploads\/2022\/01\/avatar-square.png\",\"width\":1500,\"height\":1500,\"caption\":\"Padre y Decano\"},\"image\":{\"@id\":\"https:\/\/www.padreydecano.com\/cms\/#\/schema\/logo\/image\/\"}},{\"@type\":\"Person\",\"@id\":\"https:\/\/www.padreydecano.com\/cms\/#\/schema\/person\/5607c72c38a1537a151b24d1e67535e0\",\"name\":\"1891\",\"image\":{\"@type\":\"ImageObject\",\"inLanguage\":\"es\",\"@id\":\"https:\/\/www.padreydecano.com\/cms\/#\/schema\/person\/image\/\",\"url\":\"https:\/\/secure.gravatar.com\/avatar\/29d4d1b0d523a21898e8cf9585d259d3?s=96&d=https%3A%2F%2Fpadreydecano.com%2Fcms%2Fwp-content%2Fthemes%2Fpyd-theme%2Fimg%2Fdefault-avatar.png&r=g\",\"contentUrl\":\"https:\/\/secure.gravatar.com\/avatar\/29d4d1b0d523a21898e8cf9585d259d3?s=96&d=https%3A%2F%2Fpadreydecano.com%2Fcms%2Fwp-content%2Fthemes%2Fpyd-theme%2Fimg%2Fdefault-avatar.png&r=g\",\"caption\":\"1891\"}}]}<\/script>\n<!-- \/ Yoast SEO plugin. -->","yoast_head_json":{"title":"Los Pocitos: la cancha m\u00e1gica e inexpugnable - Padre y Decano - El Sitio del Pueblo","robots":{"index":"index","follow":"follow","max-snippet":"max-snippet:-1","max-image-preview":"max-image-preview:large","max-video-preview":"max-video-preview:-1"},"canonical":"https:\/\/www.padreydecano.com\/cms\/noticias\/los-pocitos-la-cancha-magica-e-inexpugnable\/","og_locale":"es_ES","og_type":"article","og_title":"Los Pocitos: la cancha m\u00e1gica e inexpugnable - Padre y Decano - El Sitio del Pueblo","og_description":"El 6 de noviembre de 1921, la pelota rodaba por primera vez en el viejo Estadio de Pocitos. Una historia breve pero gloriosa y m\u00edstica como ninguna. Hace exactamente 100 a\u00f1os, Pe\u00f1arol y River Plate igualaban 1-1 en la inauguraci\u00f3n del field de Pocitos, el tercero en apenas 30 a\u00f1os de vida institucional. La obra, [&hellip;]","og_url":"https:\/\/www.padreydecano.com\/cms\/noticias\/los-pocitos-la-cancha-magica-e-inexpugnable\/","og_site_name":"Padre y Decano - El Sitio del Pueblo","article_published_time":"2021-11-06T16:17:21+00:00","article_modified_time":"2021-11-06T16:56:34+00:00","og_image":[{"width":712,"height":523,"url":"https:\/\/www.padreydecano.com\/cms\/wp-content\/uploads\/2020\/11\/IMG-20201106-WA0008.jpg","type":"image\/jpeg"}],"author":"1891","twitter_card":"summary_large_image","twitter_misc":{"Escrito por":"1891","Tiempo de lectura":"7 minutos"},"schema":{"@context":"https:\/\/schema.org","@graph":[{"@type":"Article","@id":"https:\/\/www.padreydecano.com\/cms\/noticias\/los-pocitos-la-cancha-magica-e-inexpugnable\/#article","isPartOf":{"@id":"https:\/\/www.padreydecano.com\/cms\/noticias\/los-pocitos-la-cancha-magica-e-inexpugnable\/"},"author":{"name":"1891","@id":"https:\/\/www.padreydecano.com\/cms\/#\/schema\/person\/5607c72c38a1537a151b24d1e67535e0"},"headline":"Los Pocitos: la cancha m\u00e1gica e inexpugnable","datePublished":"2021-11-06T16:17:21+00:00","dateModified":"2021-11-06T16:56:34+00:00","mainEntityOfPage":{"@id":"https:\/\/www.padreydecano.com\/cms\/noticias\/los-pocitos-la-cancha-magica-e-inexpugnable\/"},"wordCount":1358,"commentCount":10,"publisher":{"@id":"https:\/\/www.padreydecano.com\/cms\/#organization"},"image":{"@id":"https:\/\/www.padreydecano.com\/cms\/noticias\/los-pocitos-la-cancha-magica-e-inexpugnable\/#primaryimage"},"thumbnailUrl":"https:\/\/www.padreydecano.com\/cms\/wp-content\/uploads\/2020\/11\/IMG-20201106-WA0008.jpg","articleSection":["Noticias"],"inLanguage":"es","potentialAction":[{"@type":"CommentAction","name":"Comment","target":["https:\/\/www.padreydecano.com\/cms\/noticias\/los-pocitos-la-cancha-magica-e-inexpugnable\/#respond"]}]},{"@type":"WebPage","@id":"https:\/\/www.padreydecano.com\/cms\/noticias\/los-pocitos-la-cancha-magica-e-inexpugnable\/","url":"https:\/\/www.padreydecano.com\/cms\/noticias\/los-pocitos-la-cancha-magica-e-inexpugnable\/","name":"Los Pocitos: la cancha m\u00e1gica e inexpugnable - Padre y Decano - El Sitio del Pueblo","isPartOf":{"@id":"https:\/\/www.padreydecano.com\/cms\/#website"},"primaryImageOfPage":{"@id":"https:\/\/www.padreydecano.com\/cms\/noticias\/los-pocitos-la-cancha-magica-e-inexpugnable\/#primaryimage"},"image":{"@id":"https:\/\/www.padreydecano.com\/cms\/noticias\/los-pocitos-la-cancha-magica-e-inexpugnable\/#primaryimage"},"thumbnailUrl":"https:\/\/www.padreydecano.com\/cms\/wp-content\/uploads\/2020\/11\/IMG-20201106-WA0008.jpg","datePublished":"2021-11-06T16:17:21+00:00","dateModified":"2021-11-06T16:56:34+00:00","breadcrumb":{"@id":"https:\/\/www.padreydecano.com\/cms\/noticias\/los-pocitos-la-cancha-magica-e-inexpugnable\/#breadcrumb"},"inLanguage":"es","potentialAction":[{"@type":"ReadAction","target":["https:\/\/www.padreydecano.com\/cms\/noticias\/los-pocitos-la-cancha-magica-e-inexpugnable\/"]}]},{"@type":"ImageObject","inLanguage":"es","@id":"https:\/\/www.padreydecano.com\/cms\/noticias\/los-pocitos-la-cancha-magica-e-inexpugnable\/#primaryimage","url":"https:\/\/www.padreydecano.com\/cms\/wp-content\/uploads\/2020\/11\/IMG-20201106-WA0008.jpg","contentUrl":"https:\/\/www.padreydecano.com\/cms\/wp-content\/uploads\/2020\/11\/IMG-20201106-WA0008.jpg","width":712,"height":523},{"@type":"BreadcrumbList","@id":"https:\/\/www.padreydecano.com\/cms\/noticias\/los-pocitos-la-cancha-magica-e-inexpugnable\/#breadcrumb","itemListElement":[{"@type":"ListItem","position":1,"name":"Portada","item":"https:\/\/www.padreydecano.com\/cms\/"},{"@type":"ListItem","position":2,"name":"Los Pocitos: la cancha m\u00e1gica e inexpugnable"}]},{"@type":"WebSite","@id":"https:\/\/www.padreydecano.com\/cms\/#website","url":"https:\/\/www.padreydecano.com\/cms\/","name":"Padre y Decano - El Sitio del Pueblo","description":"Club Atl\u00e9tico Pe\u00f1arol","publisher":{"@id":"https:\/\/www.padreydecano.com\/cms\/#organization"},"potentialAction":[{"@type":"SearchAction","target":{"@type":"EntryPoint","urlTemplate":"https:\/\/www.padreydecano.com\/cms\/?s={search_term_string}"},"query-input":"required name=search_term_string"}],"inLanguage":"es"},{"@type":"Organization","@id":"https:\/\/www.padreydecano.com\/cms\/#organization","name":"Padre y Decano","url":"https:\/\/www.padreydecano.com\/cms\/","logo":{"@type":"ImageObject","inLanguage":"es","@id":"https:\/\/www.padreydecano.com\/cms\/#\/schema\/logo\/image\/","url":"https:\/\/www.padreydecano.com\/cms\/wp-content\/uploads\/2022\/01\/avatar-square.png","contentUrl":"https:\/\/www.padreydecano.com\/cms\/wp-content\/uploads\/2022\/01\/avatar-square.png","width":1500,"height":1500,"caption":"Padre y Decano"},"image":{"@id":"https:\/\/www.padreydecano.com\/cms\/#\/schema\/logo\/image\/"}},{"@type":"Person","@id":"https:\/\/www.padreydecano.com\/cms\/#\/schema\/person\/5607c72c38a1537a151b24d1e67535e0","name":"1891","image":{"@type":"ImageObject","inLanguage":"es","@id":"https:\/\/www.padreydecano.com\/cms\/#\/schema\/person\/image\/","url":"https:\/\/secure.gravatar.com\/avatar\/29d4d1b0d523a21898e8cf9585d259d3?s=96&d=https%3A%2F%2Fpadreydecano.com%2Fcms%2Fwp-content%2Fthemes%2Fpyd-theme%2Fimg%2Fdefault-avatar.png&r=g","contentUrl":"https:\/\/secure.gravatar.com\/avatar\/29d4d1b0d523a21898e8cf9585d259d3?s=96&d=https%3A%2F%2Fpadreydecano.com%2Fcms%2Fwp-content%2Fthemes%2Fpyd-theme%2Fimg%2Fdefault-avatar.png&r=g","caption":"1891"}}]}},"_links":{"self":[{"href":"https:\/\/www.padreydecano.com\/cms\/wp-json\/wp\/v2\/posts\/74707"}],"collection":[{"href":"https:\/\/www.padreydecano.com\/cms\/wp-json\/wp\/v2\/posts"}],"about":[{"href":"https:\/\/www.padreydecano.com\/cms\/wp-json\/wp\/v2\/types\/post"}],"author":[{"embeddable":true,"href":"https:\/\/www.padreydecano.com\/cms\/wp-json\/wp\/v2\/users\/3"}],"replies":[{"embeddable":true,"href":"https:\/\/www.padreydecano.com\/cms\/wp-json\/wp\/v2\/comments?post=74707"}],"version-history":[{"count":0,"href":"https:\/\/www.padreydecano.com\/cms\/wp-json\/wp\/v2\/posts\/74707\/revisions"}],"wp:featuredmedia":[{"embeddable":true,"href":"https:\/\/www.padreydecano.com\/cms\/wp-json\/wp\/v2\/media\/74709"}],"wp:attachment":[{"href":"https:\/\/www.padreydecano.com\/cms\/wp-json\/wp\/v2\/media?parent=74707"}],"wp:term":[{"taxonomy":"category","embeddable":true,"href":"https:\/\/www.padreydecano.com\/cms\/wp-json\/wp\/v2\/categories?post=74707"},{"taxonomy":"post_tag","embeddable":true,"href":"https:\/\/www.padreydecano.com\/cms\/wp-json\/wp\/v2\/tags?post=74707"}],"curies":[{"name":"wp","href":"https:\/\/api.w.org\/{rel}","templated":true}]}}