{"id":74559,"date":"2020-10-17T20:55:04","date_gmt":"2020-10-17T23:55:04","guid":{"rendered":"http:\/\/www.padreydecano.com\/cms\/?p=74559"},"modified":"2020-10-21T01:19:56","modified_gmt":"2020-10-21T04:19:56","slug":"predecible-derrota-con-suplentes","status":"publish","type":"post","link":"https:\/\/www.padreydecano.com\/cms\/partidos\/predecible-derrota-con-suplentes\/","title":{"rendered":"Predecible derrota con suplentes"},"content":{"rendered":"<p><a href=\"https:\/\/www.padreydecano.com\/cms\/wp-content\/uploads\/2020\/10\/PSX_20201017_184836.jpg\" rel=\"shadowbox[sbpost-74559];player=img;\"><img loading=\"lazy\" decoding=\"async\" class=\"aligncenter size-full wp-image-74560\" src=\"https:\/\/www.padreydecano.com\/cms\/wp-content\/uploads\/2020\/10\/PSX_20201017_184836.jpg\" alt=\"\" width=\"1599\" height=\"1066\" srcset=\"https:\/\/www.padreydecano.com\/cms\/wp-content\/uploads\/2020\/10\/PSX_20201017_184836.jpg 1599w, https:\/\/www.padreydecano.com\/cms\/wp-content\/uploads\/2020\/10\/PSX_20201017_184836-600x400.jpg 600w, https:\/\/www.padreydecano.com\/cms\/wp-content\/uploads\/2020\/10\/PSX_20201017_184836-768x512.jpg 768w, https:\/\/www.padreydecano.com\/cms\/wp-content\/uploads\/2020\/10\/PSX_20201017_184836-1024x683.jpg 1024w\" sizes=\"(max-width: 1599px) 100vw, 1599px\" \/><\/a><\/p>\n<p style=\"text-align: justify;\"><strong>El decano perdi\u00f3 de local 2 a 1 ante River Plate en el debut del Torneo Intermedio.<\/strong><\/p>\n<p style=\"text-align: justify;\">Mario Saralegui decidi\u00f3 jugar con un cuadro totalmente alternativo, para cuidar a los jugadores &#8216;titulares&#8217; para el choque ante Athletico Paranaense del pr\u00f3ximo martes, en busca de la clasificaci\u00f3n a Octavos de la Copa Libertadores.<\/p>\n<p style=\"text-align: justify;\">Con lo mencionado anteriormente, Pe\u00f1arol form\u00f3 con: Thiago Cardozo; Juan Acosta (45&#8242; Giovanni Gonz\u00e1lez), Robert Herrera, Rodrigo Abascal, Math\u00edas Pintos; Mat\u00edas De Los Santos (45&#8242; Jes\u00fas Trindade), Kriszti\u00e1n Vad\u00f3cz (45&#8242; Cristian Rodr\u00edguez), Agust\u00edn \u00c1lvarez Wallace (61&#8242; Denis Olivera), Kevin Lewis (45&#8242; Jonathan Urretaviscaya), Mat\u00edas Britos y Sergio N\u00fa\u00f1ez.<\/p>\n<p style=\"text-align: justify;\">Banco: Kevin Dawson, Gary Kagelmacher, Christian Bravo, Luis Acevedo y Xisco Jim\u00e9nez.<\/p>\n<p style=\"text-align: justify;\"><span style=\"color: #ffcc00;\"><strong>Primer tiempo<\/strong><\/span><\/p>\n<p><a href=\"https:\/\/www.padreydecano.com\/cms\/wp-content\/uploads\/2020\/10\/PSX_20201017_184818.jpg\" rel=\"shadowbox[sbpost-74559];player=img;\"><img loading=\"lazy\" decoding=\"async\" class=\"aligncenter size-full wp-image-74564\" src=\"https:\/\/www.padreydecano.com\/cms\/wp-content\/uploads\/2020\/10\/PSX_20201017_184818.jpg\" alt=\"\" width=\"1599\" height=\"1066\" srcset=\"https:\/\/www.padreydecano.com\/cms\/wp-content\/uploads\/2020\/10\/PSX_20201017_184818.jpg 1599w, https:\/\/www.padreydecano.com\/cms\/wp-content\/uploads\/2020\/10\/PSX_20201017_184818-600x400.jpg 600w, https:\/\/www.padreydecano.com\/cms\/wp-content\/uploads\/2020\/10\/PSX_20201017_184818-768x512.jpg 768w, https:\/\/www.padreydecano.com\/cms\/wp-content\/uploads\/2020\/10\/PSX_20201017_184818-1024x683.jpg 1024w\" sizes=\"(max-width: 1599px) 100vw, 1599px\" \/><\/a><\/p>\n<p>&nbsp;<\/p>\n<p style=\"text-align: justify;\">La primer jugada del partido tuvo una corrida de Acosta por la banda, llegando casi al fondo debido a que fue interceptado con falta que no se cobr\u00f3, pero si el c\u00f3rner. El mismo cabece\u00f3 Britos afuera del arco.<\/p>\n<p style=\"text-align: justify;\">Parec\u00eda que en el arranque Pe\u00f1arol siendo local podr\u00eda dominar el partido, pero al instante se demostr\u00f3 que el equipo de Jorge Fosatti ser\u00eda el protagonista.<\/p>\n<p style=\"text-align: justify;\">A los 14&#8242; recibe solo de un lateral el volante de River, que envi\u00f3 el bal\u00f3n al \u00e1rea donde la encontr\u00f3 Arezo que se perdi\u00f3 el gol de forma incre\u00edble. En una jugada se encontraron 2 rivales sin marcar.<\/p>\n<p style=\"text-align: justify;\">Pocos minutos despu\u00e9s, se abri\u00f3 el marcador. Abascal no pudo interceptar el bal\u00f3n y tras su gran error lleg\u00f3 Jos\u00e9 Neris para definir por arriba de Cardozo. Incre\u00edble error del zaguero aurinegro.<\/p>\n<p style=\"text-align: justify;\">Posterior al gol, se baj\u00f3 la intensidad del partido por parte de ambos equipos, hasta que a los 35&#8242; lleg\u00f3 el segundo tanto del rival. El darsenero conect\u00f3 muy bien en el \u00faltimo sector de la cancha y tras conectar con Neris y que este le ganara a una floja reacci\u00f3n de Vad\u00f3cz el delantero convirti\u00f3.<\/p>\n<p style=\"text-align: justify;\">En la siguiente ocasi\u00f3n, con Pe\u00f1arol atacando en busca de descontar, Sergio N\u00fa\u00f1ez tratando de quedar habilitado luch\u00f3 con el defensa rival, ambos agarr\u00e1ndose mutuamente. Sin embargo el \u00e1rbitro se\u00f1al\u00f3 falta del delantero juvenil y le mostr\u00f3 la segunda amarilla. Los dos se agarraron, mal expulsado, por m\u00e1s de que N\u00fa\u00f1ez le rompi\u00f3 la camiseta al rival siendo error del juvenil.<\/p>\n<p style=\"text-align: justify;\">Estando con 10 jugadores en cancha, el carbonero intent\u00f3 culminar la primera parte para reacomodarse en la cancha.<\/p>\n<p style=\"text-align: justify;\"><span style=\"color: #ffcc00;\"><strong>Segundo tiempo<\/strong><\/span><\/p>\n<p><a href=\"https:\/\/www.padreydecano.com\/cms\/wp-content\/uploads\/2020\/10\/PSX_20201017_205434.jpg\" rel=\"shadowbox[sbpost-74559];player=img;\"><img loading=\"lazy\" decoding=\"async\" class=\"aligncenter size-full wp-image-74565\" src=\"https:\/\/www.padreydecano.com\/cms\/wp-content\/uploads\/2020\/10\/PSX_20201017_205434.jpg\" alt=\"\" width=\"1599\" height=\"1066\" srcset=\"https:\/\/www.padreydecano.com\/cms\/wp-content\/uploads\/2020\/10\/PSX_20201017_205434.jpg 1599w, https:\/\/www.padreydecano.com\/cms\/wp-content\/uploads\/2020\/10\/PSX_20201017_205434-600x400.jpg 600w, https:\/\/www.padreydecano.com\/cms\/wp-content\/uploads\/2020\/10\/PSX_20201017_205434-768x512.jpg 768w, https:\/\/www.padreydecano.com\/cms\/wp-content\/uploads\/2020\/10\/PSX_20201017_205434-1024x683.jpg 1024w\" sizes=\"(max-width: 1599px) 100vw, 1599px\" \/><\/a><\/p>\n<p style=\"text-align: justify;\">El decano con un hombre de menos y perdiendo por 2 goles, realiz\u00f3 4 cambios en busca de cambiar el tr\u00e1mite del partido y obtener un resultado positivo, no se logr\u00f3.<\/p>\n<p style=\"text-align: justify;\">La visita desaprovech\u00f3 muchas chances de gol que hicieron que el aurinegro siguiera con chances de pelear el marcador, pero segu\u00edan con su superioridad.<\/p>\n<p style=\"text-align: justify;\">A los 58&#8242; Robert Herrera casi convierte en contra, despejando cerca del arco de Cardozo.<\/p>\n<p style=\"text-align: justify;\">Para darle m\u00e1s en ataque al equipo, Saralegui coloc\u00f3 en cancha a Denis Olivera, a los 61 minutos.<\/p>\n<p style=\"text-align: justify;\">Llegando a los 65&#8242; lleg\u00f3 el descuento de Pe\u00f1arol. Buen centro de Pintos y cabezazo de Britos para descontar. Segundo gol del delantero en el campeonato.<\/p>\n<p style=\"text-align: justify;\">A los 70&#8242;, Calzada lleg\u00f3 mano a mano contra Cardozo, desperdiciando su chance de aumentar el marcador de forma incre\u00edble. Nuevamente River fallaba un gol pr\u00e1cticamente hecho.<\/p>\n<p style=\"text-align: justify;\">En los \u00faltimos 20 minutos, con un hombre de menos y un gol abajo, no se logr\u00f3 inquietar al rival. Mientras que ellos no paraban de disparar de larga distancia, Pe\u00f1arol levantaba centros que no terminaban en nada o perd\u00eda pelotas en el \u00faltimo tercio de la cancha.<\/p>\n<p style=\"text-align: justify;\">El pr\u00f3ximo martes en el Campe\u00f3n del Siglo, el aurinegro recibir\u00e1 al conjunto brasile\u00f1o en busca de la clasificaci\u00f3n a los octavos de final de la Libertadores. Hasta entonces, no sabremos si vali\u00f3 o no la pena tirar estos 3 puntos a la basura. M\u00e1s con antecedentes de lo que significa malgastar las unidades del Intermedio.<\/p>\n<div class=\"user-wrapper\"><a class=\"userlink\"href=\"https:\/\/twitter.com\/ftrucce18\" target=\"_blank\"><figure><img decoding=\"async\" src=\"http:\/\/www.padreydecano.com\/cms\/wp-users-files\/postfirmas\/ftrucce.jpg\" \/><\/figure><p class=\"user\"><strong>Franco Trucce<\/strong><br \/>@FTrucce18<\/p><\/a><\/div>\n","protected":false},"excerpt":{"rendered":"<p>El decano perdi\u00f3 de local 2 a 1 ante River Plate en el debut del Torneo Intermedio. Mario Saralegui decidi\u00f3 jugar con un cuadro totalmente alternativo, para cuidar a los jugadores &#8216;titulares&#8217; para el choque ante Athletico Paranaense del pr\u00f3ximo martes, en busca de la clasificaci\u00f3n a Octavos de la Copa Libertadores. Con lo mencionado [&hellip;]<\/p>\n","protected":false},"author":28,"featured_media":74560,"comment_status":"open","ping_status":"closed","sticky":false,"template":"","format":"standard","meta":{"footnotes":""},"categories":[13],"tags":[480],"yoast_head":"<!-- This site is optimized with the Yoast SEO plugin v23.2 - https:\/\/yoast.com\/wordpress\/plugins\/seo\/ -->\n<title>Predecible derrota con suplentes - Padre y Decano - El Sitio del Pueblo<\/title>\n<meta name=\"robots\" content=\"index, follow, max-snippet:-1, max-image-preview:large, max-video-preview:-1\" \/>\n<link rel=\"canonical\" href=\"https:\/\/www.padreydecano.com\/cms\/partidos\/predecible-derrota-con-suplentes\/\" \/>\n<meta property=\"og:locale\" content=\"es_ES\" \/>\n<meta property=\"og:type\" content=\"article\" \/>\n<meta property=\"og:title\" content=\"Predecible derrota con suplentes - Padre y Decano - El Sitio del Pueblo\" \/>\n<meta property=\"og:description\" content=\"El decano perdi\u00f3 de local 2 a 1 ante River Plate en el debut del Torneo Intermedio. Mario Saralegui decidi\u00f3 jugar con un cuadro totalmente alternativo, para cuidar a los jugadores &#8216;titulares&#8217; para el choque ante Athletico Paranaense del pr\u00f3ximo martes, en busca de la clasificaci\u00f3n a Octavos de la Copa Libertadores. Con lo mencionado [&hellip;]\" \/>\n<meta property=\"og:url\" content=\"https:\/\/www.padreydecano.com\/cms\/partidos\/predecible-derrota-con-suplentes\/\" \/>\n<meta property=\"og:site_name\" content=\"Padre y Decano - El Sitio del Pueblo\" \/>\n<meta property=\"article:published_time\" content=\"2020-10-17T23:55:04+00:00\" \/>\n<meta property=\"article:modified_time\" content=\"2020-10-21T04:19:56+00:00\" \/>\n<meta property=\"og:image\" content=\"https:\/\/www.padreydecano.com\/cms\/wp-content\/uploads\/2020\/10\/PSX_20201017_184836.jpg\" \/>\n\t<meta property=\"og:image:width\" content=\"1599\" \/>\n\t<meta property=\"og:image:height\" content=\"1066\" \/>\n\t<meta property=\"og:image:type\" content=\"image\/jpeg\" \/>\n<meta name=\"author\" content=\"Gonzalo\" \/>\n<meta name=\"twitter:card\" content=\"summary_large_image\" \/>\n<meta name=\"twitter:label1\" content=\"Escrito por\" \/>\n\t<meta name=\"twitter:data1\" content=\"Gonzalo\" \/>\n\t<meta name=\"twitter:label2\" content=\"Tiempo de lectura\" \/>\n\t<meta name=\"twitter:data2\" content=\"3 minutos\" \/>\n<script type=\"application\/ld+json\" class=\"yoast-schema-graph\">{\"@context\":\"https:\/\/schema.org\",\"@graph\":[{\"@type\":\"Article\",\"@id\":\"https:\/\/www.padreydecano.com\/cms\/partidos\/predecible-derrota-con-suplentes\/#article\",\"isPartOf\":{\"@id\":\"https:\/\/www.padreydecano.com\/cms\/partidos\/predecible-derrota-con-suplentes\/\"},\"author\":{\"name\":\"Gonzalo\",\"@id\":\"https:\/\/www.padreydecano.com\/cms\/#\/schema\/person\/3e2a4cfe3d316ff79509ec21362b322b\"},\"headline\":\"Predecible derrota con suplentes\",\"datePublished\":\"2020-10-17T23:55:04+00:00\",\"dateModified\":\"2020-10-21T04:19:56+00:00\",\"mainEntityOfPage\":{\"@id\":\"https:\/\/www.padreydecano.com\/cms\/partidos\/predecible-derrota-con-suplentes\/\"},\"wordCount\":665,\"commentCount\":124,\"publisher\":{\"@id\":\"https:\/\/www.padreydecano.com\/cms\/#organization\"},\"image\":{\"@id\":\"https:\/\/www.padreydecano.com\/cms\/partidos\/predecible-derrota-con-suplentes\/#primaryimage\"},\"thumbnailUrl\":\"https:\/\/www.padreydecano.com\/cms\/wp-content\/uploads\/2020\/10\/PSX_20201017_184836.jpg\",\"keywords\":[\"Torneo Intermedio 2020\"],\"articleSection\":[\"Partidos\"],\"inLanguage\":\"es\",\"potentialAction\":[{\"@type\":\"CommentAction\",\"name\":\"Comment\",\"target\":[\"https:\/\/www.padreydecano.com\/cms\/partidos\/predecible-derrota-con-suplentes\/#respond\"]}]},{\"@type\":\"WebPage\",\"@id\":\"https:\/\/www.padreydecano.com\/cms\/partidos\/predecible-derrota-con-suplentes\/\",\"url\":\"https:\/\/www.padreydecano.com\/cms\/partidos\/predecible-derrota-con-suplentes\/\",\"name\":\"Predecible derrota con suplentes - Padre y Decano - El Sitio del Pueblo\",\"isPartOf\":{\"@id\":\"https:\/\/www.padreydecano.com\/cms\/#website\"},\"primaryImageOfPage\":{\"@id\":\"https:\/\/www.padreydecano.com\/cms\/partidos\/predecible-derrota-con-suplentes\/#primaryimage\"},\"image\":{\"@id\":\"https:\/\/www.padreydecano.com\/cms\/partidos\/predecible-derrota-con-suplentes\/#primaryimage\"},\"thumbnailUrl\":\"https:\/\/www.padreydecano.com\/cms\/wp-content\/uploads\/2020\/10\/PSX_20201017_184836.jpg\",\"datePublished\":\"2020-10-17T23:55:04+00:00\",\"dateModified\":\"2020-10-21T04:19:56+00:00\",\"breadcrumb\":{\"@id\":\"https:\/\/www.padreydecano.com\/cms\/partidos\/predecible-derrota-con-suplentes\/#breadcrumb\"},\"inLanguage\":\"es\",\"potentialAction\":[{\"@type\":\"ReadAction\",\"target\":[\"https:\/\/www.padreydecano.com\/cms\/partidos\/predecible-derrota-con-suplentes\/\"]}]},{\"@type\":\"ImageObject\",\"inLanguage\":\"es\",\"@id\":\"https:\/\/www.padreydecano.com\/cms\/partidos\/predecible-derrota-con-suplentes\/#primaryimage\",\"url\":\"https:\/\/www.padreydecano.com\/cms\/wp-content\/uploads\/2020\/10\/PSX_20201017_184836.jpg\",\"contentUrl\":\"https:\/\/www.padreydecano.com\/cms\/wp-content\/uploads\/2020\/10\/PSX_20201017_184836.jpg\",\"width\":1599,\"height\":1066},{\"@type\":\"BreadcrumbList\",\"@id\":\"https:\/\/www.padreydecano.com\/cms\/partidos\/predecible-derrota-con-suplentes\/#breadcrumb\",\"itemListElement\":[{\"@type\":\"ListItem\",\"position\":1,\"name\":\"Portada\",\"item\":\"https:\/\/www.padreydecano.com\/cms\/\"},{\"@type\":\"ListItem\",\"position\":2,\"name\":\"Predecible derrota con suplentes\"}]},{\"@type\":\"WebSite\",\"@id\":\"https:\/\/www.padreydecano.com\/cms\/#website\",\"url\":\"https:\/\/www.padreydecano.com\/cms\/\",\"name\":\"Padre y Decano - El Sitio del Pueblo\",\"description\":\"Club Atl\u00e9tico Pe\u00f1arol\",\"publisher\":{\"@id\":\"https:\/\/www.padreydecano.com\/cms\/#organization\"},\"potentialAction\":[{\"@type\":\"SearchAction\",\"target\":{\"@type\":\"EntryPoint\",\"urlTemplate\":\"https:\/\/www.padreydecano.com\/cms\/?s={search_term_string}\"},\"query-input\":\"required name=search_term_string\"}],\"inLanguage\":\"es\"},{\"@type\":\"Organization\",\"@id\":\"https:\/\/www.padreydecano.com\/cms\/#organization\",\"name\":\"Padre y Decano\",\"url\":\"https:\/\/www.padreydecano.com\/cms\/\",\"logo\":{\"@type\":\"ImageObject\",\"inLanguage\":\"es\",\"@id\":\"https:\/\/www.padreydecano.com\/cms\/#\/schema\/logo\/image\/\",\"url\":\"https:\/\/www.padreydecano.com\/cms\/wp-content\/uploads\/2022\/01\/avatar-square.png\",\"contentUrl\":\"https:\/\/www.padreydecano.com\/cms\/wp-content\/uploads\/2022\/01\/avatar-square.png\",\"width\":1500,\"height\":1500,\"caption\":\"Padre y Decano\"},\"image\":{\"@id\":\"https:\/\/www.padreydecano.com\/cms\/#\/schema\/logo\/image\/\"}},{\"@type\":\"Person\",\"@id\":\"https:\/\/www.padreydecano.com\/cms\/#\/schema\/person\/3e2a4cfe3d316ff79509ec21362b322b\",\"name\":\"Gonzalo\",\"image\":{\"@type\":\"ImageObject\",\"inLanguage\":\"es\",\"@id\":\"https:\/\/www.padreydecano.com\/cms\/#\/schema\/person\/image\/\",\"url\":\"https:\/\/www.padreydecano.com\/cms\/wp-content\/uploads\/2022\/12\/escudo1997.jpg\",\"contentUrl\":\"https:\/\/www.padreydecano.com\/cms\/wp-content\/uploads\/2022\/12\/escudo1997.jpg\",\"caption\":\"Gonzalo\"}}]}<\/script>\n<!-- \/ Yoast SEO plugin. -->","yoast_head_json":{"title":"Predecible derrota con suplentes - Padre y Decano - El Sitio del Pueblo","robots":{"index":"index","follow":"follow","max-snippet":"max-snippet:-1","max-image-preview":"max-image-preview:large","max-video-preview":"max-video-preview:-1"},"canonical":"https:\/\/www.padreydecano.com\/cms\/partidos\/predecible-derrota-con-suplentes\/","og_locale":"es_ES","og_type":"article","og_title":"Predecible derrota con suplentes - Padre y Decano - El Sitio del Pueblo","og_description":"El decano perdi\u00f3 de local 2 a 1 ante River Plate en el debut del Torneo Intermedio. Mario Saralegui decidi\u00f3 jugar con un cuadro totalmente alternativo, para cuidar a los jugadores &#8216;titulares&#8217; para el choque ante Athletico Paranaense del pr\u00f3ximo martes, en busca de la clasificaci\u00f3n a Octavos de la Copa Libertadores. Con lo mencionado [&hellip;]","og_url":"https:\/\/www.padreydecano.com\/cms\/partidos\/predecible-derrota-con-suplentes\/","og_site_name":"Padre y Decano - El Sitio del Pueblo","article_published_time":"2020-10-17T23:55:04+00:00","article_modified_time":"2020-10-21T04:19:56+00:00","og_image":[{"width":1599,"height":1066,"url":"https:\/\/www.padreydecano.com\/cms\/wp-content\/uploads\/2020\/10\/PSX_20201017_184836.jpg","type":"image\/jpeg"}],"author":"Gonzalo","twitter_card":"summary_large_image","twitter_misc":{"Escrito por":"Gonzalo","Tiempo de lectura":"3 minutos"},"schema":{"@context":"https:\/\/schema.org","@graph":[{"@type":"Article","@id":"https:\/\/www.padreydecano.com\/cms\/partidos\/predecible-derrota-con-suplentes\/#article","isPartOf":{"@id":"https:\/\/www.padreydecano.com\/cms\/partidos\/predecible-derrota-con-suplentes\/"},"author":{"name":"Gonzalo","@id":"https:\/\/www.padreydecano.com\/cms\/#\/schema\/person\/3e2a4cfe3d316ff79509ec21362b322b"},"headline":"Predecible derrota con suplentes","datePublished":"2020-10-17T23:55:04+00:00","dateModified":"2020-10-21T04:19:56+00:00","mainEntityOfPage":{"@id":"https:\/\/www.padreydecano.com\/cms\/partidos\/predecible-derrota-con-suplentes\/"},"wordCount":665,"commentCount":124,"publisher":{"@id":"https:\/\/www.padreydecano.com\/cms\/#organization"},"image":{"@id":"https:\/\/www.padreydecano.com\/cms\/partidos\/predecible-derrota-con-suplentes\/#primaryimage"},"thumbnailUrl":"https:\/\/www.padreydecano.com\/cms\/wp-content\/uploads\/2020\/10\/PSX_20201017_184836.jpg","keywords":["Torneo Intermedio 2020"],"articleSection":["Partidos"],"inLanguage":"es","potentialAction":[{"@type":"CommentAction","name":"Comment","target":["https:\/\/www.padreydecano.com\/cms\/partidos\/predecible-derrota-con-suplentes\/#respond"]}]},{"@type":"WebPage","@id":"https:\/\/www.padreydecano.com\/cms\/partidos\/predecible-derrota-con-suplentes\/","url":"https:\/\/www.padreydecano.com\/cms\/partidos\/predecible-derrota-con-suplentes\/","name":"Predecible derrota con suplentes - Padre y Decano - El Sitio del Pueblo","isPartOf":{"@id":"https:\/\/www.padreydecano.com\/cms\/#website"},"primaryImageOfPage":{"@id":"https:\/\/www.padreydecano.com\/cms\/partidos\/predecible-derrota-con-suplentes\/#primaryimage"},"image":{"@id":"https:\/\/www.padreydecano.com\/cms\/partidos\/predecible-derrota-con-suplentes\/#primaryimage"},"thumbnailUrl":"https:\/\/www.padreydecano.com\/cms\/wp-content\/uploads\/2020\/10\/PSX_20201017_184836.jpg","datePublished":"2020-10-17T23:55:04+00:00","dateModified":"2020-10-21T04:19:56+00:00","breadcrumb":{"@id":"https:\/\/www.padreydecano.com\/cms\/partidos\/predecible-derrota-con-suplentes\/#breadcrumb"},"inLanguage":"es","potentialAction":[{"@type":"ReadAction","target":["https:\/\/www.padreydecano.com\/cms\/partidos\/predecible-derrota-con-suplentes\/"]}]},{"@type":"ImageObject","inLanguage":"es","@id":"https:\/\/www.padreydecano.com\/cms\/partidos\/predecible-derrota-con-suplentes\/#primaryimage","url":"https:\/\/www.padreydecano.com\/cms\/wp-content\/uploads\/2020\/10\/PSX_20201017_184836.jpg","contentUrl":"https:\/\/www.padreydecano.com\/cms\/wp-content\/uploads\/2020\/10\/PSX_20201017_184836.jpg","width":1599,"height":1066},{"@type":"BreadcrumbList","@id":"https:\/\/www.padreydecano.com\/cms\/partidos\/predecible-derrota-con-suplentes\/#breadcrumb","itemListElement":[{"@type":"ListItem","position":1,"name":"Portada","item":"https:\/\/www.padreydecano.com\/cms\/"},{"@type":"ListItem","position":2,"name":"Predecible derrota con suplentes"}]},{"@type":"WebSite","@id":"https:\/\/www.padreydecano.com\/cms\/#website","url":"https:\/\/www.padreydecano.com\/cms\/","name":"Padre y Decano - El Sitio del Pueblo","description":"Club Atl\u00e9tico Pe\u00f1arol","publisher":{"@id":"https:\/\/www.padreydecano.com\/cms\/#organization"},"potentialAction":[{"@type":"SearchAction","target":{"@type":"EntryPoint","urlTemplate":"https:\/\/www.padreydecano.com\/cms\/?s={search_term_string}"},"query-input":"required name=search_term_string"}],"inLanguage":"es"},{"@type":"Organization","@id":"https:\/\/www.padreydecano.com\/cms\/#organization","name":"Padre y Decano","url":"https:\/\/www.padreydecano.com\/cms\/","logo":{"@type":"ImageObject","inLanguage":"es","@id":"https:\/\/www.padreydecano.com\/cms\/#\/schema\/logo\/image\/","url":"https:\/\/www.padreydecano.com\/cms\/wp-content\/uploads\/2022\/01\/avatar-square.png","contentUrl":"https:\/\/www.padreydecano.com\/cms\/wp-content\/uploads\/2022\/01\/avatar-square.png","width":1500,"height":1500,"caption":"Padre y Decano"},"image":{"@id":"https:\/\/www.padreydecano.com\/cms\/#\/schema\/logo\/image\/"}},{"@type":"Person","@id":"https:\/\/www.padreydecano.com\/cms\/#\/schema\/person\/3e2a4cfe3d316ff79509ec21362b322b","name":"Gonzalo","image":{"@type":"ImageObject","inLanguage":"es","@id":"https:\/\/www.padreydecano.com\/cms\/#\/schema\/person\/image\/","url":"https:\/\/www.padreydecano.com\/cms\/wp-content\/uploads\/2022\/12\/escudo1997.jpg","contentUrl":"https:\/\/www.padreydecano.com\/cms\/wp-content\/uploads\/2022\/12\/escudo1997.jpg","caption":"Gonzalo"}}]}},"_links":{"self":[{"href":"https:\/\/www.padreydecano.com\/cms\/wp-json\/wp\/v2\/posts\/74559"}],"collection":[{"href":"https:\/\/www.padreydecano.com\/cms\/wp-json\/wp\/v2\/posts"}],"about":[{"href":"https:\/\/www.padreydecano.com\/cms\/wp-json\/wp\/v2\/types\/post"}],"author":[{"embeddable":true,"href":"https:\/\/www.padreydecano.com\/cms\/wp-json\/wp\/v2\/users\/28"}],"replies":[{"embeddable":true,"href":"https:\/\/www.padreydecano.com\/cms\/wp-json\/wp\/v2\/comments?post=74559"}],"version-history":[{"count":0,"href":"https:\/\/www.padreydecano.com\/cms\/wp-json\/wp\/v2\/posts\/74559\/revisions"}],"wp:featuredmedia":[{"embeddable":true,"href":"https:\/\/www.padreydecano.com\/cms\/wp-json\/wp\/v2\/media\/74560"}],"wp:attachment":[{"href":"https:\/\/www.padreydecano.com\/cms\/wp-json\/wp\/v2\/media?parent=74559"}],"wp:term":[{"taxonomy":"category","embeddable":true,"href":"https:\/\/www.padreydecano.com\/cms\/wp-json\/wp\/v2\/categories?post=74559"},{"taxonomy":"post_tag","embeddable":true,"href":"https:\/\/www.padreydecano.com\/cms\/wp-json\/wp\/v2\/tags?post=74559"}],"curies":[{"name":"wp","href":"https:\/\/api.w.org\/{rel}","templated":true}]}}