{"id":74480,"date":"2020-09-28T00:05:07","date_gmt":"2020-09-28T03:05:07","guid":{"rendered":"http:\/\/www.padreydecano.com\/cms\/?p=74480"},"modified":"2020-10-01T10:03:11","modified_gmt":"2020-10-01T13:03:11","slug":"9-anos-siendo-el-sitio-del-pueblo","status":"publish","type":"post","link":"https:\/\/www.padreydecano.com\/cms\/editoriales\/9-anos-siendo-el-sitio-del-pueblo\/","title":{"rendered":"9 a\u00f1os siendo \u00abel sitio del pueblo\u00bb"},"content":{"rendered":"<p>&nbsp;<\/p>\n<p><a href=\"https:\/\/www.padreydecano.com\/cms\/wp-content\/uploads\/2020\/09\/pydeditorial-min.jpg\" rel=\"shadowbox[sbpost-74480];player=img;\"><img loading=\"lazy\" decoding=\"async\" class=\"aligncenter size-large wp-image-74484\" src=\"https:\/\/www.padreydecano.com\/cms\/wp-content\/uploads\/2020\/09\/pydeditorial-min-1024x576.jpg\" alt=\"\" width=\"620\" height=\"349\" srcset=\"https:\/\/www.padreydecano.com\/cms\/wp-content\/uploads\/2020\/09\/pydeditorial-min-1024x576.jpg 1024w, https:\/\/www.padreydecano.com\/cms\/wp-content\/uploads\/2020\/09\/pydeditorial-min-600x338.jpg 600w, https:\/\/www.padreydecano.com\/cms\/wp-content\/uploads\/2020\/09\/pydeditorial-min-768x432.jpg 768w, https:\/\/www.padreydecano.com\/cms\/wp-content\/uploads\/2020\/09\/pydeditorial-min.jpg 1920w\" sizes=\"(max-width: 620px) 100vw, 620px\" \/><\/a><\/p>\n<p style=\"text-align: justify;\">Como todos los 28 de setiembre desde 2011, hoy adem\u00e1s de celebrar un nuevo aniversario de nuestro amado club, estamos festejando los 9 a\u00f1os del portal que la gente ha decidido bautizar como \u201cEl Sitio del pueblo\u201d. Desde sus comienzos, Padre y Decano ha sido la p\u00e1gina del hincha de Pe\u00f1arol, el espacio virtual donde un pe\u00f1arolense de cualquier parte del mundo se re\u00fane con sus pares, no solo para informarse, sino tambi\u00e9n para opinar, discutir, aportar y tambi\u00e9n criticar; la charla de tribuna o boliche, hecha web.<\/p>\n<p style=\"text-align: justify;\">Esto empez\u00f3 como una idea loca de un grupo de amigos que so\u00f1\u00f3 con hacer algo diferente por acercarle a la gente todos los rincones del club, con una impronta particular que hace tiempo nos identifica, y que ya se ha transformado en una marca propia. Hablar de Padre y Decano es hablar de una forma de querer a Pe\u00f1arol, de respetar sus valores, de defender a su historia.<\/p>\n<p style=\"text-align: justify;\">Las din\u00e1micas de la vida hacen que algunos de los que comenzaron all\u00e1 por el 2011 hoy ya no sigan, pero siempre est\u00e1n, porque el legado qued\u00f3. Porque quienes siguen y porque quienes se han incorporado, tambi\u00e9n lo tienen inculcado.<\/p>\n<p style=\"text-align: justify;\">Han pasado muchas cosas durante este periplo, de las buenas y de las malas. Han pasado muchos periodistas, redactores, dise\u00f1adores gr\u00e1ficos, fot\u00f3grafos, editores, programadores, columnistas, productores y colaboradores. Han pasado muchas campa\u00f1as de las buenas y tambi\u00e9n de las otras, pero siempre estuvimos ah\u00ed, porque as\u00ed lo sentimos, porque as\u00ed lo entendimos, porque pas\u00f3 a ser nuestro compromiso y obligaci\u00f3n.<\/p>\n<p style=\"text-align: justify;\">Hoy no estamos atravesando el mejor momento deportivo ni institucional, pero es ah\u00ed donde tenemos una oportunidad, no solo para reforzar nuestro amor, nuestra identidad y nuestro sentimiento por esta instituci\u00f3n, sino tambi\u00e9n para recordar que el bien com\u00fan debe ser m\u00e1s importante. Todos, o la gran mayor\u00eda, quiere esto, quiz\u00e1s pensando que su camino es el correcto.<\/p>\n<p style=\"text-align: justify;\">Seguramente nos habremos equivocado alguna vez, pero nunca con mala intenci\u00f3n, sino con el \u00fanico fin de seguir haciendo lo que m\u00e1s nos gusta,\u00a0estar con Pe\u00f1arol. Gracias por seguirnos, gracias por leernos, gracias por criticarnos, gracias por putearnos. Gracias por estar siempre ah\u00ed, al fin y al cabo, Padre y Decano somos todos, Padre y Decano es el hincha de Pe\u00f1arol.<\/p>\n","protected":false},"excerpt":{"rendered":"<p>&nbsp; Como todos los 28 de setiembre desde 2011, hoy adem\u00e1s de celebrar un nuevo aniversario de nuestro amado club, estamos festejando los 9 a\u00f1os del portal que la gente ha decidido bautizar como \u201cEl Sitio del pueblo\u201d. Desde sus comienzos, Padre y Decano ha sido la p\u00e1gina del hincha de Pe\u00f1arol, el espacio virtual [&hellip;]<\/p>\n","protected":false},"author":13,"featured_media":74484,"comment_status":"open","ping_status":"closed","sticky":false,"template":"","format":"standard","meta":{"footnotes":""},"categories":[43],"tags":[],"yoast_head":"<!-- This site is optimized with the Yoast SEO plugin v23.2 - https:\/\/yoast.com\/wordpress\/plugins\/seo\/ -->\n<title>9 a\u00f1os siendo &quot;el sitio del pueblo&quot; - Padre y Decano - El Sitio del Pueblo<\/title>\n<meta name=\"robots\" content=\"index, follow, max-snippet:-1, max-image-preview:large, max-video-preview:-1\" \/>\n<link rel=\"canonical\" href=\"https:\/\/www.padreydecano.com\/cms\/editoriales\/9-anos-siendo-el-sitio-del-pueblo\/\" \/>\n<meta property=\"og:locale\" content=\"es_ES\" \/>\n<meta property=\"og:type\" content=\"article\" \/>\n<meta property=\"og:title\" content=\"9 a\u00f1os siendo &quot;el sitio del pueblo&quot; - Padre y Decano - El Sitio del Pueblo\" \/>\n<meta property=\"og:description\" content=\"&nbsp; Como todos los 28 de setiembre desde 2011, hoy adem\u00e1s de celebrar un nuevo aniversario de nuestro amado club, estamos festejando los 9 a\u00f1os del portal que la gente ha decidido bautizar como \u201cEl Sitio del pueblo\u201d. Desde sus comienzos, Padre y Decano ha sido la p\u00e1gina del hincha de Pe\u00f1arol, el espacio virtual [&hellip;]\" \/>\n<meta property=\"og:url\" content=\"https:\/\/www.padreydecano.com\/cms\/editoriales\/9-anos-siendo-el-sitio-del-pueblo\/\" \/>\n<meta property=\"og:site_name\" content=\"Padre y Decano - El Sitio del Pueblo\" \/>\n<meta property=\"article:published_time\" content=\"2020-09-28T03:05:07+00:00\" \/>\n<meta property=\"article:modified_time\" content=\"2020-10-01T13:03:11+00:00\" \/>\n<meta property=\"og:image\" content=\"https:\/\/www.padreydecano.com\/cms\/wp-content\/uploads\/2020\/09\/pydeditorial-min.jpg\" \/>\n\t<meta property=\"og:image:width\" content=\"1920\" \/>\n\t<meta property=\"og:image:height\" content=\"1080\" \/>\n\t<meta property=\"og:image:type\" content=\"image\/jpeg\" \/>\n<meta name=\"author\" content=\"Moderador\" \/>\n<meta name=\"twitter:card\" content=\"summary_large_image\" \/>\n<meta name=\"twitter:label1\" content=\"Escrito por\" \/>\n\t<meta name=\"twitter:data1\" content=\"Moderador\" \/>\n\t<meta name=\"twitter:label2\" content=\"Tiempo de lectura\" \/>\n\t<meta name=\"twitter:data2\" content=\"2 minutos\" \/>\n<script type=\"application\/ld+json\" class=\"yoast-schema-graph\">{\"@context\":\"https:\/\/schema.org\",\"@graph\":[{\"@type\":\"Article\",\"@id\":\"https:\/\/www.padreydecano.com\/cms\/editoriales\/9-anos-siendo-el-sitio-del-pueblo\/#article\",\"isPartOf\":{\"@id\":\"https:\/\/www.padreydecano.com\/cms\/editoriales\/9-anos-siendo-el-sitio-del-pueblo\/\"},\"author\":{\"name\":\"Moderador\",\"@id\":\"https:\/\/www.padreydecano.com\/cms\/#\/schema\/person\/d93e9e537230ae052c194251d9a1def2\"},\"headline\":\"9 a\u00f1os siendo \u00abel sitio del pueblo\u00bb\",\"datePublished\":\"2020-09-28T03:05:07+00:00\",\"dateModified\":\"2020-10-01T13:03:11+00:00\",\"mainEntityOfPage\":{\"@id\":\"https:\/\/www.padreydecano.com\/cms\/editoriales\/9-anos-siendo-el-sitio-del-pueblo\/\"},\"wordCount\":409,\"commentCount\":50,\"publisher\":{\"@id\":\"https:\/\/www.padreydecano.com\/cms\/#organization\"},\"image\":{\"@id\":\"https:\/\/www.padreydecano.com\/cms\/editoriales\/9-anos-siendo-el-sitio-del-pueblo\/#primaryimage\"},\"thumbnailUrl\":\"https:\/\/www.padreydecano.com\/cms\/wp-content\/uploads\/2020\/09\/pydeditorial-min.jpg\",\"articleSection\":[\"Editoriales\"],\"inLanguage\":\"es\",\"potentialAction\":[{\"@type\":\"CommentAction\",\"name\":\"Comment\",\"target\":[\"https:\/\/www.padreydecano.com\/cms\/editoriales\/9-anos-siendo-el-sitio-del-pueblo\/#respond\"]}]},{\"@type\":\"WebPage\",\"@id\":\"https:\/\/www.padreydecano.com\/cms\/editoriales\/9-anos-siendo-el-sitio-del-pueblo\/\",\"url\":\"https:\/\/www.padreydecano.com\/cms\/editoriales\/9-anos-siendo-el-sitio-del-pueblo\/\",\"name\":\"9 a\u00f1os siendo \\\"el sitio del pueblo\\\" - Padre y Decano - El Sitio del Pueblo\",\"isPartOf\":{\"@id\":\"https:\/\/www.padreydecano.com\/cms\/#website\"},\"primaryImageOfPage\":{\"@id\":\"https:\/\/www.padreydecano.com\/cms\/editoriales\/9-anos-siendo-el-sitio-del-pueblo\/#primaryimage\"},\"image\":{\"@id\":\"https:\/\/www.padreydecano.com\/cms\/editoriales\/9-anos-siendo-el-sitio-del-pueblo\/#primaryimage\"},\"thumbnailUrl\":\"https:\/\/www.padreydecano.com\/cms\/wp-content\/uploads\/2020\/09\/pydeditorial-min.jpg\",\"datePublished\":\"2020-09-28T03:05:07+00:00\",\"dateModified\":\"2020-10-01T13:03:11+00:00\",\"breadcrumb\":{\"@id\":\"https:\/\/www.padreydecano.com\/cms\/editoriales\/9-anos-siendo-el-sitio-del-pueblo\/#breadcrumb\"},\"inLanguage\":\"es\",\"potentialAction\":[{\"@type\":\"ReadAction\",\"target\":[\"https:\/\/www.padreydecano.com\/cms\/editoriales\/9-anos-siendo-el-sitio-del-pueblo\/\"]}]},{\"@type\":\"ImageObject\",\"inLanguage\":\"es\",\"@id\":\"https:\/\/www.padreydecano.com\/cms\/editoriales\/9-anos-siendo-el-sitio-del-pueblo\/#primaryimage\",\"url\":\"https:\/\/www.padreydecano.com\/cms\/wp-content\/uploads\/2020\/09\/pydeditorial-min.jpg\",\"contentUrl\":\"https:\/\/www.padreydecano.com\/cms\/wp-content\/uploads\/2020\/09\/pydeditorial-min.jpg\",\"width\":1920,\"height\":1080},{\"@type\":\"BreadcrumbList\",\"@id\":\"https:\/\/www.padreydecano.com\/cms\/editoriales\/9-anos-siendo-el-sitio-del-pueblo\/#breadcrumb\",\"itemListElement\":[{\"@type\":\"ListItem\",\"position\":1,\"name\":\"Portada\",\"item\":\"https:\/\/www.padreydecano.com\/cms\/\"},{\"@type\":\"ListItem\",\"position\":2,\"name\":\"9 a\u00f1os siendo \u00abel sitio del pueblo\u00bb\"}]},{\"@type\":\"WebSite\",\"@id\":\"https:\/\/www.padreydecano.com\/cms\/#website\",\"url\":\"https:\/\/www.padreydecano.com\/cms\/\",\"name\":\"Padre y Decano - El Sitio del Pueblo\",\"description\":\"Club Atl\u00e9tico Pe\u00f1arol\",\"publisher\":{\"@id\":\"https:\/\/www.padreydecano.com\/cms\/#organization\"},\"potentialAction\":[{\"@type\":\"SearchAction\",\"target\":{\"@type\":\"EntryPoint\",\"urlTemplate\":\"https:\/\/www.padreydecano.com\/cms\/?s={search_term_string}\"},\"query-input\":\"required name=search_term_string\"}],\"inLanguage\":\"es\"},{\"@type\":\"Organization\",\"@id\":\"https:\/\/www.padreydecano.com\/cms\/#organization\",\"name\":\"Padre y Decano\",\"url\":\"https:\/\/www.padreydecano.com\/cms\/\",\"logo\":{\"@type\":\"ImageObject\",\"inLanguage\":\"es\",\"@id\":\"https:\/\/www.padreydecano.com\/cms\/#\/schema\/logo\/image\/\",\"url\":\"https:\/\/www.padreydecano.com\/cms\/wp-content\/uploads\/2022\/01\/avatar-square.png\",\"contentUrl\":\"https:\/\/www.padreydecano.com\/cms\/wp-content\/uploads\/2022\/01\/avatar-square.png\",\"width\":1500,\"height\":1500,\"caption\":\"Padre y Decano\"},\"image\":{\"@id\":\"https:\/\/www.padreydecano.com\/cms\/#\/schema\/logo\/image\/\"}},{\"@type\":\"Person\",\"@id\":\"https:\/\/www.padreydecano.com\/cms\/#\/schema\/person\/d93e9e537230ae052c194251d9a1def2\",\"name\":\"Moderador\",\"image\":{\"@type\":\"ImageObject\",\"inLanguage\":\"es\",\"@id\":\"https:\/\/www.padreydecano.com\/cms\/#\/schema\/person\/image\/\",\"url\":\"https:\/\/secure.gravatar.com\/avatar\/2587727bf8a53bd3da4ec49f01bea66e?s=96&d=https%3A%2F%2Fpadreydecano.com%2Fcms%2Fwp-content%2Fthemes%2Fpyd-theme%2Fimg%2Fdefault-avatar.png&r=g\",\"contentUrl\":\"https:\/\/secure.gravatar.com\/avatar\/2587727bf8a53bd3da4ec49f01bea66e?s=96&d=https%3A%2F%2Fpadreydecano.com%2Fcms%2Fwp-content%2Fthemes%2Fpyd-theme%2Fimg%2Fdefault-avatar.png&r=g\",\"caption\":\"Moderador\"}}]}<\/script>\n<!-- \/ Yoast SEO plugin. -->","yoast_head_json":{"title":"9 a\u00f1os siendo \"el sitio del pueblo\" - Padre y Decano - El Sitio del Pueblo","robots":{"index":"index","follow":"follow","max-snippet":"max-snippet:-1","max-image-preview":"max-image-preview:large","max-video-preview":"max-video-preview:-1"},"canonical":"https:\/\/www.padreydecano.com\/cms\/editoriales\/9-anos-siendo-el-sitio-del-pueblo\/","og_locale":"es_ES","og_type":"article","og_title":"9 a\u00f1os siendo \"el sitio del pueblo\" - Padre y Decano - El Sitio del Pueblo","og_description":"&nbsp; Como todos los 28 de setiembre desde 2011, hoy adem\u00e1s de celebrar un nuevo aniversario de nuestro amado club, estamos festejando los 9 a\u00f1os del portal que la gente ha decidido bautizar como \u201cEl Sitio del pueblo\u201d. Desde sus comienzos, Padre y Decano ha sido la p\u00e1gina del hincha de Pe\u00f1arol, el espacio virtual [&hellip;]","og_url":"https:\/\/www.padreydecano.com\/cms\/editoriales\/9-anos-siendo-el-sitio-del-pueblo\/","og_site_name":"Padre y Decano - El Sitio del Pueblo","article_published_time":"2020-09-28T03:05:07+00:00","article_modified_time":"2020-10-01T13:03:11+00:00","og_image":[{"width":1920,"height":1080,"url":"https:\/\/www.padreydecano.com\/cms\/wp-content\/uploads\/2020\/09\/pydeditorial-min.jpg","type":"image\/jpeg"}],"author":"Moderador","twitter_card":"summary_large_image","twitter_misc":{"Escrito por":"Moderador","Tiempo de lectura":"2 minutos"},"schema":{"@context":"https:\/\/schema.org","@graph":[{"@type":"Article","@id":"https:\/\/www.padreydecano.com\/cms\/editoriales\/9-anos-siendo-el-sitio-del-pueblo\/#article","isPartOf":{"@id":"https:\/\/www.padreydecano.com\/cms\/editoriales\/9-anos-siendo-el-sitio-del-pueblo\/"},"author":{"name":"Moderador","@id":"https:\/\/www.padreydecano.com\/cms\/#\/schema\/person\/d93e9e537230ae052c194251d9a1def2"},"headline":"9 a\u00f1os siendo \u00abel sitio del pueblo\u00bb","datePublished":"2020-09-28T03:05:07+00:00","dateModified":"2020-10-01T13:03:11+00:00","mainEntityOfPage":{"@id":"https:\/\/www.padreydecano.com\/cms\/editoriales\/9-anos-siendo-el-sitio-del-pueblo\/"},"wordCount":409,"commentCount":50,"publisher":{"@id":"https:\/\/www.padreydecano.com\/cms\/#organization"},"image":{"@id":"https:\/\/www.padreydecano.com\/cms\/editoriales\/9-anos-siendo-el-sitio-del-pueblo\/#primaryimage"},"thumbnailUrl":"https:\/\/www.padreydecano.com\/cms\/wp-content\/uploads\/2020\/09\/pydeditorial-min.jpg","articleSection":["Editoriales"],"inLanguage":"es","potentialAction":[{"@type":"CommentAction","name":"Comment","target":["https:\/\/www.padreydecano.com\/cms\/editoriales\/9-anos-siendo-el-sitio-del-pueblo\/#respond"]}]},{"@type":"WebPage","@id":"https:\/\/www.padreydecano.com\/cms\/editoriales\/9-anos-siendo-el-sitio-del-pueblo\/","url":"https:\/\/www.padreydecano.com\/cms\/editoriales\/9-anos-siendo-el-sitio-del-pueblo\/","name":"9 a\u00f1os siendo \"el sitio del pueblo\" - Padre y Decano - El Sitio del Pueblo","isPartOf":{"@id":"https:\/\/www.padreydecano.com\/cms\/#website"},"primaryImageOfPage":{"@id":"https:\/\/www.padreydecano.com\/cms\/editoriales\/9-anos-siendo-el-sitio-del-pueblo\/#primaryimage"},"image":{"@id":"https:\/\/www.padreydecano.com\/cms\/editoriales\/9-anos-siendo-el-sitio-del-pueblo\/#primaryimage"},"thumbnailUrl":"https:\/\/www.padreydecano.com\/cms\/wp-content\/uploads\/2020\/09\/pydeditorial-min.jpg","datePublished":"2020-09-28T03:05:07+00:00","dateModified":"2020-10-01T13:03:11+00:00","breadcrumb":{"@id":"https:\/\/www.padreydecano.com\/cms\/editoriales\/9-anos-siendo-el-sitio-del-pueblo\/#breadcrumb"},"inLanguage":"es","potentialAction":[{"@type":"ReadAction","target":["https:\/\/www.padreydecano.com\/cms\/editoriales\/9-anos-siendo-el-sitio-del-pueblo\/"]}]},{"@type":"ImageObject","inLanguage":"es","@id":"https:\/\/www.padreydecano.com\/cms\/editoriales\/9-anos-siendo-el-sitio-del-pueblo\/#primaryimage","url":"https:\/\/www.padreydecano.com\/cms\/wp-content\/uploads\/2020\/09\/pydeditorial-min.jpg","contentUrl":"https:\/\/www.padreydecano.com\/cms\/wp-content\/uploads\/2020\/09\/pydeditorial-min.jpg","width":1920,"height":1080},{"@type":"BreadcrumbList","@id":"https:\/\/www.padreydecano.com\/cms\/editoriales\/9-anos-siendo-el-sitio-del-pueblo\/#breadcrumb","itemListElement":[{"@type":"ListItem","position":1,"name":"Portada","item":"https:\/\/www.padreydecano.com\/cms\/"},{"@type":"ListItem","position":2,"name":"9 a\u00f1os siendo \u00abel sitio del pueblo\u00bb"}]},{"@type":"WebSite","@id":"https:\/\/www.padreydecano.com\/cms\/#website","url":"https:\/\/www.padreydecano.com\/cms\/","name":"Padre y Decano - El Sitio del Pueblo","description":"Club Atl\u00e9tico Pe\u00f1arol","publisher":{"@id":"https:\/\/www.padreydecano.com\/cms\/#organization"},"potentialAction":[{"@type":"SearchAction","target":{"@type":"EntryPoint","urlTemplate":"https:\/\/www.padreydecano.com\/cms\/?s={search_term_string}"},"query-input":"required name=search_term_string"}],"inLanguage":"es"},{"@type":"Organization","@id":"https:\/\/www.padreydecano.com\/cms\/#organization","name":"Padre y Decano","url":"https:\/\/www.padreydecano.com\/cms\/","logo":{"@type":"ImageObject","inLanguage":"es","@id":"https:\/\/www.padreydecano.com\/cms\/#\/schema\/logo\/image\/","url":"https:\/\/www.padreydecano.com\/cms\/wp-content\/uploads\/2022\/01\/avatar-square.png","contentUrl":"https:\/\/www.padreydecano.com\/cms\/wp-content\/uploads\/2022\/01\/avatar-square.png","width":1500,"height":1500,"caption":"Padre y Decano"},"image":{"@id":"https:\/\/www.padreydecano.com\/cms\/#\/schema\/logo\/image\/"}},{"@type":"Person","@id":"https:\/\/www.padreydecano.com\/cms\/#\/schema\/person\/d93e9e537230ae052c194251d9a1def2","name":"Moderador","image":{"@type":"ImageObject","inLanguage":"es","@id":"https:\/\/www.padreydecano.com\/cms\/#\/schema\/person\/image\/","url":"https:\/\/secure.gravatar.com\/avatar\/2587727bf8a53bd3da4ec49f01bea66e?s=96&d=https%3A%2F%2Fpadreydecano.com%2Fcms%2Fwp-content%2Fthemes%2Fpyd-theme%2Fimg%2Fdefault-avatar.png&r=g","contentUrl":"https:\/\/secure.gravatar.com\/avatar\/2587727bf8a53bd3da4ec49f01bea66e?s=96&d=https%3A%2F%2Fpadreydecano.com%2Fcms%2Fwp-content%2Fthemes%2Fpyd-theme%2Fimg%2Fdefault-avatar.png&r=g","caption":"Moderador"}}]}},"_links":{"self":[{"href":"https:\/\/www.padreydecano.com\/cms\/wp-json\/wp\/v2\/posts\/74480"}],"collection":[{"href":"https:\/\/www.padreydecano.com\/cms\/wp-json\/wp\/v2\/posts"}],"about":[{"href":"https:\/\/www.padreydecano.com\/cms\/wp-json\/wp\/v2\/types\/post"}],"author":[{"embeddable":true,"href":"https:\/\/www.padreydecano.com\/cms\/wp-json\/wp\/v2\/users\/13"}],"replies":[{"embeddable":true,"href":"https:\/\/www.padreydecano.com\/cms\/wp-json\/wp\/v2\/comments?post=74480"}],"version-history":[{"count":0,"href":"https:\/\/www.padreydecano.com\/cms\/wp-json\/wp\/v2\/posts\/74480\/revisions"}],"wp:featuredmedia":[{"embeddable":true,"href":"https:\/\/www.padreydecano.com\/cms\/wp-json\/wp\/v2\/media\/74484"}],"wp:attachment":[{"href":"https:\/\/www.padreydecano.com\/cms\/wp-json\/wp\/v2\/media?parent=74480"}],"wp:term":[{"taxonomy":"category","embeddable":true,"href":"https:\/\/www.padreydecano.com\/cms\/wp-json\/wp\/v2\/categories?post=74480"},{"taxonomy":"post_tag","embeddable":true,"href":"https:\/\/www.padreydecano.com\/cms\/wp-json\/wp\/v2\/tags?post=74480"}],"curies":[{"name":"wp","href":"https:\/\/api.w.org\/{rel}","templated":true}]}}