{"id":74149,"date":"2020-08-07T16:12:41","date_gmt":"2020-08-07T19:12:41","guid":{"rendered":"http:\/\/www.padreydecano.com\/cms\/?p=74149"},"modified":"2020-08-09T17:25:28","modified_gmt":"2020-08-09T20:25:28","slug":"retorno-clasico","status":"publish","type":"post","link":"https:\/\/www.padreydecano.com\/cms\/noticias\/retorno-clasico\/","title":{"rendered":"Retorno cl\u00e1sico"},"content":{"rendered":"<p><a href=\"https:\/\/www.padreydecano.com\/cms\/wp-content\/uploads\/2019\/12\/WhatsApp-Image-2019-12-15-at-18.11.13.jpeg\" rel=\"shadowbox[sbpost-74149];player=img;\"><img loading=\"lazy\" decoding=\"async\" class=\"aligncenter size-full wp-image-72917\" src=\"https:\/\/www.padreydecano.com\/cms\/wp-content\/uploads\/2019\/12\/WhatsApp-Image-2019-12-15-at-18.11.13.jpeg\" alt=\"\" width=\"817\" height=\"545\" srcset=\"https:\/\/www.padreydecano.com\/cms\/wp-content\/uploads\/2019\/12\/WhatsApp-Image-2019-12-15-at-18.11.13.jpeg 817w, https:\/\/www.padreydecano.com\/cms\/wp-content\/uploads\/2019\/12\/WhatsApp-Image-2019-12-15-at-18.11.13-600x400.jpeg 600w, https:\/\/www.padreydecano.com\/cms\/wp-content\/uploads\/2019\/12\/WhatsApp-Image-2019-12-15-at-18.11.13-768x512.jpeg 768w\" sizes=\"(max-width: 817px) 100vw, 817px\" \/><\/a><\/p>\n<p style=\"text-align: justify;\"><strong>Cuesta creer que pasaron 5 meses desde la \u00faltima funci\u00f3n de Pe\u00f1arol. Aquella recordada, y sufrida victoria por 1 a 0 frente a Wilstermann por la Copa Libertadores fue la \u00faltima vez que vivimos, sentimos y alentamos antes del parate por el estado sanitario del pa\u00eds.<\/strong><\/p>\n<p style=\"text-align: justify;\">Hoy, 150 d\u00edas despu\u00e9s, la realidad es otra. El f\u00fatbol regresa, pero sin el condimento especial: <strong>el hincha<\/strong>. Si bien a\u00fan no est\u00e1 pautado el regreso del p\u00fablico a los escenarios del pa\u00eds, estamos obligados a vivir y alentar desde nuestras casas.<\/p>\n<p style=\"text-align: justify;\">En lo que es elpel deportivo, Pe\u00f1arol y Nacional cerrar\u00e1n la cuarta fecha del Torneo Apertura. El pr\u00f3ximo domingo a las 15 horas, y en el m\u00edtico Estadio Centenario, tendr\u00e1 lugar un nuevo cap\u00edtulo del cl\u00e1sico uruguayo. \u00bfDiferente? S\u00ed. Pero con el mismo objetivo de siempre: <strong>GANAR, como marca la historia.<\/strong><\/p>\n<p style=\"text-align: justify;\"><span style=\"color: #ffcc00;\"><strong>Equipo probable:<\/strong><\/span><\/p>\n<p style=\"text-align: justify;\"><strong>El probable de Pe\u00f1arol para el domingo: Kevin Dawson; Giovanni Gonz\u00e1lez, Gary Kagelmacher, Rodrigo Abascal, Joaquin Piquerez; Mat\u00edas De Los Santos, Jes\u00fas Trindade, Krisztian Vadocz, Facundo Pellistri; Mat\u00edas Britos y David Terans.<\/strong><\/p>\n<p style=\"text-align: justify;\"><span style=\"color: #ffcc00;\"><strong>\u00bfC\u00f3mo se prepar\u00f3 Pe\u00f1arol de cara al Torneo Apertura?<\/strong><\/span><\/p>\n<p style=\"text-align: justify;\">Pe\u00f1arol enfrent\u00f3 a varios equipos,\u00a0 como preparaci\u00f3n para lo que ser\u00e1 la reanudaci\u00f3n el pr\u00f3ximo domingo. El primero de ellos fue frente a Juventud de las Piedras, con resultados de 1 a 1 y 2 a 0, a favor del elenco aurinegro. Cabe recordar que ambos cotejos fueron de 50 minutos.<\/p>\n<p style=\"text-align: justify;\">D\u00edas despu\u00e9s, y con un global de 1 (Facundo Torres) a 0, el carbonero venci\u00f3 a Cerro en lo que fueron dos partidos de 60 minutos, en lo que ser\u00e1 recordado por haber sido la primera transmisi\u00f3n online del club por medio de Youtube.<\/p>\n<p><a href=\"https:\/\/www.padreydecano.com\/cms\/wp-content\/uploads\/2020\/07\/pe\u00f1arol-cerro2.jpg\" rel=\"shadowbox[sbpost-74149];player=img;\"><img loading=\"lazy\" decoding=\"async\" class=\"aligncenter size-full wp-image-74093\" src=\"https:\/\/www.padreydecano.com\/cms\/wp-content\/uploads\/2020\/07\/pe\u00f1arol-cerro2.jpg\" alt=\"\" width=\"719\" height=\"406\" srcset=\"https:\/\/www.padreydecano.com\/cms\/wp-content\/uploads\/2020\/07\/pe\u00f1arol-cerro2.jpg 719w, https:\/\/www.padreydecano.com\/cms\/wp-content\/uploads\/2020\/07\/pe\u00f1arol-cerro2-600x339.jpg 600w\" sizes=\"(max-width: 719px) 100vw, 719px\" \/><\/a><\/p>\n<blockquote>\n<p style=\"text-align: center;\">Foto extra\u00edda de Youtube @Oficialcap &#8211; Pe\u00f1arol VS. Cerro amistoso preparaci\u00f3n<\/p>\n<\/blockquote>\n<p style=\"text-align: justify;\">Cerro Largo fue el siguiente rival del equipo de Diego Forl\u00e1n. Dos tiempos de 70 minutos concluyeron el tercer amistoso de cara al \u201cre debut\u201d. El primer cotejo fue igualdad en 0 entre <em>Carboneros<\/em> y <em>Arachanes<\/em>. Para el segundo encuentro, y con una rotaci\u00f3n en el plantel, fue victoria por 1 a 0 con el solitario gol de Luis Acevedo.<\/p>\n<p style=\"text-align: justify;\">El cuarto amistoso de preparaci\u00f3n del elenco <em>Mirasol<\/em> fue frente al conjunto franjeado. Se disputaron dos encuentros de 80\u00b4 en el estadio Campe\u00f3n del Siglo. El primer partido culmin\u00f3 con igualdad en 1. Para el segundo cotejo, y con varios cambios en el plantel, Pe\u00f1arol venci\u00f3 por 2 a 0 con goles de Luis Acevedo y Sergio N\u00fa\u00f1ez.<\/p>\n<p style=\"text-align: justify;\">El \u00faltimo enfrentamiento de Pe\u00f1arol de cara al cl\u00e1sico fue frente a Montevideo City Torque. Al igual que en la mayor\u00eda de los amistosos, se disputaron dos tiempos de 80 minutos. La primera parte, fue victoria de la visita por m\u00ednima diferencia. El complemento fue empate en 2. Acevedo por duplicado fue nuevamente el goleador de Pe\u00f1arol.<\/p>\n<p style=\"text-align: justify;\"><span style=\"color: #ffcc00;\"><strong>Repaso del Torneo Apertura<\/strong><\/span><\/p>\n<p style=\"text-align: justify;\">Pe\u00f1arol debut\u00f3 con una ag\u00f3nica victoria frente a Cerro. De local, en el CDS, fue triunfo por 2 a 1 frente al <em>Villero<\/em>. El espa\u00f1ol Xisco Jim\u00e9nez abri\u00f3 el marcador a los 10\u00b4 de juego. A los 29\u00b4, Paiva igual\u00f3 el tanteador con un gran remate de tiro libre que se intern\u00f3 en el \u00e1ngulo izquierdo de Thiago Cardozo. A nada de finalizar el encuentro, una jugada magistral de Facundo Pellistri, le permiti\u00f3 a Trindade anotar el gol del triunfo.<\/p>\n<p style=\"text-align: justify;\">En la segunda fecha, el Decano visit\u00f3 a Defensor Sporting en el Estadio Luis Franzini. Fue derrota por 2 a 1 en un partido pol\u00e9mico.<\/p>\n<p style=\"text-align: justify;\">Una semana m\u00e1s tarde, pero esta vez, de local, Pe\u00f1arol recibi\u00f3 a Danubio en una nueva fecha. Cristian Rodriguez abri\u00f3 el marcador a los 83\u00b4de juego tras un remate desde el punto penal. Luciano Nequecaur empat\u00f3 el juego a los 91\u00b4.<\/p>\n<p><a href=\"https:\/\/www.padreydecano.com\/cms\/wp-content\/uploads\/2020\/03\/WhatsApp-Image-2020-03-07-at-8.31.06-PM.jpeg\" rel=\"shadowbox[sbpost-74149];player=img;\"><img loading=\"lazy\" decoding=\"async\" class=\"aligncenter size-full wp-image-73788\" src=\"https:\/\/www.padreydecano.com\/cms\/wp-content\/uploads\/2020\/03\/WhatsApp-Image-2020-03-07-at-8.31.06-PM.jpeg\" alt=\"\" width=\"1600\" height=\"1066\" srcset=\"https:\/\/www.padreydecano.com\/cms\/wp-content\/uploads\/2020\/03\/WhatsApp-Image-2020-03-07-at-8.31.06-PM.jpeg 1600w, https:\/\/www.padreydecano.com\/cms\/wp-content\/uploads\/2020\/03\/WhatsApp-Image-2020-03-07-at-8.31.06-PM-600x400.jpeg 600w, https:\/\/www.padreydecano.com\/cms\/wp-content\/uploads\/2020\/03\/WhatsApp-Image-2020-03-07-at-8.31.06-PM-768x512.jpeg 768w, https:\/\/www.padreydecano.com\/cms\/wp-content\/uploads\/2020\/03\/WhatsApp-Image-2020-03-07-at-8.31.06-PM-1024x682.jpeg 1024w\" sizes=\"(max-width: 1600px) 100vw, 1600px\" \/><\/a><\/p>\n<p style=\"text-align: justify;\"><span style=\"color: #ffcc00;\"><strong>Historial entre ambos<\/strong><\/span><\/p>\n<p style=\"text-align: justify;\">Hablar del cl\u00e1sico uruguayo, es hablar de paternidad. Repas\u00e1 el historial entre ambos, en el que el Carbonero es due\u00f1o de principio a fin. Haz click\u00a0<a href=\"http:\/\/historia.padreydecano.com\/paternidad.html\" target=\"_blank\" rel=\"noopener\">aqu\u00ed<\/a>.<\/p>\n<p><a href=\"https:\/\/www.padreydecano.com\/cms\/wp-content\/uploads\/2016\/05\/Gol-clasico-vasquito-aguirregaray-Pe\u00f1arol-Nacional.Ignacio-Fern\u00e1ndez-Ant\u00eda-37-Copiar-4.jpg\" rel=\"shadowbox[sbpost-74149];player=img;\"><img loading=\"lazy\" decoding=\"async\" class=\"aligncenter size-full wp-image-58802\" src=\"https:\/\/www.padreydecano.com\/cms\/wp-content\/uploads\/2016\/05\/Gol-clasico-vasquito-aguirregaray-Pe\u00f1arol-Nacional.Ignacio-Fern\u00e1ndez-Ant\u00eda-37-Copiar-4.jpg\" alt=\"\" width=\"900\" height=\"600\" \/><\/a><\/p>\n<p style=\"text-align: justify;\"><span style=\"color: #ffcc00;\"><strong>\u00c1rbitros: <\/strong><\/span><\/p>\n<p style=\"text-align: justify;\">Christian Ferreyra ser\u00e1 el encargo de impartir justicia cuando la pelota ruede en el Estadio Centenario. Santiago Fern\u00e1ndez y Javier Castro ser\u00e1n los l\u00edneas, mientras que, Daniel Rodriguez fue designado cuarto \u00e1rbitro. Los n\u00fameros de Ferreyra y todo lo que tenes que saber haciendo click\u00a0<a href=\"https:\/\/www.padreydecano.com\/cms\/noticias\/christian-ferreyra-dirigira-el-clasico\/\" target=\"_blank\" rel=\"noopener\">aqu\u00ed<\/a>.<\/p>\n<p style=\"text-align: justify;\"><span style=\"color: #ffcc00;\"><strong>Lo que se viene:<\/strong><\/span><\/p>\n<p style=\"text-align: justify;\">5ta fecha: VS. Boston River<br \/>\n6ta fecha: VS. Deportivo Maldonado<\/p>\n<p style=\"text-align: right;\"><a href=\"https:\/\/twitter.com\/mathiaastilve\" target=\"_blank\" rel=\"noopener\">Mathias Tilve<\/a><\/p>\n","protected":false},"excerpt":{"rendered":"<p>Cuesta creer que pasaron 5 meses desde la \u00faltima funci\u00f3n de Pe\u00f1arol. Aquella recordada, y sufrida victoria por 1 a 0 frente a Wilstermann por la Copa Libertadores fue la \u00faltima vez que vivimos, sentimos y alentamos antes del parate por el estado sanitario del pa\u00eds. Hoy, 150 d\u00edas despu\u00e9s, la realidad es otra. El [&hellip;]<\/p>\n","protected":false},"author":30,"featured_media":72917,"comment_status":"open","ping_status":"closed","sticky":false,"template":"","format":"standard","meta":{"footnotes":""},"categories":[1],"tags":[473],"yoast_head":"<!-- This site is optimized with the Yoast SEO plugin v23.2 - https:\/\/yoast.com\/wordpress\/plugins\/seo\/ -->\n<title>Retorno cl\u00e1sico - Padre y Decano - El Sitio del Pueblo<\/title>\n<meta name=\"robots\" content=\"index, follow, max-snippet:-1, max-image-preview:large, max-video-preview:-1\" \/>\n<link rel=\"canonical\" href=\"https:\/\/www.padreydecano.com\/cms\/noticias\/retorno-clasico\/\" \/>\n<meta property=\"og:locale\" content=\"es_ES\" \/>\n<meta property=\"og:type\" content=\"article\" \/>\n<meta property=\"og:title\" content=\"Retorno cl\u00e1sico - Padre y Decano - El Sitio del Pueblo\" \/>\n<meta property=\"og:description\" content=\"Cuesta creer que pasaron 5 meses desde la \u00faltima funci\u00f3n de Pe\u00f1arol. Aquella recordada, y sufrida victoria por 1 a 0 frente a Wilstermann por la Copa Libertadores fue la \u00faltima vez que vivimos, sentimos y alentamos antes del parate por el estado sanitario del pa\u00eds. Hoy, 150 d\u00edas despu\u00e9s, la realidad es otra. El [&hellip;]\" \/>\n<meta property=\"og:url\" content=\"https:\/\/www.padreydecano.com\/cms\/noticias\/retorno-clasico\/\" \/>\n<meta property=\"og:site_name\" content=\"Padre y Decano - El Sitio del Pueblo\" \/>\n<meta property=\"article:published_time\" content=\"2020-08-07T19:12:41+00:00\" \/>\n<meta property=\"article:modified_time\" content=\"2020-08-09T20:25:28+00:00\" \/>\n<meta property=\"og:image\" content=\"https:\/\/www.padreydecano.com\/cms\/wp-content\/uploads\/2019\/12\/WhatsApp-Image-2019-12-15-at-18.11.13.jpeg\" \/>\n\t<meta property=\"og:image:width\" content=\"817\" \/>\n\t<meta property=\"og:image:height\" content=\"545\" \/>\n\t<meta property=\"og:image:type\" content=\"image\/jpeg\" \/>\n<meta name=\"author\" content=\"Udelar\" \/>\n<meta name=\"twitter:card\" content=\"summary_large_image\" \/>\n<meta name=\"twitter:label1\" content=\"Escrito por\" \/>\n\t<meta name=\"twitter:data1\" content=\"Udelar\" \/>\n\t<meta name=\"twitter:label2\" content=\"Tiempo de lectura\" \/>\n\t<meta name=\"twitter:data2\" content=\"4 minutos\" \/>\n<script type=\"application\/ld+json\" class=\"yoast-schema-graph\">{\"@context\":\"https:\/\/schema.org\",\"@graph\":[{\"@type\":\"Article\",\"@id\":\"https:\/\/www.padreydecano.com\/cms\/noticias\/retorno-clasico\/#article\",\"isPartOf\":{\"@id\":\"https:\/\/www.padreydecano.com\/cms\/noticias\/retorno-clasico\/\"},\"author\":{\"name\":\"Udelar\",\"@id\":\"https:\/\/www.padreydecano.com\/cms\/#\/schema\/person\/b22191326be6d1c7fa55c2ad137a9a32\"},\"headline\":\"Retorno cl\u00e1sico\",\"datePublished\":\"2020-08-07T19:12:41+00:00\",\"dateModified\":\"2020-08-09T20:25:28+00:00\",\"mainEntityOfPage\":{\"@id\":\"https:\/\/www.padreydecano.com\/cms\/noticias\/retorno-clasico\/\"},\"wordCount\":735,\"commentCount\":21,\"publisher\":{\"@id\":\"https:\/\/www.padreydecano.com\/cms\/#organization\"},\"image\":{\"@id\":\"https:\/\/www.padreydecano.com\/cms\/noticias\/retorno-clasico\/#primaryimage\"},\"thumbnailUrl\":\"https:\/\/www.padreydecano.com\/cms\/wp-content\/uploads\/2019\/12\/WhatsApp-Image-2019-12-15-at-18.11.13.jpeg\",\"keywords\":[\"Torneo Apertura 2020\"],\"articleSection\":[\"Noticias\"],\"inLanguage\":\"es\",\"potentialAction\":[{\"@type\":\"CommentAction\",\"name\":\"Comment\",\"target\":[\"https:\/\/www.padreydecano.com\/cms\/noticias\/retorno-clasico\/#respond\"]}]},{\"@type\":\"WebPage\",\"@id\":\"https:\/\/www.padreydecano.com\/cms\/noticias\/retorno-clasico\/\",\"url\":\"https:\/\/www.padreydecano.com\/cms\/noticias\/retorno-clasico\/\",\"name\":\"Retorno cl\u00e1sico - Padre y Decano - El Sitio del Pueblo\",\"isPartOf\":{\"@id\":\"https:\/\/www.padreydecano.com\/cms\/#website\"},\"primaryImageOfPage\":{\"@id\":\"https:\/\/www.padreydecano.com\/cms\/noticias\/retorno-clasico\/#primaryimage\"},\"image\":{\"@id\":\"https:\/\/www.padreydecano.com\/cms\/noticias\/retorno-clasico\/#primaryimage\"},\"thumbnailUrl\":\"https:\/\/www.padreydecano.com\/cms\/wp-content\/uploads\/2019\/12\/WhatsApp-Image-2019-12-15-at-18.11.13.jpeg\",\"datePublished\":\"2020-08-07T19:12:41+00:00\",\"dateModified\":\"2020-08-09T20:25:28+00:00\",\"breadcrumb\":{\"@id\":\"https:\/\/www.padreydecano.com\/cms\/noticias\/retorno-clasico\/#breadcrumb\"},\"inLanguage\":\"es\",\"potentialAction\":[{\"@type\":\"ReadAction\",\"target\":[\"https:\/\/www.padreydecano.com\/cms\/noticias\/retorno-clasico\/\"]}]},{\"@type\":\"ImageObject\",\"inLanguage\":\"es\",\"@id\":\"https:\/\/www.padreydecano.com\/cms\/noticias\/retorno-clasico\/#primaryimage\",\"url\":\"https:\/\/www.padreydecano.com\/cms\/wp-content\/uploads\/2019\/12\/WhatsApp-Image-2019-12-15-at-18.11.13.jpeg\",\"contentUrl\":\"https:\/\/www.padreydecano.com\/cms\/wp-content\/uploads\/2019\/12\/WhatsApp-Image-2019-12-15-at-18.11.13.jpeg\",\"width\":817,\"height\":545},{\"@type\":\"BreadcrumbList\",\"@id\":\"https:\/\/www.padreydecano.com\/cms\/noticias\/retorno-clasico\/#breadcrumb\",\"itemListElement\":[{\"@type\":\"ListItem\",\"position\":1,\"name\":\"Portada\",\"item\":\"https:\/\/www.padreydecano.com\/cms\/\"},{\"@type\":\"ListItem\",\"position\":2,\"name\":\"Retorno cl\u00e1sico\"}]},{\"@type\":\"WebSite\",\"@id\":\"https:\/\/www.padreydecano.com\/cms\/#website\",\"url\":\"https:\/\/www.padreydecano.com\/cms\/\",\"name\":\"Padre y Decano - El Sitio del Pueblo\",\"description\":\"Club Atl\u00e9tico Pe\u00f1arol\",\"publisher\":{\"@id\":\"https:\/\/www.padreydecano.com\/cms\/#organization\"},\"potentialAction\":[{\"@type\":\"SearchAction\",\"target\":{\"@type\":\"EntryPoint\",\"urlTemplate\":\"https:\/\/www.padreydecano.com\/cms\/?s={search_term_string}\"},\"query-input\":\"required name=search_term_string\"}],\"inLanguage\":\"es\"},{\"@type\":\"Organization\",\"@id\":\"https:\/\/www.padreydecano.com\/cms\/#organization\",\"name\":\"Padre y Decano\",\"url\":\"https:\/\/www.padreydecano.com\/cms\/\",\"logo\":{\"@type\":\"ImageObject\",\"inLanguage\":\"es\",\"@id\":\"https:\/\/www.padreydecano.com\/cms\/#\/schema\/logo\/image\/\",\"url\":\"https:\/\/www.padreydecano.com\/cms\/wp-content\/uploads\/2022\/01\/avatar-square.png\",\"contentUrl\":\"https:\/\/www.padreydecano.com\/cms\/wp-content\/uploads\/2022\/01\/avatar-square.png\",\"width\":1500,\"height\":1500,\"caption\":\"Padre y Decano\"},\"image\":{\"@id\":\"https:\/\/www.padreydecano.com\/cms\/#\/schema\/logo\/image\/\"}},{\"@type\":\"Person\",\"@id\":\"https:\/\/www.padreydecano.com\/cms\/#\/schema\/person\/b22191326be6d1c7fa55c2ad137a9a32\",\"name\":\"Udelar\",\"image\":{\"@type\":\"ImageObject\",\"inLanguage\":\"es\",\"@id\":\"https:\/\/www.padreydecano.com\/cms\/#\/schema\/person\/image\/\",\"url\":\"https:\/\/secure.gravatar.com\/avatar\/611ece663b16897a2cd2f46982281225?s=96&d=https%3A%2F%2Fpadreydecano.com%2Fcms%2Fwp-content%2Fthemes%2Fpyd-theme%2Fimg%2Fdefault-avatar.png&r=g\",\"contentUrl\":\"https:\/\/secure.gravatar.com\/avatar\/611ece663b16897a2cd2f46982281225?s=96&d=https%3A%2F%2Fpadreydecano.com%2Fcms%2Fwp-content%2Fthemes%2Fpyd-theme%2Fimg%2Fdefault-avatar.png&r=g\",\"caption\":\"Udelar\"}}]}<\/script>\n<!-- \/ Yoast SEO plugin. -->","yoast_head_json":{"title":"Retorno cl\u00e1sico - Padre y Decano - El Sitio del Pueblo","robots":{"index":"index","follow":"follow","max-snippet":"max-snippet:-1","max-image-preview":"max-image-preview:large","max-video-preview":"max-video-preview:-1"},"canonical":"https:\/\/www.padreydecano.com\/cms\/noticias\/retorno-clasico\/","og_locale":"es_ES","og_type":"article","og_title":"Retorno cl\u00e1sico - Padre y Decano - El Sitio del Pueblo","og_description":"Cuesta creer que pasaron 5 meses desde la \u00faltima funci\u00f3n de Pe\u00f1arol. Aquella recordada, y sufrida victoria por 1 a 0 frente a Wilstermann por la Copa Libertadores fue la \u00faltima vez que vivimos, sentimos y alentamos antes del parate por el estado sanitario del pa\u00eds. Hoy, 150 d\u00edas despu\u00e9s, la realidad es otra. El [&hellip;]","og_url":"https:\/\/www.padreydecano.com\/cms\/noticias\/retorno-clasico\/","og_site_name":"Padre y Decano - El Sitio del Pueblo","article_published_time":"2020-08-07T19:12:41+00:00","article_modified_time":"2020-08-09T20:25:28+00:00","og_image":[{"width":817,"height":545,"url":"https:\/\/www.padreydecano.com\/cms\/wp-content\/uploads\/2019\/12\/WhatsApp-Image-2019-12-15-at-18.11.13.jpeg","type":"image\/jpeg"}],"author":"Udelar","twitter_card":"summary_large_image","twitter_misc":{"Escrito por":"Udelar","Tiempo de lectura":"4 minutos"},"schema":{"@context":"https:\/\/schema.org","@graph":[{"@type":"Article","@id":"https:\/\/www.padreydecano.com\/cms\/noticias\/retorno-clasico\/#article","isPartOf":{"@id":"https:\/\/www.padreydecano.com\/cms\/noticias\/retorno-clasico\/"},"author":{"name":"Udelar","@id":"https:\/\/www.padreydecano.com\/cms\/#\/schema\/person\/b22191326be6d1c7fa55c2ad137a9a32"},"headline":"Retorno cl\u00e1sico","datePublished":"2020-08-07T19:12:41+00:00","dateModified":"2020-08-09T20:25:28+00:00","mainEntityOfPage":{"@id":"https:\/\/www.padreydecano.com\/cms\/noticias\/retorno-clasico\/"},"wordCount":735,"commentCount":21,"publisher":{"@id":"https:\/\/www.padreydecano.com\/cms\/#organization"},"image":{"@id":"https:\/\/www.padreydecano.com\/cms\/noticias\/retorno-clasico\/#primaryimage"},"thumbnailUrl":"https:\/\/www.padreydecano.com\/cms\/wp-content\/uploads\/2019\/12\/WhatsApp-Image-2019-12-15-at-18.11.13.jpeg","keywords":["Torneo Apertura 2020"],"articleSection":["Noticias"],"inLanguage":"es","potentialAction":[{"@type":"CommentAction","name":"Comment","target":["https:\/\/www.padreydecano.com\/cms\/noticias\/retorno-clasico\/#respond"]}]},{"@type":"WebPage","@id":"https:\/\/www.padreydecano.com\/cms\/noticias\/retorno-clasico\/","url":"https:\/\/www.padreydecano.com\/cms\/noticias\/retorno-clasico\/","name":"Retorno cl\u00e1sico - Padre y Decano - El Sitio del Pueblo","isPartOf":{"@id":"https:\/\/www.padreydecano.com\/cms\/#website"},"primaryImageOfPage":{"@id":"https:\/\/www.padreydecano.com\/cms\/noticias\/retorno-clasico\/#primaryimage"},"image":{"@id":"https:\/\/www.padreydecano.com\/cms\/noticias\/retorno-clasico\/#primaryimage"},"thumbnailUrl":"https:\/\/www.padreydecano.com\/cms\/wp-content\/uploads\/2019\/12\/WhatsApp-Image-2019-12-15-at-18.11.13.jpeg","datePublished":"2020-08-07T19:12:41+00:00","dateModified":"2020-08-09T20:25:28+00:00","breadcrumb":{"@id":"https:\/\/www.padreydecano.com\/cms\/noticias\/retorno-clasico\/#breadcrumb"},"inLanguage":"es","potentialAction":[{"@type":"ReadAction","target":["https:\/\/www.padreydecano.com\/cms\/noticias\/retorno-clasico\/"]}]},{"@type":"ImageObject","inLanguage":"es","@id":"https:\/\/www.padreydecano.com\/cms\/noticias\/retorno-clasico\/#primaryimage","url":"https:\/\/www.padreydecano.com\/cms\/wp-content\/uploads\/2019\/12\/WhatsApp-Image-2019-12-15-at-18.11.13.jpeg","contentUrl":"https:\/\/www.padreydecano.com\/cms\/wp-content\/uploads\/2019\/12\/WhatsApp-Image-2019-12-15-at-18.11.13.jpeg","width":817,"height":545},{"@type":"BreadcrumbList","@id":"https:\/\/www.padreydecano.com\/cms\/noticias\/retorno-clasico\/#breadcrumb","itemListElement":[{"@type":"ListItem","position":1,"name":"Portada","item":"https:\/\/www.padreydecano.com\/cms\/"},{"@type":"ListItem","position":2,"name":"Retorno cl\u00e1sico"}]},{"@type":"WebSite","@id":"https:\/\/www.padreydecano.com\/cms\/#website","url":"https:\/\/www.padreydecano.com\/cms\/","name":"Padre y Decano - El Sitio del Pueblo","description":"Club Atl\u00e9tico Pe\u00f1arol","publisher":{"@id":"https:\/\/www.padreydecano.com\/cms\/#organization"},"potentialAction":[{"@type":"SearchAction","target":{"@type":"EntryPoint","urlTemplate":"https:\/\/www.padreydecano.com\/cms\/?s={search_term_string}"},"query-input":"required name=search_term_string"}],"inLanguage":"es"},{"@type":"Organization","@id":"https:\/\/www.padreydecano.com\/cms\/#organization","name":"Padre y Decano","url":"https:\/\/www.padreydecano.com\/cms\/","logo":{"@type":"ImageObject","inLanguage":"es","@id":"https:\/\/www.padreydecano.com\/cms\/#\/schema\/logo\/image\/","url":"https:\/\/www.padreydecano.com\/cms\/wp-content\/uploads\/2022\/01\/avatar-square.png","contentUrl":"https:\/\/www.padreydecano.com\/cms\/wp-content\/uploads\/2022\/01\/avatar-square.png","width":1500,"height":1500,"caption":"Padre y Decano"},"image":{"@id":"https:\/\/www.padreydecano.com\/cms\/#\/schema\/logo\/image\/"}},{"@type":"Person","@id":"https:\/\/www.padreydecano.com\/cms\/#\/schema\/person\/b22191326be6d1c7fa55c2ad137a9a32","name":"Udelar","image":{"@type":"ImageObject","inLanguage":"es","@id":"https:\/\/www.padreydecano.com\/cms\/#\/schema\/person\/image\/","url":"https:\/\/secure.gravatar.com\/avatar\/611ece663b16897a2cd2f46982281225?s=96&d=https%3A%2F%2Fpadreydecano.com%2Fcms%2Fwp-content%2Fthemes%2Fpyd-theme%2Fimg%2Fdefault-avatar.png&r=g","contentUrl":"https:\/\/secure.gravatar.com\/avatar\/611ece663b16897a2cd2f46982281225?s=96&d=https%3A%2F%2Fpadreydecano.com%2Fcms%2Fwp-content%2Fthemes%2Fpyd-theme%2Fimg%2Fdefault-avatar.png&r=g","caption":"Udelar"}}]}},"_links":{"self":[{"href":"https:\/\/www.padreydecano.com\/cms\/wp-json\/wp\/v2\/posts\/74149"}],"collection":[{"href":"https:\/\/www.padreydecano.com\/cms\/wp-json\/wp\/v2\/posts"}],"about":[{"href":"https:\/\/www.padreydecano.com\/cms\/wp-json\/wp\/v2\/types\/post"}],"author":[{"embeddable":true,"href":"https:\/\/www.padreydecano.com\/cms\/wp-json\/wp\/v2\/users\/30"}],"replies":[{"embeddable":true,"href":"https:\/\/www.padreydecano.com\/cms\/wp-json\/wp\/v2\/comments?post=74149"}],"version-history":[{"count":0,"href":"https:\/\/www.padreydecano.com\/cms\/wp-json\/wp\/v2\/posts\/74149\/revisions"}],"wp:featuredmedia":[{"embeddable":true,"href":"https:\/\/www.padreydecano.com\/cms\/wp-json\/wp\/v2\/media\/72917"}],"wp:attachment":[{"href":"https:\/\/www.padreydecano.com\/cms\/wp-json\/wp\/v2\/media?parent=74149"}],"wp:term":[{"taxonomy":"category","embeddable":true,"href":"https:\/\/www.padreydecano.com\/cms\/wp-json\/wp\/v2\/categories?post=74149"},{"taxonomy":"post_tag","embeddable":true,"href":"https:\/\/www.padreydecano.com\/cms\/wp-json\/wp\/v2\/tags?post=74149"}],"curies":[{"name":"wp","href":"https:\/\/api.w.org\/{rel}","templated":true}]}}