{"id":74056,"date":"2020-07-13T10:02:42","date_gmt":"2020-07-13T13:02:42","guid":{"rendered":"http:\/\/www.padreydecano.com\/cms\/?p=74056"},"modified":"2020-07-13T10:02:42","modified_gmt":"2020-07-13T13:02:42","slug":"pocitos-el-primer-estadio-mundialista","status":"publish","type":"post","link":"https:\/\/www.padreydecano.com\/cms\/noticias\/pocitos-el-primer-estadio-mundialista\/","title":{"rendered":"Pocitos: el primer estadio mundialista"},"content":{"rendered":"<p><img loading=\"lazy\" decoding=\"async\" class=\"aligncenter size-full wp-image-74061\" src=\"https:\/\/www.padreydecano.com\/cms\/wp-content\/uploads\/2020\/07\/WhatsApp-Image-2020-07-13-at-3.25.55-AM.jpeg\" alt=\"\" width=\"1200\" height=\"1200\" srcset=\"https:\/\/www.padreydecano.com\/cms\/wp-content\/uploads\/2020\/07\/WhatsApp-Image-2020-07-13-at-3.25.55-AM.jpeg 1200w, https:\/\/www.padreydecano.com\/cms\/wp-content\/uploads\/2020\/07\/WhatsApp-Image-2020-07-13-at-3.25.55-AM-150x150.jpeg 150w, https:\/\/www.padreydecano.com\/cms\/wp-content\/uploads\/2020\/07\/WhatsApp-Image-2020-07-13-at-3.25.55-AM-600x600.jpeg 600w, https:\/\/www.padreydecano.com\/cms\/wp-content\/uploads\/2020\/07\/WhatsApp-Image-2020-07-13-at-3.25.55-AM-768x768.jpeg 768w, https:\/\/www.padreydecano.com\/cms\/wp-content\/uploads\/2020\/07\/WhatsApp-Image-2020-07-13-at-3.25.55-AM-1024x1024.jpeg 1024w, https:\/\/www.padreydecano.com\/cms\/wp-content\/uploads\/2020\/07\/WhatsApp-Image-2020-07-13-at-3.25.55-AM-36x36.jpeg 36w\" sizes=\"(max-width: 1200px) 100vw, 1200px\" \/><\/p>\n<p style=\"text-align: justify;\"><strong>Un d\u00eda como hoy, pero hace 90 a\u00f1os, nuestro field de Pocitos era testigo del primer gol en la historia de los mundiales, en el partido inaugural de los mismos. Una cancha m\u00e1gica para Pe\u00f1arol, para el f\u00fatbol uruguayo y para todo el mundo deportivo.<\/strong><\/p>\n<p style=\"text-align: justify;\">El m\u00edtico escenario mirasol tuvo una vida ef\u00edmera pero de una intensidad y un valor hist\u00f3rico superior a la media. La \u00abcancha m\u00e1gica e inexpugnable\u00bb, como la definia el p\u00fablico uruguayo debido a las incre\u00edbles victorias obtenidas por Pe\u00f1arol en su verde c\u00e9sped, fue inaugurada en 1921 y ver\u00eda desfilar por su gramilla a los mejores jugadores uruguayos de la \u00e9poca. Pero todo esto ser\u00eda historia local, si no fuese por aquel primer Mundial de 1930.<\/p>\n<p style=\"text-align: justify;\">Apenas unos d\u00edas antes del comienzo del torneo, el Comit\u00e9 Organizador decidi\u00f3 que los partidos inaugurales del primer Mundial de la historia se jugar\u00edan en el Estadio de Pocitos y en el viejo Parque Central, en simult\u00e1neo. Curiosamente estos campos de juego comparten una cualidad: <strong>ambos fueron inaugurados por Pe\u00f1arol.<\/strong> Lamentablemente ninguno de estos escenarios existe hoy en d\u00eda.<\/p>\n<p style=\"text-align: justify;\">En el field aurinegro deber\u00edan enfrentarse M\u00e9xico y Francia, mientras que en el campo del Parque Central se ver\u00edan las caras los seleccionados de B\u00e9lgica y Estados Unidos. As\u00ed, el domingo 13 de julio de 1930 a las 14:45 horas, se dar\u00eda el puntapi\u00e9 de una historia que hoy cumple 90 a\u00f1os: los Mundiales de F\u00fatbol.<\/p>\n<p style=\"text-align: justify;\">Y as\u00ed, tambi\u00e9n, el campo sagrado de Los Pocitos escrib\u00eda su nombre en la historia del f\u00fatbol mundial por ostentar el privilegio de ser testigo del primer gol en la historia de la Copa del Mundo.<\/p>\n<p style=\"text-align: justify;\">A los 19 minutos de partido, el franc\u00e9s Lucien Laurent vence la valla custodiada por Oscar Bonfiglio y convierte el primer gol en la historia de los Mundiales. Finalmente el partido termin\u00f3 con victoria del elenco europeo en un contundente 4-1. Marcel Langiller, Andr\u00e9 Maschinot en dos ocasiones (ambos para Francia) y Juan Carre\u00f1o (M\u00e9xico) , fueron los autores de los otros goles de la tarde.<\/p>\n<p><img loading=\"lazy\" decoding=\"async\" class=\"aligncenter size-full wp-image-74063\" src=\"https:\/\/www.padreydecano.com\/cms\/wp-content\/uploads\/2020\/07\/WhatsApp-Image-2020-07-13-at-3.22.46-AM.jpeg\" alt=\"\" width=\"480\" height=\"307\" \/><\/p>\n<p style=\"text-align: justify;\">Investigaciones recientes llevadas adelante por el Arquitecto Enrique Benech, han permitido identificar no s\u00f3lo la ubicaci\u00f3n exacta del terreno de juego, sino tambi\u00e9n la orientaci\u00f3n del mismo y la identificaci\u00f3n del arco donde se convirti\u00f3 este hist\u00f3rico primer gol mundialista. As\u00ed lo testifican las obras en los espacios p\u00fablicos de las calles Coronel Alegre y Charrua.<\/p>\n<p><img loading=\"lazy\" decoding=\"async\" class=\"aligncenter size-full wp-image-74062\" src=\"https:\/\/www.padreydecano.com\/cms\/wp-content\/uploads\/2020\/07\/WhatsApp-Image-2020-07-13-at-3.25.54-AM.jpeg\" alt=\"\" width=\"640\" height=\"480\" srcset=\"https:\/\/www.padreydecano.com\/cms\/wp-content\/uploads\/2020\/07\/WhatsApp-Image-2020-07-13-at-3.25.54-AM.jpeg 640w, https:\/\/www.padreydecano.com\/cms\/wp-content\/uploads\/2020\/07\/WhatsApp-Image-2020-07-13-at-3.25.54-AM-600x450.jpeg 600w\" sizes=\"(max-width: 640px) 100vw, 640px\" \/><\/p>\n<p style=\"text-align: justify;\"><strong>Por respeto a la historia, no s\u00f3lo del f\u00fatbol uruguayo, sino del f\u00fatbol mundial, el 13 de julio es una fecha para recordar el primer gol en la historia de los Mundiales, pero tambi\u00e9n al m\u00edtico escenario carbonero, aquella fortaleza inexpugnable del Decano donde nunca perdimos un cl\u00e1sico. Dos virtudes de las que s\u00f3lo nos podemos jactar los hinchas del Club del Pueblo. Y que el mundo, como siempre, acompa\u00f1a con total confianza por el respaldo que brinda la verdad hist\u00f3rica que caracteriza a Pe\u00f1arol.<\/strong><\/p>\n\n\t\t<style type=\"text\/css\">\n\t\t\t#gallery-1 {\n\t\t\t\tmargin: auto;\n\t\t\t}\n\t\t\t#gallery-1 .gallery-item {\n\t\t\t\tfloat: left;\n\t\t\t\tmargin-top: 10px;\n\t\t\t\ttext-align: center;\n\t\t\t\twidth: 33%;\n\t\t\t}\n\t\t\t#gallery-1 img {\n\t\t\t\tborder: 2px solid #cfcfcf;\n\t\t\t}\n\t\t\t#gallery-1 .gallery-caption {\n\t\t\t\tmargin-left: 0;\n\t\t\t}\n\t\t\t\/* see gallery_shortcode() in wp-includes\/media.php *\/\n\t\t<\/style>\n\t\t<div id='gallery-1' class='gallery galleryid-74056 gallery-columns-3 gallery-size-thumbnail'><dl class='gallery-item'>\n\t\t\t<dt class='gallery-icon portrait'>\n\t\t\t\t<a href='https:\/\/www.padreydecano.com\/cms\/wp-content\/uploads\/2020\/07\/WhatsApp-Image-2020-07-13-at-9.44.48-AM.jpeg' rel='shadowbox[sbalbum-74056];player=img;'><img loading=\"lazy\" decoding=\"async\" width=\"150\" height=\"150\" src=\"https:\/\/www.padreydecano.com\/cms\/wp-content\/uploads\/2020\/07\/WhatsApp-Image-2020-07-13-at-9.44.48-AM-150x150.jpeg\" class=\"attachment-thumbnail size-thumbnail\" alt=\"\" srcset=\"https:\/\/www.padreydecano.com\/cms\/wp-content\/uploads\/2020\/07\/WhatsApp-Image-2020-07-13-at-9.44.48-AM-150x150.jpeg 150w, https:\/\/www.padreydecano.com\/cms\/wp-content\/uploads\/2020\/07\/WhatsApp-Image-2020-07-13-at-9.44.48-AM-36x36.jpeg 36w\" sizes=\"(max-width: 150px) 100vw, 150px\" \/><\/a>\n\t\t\t<\/dt><\/dl><dl class='gallery-item'>\n\t\t\t<dt class='gallery-icon portrait'>\n\t\t\t\t<a href='https:\/\/www.padreydecano.com\/cms\/wp-content\/uploads\/2020\/07\/WhatsApp-Image-2020-07-13-at-3.22.28-AM.jpeg' rel='shadowbox[sbalbum-74056];player=img;'><img loading=\"lazy\" decoding=\"async\" width=\"150\" height=\"150\" src=\"https:\/\/www.padreydecano.com\/cms\/wp-content\/uploads\/2020\/07\/WhatsApp-Image-2020-07-13-at-3.22.28-AM-150x150.jpeg\" class=\"attachment-thumbnail size-thumbnail\" alt=\"\" srcset=\"https:\/\/www.padreydecano.com\/cms\/wp-content\/uploads\/2020\/07\/WhatsApp-Image-2020-07-13-at-3.22.28-AM-150x150.jpeg 150w, https:\/\/www.padreydecano.com\/cms\/wp-content\/uploads\/2020\/07\/WhatsApp-Image-2020-07-13-at-3.22.28-AM-36x36.jpeg 36w\" sizes=\"(max-width: 150px) 100vw, 150px\" \/><\/a>\n\t\t\t<\/dt><\/dl><dl class='gallery-item'>\n\t\t\t<dt class='gallery-icon portrait'>\n\t\t\t\t<a href='https:\/\/www.padreydecano.com\/cms\/wp-content\/uploads\/2020\/07\/WhatsApp-Image-2020-07-13-at-9.49.09-AM.jpeg' rel='shadowbox[sbalbum-74056];player=img;'><img loading=\"lazy\" decoding=\"async\" width=\"150\" height=\"150\" src=\"https:\/\/www.padreydecano.com\/cms\/wp-content\/uploads\/2020\/07\/WhatsApp-Image-2020-07-13-at-9.49.09-AM-150x150.jpeg\" class=\"attachment-thumbnail size-thumbnail\" alt=\"\" srcset=\"https:\/\/www.padreydecano.com\/cms\/wp-content\/uploads\/2020\/07\/WhatsApp-Image-2020-07-13-at-9.49.09-AM-150x150.jpeg 150w, https:\/\/www.padreydecano.com\/cms\/wp-content\/uploads\/2020\/07\/WhatsApp-Image-2020-07-13-at-9.49.09-AM-36x36.jpeg 36w\" sizes=\"(max-width: 150px) 100vw, 150px\" \/><\/a>\n\t\t\t<\/dt><\/dl><br style=\"clear: both\" \/>\n\t\t<\/div>\n\n<div class=\"user-wrapper\"><a class=\"userlink\" href=\"https:\/\/twitter.com\/PenarolPapa\" target=\"_blank\"><figure><img decoding=\"async\" src=\"http:\/\/www.padreydecano.com\/cms\/wp-users-files\/postfirmas\/penarolpapa.jpg\" \/><\/figure><p class=\"user\"><strong>Fernando Gonz\u00e1lez<\/strong><br \/>@PenarolPapa<\/p><\/a><\/div>\n","protected":false},"excerpt":{"rendered":"<p>Un d\u00eda como hoy, pero hace 90 a\u00f1os, nuestro field de Pocitos era testigo del primer gol en la historia de los mundiales, en el partido inaugural de los mismos. Una cancha m\u00e1gica para Pe\u00f1arol, para el f\u00fatbol uruguayo y para todo el mundo deportivo. El m\u00edtico escenario mirasol tuvo una vida ef\u00edmera pero de [&hellip;]<\/p>\n","protected":false},"author":3,"featured_media":74063,"comment_status":"open","ping_status":"closed","sticky":false,"template":"","format":"standard","meta":{"footnotes":""},"categories":[1],"tags":[],"yoast_head":"<!-- This site is optimized with the Yoast SEO plugin v23.2 - https:\/\/yoast.com\/wordpress\/plugins\/seo\/ -->\n<title>Pocitos: el primer estadio mundialista - Padre y Decano - El Sitio del Pueblo<\/title>\n<meta name=\"robots\" content=\"index, follow, max-snippet:-1, max-image-preview:large, max-video-preview:-1\" \/>\n<link rel=\"canonical\" href=\"https:\/\/www.padreydecano.com\/cms\/noticias\/pocitos-el-primer-estadio-mundialista\/\" \/>\n<meta property=\"og:locale\" content=\"es_ES\" \/>\n<meta property=\"og:type\" content=\"article\" \/>\n<meta property=\"og:title\" content=\"Pocitos: el primer estadio mundialista - Padre y Decano - El Sitio del Pueblo\" \/>\n<meta property=\"og:description\" content=\"Un d\u00eda como hoy, pero hace 90 a\u00f1os, nuestro field de Pocitos era testigo del primer gol en la historia de los mundiales, en el partido inaugural de los mismos. Una cancha m\u00e1gica para Pe\u00f1arol, para el f\u00fatbol uruguayo y para todo el mundo deportivo. El m\u00edtico escenario mirasol tuvo una vida ef\u00edmera pero de [&hellip;]\" \/>\n<meta property=\"og:url\" content=\"https:\/\/www.padreydecano.com\/cms\/noticias\/pocitos-el-primer-estadio-mundialista\/\" \/>\n<meta property=\"og:site_name\" content=\"Padre y Decano - El Sitio del Pueblo\" \/>\n<meta property=\"article:published_time\" content=\"2020-07-13T13:02:42+00:00\" \/>\n<meta property=\"og:image\" content=\"https:\/\/www.padreydecano.com\/cms\/wp-content\/uploads\/2020\/07\/WhatsApp-Image-2020-07-13-at-3.22.46-AM.jpeg\" \/>\n\t<meta property=\"og:image:width\" content=\"480\" \/>\n\t<meta property=\"og:image:height\" content=\"307\" \/>\n\t<meta property=\"og:image:type\" content=\"image\/jpeg\" \/>\n<meta name=\"author\" content=\"1891\" \/>\n<meta name=\"twitter:card\" content=\"summary_large_image\" \/>\n<meta name=\"twitter:label1\" content=\"Escrito por\" \/>\n\t<meta name=\"twitter:data1\" content=\"1891\" \/>\n\t<meta name=\"twitter:label2\" content=\"Tiempo de lectura\" \/>\n\t<meta name=\"twitter:data2\" content=\"3 minutos\" \/>\n<script type=\"application\/ld+json\" class=\"yoast-schema-graph\">{\"@context\":\"https:\/\/schema.org\",\"@graph\":[{\"@type\":\"Article\",\"@id\":\"https:\/\/www.padreydecano.com\/cms\/noticias\/pocitos-el-primer-estadio-mundialista\/#article\",\"isPartOf\":{\"@id\":\"https:\/\/www.padreydecano.com\/cms\/noticias\/pocitos-el-primer-estadio-mundialista\/\"},\"author\":{\"name\":\"1891\",\"@id\":\"https:\/\/www.padreydecano.com\/cms\/#\/schema\/person\/5607c72c38a1537a151b24d1e67535e0\"},\"headline\":\"Pocitos: el primer estadio mundialista\",\"datePublished\":\"2020-07-13T13:02:42+00:00\",\"dateModified\":\"2020-07-13T13:02:42+00:00\",\"mainEntityOfPage\":{\"@id\":\"https:\/\/www.padreydecano.com\/cms\/noticias\/pocitos-el-primer-estadio-mundialista\/\"},\"wordCount\":527,\"commentCount\":0,\"publisher\":{\"@id\":\"https:\/\/www.padreydecano.com\/cms\/#organization\"},\"image\":{\"@id\":\"https:\/\/www.padreydecano.com\/cms\/noticias\/pocitos-el-primer-estadio-mundialista\/#primaryimage\"},\"thumbnailUrl\":\"https:\/\/www.padreydecano.com\/cms\/wp-content\/uploads\/2020\/07\/WhatsApp-Image-2020-07-13-at-3.22.46-AM.jpeg\",\"articleSection\":[\"Noticias\"],\"inLanguage\":\"es\",\"potentialAction\":[{\"@type\":\"CommentAction\",\"name\":\"Comment\",\"target\":[\"https:\/\/www.padreydecano.com\/cms\/noticias\/pocitos-el-primer-estadio-mundialista\/#respond\"]}]},{\"@type\":\"WebPage\",\"@id\":\"https:\/\/www.padreydecano.com\/cms\/noticias\/pocitos-el-primer-estadio-mundialista\/\",\"url\":\"https:\/\/www.padreydecano.com\/cms\/noticias\/pocitos-el-primer-estadio-mundialista\/\",\"name\":\"Pocitos: el primer estadio mundialista - Padre y Decano - El Sitio del Pueblo\",\"isPartOf\":{\"@id\":\"https:\/\/www.padreydecano.com\/cms\/#website\"},\"primaryImageOfPage\":{\"@id\":\"https:\/\/www.padreydecano.com\/cms\/noticias\/pocitos-el-primer-estadio-mundialista\/#primaryimage\"},\"image\":{\"@id\":\"https:\/\/www.padreydecano.com\/cms\/noticias\/pocitos-el-primer-estadio-mundialista\/#primaryimage\"},\"thumbnailUrl\":\"https:\/\/www.padreydecano.com\/cms\/wp-content\/uploads\/2020\/07\/WhatsApp-Image-2020-07-13-at-3.22.46-AM.jpeg\",\"datePublished\":\"2020-07-13T13:02:42+00:00\",\"dateModified\":\"2020-07-13T13:02:42+00:00\",\"breadcrumb\":{\"@id\":\"https:\/\/www.padreydecano.com\/cms\/noticias\/pocitos-el-primer-estadio-mundialista\/#breadcrumb\"},\"inLanguage\":\"es\",\"potentialAction\":[{\"@type\":\"ReadAction\",\"target\":[\"https:\/\/www.padreydecano.com\/cms\/noticias\/pocitos-el-primer-estadio-mundialista\/\"]}]},{\"@type\":\"ImageObject\",\"inLanguage\":\"es\",\"@id\":\"https:\/\/www.padreydecano.com\/cms\/noticias\/pocitos-el-primer-estadio-mundialista\/#primaryimage\",\"url\":\"https:\/\/www.padreydecano.com\/cms\/wp-content\/uploads\/2020\/07\/WhatsApp-Image-2020-07-13-at-3.22.46-AM.jpeg\",\"contentUrl\":\"https:\/\/www.padreydecano.com\/cms\/wp-content\/uploads\/2020\/07\/WhatsApp-Image-2020-07-13-at-3.22.46-AM.jpeg\",\"width\":480,\"height\":307},{\"@type\":\"BreadcrumbList\",\"@id\":\"https:\/\/www.padreydecano.com\/cms\/noticias\/pocitos-el-primer-estadio-mundialista\/#breadcrumb\",\"itemListElement\":[{\"@type\":\"ListItem\",\"position\":1,\"name\":\"Portada\",\"item\":\"https:\/\/www.padreydecano.com\/cms\/\"},{\"@type\":\"ListItem\",\"position\":2,\"name\":\"Pocitos: el primer estadio mundialista\"}]},{\"@type\":\"WebSite\",\"@id\":\"https:\/\/www.padreydecano.com\/cms\/#website\",\"url\":\"https:\/\/www.padreydecano.com\/cms\/\",\"name\":\"Padre y Decano - El Sitio del Pueblo\",\"description\":\"Club Atl\u00e9tico Pe\u00f1arol\",\"publisher\":{\"@id\":\"https:\/\/www.padreydecano.com\/cms\/#organization\"},\"potentialAction\":[{\"@type\":\"SearchAction\",\"target\":{\"@type\":\"EntryPoint\",\"urlTemplate\":\"https:\/\/www.padreydecano.com\/cms\/?s={search_term_string}\"},\"query-input\":\"required name=search_term_string\"}],\"inLanguage\":\"es\"},{\"@type\":\"Organization\",\"@id\":\"https:\/\/www.padreydecano.com\/cms\/#organization\",\"name\":\"Padre y Decano\",\"url\":\"https:\/\/www.padreydecano.com\/cms\/\",\"logo\":{\"@type\":\"ImageObject\",\"inLanguage\":\"es\",\"@id\":\"https:\/\/www.padreydecano.com\/cms\/#\/schema\/logo\/image\/\",\"url\":\"https:\/\/www.padreydecano.com\/cms\/wp-content\/uploads\/2022\/01\/avatar-square.png\",\"contentUrl\":\"https:\/\/www.padreydecano.com\/cms\/wp-content\/uploads\/2022\/01\/avatar-square.png\",\"width\":1500,\"height\":1500,\"caption\":\"Padre y Decano\"},\"image\":{\"@id\":\"https:\/\/www.padreydecano.com\/cms\/#\/schema\/logo\/image\/\"}},{\"@type\":\"Person\",\"@id\":\"https:\/\/www.padreydecano.com\/cms\/#\/schema\/person\/5607c72c38a1537a151b24d1e67535e0\",\"name\":\"1891\",\"image\":{\"@type\":\"ImageObject\",\"inLanguage\":\"es\",\"@id\":\"https:\/\/www.padreydecano.com\/cms\/#\/schema\/person\/image\/\",\"url\":\"https:\/\/secure.gravatar.com\/avatar\/29d4d1b0d523a21898e8cf9585d259d3?s=96&d=https%3A%2F%2Fpadreydecano.com%2Fcms%2Fwp-content%2Fthemes%2Fpyd-theme%2Fimg%2Fdefault-avatar.png&r=g\",\"contentUrl\":\"https:\/\/secure.gravatar.com\/avatar\/29d4d1b0d523a21898e8cf9585d259d3?s=96&d=https%3A%2F%2Fpadreydecano.com%2Fcms%2Fwp-content%2Fthemes%2Fpyd-theme%2Fimg%2Fdefault-avatar.png&r=g\",\"caption\":\"1891\"}}]}<\/script>\n<!-- \/ Yoast SEO plugin. -->","yoast_head_json":{"title":"Pocitos: el primer estadio mundialista - Padre y Decano - El Sitio del Pueblo","robots":{"index":"index","follow":"follow","max-snippet":"max-snippet:-1","max-image-preview":"max-image-preview:large","max-video-preview":"max-video-preview:-1"},"canonical":"https:\/\/www.padreydecano.com\/cms\/noticias\/pocitos-el-primer-estadio-mundialista\/","og_locale":"es_ES","og_type":"article","og_title":"Pocitos: el primer estadio mundialista - Padre y Decano - El Sitio del Pueblo","og_description":"Un d\u00eda como hoy, pero hace 90 a\u00f1os, nuestro field de Pocitos era testigo del primer gol en la historia de los mundiales, en el partido inaugural de los mismos. Una cancha m\u00e1gica para Pe\u00f1arol, para el f\u00fatbol uruguayo y para todo el mundo deportivo. El m\u00edtico escenario mirasol tuvo una vida ef\u00edmera pero de [&hellip;]","og_url":"https:\/\/www.padreydecano.com\/cms\/noticias\/pocitos-el-primer-estadio-mundialista\/","og_site_name":"Padre y Decano - El Sitio del Pueblo","article_published_time":"2020-07-13T13:02:42+00:00","og_image":[{"width":480,"height":307,"url":"https:\/\/www.padreydecano.com\/cms\/wp-content\/uploads\/2020\/07\/WhatsApp-Image-2020-07-13-at-3.22.46-AM.jpeg","type":"image\/jpeg"}],"author":"1891","twitter_card":"summary_large_image","twitter_misc":{"Escrito por":"1891","Tiempo de lectura":"3 minutos"},"schema":{"@context":"https:\/\/schema.org","@graph":[{"@type":"Article","@id":"https:\/\/www.padreydecano.com\/cms\/noticias\/pocitos-el-primer-estadio-mundialista\/#article","isPartOf":{"@id":"https:\/\/www.padreydecano.com\/cms\/noticias\/pocitos-el-primer-estadio-mundialista\/"},"author":{"name":"1891","@id":"https:\/\/www.padreydecano.com\/cms\/#\/schema\/person\/5607c72c38a1537a151b24d1e67535e0"},"headline":"Pocitos: el primer estadio mundialista","datePublished":"2020-07-13T13:02:42+00:00","dateModified":"2020-07-13T13:02:42+00:00","mainEntityOfPage":{"@id":"https:\/\/www.padreydecano.com\/cms\/noticias\/pocitos-el-primer-estadio-mundialista\/"},"wordCount":527,"commentCount":0,"publisher":{"@id":"https:\/\/www.padreydecano.com\/cms\/#organization"},"image":{"@id":"https:\/\/www.padreydecano.com\/cms\/noticias\/pocitos-el-primer-estadio-mundialista\/#primaryimage"},"thumbnailUrl":"https:\/\/www.padreydecano.com\/cms\/wp-content\/uploads\/2020\/07\/WhatsApp-Image-2020-07-13-at-3.22.46-AM.jpeg","articleSection":["Noticias"],"inLanguage":"es","potentialAction":[{"@type":"CommentAction","name":"Comment","target":["https:\/\/www.padreydecano.com\/cms\/noticias\/pocitos-el-primer-estadio-mundialista\/#respond"]}]},{"@type":"WebPage","@id":"https:\/\/www.padreydecano.com\/cms\/noticias\/pocitos-el-primer-estadio-mundialista\/","url":"https:\/\/www.padreydecano.com\/cms\/noticias\/pocitos-el-primer-estadio-mundialista\/","name":"Pocitos: el primer estadio mundialista - Padre y Decano - El Sitio del Pueblo","isPartOf":{"@id":"https:\/\/www.padreydecano.com\/cms\/#website"},"primaryImageOfPage":{"@id":"https:\/\/www.padreydecano.com\/cms\/noticias\/pocitos-el-primer-estadio-mundialista\/#primaryimage"},"image":{"@id":"https:\/\/www.padreydecano.com\/cms\/noticias\/pocitos-el-primer-estadio-mundialista\/#primaryimage"},"thumbnailUrl":"https:\/\/www.padreydecano.com\/cms\/wp-content\/uploads\/2020\/07\/WhatsApp-Image-2020-07-13-at-3.22.46-AM.jpeg","datePublished":"2020-07-13T13:02:42+00:00","dateModified":"2020-07-13T13:02:42+00:00","breadcrumb":{"@id":"https:\/\/www.padreydecano.com\/cms\/noticias\/pocitos-el-primer-estadio-mundialista\/#breadcrumb"},"inLanguage":"es","potentialAction":[{"@type":"ReadAction","target":["https:\/\/www.padreydecano.com\/cms\/noticias\/pocitos-el-primer-estadio-mundialista\/"]}]},{"@type":"ImageObject","inLanguage":"es","@id":"https:\/\/www.padreydecano.com\/cms\/noticias\/pocitos-el-primer-estadio-mundialista\/#primaryimage","url":"https:\/\/www.padreydecano.com\/cms\/wp-content\/uploads\/2020\/07\/WhatsApp-Image-2020-07-13-at-3.22.46-AM.jpeg","contentUrl":"https:\/\/www.padreydecano.com\/cms\/wp-content\/uploads\/2020\/07\/WhatsApp-Image-2020-07-13-at-3.22.46-AM.jpeg","width":480,"height":307},{"@type":"BreadcrumbList","@id":"https:\/\/www.padreydecano.com\/cms\/noticias\/pocitos-el-primer-estadio-mundialista\/#breadcrumb","itemListElement":[{"@type":"ListItem","position":1,"name":"Portada","item":"https:\/\/www.padreydecano.com\/cms\/"},{"@type":"ListItem","position":2,"name":"Pocitos: el primer estadio mundialista"}]},{"@type":"WebSite","@id":"https:\/\/www.padreydecano.com\/cms\/#website","url":"https:\/\/www.padreydecano.com\/cms\/","name":"Padre y Decano - El Sitio del Pueblo","description":"Club Atl\u00e9tico Pe\u00f1arol","publisher":{"@id":"https:\/\/www.padreydecano.com\/cms\/#organization"},"potentialAction":[{"@type":"SearchAction","target":{"@type":"EntryPoint","urlTemplate":"https:\/\/www.padreydecano.com\/cms\/?s={search_term_string}"},"query-input":"required name=search_term_string"}],"inLanguage":"es"},{"@type":"Organization","@id":"https:\/\/www.padreydecano.com\/cms\/#organization","name":"Padre y Decano","url":"https:\/\/www.padreydecano.com\/cms\/","logo":{"@type":"ImageObject","inLanguage":"es","@id":"https:\/\/www.padreydecano.com\/cms\/#\/schema\/logo\/image\/","url":"https:\/\/www.padreydecano.com\/cms\/wp-content\/uploads\/2022\/01\/avatar-square.png","contentUrl":"https:\/\/www.padreydecano.com\/cms\/wp-content\/uploads\/2022\/01\/avatar-square.png","width":1500,"height":1500,"caption":"Padre y Decano"},"image":{"@id":"https:\/\/www.padreydecano.com\/cms\/#\/schema\/logo\/image\/"}},{"@type":"Person","@id":"https:\/\/www.padreydecano.com\/cms\/#\/schema\/person\/5607c72c38a1537a151b24d1e67535e0","name":"1891","image":{"@type":"ImageObject","inLanguage":"es","@id":"https:\/\/www.padreydecano.com\/cms\/#\/schema\/person\/image\/","url":"https:\/\/secure.gravatar.com\/avatar\/29d4d1b0d523a21898e8cf9585d259d3?s=96&d=https%3A%2F%2Fpadreydecano.com%2Fcms%2Fwp-content%2Fthemes%2Fpyd-theme%2Fimg%2Fdefault-avatar.png&r=g","contentUrl":"https:\/\/secure.gravatar.com\/avatar\/29d4d1b0d523a21898e8cf9585d259d3?s=96&d=https%3A%2F%2Fpadreydecano.com%2Fcms%2Fwp-content%2Fthemes%2Fpyd-theme%2Fimg%2Fdefault-avatar.png&r=g","caption":"1891"}}]}},"_links":{"self":[{"href":"https:\/\/www.padreydecano.com\/cms\/wp-json\/wp\/v2\/posts\/74056"}],"collection":[{"href":"https:\/\/www.padreydecano.com\/cms\/wp-json\/wp\/v2\/posts"}],"about":[{"href":"https:\/\/www.padreydecano.com\/cms\/wp-json\/wp\/v2\/types\/post"}],"author":[{"embeddable":true,"href":"https:\/\/www.padreydecano.com\/cms\/wp-json\/wp\/v2\/users\/3"}],"replies":[{"embeddable":true,"href":"https:\/\/www.padreydecano.com\/cms\/wp-json\/wp\/v2\/comments?post=74056"}],"version-history":[{"count":0,"href":"https:\/\/www.padreydecano.com\/cms\/wp-json\/wp\/v2\/posts\/74056\/revisions"}],"wp:featuredmedia":[{"embeddable":true,"href":"https:\/\/www.padreydecano.com\/cms\/wp-json\/wp\/v2\/media\/74063"}],"wp:attachment":[{"href":"https:\/\/www.padreydecano.com\/cms\/wp-json\/wp\/v2\/media?parent=74056"}],"wp:term":[{"taxonomy":"category","embeddable":true,"href":"https:\/\/www.padreydecano.com\/cms\/wp-json\/wp\/v2\/categories?post=74056"},{"taxonomy":"post_tag","embeddable":true,"href":"https:\/\/www.padreydecano.com\/cms\/wp-json\/wp\/v2\/tags?post=74056"}],"curies":[{"name":"wp","href":"https:\/\/api.w.org\/{rel}","templated":true}]}}