{"id":73789,"date":"2020-03-08T13:05:16","date_gmt":"2020-03-08T16:05:16","guid":{"rendered":"http:\/\/www.padreydecano.com\/cms\/?p=73789"},"modified":"2020-03-08T13:39:05","modified_gmt":"2020-03-08T16:39:05","slug":"un-barco-sin-capitan","status":"publish","type":"post","link":"https:\/\/www.padreydecano.com\/cms\/noticias\/un-barco-sin-capitan\/","title":{"rendered":"Un barco sin capit\u00e1n"},"content":{"rendered":"<p><img loading=\"lazy\" decoding=\"async\" class=\"aligncenter size-full wp-image-73790\" src=\"https:\/\/www.padreydecano.com\/cms\/wp-content\/uploads\/2020\/03\/WhatsApp-Image-2020-03-07-at-9.54.01-PM.jpeg\" alt=\"\" width=\"1600\" height=\"1066\" srcset=\"https:\/\/www.padreydecano.com\/cms\/wp-content\/uploads\/2020\/03\/WhatsApp-Image-2020-03-07-at-9.54.01-PM.jpeg 1600w, https:\/\/www.padreydecano.com\/cms\/wp-content\/uploads\/2020\/03\/WhatsApp-Image-2020-03-07-at-9.54.01-PM-600x400.jpeg 600w, https:\/\/www.padreydecano.com\/cms\/wp-content\/uploads\/2020\/03\/WhatsApp-Image-2020-03-07-at-9.54.01-PM-768x512.jpeg 768w, https:\/\/www.padreydecano.com\/cms\/wp-content\/uploads\/2020\/03\/WhatsApp-Image-2020-03-07-at-9.54.01-PM-1024x682.jpeg 1024w\" sizes=\"(max-width: 1600px) 100vw, 1600px\" \/><\/p>\n<p style=\"text-align: justify;\"><strong>Los l\u00edderes son fundamentales en cualquier organizaci\u00f3n, y los equipos de f\u00fatbol no son la excepci\u00f3n. Durante 2 a\u00f1os, los referentes de Pe\u00f1arol estuvieron a un nivel alt\u00edstimo y guiaron a sus compa\u00f1eros a conquistar un bicampeonato. En el 2019 comenzaron a lesionarse, a enfrentarse con los hinchas y a mirar los partidos desde afuera. El resultado era esperable: Pe\u00f1arol perdi\u00f3 el tricampeonato m\u00e1s f\u00e1cil de la historia. Ayer, Cristian Rodr\u00edguez, despu\u00e9s de 14 meses de estar en un nivel y en un estado f\u00edsico paup\u00e9rrimos &#8211; los cuales mantiene -, convirti\u00f3 un gol de penal y fue a gritarselo a la Tribuna Damiani, al grito de \u00abgordo la p&#8230;\u00bb, seg\u00fan aseguran hinchas que se encontraban en ese sector. Se gan\u00f3 la amarilla y la reprobaci\u00f3n de la gran mayor\u00eda de los aurinegros.<\/strong><\/p>\n<p style=\"text-align: justify;\">Cristian Rodr\u00edguez, o el &#8216;Cebolla&#8217; como lo conoce todo el mundo, hizo las formativas en Pe\u00f1arol y<strong> debut\u00f3 en primera el 18\/8\/2002.<\/strong> Aquella tarde, Pe\u00f1arol venci\u00f3 a Villa Espa\u00f1ola 4 a 0 con goles de Daniel &#8216;Miliki&#8217; Jim\u00e9nez (x2), Fabi\u00e1n Canobbio y Pablo Bengoechea. El joven de Juan Lacaze ingres\u00f3 en el segundo tiempo por Fabi\u00e1n Estoyanoff, sin haber cumplido a\u00fan los 17 a\u00f1os. <strong>R\u00e1pidamente se gan\u00f3 un puesto en el equipo y se transform\u00f3 en la mayor promesa del club.<\/strong> En el 2003 conquist\u00f3 el Campeonato Uruguayo, siendo titular y una de las figuras fundamentales, venciendo a Nacional en la disputa por el t\u00edtulo, y gan\u00e1ndose el cari\u00f1o de la hinchada.<\/p>\n<p style=\"text-align: justify;\">Los problemas comenzaron a mediados del a\u00f1o 2004. <strong>Pe\u00f1arol pretend\u00eda vender a Carlos Bueno al M\u00f3naco por U$S 3.000.000, sin que Francisco &#8216;Paco&#8217; Casal, su representante, participara del negocio.<\/strong> Finalmente, esto no se concret\u00f3, <strong>ya que el jugador declar\u00f3 que si en las condiciones de la negociaci\u00f3n no figuraba Casal, \u00e9l no se iba.<\/strong> &#8216;Paco&#8217; ofert\u00f3 entonces 4 millones por Bueno, Rodr\u00edguez y Bizera, a quienes Pe\u00f1arol ten\u00eda tasados en una cifra cercana a los U$S 7.000.000.<\/p>\n<p style=\"text-align: justify;\">Despu\u00e9s de muchos idas y vueltas, y con los jugadores siempre velando por los intereses de su representante,<strong> los tres futbolistas decidieron no renovar su v\u00ednculo con el club y ser transferidos por Casal, sin dejarle plata a la instituci\u00f3n que los form\u00f3.<\/strong> La dirigencia aurinegra, que hay que aclarar que tampoco fue una luz en la negociaci\u00f3n, les ofreci\u00f3 un aumento del sueldo de casi el 20 %, realizando un esfuerzo bastante grande para la situaci\u00f3n econ\u00f3mica de aquella \u00e9poca, y los jugadores pidieron un salario casi del doble de lo que ofrec\u00eda Pe\u00f1arol, seg\u00fan lo que indican las cr\u00f3nicas de aquellos tiempos. <em><strong>\u201cPodemos estar dos a\u00f1os sin jugar y el que va a perder plata es Pe\u00f1arol. Yo arrancar\u00e9 de cero pero con los dos bolsillos llenos\u00bb <\/strong><\/em>y<strong> <em>\u201cLe dije a Paco que la plata que Pe\u00f1arol iba a cobrar por m\u00ed, se la donara a los hospitales. No quiero que toquen un peso de m\u00ed\u201c<\/em><\/strong><em>\u00a0<\/em>fueron <strong><a href=\"https:\/\/www.padreydecano.com\/cms\/columnas\/las-palabras-se-las-lleva-el-viento\/\">dos frases c\u00e9lebres de Carlos Bueno,<\/a><\/strong> que inexplicablemente a\u00fan es \u00eddolo de mucha gente.<\/p>\n<p style=\"text-align: justify;\">Finalmente, fueron declarados en rebeld\u00eda promediando el a\u00f1o 2005. Bueno y Rodr\u00edguez se fueron al PSG franc\u00e9s, y Bizera al Cagliari. <strong>Pe\u00f1arol no vio un peso, y se hundi\u00f3 en una crisis deportiva e institucional enorme.<\/strong><\/p>\n<p style=\"text-align: justify;\">Como opini\u00f3n totalmente personal, que s\u00e9 que en general no es compartida,<strong> ese deber\u00eda haber sido el fin de los 3 futbolistas en Pe\u00f1arol.<\/strong> Ninguno merec\u00eda volver a vestir la camiseta m\u00e1s gloriosa del pa\u00eds, la cual escupieron sin ning\u00fan pudor. Sin embargo, Bueno retorn\u00f3 en 2008 y Bizera en 2013, por lo que era de esperar que tambi\u00e9n lo hiciera Rodr\u00edguez, que de \u00faltima era el m\u00e1s joven en aquella \u00e9poca y el que menos declaraciones realiz\u00f3. En una entrevista en 2015 <strong><a href=\"https:\/\/www.montevideo.com.uy\/Noticias\/Sere-Curioso-Cristian-Rodriguez-uc270785\">declar\u00f3 no estar arrepentido de lo sucedido,<\/a><\/strong>\u00a0y que quienes se lo echaban en cara no entend\u00edan nada de f\u00fatbol.<\/p>\n<p style=\"text-align: justify;\">En el 2017 lleg\u00f3 de Independiente de Argentina, donde hab\u00eda pasado m\u00e1s tiempo en sanidad que en la cancha, y generaba bastantes dudas de si en Pe\u00f1arol iba a suceder lo mismo. <strong>Y hay que decirlo, tap\u00f3 much\u00edsimas bocas &#8211; la m\u00eda inclu\u00edda -, jug\u00f3 a gran nivel durante dos a\u00f1os y fue la figura indiscutida del bicampeonato 2017 &#8211; 2018, con la cinta de capit\u00e1n puesta y con 5 goles cl\u00e1sicos inclu\u00eddos.<\/strong> Era pr\u00e1cticamente imposible no perdonarle el error del 2005, y hasta hab\u00eda generado cr\u00e9dito extra. Sin embargo, \u00e9l mismo se encarg\u00f3 de tirar todo eso a la basura.<\/p>\n<p style=\"text-align: justify;\">El 2019 y lo que va del 2020 fueron <strong>una sucesi\u00f3n de malos rendimientos, poco cuidado del f\u00edsico y faltas de respeto a la hinchada.<\/strong> Podemos comenzar diciendo que siendo el sueldo m\u00e1s alto del plantel, <strong>disput\u00f3 menos del 40 % de los minutos por competencias oficiales.<\/strong> Junto a Walter Gargano,\u00a0<strong>fue el jugador que m\u00e1s veces se lesion\u00f3:<\/strong> 10. Muchas otras veces se lo cuid\u00f3 en lo f\u00edsico, para llegar en mejores condiciones a otro partido, en el cual tampoco rindi\u00f3. Previo al Torneo Intermedio 2019, Pe\u00f1arol realiz\u00f3 una pretemporada en Miami. La segunda mitad del mencionado campeonato, Rodr\u00edguez se lo perdi\u00f3 porque deb\u00eda realizar un reacondiciamiento f\u00edsico. Inentendible. Para peor, cuando volvi\u00f3, golpe\u00f3 un vidrio enojado tras una derrota frenta a Nacional, se cort\u00f3 la mano y volvi\u00f3 a perderse un encuentro. <strong>Cada partido decisivo, encontr\u00f3 al capit\u00e1n fuera de la cancha.<\/strong><\/p>\n<p style=\"text-align: justify;\">Fuera del terreno de juego, la esencia de sus declaraciones es que los hinchas de verdad son los que lo respaldan, tal como expres\u00f3 en la presentaci\u00f3n de su libro. Hace algunas semanas, en su Instagram public\u00f3 que aunque muchos perdieron la fe, el cari\u00f1o y el respeto por \u00e9l, nadie le iba a robar su sue\u00f1o, y que era \u00abcontra todos\u00bb. Frente a Boston River, por la s\u00e9ptima fecha del Clausura 2019, Pe\u00f1arol gan\u00f3 1 a 0 con un gol suyo, y al retirarse salud\u00f3 \u00fanicamente a la Tribuna Cataldi.<\/p>\n<p style=\"text-align: justify;\"><strong>La actitud de ayer fue la gota que rebals\u00f3 el vaso.<\/strong> Luego de perderse el debut por el Uruguayo por lesi\u00f3n, jugar muy mal frente a Defensor y ver la derrota frente a Atl\u00e9tico Paranaense desde el banco, ayer ingres\u00f3 y volvi\u00f3 a jugar muy mal. Sin embargo, convirti\u00f3 un gol de penal y se dirigi\u00f3 corriendo hacia la Tribuna Damiani <strong>vociferando, haciendo gestos y mostrando los abdominales.<\/strong> Penosa actitud de un capit\u00e1n que viene dejando el barco a la deriva seguido. Deber\u00eda al menos tener un poco de autocr\u00edtica y permanecer callado. Danubio ten\u00eda 0 puntos en el campeonato, y unos minutos despu\u00e9s del festejo desaforado de Rodr\u00edguez, empat\u00f3 el encuentro. Quiz\u00e1s no fue la mejor oportunidad para tomarse revancha y &#8216;tapar bocas&#8217;.<\/p>\n<p style=\"text-align: justify;\">Jugadores que conquistaron 3 Campeonatos Uruguayos, hay much\u00edsimos en la historia de Pe\u00f1arol. Algunos son queridos, y muchos otros nadie los recuerda positivamente. <strong>Siguiendo por este camino, Cristian Rodr\u00edguez est\u00e1 en v\u00edas de ser uno de estos \u00faltimos.<\/strong><\/p>\n<div class=\"user-wrapper\"><a class=\"userlink\" href=\"https:\/\/twitter.com\/brunocurcc\" target=\"_blank\"><figure><img decoding=\"async\" src=\"http:\/\/www.padreydecano.com\/cms\/wp-users-files\/postfirmas\/brunocurcc.jpg\" \/><\/figure><p class=\"user\"><strong>Bruno Mazza<\/strong><br \/>@brunocurcc<\/p><\/a><\/div>\n","protected":false},"excerpt":{"rendered":"<p>Los l\u00edderes son fundamentales en cualquier organizaci\u00f3n, y los equipos de f\u00fatbol no son la excepci\u00f3n. Durante 2 a\u00f1os, los referentes de Pe\u00f1arol estuvieron a un nivel alt\u00edstimo y guiaron a sus compa\u00f1eros a conquistar un bicampeonato. En el 2019 comenzaron a lesionarse, a enfrentarse con los hinchas y a mirar los partidos desde afuera. [&hellip;]<\/p>\n","protected":false},"author":3,"featured_media":73790,"comment_status":"open","ping_status":"closed","sticky":false,"template":"","format":"standard","meta":{"footnotes":""},"categories":[28,1],"tags":[],"yoast_head":"<!-- This site is optimized with the Yoast SEO plugin v23.2 - https:\/\/yoast.com\/wordpress\/plugins\/seo\/ -->\n<title>Un barco sin capit\u00e1n - Padre y Decano - El Sitio del Pueblo<\/title>\n<meta name=\"robots\" content=\"index, follow, max-snippet:-1, max-image-preview:large, max-video-preview:-1\" \/>\n<link rel=\"canonical\" href=\"https:\/\/www.padreydecano.com\/cms\/noticias\/un-barco-sin-capitan\/\" \/>\n<meta property=\"og:locale\" content=\"es_ES\" \/>\n<meta property=\"og:type\" content=\"article\" \/>\n<meta property=\"og:title\" content=\"Un barco sin capit\u00e1n - Padre y Decano - El Sitio del Pueblo\" \/>\n<meta property=\"og:description\" content=\"Los l\u00edderes son fundamentales en cualquier organizaci\u00f3n, y los equipos de f\u00fatbol no son la excepci\u00f3n. Durante 2 a\u00f1os, los referentes de Pe\u00f1arol estuvieron a un nivel alt\u00edstimo y guiaron a sus compa\u00f1eros a conquistar un bicampeonato. En el 2019 comenzaron a lesionarse, a enfrentarse con los hinchas y a mirar los partidos desde afuera. [&hellip;]\" \/>\n<meta property=\"og:url\" content=\"https:\/\/www.padreydecano.com\/cms\/noticias\/un-barco-sin-capitan\/\" \/>\n<meta property=\"og:site_name\" content=\"Padre y Decano - El Sitio del Pueblo\" \/>\n<meta property=\"article:published_time\" content=\"2020-03-08T16:05:16+00:00\" \/>\n<meta property=\"article:modified_time\" content=\"2020-03-08T16:39:05+00:00\" \/>\n<meta property=\"og:image\" content=\"https:\/\/www.padreydecano.com\/cms\/wp-content\/uploads\/2020\/03\/WhatsApp-Image-2020-03-07-at-9.54.01-PM.jpeg\" \/>\n\t<meta property=\"og:image:width\" content=\"1600\" \/>\n\t<meta property=\"og:image:height\" content=\"1066\" \/>\n\t<meta property=\"og:image:type\" content=\"image\/jpeg\" \/>\n<meta name=\"author\" content=\"1891\" \/>\n<meta name=\"twitter:card\" content=\"summary_large_image\" \/>\n<meta name=\"twitter:label1\" content=\"Escrito por\" \/>\n\t<meta name=\"twitter:data1\" content=\"1891\" \/>\n\t<meta name=\"twitter:label2\" content=\"Tiempo de lectura\" \/>\n\t<meta name=\"twitter:data2\" content=\"6 minutos\" \/>\n<script type=\"application\/ld+json\" class=\"yoast-schema-graph\">{\"@context\":\"https:\/\/schema.org\",\"@graph\":[{\"@type\":\"Article\",\"@id\":\"https:\/\/www.padreydecano.com\/cms\/noticias\/un-barco-sin-capitan\/#article\",\"isPartOf\":{\"@id\":\"https:\/\/www.padreydecano.com\/cms\/noticias\/un-barco-sin-capitan\/\"},\"author\":{\"name\":\"1891\",\"@id\":\"https:\/\/www.padreydecano.com\/cms\/#\/schema\/person\/5607c72c38a1537a151b24d1e67535e0\"},\"headline\":\"Un barco sin capit\u00e1n\",\"datePublished\":\"2020-03-08T16:05:16+00:00\",\"dateModified\":\"2020-03-08T16:39:05+00:00\",\"mainEntityOfPage\":{\"@id\":\"https:\/\/www.padreydecano.com\/cms\/noticias\/un-barco-sin-capitan\/\"},\"wordCount\":1217,\"commentCount\":139,\"publisher\":{\"@id\":\"https:\/\/www.padreydecano.com\/cms\/#organization\"},\"image\":{\"@id\":\"https:\/\/www.padreydecano.com\/cms\/noticias\/un-barco-sin-capitan\/#primaryimage\"},\"thumbnailUrl\":\"https:\/\/www.padreydecano.com\/cms\/wp-content\/uploads\/2020\/03\/WhatsApp-Image-2020-03-07-at-9.54.01-PM.jpeg\",\"articleSection\":[\"Columnas\",\"Noticias\"],\"inLanguage\":\"es\",\"potentialAction\":[{\"@type\":\"CommentAction\",\"name\":\"Comment\",\"target\":[\"https:\/\/www.padreydecano.com\/cms\/noticias\/un-barco-sin-capitan\/#respond\"]}]},{\"@type\":\"WebPage\",\"@id\":\"https:\/\/www.padreydecano.com\/cms\/noticias\/un-barco-sin-capitan\/\",\"url\":\"https:\/\/www.padreydecano.com\/cms\/noticias\/un-barco-sin-capitan\/\",\"name\":\"Un barco sin capit\u00e1n - Padre y Decano - El Sitio del Pueblo\",\"isPartOf\":{\"@id\":\"https:\/\/www.padreydecano.com\/cms\/#website\"},\"primaryImageOfPage\":{\"@id\":\"https:\/\/www.padreydecano.com\/cms\/noticias\/un-barco-sin-capitan\/#primaryimage\"},\"image\":{\"@id\":\"https:\/\/www.padreydecano.com\/cms\/noticias\/un-barco-sin-capitan\/#primaryimage\"},\"thumbnailUrl\":\"https:\/\/www.padreydecano.com\/cms\/wp-content\/uploads\/2020\/03\/WhatsApp-Image-2020-03-07-at-9.54.01-PM.jpeg\",\"datePublished\":\"2020-03-08T16:05:16+00:00\",\"dateModified\":\"2020-03-08T16:39:05+00:00\",\"breadcrumb\":{\"@id\":\"https:\/\/www.padreydecano.com\/cms\/noticias\/un-barco-sin-capitan\/#breadcrumb\"},\"inLanguage\":\"es\",\"potentialAction\":[{\"@type\":\"ReadAction\",\"target\":[\"https:\/\/www.padreydecano.com\/cms\/noticias\/un-barco-sin-capitan\/\"]}]},{\"@type\":\"ImageObject\",\"inLanguage\":\"es\",\"@id\":\"https:\/\/www.padreydecano.com\/cms\/noticias\/un-barco-sin-capitan\/#primaryimage\",\"url\":\"https:\/\/www.padreydecano.com\/cms\/wp-content\/uploads\/2020\/03\/WhatsApp-Image-2020-03-07-at-9.54.01-PM.jpeg\",\"contentUrl\":\"https:\/\/www.padreydecano.com\/cms\/wp-content\/uploads\/2020\/03\/WhatsApp-Image-2020-03-07-at-9.54.01-PM.jpeg\",\"width\":1600,\"height\":1066},{\"@type\":\"BreadcrumbList\",\"@id\":\"https:\/\/www.padreydecano.com\/cms\/noticias\/un-barco-sin-capitan\/#breadcrumb\",\"itemListElement\":[{\"@type\":\"ListItem\",\"position\":1,\"name\":\"Portada\",\"item\":\"https:\/\/www.padreydecano.com\/cms\/\"},{\"@type\":\"ListItem\",\"position\":2,\"name\":\"Un barco sin capit\u00e1n\"}]},{\"@type\":\"WebSite\",\"@id\":\"https:\/\/www.padreydecano.com\/cms\/#website\",\"url\":\"https:\/\/www.padreydecano.com\/cms\/\",\"name\":\"Padre y Decano - El Sitio del Pueblo\",\"description\":\"Club Atl\u00e9tico Pe\u00f1arol\",\"publisher\":{\"@id\":\"https:\/\/www.padreydecano.com\/cms\/#organization\"},\"potentialAction\":[{\"@type\":\"SearchAction\",\"target\":{\"@type\":\"EntryPoint\",\"urlTemplate\":\"https:\/\/www.padreydecano.com\/cms\/?s={search_term_string}\"},\"query-input\":\"required name=search_term_string\"}],\"inLanguage\":\"es\"},{\"@type\":\"Organization\",\"@id\":\"https:\/\/www.padreydecano.com\/cms\/#organization\",\"name\":\"Padre y Decano\",\"url\":\"https:\/\/www.padreydecano.com\/cms\/\",\"logo\":{\"@type\":\"ImageObject\",\"inLanguage\":\"es\",\"@id\":\"https:\/\/www.padreydecano.com\/cms\/#\/schema\/logo\/image\/\",\"url\":\"https:\/\/www.padreydecano.com\/cms\/wp-content\/uploads\/2022\/01\/avatar-square.png\",\"contentUrl\":\"https:\/\/www.padreydecano.com\/cms\/wp-content\/uploads\/2022\/01\/avatar-square.png\",\"width\":1500,\"height\":1500,\"caption\":\"Padre y Decano\"},\"image\":{\"@id\":\"https:\/\/www.padreydecano.com\/cms\/#\/schema\/logo\/image\/\"}},{\"@type\":\"Person\",\"@id\":\"https:\/\/www.padreydecano.com\/cms\/#\/schema\/person\/5607c72c38a1537a151b24d1e67535e0\",\"name\":\"1891\",\"image\":{\"@type\":\"ImageObject\",\"inLanguage\":\"es\",\"@id\":\"https:\/\/www.padreydecano.com\/cms\/#\/schema\/person\/image\/\",\"url\":\"https:\/\/secure.gravatar.com\/avatar\/29d4d1b0d523a21898e8cf9585d259d3?s=96&d=https%3A%2F%2Fpadreydecano.com%2Fcms%2Fwp-content%2Fthemes%2Fpyd-theme%2Fimg%2Fdefault-avatar.png&r=g\",\"contentUrl\":\"https:\/\/secure.gravatar.com\/avatar\/29d4d1b0d523a21898e8cf9585d259d3?s=96&d=https%3A%2F%2Fpadreydecano.com%2Fcms%2Fwp-content%2Fthemes%2Fpyd-theme%2Fimg%2Fdefault-avatar.png&r=g\",\"caption\":\"1891\"}}]}<\/script>\n<!-- \/ Yoast SEO plugin. -->","yoast_head_json":{"title":"Un barco sin capit\u00e1n - Padre y Decano - El Sitio del Pueblo","robots":{"index":"index","follow":"follow","max-snippet":"max-snippet:-1","max-image-preview":"max-image-preview:large","max-video-preview":"max-video-preview:-1"},"canonical":"https:\/\/www.padreydecano.com\/cms\/noticias\/un-barco-sin-capitan\/","og_locale":"es_ES","og_type":"article","og_title":"Un barco sin capit\u00e1n - Padre y Decano - El Sitio del Pueblo","og_description":"Los l\u00edderes son fundamentales en cualquier organizaci\u00f3n, y los equipos de f\u00fatbol no son la excepci\u00f3n. Durante 2 a\u00f1os, los referentes de Pe\u00f1arol estuvieron a un nivel alt\u00edstimo y guiaron a sus compa\u00f1eros a conquistar un bicampeonato. En el 2019 comenzaron a lesionarse, a enfrentarse con los hinchas y a mirar los partidos desde afuera. [&hellip;]","og_url":"https:\/\/www.padreydecano.com\/cms\/noticias\/un-barco-sin-capitan\/","og_site_name":"Padre y Decano - El Sitio del Pueblo","article_published_time":"2020-03-08T16:05:16+00:00","article_modified_time":"2020-03-08T16:39:05+00:00","og_image":[{"width":1600,"height":1066,"url":"https:\/\/www.padreydecano.com\/cms\/wp-content\/uploads\/2020\/03\/WhatsApp-Image-2020-03-07-at-9.54.01-PM.jpeg","type":"image\/jpeg"}],"author":"1891","twitter_card":"summary_large_image","twitter_misc":{"Escrito por":"1891","Tiempo de lectura":"6 minutos"},"schema":{"@context":"https:\/\/schema.org","@graph":[{"@type":"Article","@id":"https:\/\/www.padreydecano.com\/cms\/noticias\/un-barco-sin-capitan\/#article","isPartOf":{"@id":"https:\/\/www.padreydecano.com\/cms\/noticias\/un-barco-sin-capitan\/"},"author":{"name":"1891","@id":"https:\/\/www.padreydecano.com\/cms\/#\/schema\/person\/5607c72c38a1537a151b24d1e67535e0"},"headline":"Un barco sin capit\u00e1n","datePublished":"2020-03-08T16:05:16+00:00","dateModified":"2020-03-08T16:39:05+00:00","mainEntityOfPage":{"@id":"https:\/\/www.padreydecano.com\/cms\/noticias\/un-barco-sin-capitan\/"},"wordCount":1217,"commentCount":139,"publisher":{"@id":"https:\/\/www.padreydecano.com\/cms\/#organization"},"image":{"@id":"https:\/\/www.padreydecano.com\/cms\/noticias\/un-barco-sin-capitan\/#primaryimage"},"thumbnailUrl":"https:\/\/www.padreydecano.com\/cms\/wp-content\/uploads\/2020\/03\/WhatsApp-Image-2020-03-07-at-9.54.01-PM.jpeg","articleSection":["Columnas","Noticias"],"inLanguage":"es","potentialAction":[{"@type":"CommentAction","name":"Comment","target":["https:\/\/www.padreydecano.com\/cms\/noticias\/un-barco-sin-capitan\/#respond"]}]},{"@type":"WebPage","@id":"https:\/\/www.padreydecano.com\/cms\/noticias\/un-barco-sin-capitan\/","url":"https:\/\/www.padreydecano.com\/cms\/noticias\/un-barco-sin-capitan\/","name":"Un barco sin capit\u00e1n - Padre y Decano - El Sitio del Pueblo","isPartOf":{"@id":"https:\/\/www.padreydecano.com\/cms\/#website"},"primaryImageOfPage":{"@id":"https:\/\/www.padreydecano.com\/cms\/noticias\/un-barco-sin-capitan\/#primaryimage"},"image":{"@id":"https:\/\/www.padreydecano.com\/cms\/noticias\/un-barco-sin-capitan\/#primaryimage"},"thumbnailUrl":"https:\/\/www.padreydecano.com\/cms\/wp-content\/uploads\/2020\/03\/WhatsApp-Image-2020-03-07-at-9.54.01-PM.jpeg","datePublished":"2020-03-08T16:05:16+00:00","dateModified":"2020-03-08T16:39:05+00:00","breadcrumb":{"@id":"https:\/\/www.padreydecano.com\/cms\/noticias\/un-barco-sin-capitan\/#breadcrumb"},"inLanguage":"es","potentialAction":[{"@type":"ReadAction","target":["https:\/\/www.padreydecano.com\/cms\/noticias\/un-barco-sin-capitan\/"]}]},{"@type":"ImageObject","inLanguage":"es","@id":"https:\/\/www.padreydecano.com\/cms\/noticias\/un-barco-sin-capitan\/#primaryimage","url":"https:\/\/www.padreydecano.com\/cms\/wp-content\/uploads\/2020\/03\/WhatsApp-Image-2020-03-07-at-9.54.01-PM.jpeg","contentUrl":"https:\/\/www.padreydecano.com\/cms\/wp-content\/uploads\/2020\/03\/WhatsApp-Image-2020-03-07-at-9.54.01-PM.jpeg","width":1600,"height":1066},{"@type":"BreadcrumbList","@id":"https:\/\/www.padreydecano.com\/cms\/noticias\/un-barco-sin-capitan\/#breadcrumb","itemListElement":[{"@type":"ListItem","position":1,"name":"Portada","item":"https:\/\/www.padreydecano.com\/cms\/"},{"@type":"ListItem","position":2,"name":"Un barco sin capit\u00e1n"}]},{"@type":"WebSite","@id":"https:\/\/www.padreydecano.com\/cms\/#website","url":"https:\/\/www.padreydecano.com\/cms\/","name":"Padre y Decano - El Sitio del Pueblo","description":"Club Atl\u00e9tico Pe\u00f1arol","publisher":{"@id":"https:\/\/www.padreydecano.com\/cms\/#organization"},"potentialAction":[{"@type":"SearchAction","target":{"@type":"EntryPoint","urlTemplate":"https:\/\/www.padreydecano.com\/cms\/?s={search_term_string}"},"query-input":"required name=search_term_string"}],"inLanguage":"es"},{"@type":"Organization","@id":"https:\/\/www.padreydecano.com\/cms\/#organization","name":"Padre y Decano","url":"https:\/\/www.padreydecano.com\/cms\/","logo":{"@type":"ImageObject","inLanguage":"es","@id":"https:\/\/www.padreydecano.com\/cms\/#\/schema\/logo\/image\/","url":"https:\/\/www.padreydecano.com\/cms\/wp-content\/uploads\/2022\/01\/avatar-square.png","contentUrl":"https:\/\/www.padreydecano.com\/cms\/wp-content\/uploads\/2022\/01\/avatar-square.png","width":1500,"height":1500,"caption":"Padre y Decano"},"image":{"@id":"https:\/\/www.padreydecano.com\/cms\/#\/schema\/logo\/image\/"}},{"@type":"Person","@id":"https:\/\/www.padreydecano.com\/cms\/#\/schema\/person\/5607c72c38a1537a151b24d1e67535e0","name":"1891","image":{"@type":"ImageObject","inLanguage":"es","@id":"https:\/\/www.padreydecano.com\/cms\/#\/schema\/person\/image\/","url":"https:\/\/secure.gravatar.com\/avatar\/29d4d1b0d523a21898e8cf9585d259d3?s=96&d=https%3A%2F%2Fpadreydecano.com%2Fcms%2Fwp-content%2Fthemes%2Fpyd-theme%2Fimg%2Fdefault-avatar.png&r=g","contentUrl":"https:\/\/secure.gravatar.com\/avatar\/29d4d1b0d523a21898e8cf9585d259d3?s=96&d=https%3A%2F%2Fpadreydecano.com%2Fcms%2Fwp-content%2Fthemes%2Fpyd-theme%2Fimg%2Fdefault-avatar.png&r=g","caption":"1891"}}]}},"_links":{"self":[{"href":"https:\/\/www.padreydecano.com\/cms\/wp-json\/wp\/v2\/posts\/73789"}],"collection":[{"href":"https:\/\/www.padreydecano.com\/cms\/wp-json\/wp\/v2\/posts"}],"about":[{"href":"https:\/\/www.padreydecano.com\/cms\/wp-json\/wp\/v2\/types\/post"}],"author":[{"embeddable":true,"href":"https:\/\/www.padreydecano.com\/cms\/wp-json\/wp\/v2\/users\/3"}],"replies":[{"embeddable":true,"href":"https:\/\/www.padreydecano.com\/cms\/wp-json\/wp\/v2\/comments?post=73789"}],"version-history":[{"count":0,"href":"https:\/\/www.padreydecano.com\/cms\/wp-json\/wp\/v2\/posts\/73789\/revisions"}],"wp:featuredmedia":[{"embeddable":true,"href":"https:\/\/www.padreydecano.com\/cms\/wp-json\/wp\/v2\/media\/73790"}],"wp:attachment":[{"href":"https:\/\/www.padreydecano.com\/cms\/wp-json\/wp\/v2\/media?parent=73789"}],"wp:term":[{"taxonomy":"category","embeddable":true,"href":"https:\/\/www.padreydecano.com\/cms\/wp-json\/wp\/v2\/categories?post=73789"},{"taxonomy":"post_tag","embeddable":true,"href":"https:\/\/www.padreydecano.com\/cms\/wp-json\/wp\/v2\/tags?post=73789"}],"curies":[{"name":"wp","href":"https:\/\/api.w.org\/{rel}","templated":true}]}}